{"id":177449,"date":"2025-12-26T16:21:34","date_gmt":"2025-12-26T19:21:34","guid":{"rendered":"https:\/\/noticiasmercedinas.com\/site\/?p=177449"},"modified":"2025-12-26T16:25:48","modified_gmt":"2025-12-26T19:25:48","slug":"cooperativistas-y-servicios-publicos-avanzan-con-la-pavimentacion-de-la-calle-43-entre-106-y-110","status":"publish","type":"post","link":"https:\/\/noticiasmercedinas.com\/site\/2025\/12\/26\/cooperativistas-y-servicios-publicos-avanzan-con-la-pavimentacion-de-la-calle-43-entre-106-y-110\/","title":{"rendered":"Cooperativistas y Servicios P\u00fablicos avanzan con la pavimentaci\u00f3n de la calle 43 entre 106 y 110"},"content":{"rendered":"<p data-path-to-node=\"2\"><img loading=\"lazy\" decoding=\"async\" class=\"alignnone size-full wp-image-177450\" src=\"https:\/\/noticiasmercedinas.com\/site\/wp-content\/uploads\/2025\/12\/COOPES.jpg\" alt=\"\" width=\"988\" height=\"611\" srcset=\"https:\/\/noticiasmercedinas.com\/site\/wp-content\/uploads\/2025\/12\/COOPES.jpg 988w, https:\/\/noticiasmercedinas.com\/site\/wp-content\/uploads\/2025\/12\/COOPES-300x186.jpg 300w, https:\/\/noticiasmercedinas.com\/site\/wp-content\/uploads\/2025\/12\/COOPES-768x475.jpg 768w, https:\/\/noticiasmercedinas.com\/site\/wp-content\/uploads\/2025\/12\/COOPES-640x396.jpg 640w, https:\/\/noticiasmercedinas.com\/site\/wp-content\/uploads\/2025\/12\/COOPES-681x421.jpg 681w\" sizes=\"auto, (max-width: 988px) 100vw, 988px\" \/><\/p>\n<p data-path-to-node=\"2\">En un trabajo conjunto entre la Municipalidad de Mercedes e integrantes de <b data-path-to-node=\"2\" data-index-in-node=\"87\">Cooperativas Unidas<\/b>, se llevan adelante nuevas tareas de pavimentaci\u00f3n en el sector oeste de la ciudad.<\/p>\n<p data-path-to-node=\"3\">Las cuadrillas de trabajadores se encuentran operando actualmente en la <b data-path-to-node=\"3\" data-index-in-node=\"72\">calle 43, en el tramo comprendido entre las calles 106 y 110<\/b>.<\/p>\n<p data-path-to-node=\"3\">Seg\u00fan informaron desde el \u00e1rea de Obras y Servicios P\u00fablicos, el objetivo de esta intervenci\u00f3n es mejorar la transitabilidad de la zona y fortalecer la infraestructura barrial para elevar la calidad de vida de los vecinos del sector.<\/p>\n<p data-path-to-node=\"4\">Desde la organizaci\u00f3n cooperativista agradecieron la paciencia de los residentes frente a las interrupciones moment\u00e1neas del tr\u00e1nsito y destacaron el compromiso del equipo de trabajo para completar la obra en los tiempos previstos.<\/p>\n","protected":false},"excerpt":{"rendered":"<p>\u25a0 El objetivo de esta intervenci\u00f3n es mejorar la transitabilidad de la zona y fortalecer la infraestructura barrial para elevar la calidad de vida de los vecinos del sector<\/p>\n","protected":false},"author":16,"featured_media":177450,"comment_status":"closed","ping_status":"closed","sticky":false,"template":"","format":"standard","meta":{"footnotes":""},"categories":[3],"tags":[36,6174,1670],"class_list":["post-177449","post","type-post","status-publish","format-standard","has-post-thumbnail","hentry","category-sociedad","tag-obras","tag-pavimentacion","tag-servicios-publicos"],"yoast_head":"<!-- This site is optimized with the Yoast SEO plugin v27.4 - https:\/\/yoast.com\/product\/yoast-seo-wordpress\/ -->\n<title>Cooperativistas y Servicios P\u00fablicos avanzan con la pavimentaci\u00f3n de la calle 43 entre 106 y 110<\/title>\n<meta name=\"description\" content=\"El objetivo de esta intervenci\u00f3n es mejorar la transitabilidad de la zona y fortalecer la infraestructura barrial para elevar la calidad de vida de los vecinos del sector\" \/>\n<meta name=\"robots\" content=\"index, follow, max-snippet:-1, max-image-preview:large, max-video-preview:-1\" \/>\n<link rel=\"canonical\" href=\"https:\/\/noticiasmercedinas.com\/site\/2025\/12\/26\/cooperativistas-y-servicios-publicos-avanzan-con-la-pavimentacion-de-la-calle-43-entre-106-y-110\/\" \/>\n<meta property=\"og:locale\" content=\"es_ES\" \/>\n<meta property=\"og:type\" content=\"article\" \/>\n<meta property=\"og:title\" content=\"Cooperativistas y Servicios P\u00fablicos avanzan con la pavimentaci\u00f3n de la calle 43 entre 106 y 110\" \/>\n<meta property=\"og:description\" content=\"El objetivo de esta intervenci\u00f3n es mejorar la transitabilidad de la zona y fortalecer la infraestructura barrial para elevar la calidad de vida de los vecinos del sector\" \/>\n<meta property=\"og:url\" content=\"https:\/\/noticiasmercedinas.com\/site\/2025\/12\/26\/cooperativistas-y-servicios-publicos-avanzan-con-la-pavimentacion-de-la-calle-43-entre-106-y-110\/\" \/>\n<meta property=\"og:site_name\" content=\"NOTICIASMERCEDINAS.COM\" \/>\n<meta property=\"article:publisher\" content=\"https:\/\/www.facebook.com\/noticiasmercedinas\/\" \/>\n<meta property=\"article:published_time\" content=\"2025-12-26T19:21:34+00:00\" \/>\n<meta property=\"article:modified_time\" content=\"2025-12-26T19:25:48+00:00\" \/>\n<meta property=\"og:image\" content=\"https:\/\/noticiasmercedinas.com\/site\/wp-content\/uploads\/2025\/12\/COOPES.jpg\" \/>\n\t<meta property=\"og:image:width\" content=\"988\" \/>\n\t<meta property=\"og:image:height\" content=\"611\" \/>\n\t<meta property=\"og:image:type\" content=\"image\/jpeg\" \/>\n<meta name=\"author\" content=\"NOTICIASMERCEDINAS.COM\" \/>\n<meta name=\"twitter:card\" content=\"summary_large_image\" \/>\n<meta name=\"twitter:creator\" content=\"@notmercedinas\" \/>\n<meta name=\"twitter:site\" content=\"@notmercedinas\" \/>\n<meta name=\"twitter:label1\" content=\"Escrito por\" \/>\n\t<meta name=\"twitter:data1\" content=\"NOTICIASMERCEDINAS.COM\" \/>\n\t<meta name=\"twitter:label2\" content=\"Tiempo de lectura\" \/>\n\t<meta name=\"twitter:data2\" content=\"1 minuto\" \/>\n<script type=\"application\/ld+json\" class=\"yoast-schema-graph\">{\"@context\":\"https:\\\/\\\/schema.org\",\"@graph\":[{\"@type\":\"Article\",\"@id\":\"https:\\\/\\\/noticiasmercedinas.com\\\/site\\\/2025\\\/12\\\/26\\\/cooperativistas-y-servicios-publicos-avanzan-con-la-pavimentacion-de-la-calle-43-entre-106-y-110\\\/#article\",\"isPartOf\":{\"@id\":\"https:\\\/\\\/noticiasmercedinas.com\\\/site\\\/2025\\\/12\\\/26\\\/cooperativistas-y-servicios-publicos-avanzan-con-la-pavimentacion-de-la-calle-43-entre-106-y-110\\\/\"},\"author\":{\"name\":\"NOTICIASMERCEDINAS.COM\",\"@id\":\"https:\\\/\\\/noticiasmercedinas.com\\\/site\\\/#\\\/schema\\\/person\\\/84b59c099c28ff2e8b77d4ceec5d8063\"},\"headline\":\"Cooperativistas y Servicios P\u00fablicos avanzan con la pavimentaci\u00f3n de la calle 43 entre 106 y 110\",\"datePublished\":\"2025-12-26T19:21:34+00:00\",\"dateModified\":\"2025-12-26T19:25:48+00:00\",\"mainEntityOfPage\":{\"@id\":\"https:\\\/\\\/noticiasmercedinas.com\\\/site\\\/2025\\\/12\\\/26\\\/cooperativistas-y-servicios-publicos-avanzan-con-la-pavimentacion-de-la-calle-43-entre-106-y-110\\\/\"},\"wordCount\":140,\"publisher\":{\"@id\":\"https:\\\/\\\/noticiasmercedinas.com\\\/site\\\/#organization\"},\"image\":{\"@id\":\"https:\\\/\\\/noticiasmercedinas.com\\\/site\\\/2025\\\/12\\\/26\\\/cooperativistas-y-servicios-publicos-avanzan-con-la-pavimentacion-de-la-calle-43-entre-106-y-110\\\/#primaryimage\"},\"thumbnailUrl\":\"https:\\\/\\\/noticiasmercedinas.com\\\/site\\\/wp-content\\\/uploads\\\/2025\\\/12\\\/COOPES.jpg\",\"keywords\":[\"obras\",\"pavimentaci\u00f3n\",\"servicios publicos\"],\"articleSection\":[\"Sociedad\"],\"inLanguage\":\"es\"},{\"@type\":\"WebPage\",\"@id\":\"https:\\\/\\\/noticiasmercedinas.com\\\/site\\\/2025\\\/12\\\/26\\\/cooperativistas-y-servicios-publicos-avanzan-con-la-pavimentacion-de-la-calle-43-entre-106-y-110\\\/\",\"url\":\"https:\\\/\\\/noticiasmercedinas.com\\\/site\\\/2025\\\/12\\\/26\\\/cooperativistas-y-servicios-publicos-avanzan-con-la-pavimentacion-de-la-calle-43-entre-106-y-110\\\/\",\"name\":\"Cooperativistas y Servicios P\u00fablicos avanzan con la pavimentaci\u00f3n de la calle 43 entre 106 y 110\",\"isPartOf\":{\"@id\":\"https:\\\/\\\/noticiasmercedinas.com\\\/site\\\/#website\"},\"primaryImageOfPage\":{\"@id\":\"https:\\\/\\\/noticiasmercedinas.com\\\/site\\\/2025\\\/12\\\/26\\\/cooperativistas-y-servicios-publicos-avanzan-con-la-pavimentacion-de-la-calle-43-entre-106-y-110\\\/#primaryimage\"},\"image\":{\"@id\":\"https:\\\/\\\/noticiasmercedinas.com\\\/site\\\/2025\\\/12\\\/26\\\/cooperativistas-y-servicios-publicos-avanzan-con-la-pavimentacion-de-la-calle-43-entre-106-y-110\\\/#primaryimage\"},\"thumbnailUrl\":\"https:\\\/\\\/noticiasmercedinas.com\\\/site\\\/wp-content\\\/uploads\\\/2025\\\/12\\\/COOPES.jpg\",\"datePublished\":\"2025-12-26T19:21:34+00:00\",\"dateModified\":\"2025-12-26T19:25:48+00:00\",\"description\":\"El objetivo de esta intervenci\u00f3n es mejorar la transitabilidad de la zona y fortalecer la infraestructura barrial para elevar la calidad de vida de los vecinos del sector\",\"breadcrumb\":{\"@id\":\"https:\\\/\\\/noticiasmercedinas.com\\\/site\\\/2025\\\/12\\\/26\\\/cooperativistas-y-servicios-publicos-avanzan-con-la-pavimentacion-de-la-calle-43-entre-106-y-110\\\/#breadcrumb\"},\"inLanguage\":\"es\",\"potentialAction\":[{\"@type\":\"ReadAction\",\"target\":[\"https:\\\/\\\/noticiasmercedinas.com\\\/site\\\/2025\\\/12\\\/26\\\/cooperativistas-y-servicios-publicos-avanzan-con-la-pavimentacion-de-la-calle-43-entre-106-y-110\\\/\"]}]},{\"@type\":\"ImageObject\",\"inLanguage\":\"es\",\"@id\":\"https:\\\/\\\/noticiasmercedinas.com\\\/site\\\/2025\\\/12\\\/26\\\/cooperativistas-y-servicios-publicos-avanzan-con-la-pavimentacion-de-la-calle-43-entre-106-y-110\\\/#primaryimage\",\"url\":\"https:\\\/\\\/noticiasmercedinas.com\\\/site\\\/wp-content\\\/uploads\\\/2025\\\/12\\\/COOPES.jpg\",\"contentUrl\":\"https:\\\/\\\/noticiasmercedinas.com\\\/site\\\/wp-content\\\/uploads\\\/2025\\\/12\\\/COOPES.jpg\",\"width\":988,\"height\":611},{\"@type\":\"BreadcrumbList\",\"@id\":\"https:\\\/\\\/noticiasmercedinas.com\\\/site\\\/2025\\\/12\\\/26\\\/cooperativistas-y-servicios-publicos-avanzan-con-la-pavimentacion-de-la-calle-43-entre-106-y-110\\\/#breadcrumb\",\"itemListElement\":[{\"@type\":\"ListItem\",\"position\":1,\"name\":\"Portada\",\"item\":\"https:\\\/\\\/noticiasmercedinas.com\\\/site\\\/\"},{\"@type\":\"ListItem\",\"position\":2,\"name\":\"Cooperativistas y Servicios P\u00fablicos avanzan con la pavimentaci\u00f3n de la calle 43 entre 106 y 110\"}]},{\"@type\":\"WebSite\",\"@id\":\"https:\\\/\\\/noticiasmercedinas.com\\\/site\\\/#website\",\"url\":\"https:\\\/\\\/noticiasmercedinas.com\\\/site\\\/\",\"name\":\"NOTICIASMERCEDINAS.COM\",\"description\":\"Mercedes, Buenos Aires, Argentina\",\"publisher\":{\"@id\":\"https:\\\/\\\/noticiasmercedinas.com\\\/site\\\/#organization\"},\"potentialAction\":[{\"@type\":\"SearchAction\",\"target\":{\"@type\":\"EntryPoint\",\"urlTemplate\":\"https:\\\/\\\/noticiasmercedinas.com\\\/site\\\/?s={search_term_string}\"},\"query-input\":{\"@type\":\"PropertyValueSpecification\",\"valueRequired\":true,\"valueName\":\"search_term_string\"}}],\"inLanguage\":\"es\"},{\"@type\":\"Organization\",\"@id\":\"https:\\\/\\\/noticiasmercedinas.com\\\/site\\\/#organization\",\"name\":\"NOTICIASMERCEDINAS.COM\",\"url\":\"https:\\\/\\\/noticiasmercedinas.com\\\/site\\\/\",\"logo\":{\"@type\":\"ImageObject\",\"inLanguage\":\"es\",\"@id\":\"https:\\\/\\\/noticiasmercedinas.com\\\/site\\\/#\\\/schema\\\/logo\\\/image\\\/\",\"url\":\"https:\\\/\\\/noticiasmercedinas.com\\\/site\\\/wp-content\\\/uploads\\\/2020\\\/06\\\/LOGO-512.jpg\",\"contentUrl\":\"https:\\\/\\\/noticiasmercedinas.com\\\/site\\\/wp-content\\\/uploads\\\/2020\\\/06\\\/LOGO-512.jpg\",\"width\":512,\"height\":512,\"caption\":\"NOTICIASMERCEDINAS.COM\"},\"image\":{\"@id\":\"https:\\\/\\\/noticiasmercedinas.com\\\/site\\\/#\\\/schema\\\/logo\\\/image\\\/\"},\"sameAs\":[\"https:\\\/\\\/www.facebook.com\\\/noticiasmercedinas\\\/\",\"https:\\\/\\\/x.com\\\/notmercedinas\",\"https:\\\/\\\/www.instagram.com\\\/noticiasmercedinas\\\/\"]},{\"@type\":\"Person\",\"@id\":\"https:\\\/\\\/noticiasmercedinas.com\\\/site\\\/#\\\/schema\\\/person\\\/84b59c099c28ff2e8b77d4ceec5d8063\",\"name\":\"NOTICIASMERCEDINAS.COM\",\"image\":{\"@type\":\"ImageObject\",\"inLanguage\":\"es\",\"@id\":\"https:\\\/\\\/secure.gravatar.com\\\/avatar\\\/4dfbf16b4d17945bfb6341b2d19043457132fcf478a5ee04f42e959fd8f5df0a?s=96&d=mm&r=g\",\"url\":\"https:\\\/\\\/secure.gravatar.com\\\/avatar\\\/4dfbf16b4d17945bfb6341b2d19043457132fcf478a5ee04f42e959fd8f5df0a?s=96&d=mm&r=g\",\"contentUrl\":\"https:\\\/\\\/secure.gravatar.com\\\/avatar\\\/4dfbf16b4d17945bfb6341b2d19043457132fcf478a5ee04f42e959fd8f5df0a?s=96&d=mm&r=g\",\"caption\":\"NOTICIASMERCEDINAS.COM\"},\"url\":\"https:\\\/\\\/noticiasmercedinas.com\\\/site\\\/author\\\/anonimo\\\/\"}]}<\/script>\n<!-- \/ Yoast SEO plugin. -->","yoast_head_json":{"title":"Cooperativistas y Servicios P\u00fablicos avanzan con la pavimentaci\u00f3n de la calle 43 entre 106 y 110","description":"El objetivo de esta intervenci\u00f3n es mejorar la transitabilidad de la zona y fortalecer la infraestructura barrial para elevar la calidad de vida de los vecinos del sector","robots":{"index":"index","follow":"follow","max-snippet":"max-snippet:-1","max-image-preview":"max-image-preview:large","max-video-preview":"max-video-preview:-1"},"canonical":"https:\/\/noticiasmercedinas.com\/site\/2025\/12\/26\/cooperativistas-y-servicios-publicos-avanzan-con-la-pavimentacion-de-la-calle-43-entre-106-y-110\/","og_locale":"es_ES","og_type":"article","og_title":"Cooperativistas y Servicios P\u00fablicos avanzan con la pavimentaci\u00f3n de la calle 43 entre 106 y 110","og_description":"El objetivo de esta intervenci\u00f3n es mejorar la transitabilidad de la zona y fortalecer la infraestructura barrial para elevar la calidad de vida de los vecinos del sector","og_url":"https:\/\/noticiasmercedinas.com\/site\/2025\/12\/26\/cooperativistas-y-servicios-publicos-avanzan-con-la-pavimentacion-de-la-calle-43-entre-106-y-110\/","og_site_name":"NOTICIASMERCEDINAS.COM","article_publisher":"https:\/\/www.facebook.com\/noticiasmercedinas\/","article_published_time":"2025-12-26T19:21:34+00:00","article_modified_time":"2025-12-26T19:25:48+00:00","og_image":[{"width":988,"height":611,"url":"https:\/\/noticiasmercedinas.com\/site\/wp-content\/uploads\/2025\/12\/COOPES.jpg","type":"image\/jpeg"}],"author":"NOTICIASMERCEDINAS.COM","twitter_card":"summary_large_image","twitter_creator":"@notmercedinas","twitter_site":"@notmercedinas","twitter_misc":{"Escrito por":"NOTICIASMERCEDINAS.COM","Tiempo de lectura":"1 minuto"},"schema":{"@context":"https:\/\/schema.org","@graph":[{"@type":"Article","@id":"https:\/\/noticiasmercedinas.com\/site\/2025\/12\/26\/cooperativistas-y-servicios-publicos-avanzan-con-la-pavimentacion-de-la-calle-43-entre-106-y-110\/#article","isPartOf":{"@id":"https:\/\/noticiasmercedinas.com\/site\/2025\/12\/26\/cooperativistas-y-servicios-publicos-avanzan-con-la-pavimentacion-de-la-calle-43-entre-106-y-110\/"},"author":{"name":"NOTICIASMERCEDINAS.COM","@id":"https:\/\/noticiasmercedinas.com\/site\/#\/schema\/person\/84b59c099c28ff2e8b77d4ceec5d8063"},"headline":"Cooperativistas y Servicios P\u00fablicos avanzan con la pavimentaci\u00f3n de la calle 43 entre 106 y 110","datePublished":"2025-12-26T19:21:34+00:00","dateModified":"2025-12-26T19:25:48+00:00","mainEntityOfPage":{"@id":"https:\/\/noticiasmercedinas.com\/site\/2025\/12\/26\/cooperativistas-y-servicios-publicos-avanzan-con-la-pavimentacion-de-la-calle-43-entre-106-y-110\/"},"wordCount":140,"publisher":{"@id":"https:\/\/noticiasmercedinas.com\/site\/#organization"},"image":{"@id":"https:\/\/noticiasmercedinas.com\/site\/2025\/12\/26\/cooperativistas-y-servicios-publicos-avanzan-con-la-pavimentacion-de-la-calle-43-entre-106-y-110\/#primaryimage"},"thumbnailUrl":"https:\/\/noticiasmercedinas.com\/site\/wp-content\/uploads\/2025\/12\/COOPES.jpg","keywords":["obras","pavimentaci\u00f3n","servicios publicos"],"articleSection":["Sociedad"],"inLanguage":"es"},{"@type":"WebPage","@id":"https:\/\/noticiasmercedinas.com\/site\/2025\/12\/26\/cooperativistas-y-servicios-publicos-avanzan-con-la-pavimentacion-de-la-calle-43-entre-106-y-110\/","url":"https:\/\/noticiasmercedinas.com\/site\/2025\/12\/26\/cooperativistas-y-servicios-publicos-avanzan-con-la-pavimentacion-de-la-calle-43-entre-106-y-110\/","name":"Cooperativistas y Servicios P\u00fablicos avanzan con la pavimentaci\u00f3n de la calle 43 entre 106 y 110","isPartOf":{"@id":"https:\/\/noticiasmercedinas.com\/site\/#website"},"primaryImageOfPage":{"@id":"https:\/\/noticiasmercedinas.com\/site\/2025\/12\/26\/cooperativistas-y-servicios-publicos-avanzan-con-la-pavimentacion-de-la-calle-43-entre-106-y-110\/#primaryimage"},"image":{"@id":"https:\/\/noticiasmercedinas.com\/site\/2025\/12\/26\/cooperativistas-y-servicios-publicos-avanzan-con-la-pavimentacion-de-la-calle-43-entre-106-y-110\/#primaryimage"},"thumbnailUrl":"https:\/\/noticiasmercedinas.com\/site\/wp-content\/uploads\/2025\/12\/COOPES.jpg","datePublished":"2025-12-26T19:21:34+00:00","dateModified":"2025-12-26T19:25:48+00:00","description":"El objetivo de esta intervenci\u00f3n es mejorar la transitabilidad de la zona y fortalecer la infraestructura barrial para elevar la calidad de vida de los vecinos del sector","breadcrumb":{"@id":"https:\/\/noticiasmercedinas.com\/site\/2025\/12\/26\/cooperativistas-y-servicios-publicos-avanzan-con-la-pavimentacion-de-la-calle-43-entre-106-y-110\/#breadcrumb"},"inLanguage":"es","potentialAction":[{"@type":"ReadAction","target":["https:\/\/noticiasmercedinas.com\/site\/2025\/12\/26\/cooperativistas-y-servicios-publicos-avanzan-con-la-pavimentacion-de-la-calle-43-entre-106-y-110\/"]}]},{"@type":"ImageObject","inLanguage":"es","@id":"https:\/\/noticiasmercedinas.com\/site\/2025\/12\/26\/cooperativistas-y-servicios-publicos-avanzan-con-la-pavimentacion-de-la-calle-43-entre-106-y-110\/#primaryimage","url":"https:\/\/noticiasmercedinas.com\/site\/wp-content\/uploads\/2025\/12\/COOPES.jpg","contentUrl":"https:\/\/noticiasmercedinas.com\/site\/wp-content\/uploads\/2025\/12\/COOPES.jpg","width":988,"height":611},{"@type":"BreadcrumbList","@id":"https:\/\/noticiasmercedinas.com\/site\/2025\/12\/26\/cooperativistas-y-servicios-publicos-avanzan-con-la-pavimentacion-de-la-calle-43-entre-106-y-110\/#breadcrumb","itemListElement":[{"@type":"ListItem","position":1,"name":"Portada","item":"https:\/\/noticiasmercedinas.com\/site\/"},{"@type":"ListItem","position":2,"name":"Cooperativistas y Servicios P\u00fablicos avanzan con la pavimentaci\u00f3n de la calle 43 entre 106 y 110"}]},{"@type":"WebSite","@id":"https:\/\/noticiasmercedinas.com\/site\/#website","url":"https:\/\/noticiasmercedinas.com\/site\/","name":"NOTICIASMERCEDINAS.COM","description":"Mercedes, Buenos Aires, Argentina","publisher":{"@id":"https:\/\/noticiasmercedinas.com\/site\/#organization"},"potentialAction":[{"@type":"SearchAction","target":{"@type":"EntryPoint","urlTemplate":"https:\/\/noticiasmercedinas.com\/site\/?s={search_term_string}"},"query-input":{"@type":"PropertyValueSpecification","valueRequired":true,"valueName":"search_term_string"}}],"inLanguage":"es"},{"@type":"Organization","@id":"https:\/\/noticiasmercedinas.com\/site\/#organization","name":"NOTICIASMERCEDINAS.COM","url":"https:\/\/noticiasmercedinas.com\/site\/","logo":{"@type":"ImageObject","inLanguage":"es","@id":"https:\/\/noticiasmercedinas.com\/site\/#\/schema\/logo\/image\/","url":"https:\/\/noticiasmercedinas.com\/site\/wp-content\/uploads\/2020\/06\/LOGO-512.jpg","contentUrl":"https:\/\/noticiasmercedinas.com\/site\/wp-content\/uploads\/2020\/06\/LOGO-512.jpg","width":512,"height":512,"caption":"NOTICIASMERCEDINAS.COM"},"image":{"@id":"https:\/\/noticiasmercedinas.com\/site\/#\/schema\/logo\/image\/"},"sameAs":["https:\/\/www.facebook.com\/noticiasmercedinas\/","https:\/\/x.com\/notmercedinas","https:\/\/www.instagram.com\/noticiasmercedinas\/"]},{"@type":"Person","@id":"https:\/\/noticiasmercedinas.com\/site\/#\/schema\/person\/84b59c099c28ff2e8b77d4ceec5d8063","name":"NOTICIASMERCEDINAS.COM","image":{"@type":"ImageObject","inLanguage":"es","@id":"https:\/\/secure.gravatar.com\/avatar\/4dfbf16b4d17945bfb6341b2d19043457132fcf478a5ee04f42e959fd8f5df0a?s=96&d=mm&r=g","url":"https:\/\/secure.gravatar.com\/avatar\/4dfbf16b4d17945bfb6341b2d19043457132fcf478a5ee04f42e959fd8f5df0a?s=96&d=mm&r=g","contentUrl":"https:\/\/secure.gravatar.com\/avatar\/4dfbf16b4d17945bfb6341b2d19043457132fcf478a5ee04f42e959fd8f5df0a?s=96&d=mm&r=g","caption":"NOTICIASMERCEDINAS.COM"},"url":"https:\/\/noticiasmercedinas.com\/site\/author\/anonimo\/"}]}},"amp_enabled":true,"_links":{"self":[{"href":"https:\/\/noticiasmercedinas.com\/site\/wp-json\/wp\/v2\/posts\/177449","targetHints":{"allow":["GET"]}}],"collection":[{"href":"https:\/\/noticiasmercedinas.com\/site\/wp-json\/wp\/v2\/posts"}],"about":[{"href":"https:\/\/noticiasmercedinas.com\/site\/wp-json\/wp\/v2\/types\/post"}],"author":[{"embeddable":true,"href":"https:\/\/noticiasmercedinas.com\/site\/wp-json\/wp\/v2\/users\/16"}],"replies":[{"embeddable":true,"href":"https:\/\/noticiasmercedinas.com\/site\/wp-json\/wp\/v2\/comments?post=177449"}],"version-history":[{"count":3,"href":"https:\/\/noticiasmercedinas.com\/site\/wp-json\/wp\/v2\/posts\/177449\/revisions"}],"predecessor-version":[{"id":177453,"href":"https:\/\/noticiasmercedinas.com\/site\/wp-json\/wp\/v2\/posts\/177449\/revisions\/177453"}],"wp:featuredmedia":[{"embeddable":true,"href":"https:\/\/noticiasmercedinas.com\/site\/wp-json\/wp\/v2\/media\/177450"}],"wp:attachment":[{"href":"https:\/\/noticiasmercedinas.com\/site\/wp-json\/wp\/v2\/media?parent=177449"}],"wp:term":[{"taxonomy":"category","embeddable":true,"href":"https:\/\/noticiasmercedinas.com\/site\/wp-json\/wp\/v2\/categories?post=177449"},{"taxonomy":"post_tag","embeddable":true,"href":"https:\/\/noticiasmercedinas.com\/site\/wp-json\/wp\/v2\/tags?post=177449"}],"curies":[{"name":"wp","href":"https:\/\/api.w.org\/{rel}","templated":true}]}}