{"id":177489,"date":"2025-12-27T09:48:15","date_gmt":"2025-12-27T12:48:15","guid":{"rendered":"https:\/\/noticiasmercedinas.com\/site\/?p=177489"},"modified":"2025-12-27T09:48:15","modified_gmt":"2025-12-27T12:48:15","slug":"mas-de-500-estudiantes-se-egresaron-del-centro-de-formacion-laboral-de-la-cgt","status":"publish","type":"post","link":"https:\/\/noticiasmercedinas.com\/site\/2025\/12\/27\/mas-de-500-estudiantes-se-egresaron-del-centro-de-formacion-laboral-de-la-cgt\/","title":{"rendered":"M\u00e1s de 500 estudiantes se egresaron del Centro de Formaci\u00f3n Laboral de la CGT"},"content":{"rendered":"<p style=\"font-weight: 400;\"><img loading=\"lazy\" decoding=\"async\" class=\"alignnone size-full wp-image-177491\" src=\"https:\/\/noticiasmercedinas.com\/site\/wp-content\/uploads\/2025\/12\/Entrega-de-Certificados-egresados-CFL.jpeg\" alt=\"\" width=\"1600\" height=\"1070\" srcset=\"https:\/\/noticiasmercedinas.com\/site\/wp-content\/uploads\/2025\/12\/Entrega-de-Certificados-egresados-CFL.jpeg 1600w, https:\/\/noticiasmercedinas.com\/site\/wp-content\/uploads\/2025\/12\/Entrega-de-Certificados-egresados-CFL-300x201.jpeg 300w, https:\/\/noticiasmercedinas.com\/site\/wp-content\/uploads\/2025\/12\/Entrega-de-Certificados-egresados-CFL-1024x685.jpeg 1024w, https:\/\/noticiasmercedinas.com\/site\/wp-content\/uploads\/2025\/12\/Entrega-de-Certificados-egresados-CFL-768x514.jpeg 768w, https:\/\/noticiasmercedinas.com\/site\/wp-content\/uploads\/2025\/12\/Entrega-de-Certificados-egresados-CFL-1536x1027.jpeg 1536w, https:\/\/noticiasmercedinas.com\/site\/wp-content\/uploads\/2025\/12\/Entrega-de-Certificados-egresados-CFL-537x360.jpeg 537w, https:\/\/noticiasmercedinas.com\/site\/wp-content\/uploads\/2025\/12\/Entrega-de-Certificados-egresados-CFL-640x428.jpeg 640w, https:\/\/noticiasmercedinas.com\/site\/wp-content\/uploads\/2025\/12\/Entrega-de-Certificados-egresados-CFL-1280x856.jpeg 1280w, https:\/\/noticiasmercedinas.com\/site\/wp-content\/uploads\/2025\/12\/Entrega-de-Certificados-egresados-CFL-681x455.jpeg 681w, https:\/\/noticiasmercedinas.com\/site\/wp-content\/uploads\/2025\/12\/Entrega-de-Certificados-egresados-CFL-1362x911.jpeg 1362w\" sizes=\"auto, (max-width: 1600px) 100vw, 1600px\" \/><\/p>\n<p style=\"font-weight: 400;\">El Centro de Formaci\u00f3n Laboral de la CGT Mercedes termin\u00f3 un intenso ciclo lectivo 2025 con 504 certificaciones de saberes correspondientes a estudiantes que culminaron exitosamente cursos que duraron un a\u00f1o o seis meses y estudiantes que aprobaron los m\u00f3dulos de cursos que terminar\u00e1n en 2026 como Elaboraci\u00f3n de Quesos, Elaboraci\u00f3n de Cerveza Artesanal y Pasteler\u00eda.<\/p>\n<p style=\"font-weight: 400;\">Una gran aceptaci\u00f3n en el alumnado tuvo este a\u00f1o el cursos de Cocinero para Comedor Escolar, cuyos t\u00edtulos se entregaron en la sede de la AEFIP Seccional Mercedes.<\/p>\n<p style=\"font-weight: 400;\">Otro gran logro del CFL 402 fue el curso de Operador de Pala Mec\u00e1nica, ya que los estudiantes pudieron, adem\u00e1s de aprender a manejar la m\u00e1quina en el a\u00f1o, finalizar rindiendo examen te\u00f3rico y pr\u00e1ctico ante la estructura de Tr\u00e1nsito y la Oficina de Carn\u00e9s de Conducir, pudiendo acceder al Carn\u00e9 Profesional categor\u00eda \u201cE\u201d que los habilita para manejar este tipo de veh\u00edculo, as\u00ed como tractores y m\u00e1quinas agr\u00edcolas. Este curso se va a repetir en 2026.<\/p>\n<p style=\"font-weight: 400;\">El Delegado Regional de la CGT Mercedes Juan Mart\u00edn Andr\u00e9s, expres\u00f3 que \u201cla formaci\u00f3n profesional implica una gran dinamizaci\u00f3n para nuestra sociedad, ya que cada alumno se lleva una herramienta valiosa y pr\u00e1ctica profesional para el desarrollo personal que va a repercutir positivamente siempre en lo social, sobre todo en tiempos dif\u00edciles como los que estamos atravesando\u201d.<\/p>\n<p style=\"font-weight: 400;\">La m\u00e1s antigua del equipo de conducci\u00f3n del CFL 402, ya que se inici\u00f3 con el nacimiento de esta instituci\u00f3n impulsada por la CGT Nacional en 2006, es la secretaria del Centro y flamante concejala de Mercedes Sabrina Vi\u00f1ales. \u201cTodos los a\u00f1os sentimos un profundo orgullo cuando vemos que mujeres y hombres adultos hacen el esfuerzo de aprender un oficio o perfeccionar sus conocimientos. Ver su emoci\u00f3n cuando egresan es una profunda satisfacci\u00f3n y nos compromete a redoblar los esfuerzos por brindar el mejor servicio educativo que podamos\u201d, indic\u00f3.<\/p>\n<p style=\"font-weight: 400;\">El director del CFL 402, Jorge Pirotta, expres\u00f3: \u201cAdem\u00e1s de Sabrina, que es el coraz\u00f3n de nuestro Centro, nada ser\u00eda posible sin el trabajo cotidiano y responsable de nuestros instructores y, especialmente, de nuestros colaboradores directos, Agustina Musso y Marcos Bruschi, as\u00ed como el respaldo incondicional de nuestra entidad conveniante, la Confederaci\u00f3n General del Trabajo y de su Delegado Regional, compa\u00f1ero Juan Mart\u00edn Andr\u00e9s\u201d y agreg\u00f3: \u201cEste Centro es de los trabajadores y para los trabajadores, ocupados o desocupados, porque est\u00e1 en la esencia misma del Movimiento Obrero brindar herramientas para el desarrollo personal y la defensa de nuestros intereses\u201d.<\/p>\n<p style=\"font-weight: 400;\">\u201cLa Educaci\u00f3n, y particularmente la Formaci\u00f3n Profesional y Laboral, son armas poderosas para enfrentar la dif\u00edcil situaci\u00f3n laboral que hoy vivimos. Por eso, no vamos a bajar los brazos, pese a las restricciones presupuestarias a la que nos somete el gobierno nacional, la provincia y el municipio nos respaldan y nos ayudan. Estamos muy agradecidos por la cesi\u00f3n en comodato del predio de calle 37 y 112 por parte de la Municipalidad y por haber sido seleccionados por el Ministerio de Desarrollo de la Comunidad para financiarnos la construcci\u00f3n de un Sal\u00f3n de Usos M\u00faltiples en ese lugar, el cual esperamos ver construido en 2026\u201d, finaliz\u00f3 el director del Centro de Formaci\u00f3n.<\/p>\n<p><img loading=\"lazy\" decoding=\"async\" class=\"alignnone wp-image-177490 size-full\" src=\"https:\/\/noticiasmercedinas.com\/site\/wp-content\/uploads\/2025\/12\/Entrega-certificados-2-scaled-e1766839564428.jpeg\" alt=\"\" width=\"2480\" height=\"1557\" srcset=\"https:\/\/noticiasmercedinas.com\/site\/wp-content\/uploads\/2025\/12\/Entrega-certificados-2-scaled-e1766839564428.jpeg 2480w, https:\/\/noticiasmercedinas.com\/site\/wp-content\/uploads\/2025\/12\/Entrega-certificados-2-scaled-e1766839564428-300x188.jpeg 300w, https:\/\/noticiasmercedinas.com\/site\/wp-content\/uploads\/2025\/12\/Entrega-certificados-2-scaled-e1766839564428-1024x643.jpeg 1024w, https:\/\/noticiasmercedinas.com\/site\/wp-content\/uploads\/2025\/12\/Entrega-certificados-2-scaled-e1766839564428-768x482.jpeg 768w, https:\/\/noticiasmercedinas.com\/site\/wp-content\/uploads\/2025\/12\/Entrega-certificados-2-scaled-e1766839564428-1536x964.jpeg 1536w, https:\/\/noticiasmercedinas.com\/site\/wp-content\/uploads\/2025\/12\/Entrega-certificados-2-scaled-e1766839564428-2048x1286.jpeg 2048w, https:\/\/noticiasmercedinas.com\/site\/wp-content\/uploads\/2025\/12\/Entrega-certificados-2-scaled-e1766839564428-640x402.jpeg 640w, https:\/\/noticiasmercedinas.com\/site\/wp-content\/uploads\/2025\/12\/Entrega-certificados-2-scaled-e1766839564428-1280x804.jpeg 1280w, https:\/\/noticiasmercedinas.com\/site\/wp-content\/uploads\/2025\/12\/Entrega-certificados-2-scaled-e1766839564428-681x428.jpeg 681w, https:\/\/noticiasmercedinas.com\/site\/wp-content\/uploads\/2025\/12\/Entrega-certificados-2-scaled-e1766839564428-1362x855.jpeg 1362w\" sizes=\"auto, (max-width: 2480px) 100vw, 2480px\" \/><\/p>\n","protected":false},"excerpt":{"rendered":"<p>El Centro de Formaci\u00f3n Laboral de la CGT Mercedes termin\u00f3 un intenso ciclo lectivo 2025 con 504 certificaciones de saberes correspondientes a estudiantes que culminaron exitosamente cursos que duraron un a\u00f1o o seis meses y estudiantes que aprobaron los m\u00f3dulos de cursos que terminar\u00e1n en 2026 como Elaboraci\u00f3n de Quesos, Elaboraci\u00f3n de Cerveza Artesanal y [&hellip;]<\/p>\n","protected":false},"author":16,"featured_media":177490,"comment_status":"closed","ping_status":"closed","sticky":false,"template":"","format":"standard","meta":{"footnotes":""},"categories":[15755],"tags":[17857,21509,21508,359,353,8396,541],"class_list":["post-177489","post","type-post","status-publish","format-standard","has-post-thumbnail","hentry","category-educacion","tag-cfl-402","tag-elaboracion-de-cerveza-artesanal","tag-elaboracion-de-quesos","tag-jorge-pirotta","tag-juan-martin-andres","tag-pasteleria","tag-sabrina-vinales"],"yoast_head":"<!-- This site is optimized with the Yoast SEO plugin v27.5 - https:\/\/yoast.com\/product\/yoast-seo-wordpress\/ -->\n<title>M\u00e1s de 500 estudiantes se egresaron del Centro de Formaci\u00f3n Laboral de la CGT<\/title>\n<meta name=\"robots\" content=\"index, follow, max-snippet:-1, max-image-preview:large, max-video-preview:-1\" \/>\n<link rel=\"canonical\" href=\"https:\/\/noticiasmercedinas.com\/site\/2025\/12\/27\/mas-de-500-estudiantes-se-egresaron-del-centro-de-formacion-laboral-de-la-cgt\/\" \/>\n<meta property=\"og:locale\" content=\"es_ES\" \/>\n<meta property=\"og:type\" content=\"article\" \/>\n<meta property=\"og:title\" content=\"M\u00e1s de 500 estudiantes se egresaron del Centro de Formaci\u00f3n Laboral de la CGT\" \/>\n<meta property=\"og:description\" content=\"El Centro de Formaci\u00f3n Laboral de la CGT Mercedes termin\u00f3 un intenso ciclo lectivo 2025 con 504 certificaciones de saberes correspondientes a estudiantes que culminaron exitosamente cursos que duraron un a\u00f1o o seis meses y estudiantes que aprobaron los m\u00f3dulos de cursos que terminar\u00e1n en 2026 como Elaboraci\u00f3n de Quesos, Elaboraci\u00f3n de Cerveza Artesanal y [&hellip;]\" \/>\n<meta property=\"og:url\" content=\"https:\/\/noticiasmercedinas.com\/site\/2025\/12\/27\/mas-de-500-estudiantes-se-egresaron-del-centro-de-formacion-laboral-de-la-cgt\/\" \/>\n<meta property=\"og:site_name\" content=\"NOTICIASMERCEDINAS.COM\" \/>\n<meta property=\"article:publisher\" content=\"https:\/\/www.facebook.com\/noticiasmercedinas\/\" \/>\n<meta property=\"article:published_time\" content=\"2025-12-27T12:48:15+00:00\" \/>\n<meta property=\"og:image\" content=\"https:\/\/noticiasmercedinas.com\/site\/wp-content\/uploads\/2025\/12\/Entrega-certificados-2-scaled-e1766839564428.jpeg\" \/>\n\t<meta property=\"og:image:width\" content=\"2480\" \/>\n\t<meta property=\"og:image:height\" content=\"1557\" \/>\n\t<meta property=\"og:image:type\" content=\"image\/jpeg\" \/>\n<meta name=\"author\" content=\"NOTICIASMERCEDINAS.COM\" \/>\n<meta name=\"twitter:card\" content=\"summary_large_image\" \/>\n<meta name=\"twitter:creator\" content=\"@notmercedinas\" \/>\n<meta name=\"twitter:site\" content=\"@notmercedinas\" \/>\n<meta name=\"twitter:label1\" content=\"Escrito por\" \/>\n\t<meta name=\"twitter:data1\" content=\"NOTICIASMERCEDINAS.COM\" \/>\n\t<meta name=\"twitter:label2\" content=\"Tiempo de lectura\" \/>\n\t<meta name=\"twitter:data2\" content=\"3 minutos\" \/>\n<script type=\"application\/ld+json\" class=\"yoast-schema-graph\">{\"@context\":\"https:\\\/\\\/schema.org\",\"@graph\":[{\"@type\":\"Article\",\"@id\":\"https:\\\/\\\/noticiasmercedinas.com\\\/site\\\/2025\\\/12\\\/27\\\/mas-de-500-estudiantes-se-egresaron-del-centro-de-formacion-laboral-de-la-cgt\\\/#article\",\"isPartOf\":{\"@id\":\"https:\\\/\\\/noticiasmercedinas.com\\\/site\\\/2025\\\/12\\\/27\\\/mas-de-500-estudiantes-se-egresaron-del-centro-de-formacion-laboral-de-la-cgt\\\/\"},\"author\":{\"name\":\"NOTICIASMERCEDINAS.COM\",\"@id\":\"https:\\\/\\\/noticiasmercedinas.com\\\/site\\\/#\\\/schema\\\/person\\\/84b59c099c28ff2e8b77d4ceec5d8063\"},\"headline\":\"M\u00e1s de 500 estudiantes se egresaron del Centro de Formaci\u00f3n Laboral de la CGT\",\"datePublished\":\"2025-12-27T12:48:15+00:00\",\"mainEntityOfPage\":{\"@id\":\"https:\\\/\\\/noticiasmercedinas.com\\\/site\\\/2025\\\/12\\\/27\\\/mas-de-500-estudiantes-se-egresaron-del-centro-de-formacion-laboral-de-la-cgt\\\/\"},\"wordCount\":574,\"publisher\":{\"@id\":\"https:\\\/\\\/noticiasmercedinas.com\\\/site\\\/#organization\"},\"image\":{\"@id\":\"https:\\\/\\\/noticiasmercedinas.com\\\/site\\\/2025\\\/12\\\/27\\\/mas-de-500-estudiantes-se-egresaron-del-centro-de-formacion-laboral-de-la-cgt\\\/#primaryimage\"},\"thumbnailUrl\":\"https:\\\/\\\/noticiasmercedinas.com\\\/site\\\/wp-content\\\/uploads\\\/2025\\\/12\\\/Entrega-certificados-2-scaled-e1766839564428.jpeg\",\"keywords\":[\"cfl 402\",\"Elaboraci\u00f3n de Cerveza Artesanal\",\"Elaboraci\u00f3n de Quesos\",\"jorge pirotta\",\"juan martin andres\",\"pasteler\u00eda\",\"sabrina vi\u00f1ales\"],\"articleSection\":[\"Educacion\"],\"inLanguage\":\"es\"},{\"@type\":\"WebPage\",\"@id\":\"https:\\\/\\\/noticiasmercedinas.com\\\/site\\\/2025\\\/12\\\/27\\\/mas-de-500-estudiantes-se-egresaron-del-centro-de-formacion-laboral-de-la-cgt\\\/\",\"url\":\"https:\\\/\\\/noticiasmercedinas.com\\\/site\\\/2025\\\/12\\\/27\\\/mas-de-500-estudiantes-se-egresaron-del-centro-de-formacion-laboral-de-la-cgt\\\/\",\"name\":\"M\u00e1s de 500 estudiantes se egresaron del Centro de Formaci\u00f3n Laboral de la CGT\",\"isPartOf\":{\"@id\":\"https:\\\/\\\/noticiasmercedinas.com\\\/site\\\/#website\"},\"primaryImageOfPage\":{\"@id\":\"https:\\\/\\\/noticiasmercedinas.com\\\/site\\\/2025\\\/12\\\/27\\\/mas-de-500-estudiantes-se-egresaron-del-centro-de-formacion-laboral-de-la-cgt\\\/#primaryimage\"},\"image\":{\"@id\":\"https:\\\/\\\/noticiasmercedinas.com\\\/site\\\/2025\\\/12\\\/27\\\/mas-de-500-estudiantes-se-egresaron-del-centro-de-formacion-laboral-de-la-cgt\\\/#primaryimage\"},\"thumbnailUrl\":\"https:\\\/\\\/noticiasmercedinas.com\\\/site\\\/wp-content\\\/uploads\\\/2025\\\/12\\\/Entrega-certificados-2-scaled-e1766839564428.jpeg\",\"datePublished\":\"2025-12-27T12:48:15+00:00\",\"breadcrumb\":{\"@id\":\"https:\\\/\\\/noticiasmercedinas.com\\\/site\\\/2025\\\/12\\\/27\\\/mas-de-500-estudiantes-se-egresaron-del-centro-de-formacion-laboral-de-la-cgt\\\/#breadcrumb\"},\"inLanguage\":\"es\",\"potentialAction\":[{\"@type\":\"ReadAction\",\"target\":[\"https:\\\/\\\/noticiasmercedinas.com\\\/site\\\/2025\\\/12\\\/27\\\/mas-de-500-estudiantes-se-egresaron-del-centro-de-formacion-laboral-de-la-cgt\\\/\"]}]},{\"@type\":\"ImageObject\",\"inLanguage\":\"es\",\"@id\":\"https:\\\/\\\/noticiasmercedinas.com\\\/site\\\/2025\\\/12\\\/27\\\/mas-de-500-estudiantes-se-egresaron-del-centro-de-formacion-laboral-de-la-cgt\\\/#primaryimage\",\"url\":\"https:\\\/\\\/noticiasmercedinas.com\\\/site\\\/wp-content\\\/uploads\\\/2025\\\/12\\\/Entrega-certificados-2-scaled-e1766839564428.jpeg\",\"contentUrl\":\"https:\\\/\\\/noticiasmercedinas.com\\\/site\\\/wp-content\\\/uploads\\\/2025\\\/12\\\/Entrega-certificados-2-scaled-e1766839564428.jpeg\",\"width\":2480,\"height\":1557},{\"@type\":\"BreadcrumbList\",\"@id\":\"https:\\\/\\\/noticiasmercedinas.com\\\/site\\\/2025\\\/12\\\/27\\\/mas-de-500-estudiantes-se-egresaron-del-centro-de-formacion-laboral-de-la-cgt\\\/#breadcrumb\",\"itemListElement\":[{\"@type\":\"ListItem\",\"position\":1,\"name\":\"Portada\",\"item\":\"https:\\\/\\\/noticiasmercedinas.com\\\/site\\\/\"},{\"@type\":\"ListItem\",\"position\":2,\"name\":\"M\u00e1s de 500 estudiantes se egresaron del Centro de Formaci\u00f3n Laboral de la CGT\"}]},{\"@type\":\"WebSite\",\"@id\":\"https:\\\/\\\/noticiasmercedinas.com\\\/site\\\/#website\",\"url\":\"https:\\\/\\\/noticiasmercedinas.com\\\/site\\\/\",\"name\":\"NOTICIASMERCEDINAS.COM\",\"description\":\"Mercedes, Buenos Aires, Argentina\",\"publisher\":{\"@id\":\"https:\\\/\\\/noticiasmercedinas.com\\\/site\\\/#organization\"},\"potentialAction\":[{\"@type\":\"SearchAction\",\"target\":{\"@type\":\"EntryPoint\",\"urlTemplate\":\"https:\\\/\\\/noticiasmercedinas.com\\\/site\\\/?s={search_term_string}\"},\"query-input\":{\"@type\":\"PropertyValueSpecification\",\"valueRequired\":true,\"valueName\":\"search_term_string\"}}],\"inLanguage\":\"es\"},{\"@type\":\"Organization\",\"@id\":\"https:\\\/\\\/noticiasmercedinas.com\\\/site\\\/#organization\",\"name\":\"NOTICIASMERCEDINAS.COM\",\"url\":\"https:\\\/\\\/noticiasmercedinas.com\\\/site\\\/\",\"logo\":{\"@type\":\"ImageObject\",\"inLanguage\":\"es\",\"@id\":\"https:\\\/\\\/noticiasmercedinas.com\\\/site\\\/#\\\/schema\\\/logo\\\/image\\\/\",\"url\":\"https:\\\/\\\/noticiasmercedinas.com\\\/site\\\/wp-content\\\/uploads\\\/2020\\\/06\\\/LOGO-512.jpg\",\"contentUrl\":\"https:\\\/\\\/noticiasmercedinas.com\\\/site\\\/wp-content\\\/uploads\\\/2020\\\/06\\\/LOGO-512.jpg\",\"width\":512,\"height\":512,\"caption\":\"NOTICIASMERCEDINAS.COM\"},\"image\":{\"@id\":\"https:\\\/\\\/noticiasmercedinas.com\\\/site\\\/#\\\/schema\\\/logo\\\/image\\\/\"},\"sameAs\":[\"https:\\\/\\\/www.facebook.com\\\/noticiasmercedinas\\\/\",\"https:\\\/\\\/x.com\\\/notmercedinas\",\"https:\\\/\\\/www.instagram.com\\\/noticiasmercedinas\\\/\"]},{\"@type\":\"Person\",\"@id\":\"https:\\\/\\\/noticiasmercedinas.com\\\/site\\\/#\\\/schema\\\/person\\\/84b59c099c28ff2e8b77d4ceec5d8063\",\"name\":\"NOTICIASMERCEDINAS.COM\",\"image\":{\"@type\":\"ImageObject\",\"inLanguage\":\"es\",\"@id\":\"https:\\\/\\\/secure.gravatar.com\\\/avatar\\\/4dfbf16b4d17945bfb6341b2d19043457132fcf478a5ee04f42e959fd8f5df0a?s=96&d=mm&r=g\",\"url\":\"https:\\\/\\\/secure.gravatar.com\\\/avatar\\\/4dfbf16b4d17945bfb6341b2d19043457132fcf478a5ee04f42e959fd8f5df0a?s=96&d=mm&r=g\",\"contentUrl\":\"https:\\\/\\\/secure.gravatar.com\\\/avatar\\\/4dfbf16b4d17945bfb6341b2d19043457132fcf478a5ee04f42e959fd8f5df0a?s=96&d=mm&r=g\",\"caption\":\"NOTICIASMERCEDINAS.COM\"},\"url\":\"https:\\\/\\\/noticiasmercedinas.com\\\/site\\\/author\\\/anonimo\\\/\"}]}<\/script>\n<!-- \/ Yoast SEO plugin. -->","yoast_head_json":{"title":"M\u00e1s de 500 estudiantes se egresaron del Centro de Formaci\u00f3n Laboral de la CGT","robots":{"index":"index","follow":"follow","max-snippet":"max-snippet:-1","max-image-preview":"max-image-preview:large","max-video-preview":"max-video-preview:-1"},"canonical":"https:\/\/noticiasmercedinas.com\/site\/2025\/12\/27\/mas-de-500-estudiantes-se-egresaron-del-centro-de-formacion-laboral-de-la-cgt\/","og_locale":"es_ES","og_type":"article","og_title":"M\u00e1s de 500 estudiantes se egresaron del Centro de Formaci\u00f3n Laboral de la CGT","og_description":"El Centro de Formaci\u00f3n Laboral de la CGT Mercedes termin\u00f3 un intenso ciclo lectivo 2025 con 504 certificaciones de saberes correspondientes a estudiantes que culminaron exitosamente cursos que duraron un a\u00f1o o seis meses y estudiantes que aprobaron los m\u00f3dulos de cursos que terminar\u00e1n en 2026 como Elaboraci\u00f3n de Quesos, Elaboraci\u00f3n de Cerveza Artesanal y [&hellip;]","og_url":"https:\/\/noticiasmercedinas.com\/site\/2025\/12\/27\/mas-de-500-estudiantes-se-egresaron-del-centro-de-formacion-laboral-de-la-cgt\/","og_site_name":"NOTICIASMERCEDINAS.COM","article_publisher":"https:\/\/www.facebook.com\/noticiasmercedinas\/","article_published_time":"2025-12-27T12:48:15+00:00","og_image":[{"width":2480,"height":1557,"url":"https:\/\/noticiasmercedinas.com\/site\/wp-content\/uploads\/2025\/12\/Entrega-certificados-2-scaled-e1766839564428.jpeg","type":"image\/jpeg"}],"author":"NOTICIASMERCEDINAS.COM","twitter_card":"summary_large_image","twitter_creator":"@notmercedinas","twitter_site":"@notmercedinas","twitter_misc":{"Escrito por":"NOTICIASMERCEDINAS.COM","Tiempo de lectura":"3 minutos"},"schema":{"@context":"https:\/\/schema.org","@graph":[{"@type":"Article","@id":"https:\/\/noticiasmercedinas.com\/site\/2025\/12\/27\/mas-de-500-estudiantes-se-egresaron-del-centro-de-formacion-laboral-de-la-cgt\/#article","isPartOf":{"@id":"https:\/\/noticiasmercedinas.com\/site\/2025\/12\/27\/mas-de-500-estudiantes-se-egresaron-del-centro-de-formacion-laboral-de-la-cgt\/"},"author":{"name":"NOTICIASMERCEDINAS.COM","@id":"https:\/\/noticiasmercedinas.com\/site\/#\/schema\/person\/84b59c099c28ff2e8b77d4ceec5d8063"},"headline":"M\u00e1s de 500 estudiantes se egresaron del Centro de Formaci\u00f3n Laboral de la CGT","datePublished":"2025-12-27T12:48:15+00:00","mainEntityOfPage":{"@id":"https:\/\/noticiasmercedinas.com\/site\/2025\/12\/27\/mas-de-500-estudiantes-se-egresaron-del-centro-de-formacion-laboral-de-la-cgt\/"},"wordCount":574,"publisher":{"@id":"https:\/\/noticiasmercedinas.com\/site\/#organization"},"image":{"@id":"https:\/\/noticiasmercedinas.com\/site\/2025\/12\/27\/mas-de-500-estudiantes-se-egresaron-del-centro-de-formacion-laboral-de-la-cgt\/#primaryimage"},"thumbnailUrl":"https:\/\/noticiasmercedinas.com\/site\/wp-content\/uploads\/2025\/12\/Entrega-certificados-2-scaled-e1766839564428.jpeg","keywords":["cfl 402","Elaboraci\u00f3n de Cerveza Artesanal","Elaboraci\u00f3n de Quesos","jorge pirotta","juan martin andres","pasteler\u00eda","sabrina vi\u00f1ales"],"articleSection":["Educacion"],"inLanguage":"es"},{"@type":"WebPage","@id":"https:\/\/noticiasmercedinas.com\/site\/2025\/12\/27\/mas-de-500-estudiantes-se-egresaron-del-centro-de-formacion-laboral-de-la-cgt\/","url":"https:\/\/noticiasmercedinas.com\/site\/2025\/12\/27\/mas-de-500-estudiantes-se-egresaron-del-centro-de-formacion-laboral-de-la-cgt\/","name":"M\u00e1s de 500 estudiantes se egresaron del Centro de Formaci\u00f3n Laboral de la CGT","isPartOf":{"@id":"https:\/\/noticiasmercedinas.com\/site\/#website"},"primaryImageOfPage":{"@id":"https:\/\/noticiasmercedinas.com\/site\/2025\/12\/27\/mas-de-500-estudiantes-se-egresaron-del-centro-de-formacion-laboral-de-la-cgt\/#primaryimage"},"image":{"@id":"https:\/\/noticiasmercedinas.com\/site\/2025\/12\/27\/mas-de-500-estudiantes-se-egresaron-del-centro-de-formacion-laboral-de-la-cgt\/#primaryimage"},"thumbnailUrl":"https:\/\/noticiasmercedinas.com\/site\/wp-content\/uploads\/2025\/12\/Entrega-certificados-2-scaled-e1766839564428.jpeg","datePublished":"2025-12-27T12:48:15+00:00","breadcrumb":{"@id":"https:\/\/noticiasmercedinas.com\/site\/2025\/12\/27\/mas-de-500-estudiantes-se-egresaron-del-centro-de-formacion-laboral-de-la-cgt\/#breadcrumb"},"inLanguage":"es","potentialAction":[{"@type":"ReadAction","target":["https:\/\/noticiasmercedinas.com\/site\/2025\/12\/27\/mas-de-500-estudiantes-se-egresaron-del-centro-de-formacion-laboral-de-la-cgt\/"]}]},{"@type":"ImageObject","inLanguage":"es","@id":"https:\/\/noticiasmercedinas.com\/site\/2025\/12\/27\/mas-de-500-estudiantes-se-egresaron-del-centro-de-formacion-laboral-de-la-cgt\/#primaryimage","url":"https:\/\/noticiasmercedinas.com\/site\/wp-content\/uploads\/2025\/12\/Entrega-certificados-2-scaled-e1766839564428.jpeg","contentUrl":"https:\/\/noticiasmercedinas.com\/site\/wp-content\/uploads\/2025\/12\/Entrega-certificados-2-scaled-e1766839564428.jpeg","width":2480,"height":1557},{"@type":"BreadcrumbList","@id":"https:\/\/noticiasmercedinas.com\/site\/2025\/12\/27\/mas-de-500-estudiantes-se-egresaron-del-centro-de-formacion-laboral-de-la-cgt\/#breadcrumb","itemListElement":[{"@type":"ListItem","position":1,"name":"Portada","item":"https:\/\/noticiasmercedinas.com\/site\/"},{"@type":"ListItem","position":2,"name":"M\u00e1s de 500 estudiantes se egresaron del Centro de Formaci\u00f3n Laboral de la CGT"}]},{"@type":"WebSite","@id":"https:\/\/noticiasmercedinas.com\/site\/#website","url":"https:\/\/noticiasmercedinas.com\/site\/","name":"NOTICIASMERCEDINAS.COM","description":"Mercedes, Buenos Aires, Argentina","publisher":{"@id":"https:\/\/noticiasmercedinas.com\/site\/#organization"},"potentialAction":[{"@type":"SearchAction","target":{"@type":"EntryPoint","urlTemplate":"https:\/\/noticiasmercedinas.com\/site\/?s={search_term_string}"},"query-input":{"@type":"PropertyValueSpecification","valueRequired":true,"valueName":"search_term_string"}}],"inLanguage":"es"},{"@type":"Organization","@id":"https:\/\/noticiasmercedinas.com\/site\/#organization","name":"NOTICIASMERCEDINAS.COM","url":"https:\/\/noticiasmercedinas.com\/site\/","logo":{"@type":"ImageObject","inLanguage":"es","@id":"https:\/\/noticiasmercedinas.com\/site\/#\/schema\/logo\/image\/","url":"https:\/\/noticiasmercedinas.com\/site\/wp-content\/uploads\/2020\/06\/LOGO-512.jpg","contentUrl":"https:\/\/noticiasmercedinas.com\/site\/wp-content\/uploads\/2020\/06\/LOGO-512.jpg","width":512,"height":512,"caption":"NOTICIASMERCEDINAS.COM"},"image":{"@id":"https:\/\/noticiasmercedinas.com\/site\/#\/schema\/logo\/image\/"},"sameAs":["https:\/\/www.facebook.com\/noticiasmercedinas\/","https:\/\/x.com\/notmercedinas","https:\/\/www.instagram.com\/noticiasmercedinas\/"]},{"@type":"Person","@id":"https:\/\/noticiasmercedinas.com\/site\/#\/schema\/person\/84b59c099c28ff2e8b77d4ceec5d8063","name":"NOTICIASMERCEDINAS.COM","image":{"@type":"ImageObject","inLanguage":"es","@id":"https:\/\/secure.gravatar.com\/avatar\/4dfbf16b4d17945bfb6341b2d19043457132fcf478a5ee04f42e959fd8f5df0a?s=96&d=mm&r=g","url":"https:\/\/secure.gravatar.com\/avatar\/4dfbf16b4d17945bfb6341b2d19043457132fcf478a5ee04f42e959fd8f5df0a?s=96&d=mm&r=g","contentUrl":"https:\/\/secure.gravatar.com\/avatar\/4dfbf16b4d17945bfb6341b2d19043457132fcf478a5ee04f42e959fd8f5df0a?s=96&d=mm&r=g","caption":"NOTICIASMERCEDINAS.COM"},"url":"https:\/\/noticiasmercedinas.com\/site\/author\/anonimo\/"}]}},"amp_enabled":true,"_links":{"self":[{"href":"https:\/\/noticiasmercedinas.com\/site\/wp-json\/wp\/v2\/posts\/177489","targetHints":{"allow":["GET"]}}],"collection":[{"href":"https:\/\/noticiasmercedinas.com\/site\/wp-json\/wp\/v2\/posts"}],"about":[{"href":"https:\/\/noticiasmercedinas.com\/site\/wp-json\/wp\/v2\/types\/post"}],"author":[{"embeddable":true,"href":"https:\/\/noticiasmercedinas.com\/site\/wp-json\/wp\/v2\/users\/16"}],"replies":[{"embeddable":true,"href":"https:\/\/noticiasmercedinas.com\/site\/wp-json\/wp\/v2\/comments?post=177489"}],"version-history":[{"count":1,"href":"https:\/\/noticiasmercedinas.com\/site\/wp-json\/wp\/v2\/posts\/177489\/revisions"}],"predecessor-version":[{"id":177492,"href":"https:\/\/noticiasmercedinas.com\/site\/wp-json\/wp\/v2\/posts\/177489\/revisions\/177492"}],"wp:featuredmedia":[{"embeddable":true,"href":"https:\/\/noticiasmercedinas.com\/site\/wp-json\/wp\/v2\/media\/177490"}],"wp:attachment":[{"href":"https:\/\/noticiasmercedinas.com\/site\/wp-json\/wp\/v2\/media?parent=177489"}],"wp:term":[{"taxonomy":"category","embeddable":true,"href":"https:\/\/noticiasmercedinas.com\/site\/wp-json\/wp\/v2\/categories?post=177489"},{"taxonomy":"post_tag","embeddable":true,"href":"https:\/\/noticiasmercedinas.com\/site\/wp-json\/wp\/v2\/tags?post=177489"}],"curies":[{"name":"wp","href":"https:\/\/api.w.org\/{rel}","templated":true}]}}