{"id":177510,"date":"2025-12-27T12:23:46","date_gmt":"2025-12-27T15:23:46","guid":{"rendered":"https:\/\/noticiasmercedinas.com\/site\/?p=177510"},"modified":"2025-12-27T12:23:46","modified_gmt":"2025-12-27T15:23:46","slug":"senado-convirtio-en-ley-el-presupuesto-2026-en-medio-de-fuertes-criticas-por-recortes-en-educacion-y-salud","status":"publish","type":"post","link":"https:\/\/noticiasmercedinas.com\/site\/2025\/12\/27\/senado-convirtio-en-ley-el-presupuesto-2026-en-medio-de-fuertes-criticas-por-recortes-en-educacion-y-salud\/","title":{"rendered":"Senado convirti\u00f3 en ley el Presupuesto 2026 en medio de fuertes cr\u00edticas por recortes en educaci\u00f3n y salud"},"content":{"rendered":"<p><img loading=\"lazy\" decoding=\"async\" class=\"alignnone size-full wp-image-177511\" src=\"https:\/\/noticiasmercedinas.com\/site\/wp-content\/uploads\/2025\/12\/DEPEDRO.jpg\" alt=\"\" width=\"927\" height=\"608\" srcset=\"https:\/\/noticiasmercedinas.com\/site\/wp-content\/uploads\/2025\/12\/DEPEDRO.jpg 927w, https:\/\/noticiasmercedinas.com\/site\/wp-content\/uploads\/2025\/12\/DEPEDRO-300x197.jpg 300w, https:\/\/noticiasmercedinas.com\/site\/wp-content\/uploads\/2025\/12\/DEPEDRO-768x504.jpg 768w, https:\/\/noticiasmercedinas.com\/site\/wp-content\/uploads\/2025\/12\/DEPEDRO-640x420.jpg 640w, https:\/\/noticiasmercedinas.com\/site\/wp-content\/uploads\/2025\/12\/DEPEDRO-681x447.jpg 681w\" sizes=\"auto, (max-width: 927px) 100vw, 927px\" \/><\/p>\n<p>\u00abEste es el primer Presupuesto que presenta el gobierno de Milei y deja en evidencia lo que vienen haciendo hace ya dos a\u00f1os: castigar el derecho a la educaci\u00f3n, la salud, la vivienda; desfinanciar obras estrat\u00e9gicas, debilitar el federalismo y no ofrecer ninguna respuesta a los problemas de la gente. Es el reflejo de un modelo econ\u00f3mico que fracas\u00f3 y que deja a millones de argentinos y argentinas afuera, destruyendo la producci\u00f3n, el trabajo y el salario. Despu\u00e9s de dos a\u00f1os de gobierno, el resultado es m\u00e1s desocupaci\u00f3n, menos empresas, m\u00e1s deuda y menos ingresos para las familias argentinas. Y frente a ese fracaso, no se les ocurre nada mejor que recortar las funciones b\u00e1sicas del Estado. Por todo esto, no lo vamos a acompa\u00f1ar\u00bb, dijo Eduardo De Pedro ayer, tras una sesi\u00f3n marat\u00f3nica y cargada de tensi\u00f3n, en la que la C\u00e1mara de Senadores de la Naci\u00f3n convirti\u00f3 en ley el Presupuesto 2026.<\/p>\n<p>El oficialismo, liderado por el bloque de La Libertad Avanza, consigui\u00f3 imponerse con 46 votos afirmativos frente a 25 negativos, logrando la sanci\u00f3n de la iniciativa sin modificaciones respecto al texto enviado por la C\u00e1mara de Diputados.<\/p>\n<p><strong>El reclamo de \u00abWado\u00bb de Pedro por el federalismo<\/strong><br \/>\nUno de los discursos m\u00e1s cr\u00edticos de la jornada fue el del senador nacional por la provincia de Buenos Aires, Eduardo \u00abWado\u00bb de Pedro. El legislador del bloque Justicialista apunt\u00f3 directamente contra el impacto social del proyecto y la falta de visi\u00f3n productiva.<\/p>\n<p>\u00abEste presupuesto parece hecho por un gobierno de consultores financieros; no nos dice hacia d\u00f3nde vamos. Podemos ver con claridad c\u00f3mo se castiga la educaci\u00f3n, el acceso a la salud y a la vivienda\u00bb, sentenci\u00f3 De Pedro durante su alocuci\u00f3n.<\/p>\n<p>El senador mercedino tambi\u00e9n hizo hincapi\u00e9 en la par\u00e1lisis de la obra p\u00fablica y el desfinanciamiento de las provincias, subrayando que \u00abel federalismo se hace con el bolsillo, invirtiendo recursos para que cada provincia tenga condiciones dignas, no con el coraz\u00f3n\u00bb. Seg\u00fan De Pedro, el esquema de gastos e ingresos de Milei deja en evidencia \u00abqui\u00e9n es la verdadera casta\u00bb para la actual gesti\u00f3n.<\/p>\n<p><strong>Cruces por la estrategia legislativa<\/strong><br \/>\nLa sesi\u00f3n estuvo marcada por la controversia sobre la metodolog\u00eda de votaci\u00f3n. El oficialismo logr\u00f3 blindar el debate para que la ley se tratara por cap\u00edtulos y no por art\u00edculos individuales, una maniobra que el jefe de la bancada opositora, Jos\u00e9 Mayans, tild\u00f3 de \u00abinoperante\u00bb.<\/p>\n<p>Por su parte, la senadora Juliana Di Tullio fue tajante al afirmar que el presupuesto \u00abtiene la intenci\u00f3n de demoler el Estado-Naci\u00f3n\u00bb y que su implementaci\u00f3n \u00abdestruye a las provincias\u00bb.<\/p>\n<p><strong>El respaldo oficialista<\/strong><br \/>\nDesde la vereda del Gobierno, la jefa del bloque oficialista, Patricia Bullrich, celebr\u00f3 la sanci\u00f3n calific\u00e1ndola como un hito hist\u00f3rico. \u00abNo estamos tratando n\u00fameros. Definimos si la Argentina vuelve a creer en s\u00ed misma. Este es el punto de partida para refundar la historia emocional del pa\u00eds\u00bb, asegur\u00f3 antes de la votaci\u00f3n final.<\/p>\n<p>El Presidente Javier Milei festej\u00f3 la aprobaci\u00f3n minutos antes de las 22:00, destacando que la nueva ley permite consolidar el rumbo econ\u00f3mico trazado para el pr\u00f3ximo a\u00f1o, a pesar de las advertencias de la oposici\u00f3n sobre el ajuste en Ciencia, T\u00e9cnica y Desarrollo Social.<\/p>\n","protected":false},"excerpt":{"rendered":"<p>\u25a0 Con 46 votos a favor y 25 en contra, el oficialismo logr\u00f3 la aprobaci\u00f3n definitiva de la \u00abLey de leyes\u00bb. El senador Eduardo \u00abWado\u00bb de Pedro denunci\u00f3 un castigo presupuestario a las provincias y a los sectores m\u00e1s vulnerables.<\/p>\n","protected":false},"author":16,"featured_media":177511,"comment_status":"closed","ping_status":"closed","sticky":false,"template":"","format":"standard","meta":{"footnotes":""},"categories":[16],"tags":[14331,21323,7104,4963],"class_list":["post-177510","post","type-post","status-publish","format-standard","has-post-thumbnail","hentry","category-politica","tag-javier-milei","tag-presupuesto-2026","tag-senado","tag-wado-de-pedro"],"yoast_head":"<!-- This site is optimized with the Yoast SEO plugin v27.4 - https:\/\/yoast.com\/product\/yoast-seo-wordpress\/ -->\n<title>Senado convirti\u00f3 en ley el Presupuesto 2026 en medio de fuertes cr\u00edticas por recortes en educaci\u00f3n y salud<\/title>\n<meta name=\"description\" content=\"Con 46 votos a favor y 25 en contra, el oficialismo logr\u00f3 la aprobaci\u00f3n definitiva de la &quot;Ley de leyes&quot;. El senador Eduardo &quot;Wado&quot; de Pedro denunci\u00f3 un castigo presupuestario a las provincias y a los sectores m\u00e1s vulnerables.\" \/>\n<meta name=\"robots\" content=\"index, follow, max-snippet:-1, max-image-preview:large, max-video-preview:-1\" \/>\n<link rel=\"canonical\" href=\"https:\/\/noticiasmercedinas.com\/site\/2025\/12\/27\/senado-convirtio-en-ley-el-presupuesto-2026-en-medio-de-fuertes-criticas-por-recortes-en-educacion-y-salud\/\" \/>\n<meta property=\"og:locale\" content=\"es_ES\" \/>\n<meta property=\"og:type\" content=\"article\" \/>\n<meta property=\"og:title\" content=\"Senado convirti\u00f3 en ley el Presupuesto 2026 en medio de fuertes cr\u00edticas por recortes en educaci\u00f3n y salud\" \/>\n<meta property=\"og:description\" content=\"Con 46 votos a favor y 25 en contra, el oficialismo logr\u00f3 la aprobaci\u00f3n definitiva de la &quot;Ley de leyes&quot;. El senador Eduardo &quot;Wado&quot; de Pedro denunci\u00f3 un castigo presupuestario a las provincias y a los sectores m\u00e1s vulnerables.\" \/>\n<meta property=\"og:url\" content=\"https:\/\/noticiasmercedinas.com\/site\/2025\/12\/27\/senado-convirtio-en-ley-el-presupuesto-2026-en-medio-de-fuertes-criticas-por-recortes-en-educacion-y-salud\/\" \/>\n<meta property=\"og:site_name\" content=\"NOTICIASMERCEDINAS.COM\" \/>\n<meta property=\"article:publisher\" content=\"https:\/\/www.facebook.com\/noticiasmercedinas\/\" \/>\n<meta property=\"article:published_time\" content=\"2025-12-27T15:23:46+00:00\" \/>\n<meta property=\"og:image\" content=\"https:\/\/noticiasmercedinas.com\/site\/wp-content\/uploads\/2025\/12\/DEPEDRO.jpg\" \/>\n\t<meta property=\"og:image:width\" content=\"927\" \/>\n\t<meta property=\"og:image:height\" content=\"608\" \/>\n\t<meta property=\"og:image:type\" content=\"image\/jpeg\" \/>\n<meta name=\"author\" content=\"NOTICIASMERCEDINAS.COM\" \/>\n<meta name=\"twitter:card\" content=\"summary_large_image\" \/>\n<meta name=\"twitter:creator\" content=\"@notmercedinas\" \/>\n<meta name=\"twitter:site\" content=\"@notmercedinas\" \/>\n<meta name=\"twitter:label1\" content=\"Escrito por\" \/>\n\t<meta name=\"twitter:data1\" content=\"NOTICIASMERCEDINAS.COM\" \/>\n\t<meta name=\"twitter:label2\" content=\"Tiempo de lectura\" \/>\n\t<meta name=\"twitter:data2\" content=\"3 minutos\" \/>\n<script type=\"application\/ld+json\" class=\"yoast-schema-graph\">{\"@context\":\"https:\\\/\\\/schema.org\",\"@graph\":[{\"@type\":\"Article\",\"@id\":\"https:\\\/\\\/noticiasmercedinas.com\\\/site\\\/2025\\\/12\\\/27\\\/senado-convirtio-en-ley-el-presupuesto-2026-en-medio-de-fuertes-criticas-por-recortes-en-educacion-y-salud\\\/#article\",\"isPartOf\":{\"@id\":\"https:\\\/\\\/noticiasmercedinas.com\\\/site\\\/2025\\\/12\\\/27\\\/senado-convirtio-en-ley-el-presupuesto-2026-en-medio-de-fuertes-criticas-por-recortes-en-educacion-y-salud\\\/\"},\"author\":{\"name\":\"NOTICIASMERCEDINAS.COM\",\"@id\":\"https:\\\/\\\/noticiasmercedinas.com\\\/site\\\/#\\\/schema\\\/person\\\/84b59c099c28ff2e8b77d4ceec5d8063\"},\"headline\":\"Senado convirti\u00f3 en ley el Presupuesto 2026 en medio de fuertes cr\u00edticas por recortes en educaci\u00f3n y salud\",\"datePublished\":\"2025-12-27T15:23:46+00:00\",\"mainEntityOfPage\":{\"@id\":\"https:\\\/\\\/noticiasmercedinas.com\\\/site\\\/2025\\\/12\\\/27\\\/senado-convirtio-en-ley-el-presupuesto-2026-en-medio-de-fuertes-criticas-por-recortes-en-educacion-y-salud\\\/\"},\"wordCount\":595,\"publisher\":{\"@id\":\"https:\\\/\\\/noticiasmercedinas.com\\\/site\\\/#organization\"},\"image\":{\"@id\":\"https:\\\/\\\/noticiasmercedinas.com\\\/site\\\/2025\\\/12\\\/27\\\/senado-convirtio-en-ley-el-presupuesto-2026-en-medio-de-fuertes-criticas-por-recortes-en-educacion-y-salud\\\/#primaryimage\"},\"thumbnailUrl\":\"https:\\\/\\\/noticiasmercedinas.com\\\/site\\\/wp-content\\\/uploads\\\/2025\\\/12\\\/DEPEDRO.jpg\",\"keywords\":[\"Javier Milei\",\"presupuesto 2026\",\"Senado\",\"wado de pedro\"],\"articleSection\":[\"Politica\"],\"inLanguage\":\"es\"},{\"@type\":\"WebPage\",\"@id\":\"https:\\\/\\\/noticiasmercedinas.com\\\/site\\\/2025\\\/12\\\/27\\\/senado-convirtio-en-ley-el-presupuesto-2026-en-medio-de-fuertes-criticas-por-recortes-en-educacion-y-salud\\\/\",\"url\":\"https:\\\/\\\/noticiasmercedinas.com\\\/site\\\/2025\\\/12\\\/27\\\/senado-convirtio-en-ley-el-presupuesto-2026-en-medio-de-fuertes-criticas-por-recortes-en-educacion-y-salud\\\/\",\"name\":\"Senado convirti\u00f3 en ley el Presupuesto 2026 en medio de fuertes cr\u00edticas por recortes en educaci\u00f3n y salud\",\"isPartOf\":{\"@id\":\"https:\\\/\\\/noticiasmercedinas.com\\\/site\\\/#website\"},\"primaryImageOfPage\":{\"@id\":\"https:\\\/\\\/noticiasmercedinas.com\\\/site\\\/2025\\\/12\\\/27\\\/senado-convirtio-en-ley-el-presupuesto-2026-en-medio-de-fuertes-criticas-por-recortes-en-educacion-y-salud\\\/#primaryimage\"},\"image\":{\"@id\":\"https:\\\/\\\/noticiasmercedinas.com\\\/site\\\/2025\\\/12\\\/27\\\/senado-convirtio-en-ley-el-presupuesto-2026-en-medio-de-fuertes-criticas-por-recortes-en-educacion-y-salud\\\/#primaryimage\"},\"thumbnailUrl\":\"https:\\\/\\\/noticiasmercedinas.com\\\/site\\\/wp-content\\\/uploads\\\/2025\\\/12\\\/DEPEDRO.jpg\",\"datePublished\":\"2025-12-27T15:23:46+00:00\",\"description\":\"Con 46 votos a favor y 25 en contra, el oficialismo logr\u00f3 la aprobaci\u00f3n definitiva de la \\\"Ley de leyes\\\". El senador Eduardo \\\"Wado\\\" de Pedro denunci\u00f3 un castigo presupuestario a las provincias y a los sectores m\u00e1s vulnerables.\",\"breadcrumb\":{\"@id\":\"https:\\\/\\\/noticiasmercedinas.com\\\/site\\\/2025\\\/12\\\/27\\\/senado-convirtio-en-ley-el-presupuesto-2026-en-medio-de-fuertes-criticas-por-recortes-en-educacion-y-salud\\\/#breadcrumb\"},\"inLanguage\":\"es\",\"potentialAction\":[{\"@type\":\"ReadAction\",\"target\":[\"https:\\\/\\\/noticiasmercedinas.com\\\/site\\\/2025\\\/12\\\/27\\\/senado-convirtio-en-ley-el-presupuesto-2026-en-medio-de-fuertes-criticas-por-recortes-en-educacion-y-salud\\\/\"]}]},{\"@type\":\"ImageObject\",\"inLanguage\":\"es\",\"@id\":\"https:\\\/\\\/noticiasmercedinas.com\\\/site\\\/2025\\\/12\\\/27\\\/senado-convirtio-en-ley-el-presupuesto-2026-en-medio-de-fuertes-criticas-por-recortes-en-educacion-y-salud\\\/#primaryimage\",\"url\":\"https:\\\/\\\/noticiasmercedinas.com\\\/site\\\/wp-content\\\/uploads\\\/2025\\\/12\\\/DEPEDRO.jpg\",\"contentUrl\":\"https:\\\/\\\/noticiasmercedinas.com\\\/site\\\/wp-content\\\/uploads\\\/2025\\\/12\\\/DEPEDRO.jpg\",\"width\":927,\"height\":608},{\"@type\":\"BreadcrumbList\",\"@id\":\"https:\\\/\\\/noticiasmercedinas.com\\\/site\\\/2025\\\/12\\\/27\\\/senado-convirtio-en-ley-el-presupuesto-2026-en-medio-de-fuertes-criticas-por-recortes-en-educacion-y-salud\\\/#breadcrumb\",\"itemListElement\":[{\"@type\":\"ListItem\",\"position\":1,\"name\":\"Portada\",\"item\":\"https:\\\/\\\/noticiasmercedinas.com\\\/site\\\/\"},{\"@type\":\"ListItem\",\"position\":2,\"name\":\"Senado convirti\u00f3 en ley el Presupuesto 2026 en medio de fuertes cr\u00edticas por recortes en educaci\u00f3n y salud\"}]},{\"@type\":\"WebSite\",\"@id\":\"https:\\\/\\\/noticiasmercedinas.com\\\/site\\\/#website\",\"url\":\"https:\\\/\\\/noticiasmercedinas.com\\\/site\\\/\",\"name\":\"NOTICIASMERCEDINAS.COM\",\"description\":\"Mercedes, Buenos Aires, Argentina\",\"publisher\":{\"@id\":\"https:\\\/\\\/noticiasmercedinas.com\\\/site\\\/#organization\"},\"potentialAction\":[{\"@type\":\"SearchAction\",\"target\":{\"@type\":\"EntryPoint\",\"urlTemplate\":\"https:\\\/\\\/noticiasmercedinas.com\\\/site\\\/?s={search_term_string}\"},\"query-input\":{\"@type\":\"PropertyValueSpecification\",\"valueRequired\":true,\"valueName\":\"search_term_string\"}}],\"inLanguage\":\"es\"},{\"@type\":\"Organization\",\"@id\":\"https:\\\/\\\/noticiasmercedinas.com\\\/site\\\/#organization\",\"name\":\"NOTICIASMERCEDINAS.COM\",\"url\":\"https:\\\/\\\/noticiasmercedinas.com\\\/site\\\/\",\"logo\":{\"@type\":\"ImageObject\",\"inLanguage\":\"es\",\"@id\":\"https:\\\/\\\/noticiasmercedinas.com\\\/site\\\/#\\\/schema\\\/logo\\\/image\\\/\",\"url\":\"https:\\\/\\\/noticiasmercedinas.com\\\/site\\\/wp-content\\\/uploads\\\/2020\\\/06\\\/LOGO-512.jpg\",\"contentUrl\":\"https:\\\/\\\/noticiasmercedinas.com\\\/site\\\/wp-content\\\/uploads\\\/2020\\\/06\\\/LOGO-512.jpg\",\"width\":512,\"height\":512,\"caption\":\"NOTICIASMERCEDINAS.COM\"},\"image\":{\"@id\":\"https:\\\/\\\/noticiasmercedinas.com\\\/site\\\/#\\\/schema\\\/logo\\\/image\\\/\"},\"sameAs\":[\"https:\\\/\\\/www.facebook.com\\\/noticiasmercedinas\\\/\",\"https:\\\/\\\/x.com\\\/notmercedinas\",\"https:\\\/\\\/www.instagram.com\\\/noticiasmercedinas\\\/\"]},{\"@type\":\"Person\",\"@id\":\"https:\\\/\\\/noticiasmercedinas.com\\\/site\\\/#\\\/schema\\\/person\\\/84b59c099c28ff2e8b77d4ceec5d8063\",\"name\":\"NOTICIASMERCEDINAS.COM\",\"image\":{\"@type\":\"ImageObject\",\"inLanguage\":\"es\",\"@id\":\"https:\\\/\\\/secure.gravatar.com\\\/avatar\\\/4dfbf16b4d17945bfb6341b2d19043457132fcf478a5ee04f42e959fd8f5df0a?s=96&d=mm&r=g\",\"url\":\"https:\\\/\\\/secure.gravatar.com\\\/avatar\\\/4dfbf16b4d17945bfb6341b2d19043457132fcf478a5ee04f42e959fd8f5df0a?s=96&d=mm&r=g\",\"contentUrl\":\"https:\\\/\\\/secure.gravatar.com\\\/avatar\\\/4dfbf16b4d17945bfb6341b2d19043457132fcf478a5ee04f42e959fd8f5df0a?s=96&d=mm&r=g\",\"caption\":\"NOTICIASMERCEDINAS.COM\"},\"url\":\"https:\\\/\\\/noticiasmercedinas.com\\\/site\\\/author\\\/anonimo\\\/\"}]}<\/script>\n<!-- \/ Yoast SEO plugin. -->","yoast_head_json":{"title":"Senado convirti\u00f3 en ley el Presupuesto 2026 en medio de fuertes cr\u00edticas por recortes en educaci\u00f3n y salud","description":"Con 46 votos a favor y 25 en contra, el oficialismo logr\u00f3 la aprobaci\u00f3n definitiva de la \"Ley de leyes\". El senador Eduardo \"Wado\" de Pedro denunci\u00f3 un castigo presupuestario a las provincias y a los sectores m\u00e1s vulnerables.","robots":{"index":"index","follow":"follow","max-snippet":"max-snippet:-1","max-image-preview":"max-image-preview:large","max-video-preview":"max-video-preview:-1"},"canonical":"https:\/\/noticiasmercedinas.com\/site\/2025\/12\/27\/senado-convirtio-en-ley-el-presupuesto-2026-en-medio-de-fuertes-criticas-por-recortes-en-educacion-y-salud\/","og_locale":"es_ES","og_type":"article","og_title":"Senado convirti\u00f3 en ley el Presupuesto 2026 en medio de fuertes cr\u00edticas por recortes en educaci\u00f3n y salud","og_description":"Con 46 votos a favor y 25 en contra, el oficialismo logr\u00f3 la aprobaci\u00f3n definitiva de la \"Ley de leyes\". El senador Eduardo \"Wado\" de Pedro denunci\u00f3 un castigo presupuestario a las provincias y a los sectores m\u00e1s vulnerables.","og_url":"https:\/\/noticiasmercedinas.com\/site\/2025\/12\/27\/senado-convirtio-en-ley-el-presupuesto-2026-en-medio-de-fuertes-criticas-por-recortes-en-educacion-y-salud\/","og_site_name":"NOTICIASMERCEDINAS.COM","article_publisher":"https:\/\/www.facebook.com\/noticiasmercedinas\/","article_published_time":"2025-12-27T15:23:46+00:00","og_image":[{"width":927,"height":608,"url":"https:\/\/noticiasmercedinas.com\/site\/wp-content\/uploads\/2025\/12\/DEPEDRO.jpg","type":"image\/jpeg"}],"author":"NOTICIASMERCEDINAS.COM","twitter_card":"summary_large_image","twitter_creator":"@notmercedinas","twitter_site":"@notmercedinas","twitter_misc":{"Escrito por":"NOTICIASMERCEDINAS.COM","Tiempo de lectura":"3 minutos"},"schema":{"@context":"https:\/\/schema.org","@graph":[{"@type":"Article","@id":"https:\/\/noticiasmercedinas.com\/site\/2025\/12\/27\/senado-convirtio-en-ley-el-presupuesto-2026-en-medio-de-fuertes-criticas-por-recortes-en-educacion-y-salud\/#article","isPartOf":{"@id":"https:\/\/noticiasmercedinas.com\/site\/2025\/12\/27\/senado-convirtio-en-ley-el-presupuesto-2026-en-medio-de-fuertes-criticas-por-recortes-en-educacion-y-salud\/"},"author":{"name":"NOTICIASMERCEDINAS.COM","@id":"https:\/\/noticiasmercedinas.com\/site\/#\/schema\/person\/84b59c099c28ff2e8b77d4ceec5d8063"},"headline":"Senado convirti\u00f3 en ley el Presupuesto 2026 en medio de fuertes cr\u00edticas por recortes en educaci\u00f3n y salud","datePublished":"2025-12-27T15:23:46+00:00","mainEntityOfPage":{"@id":"https:\/\/noticiasmercedinas.com\/site\/2025\/12\/27\/senado-convirtio-en-ley-el-presupuesto-2026-en-medio-de-fuertes-criticas-por-recortes-en-educacion-y-salud\/"},"wordCount":595,"publisher":{"@id":"https:\/\/noticiasmercedinas.com\/site\/#organization"},"image":{"@id":"https:\/\/noticiasmercedinas.com\/site\/2025\/12\/27\/senado-convirtio-en-ley-el-presupuesto-2026-en-medio-de-fuertes-criticas-por-recortes-en-educacion-y-salud\/#primaryimage"},"thumbnailUrl":"https:\/\/noticiasmercedinas.com\/site\/wp-content\/uploads\/2025\/12\/DEPEDRO.jpg","keywords":["Javier Milei","presupuesto 2026","Senado","wado de pedro"],"articleSection":["Politica"],"inLanguage":"es"},{"@type":"WebPage","@id":"https:\/\/noticiasmercedinas.com\/site\/2025\/12\/27\/senado-convirtio-en-ley-el-presupuesto-2026-en-medio-de-fuertes-criticas-por-recortes-en-educacion-y-salud\/","url":"https:\/\/noticiasmercedinas.com\/site\/2025\/12\/27\/senado-convirtio-en-ley-el-presupuesto-2026-en-medio-de-fuertes-criticas-por-recortes-en-educacion-y-salud\/","name":"Senado convirti\u00f3 en ley el Presupuesto 2026 en medio de fuertes cr\u00edticas por recortes en educaci\u00f3n y salud","isPartOf":{"@id":"https:\/\/noticiasmercedinas.com\/site\/#website"},"primaryImageOfPage":{"@id":"https:\/\/noticiasmercedinas.com\/site\/2025\/12\/27\/senado-convirtio-en-ley-el-presupuesto-2026-en-medio-de-fuertes-criticas-por-recortes-en-educacion-y-salud\/#primaryimage"},"image":{"@id":"https:\/\/noticiasmercedinas.com\/site\/2025\/12\/27\/senado-convirtio-en-ley-el-presupuesto-2026-en-medio-de-fuertes-criticas-por-recortes-en-educacion-y-salud\/#primaryimage"},"thumbnailUrl":"https:\/\/noticiasmercedinas.com\/site\/wp-content\/uploads\/2025\/12\/DEPEDRO.jpg","datePublished":"2025-12-27T15:23:46+00:00","description":"Con 46 votos a favor y 25 en contra, el oficialismo logr\u00f3 la aprobaci\u00f3n definitiva de la \"Ley de leyes\". El senador Eduardo \"Wado\" de Pedro denunci\u00f3 un castigo presupuestario a las provincias y a los sectores m\u00e1s vulnerables.","breadcrumb":{"@id":"https:\/\/noticiasmercedinas.com\/site\/2025\/12\/27\/senado-convirtio-en-ley-el-presupuesto-2026-en-medio-de-fuertes-criticas-por-recortes-en-educacion-y-salud\/#breadcrumb"},"inLanguage":"es","potentialAction":[{"@type":"ReadAction","target":["https:\/\/noticiasmercedinas.com\/site\/2025\/12\/27\/senado-convirtio-en-ley-el-presupuesto-2026-en-medio-de-fuertes-criticas-por-recortes-en-educacion-y-salud\/"]}]},{"@type":"ImageObject","inLanguage":"es","@id":"https:\/\/noticiasmercedinas.com\/site\/2025\/12\/27\/senado-convirtio-en-ley-el-presupuesto-2026-en-medio-de-fuertes-criticas-por-recortes-en-educacion-y-salud\/#primaryimage","url":"https:\/\/noticiasmercedinas.com\/site\/wp-content\/uploads\/2025\/12\/DEPEDRO.jpg","contentUrl":"https:\/\/noticiasmercedinas.com\/site\/wp-content\/uploads\/2025\/12\/DEPEDRO.jpg","width":927,"height":608},{"@type":"BreadcrumbList","@id":"https:\/\/noticiasmercedinas.com\/site\/2025\/12\/27\/senado-convirtio-en-ley-el-presupuesto-2026-en-medio-de-fuertes-criticas-por-recortes-en-educacion-y-salud\/#breadcrumb","itemListElement":[{"@type":"ListItem","position":1,"name":"Portada","item":"https:\/\/noticiasmercedinas.com\/site\/"},{"@type":"ListItem","position":2,"name":"Senado convirti\u00f3 en ley el Presupuesto 2026 en medio de fuertes cr\u00edticas por recortes en educaci\u00f3n y salud"}]},{"@type":"WebSite","@id":"https:\/\/noticiasmercedinas.com\/site\/#website","url":"https:\/\/noticiasmercedinas.com\/site\/","name":"NOTICIASMERCEDINAS.COM","description":"Mercedes, Buenos Aires, Argentina","publisher":{"@id":"https:\/\/noticiasmercedinas.com\/site\/#organization"},"potentialAction":[{"@type":"SearchAction","target":{"@type":"EntryPoint","urlTemplate":"https:\/\/noticiasmercedinas.com\/site\/?s={search_term_string}"},"query-input":{"@type":"PropertyValueSpecification","valueRequired":true,"valueName":"search_term_string"}}],"inLanguage":"es"},{"@type":"Organization","@id":"https:\/\/noticiasmercedinas.com\/site\/#organization","name":"NOTICIASMERCEDINAS.COM","url":"https:\/\/noticiasmercedinas.com\/site\/","logo":{"@type":"ImageObject","inLanguage":"es","@id":"https:\/\/noticiasmercedinas.com\/site\/#\/schema\/logo\/image\/","url":"https:\/\/noticiasmercedinas.com\/site\/wp-content\/uploads\/2020\/06\/LOGO-512.jpg","contentUrl":"https:\/\/noticiasmercedinas.com\/site\/wp-content\/uploads\/2020\/06\/LOGO-512.jpg","width":512,"height":512,"caption":"NOTICIASMERCEDINAS.COM"},"image":{"@id":"https:\/\/noticiasmercedinas.com\/site\/#\/schema\/logo\/image\/"},"sameAs":["https:\/\/www.facebook.com\/noticiasmercedinas\/","https:\/\/x.com\/notmercedinas","https:\/\/www.instagram.com\/noticiasmercedinas\/"]},{"@type":"Person","@id":"https:\/\/noticiasmercedinas.com\/site\/#\/schema\/person\/84b59c099c28ff2e8b77d4ceec5d8063","name":"NOTICIASMERCEDINAS.COM","image":{"@type":"ImageObject","inLanguage":"es","@id":"https:\/\/secure.gravatar.com\/avatar\/4dfbf16b4d17945bfb6341b2d19043457132fcf478a5ee04f42e959fd8f5df0a?s=96&d=mm&r=g","url":"https:\/\/secure.gravatar.com\/avatar\/4dfbf16b4d17945bfb6341b2d19043457132fcf478a5ee04f42e959fd8f5df0a?s=96&d=mm&r=g","contentUrl":"https:\/\/secure.gravatar.com\/avatar\/4dfbf16b4d17945bfb6341b2d19043457132fcf478a5ee04f42e959fd8f5df0a?s=96&d=mm&r=g","caption":"NOTICIASMERCEDINAS.COM"},"url":"https:\/\/noticiasmercedinas.com\/site\/author\/anonimo\/"}]}},"amp_enabled":true,"_links":{"self":[{"href":"https:\/\/noticiasmercedinas.com\/site\/wp-json\/wp\/v2\/posts\/177510","targetHints":{"allow":["GET"]}}],"collection":[{"href":"https:\/\/noticiasmercedinas.com\/site\/wp-json\/wp\/v2\/posts"}],"about":[{"href":"https:\/\/noticiasmercedinas.com\/site\/wp-json\/wp\/v2\/types\/post"}],"author":[{"embeddable":true,"href":"https:\/\/noticiasmercedinas.com\/site\/wp-json\/wp\/v2\/users\/16"}],"replies":[{"embeddable":true,"href":"https:\/\/noticiasmercedinas.com\/site\/wp-json\/wp\/v2\/comments?post=177510"}],"version-history":[{"count":1,"href":"https:\/\/noticiasmercedinas.com\/site\/wp-json\/wp\/v2\/posts\/177510\/revisions"}],"predecessor-version":[{"id":177512,"href":"https:\/\/noticiasmercedinas.com\/site\/wp-json\/wp\/v2\/posts\/177510\/revisions\/177512"}],"wp:featuredmedia":[{"embeddable":true,"href":"https:\/\/noticiasmercedinas.com\/site\/wp-json\/wp\/v2\/media\/177511"}],"wp:attachment":[{"href":"https:\/\/noticiasmercedinas.com\/site\/wp-json\/wp\/v2\/media?parent=177510"}],"wp:term":[{"taxonomy":"category","embeddable":true,"href":"https:\/\/noticiasmercedinas.com\/site\/wp-json\/wp\/v2\/categories?post=177510"},{"taxonomy":"post_tag","embeddable":true,"href":"https:\/\/noticiasmercedinas.com\/site\/wp-json\/wp\/v2\/tags?post=177510"}],"curies":[{"name":"wp","href":"https:\/\/api.w.org\/{rel}","templated":true}]}}