{"id":177513,"date":"2025-12-27T12:46:11","date_gmt":"2025-12-27T15:46:11","guid":{"rendered":"https:\/\/noticiasmercedinas.com\/site\/?p=177513"},"modified":"2025-12-27T12:46:11","modified_gmt":"2025-12-27T15:46:11","slug":"mercedes-se-consolida-como-referente-regional-en-politicas-de-ninez-y-derecho-al-juego","status":"publish","type":"post","link":"https:\/\/noticiasmercedinas.com\/site\/2025\/12\/27\/mercedes-se-consolida-como-referente-regional-en-politicas-de-ninez-y-derecho-al-juego\/","title":{"rendered":"Mercedes se consolida como referente regional en pol\u00edticas de ni\u00f1ez y derecho al juego"},"content":{"rendered":"<p data-path-to-node=\"4\"><img loading=\"lazy\" decoding=\"async\" class=\"alignnone size-full wp-image-177514\" src=\"https:\/\/noticiasmercedinas.com\/site\/wp-content\/uploads\/2025\/12\/VISITAS.jpg\" alt=\"\" width=\"927\" height=\"608\" srcset=\"https:\/\/noticiasmercedinas.com\/site\/wp-content\/uploads\/2025\/12\/VISITAS.jpg 927w, https:\/\/noticiasmercedinas.com\/site\/wp-content\/uploads\/2025\/12\/VISITAS-300x197.jpg 300w, https:\/\/noticiasmercedinas.com\/site\/wp-content\/uploads\/2025\/12\/VISITAS-768x504.jpg 768w, https:\/\/noticiasmercedinas.com\/site\/wp-content\/uploads\/2025\/12\/VISITAS-640x420.jpg 640w, https:\/\/noticiasmercedinas.com\/site\/wp-content\/uploads\/2025\/12\/VISITAS-681x447.jpg 681w\" sizes=\"auto, (max-width: 927px) 100vw, 927px\" \/><\/p>\n<p data-path-to-node=\"4\">En el marco del programa municipal <b data-path-to-node=\"4\" data-index-in-node=\"46\">\u00abMercedes, Ciudad de las Ni\u00f1as y los Ni\u00f1os\u00bb<\/b>, una delegaci\u00f3n de la Escuela Normal Superior N.\u00ba 6 \u201cVicente L\u00f3pez y Planes\u201d de la Ciudad Aut\u00f3noma de Buenos Aires arrib\u00f3 a nuestra localidad para realizar una jornada de formaci\u00f3n y observaci\u00f3n de pol\u00edticas p\u00fablicas.<\/p>\n<p data-path-to-node=\"5\">La visita tuvo como eje el intercambio de experiencias sobre la implementaci\u00f3n territorial del <b data-path-to-node=\"5\" data-index-in-node=\"95\">Art\u00edculo 31 de la Convenci\u00f3n sobre los Derechos del Ni\u00f1o<\/b>, el cual garantiza el derecho al juego, el descanso y el acceso a la vida cultural.<\/p>\n<h3 data-path-to-node=\"6\">Un recorrido por el modelo mercedino<\/h3>\n<p data-path-to-node=\"7\">Durante la jornada, los docentes y futuros profesionales de la educaci\u00f3n recorrieron puntos estrat\u00e9gicos de la gesti\u00f3n local que integran el aprendizaje con la recreaci\u00f3n y la ecolog\u00eda:<\/p>\n<ul>\n<li data-path-to-node=\"8,0,0\"><b data-path-to-node=\"8,0,0\" data-index-in-node=\"0\">Parque Ambiental:<\/b> Espacio dedicado a la educaci\u00f3n en sostenibilidad.<\/li>\n<li data-path-to-node=\"8,1,0\"><b data-path-to-node=\"8,1,0\" data-index-in-node=\"0\">CE.MU.A.D.R.A.:<\/b> Centro de referencia en el manejo y aprendizaje ambiental.<\/li>\n<li data-path-to-node=\"8,2,0\"><b data-path-to-node=\"8,2,0\" data-index-in-node=\"0\">Estaci\u00f3n Juego:<\/b> El emblem\u00e1tico complejo pedag\u00f3gico-recreativo que se ha convertido en el s\u00edmbolo de la ciudad en materia de ni\u00f1ez.<\/li>\n<\/ul>\n<h3 data-path-to-node=\"9\">Reconocimiento a la gesti\u00f3n local<\/h3>\n<p data-path-to-node=\"10\">Desde la <b data-path-to-node=\"10\" data-index-in-node=\"9\">Direcci\u00f3n de Ni\u00f1ez y Adolescencias<\/b>, las autoridades locales destacaron la importancia de que Mercedes sea elegida por instituciones de otras jurisdicciones como un caso de estudio.<\/p>\n<p data-path-to-node=\"11,0\">\u00abCelebramos que Mercedes sea reconocida por sus propuestas que ponen a la ni\u00f1ez en el centro de la agenda p\u00fablica\u00bb, se\u00f1alaron desde el \u00e1rea de Desarrollo de la Comunidad, subrayando que estas visitas validan el trabajo sostenido en la creaci\u00f3n de espacios p\u00fablicos seguros e inclusivos.<\/p>\n<p data-path-to-node=\"12\">Este encuentro no solo refuerza el posicionamiento de la ciudad como un polo educativo y recreativo, sino que tambi\u00e9n fomenta el di\u00e1logo entre municipios para replicar estrategias que garanticen el bienestar integral de los m\u00e1s peque\u00f1os.<\/p>\n","protected":false},"excerpt":{"rendered":"<p>\u25a0 Estudiantes y docentes de la Ciudad de Buenos Aires visitaron la ciudad para conocer el modelo de gesti\u00f3n local basado en la participaci\u00f3n infantil y el cuidado ambiental.<\/p>\n","protected":false},"author":16,"featured_media":177514,"comment_status":"closed","ping_status":"closed","sticky":false,"template":"","format":"standard","meta":{"footnotes":""},"categories":[8992,3],"tags":[2199,6805,369],"class_list":["post-177513","post","type-post","status-publish","format-standard","has-post-thumbnail","hentry","category-bienestar","category-sociedad","tag-adolescencia","tag-estacion-juego","tag-ninez"],"yoast_head":"<!-- This site is optimized with the Yoast SEO plugin v27.5 - https:\/\/yoast.com\/product\/yoast-seo-wordpress\/ -->\n<title>Mercedes se consolida como referente regional en pol\u00edticas de ni\u00f1ez y derecho al juego<\/title>\n<meta name=\"description\" content=\"\u25a0 Estudiantes y docentes de la Ciudad de Buenos Aires visitaron la ciudad para conocer el modelo de gesti\u00f3n local basado en la participaci\u00f3n infantil y el cuidado ambiental.\" \/>\n<meta name=\"robots\" content=\"index, follow, max-snippet:-1, max-image-preview:large, max-video-preview:-1\" \/>\n<link rel=\"canonical\" href=\"https:\/\/noticiasmercedinas.com\/site\/2025\/12\/27\/mercedes-se-consolida-como-referente-regional-en-politicas-de-ninez-y-derecho-al-juego\/\" \/>\n<meta property=\"og:locale\" content=\"es_ES\" \/>\n<meta property=\"og:type\" content=\"article\" \/>\n<meta property=\"og:title\" content=\"Mercedes se consolida como referente regional en pol\u00edticas de ni\u00f1ez y derecho al juego\" \/>\n<meta property=\"og:description\" content=\"\u25a0 Estudiantes y docentes de la Ciudad de Buenos Aires visitaron la ciudad para conocer el modelo de gesti\u00f3n local basado en la participaci\u00f3n infantil y el cuidado ambiental.\" \/>\n<meta property=\"og:url\" content=\"https:\/\/noticiasmercedinas.com\/site\/2025\/12\/27\/mercedes-se-consolida-como-referente-regional-en-politicas-de-ninez-y-derecho-al-juego\/\" \/>\n<meta property=\"og:site_name\" content=\"NOTICIASMERCEDINAS.COM\" \/>\n<meta property=\"article:publisher\" content=\"https:\/\/www.facebook.com\/noticiasmercedinas\/\" \/>\n<meta property=\"article:published_time\" content=\"2025-12-27T15:46:11+00:00\" \/>\n<meta property=\"og:image\" content=\"https:\/\/noticiasmercedinas.com\/site\/wp-content\/uploads\/2025\/12\/VISITAS.jpg\" \/>\n\t<meta property=\"og:image:width\" content=\"927\" \/>\n\t<meta property=\"og:image:height\" content=\"608\" \/>\n\t<meta property=\"og:image:type\" content=\"image\/jpeg\" \/>\n<meta name=\"author\" content=\"NOTICIASMERCEDINAS.COM\" \/>\n<meta name=\"twitter:card\" content=\"summary_large_image\" \/>\n<meta name=\"twitter:creator\" content=\"@notmercedinas\" \/>\n<meta name=\"twitter:site\" content=\"@notmercedinas\" \/>\n<meta name=\"twitter:label1\" content=\"Escrito por\" \/>\n\t<meta name=\"twitter:data1\" content=\"NOTICIASMERCEDINAS.COM\" \/>\n\t<meta name=\"twitter:label2\" content=\"Tiempo de lectura\" \/>\n\t<meta name=\"twitter:data2\" content=\"2 minutos\" \/>\n<script type=\"application\/ld+json\" class=\"yoast-schema-graph\">{\"@context\":\"https:\\\/\\\/schema.org\",\"@graph\":[{\"@type\":\"Article\",\"@id\":\"https:\\\/\\\/noticiasmercedinas.com\\\/site\\\/2025\\\/12\\\/27\\\/mercedes-se-consolida-como-referente-regional-en-politicas-de-ninez-y-derecho-al-juego\\\/#article\",\"isPartOf\":{\"@id\":\"https:\\\/\\\/noticiasmercedinas.com\\\/site\\\/2025\\\/12\\\/27\\\/mercedes-se-consolida-como-referente-regional-en-politicas-de-ninez-y-derecho-al-juego\\\/\"},\"author\":{\"name\":\"NOTICIASMERCEDINAS.COM\",\"@id\":\"https:\\\/\\\/noticiasmercedinas.com\\\/site\\\/#\\\/schema\\\/person\\\/84b59c099c28ff2e8b77d4ceec5d8063\"},\"headline\":\"Mercedes se consolida como referente regional en pol\u00edticas de ni\u00f1ez y derecho al juego\",\"datePublished\":\"2025-12-27T15:46:11+00:00\",\"mainEntityOfPage\":{\"@id\":\"https:\\\/\\\/noticiasmercedinas.com\\\/site\\\/2025\\\/12\\\/27\\\/mercedes-se-consolida-como-referente-regional-en-politicas-de-ninez-y-derecho-al-juego\\\/\"},\"wordCount\":332,\"publisher\":{\"@id\":\"https:\\\/\\\/noticiasmercedinas.com\\\/site\\\/#organization\"},\"image\":{\"@id\":\"https:\\\/\\\/noticiasmercedinas.com\\\/site\\\/2025\\\/12\\\/27\\\/mercedes-se-consolida-como-referente-regional-en-politicas-de-ninez-y-derecho-al-juego\\\/#primaryimage\"},\"thumbnailUrl\":\"https:\\\/\\\/noticiasmercedinas.com\\\/site\\\/wp-content\\\/uploads\\\/2025\\\/12\\\/VISITAS.jpg\",\"keywords\":[\"adolescencia\",\"estacion juego\",\"ni\u00f1ez\"],\"articleSection\":[\"Bienestar\",\"Sociedad\"],\"inLanguage\":\"es\"},{\"@type\":\"WebPage\",\"@id\":\"https:\\\/\\\/noticiasmercedinas.com\\\/site\\\/2025\\\/12\\\/27\\\/mercedes-se-consolida-como-referente-regional-en-politicas-de-ninez-y-derecho-al-juego\\\/\",\"url\":\"https:\\\/\\\/noticiasmercedinas.com\\\/site\\\/2025\\\/12\\\/27\\\/mercedes-se-consolida-como-referente-regional-en-politicas-de-ninez-y-derecho-al-juego\\\/\",\"name\":\"Mercedes se consolida como referente regional en pol\u00edticas de ni\u00f1ez y derecho al juego\",\"isPartOf\":{\"@id\":\"https:\\\/\\\/noticiasmercedinas.com\\\/site\\\/#website\"},\"primaryImageOfPage\":{\"@id\":\"https:\\\/\\\/noticiasmercedinas.com\\\/site\\\/2025\\\/12\\\/27\\\/mercedes-se-consolida-como-referente-regional-en-politicas-de-ninez-y-derecho-al-juego\\\/#primaryimage\"},\"image\":{\"@id\":\"https:\\\/\\\/noticiasmercedinas.com\\\/site\\\/2025\\\/12\\\/27\\\/mercedes-se-consolida-como-referente-regional-en-politicas-de-ninez-y-derecho-al-juego\\\/#primaryimage\"},\"thumbnailUrl\":\"https:\\\/\\\/noticiasmercedinas.com\\\/site\\\/wp-content\\\/uploads\\\/2025\\\/12\\\/VISITAS.jpg\",\"datePublished\":\"2025-12-27T15:46:11+00:00\",\"description\":\"\u25a0 Estudiantes y docentes de la Ciudad de Buenos Aires visitaron la ciudad para conocer el modelo de gesti\u00f3n local basado en la participaci\u00f3n infantil y el cuidado ambiental.\",\"breadcrumb\":{\"@id\":\"https:\\\/\\\/noticiasmercedinas.com\\\/site\\\/2025\\\/12\\\/27\\\/mercedes-se-consolida-como-referente-regional-en-politicas-de-ninez-y-derecho-al-juego\\\/#breadcrumb\"},\"inLanguage\":\"es\",\"potentialAction\":[{\"@type\":\"ReadAction\",\"target\":[\"https:\\\/\\\/noticiasmercedinas.com\\\/site\\\/2025\\\/12\\\/27\\\/mercedes-se-consolida-como-referente-regional-en-politicas-de-ninez-y-derecho-al-juego\\\/\"]}]},{\"@type\":\"ImageObject\",\"inLanguage\":\"es\",\"@id\":\"https:\\\/\\\/noticiasmercedinas.com\\\/site\\\/2025\\\/12\\\/27\\\/mercedes-se-consolida-como-referente-regional-en-politicas-de-ninez-y-derecho-al-juego\\\/#primaryimage\",\"url\":\"https:\\\/\\\/noticiasmercedinas.com\\\/site\\\/wp-content\\\/uploads\\\/2025\\\/12\\\/VISITAS.jpg\",\"contentUrl\":\"https:\\\/\\\/noticiasmercedinas.com\\\/site\\\/wp-content\\\/uploads\\\/2025\\\/12\\\/VISITAS.jpg\",\"width\":927,\"height\":608},{\"@type\":\"BreadcrumbList\",\"@id\":\"https:\\\/\\\/noticiasmercedinas.com\\\/site\\\/2025\\\/12\\\/27\\\/mercedes-se-consolida-como-referente-regional-en-politicas-de-ninez-y-derecho-al-juego\\\/#breadcrumb\",\"itemListElement\":[{\"@type\":\"ListItem\",\"position\":1,\"name\":\"Portada\",\"item\":\"https:\\\/\\\/noticiasmercedinas.com\\\/site\\\/\"},{\"@type\":\"ListItem\",\"position\":2,\"name\":\"Mercedes se consolida como referente regional en pol\u00edticas de ni\u00f1ez y derecho al juego\"}]},{\"@type\":\"WebSite\",\"@id\":\"https:\\\/\\\/noticiasmercedinas.com\\\/site\\\/#website\",\"url\":\"https:\\\/\\\/noticiasmercedinas.com\\\/site\\\/\",\"name\":\"NOTICIASMERCEDINAS.COM\",\"description\":\"Mercedes, Buenos Aires, Argentina\",\"publisher\":{\"@id\":\"https:\\\/\\\/noticiasmercedinas.com\\\/site\\\/#organization\"},\"potentialAction\":[{\"@type\":\"SearchAction\",\"target\":{\"@type\":\"EntryPoint\",\"urlTemplate\":\"https:\\\/\\\/noticiasmercedinas.com\\\/site\\\/?s={search_term_string}\"},\"query-input\":{\"@type\":\"PropertyValueSpecification\",\"valueRequired\":true,\"valueName\":\"search_term_string\"}}],\"inLanguage\":\"es\"},{\"@type\":\"Organization\",\"@id\":\"https:\\\/\\\/noticiasmercedinas.com\\\/site\\\/#organization\",\"name\":\"NOTICIASMERCEDINAS.COM\",\"url\":\"https:\\\/\\\/noticiasmercedinas.com\\\/site\\\/\",\"logo\":{\"@type\":\"ImageObject\",\"inLanguage\":\"es\",\"@id\":\"https:\\\/\\\/noticiasmercedinas.com\\\/site\\\/#\\\/schema\\\/logo\\\/image\\\/\",\"url\":\"https:\\\/\\\/noticiasmercedinas.com\\\/site\\\/wp-content\\\/uploads\\\/2020\\\/06\\\/LOGO-512.jpg\",\"contentUrl\":\"https:\\\/\\\/noticiasmercedinas.com\\\/site\\\/wp-content\\\/uploads\\\/2020\\\/06\\\/LOGO-512.jpg\",\"width\":512,\"height\":512,\"caption\":\"NOTICIASMERCEDINAS.COM\"},\"image\":{\"@id\":\"https:\\\/\\\/noticiasmercedinas.com\\\/site\\\/#\\\/schema\\\/logo\\\/image\\\/\"},\"sameAs\":[\"https:\\\/\\\/www.facebook.com\\\/noticiasmercedinas\\\/\",\"https:\\\/\\\/x.com\\\/notmercedinas\",\"https:\\\/\\\/www.instagram.com\\\/noticiasmercedinas\\\/\"]},{\"@type\":\"Person\",\"@id\":\"https:\\\/\\\/noticiasmercedinas.com\\\/site\\\/#\\\/schema\\\/person\\\/84b59c099c28ff2e8b77d4ceec5d8063\",\"name\":\"NOTICIASMERCEDINAS.COM\",\"image\":{\"@type\":\"ImageObject\",\"inLanguage\":\"es\",\"@id\":\"https:\\\/\\\/secure.gravatar.com\\\/avatar\\\/4dfbf16b4d17945bfb6341b2d19043457132fcf478a5ee04f42e959fd8f5df0a?s=96&d=mm&r=g\",\"url\":\"https:\\\/\\\/secure.gravatar.com\\\/avatar\\\/4dfbf16b4d17945bfb6341b2d19043457132fcf478a5ee04f42e959fd8f5df0a?s=96&d=mm&r=g\",\"contentUrl\":\"https:\\\/\\\/secure.gravatar.com\\\/avatar\\\/4dfbf16b4d17945bfb6341b2d19043457132fcf478a5ee04f42e959fd8f5df0a?s=96&d=mm&r=g\",\"caption\":\"NOTICIASMERCEDINAS.COM\"},\"url\":\"https:\\\/\\\/noticiasmercedinas.com\\\/site\\\/author\\\/anonimo\\\/\"}]}<\/script>\n<!-- \/ Yoast SEO plugin. -->","yoast_head_json":{"title":"Mercedes se consolida como referente regional en pol\u00edticas de ni\u00f1ez y derecho al juego","description":"\u25a0 Estudiantes y docentes de la Ciudad de Buenos Aires visitaron la ciudad para conocer el modelo de gesti\u00f3n local basado en la participaci\u00f3n infantil y el cuidado ambiental.","robots":{"index":"index","follow":"follow","max-snippet":"max-snippet:-1","max-image-preview":"max-image-preview:large","max-video-preview":"max-video-preview:-1"},"canonical":"https:\/\/noticiasmercedinas.com\/site\/2025\/12\/27\/mercedes-se-consolida-como-referente-regional-en-politicas-de-ninez-y-derecho-al-juego\/","og_locale":"es_ES","og_type":"article","og_title":"Mercedes se consolida como referente regional en pol\u00edticas de ni\u00f1ez y derecho al juego","og_description":"\u25a0 Estudiantes y docentes de la Ciudad de Buenos Aires visitaron la ciudad para conocer el modelo de gesti\u00f3n local basado en la participaci\u00f3n infantil y el cuidado ambiental.","og_url":"https:\/\/noticiasmercedinas.com\/site\/2025\/12\/27\/mercedes-se-consolida-como-referente-regional-en-politicas-de-ninez-y-derecho-al-juego\/","og_site_name":"NOTICIASMERCEDINAS.COM","article_publisher":"https:\/\/www.facebook.com\/noticiasmercedinas\/","article_published_time":"2025-12-27T15:46:11+00:00","og_image":[{"width":927,"height":608,"url":"https:\/\/noticiasmercedinas.com\/site\/wp-content\/uploads\/2025\/12\/VISITAS.jpg","type":"image\/jpeg"}],"author":"NOTICIASMERCEDINAS.COM","twitter_card":"summary_large_image","twitter_creator":"@notmercedinas","twitter_site":"@notmercedinas","twitter_misc":{"Escrito por":"NOTICIASMERCEDINAS.COM","Tiempo de lectura":"2 minutos"},"schema":{"@context":"https:\/\/schema.org","@graph":[{"@type":"Article","@id":"https:\/\/noticiasmercedinas.com\/site\/2025\/12\/27\/mercedes-se-consolida-como-referente-regional-en-politicas-de-ninez-y-derecho-al-juego\/#article","isPartOf":{"@id":"https:\/\/noticiasmercedinas.com\/site\/2025\/12\/27\/mercedes-se-consolida-como-referente-regional-en-politicas-de-ninez-y-derecho-al-juego\/"},"author":{"name":"NOTICIASMERCEDINAS.COM","@id":"https:\/\/noticiasmercedinas.com\/site\/#\/schema\/person\/84b59c099c28ff2e8b77d4ceec5d8063"},"headline":"Mercedes se consolida como referente regional en pol\u00edticas de ni\u00f1ez y derecho al juego","datePublished":"2025-12-27T15:46:11+00:00","mainEntityOfPage":{"@id":"https:\/\/noticiasmercedinas.com\/site\/2025\/12\/27\/mercedes-se-consolida-como-referente-regional-en-politicas-de-ninez-y-derecho-al-juego\/"},"wordCount":332,"publisher":{"@id":"https:\/\/noticiasmercedinas.com\/site\/#organization"},"image":{"@id":"https:\/\/noticiasmercedinas.com\/site\/2025\/12\/27\/mercedes-se-consolida-como-referente-regional-en-politicas-de-ninez-y-derecho-al-juego\/#primaryimage"},"thumbnailUrl":"https:\/\/noticiasmercedinas.com\/site\/wp-content\/uploads\/2025\/12\/VISITAS.jpg","keywords":["adolescencia","estacion juego","ni\u00f1ez"],"articleSection":["Bienestar","Sociedad"],"inLanguage":"es"},{"@type":"WebPage","@id":"https:\/\/noticiasmercedinas.com\/site\/2025\/12\/27\/mercedes-se-consolida-como-referente-regional-en-politicas-de-ninez-y-derecho-al-juego\/","url":"https:\/\/noticiasmercedinas.com\/site\/2025\/12\/27\/mercedes-se-consolida-como-referente-regional-en-politicas-de-ninez-y-derecho-al-juego\/","name":"Mercedes se consolida como referente regional en pol\u00edticas de ni\u00f1ez y derecho al juego","isPartOf":{"@id":"https:\/\/noticiasmercedinas.com\/site\/#website"},"primaryImageOfPage":{"@id":"https:\/\/noticiasmercedinas.com\/site\/2025\/12\/27\/mercedes-se-consolida-como-referente-regional-en-politicas-de-ninez-y-derecho-al-juego\/#primaryimage"},"image":{"@id":"https:\/\/noticiasmercedinas.com\/site\/2025\/12\/27\/mercedes-se-consolida-como-referente-regional-en-politicas-de-ninez-y-derecho-al-juego\/#primaryimage"},"thumbnailUrl":"https:\/\/noticiasmercedinas.com\/site\/wp-content\/uploads\/2025\/12\/VISITAS.jpg","datePublished":"2025-12-27T15:46:11+00:00","description":"\u25a0 Estudiantes y docentes de la Ciudad de Buenos Aires visitaron la ciudad para conocer el modelo de gesti\u00f3n local basado en la participaci\u00f3n infantil y el cuidado ambiental.","breadcrumb":{"@id":"https:\/\/noticiasmercedinas.com\/site\/2025\/12\/27\/mercedes-se-consolida-como-referente-regional-en-politicas-de-ninez-y-derecho-al-juego\/#breadcrumb"},"inLanguage":"es","potentialAction":[{"@type":"ReadAction","target":["https:\/\/noticiasmercedinas.com\/site\/2025\/12\/27\/mercedes-se-consolida-como-referente-regional-en-politicas-de-ninez-y-derecho-al-juego\/"]}]},{"@type":"ImageObject","inLanguage":"es","@id":"https:\/\/noticiasmercedinas.com\/site\/2025\/12\/27\/mercedes-se-consolida-como-referente-regional-en-politicas-de-ninez-y-derecho-al-juego\/#primaryimage","url":"https:\/\/noticiasmercedinas.com\/site\/wp-content\/uploads\/2025\/12\/VISITAS.jpg","contentUrl":"https:\/\/noticiasmercedinas.com\/site\/wp-content\/uploads\/2025\/12\/VISITAS.jpg","width":927,"height":608},{"@type":"BreadcrumbList","@id":"https:\/\/noticiasmercedinas.com\/site\/2025\/12\/27\/mercedes-se-consolida-como-referente-regional-en-politicas-de-ninez-y-derecho-al-juego\/#breadcrumb","itemListElement":[{"@type":"ListItem","position":1,"name":"Portada","item":"https:\/\/noticiasmercedinas.com\/site\/"},{"@type":"ListItem","position":2,"name":"Mercedes se consolida como referente regional en pol\u00edticas de ni\u00f1ez y derecho al juego"}]},{"@type":"WebSite","@id":"https:\/\/noticiasmercedinas.com\/site\/#website","url":"https:\/\/noticiasmercedinas.com\/site\/","name":"NOTICIASMERCEDINAS.COM","description":"Mercedes, Buenos Aires, Argentina","publisher":{"@id":"https:\/\/noticiasmercedinas.com\/site\/#organization"},"potentialAction":[{"@type":"SearchAction","target":{"@type":"EntryPoint","urlTemplate":"https:\/\/noticiasmercedinas.com\/site\/?s={search_term_string}"},"query-input":{"@type":"PropertyValueSpecification","valueRequired":true,"valueName":"search_term_string"}}],"inLanguage":"es"},{"@type":"Organization","@id":"https:\/\/noticiasmercedinas.com\/site\/#organization","name":"NOTICIASMERCEDINAS.COM","url":"https:\/\/noticiasmercedinas.com\/site\/","logo":{"@type":"ImageObject","inLanguage":"es","@id":"https:\/\/noticiasmercedinas.com\/site\/#\/schema\/logo\/image\/","url":"https:\/\/noticiasmercedinas.com\/site\/wp-content\/uploads\/2020\/06\/LOGO-512.jpg","contentUrl":"https:\/\/noticiasmercedinas.com\/site\/wp-content\/uploads\/2020\/06\/LOGO-512.jpg","width":512,"height":512,"caption":"NOTICIASMERCEDINAS.COM"},"image":{"@id":"https:\/\/noticiasmercedinas.com\/site\/#\/schema\/logo\/image\/"},"sameAs":["https:\/\/www.facebook.com\/noticiasmercedinas\/","https:\/\/x.com\/notmercedinas","https:\/\/www.instagram.com\/noticiasmercedinas\/"]},{"@type":"Person","@id":"https:\/\/noticiasmercedinas.com\/site\/#\/schema\/person\/84b59c099c28ff2e8b77d4ceec5d8063","name":"NOTICIASMERCEDINAS.COM","image":{"@type":"ImageObject","inLanguage":"es","@id":"https:\/\/secure.gravatar.com\/avatar\/4dfbf16b4d17945bfb6341b2d19043457132fcf478a5ee04f42e959fd8f5df0a?s=96&d=mm&r=g","url":"https:\/\/secure.gravatar.com\/avatar\/4dfbf16b4d17945bfb6341b2d19043457132fcf478a5ee04f42e959fd8f5df0a?s=96&d=mm&r=g","contentUrl":"https:\/\/secure.gravatar.com\/avatar\/4dfbf16b4d17945bfb6341b2d19043457132fcf478a5ee04f42e959fd8f5df0a?s=96&d=mm&r=g","caption":"NOTICIASMERCEDINAS.COM"},"url":"https:\/\/noticiasmercedinas.com\/site\/author\/anonimo\/"}]}},"amp_enabled":true,"_links":{"self":[{"href":"https:\/\/noticiasmercedinas.com\/site\/wp-json\/wp\/v2\/posts\/177513","targetHints":{"allow":["GET"]}}],"collection":[{"href":"https:\/\/noticiasmercedinas.com\/site\/wp-json\/wp\/v2\/posts"}],"about":[{"href":"https:\/\/noticiasmercedinas.com\/site\/wp-json\/wp\/v2\/types\/post"}],"author":[{"embeddable":true,"href":"https:\/\/noticiasmercedinas.com\/site\/wp-json\/wp\/v2\/users\/16"}],"replies":[{"embeddable":true,"href":"https:\/\/noticiasmercedinas.com\/site\/wp-json\/wp\/v2\/comments?post=177513"}],"version-history":[{"count":1,"href":"https:\/\/noticiasmercedinas.com\/site\/wp-json\/wp\/v2\/posts\/177513\/revisions"}],"predecessor-version":[{"id":177515,"href":"https:\/\/noticiasmercedinas.com\/site\/wp-json\/wp\/v2\/posts\/177513\/revisions\/177515"}],"wp:featuredmedia":[{"embeddable":true,"href":"https:\/\/noticiasmercedinas.com\/site\/wp-json\/wp\/v2\/media\/177514"}],"wp:attachment":[{"href":"https:\/\/noticiasmercedinas.com\/site\/wp-json\/wp\/v2\/media?parent=177513"}],"wp:term":[{"taxonomy":"category","embeddable":true,"href":"https:\/\/noticiasmercedinas.com\/site\/wp-json\/wp\/v2\/categories?post=177513"},{"taxonomy":"post_tag","embeddable":true,"href":"https:\/\/noticiasmercedinas.com\/site\/wp-json\/wp\/v2\/tags?post=177513"}],"curies":[{"name":"wp","href":"https:\/\/api.w.org\/{rel}","templated":true}]}}