{"id":177594,"date":"2025-12-28T22:48:34","date_gmt":"2025-12-29T01:48:34","guid":{"rendered":"https:\/\/noticiasmercedinas.com\/site\/?p=177594"},"modified":"2025-12-28T22:48:34","modified_gmt":"2025-12-29T01:48:34","slug":"el-fronton-se-apodera-de-la-ida-en-su-visita-a-villa-manchi","status":"publish","type":"post","link":"https:\/\/noticiasmercedinas.com\/site\/2025\/12\/28\/el-fronton-se-apodera-de-la-ida-en-su-visita-a-villa-manchi\/","title":{"rendered":"El Front\u00f3n se apodera de la ida en su visita a Villa Manchi"},"content":{"rendered":"<figure id=\"attachment_177595\" aria-describedby=\"caption-attachment-177595\" style=\"width: 640px\" class=\"wp-caption alignnone\"><img loading=\"lazy\" decoding=\"async\" class=\"wp-image-177595 size-full\" src=\"https:\/\/noticiasmercedinas.com\/site\/wp-content\/uploads\/2025\/12\/3c2b83ec-cdfd-4d56-b610-d3ff878a9e2b.jpg\" alt=\"\" width=\"640\" height=\"497\" srcset=\"https:\/\/noticiasmercedinas.com\/site\/wp-content\/uploads\/2025\/12\/3c2b83ec-cdfd-4d56-b610-d3ff878a9e2b.jpg 640w, https:\/\/noticiasmercedinas.com\/site\/wp-content\/uploads\/2025\/12\/3c2b83ec-cdfd-4d56-b610-d3ff878a9e2b-300x233.jpg 300w\" sizes=\"auto, (max-width: 640px) 100vw, 640px\" \/><figcaption id=\"caption-attachment-177595\" class=\"wp-caption-text\">El Front\u00f3n (Foto El Front\u00f3n).<\/figcaption><\/figure>\n<p>La otra semifinal de Primera Divisi\u00f3n por el Clausura se jug\u00f3 este domingo en San Andr\u00e9s de Giles, teniendo la particularidad de poder ingresar s\u00f3lo hinchas locales. Fue entonces que Villa Manchi, en principio, goz\u00f3 de una cierta ventaja sobre El Front\u00f3n en predio de una cancha que se mostr\u00f3 m\u00e1s que concurrida<\/p>\n<p>Aunque en el resultado final los de Alejandro Morada, P\u00e9rez Bianchi no estuvo, se hicieron de una buena victoria. Fue por la m\u00ednima gracias al gol conseguido en el primer tiempo. Lo que le permite mantener el invicto y resolver en el predio \u201cTito\u201d Crosetti la serie, vale recordar que El Front\u00f3n es campe\u00f3n defensor.<\/p>\n<p><strong>Villa Manchi 0.<br \/>\nEl Front\u00f3n 1:<\/strong> Joaqu\u00edn Casado.<br \/>\n<strong>Arbitro:<\/strong> Nicol\u00e1s Mattoccio (Chivilcoy).<\/p>\n","protected":false},"excerpt":{"rendered":"<p>\u25a0 Por 1-0  con el tanto conseguido por Joaqu\u00edn Casado gan\u00f3 el campe\u00f3n defensor. Se jug\u00f3 con s\u00f3lo locales en la tarde de este domingo. Se viene la revancha en el predio \u201cTito\u201d Crosetti.<\/p>\n","protected":false},"author":6,"featured_media":177595,"comment_status":"closed","ping_status":"closed","sticky":false,"template":"","format":"standard","meta":{"footnotes":""},"categories":[5],"tags":[3346,14140,347],"class_list":["post-177594","post","type-post","status-publish","format-standard","has-post-thumbnail","hentry","category-deportes","tag-liga-mercedina-de-futbol","tag-primera-division-a","tag-reducido"],"yoast_head":"<!-- This site is optimized with the Yoast SEO plugin v27.4 - https:\/\/yoast.com\/product\/yoast-seo-wordpress\/ -->\n<title>El Front\u00f3n se apodera de la ida en su visita a Villa Manchi<\/title>\n<meta name=\"robots\" content=\"index, follow, max-snippet:-1, max-image-preview:large, max-video-preview:-1\" \/>\n<link rel=\"canonical\" href=\"https:\/\/noticiasmercedinas.com\/site\/2025\/12\/28\/el-fronton-se-apodera-de-la-ida-en-su-visita-a-villa-manchi\/\" \/>\n<meta property=\"og:locale\" content=\"es_ES\" \/>\n<meta property=\"og:type\" content=\"article\" \/>\n<meta property=\"og:title\" content=\"El Front\u00f3n se apodera de la ida en su visita a Villa Manchi\" \/>\n<meta property=\"og:description\" content=\"\u25a0 Por 1-0 con el tanto conseguido por Joaqu\u00edn Casado gan\u00f3 el campe\u00f3n defensor. Se jug\u00f3 con s\u00f3lo locales en la tarde de este domingo. Se viene la revancha en el predio \u201cTito\u201d Crosetti.\" \/>\n<meta property=\"og:url\" content=\"https:\/\/noticiasmercedinas.com\/site\/2025\/12\/28\/el-fronton-se-apodera-de-la-ida-en-su-visita-a-villa-manchi\/\" \/>\n<meta property=\"og:site_name\" content=\"NOTICIASMERCEDINAS.COM\" \/>\n<meta property=\"article:publisher\" content=\"https:\/\/www.facebook.com\/noticiasmercedinas\/\" \/>\n<meta property=\"article:published_time\" content=\"2025-12-29T01:48:34+00:00\" \/>\n<meta property=\"og:image\" content=\"https:\/\/noticiasmercedinas.com\/site\/wp-content\/uploads\/2025\/12\/3c2b83ec-cdfd-4d56-b610-d3ff878a9e2b.jpg\" \/>\n\t<meta property=\"og:image:width\" content=\"640\" \/>\n\t<meta property=\"og:image:height\" content=\"497\" \/>\n\t<meta property=\"og:image:type\" content=\"image\/jpeg\" \/>\n<meta name=\"author\" content=\"Juan Dagnino NOTICIASMERCEDINAS.COM\" \/>\n<meta name=\"twitter:card\" content=\"summary_large_image\" \/>\n<meta name=\"twitter:creator\" content=\"@notmercedinas\" \/>\n<meta name=\"twitter:site\" content=\"@notmercedinas\" \/>\n<meta name=\"twitter:label1\" content=\"Escrito por\" \/>\n\t<meta name=\"twitter:data1\" content=\"Juan Dagnino NOTICIASMERCEDINAS.COM\" \/>\n\t<meta name=\"twitter:label2\" content=\"Tiempo de lectura\" \/>\n\t<meta name=\"twitter:data2\" content=\"1 minuto\" \/>\n<script type=\"application\/ld+json\" class=\"yoast-schema-graph\">{\"@context\":\"https:\\\/\\\/schema.org\",\"@graph\":[{\"@type\":\"Article\",\"@id\":\"https:\\\/\\\/noticiasmercedinas.com\\\/site\\\/2025\\\/12\\\/28\\\/el-fronton-se-apodera-de-la-ida-en-su-visita-a-villa-manchi\\\/#article\",\"isPartOf\":{\"@id\":\"https:\\\/\\\/noticiasmercedinas.com\\\/site\\\/2025\\\/12\\\/28\\\/el-fronton-se-apodera-de-la-ida-en-su-visita-a-villa-manchi\\\/\"},\"author\":{\"name\":\"Juan Dagnino NOTICIASMERCEDINAS.COM\",\"@id\":\"https:\\\/\\\/noticiasmercedinas.com\\\/site\\\/#\\\/schema\\\/person\\\/8f2f09d666ef40986eba4a5e6f2a06f9\"},\"headline\":\"El Front\u00f3n se apodera de la ida en su visita a Villa Manchi\",\"datePublished\":\"2025-12-29T01:48:34+00:00\",\"mainEntityOfPage\":{\"@id\":\"https:\\\/\\\/noticiasmercedinas.com\\\/site\\\/2025\\\/12\\\/28\\\/el-fronton-se-apodera-de-la-ida-en-su-visita-a-villa-manchi\\\/\"},\"wordCount\":158,\"publisher\":{\"@id\":\"https:\\\/\\\/noticiasmercedinas.com\\\/site\\\/#organization\"},\"image\":{\"@id\":\"https:\\\/\\\/noticiasmercedinas.com\\\/site\\\/2025\\\/12\\\/28\\\/el-fronton-se-apodera-de-la-ida-en-su-visita-a-villa-manchi\\\/#primaryimage\"},\"thumbnailUrl\":\"https:\\\/\\\/noticiasmercedinas.com\\\/site\\\/wp-content\\\/uploads\\\/2025\\\/12\\\/3c2b83ec-cdfd-4d56-b610-d3ff878a9e2b.jpg\",\"keywords\":[\"Liga Mercedina de F\u00fatbol\",\"primera divisi\u00f3n a\",\"reducido\"],\"articleSection\":[\"Deportes\"],\"inLanguage\":\"es\"},{\"@type\":\"WebPage\",\"@id\":\"https:\\\/\\\/noticiasmercedinas.com\\\/site\\\/2025\\\/12\\\/28\\\/el-fronton-se-apodera-de-la-ida-en-su-visita-a-villa-manchi\\\/\",\"url\":\"https:\\\/\\\/noticiasmercedinas.com\\\/site\\\/2025\\\/12\\\/28\\\/el-fronton-se-apodera-de-la-ida-en-su-visita-a-villa-manchi\\\/\",\"name\":\"El Front\u00f3n se apodera de la ida en su visita a Villa Manchi\",\"isPartOf\":{\"@id\":\"https:\\\/\\\/noticiasmercedinas.com\\\/site\\\/#website\"},\"primaryImageOfPage\":{\"@id\":\"https:\\\/\\\/noticiasmercedinas.com\\\/site\\\/2025\\\/12\\\/28\\\/el-fronton-se-apodera-de-la-ida-en-su-visita-a-villa-manchi\\\/#primaryimage\"},\"image\":{\"@id\":\"https:\\\/\\\/noticiasmercedinas.com\\\/site\\\/2025\\\/12\\\/28\\\/el-fronton-se-apodera-de-la-ida-en-su-visita-a-villa-manchi\\\/#primaryimage\"},\"thumbnailUrl\":\"https:\\\/\\\/noticiasmercedinas.com\\\/site\\\/wp-content\\\/uploads\\\/2025\\\/12\\\/3c2b83ec-cdfd-4d56-b610-d3ff878a9e2b.jpg\",\"datePublished\":\"2025-12-29T01:48:34+00:00\",\"breadcrumb\":{\"@id\":\"https:\\\/\\\/noticiasmercedinas.com\\\/site\\\/2025\\\/12\\\/28\\\/el-fronton-se-apodera-de-la-ida-en-su-visita-a-villa-manchi\\\/#breadcrumb\"},\"inLanguage\":\"es\",\"potentialAction\":[{\"@type\":\"ReadAction\",\"target\":[\"https:\\\/\\\/noticiasmercedinas.com\\\/site\\\/2025\\\/12\\\/28\\\/el-fronton-se-apodera-de-la-ida-en-su-visita-a-villa-manchi\\\/\"]}]},{\"@type\":\"ImageObject\",\"inLanguage\":\"es\",\"@id\":\"https:\\\/\\\/noticiasmercedinas.com\\\/site\\\/2025\\\/12\\\/28\\\/el-fronton-se-apodera-de-la-ida-en-su-visita-a-villa-manchi\\\/#primaryimage\",\"url\":\"https:\\\/\\\/noticiasmercedinas.com\\\/site\\\/wp-content\\\/uploads\\\/2025\\\/12\\\/3c2b83ec-cdfd-4d56-b610-d3ff878a9e2b.jpg\",\"contentUrl\":\"https:\\\/\\\/noticiasmercedinas.com\\\/site\\\/wp-content\\\/uploads\\\/2025\\\/12\\\/3c2b83ec-cdfd-4d56-b610-d3ff878a9e2b.jpg\",\"width\":640,\"height\":497},{\"@type\":\"BreadcrumbList\",\"@id\":\"https:\\\/\\\/noticiasmercedinas.com\\\/site\\\/2025\\\/12\\\/28\\\/el-fronton-se-apodera-de-la-ida-en-su-visita-a-villa-manchi\\\/#breadcrumb\",\"itemListElement\":[{\"@type\":\"ListItem\",\"position\":1,\"name\":\"Portada\",\"item\":\"https:\\\/\\\/noticiasmercedinas.com\\\/site\\\/\"},{\"@type\":\"ListItem\",\"position\":2,\"name\":\"El Front\u00f3n se apodera de la ida en su visita a Villa Manchi\"}]},{\"@type\":\"WebSite\",\"@id\":\"https:\\\/\\\/noticiasmercedinas.com\\\/site\\\/#website\",\"url\":\"https:\\\/\\\/noticiasmercedinas.com\\\/site\\\/\",\"name\":\"NOTICIASMERCEDINAS.COM\",\"description\":\"Mercedes, Buenos Aires, Argentina\",\"publisher\":{\"@id\":\"https:\\\/\\\/noticiasmercedinas.com\\\/site\\\/#organization\"},\"potentialAction\":[{\"@type\":\"SearchAction\",\"target\":{\"@type\":\"EntryPoint\",\"urlTemplate\":\"https:\\\/\\\/noticiasmercedinas.com\\\/site\\\/?s={search_term_string}\"},\"query-input\":{\"@type\":\"PropertyValueSpecification\",\"valueRequired\":true,\"valueName\":\"search_term_string\"}}],\"inLanguage\":\"es\"},{\"@type\":\"Organization\",\"@id\":\"https:\\\/\\\/noticiasmercedinas.com\\\/site\\\/#organization\",\"name\":\"NOTICIASMERCEDINAS.COM\",\"url\":\"https:\\\/\\\/noticiasmercedinas.com\\\/site\\\/\",\"logo\":{\"@type\":\"ImageObject\",\"inLanguage\":\"es\",\"@id\":\"https:\\\/\\\/noticiasmercedinas.com\\\/site\\\/#\\\/schema\\\/logo\\\/image\\\/\",\"url\":\"https:\\\/\\\/noticiasmercedinas.com\\\/site\\\/wp-content\\\/uploads\\\/2020\\\/06\\\/LOGO-512.jpg\",\"contentUrl\":\"https:\\\/\\\/noticiasmercedinas.com\\\/site\\\/wp-content\\\/uploads\\\/2020\\\/06\\\/LOGO-512.jpg\",\"width\":512,\"height\":512,\"caption\":\"NOTICIASMERCEDINAS.COM\"},\"image\":{\"@id\":\"https:\\\/\\\/noticiasmercedinas.com\\\/site\\\/#\\\/schema\\\/logo\\\/image\\\/\"},\"sameAs\":[\"https:\\\/\\\/www.facebook.com\\\/noticiasmercedinas\\\/\",\"https:\\\/\\\/x.com\\\/notmercedinas\",\"https:\\\/\\\/www.instagram.com\\\/noticiasmercedinas\\\/\"]},{\"@type\":\"Person\",\"@id\":\"https:\\\/\\\/noticiasmercedinas.com\\\/site\\\/#\\\/schema\\\/person\\\/8f2f09d666ef40986eba4a5e6f2a06f9\",\"name\":\"Juan Dagnino NOTICIASMERCEDINAS.COM\",\"image\":{\"@type\":\"ImageObject\",\"inLanguage\":\"es\",\"@id\":\"https:\\\/\\\/secure.gravatar.com\\\/avatar\\\/fc7059a769f5a3cae65fadb228a3e4accf3a64b4b2305020d0a27e6d5333c91b?s=96&d=mm&r=g\",\"url\":\"https:\\\/\\\/secure.gravatar.com\\\/avatar\\\/fc7059a769f5a3cae65fadb228a3e4accf3a64b4b2305020d0a27e6d5333c91b?s=96&d=mm&r=g\",\"contentUrl\":\"https:\\\/\\\/secure.gravatar.com\\\/avatar\\\/fc7059a769f5a3cae65fadb228a3e4accf3a64b4b2305020d0a27e6d5333c91b?s=96&d=mm&r=g\",\"caption\":\"Juan Dagnino NOTICIASMERCEDINAS.COM\"},\"url\":\"https:\\\/\\\/noticiasmercedinas.com\\\/site\\\/author\\\/juandagnino\\\/\"}]}<\/script>\n<!-- \/ Yoast SEO plugin. -->","yoast_head_json":{"title":"El Front\u00f3n se apodera de la ida en su visita a Villa Manchi","robots":{"index":"index","follow":"follow","max-snippet":"max-snippet:-1","max-image-preview":"max-image-preview:large","max-video-preview":"max-video-preview:-1"},"canonical":"https:\/\/noticiasmercedinas.com\/site\/2025\/12\/28\/el-fronton-se-apodera-de-la-ida-en-su-visita-a-villa-manchi\/","og_locale":"es_ES","og_type":"article","og_title":"El Front\u00f3n se apodera de la ida en su visita a Villa Manchi","og_description":"\u25a0 Por 1-0 con el tanto conseguido por Joaqu\u00edn Casado gan\u00f3 el campe\u00f3n defensor. Se jug\u00f3 con s\u00f3lo locales en la tarde de este domingo. Se viene la revancha en el predio \u201cTito\u201d Crosetti.","og_url":"https:\/\/noticiasmercedinas.com\/site\/2025\/12\/28\/el-fronton-se-apodera-de-la-ida-en-su-visita-a-villa-manchi\/","og_site_name":"NOTICIASMERCEDINAS.COM","article_publisher":"https:\/\/www.facebook.com\/noticiasmercedinas\/","article_published_time":"2025-12-29T01:48:34+00:00","og_image":[{"width":640,"height":497,"url":"https:\/\/noticiasmercedinas.com\/site\/wp-content\/uploads\/2025\/12\/3c2b83ec-cdfd-4d56-b610-d3ff878a9e2b.jpg","type":"image\/jpeg"}],"author":"Juan Dagnino NOTICIASMERCEDINAS.COM","twitter_card":"summary_large_image","twitter_creator":"@notmercedinas","twitter_site":"@notmercedinas","twitter_misc":{"Escrito por":"Juan Dagnino NOTICIASMERCEDINAS.COM","Tiempo de lectura":"1 minuto"},"schema":{"@context":"https:\/\/schema.org","@graph":[{"@type":"Article","@id":"https:\/\/noticiasmercedinas.com\/site\/2025\/12\/28\/el-fronton-se-apodera-de-la-ida-en-su-visita-a-villa-manchi\/#article","isPartOf":{"@id":"https:\/\/noticiasmercedinas.com\/site\/2025\/12\/28\/el-fronton-se-apodera-de-la-ida-en-su-visita-a-villa-manchi\/"},"author":{"name":"Juan Dagnino NOTICIASMERCEDINAS.COM","@id":"https:\/\/noticiasmercedinas.com\/site\/#\/schema\/person\/8f2f09d666ef40986eba4a5e6f2a06f9"},"headline":"El Front\u00f3n se apodera de la ida en su visita a Villa Manchi","datePublished":"2025-12-29T01:48:34+00:00","mainEntityOfPage":{"@id":"https:\/\/noticiasmercedinas.com\/site\/2025\/12\/28\/el-fronton-se-apodera-de-la-ida-en-su-visita-a-villa-manchi\/"},"wordCount":158,"publisher":{"@id":"https:\/\/noticiasmercedinas.com\/site\/#organization"},"image":{"@id":"https:\/\/noticiasmercedinas.com\/site\/2025\/12\/28\/el-fronton-se-apodera-de-la-ida-en-su-visita-a-villa-manchi\/#primaryimage"},"thumbnailUrl":"https:\/\/noticiasmercedinas.com\/site\/wp-content\/uploads\/2025\/12\/3c2b83ec-cdfd-4d56-b610-d3ff878a9e2b.jpg","keywords":["Liga Mercedina de F\u00fatbol","primera divisi\u00f3n a","reducido"],"articleSection":["Deportes"],"inLanguage":"es"},{"@type":"WebPage","@id":"https:\/\/noticiasmercedinas.com\/site\/2025\/12\/28\/el-fronton-se-apodera-de-la-ida-en-su-visita-a-villa-manchi\/","url":"https:\/\/noticiasmercedinas.com\/site\/2025\/12\/28\/el-fronton-se-apodera-de-la-ida-en-su-visita-a-villa-manchi\/","name":"El Front\u00f3n se apodera de la ida en su visita a Villa Manchi","isPartOf":{"@id":"https:\/\/noticiasmercedinas.com\/site\/#website"},"primaryImageOfPage":{"@id":"https:\/\/noticiasmercedinas.com\/site\/2025\/12\/28\/el-fronton-se-apodera-de-la-ida-en-su-visita-a-villa-manchi\/#primaryimage"},"image":{"@id":"https:\/\/noticiasmercedinas.com\/site\/2025\/12\/28\/el-fronton-se-apodera-de-la-ida-en-su-visita-a-villa-manchi\/#primaryimage"},"thumbnailUrl":"https:\/\/noticiasmercedinas.com\/site\/wp-content\/uploads\/2025\/12\/3c2b83ec-cdfd-4d56-b610-d3ff878a9e2b.jpg","datePublished":"2025-12-29T01:48:34+00:00","breadcrumb":{"@id":"https:\/\/noticiasmercedinas.com\/site\/2025\/12\/28\/el-fronton-se-apodera-de-la-ida-en-su-visita-a-villa-manchi\/#breadcrumb"},"inLanguage":"es","potentialAction":[{"@type":"ReadAction","target":["https:\/\/noticiasmercedinas.com\/site\/2025\/12\/28\/el-fronton-se-apodera-de-la-ida-en-su-visita-a-villa-manchi\/"]}]},{"@type":"ImageObject","inLanguage":"es","@id":"https:\/\/noticiasmercedinas.com\/site\/2025\/12\/28\/el-fronton-se-apodera-de-la-ida-en-su-visita-a-villa-manchi\/#primaryimage","url":"https:\/\/noticiasmercedinas.com\/site\/wp-content\/uploads\/2025\/12\/3c2b83ec-cdfd-4d56-b610-d3ff878a9e2b.jpg","contentUrl":"https:\/\/noticiasmercedinas.com\/site\/wp-content\/uploads\/2025\/12\/3c2b83ec-cdfd-4d56-b610-d3ff878a9e2b.jpg","width":640,"height":497},{"@type":"BreadcrumbList","@id":"https:\/\/noticiasmercedinas.com\/site\/2025\/12\/28\/el-fronton-se-apodera-de-la-ida-en-su-visita-a-villa-manchi\/#breadcrumb","itemListElement":[{"@type":"ListItem","position":1,"name":"Portada","item":"https:\/\/noticiasmercedinas.com\/site\/"},{"@type":"ListItem","position":2,"name":"El Front\u00f3n se apodera de la ida en su visita a Villa Manchi"}]},{"@type":"WebSite","@id":"https:\/\/noticiasmercedinas.com\/site\/#website","url":"https:\/\/noticiasmercedinas.com\/site\/","name":"NOTICIASMERCEDINAS.COM","description":"Mercedes, Buenos Aires, Argentina","publisher":{"@id":"https:\/\/noticiasmercedinas.com\/site\/#organization"},"potentialAction":[{"@type":"SearchAction","target":{"@type":"EntryPoint","urlTemplate":"https:\/\/noticiasmercedinas.com\/site\/?s={search_term_string}"},"query-input":{"@type":"PropertyValueSpecification","valueRequired":true,"valueName":"search_term_string"}}],"inLanguage":"es"},{"@type":"Organization","@id":"https:\/\/noticiasmercedinas.com\/site\/#organization","name":"NOTICIASMERCEDINAS.COM","url":"https:\/\/noticiasmercedinas.com\/site\/","logo":{"@type":"ImageObject","inLanguage":"es","@id":"https:\/\/noticiasmercedinas.com\/site\/#\/schema\/logo\/image\/","url":"https:\/\/noticiasmercedinas.com\/site\/wp-content\/uploads\/2020\/06\/LOGO-512.jpg","contentUrl":"https:\/\/noticiasmercedinas.com\/site\/wp-content\/uploads\/2020\/06\/LOGO-512.jpg","width":512,"height":512,"caption":"NOTICIASMERCEDINAS.COM"},"image":{"@id":"https:\/\/noticiasmercedinas.com\/site\/#\/schema\/logo\/image\/"},"sameAs":["https:\/\/www.facebook.com\/noticiasmercedinas\/","https:\/\/x.com\/notmercedinas","https:\/\/www.instagram.com\/noticiasmercedinas\/"]},{"@type":"Person","@id":"https:\/\/noticiasmercedinas.com\/site\/#\/schema\/person\/8f2f09d666ef40986eba4a5e6f2a06f9","name":"Juan Dagnino NOTICIASMERCEDINAS.COM","image":{"@type":"ImageObject","inLanguage":"es","@id":"https:\/\/secure.gravatar.com\/avatar\/fc7059a769f5a3cae65fadb228a3e4accf3a64b4b2305020d0a27e6d5333c91b?s=96&d=mm&r=g","url":"https:\/\/secure.gravatar.com\/avatar\/fc7059a769f5a3cae65fadb228a3e4accf3a64b4b2305020d0a27e6d5333c91b?s=96&d=mm&r=g","contentUrl":"https:\/\/secure.gravatar.com\/avatar\/fc7059a769f5a3cae65fadb228a3e4accf3a64b4b2305020d0a27e6d5333c91b?s=96&d=mm&r=g","caption":"Juan Dagnino NOTICIASMERCEDINAS.COM"},"url":"https:\/\/noticiasmercedinas.com\/site\/author\/juandagnino\/"}]}},"amp_enabled":true,"_links":{"self":[{"href":"https:\/\/noticiasmercedinas.com\/site\/wp-json\/wp\/v2\/posts\/177594","targetHints":{"allow":["GET"]}}],"collection":[{"href":"https:\/\/noticiasmercedinas.com\/site\/wp-json\/wp\/v2\/posts"}],"about":[{"href":"https:\/\/noticiasmercedinas.com\/site\/wp-json\/wp\/v2\/types\/post"}],"author":[{"embeddable":true,"href":"https:\/\/noticiasmercedinas.com\/site\/wp-json\/wp\/v2\/users\/6"}],"replies":[{"embeddable":true,"href":"https:\/\/noticiasmercedinas.com\/site\/wp-json\/wp\/v2\/comments?post=177594"}],"version-history":[{"count":1,"href":"https:\/\/noticiasmercedinas.com\/site\/wp-json\/wp\/v2\/posts\/177594\/revisions"}],"predecessor-version":[{"id":177596,"href":"https:\/\/noticiasmercedinas.com\/site\/wp-json\/wp\/v2\/posts\/177594\/revisions\/177596"}],"wp:featuredmedia":[{"embeddable":true,"href":"https:\/\/noticiasmercedinas.com\/site\/wp-json\/wp\/v2\/media\/177595"}],"wp:attachment":[{"href":"https:\/\/noticiasmercedinas.com\/site\/wp-json\/wp\/v2\/media?parent=177594"}],"wp:term":[{"taxonomy":"category","embeddable":true,"href":"https:\/\/noticiasmercedinas.com\/site\/wp-json\/wp\/v2\/categories?post=177594"},{"taxonomy":"post_tag","embeddable":true,"href":"https:\/\/noticiasmercedinas.com\/site\/wp-json\/wp\/v2\/tags?post=177594"}],"curies":[{"name":"wp","href":"https:\/\/api.w.org\/{rel}","templated":true}]}}