{"id":177661,"date":"2025-12-29T18:22:40","date_gmt":"2025-12-29T21:22:40","guid":{"rendered":"https:\/\/noticiasmercedinas.com\/site\/?p=177661"},"modified":"2025-12-29T18:22:40","modified_gmt":"2025-12-29T21:22:40","slug":"consejo-escolar-refuerza-la-asistencia-alimentaria-y-lanza-las-escuelas-abiertas-de-verano-2026","status":"publish","type":"post","link":"https:\/\/noticiasmercedinas.com\/site\/2025\/12\/29\/consejo-escolar-refuerza-la-asistencia-alimentaria-y-lanza-las-escuelas-abiertas-de-verano-2026\/","title":{"rendered":"Consejo Escolar refuerza la asistencia alimentaria y lanza las Escuelas Abiertas de Verano 2026"},"content":{"rendered":"<p><img loading=\"lazy\" decoding=\"async\" class=\"alignnone size-full wp-image-177662\" src=\"https:\/\/noticiasmercedinas.com\/site\/wp-content\/uploads\/2025\/12\/MAGUY.jpg\" alt=\"\" width=\"640\" height=\"360\" srcset=\"https:\/\/noticiasmercedinas.com\/site\/wp-content\/uploads\/2025\/12\/MAGUY.jpg 640w, https:\/\/noticiasmercedinas.com\/site\/wp-content\/uploads\/2025\/12\/MAGUY-300x169.jpg 300w\" sizes=\"auto, (max-width: 640px) 100vw, 640px\" \/><\/p>\n<p>El Consejo Escolar de Mercedes se encuentra en plena ejecuci\u00f3n de sus pol\u00edticas de acompa\u00f1amiento socioeducativo para el cierre del a\u00f1o y el inicio del ciclo 2026.<\/p>\n<p>Su presidenta, Maguy Oliva, brind\u00f3 precisiones sobre el nuevo equipo de trabajo conformado tras la asunci\u00f3n de autoridades el pasado 10 de diciembre y los pilares de la gesti\u00f3n para este verano, que tienen que ver en parte con la pronta puesta en marcha de Escuelas Abiertas de Verano, programa al que invit\u00f3 a sumarse.<\/p>\n<p>Oliva destac\u00f3 la conformaci\u00f3n del cuerpo colegiado que la acompa\u00f1a en la conducci\u00f3n del organismo: Presidencia: Maguy Oliva (quien contin\u00faa en el cargo);\u00a0Tesorer\u00eda: Ver\u00f3nica Negro (contin\u00faa en la funci\u00f3n);\u00a0Vicepresidencia: Luis Herrera;\u00a0Secretar\u00eda del Cuerpo: Guido Ortubia;\u00a0Vocal\u00edas: Mari Troncoso y Paula C\u00f3rdoba.<\/p>\n<p><strong>Operativo MESA: Entregas navide\u00f1as y refuerzo de enero<\/strong><br \/>\nUno de los puntos centrales de la labor actual es la continuidad del programa MESA de la provincia. Oliva inform\u00f3 que, gracias a las partidas del Ministerio de Desarrollo de la Comunidad de la Provincia de Buenos Aires \u2014bajo la gesti\u00f3n del Ministro Andr\u00e9s \u00abCuervo\u00bb Larroque\u2014, se est\u00e1n distribuyendo 7.675 cajas navide\u00f1as.<\/p>\n<p>Este m\u00f3dulo especial cuenta con productos t\u00edpicos de las fiestas (pan dulce, bud\u00edn, lata de durazno, entre otros) y se suma a la entrega adelantada de la caja correspondiente al mes de enero para asegurar el sustento de las familias durante el receso escolar. El operativo alcanza a la totalidad de la educaci\u00f3n estatal p\u00fablica (jardines, primarias y secundarias de \u00f3rbita provincial).<\/p>\n<p>La funcionaria destac\u00f3 el trabajo articulado con el equipo provincial de nutrici\u00f3n, mencionando espec\u00edficamente a Juan Sorrentino (Director Provincial), a la Directora de Nutrici\u00f3n, Luc\u00eda, y a la referente regional, Tamara Carbonelli, por su labor positiva en el territorio.<\/p>\n<p><strong>Escuelas Abiertas de Verano: Deporte y Nutrici\u00f3n<\/strong><br \/>\nA partir del 2 de enero y hasta el 31 de enero, se pondr\u00e1 en marcha el programa de Escuelas Abiertas de Verano, que este a\u00f1o contar\u00e1 con la coordinaci\u00f3n de Fernando Zaldivia. Con aproximadamente 600 inscriptos iniciales y 18 sedes activas, el programa funcionar\u00e1 de lunes a viernes en el horario de 08:00 a 12:00.<\/p>\n<p>La propuesta combina actividades pedag\u00f3gicas de art\u00edstica y educaci\u00f3n f\u00edsica (en conjunto con la Jefatura Distrital) con actividades recreativas en \u00abespejos de agua\u00bb, utilizando las piletas del Parque Municipal y del Unz\u00fae. Para garantizar el acceso, el Municipio de Mercedes, bajo la gesti\u00f3n de Juani Ustarroz, aporta el transporte escolar para el traslado de los ni\u00f1os y ni\u00f1as.<\/p>\n<p><strong>Innovaci\u00f3n gastron\u00f3mica: El bud\u00edn mercedino que es orgullo provincial<\/strong><br \/>\nUn hito destacado por Oliva fue la participaci\u00f3n de Mercedes en el Recetario Bonaerense. La receta de \u00abBud\u00edn de mandarina\u00bb elaborada por Soledad Alday, de la Escuela N\u00ba 3, fue seleccionada para integrar esta publicaci\u00f3n oficial que circula por los 135 municipios de la provincia.<\/p>\n<p>En este marco, se implementar\u00e1 el proyecto \u00abVerano en Familia\u00bb, donde se invitar\u00e1 a las cooperadoras y familias (padres, abuelos, t\u00edos) a participar de jornadas de elaboraci\u00f3n de este bud\u00edn. Adem\u00e1s, cada cocinera de las 18 sedes locales elegir\u00e1 una receta de otro municipio del recetario provincial para prepararla con los alumnos. \u00abNo es una jornada de dep\u00f3sito, es una continuidad de trabajo activo donde queremos que los chicos se sientan acompa\u00f1ados por sus familias\u00bb, concluy\u00f3 Oliva.<\/p>\n<p><img loading=\"lazy\" decoding=\"async\" class=\"alignnone size-full wp-image-177663\" src=\"https:\/\/noticiasmercedinas.com\/site\/wp-content\/uploads\/2025\/12\/CONSEJO1.jpg\" alt=\"\" width=\"1200\" height=\"906\" srcset=\"https:\/\/noticiasmercedinas.com\/site\/wp-content\/uploads\/2025\/12\/CONSEJO1.jpg 1200w, https:\/\/noticiasmercedinas.com\/site\/wp-content\/uploads\/2025\/12\/CONSEJO1-300x227.jpg 300w, https:\/\/noticiasmercedinas.com\/site\/wp-content\/uploads\/2025\/12\/CONSEJO1-1024x773.jpg 1024w, https:\/\/noticiasmercedinas.com\/site\/wp-content\/uploads\/2025\/12\/CONSEJO1-768x580.jpg 768w, https:\/\/noticiasmercedinas.com\/site\/wp-content\/uploads\/2025\/12\/CONSEJO1-80x60.jpg 80w, https:\/\/noticiasmercedinas.com\/site\/wp-content\/uploads\/2025\/12\/CONSEJO1-160x120.jpg 160w, https:\/\/noticiasmercedinas.com\/site\/wp-content\/uploads\/2025\/12\/CONSEJO1-100x75.jpg 100w, https:\/\/noticiasmercedinas.com\/site\/wp-content\/uploads\/2025\/12\/CONSEJO1-200x150.jpg 200w, https:\/\/noticiasmercedinas.com\/site\/wp-content\/uploads\/2025\/12\/CONSEJO1-180x135.jpg 180w, https:\/\/noticiasmercedinas.com\/site\/wp-content\/uploads\/2025\/12\/CONSEJO1-640x483.jpg 640w, https:\/\/noticiasmercedinas.com\/site\/wp-content\/uploads\/2025\/12\/CONSEJO1-681x514.jpg 681w\" sizes=\"auto, (max-width: 1200px) 100vw, 1200px\" \/><\/p>\n","protected":false},"excerpt":{"rendered":"<p>\u25a0 En el marco de una sesi\u00f3n del organismo, su presidenta Maguy Oliva detall\u00f3 a este medio la entrega de m\u00e1s de 7.600 cajas navide\u00f1as y el esquema de trabajo para el receso estival, destacando la articulaci\u00f3n con la Provincia y el Municipio.<\/p>\n","protected":false},"author":16,"featured_media":177662,"comment_status":"closed","ping_status":"closed","sticky":false,"template":"","format":"standard","meta":{"footnotes":""},"categories":[15755,3],"tags":[267,3360,18541,9406],"class_list":["post-177661","post","type-post","status-publish","format-standard","has-post-thumbnail","hentry","category-educacion","category-sociedad","tag-consejo-escolar","tag-escuelas-abiertas-de-verano","tag-maguy-oliva","tag-mesa"],"yoast_head":"<!-- This site is optimized with the Yoast SEO plugin v27.5 - https:\/\/yoast.com\/product\/yoast-seo-wordpress\/ -->\n<title>Consejo Escolar refuerza la asistencia alimentaria y lanza las Escuelas Abiertas de Verano 2026<\/title>\n<meta name=\"description\" content=\"En el marco de una sesi\u00f3n del organismo, su presidenta Maguy Oliva detall\u00f3 a este medio la entrega de m\u00e1s de 7.600 cajas navide\u00f1as y el esquema de trabajo para el receso estival, destacando la articulaci\u00f3n con la Provincia y el Municipio.\" \/>\n<meta name=\"robots\" content=\"index, follow, max-snippet:-1, max-image-preview:large, max-video-preview:-1\" \/>\n<link rel=\"canonical\" href=\"https:\/\/noticiasmercedinas.com\/site\/2025\/12\/29\/consejo-escolar-refuerza-la-asistencia-alimentaria-y-lanza-las-escuelas-abiertas-de-verano-2026\/\" \/>\n<meta property=\"og:locale\" content=\"es_ES\" \/>\n<meta property=\"og:type\" content=\"article\" \/>\n<meta property=\"og:title\" content=\"Consejo Escolar refuerza la asistencia alimentaria y lanza las Escuelas Abiertas de Verano 2026\" \/>\n<meta property=\"og:description\" content=\"En el marco de una sesi\u00f3n del organismo, su presidenta Maguy Oliva detall\u00f3 a este medio la entrega de m\u00e1s de 7.600 cajas navide\u00f1as y el esquema de trabajo para el receso estival, destacando la articulaci\u00f3n con la Provincia y el Municipio.\" \/>\n<meta property=\"og:url\" content=\"https:\/\/noticiasmercedinas.com\/site\/2025\/12\/29\/consejo-escolar-refuerza-la-asistencia-alimentaria-y-lanza-las-escuelas-abiertas-de-verano-2026\/\" \/>\n<meta property=\"og:site_name\" content=\"NOTICIASMERCEDINAS.COM\" \/>\n<meta property=\"article:publisher\" content=\"https:\/\/www.facebook.com\/noticiasmercedinas\/\" \/>\n<meta property=\"article:published_time\" content=\"2025-12-29T21:22:40+00:00\" \/>\n<meta property=\"og:image\" content=\"https:\/\/noticiasmercedinas.com\/site\/wp-content\/uploads\/2025\/12\/MAGUY.jpg\" \/>\n\t<meta property=\"og:image:width\" content=\"640\" \/>\n\t<meta property=\"og:image:height\" content=\"360\" \/>\n\t<meta property=\"og:image:type\" content=\"image\/jpeg\" \/>\n<meta name=\"author\" content=\"NOTICIASMERCEDINAS.COM\" \/>\n<meta name=\"twitter:card\" content=\"summary_large_image\" \/>\n<meta name=\"twitter:creator\" content=\"@notmercedinas\" \/>\n<meta name=\"twitter:site\" content=\"@notmercedinas\" \/>\n<meta name=\"twitter:label1\" content=\"Escrito por\" \/>\n\t<meta name=\"twitter:data1\" content=\"NOTICIASMERCEDINAS.COM\" \/>\n\t<meta name=\"twitter:label2\" content=\"Tiempo de lectura\" \/>\n\t<meta name=\"twitter:data2\" content=\"4 minutos\" \/>\n<script type=\"application\/ld+json\" class=\"yoast-schema-graph\">{\"@context\":\"https:\\\/\\\/schema.org\",\"@graph\":[{\"@type\":\"Article\",\"@id\":\"https:\\\/\\\/noticiasmercedinas.com\\\/site\\\/2025\\\/12\\\/29\\\/consejo-escolar-refuerza-la-asistencia-alimentaria-y-lanza-las-escuelas-abiertas-de-verano-2026\\\/#article\",\"isPartOf\":{\"@id\":\"https:\\\/\\\/noticiasmercedinas.com\\\/site\\\/2025\\\/12\\\/29\\\/consejo-escolar-refuerza-la-asistencia-alimentaria-y-lanza-las-escuelas-abiertas-de-verano-2026\\\/\"},\"author\":{\"name\":\"NOTICIASMERCEDINAS.COM\",\"@id\":\"https:\\\/\\\/noticiasmercedinas.com\\\/site\\\/#\\\/schema\\\/person\\\/84b59c099c28ff2e8b77d4ceec5d8063\"},\"headline\":\"Consejo Escolar refuerza la asistencia alimentaria y lanza las Escuelas Abiertas de Verano 2026\",\"datePublished\":\"2025-12-29T21:22:40+00:00\",\"mainEntityOfPage\":{\"@id\":\"https:\\\/\\\/noticiasmercedinas.com\\\/site\\\/2025\\\/12\\\/29\\\/consejo-escolar-refuerza-la-asistencia-alimentaria-y-lanza-las-escuelas-abiertas-de-verano-2026\\\/\"},\"wordCount\":594,\"publisher\":{\"@id\":\"https:\\\/\\\/noticiasmercedinas.com\\\/site\\\/#organization\"},\"image\":{\"@id\":\"https:\\\/\\\/noticiasmercedinas.com\\\/site\\\/2025\\\/12\\\/29\\\/consejo-escolar-refuerza-la-asistencia-alimentaria-y-lanza-las-escuelas-abiertas-de-verano-2026\\\/#primaryimage\"},\"thumbnailUrl\":\"https:\\\/\\\/noticiasmercedinas.com\\\/site\\\/wp-content\\\/uploads\\\/2025\\\/12\\\/MAGUY.jpg\",\"keywords\":[\"consejo escolar\",\"escuelas abiertas de verano\",\"maguy oliva\",\"mesa\"],\"articleSection\":[\"Educacion\",\"Sociedad\"],\"inLanguage\":\"es\"},{\"@type\":\"WebPage\",\"@id\":\"https:\\\/\\\/noticiasmercedinas.com\\\/site\\\/2025\\\/12\\\/29\\\/consejo-escolar-refuerza-la-asistencia-alimentaria-y-lanza-las-escuelas-abiertas-de-verano-2026\\\/\",\"url\":\"https:\\\/\\\/noticiasmercedinas.com\\\/site\\\/2025\\\/12\\\/29\\\/consejo-escolar-refuerza-la-asistencia-alimentaria-y-lanza-las-escuelas-abiertas-de-verano-2026\\\/\",\"name\":\"Consejo Escolar refuerza la asistencia alimentaria y lanza las Escuelas Abiertas de Verano 2026\",\"isPartOf\":{\"@id\":\"https:\\\/\\\/noticiasmercedinas.com\\\/site\\\/#website\"},\"primaryImageOfPage\":{\"@id\":\"https:\\\/\\\/noticiasmercedinas.com\\\/site\\\/2025\\\/12\\\/29\\\/consejo-escolar-refuerza-la-asistencia-alimentaria-y-lanza-las-escuelas-abiertas-de-verano-2026\\\/#primaryimage\"},\"image\":{\"@id\":\"https:\\\/\\\/noticiasmercedinas.com\\\/site\\\/2025\\\/12\\\/29\\\/consejo-escolar-refuerza-la-asistencia-alimentaria-y-lanza-las-escuelas-abiertas-de-verano-2026\\\/#primaryimage\"},\"thumbnailUrl\":\"https:\\\/\\\/noticiasmercedinas.com\\\/site\\\/wp-content\\\/uploads\\\/2025\\\/12\\\/MAGUY.jpg\",\"datePublished\":\"2025-12-29T21:22:40+00:00\",\"description\":\"En el marco de una sesi\u00f3n del organismo, su presidenta Maguy Oliva detall\u00f3 a este medio la entrega de m\u00e1s de 7.600 cajas navide\u00f1as y el esquema de trabajo para el receso estival, destacando la articulaci\u00f3n con la Provincia y el Municipio.\",\"breadcrumb\":{\"@id\":\"https:\\\/\\\/noticiasmercedinas.com\\\/site\\\/2025\\\/12\\\/29\\\/consejo-escolar-refuerza-la-asistencia-alimentaria-y-lanza-las-escuelas-abiertas-de-verano-2026\\\/#breadcrumb\"},\"inLanguage\":\"es\",\"potentialAction\":[{\"@type\":\"ReadAction\",\"target\":[\"https:\\\/\\\/noticiasmercedinas.com\\\/site\\\/2025\\\/12\\\/29\\\/consejo-escolar-refuerza-la-asistencia-alimentaria-y-lanza-las-escuelas-abiertas-de-verano-2026\\\/\"]}]},{\"@type\":\"ImageObject\",\"inLanguage\":\"es\",\"@id\":\"https:\\\/\\\/noticiasmercedinas.com\\\/site\\\/2025\\\/12\\\/29\\\/consejo-escolar-refuerza-la-asistencia-alimentaria-y-lanza-las-escuelas-abiertas-de-verano-2026\\\/#primaryimage\",\"url\":\"https:\\\/\\\/noticiasmercedinas.com\\\/site\\\/wp-content\\\/uploads\\\/2025\\\/12\\\/MAGUY.jpg\",\"contentUrl\":\"https:\\\/\\\/noticiasmercedinas.com\\\/site\\\/wp-content\\\/uploads\\\/2025\\\/12\\\/MAGUY.jpg\",\"width\":640,\"height\":360},{\"@type\":\"BreadcrumbList\",\"@id\":\"https:\\\/\\\/noticiasmercedinas.com\\\/site\\\/2025\\\/12\\\/29\\\/consejo-escolar-refuerza-la-asistencia-alimentaria-y-lanza-las-escuelas-abiertas-de-verano-2026\\\/#breadcrumb\",\"itemListElement\":[{\"@type\":\"ListItem\",\"position\":1,\"name\":\"Portada\",\"item\":\"https:\\\/\\\/noticiasmercedinas.com\\\/site\\\/\"},{\"@type\":\"ListItem\",\"position\":2,\"name\":\"Consejo Escolar refuerza la asistencia alimentaria y lanza las Escuelas Abiertas de Verano 2026\"}]},{\"@type\":\"WebSite\",\"@id\":\"https:\\\/\\\/noticiasmercedinas.com\\\/site\\\/#website\",\"url\":\"https:\\\/\\\/noticiasmercedinas.com\\\/site\\\/\",\"name\":\"NOTICIASMERCEDINAS.COM\",\"description\":\"Mercedes, Buenos Aires, Argentina\",\"publisher\":{\"@id\":\"https:\\\/\\\/noticiasmercedinas.com\\\/site\\\/#organization\"},\"potentialAction\":[{\"@type\":\"SearchAction\",\"target\":{\"@type\":\"EntryPoint\",\"urlTemplate\":\"https:\\\/\\\/noticiasmercedinas.com\\\/site\\\/?s={search_term_string}\"},\"query-input\":{\"@type\":\"PropertyValueSpecification\",\"valueRequired\":true,\"valueName\":\"search_term_string\"}}],\"inLanguage\":\"es\"},{\"@type\":\"Organization\",\"@id\":\"https:\\\/\\\/noticiasmercedinas.com\\\/site\\\/#organization\",\"name\":\"NOTICIASMERCEDINAS.COM\",\"url\":\"https:\\\/\\\/noticiasmercedinas.com\\\/site\\\/\",\"logo\":{\"@type\":\"ImageObject\",\"inLanguage\":\"es\",\"@id\":\"https:\\\/\\\/noticiasmercedinas.com\\\/site\\\/#\\\/schema\\\/logo\\\/image\\\/\",\"url\":\"https:\\\/\\\/noticiasmercedinas.com\\\/site\\\/wp-content\\\/uploads\\\/2020\\\/06\\\/LOGO-512.jpg\",\"contentUrl\":\"https:\\\/\\\/noticiasmercedinas.com\\\/site\\\/wp-content\\\/uploads\\\/2020\\\/06\\\/LOGO-512.jpg\",\"width\":512,\"height\":512,\"caption\":\"NOTICIASMERCEDINAS.COM\"},\"image\":{\"@id\":\"https:\\\/\\\/noticiasmercedinas.com\\\/site\\\/#\\\/schema\\\/logo\\\/image\\\/\"},\"sameAs\":[\"https:\\\/\\\/www.facebook.com\\\/noticiasmercedinas\\\/\",\"https:\\\/\\\/x.com\\\/notmercedinas\",\"https:\\\/\\\/www.instagram.com\\\/noticiasmercedinas\\\/\"]},{\"@type\":\"Person\",\"@id\":\"https:\\\/\\\/noticiasmercedinas.com\\\/site\\\/#\\\/schema\\\/person\\\/84b59c099c28ff2e8b77d4ceec5d8063\",\"name\":\"NOTICIASMERCEDINAS.COM\",\"image\":{\"@type\":\"ImageObject\",\"inLanguage\":\"es\",\"@id\":\"https:\\\/\\\/secure.gravatar.com\\\/avatar\\\/4dfbf16b4d17945bfb6341b2d19043457132fcf478a5ee04f42e959fd8f5df0a?s=96&d=mm&r=g\",\"url\":\"https:\\\/\\\/secure.gravatar.com\\\/avatar\\\/4dfbf16b4d17945bfb6341b2d19043457132fcf478a5ee04f42e959fd8f5df0a?s=96&d=mm&r=g\",\"contentUrl\":\"https:\\\/\\\/secure.gravatar.com\\\/avatar\\\/4dfbf16b4d17945bfb6341b2d19043457132fcf478a5ee04f42e959fd8f5df0a?s=96&d=mm&r=g\",\"caption\":\"NOTICIASMERCEDINAS.COM\"},\"url\":\"https:\\\/\\\/noticiasmercedinas.com\\\/site\\\/author\\\/anonimo\\\/\"}]}<\/script>\n<!-- \/ Yoast SEO plugin. -->","yoast_head_json":{"title":"Consejo Escolar refuerza la asistencia alimentaria y lanza las Escuelas Abiertas de Verano 2026","description":"En el marco de una sesi\u00f3n del organismo, su presidenta Maguy Oliva detall\u00f3 a este medio la entrega de m\u00e1s de 7.600 cajas navide\u00f1as y el esquema de trabajo para el receso estival, destacando la articulaci\u00f3n con la Provincia y el Municipio.","robots":{"index":"index","follow":"follow","max-snippet":"max-snippet:-1","max-image-preview":"max-image-preview:large","max-video-preview":"max-video-preview:-1"},"canonical":"https:\/\/noticiasmercedinas.com\/site\/2025\/12\/29\/consejo-escolar-refuerza-la-asistencia-alimentaria-y-lanza-las-escuelas-abiertas-de-verano-2026\/","og_locale":"es_ES","og_type":"article","og_title":"Consejo Escolar refuerza la asistencia alimentaria y lanza las Escuelas Abiertas de Verano 2026","og_description":"En el marco de una sesi\u00f3n del organismo, su presidenta Maguy Oliva detall\u00f3 a este medio la entrega de m\u00e1s de 7.600 cajas navide\u00f1as y el esquema de trabajo para el receso estival, destacando la articulaci\u00f3n con la Provincia y el Municipio.","og_url":"https:\/\/noticiasmercedinas.com\/site\/2025\/12\/29\/consejo-escolar-refuerza-la-asistencia-alimentaria-y-lanza-las-escuelas-abiertas-de-verano-2026\/","og_site_name":"NOTICIASMERCEDINAS.COM","article_publisher":"https:\/\/www.facebook.com\/noticiasmercedinas\/","article_published_time":"2025-12-29T21:22:40+00:00","og_image":[{"width":640,"height":360,"url":"https:\/\/noticiasmercedinas.com\/site\/wp-content\/uploads\/2025\/12\/MAGUY.jpg","type":"image\/jpeg"}],"author":"NOTICIASMERCEDINAS.COM","twitter_card":"summary_large_image","twitter_creator":"@notmercedinas","twitter_site":"@notmercedinas","twitter_misc":{"Escrito por":"NOTICIASMERCEDINAS.COM","Tiempo de lectura":"4 minutos"},"schema":{"@context":"https:\/\/schema.org","@graph":[{"@type":"Article","@id":"https:\/\/noticiasmercedinas.com\/site\/2025\/12\/29\/consejo-escolar-refuerza-la-asistencia-alimentaria-y-lanza-las-escuelas-abiertas-de-verano-2026\/#article","isPartOf":{"@id":"https:\/\/noticiasmercedinas.com\/site\/2025\/12\/29\/consejo-escolar-refuerza-la-asistencia-alimentaria-y-lanza-las-escuelas-abiertas-de-verano-2026\/"},"author":{"name":"NOTICIASMERCEDINAS.COM","@id":"https:\/\/noticiasmercedinas.com\/site\/#\/schema\/person\/84b59c099c28ff2e8b77d4ceec5d8063"},"headline":"Consejo Escolar refuerza la asistencia alimentaria y lanza las Escuelas Abiertas de Verano 2026","datePublished":"2025-12-29T21:22:40+00:00","mainEntityOfPage":{"@id":"https:\/\/noticiasmercedinas.com\/site\/2025\/12\/29\/consejo-escolar-refuerza-la-asistencia-alimentaria-y-lanza-las-escuelas-abiertas-de-verano-2026\/"},"wordCount":594,"publisher":{"@id":"https:\/\/noticiasmercedinas.com\/site\/#organization"},"image":{"@id":"https:\/\/noticiasmercedinas.com\/site\/2025\/12\/29\/consejo-escolar-refuerza-la-asistencia-alimentaria-y-lanza-las-escuelas-abiertas-de-verano-2026\/#primaryimage"},"thumbnailUrl":"https:\/\/noticiasmercedinas.com\/site\/wp-content\/uploads\/2025\/12\/MAGUY.jpg","keywords":["consejo escolar","escuelas abiertas de verano","maguy oliva","mesa"],"articleSection":["Educacion","Sociedad"],"inLanguage":"es"},{"@type":"WebPage","@id":"https:\/\/noticiasmercedinas.com\/site\/2025\/12\/29\/consejo-escolar-refuerza-la-asistencia-alimentaria-y-lanza-las-escuelas-abiertas-de-verano-2026\/","url":"https:\/\/noticiasmercedinas.com\/site\/2025\/12\/29\/consejo-escolar-refuerza-la-asistencia-alimentaria-y-lanza-las-escuelas-abiertas-de-verano-2026\/","name":"Consejo Escolar refuerza la asistencia alimentaria y lanza las Escuelas Abiertas de Verano 2026","isPartOf":{"@id":"https:\/\/noticiasmercedinas.com\/site\/#website"},"primaryImageOfPage":{"@id":"https:\/\/noticiasmercedinas.com\/site\/2025\/12\/29\/consejo-escolar-refuerza-la-asistencia-alimentaria-y-lanza-las-escuelas-abiertas-de-verano-2026\/#primaryimage"},"image":{"@id":"https:\/\/noticiasmercedinas.com\/site\/2025\/12\/29\/consejo-escolar-refuerza-la-asistencia-alimentaria-y-lanza-las-escuelas-abiertas-de-verano-2026\/#primaryimage"},"thumbnailUrl":"https:\/\/noticiasmercedinas.com\/site\/wp-content\/uploads\/2025\/12\/MAGUY.jpg","datePublished":"2025-12-29T21:22:40+00:00","description":"En el marco de una sesi\u00f3n del organismo, su presidenta Maguy Oliva detall\u00f3 a este medio la entrega de m\u00e1s de 7.600 cajas navide\u00f1as y el esquema de trabajo para el receso estival, destacando la articulaci\u00f3n con la Provincia y el Municipio.","breadcrumb":{"@id":"https:\/\/noticiasmercedinas.com\/site\/2025\/12\/29\/consejo-escolar-refuerza-la-asistencia-alimentaria-y-lanza-las-escuelas-abiertas-de-verano-2026\/#breadcrumb"},"inLanguage":"es","potentialAction":[{"@type":"ReadAction","target":["https:\/\/noticiasmercedinas.com\/site\/2025\/12\/29\/consejo-escolar-refuerza-la-asistencia-alimentaria-y-lanza-las-escuelas-abiertas-de-verano-2026\/"]}]},{"@type":"ImageObject","inLanguage":"es","@id":"https:\/\/noticiasmercedinas.com\/site\/2025\/12\/29\/consejo-escolar-refuerza-la-asistencia-alimentaria-y-lanza-las-escuelas-abiertas-de-verano-2026\/#primaryimage","url":"https:\/\/noticiasmercedinas.com\/site\/wp-content\/uploads\/2025\/12\/MAGUY.jpg","contentUrl":"https:\/\/noticiasmercedinas.com\/site\/wp-content\/uploads\/2025\/12\/MAGUY.jpg","width":640,"height":360},{"@type":"BreadcrumbList","@id":"https:\/\/noticiasmercedinas.com\/site\/2025\/12\/29\/consejo-escolar-refuerza-la-asistencia-alimentaria-y-lanza-las-escuelas-abiertas-de-verano-2026\/#breadcrumb","itemListElement":[{"@type":"ListItem","position":1,"name":"Portada","item":"https:\/\/noticiasmercedinas.com\/site\/"},{"@type":"ListItem","position":2,"name":"Consejo Escolar refuerza la asistencia alimentaria y lanza las Escuelas Abiertas de Verano 2026"}]},{"@type":"WebSite","@id":"https:\/\/noticiasmercedinas.com\/site\/#website","url":"https:\/\/noticiasmercedinas.com\/site\/","name":"NOTICIASMERCEDINAS.COM","description":"Mercedes, Buenos Aires, Argentina","publisher":{"@id":"https:\/\/noticiasmercedinas.com\/site\/#organization"},"potentialAction":[{"@type":"SearchAction","target":{"@type":"EntryPoint","urlTemplate":"https:\/\/noticiasmercedinas.com\/site\/?s={search_term_string}"},"query-input":{"@type":"PropertyValueSpecification","valueRequired":true,"valueName":"search_term_string"}}],"inLanguage":"es"},{"@type":"Organization","@id":"https:\/\/noticiasmercedinas.com\/site\/#organization","name":"NOTICIASMERCEDINAS.COM","url":"https:\/\/noticiasmercedinas.com\/site\/","logo":{"@type":"ImageObject","inLanguage":"es","@id":"https:\/\/noticiasmercedinas.com\/site\/#\/schema\/logo\/image\/","url":"https:\/\/noticiasmercedinas.com\/site\/wp-content\/uploads\/2020\/06\/LOGO-512.jpg","contentUrl":"https:\/\/noticiasmercedinas.com\/site\/wp-content\/uploads\/2020\/06\/LOGO-512.jpg","width":512,"height":512,"caption":"NOTICIASMERCEDINAS.COM"},"image":{"@id":"https:\/\/noticiasmercedinas.com\/site\/#\/schema\/logo\/image\/"},"sameAs":["https:\/\/www.facebook.com\/noticiasmercedinas\/","https:\/\/x.com\/notmercedinas","https:\/\/www.instagram.com\/noticiasmercedinas\/"]},{"@type":"Person","@id":"https:\/\/noticiasmercedinas.com\/site\/#\/schema\/person\/84b59c099c28ff2e8b77d4ceec5d8063","name":"NOTICIASMERCEDINAS.COM","image":{"@type":"ImageObject","inLanguage":"es","@id":"https:\/\/secure.gravatar.com\/avatar\/4dfbf16b4d17945bfb6341b2d19043457132fcf478a5ee04f42e959fd8f5df0a?s=96&d=mm&r=g","url":"https:\/\/secure.gravatar.com\/avatar\/4dfbf16b4d17945bfb6341b2d19043457132fcf478a5ee04f42e959fd8f5df0a?s=96&d=mm&r=g","contentUrl":"https:\/\/secure.gravatar.com\/avatar\/4dfbf16b4d17945bfb6341b2d19043457132fcf478a5ee04f42e959fd8f5df0a?s=96&d=mm&r=g","caption":"NOTICIASMERCEDINAS.COM"},"url":"https:\/\/noticiasmercedinas.com\/site\/author\/anonimo\/"}]}},"amp_enabled":true,"_links":{"self":[{"href":"https:\/\/noticiasmercedinas.com\/site\/wp-json\/wp\/v2\/posts\/177661","targetHints":{"allow":["GET"]}}],"collection":[{"href":"https:\/\/noticiasmercedinas.com\/site\/wp-json\/wp\/v2\/posts"}],"about":[{"href":"https:\/\/noticiasmercedinas.com\/site\/wp-json\/wp\/v2\/types\/post"}],"author":[{"embeddable":true,"href":"https:\/\/noticiasmercedinas.com\/site\/wp-json\/wp\/v2\/users\/16"}],"replies":[{"embeddable":true,"href":"https:\/\/noticiasmercedinas.com\/site\/wp-json\/wp\/v2\/comments?post=177661"}],"version-history":[{"count":1,"href":"https:\/\/noticiasmercedinas.com\/site\/wp-json\/wp\/v2\/posts\/177661\/revisions"}],"predecessor-version":[{"id":177664,"href":"https:\/\/noticiasmercedinas.com\/site\/wp-json\/wp\/v2\/posts\/177661\/revisions\/177664"}],"wp:featuredmedia":[{"embeddable":true,"href":"https:\/\/noticiasmercedinas.com\/site\/wp-json\/wp\/v2\/media\/177662"}],"wp:attachment":[{"href":"https:\/\/noticiasmercedinas.com\/site\/wp-json\/wp\/v2\/media?parent=177661"}],"wp:term":[{"taxonomy":"category","embeddable":true,"href":"https:\/\/noticiasmercedinas.com\/site\/wp-json\/wp\/v2\/categories?post=177661"},{"taxonomy":"post_tag","embeddable":true,"href":"https:\/\/noticiasmercedinas.com\/site\/wp-json\/wp\/v2\/tags?post=177661"}],"curies":[{"name":"wp","href":"https:\/\/api.w.org\/{rel}","templated":true}]}}