{"id":177687,"date":"2025-12-30T09:58:48","date_gmt":"2025-12-30T12:58:48","guid":{"rendered":"https:\/\/noticiasmercedinas.com\/site\/?p=177687"},"modified":"2025-12-30T09:58:48","modified_gmt":"2025-12-30T12:58:48","slug":"zubeldia-la-asamblea-debe-ser-mas-representativa-y-recuperar-su-espiritu-democratico","status":"publish","type":"post","link":"https:\/\/noticiasmercedinas.com\/site\/2025\/12\/30\/zubeldia-la-asamblea-debe-ser-mas-representativa-y-recuperar-su-espiritu-democratico\/","title":{"rendered":"Zubeld\u00eda: \u201cLa Asamblea debe ser m\u00e1s representativa y recuperar su esp\u00edritu democr\u00e1tico\u201d"},"content":{"rendered":"<p data-path-to-node=\"3\"><img loading=\"lazy\" decoding=\"async\" class=\"alignnone size-full wp-image-177689\" src=\"https:\/\/noticiasmercedinas.com\/site\/wp-content\/uploads\/2025\/12\/zubeldia_7-1.jpg\" alt=\"\" width=\"640\" height=\"377\" srcset=\"https:\/\/noticiasmercedinas.com\/site\/wp-content\/uploads\/2025\/12\/zubeldia_7-1.jpg 640w, https:\/\/noticiasmercedinas.com\/site\/wp-content\/uploads\/2025\/12\/zubeldia_7-1-300x177.jpg 300w\" sizes=\"auto, (max-width: 640px) 100vw, 640px\" \/><\/p>\n<p data-path-to-node=\"4\">En torno a la pol\u00edtica fiscal del municipio, el concejal de <b data-path-to-node=\"4\" data-index-in-node=\"103\">Vecinos por Mercedes<\/b>, <b data-path-to-node=\"4\" data-index-in-node=\"125\">Bernardo Zubeld\u00eda<\/b>, se refiri\u00f3 cr\u00edticamente a la sesi\u00f3n de la <b data-path-to-node=\"4\" data-index-in-node=\"195\">Asamblea de Mayores Contribuyentes realizada anoche en el Concejo<\/b>. El edil inst\u00f3 a recuperar el prop\u00f3sito institucional de esta herramienta, advirtiendo que, en la pr\u00e1ctica actual, se ha convertido en una mera formalidad para convalidar aumentos de tasas sin un debate profundo ni representativo.<\/p>\n<p data-path-to-node=\"6\">Zubeld\u00eda fue tajante al se\u00f1alar que la Asamblea \u201cno puede convertirse en un tr\u00e1mite partidario ni en una formalidad autom\u00e1tica\u201d. Seg\u00fan explic\u00f3, este \u00f3rgano fue dise\u00f1ado originalmente para que vecinos de diversos sectores participaran activamente en la definici\u00f3n de la pol\u00edtica tributaria local, algo que, a su juicio, hoy no sucede.<\/p>\n<blockquote>\n<p data-path-to-node=\"6\">\u00abSiempre terminan participando los mismos vecinos, muchas veces vinculados al oficialismo. Eso empobrece el debate y vac\u00eda de contenido el esp\u00edritu democr\u00e1tico de la Asamblea\u00bb<\/p>\n<\/blockquote>\n<p data-path-to-node=\"7\">Desde el bloque vecinalista manifestaron su preocupaci\u00f3n por el desinter\u00e9s o la falta de compromiso de algunas fuerzas pol\u00edticas para inscribir a sus representantes en tiempo y forma. Esta negligencia administrativa, denunci\u00f3 el concejal, termina desvirtuando la composici\u00f3n del cuerpo: \u201cCuando no se cumple con ese compromiso, siempre terminan participando los mismos vecinos, muchas veces vinculados al oficialismo. Eso empobrece el debate y vac\u00eda de contenido el esp\u00edritu democr\u00e1tico de la Asamblea\u201d.<\/p>\n<h3 data-path-to-node=\"8\">Presi\u00f3n fiscal y calidad de los servicios<\/h3>\n<p data-path-to-node=\"9\">El eje del reclamo de Zubeld\u00eda radica en la desproporci\u00f3n entre la exigencia recaudatoria y la contraprestaci\u00f3n que recibe el ciudadano. Para el concejal, el problema no es la discusi\u00f3n de tasas en s\u00ed, sino que el ajuste fiscal recaiga sistem\u00e1ticamente sobre los sectores que ya realizan un esfuerzo enorme, sin percibir mejoras en las prestaciones b\u00e1sicas.<\/p>\n<p data-path-to-node=\"10\">\u201cNo se puede pedir m\u00e1s sin antes dar mejores respuestas\u201d, sostuvo firmemente, calificando de \u00abdeficientes\u00bb a los servicios actuales. En ese sentido, reiter\u00f3 que la funci\u00f3n del Estado local deber\u00eda ser ordenar prioridades y mejorar el gasto en lugar de aumentar la presi\u00f3n sobre el contribuyente cumplidor.<\/p>\n<p data-path-to-node=\"12\">Para ejemplificar lo que considera una pol\u00edtica fiscal poco racional, Zubeld\u00eda expuso el caso del derecho por ocupaci\u00f3n del espacio p\u00fablico aplicado a la red de gas. El concejal advirti\u00f3 que este tributo, en la pr\u00e1ctica, no es afrontado por las empresas prestadoras de energ\u00eda, sino que se traslada directamente a la factura de los vecinos.<\/p>\n<blockquote>\n<p data-path-to-node=\"12\">\u201cNo se puede pedir m\u00e1s sin antes dar mejores respuestas\u201d, sostuvo Zubeld\u00eda, calificando de \u00abdeficientes\u00bb a los servicios actuales<\/p>\n<\/blockquote>\n<p data-path-to-node=\"13\">\u201cLos propios usuarios terminan afrontando un recargo que se traslada a la factura y que, adem\u00e1s, paga IVA\u201d, subray\u00f3, se\u00f1alando que este tipo de cargos indirectos aumentan la carga econ\u00f3mica de las familias mercedinas de forma poco transparente.<\/p>\n<p data-path-to-node=\"15\">Finalmente, el referente de Vecinos por Mercedes asegur\u00f3 que su espacio mantendr\u00e1 una postura de coherencia y responsabilidad institucional frente a la \u201cvoracidad fiscal\u201d. Afirm\u00f3 que defender al vecino implica, necesariamente, garantizar que las decisiones se tomen con verdadera representaci\u00f3n y transparencia, evitando que el municipio se convierta en una carga para el desarrollo local.<\/p>\n<p data-path-to-node=\"16\">\u201cGobernar tambi\u00e9n implica comprender que detr\u00e1s de cada tasa hay familias, productores, comerciantes y trabajadores que hacen un enorme esfuerzo para sostenerse\u201d, concluy\u00f3.<\/p>\n","protected":false},"excerpt":{"rendered":"<p>\u25a0 El referente de Vecinos por Mercedes cuestion\u00f3 la p\u00e9rdida del esp\u00edritu democr\u00e1tico en la toma de decisiones tributarias. Zubeld\u00eda denunci\u00f3 la falta de pluralidad en la Asamblea y la ineficiencia en los servicios municipales, que terminan sobrecargando siempre a los mismos sectores.<\/p>\n","protected":false},"author":16,"featured_media":177689,"comment_status":"closed","ping_status":"closed","sticky":false,"template":"","format":"standard","meta":{"footnotes":""},"categories":[16],"tags":[2790,18289,19,20456,18672],"class_list":["post-177687","post","type-post","status-publish","format-standard","has-post-thumbnail","hentry","category-politica","tag-asamblea-de-mayores-contribuyentes","tag-bernardo-zubeldia","tag-hcd","tag-romanela-vautretto","tag-vecinos-por-mercedes"],"yoast_head":"<!-- This site is optimized with the Yoast SEO plugin v28.3 - https:\/\/yoast.com\/product\/yoast-seo-wordpress\/ -->\n<title>Zubeld\u00eda: \u201cLa Asamblea debe ser m\u00e1s representativa y recuperar su esp\u00edritu democr\u00e1tico\u201d<\/title>\n<meta name=\"description\" content=\"El referente de Vecinos por Mercedes cuestion\u00f3 con dureza la p\u00e9rdida del esp\u00edritu democr\u00e1tico en la toma de decisiones tributarias. Denunci\u00f3 que la falta de pluralidad en la Asamblea y la ineficiencia en los servicios municipales terminan sobrecargando siempre a los mismos sectores de la comunidad.\" \/>\n<meta name=\"robots\" content=\"index, follow, max-snippet:-1, max-image-preview:large, max-video-preview:-1\" \/>\n<link rel=\"canonical\" href=\"https:\/\/noticiasmercedinas.com\/site\/2025\/12\/30\/zubeldia-la-asamblea-debe-ser-mas-representativa-y-recuperar-su-espiritu-democratico\/\" \/>\n<meta property=\"og:locale\" content=\"es_ES\" \/>\n<meta property=\"og:type\" content=\"article\" \/>\n<meta property=\"og:title\" content=\"Zubeld\u00eda: \u201cLa Asamblea debe ser m\u00e1s representativa y recuperar su esp\u00edritu democr\u00e1tico\u201d\" \/>\n<meta property=\"og:description\" content=\"El referente de Vecinos por Mercedes cuestion\u00f3 con dureza la p\u00e9rdida del esp\u00edritu democr\u00e1tico en la toma de decisiones tributarias. Denunci\u00f3 que la falta de pluralidad en la Asamblea y la ineficiencia en los servicios municipales terminan sobrecargando siempre a los mismos sectores de la comunidad.\" \/>\n<meta property=\"og:url\" content=\"https:\/\/noticiasmercedinas.com\/site\/2025\/12\/30\/zubeldia-la-asamblea-debe-ser-mas-representativa-y-recuperar-su-espiritu-democratico\/\" \/>\n<meta property=\"og:site_name\" content=\"NOTICIASMERCEDINAS.COM\" \/>\n<meta property=\"article:publisher\" content=\"https:\/\/www.facebook.com\/noticiasmercedinas\/\" \/>\n<meta property=\"article:published_time\" content=\"2025-12-30T12:58:48+00:00\" \/>\n<meta property=\"og:image\" content=\"https:\/\/noticiasmercedinas.com\/site\/wp-content\/uploads\/2025\/12\/zubeldia_7-1.jpg\" \/>\n\t<meta property=\"og:image:width\" content=\"640\" \/>\n\t<meta property=\"og:image:height\" content=\"377\" \/>\n\t<meta property=\"og:image:type\" content=\"image\/jpeg\" \/>\n<meta name=\"author\" content=\"NOTICIASMERCEDINAS.COM\" \/>\n<meta name=\"twitter:card\" content=\"summary_large_image\" \/>\n<meta name=\"twitter:creator\" content=\"@notmercedinas\" \/>\n<meta name=\"twitter:site\" content=\"@notmercedinas\" \/>\n<meta name=\"twitter:label1\" content=\"Escrito por\" \/>\n\t<meta name=\"twitter:data1\" content=\"NOTICIASMERCEDINAS.COM\" \/>\n\t<meta name=\"twitter:label2\" content=\"Tiempo de lectura\" \/>\n\t<meta name=\"twitter:data2\" content=\"3 minutos\" \/>\n<script type=\"application\/ld+json\" class=\"yoast-schema-graph\">{\"@context\":\"https:\\\/\\\/schema.org\",\"@graph\":[{\"@type\":\"Article\",\"@id\":\"https:\\\/\\\/noticiasmercedinas.com\\\/site\\\/2025\\\/12\\\/30\\\/zubeldia-la-asamblea-debe-ser-mas-representativa-y-recuperar-su-espiritu-democratico\\\/#article\",\"isPartOf\":{\"@id\":\"https:\\\/\\\/noticiasmercedinas.com\\\/site\\\/2025\\\/12\\\/30\\\/zubeldia-la-asamblea-debe-ser-mas-representativa-y-recuperar-su-espiritu-democratico\\\/\"},\"author\":{\"name\":\"NOTICIASMERCEDINAS.COM\",\"@id\":\"https:\\\/\\\/noticiasmercedinas.com\\\/site\\\/#\\\/schema\\\/person\\\/84b59c099c28ff2e8b77d4ceec5d8063\"},\"headline\":\"Zubeld\u00eda: \u201cLa Asamblea debe ser m\u00e1s representativa y recuperar su esp\u00edritu democr\u00e1tico\u201d\",\"datePublished\":\"2025-12-30T12:58:48+00:00\",\"mainEntityOfPage\":{\"@id\":\"https:\\\/\\\/noticiasmercedinas.com\\\/site\\\/2025\\\/12\\\/30\\\/zubeldia-la-asamblea-debe-ser-mas-representativa-y-recuperar-su-espiritu-democratico\\\/\"},\"wordCount\":583,\"publisher\":{\"@id\":\"https:\\\/\\\/noticiasmercedinas.com\\\/site\\\/#organization\"},\"image\":{\"@id\":\"https:\\\/\\\/noticiasmercedinas.com\\\/site\\\/2025\\\/12\\\/30\\\/zubeldia-la-asamblea-debe-ser-mas-representativa-y-recuperar-su-espiritu-democratico\\\/#primaryimage\"},\"thumbnailUrl\":\"https:\\\/\\\/noticiasmercedinas.com\\\/site\\\/wp-content\\\/uploads\\\/2025\\\/12\\\/zubeldia_7-1.jpg\",\"keywords\":[\"asamblea de mayores contribuyentes\",\"bernardo zubeldia\",\"HCD\",\"romanela vautretto\",\"vecinos por mercedes\"],\"articleSection\":[\"Politica\"],\"inLanguage\":\"es\"},{\"@type\":\"WebPage\",\"@id\":\"https:\\\/\\\/noticiasmercedinas.com\\\/site\\\/2025\\\/12\\\/30\\\/zubeldia-la-asamblea-debe-ser-mas-representativa-y-recuperar-su-espiritu-democratico\\\/\",\"url\":\"https:\\\/\\\/noticiasmercedinas.com\\\/site\\\/2025\\\/12\\\/30\\\/zubeldia-la-asamblea-debe-ser-mas-representativa-y-recuperar-su-espiritu-democratico\\\/\",\"name\":\"Zubeld\u00eda: \u201cLa Asamblea debe ser m\u00e1s representativa y recuperar su esp\u00edritu democr\u00e1tico\u201d\",\"isPartOf\":{\"@id\":\"https:\\\/\\\/noticiasmercedinas.com\\\/site\\\/#website\"},\"primaryImageOfPage\":{\"@id\":\"https:\\\/\\\/noticiasmercedinas.com\\\/site\\\/2025\\\/12\\\/30\\\/zubeldia-la-asamblea-debe-ser-mas-representativa-y-recuperar-su-espiritu-democratico\\\/#primaryimage\"},\"image\":{\"@id\":\"https:\\\/\\\/noticiasmercedinas.com\\\/site\\\/2025\\\/12\\\/30\\\/zubeldia-la-asamblea-debe-ser-mas-representativa-y-recuperar-su-espiritu-democratico\\\/#primaryimage\"},\"thumbnailUrl\":\"https:\\\/\\\/noticiasmercedinas.com\\\/site\\\/wp-content\\\/uploads\\\/2025\\\/12\\\/zubeldia_7-1.jpg\",\"datePublished\":\"2025-12-30T12:58:48+00:00\",\"description\":\"El referente de Vecinos por Mercedes cuestion\u00f3 con dureza la p\u00e9rdida del esp\u00edritu democr\u00e1tico en la toma de decisiones tributarias. Denunci\u00f3 que la falta de pluralidad en la Asamblea y la ineficiencia en los servicios municipales terminan sobrecargando siempre a los mismos sectores de la comunidad.\",\"breadcrumb\":{\"@id\":\"https:\\\/\\\/noticiasmercedinas.com\\\/site\\\/2025\\\/12\\\/30\\\/zubeldia-la-asamblea-debe-ser-mas-representativa-y-recuperar-su-espiritu-democratico\\\/#breadcrumb\"},\"inLanguage\":\"es\",\"potentialAction\":[{\"@type\":\"ReadAction\",\"target\":[\"https:\\\/\\\/noticiasmercedinas.com\\\/site\\\/2025\\\/12\\\/30\\\/zubeldia-la-asamblea-debe-ser-mas-representativa-y-recuperar-su-espiritu-democratico\\\/\"]}]},{\"@type\":\"ImageObject\",\"inLanguage\":\"es\",\"@id\":\"https:\\\/\\\/noticiasmercedinas.com\\\/site\\\/2025\\\/12\\\/30\\\/zubeldia-la-asamblea-debe-ser-mas-representativa-y-recuperar-su-espiritu-democratico\\\/#primaryimage\",\"url\":\"https:\\\/\\\/noticiasmercedinas.com\\\/site\\\/wp-content\\\/uploads\\\/2025\\\/12\\\/zubeldia_7-1.jpg\",\"contentUrl\":\"https:\\\/\\\/noticiasmercedinas.com\\\/site\\\/wp-content\\\/uploads\\\/2025\\\/12\\\/zubeldia_7-1.jpg\",\"width\":640,\"height\":377},{\"@type\":\"BreadcrumbList\",\"@id\":\"https:\\\/\\\/noticiasmercedinas.com\\\/site\\\/2025\\\/12\\\/30\\\/zubeldia-la-asamblea-debe-ser-mas-representativa-y-recuperar-su-espiritu-democratico\\\/#breadcrumb\",\"itemListElement\":[{\"@type\":\"ListItem\",\"position\":1,\"name\":\"Portada\",\"item\":\"https:\\\/\\\/noticiasmercedinas.com\\\/site\\\/\"},{\"@type\":\"ListItem\",\"position\":2,\"name\":\"Zubeld\u00eda: \u201cLa Asamblea debe ser m\u00e1s representativa y recuperar su esp\u00edritu democr\u00e1tico\u201d\"}]},{\"@type\":\"WebSite\",\"@id\":\"https:\\\/\\\/noticiasmercedinas.com\\\/site\\\/#website\",\"url\":\"https:\\\/\\\/noticiasmercedinas.com\\\/site\\\/\",\"name\":\"NOTICIASMERCEDINAS.COM\",\"description\":\"Mercedes, Buenos Aires, Argentina\",\"publisher\":{\"@id\":\"https:\\\/\\\/noticiasmercedinas.com\\\/site\\\/#organization\"},\"potentialAction\":[{\"@type\":\"SearchAction\",\"target\":{\"@type\":\"EntryPoint\",\"urlTemplate\":\"https:\\\/\\\/noticiasmercedinas.com\\\/site\\\/?s={search_term_string}\"},\"query-input\":{\"@type\":\"PropertyValueSpecification\",\"valueRequired\":true,\"valueName\":\"search_term_string\"}}],\"inLanguage\":\"es\"},{\"@type\":\"Organization\",\"@id\":\"https:\\\/\\\/noticiasmercedinas.com\\\/site\\\/#organization\",\"name\":\"NOTICIASMERCEDINAS.COM\",\"url\":\"https:\\\/\\\/noticiasmercedinas.com\\\/site\\\/\",\"logo\":{\"@type\":\"ImageObject\",\"inLanguage\":\"es\",\"@id\":\"https:\\\/\\\/noticiasmercedinas.com\\\/site\\\/#\\\/schema\\\/logo\\\/image\\\/\",\"url\":\"https:\\\/\\\/noticiasmercedinas.com\\\/site\\\/wp-content\\\/uploads\\\/2020\\\/06\\\/LOGO-512.jpg\",\"contentUrl\":\"https:\\\/\\\/noticiasmercedinas.com\\\/site\\\/wp-content\\\/uploads\\\/2020\\\/06\\\/LOGO-512.jpg\",\"width\":512,\"height\":512,\"caption\":\"NOTICIASMERCEDINAS.COM\"},\"image\":{\"@id\":\"https:\\\/\\\/noticiasmercedinas.com\\\/site\\\/#\\\/schema\\\/logo\\\/image\\\/\"},\"sameAs\":[\"https:\\\/\\\/www.facebook.com\\\/noticiasmercedinas\\\/\",\"https:\\\/\\\/x.com\\\/notmercedinas\",\"https:\\\/\\\/www.instagram.com\\\/noticiasmercedinas\\\/\"]},{\"@type\":\"Person\",\"@id\":\"https:\\\/\\\/noticiasmercedinas.com\\\/site\\\/#\\\/schema\\\/person\\\/84b59c099c28ff2e8b77d4ceec5d8063\",\"name\":\"NOTICIASMERCEDINAS.COM\",\"image\":{\"@type\":\"ImageObject\",\"inLanguage\":\"es\",\"@id\":\"https:\\\/\\\/secure.gravatar.com\\\/avatar\\\/4dfbf16b4d17945bfb6341b2d19043457132fcf478a5ee04f42e959fd8f5df0a?s=96&d=mm&r=g\",\"url\":\"https:\\\/\\\/secure.gravatar.com\\\/avatar\\\/4dfbf16b4d17945bfb6341b2d19043457132fcf478a5ee04f42e959fd8f5df0a?s=96&d=mm&r=g\",\"contentUrl\":\"https:\\\/\\\/secure.gravatar.com\\\/avatar\\\/4dfbf16b4d17945bfb6341b2d19043457132fcf478a5ee04f42e959fd8f5df0a?s=96&d=mm&r=g\",\"caption\":\"NOTICIASMERCEDINAS.COM\"},\"url\":\"https:\\\/\\\/noticiasmercedinas.com\\\/site\\\/author\\\/anonimo\\\/\"}]}<\/script>\n<!-- \/ Yoast SEO plugin. -->","yoast_head_json":{"title":"Zubeld\u00eda: \u201cLa Asamblea debe ser m\u00e1s representativa y recuperar su esp\u00edritu democr\u00e1tico\u201d","description":"El referente de Vecinos por Mercedes cuestion\u00f3 con dureza la p\u00e9rdida del esp\u00edritu democr\u00e1tico en la toma de decisiones tributarias. Denunci\u00f3 que la falta de pluralidad en la Asamblea y la ineficiencia en los servicios municipales terminan sobrecargando siempre a los mismos sectores de la comunidad.","robots":{"index":"index","follow":"follow","max-snippet":"max-snippet:-1","max-image-preview":"max-image-preview:large","max-video-preview":"max-video-preview:-1"},"canonical":"https:\/\/noticiasmercedinas.com\/site\/2025\/12\/30\/zubeldia-la-asamblea-debe-ser-mas-representativa-y-recuperar-su-espiritu-democratico\/","og_locale":"es_ES","og_type":"article","og_title":"Zubeld\u00eda: \u201cLa Asamblea debe ser m\u00e1s representativa y recuperar su esp\u00edritu democr\u00e1tico\u201d","og_description":"El referente de Vecinos por Mercedes cuestion\u00f3 con dureza la p\u00e9rdida del esp\u00edritu democr\u00e1tico en la toma de decisiones tributarias. Denunci\u00f3 que la falta de pluralidad en la Asamblea y la ineficiencia en los servicios municipales terminan sobrecargando siempre a los mismos sectores de la comunidad.","og_url":"https:\/\/noticiasmercedinas.com\/site\/2025\/12\/30\/zubeldia-la-asamblea-debe-ser-mas-representativa-y-recuperar-su-espiritu-democratico\/","og_site_name":"NOTICIASMERCEDINAS.COM","article_publisher":"https:\/\/www.facebook.com\/noticiasmercedinas\/","article_published_time":"2025-12-30T12:58:48+00:00","og_image":[{"width":640,"height":377,"url":"https:\/\/noticiasmercedinas.com\/site\/wp-content\/uploads\/2025\/12\/zubeldia_7-1.jpg","type":"image\/jpeg"}],"author":"NOTICIASMERCEDINAS.COM","twitter_card":"summary_large_image","twitter_creator":"@notmercedinas","twitter_site":"@notmercedinas","twitter_misc":{"Escrito por":"NOTICIASMERCEDINAS.COM","Tiempo de lectura":"3 minutos"},"schema":{"@context":"https:\/\/schema.org","@graph":[{"@type":"Article","@id":"https:\/\/noticiasmercedinas.com\/site\/2025\/12\/30\/zubeldia-la-asamblea-debe-ser-mas-representativa-y-recuperar-su-espiritu-democratico\/#article","isPartOf":{"@id":"https:\/\/noticiasmercedinas.com\/site\/2025\/12\/30\/zubeldia-la-asamblea-debe-ser-mas-representativa-y-recuperar-su-espiritu-democratico\/"},"author":{"name":"NOTICIASMERCEDINAS.COM","@id":"https:\/\/noticiasmercedinas.com\/site\/#\/schema\/person\/84b59c099c28ff2e8b77d4ceec5d8063"},"headline":"Zubeld\u00eda: \u201cLa Asamblea debe ser m\u00e1s representativa y recuperar su esp\u00edritu democr\u00e1tico\u201d","datePublished":"2025-12-30T12:58:48+00:00","mainEntityOfPage":{"@id":"https:\/\/noticiasmercedinas.com\/site\/2025\/12\/30\/zubeldia-la-asamblea-debe-ser-mas-representativa-y-recuperar-su-espiritu-democratico\/"},"wordCount":583,"publisher":{"@id":"https:\/\/noticiasmercedinas.com\/site\/#organization"},"image":{"@id":"https:\/\/noticiasmercedinas.com\/site\/2025\/12\/30\/zubeldia-la-asamblea-debe-ser-mas-representativa-y-recuperar-su-espiritu-democratico\/#primaryimage"},"thumbnailUrl":"https:\/\/noticiasmercedinas.com\/site\/wp-content\/uploads\/2025\/12\/zubeldia_7-1.jpg","keywords":["asamblea de mayores contribuyentes","bernardo zubeldia","HCD","romanela vautretto","vecinos por mercedes"],"articleSection":["Politica"],"inLanguage":"es"},{"@type":"WebPage","@id":"https:\/\/noticiasmercedinas.com\/site\/2025\/12\/30\/zubeldia-la-asamblea-debe-ser-mas-representativa-y-recuperar-su-espiritu-democratico\/","url":"https:\/\/noticiasmercedinas.com\/site\/2025\/12\/30\/zubeldia-la-asamblea-debe-ser-mas-representativa-y-recuperar-su-espiritu-democratico\/","name":"Zubeld\u00eda: \u201cLa Asamblea debe ser m\u00e1s representativa y recuperar su esp\u00edritu democr\u00e1tico\u201d","isPartOf":{"@id":"https:\/\/noticiasmercedinas.com\/site\/#website"},"primaryImageOfPage":{"@id":"https:\/\/noticiasmercedinas.com\/site\/2025\/12\/30\/zubeldia-la-asamblea-debe-ser-mas-representativa-y-recuperar-su-espiritu-democratico\/#primaryimage"},"image":{"@id":"https:\/\/noticiasmercedinas.com\/site\/2025\/12\/30\/zubeldia-la-asamblea-debe-ser-mas-representativa-y-recuperar-su-espiritu-democratico\/#primaryimage"},"thumbnailUrl":"https:\/\/noticiasmercedinas.com\/site\/wp-content\/uploads\/2025\/12\/zubeldia_7-1.jpg","datePublished":"2025-12-30T12:58:48+00:00","description":"El referente de Vecinos por Mercedes cuestion\u00f3 con dureza la p\u00e9rdida del esp\u00edritu democr\u00e1tico en la toma de decisiones tributarias. Denunci\u00f3 que la falta de pluralidad en la Asamblea y la ineficiencia en los servicios municipales terminan sobrecargando siempre a los mismos sectores de la comunidad.","breadcrumb":{"@id":"https:\/\/noticiasmercedinas.com\/site\/2025\/12\/30\/zubeldia-la-asamblea-debe-ser-mas-representativa-y-recuperar-su-espiritu-democratico\/#breadcrumb"},"inLanguage":"es","potentialAction":[{"@type":"ReadAction","target":["https:\/\/noticiasmercedinas.com\/site\/2025\/12\/30\/zubeldia-la-asamblea-debe-ser-mas-representativa-y-recuperar-su-espiritu-democratico\/"]}]},{"@type":"ImageObject","inLanguage":"es","@id":"https:\/\/noticiasmercedinas.com\/site\/2025\/12\/30\/zubeldia-la-asamblea-debe-ser-mas-representativa-y-recuperar-su-espiritu-democratico\/#primaryimage","url":"https:\/\/noticiasmercedinas.com\/site\/wp-content\/uploads\/2025\/12\/zubeldia_7-1.jpg","contentUrl":"https:\/\/noticiasmercedinas.com\/site\/wp-content\/uploads\/2025\/12\/zubeldia_7-1.jpg","width":640,"height":377},{"@type":"BreadcrumbList","@id":"https:\/\/noticiasmercedinas.com\/site\/2025\/12\/30\/zubeldia-la-asamblea-debe-ser-mas-representativa-y-recuperar-su-espiritu-democratico\/#breadcrumb","itemListElement":[{"@type":"ListItem","position":1,"name":"Portada","item":"https:\/\/noticiasmercedinas.com\/site\/"},{"@type":"ListItem","position":2,"name":"Zubeld\u00eda: \u201cLa Asamblea debe ser m\u00e1s representativa y recuperar su esp\u00edritu democr\u00e1tico\u201d"}]},{"@type":"WebSite","@id":"https:\/\/noticiasmercedinas.com\/site\/#website","url":"https:\/\/noticiasmercedinas.com\/site\/","name":"NOTICIASMERCEDINAS.COM","description":"Mercedes, Buenos Aires, Argentina","publisher":{"@id":"https:\/\/noticiasmercedinas.com\/site\/#organization"},"potentialAction":[{"@type":"SearchAction","target":{"@type":"EntryPoint","urlTemplate":"https:\/\/noticiasmercedinas.com\/site\/?s={search_term_string}"},"query-input":{"@type":"PropertyValueSpecification","valueRequired":true,"valueName":"search_term_string"}}],"inLanguage":"es"},{"@type":"Organization","@id":"https:\/\/noticiasmercedinas.com\/site\/#organization","name":"NOTICIASMERCEDINAS.COM","url":"https:\/\/noticiasmercedinas.com\/site\/","logo":{"@type":"ImageObject","inLanguage":"es","@id":"https:\/\/noticiasmercedinas.com\/site\/#\/schema\/logo\/image\/","url":"https:\/\/noticiasmercedinas.com\/site\/wp-content\/uploads\/2020\/06\/LOGO-512.jpg","contentUrl":"https:\/\/noticiasmercedinas.com\/site\/wp-content\/uploads\/2020\/06\/LOGO-512.jpg","width":512,"height":512,"caption":"NOTICIASMERCEDINAS.COM"},"image":{"@id":"https:\/\/noticiasmercedinas.com\/site\/#\/schema\/logo\/image\/"},"sameAs":["https:\/\/www.facebook.com\/noticiasmercedinas\/","https:\/\/x.com\/notmercedinas","https:\/\/www.instagram.com\/noticiasmercedinas\/"]},{"@type":"Person","@id":"https:\/\/noticiasmercedinas.com\/site\/#\/schema\/person\/84b59c099c28ff2e8b77d4ceec5d8063","name":"NOTICIASMERCEDINAS.COM","image":{"@type":"ImageObject","inLanguage":"es","@id":"https:\/\/secure.gravatar.com\/avatar\/4dfbf16b4d17945bfb6341b2d19043457132fcf478a5ee04f42e959fd8f5df0a?s=96&d=mm&r=g","url":"https:\/\/secure.gravatar.com\/avatar\/4dfbf16b4d17945bfb6341b2d19043457132fcf478a5ee04f42e959fd8f5df0a?s=96&d=mm&r=g","contentUrl":"https:\/\/secure.gravatar.com\/avatar\/4dfbf16b4d17945bfb6341b2d19043457132fcf478a5ee04f42e959fd8f5df0a?s=96&d=mm&r=g","caption":"NOTICIASMERCEDINAS.COM"},"url":"https:\/\/noticiasmercedinas.com\/site\/author\/anonimo\/"}]}},"amp_enabled":true,"_links":{"self":[{"href":"https:\/\/noticiasmercedinas.com\/site\/wp-json\/wp\/v2\/posts\/177687","targetHints":{"allow":["GET"]}}],"collection":[{"href":"https:\/\/noticiasmercedinas.com\/site\/wp-json\/wp\/v2\/posts"}],"about":[{"href":"https:\/\/noticiasmercedinas.com\/site\/wp-json\/wp\/v2\/types\/post"}],"author":[{"embeddable":true,"href":"https:\/\/noticiasmercedinas.com\/site\/wp-json\/wp\/v2\/users\/16"}],"replies":[{"embeddable":true,"href":"https:\/\/noticiasmercedinas.com\/site\/wp-json\/wp\/v2\/comments?post=177687"}],"version-history":[{"count":1,"href":"https:\/\/noticiasmercedinas.com\/site\/wp-json\/wp\/v2\/posts\/177687\/revisions"}],"predecessor-version":[{"id":177690,"href":"https:\/\/noticiasmercedinas.com\/site\/wp-json\/wp\/v2\/posts\/177687\/revisions\/177690"}],"wp:featuredmedia":[{"embeddable":true,"href":"https:\/\/noticiasmercedinas.com\/site\/wp-json\/wp\/v2\/media\/177689"}],"wp:attachment":[{"href":"https:\/\/noticiasmercedinas.com\/site\/wp-json\/wp\/v2\/media?parent=177687"}],"wp:term":[{"taxonomy":"category","embeddable":true,"href":"https:\/\/noticiasmercedinas.com\/site\/wp-json\/wp\/v2\/categories?post=177687"},{"taxonomy":"post_tag","embeddable":true,"href":"https:\/\/noticiasmercedinas.com\/site\/wp-json\/wp\/v2\/tags?post=177687"}],"curies":[{"name":"wp","href":"https:\/\/api.w.org\/{rel}","templated":true}]}}