{"id":177731,"date":"2025-12-30T20:18:08","date_gmt":"2025-12-30T23:18:08","guid":{"rendered":"https:\/\/noticiasmercedinas.com\/site\/?p=177731"},"modified":"2025-12-30T20:25:38","modified_gmt":"2025-12-30T23:25:38","slug":"incendio-en-altamira-bomberos-y-proteccion-civil-trabajan-intensamente-para-contener-el-avance-del-fuego","status":"publish","type":"post","link":"https:\/\/noticiasmercedinas.com\/site\/2025\/12\/30\/incendio-en-altamira-bomberos-y-proteccion-civil-trabajan-intensamente-para-contener-el-avance-del-fuego\/","title":{"rendered":"Incendio en Altamira: Bomberos y Protecci\u00f3n Civil trabajan intensamente para contener el avance del fuego"},"content":{"rendered":"<p><img loading=\"lazy\" decoding=\"async\" class=\"alignnone size-full wp-image-177734\" src=\"https:\/\/noticiasmercedinas.com\/site\/wp-content\/uploads\/2025\/12\/IMG-20251230-WA0076.jpg\" alt=\"\" width=\"1280\" height=\"720\" srcset=\"https:\/\/noticiasmercedinas.com\/site\/wp-content\/uploads\/2025\/12\/IMG-20251230-WA0076.jpg 1280w, https:\/\/noticiasmercedinas.com\/site\/wp-content\/uploads\/2025\/12\/IMG-20251230-WA0076-300x169.jpg 300w, https:\/\/noticiasmercedinas.com\/site\/wp-content\/uploads\/2025\/12\/IMG-20251230-WA0076-1024x576.jpg 1024w, https:\/\/noticiasmercedinas.com\/site\/wp-content\/uploads\/2025\/12\/IMG-20251230-WA0076-768x432.jpg 768w, https:\/\/noticiasmercedinas.com\/site\/wp-content\/uploads\/2025\/12\/IMG-20251230-WA0076-640x360.jpg 640w, https:\/\/noticiasmercedinas.com\/site\/wp-content\/uploads\/2025\/12\/IMG-20251230-WA0076-681x383.jpg 681w\" sizes=\"auto, (max-width: 1280px) 100vw, 1280px\" \/><\/p>\n<p>Un incendio de proporciones considerables se desat\u00f3 durante la tarde de este martes en la localidad de Altamira, movilizando un importante operativo de emergencia encabezado por el cuerpo de Bomberos Voluntarios y personal de Protecci\u00f3n Civil.<\/p>\n<p>El siniestro se localiza espec\u00edficamente en la intersecci\u00f3n de las calles 616 y 651, con una progresi\u00f3n que amenaza hacia la calle 647.<\/p>\n<p>Seg\u00fan informaron fuentes oficiales, en el lugar fueron requeridas tres dotaciones de bomberos, quienes intentan frenar el avance de las llamas en una zona caracterizada por un monte tupido, factor que dificulta las tareas de extinci\u00f3n.<\/p>\n<p><strong>Un d\u00eda de \u00absalida en salida\u00bb<\/strong><\/p>\n<p>Desde el \u00e1rea de Protecci\u00f3n Civil, su titular, Agustina Lore, confirm\u00f3 que el servicio se encuentra operando \u00aba pleno\u00bb en una jornada de extrema exigencia. \u00abEstamos con el servicio activo a full; hoy estuvimos de salida en salida\u00bb, se\u00f1al\u00f3 la funcionaria, reflejando el estado de alerta permanente que atraviesan los equipos de respuesta ante la proliferaci\u00f3n de focos en el partido.<\/p>\n<p><strong>El factor clim\u00e1tico y la preocupaci\u00f3n vecinal<\/strong><\/p>\n<p>La situaci\u00f3n ha generado una profunda preocupaci\u00f3n entre los residentes de la zona. Testigos en el lugar destacaron la peligrosidad del escenario actual: \u00abEn estos d\u00edas de tanta sequ\u00eda y calor hay que tener mucho cuidado. Ya vivimos algo similar hace un a\u00f1o y es desolador\u00bb, manifest\u00f3 un vecino del sector, haciendo referencia a los antecedentes de incendios forestales que han afectado la regi\u00f3n en temporadas pasadas.<\/p>\n<p>Hasta el momento, las fuerzas de seguridad y emergencia permanecen en el terreno realizando tareas de enfriamiento y control para evitar que el viento propague las llamas hacia zonas de viviendas. Las autoridades reiteran el pedido de extremar las precauciones y evitar cualquier tipo de quema, dado que el \u00edndice de peligrosidad de incendios se mantiene en niveles cr\u00edticos.<\/p>\n<p><img loading=\"lazy\" decoding=\"async\" class=\"alignnone size-full wp-image-177733\" src=\"https:\/\/noticiasmercedinas.com\/site\/wp-content\/uploads\/2025\/12\/IMG-20251230-WA0077.jpg\" alt=\"\" width=\"1280\" height=\"720\" srcset=\"https:\/\/noticiasmercedinas.com\/site\/wp-content\/uploads\/2025\/12\/IMG-20251230-WA0077.jpg 1280w, https:\/\/noticiasmercedinas.com\/site\/wp-content\/uploads\/2025\/12\/IMG-20251230-WA0077-300x169.jpg 300w, https:\/\/noticiasmercedinas.com\/site\/wp-content\/uploads\/2025\/12\/IMG-20251230-WA0077-1024x576.jpg 1024w, https:\/\/noticiasmercedinas.com\/site\/wp-content\/uploads\/2025\/12\/IMG-20251230-WA0077-768x432.jpg 768w, https:\/\/noticiasmercedinas.com\/site\/wp-content\/uploads\/2025\/12\/IMG-20251230-WA0077-640x360.jpg 640w, https:\/\/noticiasmercedinas.com\/site\/wp-content\/uploads\/2025\/12\/IMG-20251230-WA0077-681x383.jpg 681w\" sizes=\"auto, (max-width: 1280px) 100vw, 1280px\" \/><\/p>\n","protected":false},"excerpt":{"rendered":"<p>En una jornada marcada por las altas temperaturas y la sequ\u00eda, tres dotaciones de bomberos debieron combatir un foco \u00edgneo en la zona de calle 616 y 651. El operativo se mantiene activo ante el riesgo por la densidad del monte en el sector.<\/p>\n","protected":false},"author":16,"featured_media":177734,"comment_status":"closed","ping_status":"closed","sticky":false,"template":"","format":"standard","meta":{"footnotes":""},"categories":[7,20734],"tags":[10097,2553,1746],"class_list":["post-177731","post","type-post","status-publish","format-standard","has-post-thumbnail","hentry","category-policiales","category-ultimo-momento","tag-bomberos-2","tag-altamira","tag-incendio"],"yoast_head":"<!-- This site is optimized with the Yoast SEO plugin v27.5 - https:\/\/yoast.com\/product\/yoast-seo-wordpress\/ -->\n<title>Incendio en Altamira: Bomberos y Protecci\u00f3n Civil trabajan intensamente para contener el avance del fuego<\/title>\n<meta name=\"description\" content=\"En una jornada marcada por las altas temperaturas y la sequ\u00eda, tres dotaciones de bomberos debieron combatir un foco \u00edgneo en la zona de calle 616 y 651. El operativo se mantiene activo ante el riesgo por la densidad del monte en el sector.\" \/>\n<meta name=\"robots\" content=\"index, follow, max-snippet:-1, max-image-preview:large, max-video-preview:-1\" \/>\n<link rel=\"canonical\" href=\"https:\/\/noticiasmercedinas.com\/site\/2025\/12\/30\/incendio-en-altamira-bomberos-y-proteccion-civil-trabajan-intensamente-para-contener-el-avance-del-fuego\/\" \/>\n<meta property=\"og:locale\" content=\"es_ES\" \/>\n<meta property=\"og:type\" content=\"article\" \/>\n<meta property=\"og:title\" content=\"Incendio en Altamira: Bomberos y Protecci\u00f3n Civil trabajan intensamente para contener el avance del fuego\" \/>\n<meta property=\"og:description\" content=\"En una jornada marcada por las altas temperaturas y la sequ\u00eda, tres dotaciones de bomberos debieron combatir un foco \u00edgneo en la zona de calle 616 y 651. El operativo se mantiene activo ante el riesgo por la densidad del monte en el sector.\" \/>\n<meta property=\"og:url\" content=\"https:\/\/noticiasmercedinas.com\/site\/2025\/12\/30\/incendio-en-altamira-bomberos-y-proteccion-civil-trabajan-intensamente-para-contener-el-avance-del-fuego\/\" \/>\n<meta property=\"og:site_name\" content=\"NOTICIASMERCEDINAS.COM\" \/>\n<meta property=\"article:publisher\" content=\"https:\/\/www.facebook.com\/noticiasmercedinas\/\" \/>\n<meta property=\"article:published_time\" content=\"2025-12-30T23:18:08+00:00\" \/>\n<meta property=\"article:modified_time\" content=\"2025-12-30T23:25:38+00:00\" \/>\n<meta property=\"og:image\" content=\"https:\/\/noticiasmercedinas.com\/site\/wp-content\/uploads\/2025\/12\/IMG-20251230-WA0076.jpg\" \/>\n\t<meta property=\"og:image:width\" content=\"1280\" \/>\n\t<meta property=\"og:image:height\" content=\"720\" \/>\n\t<meta property=\"og:image:type\" content=\"image\/jpeg\" \/>\n<meta name=\"author\" content=\"NOTICIASMERCEDINAS.COM\" \/>\n<meta name=\"twitter:card\" content=\"summary_large_image\" \/>\n<meta name=\"twitter:creator\" content=\"@notmercedinas\" \/>\n<meta name=\"twitter:site\" content=\"@notmercedinas\" \/>\n<meta name=\"twitter:label1\" content=\"Escrito por\" \/>\n\t<meta name=\"twitter:data1\" content=\"NOTICIASMERCEDINAS.COM\" \/>\n\t<meta name=\"twitter:label2\" content=\"Tiempo de lectura\" \/>\n\t<meta name=\"twitter:data2\" content=\"2 minutos\" \/>\n<script type=\"application\/ld+json\" class=\"yoast-schema-graph\">{\"@context\":\"https:\\\/\\\/schema.org\",\"@graph\":[{\"@type\":\"Article\",\"@id\":\"https:\\\/\\\/noticiasmercedinas.com\\\/site\\\/2025\\\/12\\\/30\\\/incendio-en-altamira-bomberos-y-proteccion-civil-trabajan-intensamente-para-contener-el-avance-del-fuego\\\/#article\",\"isPartOf\":{\"@id\":\"https:\\\/\\\/noticiasmercedinas.com\\\/site\\\/2025\\\/12\\\/30\\\/incendio-en-altamira-bomberos-y-proteccion-civil-trabajan-intensamente-para-contener-el-avance-del-fuego\\\/\"},\"author\":{\"name\":\"NOTICIASMERCEDINAS.COM\",\"@id\":\"https:\\\/\\\/noticiasmercedinas.com\\\/site\\\/#\\\/schema\\\/person\\\/84b59c099c28ff2e8b77d4ceec5d8063\"},\"headline\":\"Incendio en Altamira: Bomberos y Protecci\u00f3n Civil trabajan intensamente para contener el avance del fuego\",\"datePublished\":\"2025-12-30T23:18:08+00:00\",\"dateModified\":\"2025-12-30T23:25:38+00:00\",\"mainEntityOfPage\":{\"@id\":\"https:\\\/\\\/noticiasmercedinas.com\\\/site\\\/2025\\\/12\\\/30\\\/incendio-en-altamira-bomberos-y-proteccion-civil-trabajan-intensamente-para-contener-el-avance-del-fuego\\\/\"},\"wordCount\":327,\"publisher\":{\"@id\":\"https:\\\/\\\/noticiasmercedinas.com\\\/site\\\/#organization\"},\"image\":{\"@id\":\"https:\\\/\\\/noticiasmercedinas.com\\\/site\\\/2025\\\/12\\\/30\\\/incendio-en-altamira-bomberos-y-proteccion-civil-trabajan-intensamente-para-contener-el-avance-del-fuego\\\/#primaryimage\"},\"thumbnailUrl\":\"https:\\\/\\\/noticiasmercedinas.com\\\/site\\\/wp-content\\\/uploads\\\/2025\\\/12\\\/IMG-20251230-WA0076.jpg\",\"keywords\":[\".bomberos\",\"altamira\",\"incendio\"],\"articleSection\":[\"Seguridad\",\"Ultimo momento\"],\"inLanguage\":\"es\"},{\"@type\":\"WebPage\",\"@id\":\"https:\\\/\\\/noticiasmercedinas.com\\\/site\\\/2025\\\/12\\\/30\\\/incendio-en-altamira-bomberos-y-proteccion-civil-trabajan-intensamente-para-contener-el-avance-del-fuego\\\/\",\"url\":\"https:\\\/\\\/noticiasmercedinas.com\\\/site\\\/2025\\\/12\\\/30\\\/incendio-en-altamira-bomberos-y-proteccion-civil-trabajan-intensamente-para-contener-el-avance-del-fuego\\\/\",\"name\":\"Incendio en Altamira: Bomberos y Protecci\u00f3n Civil trabajan intensamente para contener el avance del fuego\",\"isPartOf\":{\"@id\":\"https:\\\/\\\/noticiasmercedinas.com\\\/site\\\/#website\"},\"primaryImageOfPage\":{\"@id\":\"https:\\\/\\\/noticiasmercedinas.com\\\/site\\\/2025\\\/12\\\/30\\\/incendio-en-altamira-bomberos-y-proteccion-civil-trabajan-intensamente-para-contener-el-avance-del-fuego\\\/#primaryimage\"},\"image\":{\"@id\":\"https:\\\/\\\/noticiasmercedinas.com\\\/site\\\/2025\\\/12\\\/30\\\/incendio-en-altamira-bomberos-y-proteccion-civil-trabajan-intensamente-para-contener-el-avance-del-fuego\\\/#primaryimage\"},\"thumbnailUrl\":\"https:\\\/\\\/noticiasmercedinas.com\\\/site\\\/wp-content\\\/uploads\\\/2025\\\/12\\\/IMG-20251230-WA0076.jpg\",\"datePublished\":\"2025-12-30T23:18:08+00:00\",\"dateModified\":\"2025-12-30T23:25:38+00:00\",\"description\":\"En una jornada marcada por las altas temperaturas y la sequ\u00eda, tres dotaciones de bomberos debieron combatir un foco \u00edgneo en la zona de calle 616 y 651. El operativo se mantiene activo ante el riesgo por la densidad del monte en el sector.\",\"breadcrumb\":{\"@id\":\"https:\\\/\\\/noticiasmercedinas.com\\\/site\\\/2025\\\/12\\\/30\\\/incendio-en-altamira-bomberos-y-proteccion-civil-trabajan-intensamente-para-contener-el-avance-del-fuego\\\/#breadcrumb\"},\"inLanguage\":\"es\",\"potentialAction\":[{\"@type\":\"ReadAction\",\"target\":[\"https:\\\/\\\/noticiasmercedinas.com\\\/site\\\/2025\\\/12\\\/30\\\/incendio-en-altamira-bomberos-y-proteccion-civil-trabajan-intensamente-para-contener-el-avance-del-fuego\\\/\"]}]},{\"@type\":\"ImageObject\",\"inLanguage\":\"es\",\"@id\":\"https:\\\/\\\/noticiasmercedinas.com\\\/site\\\/2025\\\/12\\\/30\\\/incendio-en-altamira-bomberos-y-proteccion-civil-trabajan-intensamente-para-contener-el-avance-del-fuego\\\/#primaryimage\",\"url\":\"https:\\\/\\\/noticiasmercedinas.com\\\/site\\\/wp-content\\\/uploads\\\/2025\\\/12\\\/IMG-20251230-WA0076.jpg\",\"contentUrl\":\"https:\\\/\\\/noticiasmercedinas.com\\\/site\\\/wp-content\\\/uploads\\\/2025\\\/12\\\/IMG-20251230-WA0076.jpg\",\"width\":1280,\"height\":720},{\"@type\":\"BreadcrumbList\",\"@id\":\"https:\\\/\\\/noticiasmercedinas.com\\\/site\\\/2025\\\/12\\\/30\\\/incendio-en-altamira-bomberos-y-proteccion-civil-trabajan-intensamente-para-contener-el-avance-del-fuego\\\/#breadcrumb\",\"itemListElement\":[{\"@type\":\"ListItem\",\"position\":1,\"name\":\"Portada\",\"item\":\"https:\\\/\\\/noticiasmercedinas.com\\\/site\\\/\"},{\"@type\":\"ListItem\",\"position\":2,\"name\":\"Incendio en Altamira: Bomberos y Protecci\u00f3n Civil trabajan intensamente para contener el avance del fuego\"}]},{\"@type\":\"WebSite\",\"@id\":\"https:\\\/\\\/noticiasmercedinas.com\\\/site\\\/#website\",\"url\":\"https:\\\/\\\/noticiasmercedinas.com\\\/site\\\/\",\"name\":\"NOTICIASMERCEDINAS.COM\",\"description\":\"Mercedes, Buenos Aires, Argentina\",\"publisher\":{\"@id\":\"https:\\\/\\\/noticiasmercedinas.com\\\/site\\\/#organization\"},\"potentialAction\":[{\"@type\":\"SearchAction\",\"target\":{\"@type\":\"EntryPoint\",\"urlTemplate\":\"https:\\\/\\\/noticiasmercedinas.com\\\/site\\\/?s={search_term_string}\"},\"query-input\":{\"@type\":\"PropertyValueSpecification\",\"valueRequired\":true,\"valueName\":\"search_term_string\"}}],\"inLanguage\":\"es\"},{\"@type\":\"Organization\",\"@id\":\"https:\\\/\\\/noticiasmercedinas.com\\\/site\\\/#organization\",\"name\":\"NOTICIASMERCEDINAS.COM\",\"url\":\"https:\\\/\\\/noticiasmercedinas.com\\\/site\\\/\",\"logo\":{\"@type\":\"ImageObject\",\"inLanguage\":\"es\",\"@id\":\"https:\\\/\\\/noticiasmercedinas.com\\\/site\\\/#\\\/schema\\\/logo\\\/image\\\/\",\"url\":\"https:\\\/\\\/noticiasmercedinas.com\\\/site\\\/wp-content\\\/uploads\\\/2020\\\/06\\\/LOGO-512.jpg\",\"contentUrl\":\"https:\\\/\\\/noticiasmercedinas.com\\\/site\\\/wp-content\\\/uploads\\\/2020\\\/06\\\/LOGO-512.jpg\",\"width\":512,\"height\":512,\"caption\":\"NOTICIASMERCEDINAS.COM\"},\"image\":{\"@id\":\"https:\\\/\\\/noticiasmercedinas.com\\\/site\\\/#\\\/schema\\\/logo\\\/image\\\/\"},\"sameAs\":[\"https:\\\/\\\/www.facebook.com\\\/noticiasmercedinas\\\/\",\"https:\\\/\\\/x.com\\\/notmercedinas\",\"https:\\\/\\\/www.instagram.com\\\/noticiasmercedinas\\\/\"]},{\"@type\":\"Person\",\"@id\":\"https:\\\/\\\/noticiasmercedinas.com\\\/site\\\/#\\\/schema\\\/person\\\/84b59c099c28ff2e8b77d4ceec5d8063\",\"name\":\"NOTICIASMERCEDINAS.COM\",\"image\":{\"@type\":\"ImageObject\",\"inLanguage\":\"es\",\"@id\":\"https:\\\/\\\/secure.gravatar.com\\\/avatar\\\/4dfbf16b4d17945bfb6341b2d19043457132fcf478a5ee04f42e959fd8f5df0a?s=96&d=mm&r=g\",\"url\":\"https:\\\/\\\/secure.gravatar.com\\\/avatar\\\/4dfbf16b4d17945bfb6341b2d19043457132fcf478a5ee04f42e959fd8f5df0a?s=96&d=mm&r=g\",\"contentUrl\":\"https:\\\/\\\/secure.gravatar.com\\\/avatar\\\/4dfbf16b4d17945bfb6341b2d19043457132fcf478a5ee04f42e959fd8f5df0a?s=96&d=mm&r=g\",\"caption\":\"NOTICIASMERCEDINAS.COM\"},\"url\":\"https:\\\/\\\/noticiasmercedinas.com\\\/site\\\/author\\\/anonimo\\\/\"}]}<\/script>\n<!-- \/ Yoast SEO plugin. -->","yoast_head_json":{"title":"Incendio en Altamira: Bomberos y Protecci\u00f3n Civil trabajan intensamente para contener el avance del fuego","description":"En una jornada marcada por las altas temperaturas y la sequ\u00eda, tres dotaciones de bomberos debieron combatir un foco \u00edgneo en la zona de calle 616 y 651. El operativo se mantiene activo ante el riesgo por la densidad del monte en el sector.","robots":{"index":"index","follow":"follow","max-snippet":"max-snippet:-1","max-image-preview":"max-image-preview:large","max-video-preview":"max-video-preview:-1"},"canonical":"https:\/\/noticiasmercedinas.com\/site\/2025\/12\/30\/incendio-en-altamira-bomberos-y-proteccion-civil-trabajan-intensamente-para-contener-el-avance-del-fuego\/","og_locale":"es_ES","og_type":"article","og_title":"Incendio en Altamira: Bomberos y Protecci\u00f3n Civil trabajan intensamente para contener el avance del fuego","og_description":"En una jornada marcada por las altas temperaturas y la sequ\u00eda, tres dotaciones de bomberos debieron combatir un foco \u00edgneo en la zona de calle 616 y 651. El operativo se mantiene activo ante el riesgo por la densidad del monte en el sector.","og_url":"https:\/\/noticiasmercedinas.com\/site\/2025\/12\/30\/incendio-en-altamira-bomberos-y-proteccion-civil-trabajan-intensamente-para-contener-el-avance-del-fuego\/","og_site_name":"NOTICIASMERCEDINAS.COM","article_publisher":"https:\/\/www.facebook.com\/noticiasmercedinas\/","article_published_time":"2025-12-30T23:18:08+00:00","article_modified_time":"2025-12-30T23:25:38+00:00","og_image":[{"width":1280,"height":720,"url":"https:\/\/noticiasmercedinas.com\/site\/wp-content\/uploads\/2025\/12\/IMG-20251230-WA0076.jpg","type":"image\/jpeg"}],"author":"NOTICIASMERCEDINAS.COM","twitter_card":"summary_large_image","twitter_creator":"@notmercedinas","twitter_site":"@notmercedinas","twitter_misc":{"Escrito por":"NOTICIASMERCEDINAS.COM","Tiempo de lectura":"2 minutos"},"schema":{"@context":"https:\/\/schema.org","@graph":[{"@type":"Article","@id":"https:\/\/noticiasmercedinas.com\/site\/2025\/12\/30\/incendio-en-altamira-bomberos-y-proteccion-civil-trabajan-intensamente-para-contener-el-avance-del-fuego\/#article","isPartOf":{"@id":"https:\/\/noticiasmercedinas.com\/site\/2025\/12\/30\/incendio-en-altamira-bomberos-y-proteccion-civil-trabajan-intensamente-para-contener-el-avance-del-fuego\/"},"author":{"name":"NOTICIASMERCEDINAS.COM","@id":"https:\/\/noticiasmercedinas.com\/site\/#\/schema\/person\/84b59c099c28ff2e8b77d4ceec5d8063"},"headline":"Incendio en Altamira: Bomberos y Protecci\u00f3n Civil trabajan intensamente para contener el avance del fuego","datePublished":"2025-12-30T23:18:08+00:00","dateModified":"2025-12-30T23:25:38+00:00","mainEntityOfPage":{"@id":"https:\/\/noticiasmercedinas.com\/site\/2025\/12\/30\/incendio-en-altamira-bomberos-y-proteccion-civil-trabajan-intensamente-para-contener-el-avance-del-fuego\/"},"wordCount":327,"publisher":{"@id":"https:\/\/noticiasmercedinas.com\/site\/#organization"},"image":{"@id":"https:\/\/noticiasmercedinas.com\/site\/2025\/12\/30\/incendio-en-altamira-bomberos-y-proteccion-civil-trabajan-intensamente-para-contener-el-avance-del-fuego\/#primaryimage"},"thumbnailUrl":"https:\/\/noticiasmercedinas.com\/site\/wp-content\/uploads\/2025\/12\/IMG-20251230-WA0076.jpg","keywords":[".bomberos","altamira","incendio"],"articleSection":["Seguridad","Ultimo momento"],"inLanguage":"es"},{"@type":"WebPage","@id":"https:\/\/noticiasmercedinas.com\/site\/2025\/12\/30\/incendio-en-altamira-bomberos-y-proteccion-civil-trabajan-intensamente-para-contener-el-avance-del-fuego\/","url":"https:\/\/noticiasmercedinas.com\/site\/2025\/12\/30\/incendio-en-altamira-bomberos-y-proteccion-civil-trabajan-intensamente-para-contener-el-avance-del-fuego\/","name":"Incendio en Altamira: Bomberos y Protecci\u00f3n Civil trabajan intensamente para contener el avance del fuego","isPartOf":{"@id":"https:\/\/noticiasmercedinas.com\/site\/#website"},"primaryImageOfPage":{"@id":"https:\/\/noticiasmercedinas.com\/site\/2025\/12\/30\/incendio-en-altamira-bomberos-y-proteccion-civil-trabajan-intensamente-para-contener-el-avance-del-fuego\/#primaryimage"},"image":{"@id":"https:\/\/noticiasmercedinas.com\/site\/2025\/12\/30\/incendio-en-altamira-bomberos-y-proteccion-civil-trabajan-intensamente-para-contener-el-avance-del-fuego\/#primaryimage"},"thumbnailUrl":"https:\/\/noticiasmercedinas.com\/site\/wp-content\/uploads\/2025\/12\/IMG-20251230-WA0076.jpg","datePublished":"2025-12-30T23:18:08+00:00","dateModified":"2025-12-30T23:25:38+00:00","description":"En una jornada marcada por las altas temperaturas y la sequ\u00eda, tres dotaciones de bomberos debieron combatir un foco \u00edgneo en la zona de calle 616 y 651. El operativo se mantiene activo ante el riesgo por la densidad del monte en el sector.","breadcrumb":{"@id":"https:\/\/noticiasmercedinas.com\/site\/2025\/12\/30\/incendio-en-altamira-bomberos-y-proteccion-civil-trabajan-intensamente-para-contener-el-avance-del-fuego\/#breadcrumb"},"inLanguage":"es","potentialAction":[{"@type":"ReadAction","target":["https:\/\/noticiasmercedinas.com\/site\/2025\/12\/30\/incendio-en-altamira-bomberos-y-proteccion-civil-trabajan-intensamente-para-contener-el-avance-del-fuego\/"]}]},{"@type":"ImageObject","inLanguage":"es","@id":"https:\/\/noticiasmercedinas.com\/site\/2025\/12\/30\/incendio-en-altamira-bomberos-y-proteccion-civil-trabajan-intensamente-para-contener-el-avance-del-fuego\/#primaryimage","url":"https:\/\/noticiasmercedinas.com\/site\/wp-content\/uploads\/2025\/12\/IMG-20251230-WA0076.jpg","contentUrl":"https:\/\/noticiasmercedinas.com\/site\/wp-content\/uploads\/2025\/12\/IMG-20251230-WA0076.jpg","width":1280,"height":720},{"@type":"BreadcrumbList","@id":"https:\/\/noticiasmercedinas.com\/site\/2025\/12\/30\/incendio-en-altamira-bomberos-y-proteccion-civil-trabajan-intensamente-para-contener-el-avance-del-fuego\/#breadcrumb","itemListElement":[{"@type":"ListItem","position":1,"name":"Portada","item":"https:\/\/noticiasmercedinas.com\/site\/"},{"@type":"ListItem","position":2,"name":"Incendio en Altamira: Bomberos y Protecci\u00f3n Civil trabajan intensamente para contener el avance del fuego"}]},{"@type":"WebSite","@id":"https:\/\/noticiasmercedinas.com\/site\/#website","url":"https:\/\/noticiasmercedinas.com\/site\/","name":"NOTICIASMERCEDINAS.COM","description":"Mercedes, Buenos Aires, Argentina","publisher":{"@id":"https:\/\/noticiasmercedinas.com\/site\/#organization"},"potentialAction":[{"@type":"SearchAction","target":{"@type":"EntryPoint","urlTemplate":"https:\/\/noticiasmercedinas.com\/site\/?s={search_term_string}"},"query-input":{"@type":"PropertyValueSpecification","valueRequired":true,"valueName":"search_term_string"}}],"inLanguage":"es"},{"@type":"Organization","@id":"https:\/\/noticiasmercedinas.com\/site\/#organization","name":"NOTICIASMERCEDINAS.COM","url":"https:\/\/noticiasmercedinas.com\/site\/","logo":{"@type":"ImageObject","inLanguage":"es","@id":"https:\/\/noticiasmercedinas.com\/site\/#\/schema\/logo\/image\/","url":"https:\/\/noticiasmercedinas.com\/site\/wp-content\/uploads\/2020\/06\/LOGO-512.jpg","contentUrl":"https:\/\/noticiasmercedinas.com\/site\/wp-content\/uploads\/2020\/06\/LOGO-512.jpg","width":512,"height":512,"caption":"NOTICIASMERCEDINAS.COM"},"image":{"@id":"https:\/\/noticiasmercedinas.com\/site\/#\/schema\/logo\/image\/"},"sameAs":["https:\/\/www.facebook.com\/noticiasmercedinas\/","https:\/\/x.com\/notmercedinas","https:\/\/www.instagram.com\/noticiasmercedinas\/"]},{"@type":"Person","@id":"https:\/\/noticiasmercedinas.com\/site\/#\/schema\/person\/84b59c099c28ff2e8b77d4ceec5d8063","name":"NOTICIASMERCEDINAS.COM","image":{"@type":"ImageObject","inLanguage":"es","@id":"https:\/\/secure.gravatar.com\/avatar\/4dfbf16b4d17945bfb6341b2d19043457132fcf478a5ee04f42e959fd8f5df0a?s=96&d=mm&r=g","url":"https:\/\/secure.gravatar.com\/avatar\/4dfbf16b4d17945bfb6341b2d19043457132fcf478a5ee04f42e959fd8f5df0a?s=96&d=mm&r=g","contentUrl":"https:\/\/secure.gravatar.com\/avatar\/4dfbf16b4d17945bfb6341b2d19043457132fcf478a5ee04f42e959fd8f5df0a?s=96&d=mm&r=g","caption":"NOTICIASMERCEDINAS.COM"},"url":"https:\/\/noticiasmercedinas.com\/site\/author\/anonimo\/"}]}},"amp_enabled":true,"_links":{"self":[{"href":"https:\/\/noticiasmercedinas.com\/site\/wp-json\/wp\/v2\/posts\/177731","targetHints":{"allow":["GET"]}}],"collection":[{"href":"https:\/\/noticiasmercedinas.com\/site\/wp-json\/wp\/v2\/posts"}],"about":[{"href":"https:\/\/noticiasmercedinas.com\/site\/wp-json\/wp\/v2\/types\/post"}],"author":[{"embeddable":true,"href":"https:\/\/noticiasmercedinas.com\/site\/wp-json\/wp\/v2\/users\/16"}],"replies":[{"embeddable":true,"href":"https:\/\/noticiasmercedinas.com\/site\/wp-json\/wp\/v2\/comments?post=177731"}],"version-history":[{"count":3,"href":"https:\/\/noticiasmercedinas.com\/site\/wp-json\/wp\/v2\/posts\/177731\/revisions"}],"predecessor-version":[{"id":177736,"href":"https:\/\/noticiasmercedinas.com\/site\/wp-json\/wp\/v2\/posts\/177731\/revisions\/177736"}],"wp:featuredmedia":[{"embeddable":true,"href":"https:\/\/noticiasmercedinas.com\/site\/wp-json\/wp\/v2\/media\/177734"}],"wp:attachment":[{"href":"https:\/\/noticiasmercedinas.com\/site\/wp-json\/wp\/v2\/media?parent=177731"}],"wp:term":[{"taxonomy":"category","embeddable":true,"href":"https:\/\/noticiasmercedinas.com\/site\/wp-json\/wp\/v2\/categories?post=177731"},{"taxonomy":"post_tag","embeddable":true,"href":"https:\/\/noticiasmercedinas.com\/site\/wp-json\/wp\/v2\/tags?post=177731"}],"curies":[{"name":"wp","href":"https:\/\/api.w.org\/{rel}","templated":true}]}}