{"id":177853,"date":"2026-01-02T15:15:33","date_gmt":"2026-01-02T18:15:33","guid":{"rendered":"https:\/\/noticiasmercedinas.com\/site\/?p=177853"},"modified":"2026-01-02T15:16:01","modified_gmt":"2026-01-02T18:16:01","slug":"primer-casamiento-del-ano-mas-alla-de-copas-y-cafes-juan-pablo-y-natalia-sellaron-su-amor-de-dos-decadas","status":"publish","type":"post","link":"https:\/\/noticiasmercedinas.com\/site\/2026\/01\/02\/primer-casamiento-del-ano-mas-alla-de-copas-y-cafes-juan-pablo-y-natalia-sellaron-su-amor-de-dos-decadas\/","title":{"rendered":"Primer casamiento del a\u00f1o: M\u00e1s all\u00e1 de copas y caf\u00e9s, Juan Pablo y Natalia sellaron su amor de dos d\u00e9cadas"},"content":{"rendered":"<p><img loading=\"lazy\" decoding=\"async\" class=\"alignnone size-full wp-image-177854\" src=\"https:\/\/noticiasmercedinas.com\/site\/wp-content\/uploads\/2026\/01\/CASAM.jpg\" alt=\"\" width=\"640\" height=\"303\" srcset=\"https:\/\/noticiasmercedinas.com\/site\/wp-content\/uploads\/2026\/01\/CASAM.jpg 640w, https:\/\/noticiasmercedinas.com\/site\/wp-content\/uploads\/2026\/01\/CASAM-300x142.jpg 300w\" sizes=\"auto, (max-width: 640px) 100vw, 640px\" \/><\/p>\n<p>La ma\u00f1ana de este viernes quedar\u00e1 registrada en las actas locales no solo por la uni\u00f3n de una pareja muy querida en la ciudad, sino por marcar un hito administrativo: el casamiento de Juan Pablo Giachino y Natalia Mansilla fue el primer enlace matrimonial del a\u00f1o 2026 en Mercedes. La jueza a cargo de la ceremonia destac\u00f3 la particularidad de la fecha al dar inicio al calendario nupcial de la oficina local.<\/p>\n<p>La historia de amor entre Juan Pablo y Natalia excede el protocolo formal; se remonta a m\u00e1s de 20 a\u00f1os atr\u00e1s, cuando se conocieron. Desde entonces, la pareja ha compartido una vida en com\u00fan que hoy se formaliz\u00f3 en el Registro Civil, rodeados de un afectuoso grupo de allegados que incluy\u00f3 a familiares y clientes habituales del bar donde ambos trabajan.<\/p>\n<blockquote><p>Fue una celebraci\u00f3n popular espont\u00e1nea, ya que muchos de los asistentes eran parroquianos del caf\u00e9 que no quisieron perderse el paso por el civil de la pareja.<\/p><\/blockquote>\n<p><strong>Una vida entre bandejas y caf\u00e9s<\/strong><br \/>\nPara los mercedinos, la cara de Juan Pablo es sin\u00f3nimo de hospitalidad. Conocido por su labor como mozo en el emblem\u00e1tico \u00abLos Bajos\u00bb, en 27 esquina 26, se ha ganado el aprecio de la comunidad por su particular humor y profesionalismo tras a\u00f1os de servicio.<\/p>\n<p>Con el tiempo, Natalia tambi\u00e9n se incorpor\u00f3 al equipo de trabajo del establecimiento, compartiendo hoy no solo el hogar sino tambi\u00e9n la jornada laboral entre mesas y pocillos.<\/p>\n<p>El evento de esta ma\u00f1ana se transform\u00f3 en una celebraci\u00f3n popular espont\u00e1nea, ya que muchos de los asistentes eran parroquianos del caf\u00e9 que no quisieron perderse el paso por el civil de la pareja.<\/p>\n","protected":false},"excerpt":{"rendered":"<p>\u25a0 El enlace se realiz\u00f3 este viernes 2 de enero en el Registro Civil. Juan Pablo Giachino, el emblem\u00e1tico mozo de \u00abLos Bajos\u00bb, y su pareja Natalia Mansilla, dieron el \u00abs\u00ed\u00bb acompa\u00f1ados por familiares, amigos y clientes del hist\u00f3rico caf\u00e9.<\/p>\n","protected":false},"author":16,"featured_media":177854,"comment_status":"closed","ping_status":"closed","sticky":false,"template":"","format":"standard","meta":{"footnotes":""},"categories":[3],"tags":[5482,21527],"class_list":["post-177853","post","type-post","status-publish","format-standard","has-post-thumbnail","hentry","category-sociedad","tag-casamiento","tag-los-bajos"],"yoast_head":"<!-- This site is optimized with the Yoast SEO plugin v27.5 - https:\/\/yoast.com\/product\/yoast-seo-wordpress\/ -->\n<title>Primer casamiento del a\u00f1o: M\u00e1s all\u00e1 de copas y caf\u00e9s, Juan Pablo y Natalia sellaron su amor de dos d\u00e9cadas<\/title>\n<meta name=\"description\" content=\"El enlace se realiz\u00f3 este viernes 2 de enero en el Registro Civil. Juan Pablo Giachino, el emblem\u00e1tico mozo de &quot;Los Bajos&quot;, y Natalia Mansilla, dieron el &quot;s\u00ed&quot; acompa\u00f1ados por familiares, amigos y clientes del hist\u00f3rico caf\u00e9.\" \/>\n<meta name=\"robots\" content=\"index, follow, max-snippet:-1, max-image-preview:large, max-video-preview:-1\" \/>\n<link rel=\"canonical\" href=\"https:\/\/noticiasmercedinas.com\/site\/2026\/01\/02\/primer-casamiento-del-ano-mas-alla-de-copas-y-cafes-juan-pablo-y-natalia-sellaron-su-amor-de-dos-decadas\/\" \/>\n<meta property=\"og:locale\" content=\"es_ES\" \/>\n<meta property=\"og:type\" content=\"article\" \/>\n<meta property=\"og:title\" content=\"Primer casamiento del a\u00f1o: M\u00e1s all\u00e1 de copas y caf\u00e9s, Juan Pablo y Natalia sellaron su amor de dos d\u00e9cadas\" \/>\n<meta property=\"og:description\" content=\"El enlace se realiz\u00f3 este viernes 2 de enero en el Registro Civil. Juan Pablo Giachino, el emblem\u00e1tico mozo de &quot;Los Bajos&quot;, y Natalia Mansilla, dieron el &quot;s\u00ed&quot; acompa\u00f1ados por familiares, amigos y clientes del hist\u00f3rico caf\u00e9.\" \/>\n<meta property=\"og:url\" content=\"https:\/\/noticiasmercedinas.com\/site\/2026\/01\/02\/primer-casamiento-del-ano-mas-alla-de-copas-y-cafes-juan-pablo-y-natalia-sellaron-su-amor-de-dos-decadas\/\" \/>\n<meta property=\"og:site_name\" content=\"NOTICIASMERCEDINAS.COM\" \/>\n<meta property=\"article:publisher\" content=\"https:\/\/www.facebook.com\/noticiasmercedinas\/\" \/>\n<meta property=\"article:published_time\" content=\"2026-01-02T18:15:33+00:00\" \/>\n<meta property=\"article:modified_time\" content=\"2026-01-02T18:16:01+00:00\" \/>\n<meta property=\"og:image\" content=\"https:\/\/noticiasmercedinas.com\/site\/wp-content\/uploads\/2026\/01\/CASAM.jpg\" \/>\n\t<meta property=\"og:image:width\" content=\"640\" \/>\n\t<meta property=\"og:image:height\" content=\"303\" \/>\n\t<meta property=\"og:image:type\" content=\"image\/jpeg\" \/>\n<meta name=\"author\" content=\"NOTICIASMERCEDINAS.COM\" \/>\n<meta name=\"twitter:card\" content=\"summary_large_image\" \/>\n<meta name=\"twitter:creator\" content=\"@notmercedinas\" \/>\n<meta name=\"twitter:site\" content=\"@notmercedinas\" \/>\n<meta name=\"twitter:label1\" content=\"Escrito por\" \/>\n\t<meta name=\"twitter:data1\" content=\"NOTICIASMERCEDINAS.COM\" \/>\n\t<meta name=\"twitter:label2\" content=\"Tiempo de lectura\" \/>\n\t<meta name=\"twitter:data2\" content=\"2 minutos\" \/>\n<script type=\"application\/ld+json\" class=\"yoast-schema-graph\">{\"@context\":\"https:\\\/\\\/schema.org\",\"@graph\":[{\"@type\":\"Article\",\"@id\":\"https:\\\/\\\/noticiasmercedinas.com\\\/site\\\/2026\\\/01\\\/02\\\/primer-casamiento-del-ano-mas-alla-de-copas-y-cafes-juan-pablo-y-natalia-sellaron-su-amor-de-dos-decadas\\\/#article\",\"isPartOf\":{\"@id\":\"https:\\\/\\\/noticiasmercedinas.com\\\/site\\\/2026\\\/01\\\/02\\\/primer-casamiento-del-ano-mas-alla-de-copas-y-cafes-juan-pablo-y-natalia-sellaron-su-amor-de-dos-decadas\\\/\"},\"author\":{\"name\":\"NOTICIASMERCEDINAS.COM\",\"@id\":\"https:\\\/\\\/noticiasmercedinas.com\\\/site\\\/#\\\/schema\\\/person\\\/84b59c099c28ff2e8b77d4ceec5d8063\"},\"headline\":\"Primer casamiento del a\u00f1o: M\u00e1s all\u00e1 de copas y caf\u00e9s, Juan Pablo y Natalia sellaron su amor de dos d\u00e9cadas\",\"datePublished\":\"2026-01-02T18:15:33+00:00\",\"dateModified\":\"2026-01-02T18:16:01+00:00\",\"mainEntityOfPage\":{\"@id\":\"https:\\\/\\\/noticiasmercedinas.com\\\/site\\\/2026\\\/01\\\/02\\\/primer-casamiento-del-ano-mas-alla-de-copas-y-cafes-juan-pablo-y-natalia-sellaron-su-amor-de-dos-decadas\\\/\"},\"wordCount\":311,\"publisher\":{\"@id\":\"https:\\\/\\\/noticiasmercedinas.com\\\/site\\\/#organization\"},\"image\":{\"@id\":\"https:\\\/\\\/noticiasmercedinas.com\\\/site\\\/2026\\\/01\\\/02\\\/primer-casamiento-del-ano-mas-alla-de-copas-y-cafes-juan-pablo-y-natalia-sellaron-su-amor-de-dos-decadas\\\/#primaryimage\"},\"thumbnailUrl\":\"https:\\\/\\\/noticiasmercedinas.com\\\/site\\\/wp-content\\\/uploads\\\/2026\\\/01\\\/CASAM.jpg\",\"keywords\":[\"casamiento\",\"los bajos\"],\"articleSection\":[\"Sociedad\"],\"inLanguage\":\"es\"},{\"@type\":\"WebPage\",\"@id\":\"https:\\\/\\\/noticiasmercedinas.com\\\/site\\\/2026\\\/01\\\/02\\\/primer-casamiento-del-ano-mas-alla-de-copas-y-cafes-juan-pablo-y-natalia-sellaron-su-amor-de-dos-decadas\\\/\",\"url\":\"https:\\\/\\\/noticiasmercedinas.com\\\/site\\\/2026\\\/01\\\/02\\\/primer-casamiento-del-ano-mas-alla-de-copas-y-cafes-juan-pablo-y-natalia-sellaron-su-amor-de-dos-decadas\\\/\",\"name\":\"Primer casamiento del a\u00f1o: M\u00e1s all\u00e1 de copas y caf\u00e9s, Juan Pablo y Natalia sellaron su amor de dos d\u00e9cadas\",\"isPartOf\":{\"@id\":\"https:\\\/\\\/noticiasmercedinas.com\\\/site\\\/#website\"},\"primaryImageOfPage\":{\"@id\":\"https:\\\/\\\/noticiasmercedinas.com\\\/site\\\/2026\\\/01\\\/02\\\/primer-casamiento-del-ano-mas-alla-de-copas-y-cafes-juan-pablo-y-natalia-sellaron-su-amor-de-dos-decadas\\\/#primaryimage\"},\"image\":{\"@id\":\"https:\\\/\\\/noticiasmercedinas.com\\\/site\\\/2026\\\/01\\\/02\\\/primer-casamiento-del-ano-mas-alla-de-copas-y-cafes-juan-pablo-y-natalia-sellaron-su-amor-de-dos-decadas\\\/#primaryimage\"},\"thumbnailUrl\":\"https:\\\/\\\/noticiasmercedinas.com\\\/site\\\/wp-content\\\/uploads\\\/2026\\\/01\\\/CASAM.jpg\",\"datePublished\":\"2026-01-02T18:15:33+00:00\",\"dateModified\":\"2026-01-02T18:16:01+00:00\",\"description\":\"El enlace se realiz\u00f3 este viernes 2 de enero en el Registro Civil. Juan Pablo Giachino, el emblem\u00e1tico mozo de \\\"Los Bajos\\\", y Natalia Mansilla, dieron el \\\"s\u00ed\\\" acompa\u00f1ados por familiares, amigos y clientes del hist\u00f3rico caf\u00e9.\",\"breadcrumb\":{\"@id\":\"https:\\\/\\\/noticiasmercedinas.com\\\/site\\\/2026\\\/01\\\/02\\\/primer-casamiento-del-ano-mas-alla-de-copas-y-cafes-juan-pablo-y-natalia-sellaron-su-amor-de-dos-decadas\\\/#breadcrumb\"},\"inLanguage\":\"es\",\"potentialAction\":[{\"@type\":\"ReadAction\",\"target\":[\"https:\\\/\\\/noticiasmercedinas.com\\\/site\\\/2026\\\/01\\\/02\\\/primer-casamiento-del-ano-mas-alla-de-copas-y-cafes-juan-pablo-y-natalia-sellaron-su-amor-de-dos-decadas\\\/\"]}]},{\"@type\":\"ImageObject\",\"inLanguage\":\"es\",\"@id\":\"https:\\\/\\\/noticiasmercedinas.com\\\/site\\\/2026\\\/01\\\/02\\\/primer-casamiento-del-ano-mas-alla-de-copas-y-cafes-juan-pablo-y-natalia-sellaron-su-amor-de-dos-decadas\\\/#primaryimage\",\"url\":\"https:\\\/\\\/noticiasmercedinas.com\\\/site\\\/wp-content\\\/uploads\\\/2026\\\/01\\\/CASAM.jpg\",\"contentUrl\":\"https:\\\/\\\/noticiasmercedinas.com\\\/site\\\/wp-content\\\/uploads\\\/2026\\\/01\\\/CASAM.jpg\",\"width\":640,\"height\":303},{\"@type\":\"BreadcrumbList\",\"@id\":\"https:\\\/\\\/noticiasmercedinas.com\\\/site\\\/2026\\\/01\\\/02\\\/primer-casamiento-del-ano-mas-alla-de-copas-y-cafes-juan-pablo-y-natalia-sellaron-su-amor-de-dos-decadas\\\/#breadcrumb\",\"itemListElement\":[{\"@type\":\"ListItem\",\"position\":1,\"name\":\"Portada\",\"item\":\"https:\\\/\\\/noticiasmercedinas.com\\\/site\\\/\"},{\"@type\":\"ListItem\",\"position\":2,\"name\":\"Primer casamiento del a\u00f1o: M\u00e1s all\u00e1 de copas y caf\u00e9s, Juan Pablo y Natalia sellaron su amor de dos d\u00e9cadas\"}]},{\"@type\":\"WebSite\",\"@id\":\"https:\\\/\\\/noticiasmercedinas.com\\\/site\\\/#website\",\"url\":\"https:\\\/\\\/noticiasmercedinas.com\\\/site\\\/\",\"name\":\"NOTICIASMERCEDINAS.COM\",\"description\":\"Mercedes, Buenos Aires, Argentina\",\"publisher\":{\"@id\":\"https:\\\/\\\/noticiasmercedinas.com\\\/site\\\/#organization\"},\"potentialAction\":[{\"@type\":\"SearchAction\",\"target\":{\"@type\":\"EntryPoint\",\"urlTemplate\":\"https:\\\/\\\/noticiasmercedinas.com\\\/site\\\/?s={search_term_string}\"},\"query-input\":{\"@type\":\"PropertyValueSpecification\",\"valueRequired\":true,\"valueName\":\"search_term_string\"}}],\"inLanguage\":\"es\"},{\"@type\":\"Organization\",\"@id\":\"https:\\\/\\\/noticiasmercedinas.com\\\/site\\\/#organization\",\"name\":\"NOTICIASMERCEDINAS.COM\",\"url\":\"https:\\\/\\\/noticiasmercedinas.com\\\/site\\\/\",\"logo\":{\"@type\":\"ImageObject\",\"inLanguage\":\"es\",\"@id\":\"https:\\\/\\\/noticiasmercedinas.com\\\/site\\\/#\\\/schema\\\/logo\\\/image\\\/\",\"url\":\"https:\\\/\\\/noticiasmercedinas.com\\\/site\\\/wp-content\\\/uploads\\\/2020\\\/06\\\/LOGO-512.jpg\",\"contentUrl\":\"https:\\\/\\\/noticiasmercedinas.com\\\/site\\\/wp-content\\\/uploads\\\/2020\\\/06\\\/LOGO-512.jpg\",\"width\":512,\"height\":512,\"caption\":\"NOTICIASMERCEDINAS.COM\"},\"image\":{\"@id\":\"https:\\\/\\\/noticiasmercedinas.com\\\/site\\\/#\\\/schema\\\/logo\\\/image\\\/\"},\"sameAs\":[\"https:\\\/\\\/www.facebook.com\\\/noticiasmercedinas\\\/\",\"https:\\\/\\\/x.com\\\/notmercedinas\",\"https:\\\/\\\/www.instagram.com\\\/noticiasmercedinas\\\/\"]},{\"@type\":\"Person\",\"@id\":\"https:\\\/\\\/noticiasmercedinas.com\\\/site\\\/#\\\/schema\\\/person\\\/84b59c099c28ff2e8b77d4ceec5d8063\",\"name\":\"NOTICIASMERCEDINAS.COM\",\"image\":{\"@type\":\"ImageObject\",\"inLanguage\":\"es\",\"@id\":\"https:\\\/\\\/secure.gravatar.com\\\/avatar\\\/4dfbf16b4d17945bfb6341b2d19043457132fcf478a5ee04f42e959fd8f5df0a?s=96&d=mm&r=g\",\"url\":\"https:\\\/\\\/secure.gravatar.com\\\/avatar\\\/4dfbf16b4d17945bfb6341b2d19043457132fcf478a5ee04f42e959fd8f5df0a?s=96&d=mm&r=g\",\"contentUrl\":\"https:\\\/\\\/secure.gravatar.com\\\/avatar\\\/4dfbf16b4d17945bfb6341b2d19043457132fcf478a5ee04f42e959fd8f5df0a?s=96&d=mm&r=g\",\"caption\":\"NOTICIASMERCEDINAS.COM\"},\"url\":\"https:\\\/\\\/noticiasmercedinas.com\\\/site\\\/author\\\/anonimo\\\/\"}]}<\/script>\n<!-- \/ Yoast SEO plugin. -->","yoast_head_json":{"title":"Primer casamiento del a\u00f1o: M\u00e1s all\u00e1 de copas y caf\u00e9s, Juan Pablo y Natalia sellaron su amor de dos d\u00e9cadas","description":"El enlace se realiz\u00f3 este viernes 2 de enero en el Registro Civil. Juan Pablo Giachino, el emblem\u00e1tico mozo de \"Los Bajos\", y Natalia Mansilla, dieron el \"s\u00ed\" acompa\u00f1ados por familiares, amigos y clientes del hist\u00f3rico caf\u00e9.","robots":{"index":"index","follow":"follow","max-snippet":"max-snippet:-1","max-image-preview":"max-image-preview:large","max-video-preview":"max-video-preview:-1"},"canonical":"https:\/\/noticiasmercedinas.com\/site\/2026\/01\/02\/primer-casamiento-del-ano-mas-alla-de-copas-y-cafes-juan-pablo-y-natalia-sellaron-su-amor-de-dos-decadas\/","og_locale":"es_ES","og_type":"article","og_title":"Primer casamiento del a\u00f1o: M\u00e1s all\u00e1 de copas y caf\u00e9s, Juan Pablo y Natalia sellaron su amor de dos d\u00e9cadas","og_description":"El enlace se realiz\u00f3 este viernes 2 de enero en el Registro Civil. Juan Pablo Giachino, el emblem\u00e1tico mozo de \"Los Bajos\", y Natalia Mansilla, dieron el \"s\u00ed\" acompa\u00f1ados por familiares, amigos y clientes del hist\u00f3rico caf\u00e9.","og_url":"https:\/\/noticiasmercedinas.com\/site\/2026\/01\/02\/primer-casamiento-del-ano-mas-alla-de-copas-y-cafes-juan-pablo-y-natalia-sellaron-su-amor-de-dos-decadas\/","og_site_name":"NOTICIASMERCEDINAS.COM","article_publisher":"https:\/\/www.facebook.com\/noticiasmercedinas\/","article_published_time":"2026-01-02T18:15:33+00:00","article_modified_time":"2026-01-02T18:16:01+00:00","og_image":[{"width":640,"height":303,"url":"https:\/\/noticiasmercedinas.com\/site\/wp-content\/uploads\/2026\/01\/CASAM.jpg","type":"image\/jpeg"}],"author":"NOTICIASMERCEDINAS.COM","twitter_card":"summary_large_image","twitter_creator":"@notmercedinas","twitter_site":"@notmercedinas","twitter_misc":{"Escrito por":"NOTICIASMERCEDINAS.COM","Tiempo de lectura":"2 minutos"},"schema":{"@context":"https:\/\/schema.org","@graph":[{"@type":"Article","@id":"https:\/\/noticiasmercedinas.com\/site\/2026\/01\/02\/primer-casamiento-del-ano-mas-alla-de-copas-y-cafes-juan-pablo-y-natalia-sellaron-su-amor-de-dos-decadas\/#article","isPartOf":{"@id":"https:\/\/noticiasmercedinas.com\/site\/2026\/01\/02\/primer-casamiento-del-ano-mas-alla-de-copas-y-cafes-juan-pablo-y-natalia-sellaron-su-amor-de-dos-decadas\/"},"author":{"name":"NOTICIASMERCEDINAS.COM","@id":"https:\/\/noticiasmercedinas.com\/site\/#\/schema\/person\/84b59c099c28ff2e8b77d4ceec5d8063"},"headline":"Primer casamiento del a\u00f1o: M\u00e1s all\u00e1 de copas y caf\u00e9s, Juan Pablo y Natalia sellaron su amor de dos d\u00e9cadas","datePublished":"2026-01-02T18:15:33+00:00","dateModified":"2026-01-02T18:16:01+00:00","mainEntityOfPage":{"@id":"https:\/\/noticiasmercedinas.com\/site\/2026\/01\/02\/primer-casamiento-del-ano-mas-alla-de-copas-y-cafes-juan-pablo-y-natalia-sellaron-su-amor-de-dos-decadas\/"},"wordCount":311,"publisher":{"@id":"https:\/\/noticiasmercedinas.com\/site\/#organization"},"image":{"@id":"https:\/\/noticiasmercedinas.com\/site\/2026\/01\/02\/primer-casamiento-del-ano-mas-alla-de-copas-y-cafes-juan-pablo-y-natalia-sellaron-su-amor-de-dos-decadas\/#primaryimage"},"thumbnailUrl":"https:\/\/noticiasmercedinas.com\/site\/wp-content\/uploads\/2026\/01\/CASAM.jpg","keywords":["casamiento","los bajos"],"articleSection":["Sociedad"],"inLanguage":"es"},{"@type":"WebPage","@id":"https:\/\/noticiasmercedinas.com\/site\/2026\/01\/02\/primer-casamiento-del-ano-mas-alla-de-copas-y-cafes-juan-pablo-y-natalia-sellaron-su-amor-de-dos-decadas\/","url":"https:\/\/noticiasmercedinas.com\/site\/2026\/01\/02\/primer-casamiento-del-ano-mas-alla-de-copas-y-cafes-juan-pablo-y-natalia-sellaron-su-amor-de-dos-decadas\/","name":"Primer casamiento del a\u00f1o: M\u00e1s all\u00e1 de copas y caf\u00e9s, Juan Pablo y Natalia sellaron su amor de dos d\u00e9cadas","isPartOf":{"@id":"https:\/\/noticiasmercedinas.com\/site\/#website"},"primaryImageOfPage":{"@id":"https:\/\/noticiasmercedinas.com\/site\/2026\/01\/02\/primer-casamiento-del-ano-mas-alla-de-copas-y-cafes-juan-pablo-y-natalia-sellaron-su-amor-de-dos-decadas\/#primaryimage"},"image":{"@id":"https:\/\/noticiasmercedinas.com\/site\/2026\/01\/02\/primer-casamiento-del-ano-mas-alla-de-copas-y-cafes-juan-pablo-y-natalia-sellaron-su-amor-de-dos-decadas\/#primaryimage"},"thumbnailUrl":"https:\/\/noticiasmercedinas.com\/site\/wp-content\/uploads\/2026\/01\/CASAM.jpg","datePublished":"2026-01-02T18:15:33+00:00","dateModified":"2026-01-02T18:16:01+00:00","description":"El enlace se realiz\u00f3 este viernes 2 de enero en el Registro Civil. Juan Pablo Giachino, el emblem\u00e1tico mozo de \"Los Bajos\", y Natalia Mansilla, dieron el \"s\u00ed\" acompa\u00f1ados por familiares, amigos y clientes del hist\u00f3rico caf\u00e9.","breadcrumb":{"@id":"https:\/\/noticiasmercedinas.com\/site\/2026\/01\/02\/primer-casamiento-del-ano-mas-alla-de-copas-y-cafes-juan-pablo-y-natalia-sellaron-su-amor-de-dos-decadas\/#breadcrumb"},"inLanguage":"es","potentialAction":[{"@type":"ReadAction","target":["https:\/\/noticiasmercedinas.com\/site\/2026\/01\/02\/primer-casamiento-del-ano-mas-alla-de-copas-y-cafes-juan-pablo-y-natalia-sellaron-su-amor-de-dos-decadas\/"]}]},{"@type":"ImageObject","inLanguage":"es","@id":"https:\/\/noticiasmercedinas.com\/site\/2026\/01\/02\/primer-casamiento-del-ano-mas-alla-de-copas-y-cafes-juan-pablo-y-natalia-sellaron-su-amor-de-dos-decadas\/#primaryimage","url":"https:\/\/noticiasmercedinas.com\/site\/wp-content\/uploads\/2026\/01\/CASAM.jpg","contentUrl":"https:\/\/noticiasmercedinas.com\/site\/wp-content\/uploads\/2026\/01\/CASAM.jpg","width":640,"height":303},{"@type":"BreadcrumbList","@id":"https:\/\/noticiasmercedinas.com\/site\/2026\/01\/02\/primer-casamiento-del-ano-mas-alla-de-copas-y-cafes-juan-pablo-y-natalia-sellaron-su-amor-de-dos-decadas\/#breadcrumb","itemListElement":[{"@type":"ListItem","position":1,"name":"Portada","item":"https:\/\/noticiasmercedinas.com\/site\/"},{"@type":"ListItem","position":2,"name":"Primer casamiento del a\u00f1o: M\u00e1s all\u00e1 de copas y caf\u00e9s, Juan Pablo y Natalia sellaron su amor de dos d\u00e9cadas"}]},{"@type":"WebSite","@id":"https:\/\/noticiasmercedinas.com\/site\/#website","url":"https:\/\/noticiasmercedinas.com\/site\/","name":"NOTICIASMERCEDINAS.COM","description":"Mercedes, Buenos Aires, Argentina","publisher":{"@id":"https:\/\/noticiasmercedinas.com\/site\/#organization"},"potentialAction":[{"@type":"SearchAction","target":{"@type":"EntryPoint","urlTemplate":"https:\/\/noticiasmercedinas.com\/site\/?s={search_term_string}"},"query-input":{"@type":"PropertyValueSpecification","valueRequired":true,"valueName":"search_term_string"}}],"inLanguage":"es"},{"@type":"Organization","@id":"https:\/\/noticiasmercedinas.com\/site\/#organization","name":"NOTICIASMERCEDINAS.COM","url":"https:\/\/noticiasmercedinas.com\/site\/","logo":{"@type":"ImageObject","inLanguage":"es","@id":"https:\/\/noticiasmercedinas.com\/site\/#\/schema\/logo\/image\/","url":"https:\/\/noticiasmercedinas.com\/site\/wp-content\/uploads\/2020\/06\/LOGO-512.jpg","contentUrl":"https:\/\/noticiasmercedinas.com\/site\/wp-content\/uploads\/2020\/06\/LOGO-512.jpg","width":512,"height":512,"caption":"NOTICIASMERCEDINAS.COM"},"image":{"@id":"https:\/\/noticiasmercedinas.com\/site\/#\/schema\/logo\/image\/"},"sameAs":["https:\/\/www.facebook.com\/noticiasmercedinas\/","https:\/\/x.com\/notmercedinas","https:\/\/www.instagram.com\/noticiasmercedinas\/"]},{"@type":"Person","@id":"https:\/\/noticiasmercedinas.com\/site\/#\/schema\/person\/84b59c099c28ff2e8b77d4ceec5d8063","name":"NOTICIASMERCEDINAS.COM","image":{"@type":"ImageObject","inLanguage":"es","@id":"https:\/\/secure.gravatar.com\/avatar\/4dfbf16b4d17945bfb6341b2d19043457132fcf478a5ee04f42e959fd8f5df0a?s=96&d=mm&r=g","url":"https:\/\/secure.gravatar.com\/avatar\/4dfbf16b4d17945bfb6341b2d19043457132fcf478a5ee04f42e959fd8f5df0a?s=96&d=mm&r=g","contentUrl":"https:\/\/secure.gravatar.com\/avatar\/4dfbf16b4d17945bfb6341b2d19043457132fcf478a5ee04f42e959fd8f5df0a?s=96&d=mm&r=g","caption":"NOTICIASMERCEDINAS.COM"},"url":"https:\/\/noticiasmercedinas.com\/site\/author\/anonimo\/"}]}},"amp_enabled":true,"_links":{"self":[{"href":"https:\/\/noticiasmercedinas.com\/site\/wp-json\/wp\/v2\/posts\/177853","targetHints":{"allow":["GET"]}}],"collection":[{"href":"https:\/\/noticiasmercedinas.com\/site\/wp-json\/wp\/v2\/posts"}],"about":[{"href":"https:\/\/noticiasmercedinas.com\/site\/wp-json\/wp\/v2\/types\/post"}],"author":[{"embeddable":true,"href":"https:\/\/noticiasmercedinas.com\/site\/wp-json\/wp\/v2\/users\/16"}],"replies":[{"embeddable":true,"href":"https:\/\/noticiasmercedinas.com\/site\/wp-json\/wp\/v2\/comments?post=177853"}],"version-history":[{"count":2,"href":"https:\/\/noticiasmercedinas.com\/site\/wp-json\/wp\/v2\/posts\/177853\/revisions"}],"predecessor-version":[{"id":177856,"href":"https:\/\/noticiasmercedinas.com\/site\/wp-json\/wp\/v2\/posts\/177853\/revisions\/177856"}],"wp:featuredmedia":[{"embeddable":true,"href":"https:\/\/noticiasmercedinas.com\/site\/wp-json\/wp\/v2\/media\/177854"}],"wp:attachment":[{"href":"https:\/\/noticiasmercedinas.com\/site\/wp-json\/wp\/v2\/media?parent=177853"}],"wp:term":[{"taxonomy":"category","embeddable":true,"href":"https:\/\/noticiasmercedinas.com\/site\/wp-json\/wp\/v2\/categories?post=177853"},{"taxonomy":"post_tag","embeddable":true,"href":"https:\/\/noticiasmercedinas.com\/site\/wp-json\/wp\/v2\/tags?post=177853"}],"curies":[{"name":"wp","href":"https:\/\/api.w.org\/{rel}","templated":true}]}}