{"id":177861,"date":"2026-01-02T18:01:00","date_gmt":"2026-01-02T21:01:00","guid":{"rendered":"https:\/\/noticiasmercedinas.com\/site\/?p=177861"},"modified":"2026-01-02T18:01:00","modified_gmt":"2026-01-02T21:01:00","slug":"britos-reorganiza-su-gabinete-en-chivilcoy-no-me-sometere-a-extorsiones-de-ningun-mercenario","status":"publish","type":"post","link":"https:\/\/noticiasmercedinas.com\/site\/2026\/01\/02\/britos-reorganiza-su-gabinete-en-chivilcoy-no-me-sometere-a-extorsiones-de-ningun-mercenario\/","title":{"rendered":"Britos reorganiza su Gabinete en Chivilcoy: \u00abNo me someter\u00e9 a extorsiones de ning\u00fan mercenario\u00bb"},"content":{"rendered":"<p><img loading=\"lazy\" decoding=\"async\" class=\"alignnone size-full wp-image-177863\" src=\"https:\/\/noticiasmercedinas.com\/site\/wp-content\/uploads\/2026\/01\/guillermobritos.jpg\" alt=\"\" width=\"724\" height=\"468\" srcset=\"https:\/\/noticiasmercedinas.com\/site\/wp-content\/uploads\/2026\/01\/guillermobritos.jpg 724w, https:\/\/noticiasmercedinas.com\/site\/wp-content\/uploads\/2026\/01\/guillermobritos-300x194.jpg 300w, https:\/\/noticiasmercedinas.com\/site\/wp-content\/uploads\/2026\/01\/guillermobritos-600x388.jpg 600w, https:\/\/noticiasmercedinas.com\/site\/wp-content\/uploads\/2026\/01\/guillermobritos-640x414.jpg 640w, https:\/\/noticiasmercedinas.com\/site\/wp-content\/uploads\/2026\/01\/guillermobritos-681x440.jpg 681w\" sizes=\"auto, (max-width: 724px) 100vw, 724px\" \/><\/p>\n<p>En un fuerte movimiento pol\u00edtico y administrativo, el intendente de Chivilcoy, <strong>Guillermo Britos<\/strong>, anunci\u00f3 este viernes una profunda reestructuraci\u00f3n de su Gabinete Municipal.<\/p>\n<p>Con la mirada puesta en la continuidad de su espacio pol\u00edtico, el mandatario present\u00f3 22 nombramientos y lanz\u00f3 una dura advertencia contra sectores opositores, asegurando que su gesti\u00f3n no ceder\u00e1 ante presiones externas mientras busca consolidar el proyecto de \u00abPrimero Chivilcoy\u00bb para las pr\u00f3ximas elecciones.<\/p>\n<blockquote><p>El jefe comunal present\u00f3 22 cambios en su equipo de trabajo con el objetivo de potenciar la gesti\u00f3n hacia 2027. Destac\u00f3 la reducci\u00f3n de cargos pol\u00edticos y el avance tecnol\u00f3gico en la atenci\u00f3n de salud rural.<\/p><\/blockquote>\n<p><strong>Reestructuraci\u00f3n estrat\u00e9gica y vacancia en Jefatura<\/strong><br \/>\nEl anuncio principal se centr\u00f3 en la renovaci\u00f3n de cuadros t\u00e9cnicos y pol\u00edticos. Una de las novedades m\u00e1s destacadas es que la Jefatura de Gabinete quedar\u00e1 vacante tras la salida de Marcela Sabella. Britos elogi\u00f3 la trayectoria de la funcionaria saliente, calificando su labor como \u00abclave\u00bb para el fortalecimiento del equipo y la prestaci\u00f3n de servicios a la comunidad.<\/p>\n<p>\u00abEstos cambios e incorporaciones buscan generar las condiciones necesarias para seguir avanzando junto a los vecinos y alcanzar nuestras metas\u00bb, se\u00f1al\u00f3 el Intendente, subrayando que el objetivo es que funcionarios comprometidos \u00absalgan a comerse la cancha\u00bb en este nuevo ciclo.<\/p>\n<p><strong>Un equipo renovado para 2026<\/strong><br \/>\nLa nueva conformaci\u00f3n del Ejecutivo municipal incluye nombres clave en \u00e1reas sensibles como Seguridad, Salud y Desarrollo Social:<\/p>\n<p>* Seguridad: N\u00e9stor Dabi.<br \/>\n* Salud: Jos\u00e9 Luis Neme Neme (Secretario), Eduardo Mazzucchelli (Subsecretario) y Patricia Mangino (Directora del Hospital Municipal).<br \/>\n* Servicios P\u00fablicos: Esteban Genaro.<br \/>\n* Derechos Humanos: Arturo Pertosa.<br \/>\n* Desarrollo Social: Ivana Aronna.<br \/>\n* Producci\u00f3n: Micaela Rom\u00e1n.<\/p>\n<p><img loading=\"lazy\" decoding=\"async\" class=\"alignnone size-full wp-image-177862\" src=\"https:\/\/noticiasmercedinas.com\/site\/wp-content\/uploads\/2026\/01\/CHIVI1.jpg\" alt=\"\" width=\"695\" height=\"390\" srcset=\"https:\/\/noticiasmercedinas.com\/site\/wp-content\/uploads\/2026\/01\/CHIVI1.jpg 695w, https:\/\/noticiasmercedinas.com\/site\/wp-content\/uploads\/2026\/01\/CHIVI1-300x168.jpg 300w, https:\/\/noticiasmercedinas.com\/site\/wp-content\/uploads\/2026\/01\/CHIVI1-640x359.jpg 640w, https:\/\/noticiasmercedinas.com\/site\/wp-content\/uploads\/2026\/01\/CHIVI1-681x382.jpg 681w\" sizes=\"auto, (max-width: 695px) 100vw, 695px\" \/><\/p>\n<p>El Intendente aclar\u00f3 que, pese a los nuevos nombramientos, la estructura actual es m\u00e1s austera que la recibida en 2015. Actualmente, existen 19 cargos presupuestados que no est\u00e1n ocupados, incluyendo tres secretar\u00edas, lo que refuerza su pol\u00edtica de optimizaci\u00f3n de recursos p\u00fablicos.<\/p>\n<blockquote><p>\u00abVoy a dar todo de m\u00ed para que el 10 de diciembre de 2027 asuma un intendente de nuestro espacio, que no descarto que pueda ser yo si se cumple con la Constituci\u00f3n\u00bb<\/p><\/blockquote>\n<p><strong>Salud 24 horas en el \u00e1mbito rural<\/strong><br \/>\nEn t\u00e9rminos de gesti\u00f3n operativa, Britos destac\u00f3 la implementaci\u00f3n de t\u00f3tems de atenci\u00f3n m\u00e9dica en Ram\u00f3n Biaus, San Sebasti\u00e1n y Gorostiaga. Esta tecnolog\u00eda permitir\u00e1 brindar asistencia las 24 horas en cl\u00ednica m\u00e9dica, pediatr\u00eda y salud mental. \u00abCuando asum\u00ed, ni siquiera Moquehu\u00e1 ten\u00eda m\u00e9dico permanente; hoy aspiramos a expandir este servicio a todo el partido\u00bb, enfatiz\u00f3.<\/p>\n<p>En el cierre de su discurso, el jefe comunal adopt\u00f3 un tono combativo respecto al escenario electoral y las tensiones pol\u00edticas locales. \u00abNo voy a ceder a ninguna extorsi\u00f3n ni a ning\u00fan mercenario\u00bb, sentenci\u00f3 Britos, vinculando su firmeza con la intenci\u00f3n de que \u00abPrimero Chivilcoy\u00bb retenga la intendencia en 2027.<\/p>\n<p>Asimismo, dej\u00f3 abierta la puerta a una posible reelecci\u00f3n propia, condicionada a una eventual reforma de la Ley vigente por parte del Gobernador. \u00abVoy a dar todo de m\u00ed para que el 10 de diciembre de 2027 asuma un intendente de nuestro espacio, que no descarto que pueda ser yo si se cumple con la Constituci\u00f3n\u00bb, concluy\u00f3.<\/p>\n<p><img loading=\"lazy\" decoding=\"async\" class=\"alignnone size-full wp-image-177864\" src=\"https:\/\/noticiasmercedinas.com\/site\/wp-content\/uploads\/2026\/01\/CHIVI.jpg\" alt=\"\" width=\"716\" height=\"478\" srcset=\"https:\/\/noticiasmercedinas.com\/site\/wp-content\/uploads\/2026\/01\/CHIVI.jpg 716w, https:\/\/noticiasmercedinas.com\/site\/wp-content\/uploads\/2026\/01\/CHIVI-300x200.jpg 300w, https:\/\/noticiasmercedinas.com\/site\/wp-content\/uploads\/2026\/01\/CHIVI-537x360.jpg 537w, https:\/\/noticiasmercedinas.com\/site\/wp-content\/uploads\/2026\/01\/CHIVI-640x427.jpg 640w, https:\/\/noticiasmercedinas.com\/site\/wp-content\/uploads\/2026\/01\/CHIVI-681x455.jpg 681w\" sizes=\"auto, (max-width: 716px) 100vw, 716px\" \/><\/p>\n","protected":false},"excerpt":{"rendered":"<p>En un fuerte movimiento pol\u00edtico y administrativo, el intendente de Chivilcoy, Guillermo Britos, anunci\u00f3 este viernes una profunda reestructuraci\u00f3n de su Gabinete Municipal. Con la mirada puesta en la continuidad de su espacio pol\u00edtico, el mandatario present\u00f3 22 nombramientos y lanz\u00f3 una dura advertencia contra sectores opositores, asegurando que su gesti\u00f3n no ceder\u00e1 ante presiones [&hellip;]<\/p>\n","protected":false},"author":16,"featured_media":177863,"comment_status":"closed","ping_status":"closed","sticky":false,"template":"","format":"standard","meta":{"footnotes":""},"categories":[139],"tags":[203,837],"class_list":["post-177861","post","type-post","status-publish","format-standard","has-post-thumbnail","hentry","category-regionales","tag-chivilcoy","tag-guillermo-britos"],"yoast_head":"<!-- This site is optimized with the Yoast SEO plugin v27.4 - https:\/\/yoast.com\/product\/yoast-seo-wordpress\/ -->\n<title>Britos reorganiza su Gabinete en Chivilcoy: &quot;No me someter\u00e9 a extorsiones de ning\u00fan mercenario&quot;<\/title>\n<meta name=\"description\" content=\"El jefe comunal present\u00f3 22 cambios en su equipo de trabajo con el objetivo de potenciar la gesti\u00f3n hacia 2027. Destac\u00f3 la reducci\u00f3n de cargos pol\u00edticos y el avance tecnol\u00f3gico en la atenci\u00f3n de salud rural.\" \/>\n<meta name=\"robots\" content=\"index, follow, max-snippet:-1, max-image-preview:large, max-video-preview:-1\" \/>\n<link rel=\"canonical\" href=\"https:\/\/noticiasmercedinas.com\/site\/2026\/01\/02\/britos-reorganiza-su-gabinete-en-chivilcoy-no-me-sometere-a-extorsiones-de-ningun-mercenario\/\" \/>\n<meta property=\"og:locale\" content=\"es_ES\" \/>\n<meta property=\"og:type\" content=\"article\" \/>\n<meta property=\"og:title\" content=\"Britos reorganiza su Gabinete en Chivilcoy: &quot;No me someter\u00e9 a extorsiones de ning\u00fan mercenario&quot;\" \/>\n<meta property=\"og:description\" content=\"El jefe comunal present\u00f3 22 cambios en su equipo de trabajo con el objetivo de potenciar la gesti\u00f3n hacia 2027. Destac\u00f3 la reducci\u00f3n de cargos pol\u00edticos y el avance tecnol\u00f3gico en la atenci\u00f3n de salud rural.\" \/>\n<meta property=\"og:url\" content=\"https:\/\/noticiasmercedinas.com\/site\/2026\/01\/02\/britos-reorganiza-su-gabinete-en-chivilcoy-no-me-sometere-a-extorsiones-de-ningun-mercenario\/\" \/>\n<meta property=\"og:site_name\" content=\"NOTICIASMERCEDINAS.COM\" \/>\n<meta property=\"article:publisher\" content=\"https:\/\/www.facebook.com\/noticiasmercedinas\/\" \/>\n<meta property=\"article:published_time\" content=\"2026-01-02T21:01:00+00:00\" \/>\n<meta property=\"og:image\" content=\"https:\/\/noticiasmercedinas.com\/site\/wp-content\/uploads\/2026\/01\/guillermobritos.jpg\" \/>\n\t<meta property=\"og:image:width\" content=\"724\" \/>\n\t<meta property=\"og:image:height\" content=\"468\" \/>\n\t<meta property=\"og:image:type\" content=\"image\/jpeg\" \/>\n<meta name=\"author\" content=\"NOTICIASMERCEDINAS.COM\" \/>\n<meta name=\"twitter:card\" content=\"summary_large_image\" \/>\n<meta name=\"twitter:creator\" content=\"@notmercedinas\" \/>\n<meta name=\"twitter:site\" content=\"@notmercedinas\" \/>\n<meta name=\"twitter:label1\" content=\"Escrito por\" \/>\n\t<meta name=\"twitter:data1\" content=\"NOTICIASMERCEDINAS.COM\" \/>\n\t<meta name=\"twitter:label2\" content=\"Tiempo de lectura\" \/>\n\t<meta name=\"twitter:data2\" content=\"3 minutos\" \/>\n<script type=\"application\/ld+json\" class=\"yoast-schema-graph\">{\"@context\":\"https:\\\/\\\/schema.org\",\"@graph\":[{\"@type\":\"Article\",\"@id\":\"https:\\\/\\\/noticiasmercedinas.com\\\/site\\\/2026\\\/01\\\/02\\\/britos-reorganiza-su-gabinete-en-chivilcoy-no-me-sometere-a-extorsiones-de-ningun-mercenario\\\/#article\",\"isPartOf\":{\"@id\":\"https:\\\/\\\/noticiasmercedinas.com\\\/site\\\/2026\\\/01\\\/02\\\/britos-reorganiza-su-gabinete-en-chivilcoy-no-me-sometere-a-extorsiones-de-ningun-mercenario\\\/\"},\"author\":{\"name\":\"NOTICIASMERCEDINAS.COM\",\"@id\":\"https:\\\/\\\/noticiasmercedinas.com\\\/site\\\/#\\\/schema\\\/person\\\/84b59c099c28ff2e8b77d4ceec5d8063\"},\"headline\":\"Britos reorganiza su Gabinete en Chivilcoy: \u00abNo me someter\u00e9 a extorsiones de ning\u00fan mercenario\u00bb\",\"datePublished\":\"2026-01-02T21:01:00+00:00\",\"mainEntityOfPage\":{\"@id\":\"https:\\\/\\\/noticiasmercedinas.com\\\/site\\\/2026\\\/01\\\/02\\\/britos-reorganiza-su-gabinete-en-chivilcoy-no-me-sometere-a-extorsiones-de-ningun-mercenario\\\/\"},\"wordCount\":562,\"publisher\":{\"@id\":\"https:\\\/\\\/noticiasmercedinas.com\\\/site\\\/#organization\"},\"image\":{\"@id\":\"https:\\\/\\\/noticiasmercedinas.com\\\/site\\\/2026\\\/01\\\/02\\\/britos-reorganiza-su-gabinete-en-chivilcoy-no-me-sometere-a-extorsiones-de-ningun-mercenario\\\/#primaryimage\"},\"thumbnailUrl\":\"https:\\\/\\\/noticiasmercedinas.com\\\/site\\\/wp-content\\\/uploads\\\/2026\\\/01\\\/guillermobritos.jpg\",\"keywords\":[\"chivilcoy\",\"Guillermo Britos\"],\"articleSection\":[\"Regionales\"],\"inLanguage\":\"es\"},{\"@type\":\"WebPage\",\"@id\":\"https:\\\/\\\/noticiasmercedinas.com\\\/site\\\/2026\\\/01\\\/02\\\/britos-reorganiza-su-gabinete-en-chivilcoy-no-me-sometere-a-extorsiones-de-ningun-mercenario\\\/\",\"url\":\"https:\\\/\\\/noticiasmercedinas.com\\\/site\\\/2026\\\/01\\\/02\\\/britos-reorganiza-su-gabinete-en-chivilcoy-no-me-sometere-a-extorsiones-de-ningun-mercenario\\\/\",\"name\":\"Britos reorganiza su Gabinete en Chivilcoy: \\\"No me someter\u00e9 a extorsiones de ning\u00fan mercenario\\\"\",\"isPartOf\":{\"@id\":\"https:\\\/\\\/noticiasmercedinas.com\\\/site\\\/#website\"},\"primaryImageOfPage\":{\"@id\":\"https:\\\/\\\/noticiasmercedinas.com\\\/site\\\/2026\\\/01\\\/02\\\/britos-reorganiza-su-gabinete-en-chivilcoy-no-me-sometere-a-extorsiones-de-ningun-mercenario\\\/#primaryimage\"},\"image\":{\"@id\":\"https:\\\/\\\/noticiasmercedinas.com\\\/site\\\/2026\\\/01\\\/02\\\/britos-reorganiza-su-gabinete-en-chivilcoy-no-me-sometere-a-extorsiones-de-ningun-mercenario\\\/#primaryimage\"},\"thumbnailUrl\":\"https:\\\/\\\/noticiasmercedinas.com\\\/site\\\/wp-content\\\/uploads\\\/2026\\\/01\\\/guillermobritos.jpg\",\"datePublished\":\"2026-01-02T21:01:00+00:00\",\"description\":\"El jefe comunal present\u00f3 22 cambios en su equipo de trabajo con el objetivo de potenciar la gesti\u00f3n hacia 2027. Destac\u00f3 la reducci\u00f3n de cargos pol\u00edticos y el avance tecnol\u00f3gico en la atenci\u00f3n de salud rural.\",\"breadcrumb\":{\"@id\":\"https:\\\/\\\/noticiasmercedinas.com\\\/site\\\/2026\\\/01\\\/02\\\/britos-reorganiza-su-gabinete-en-chivilcoy-no-me-sometere-a-extorsiones-de-ningun-mercenario\\\/#breadcrumb\"},\"inLanguage\":\"es\",\"potentialAction\":[{\"@type\":\"ReadAction\",\"target\":[\"https:\\\/\\\/noticiasmercedinas.com\\\/site\\\/2026\\\/01\\\/02\\\/britos-reorganiza-su-gabinete-en-chivilcoy-no-me-sometere-a-extorsiones-de-ningun-mercenario\\\/\"]}]},{\"@type\":\"ImageObject\",\"inLanguage\":\"es\",\"@id\":\"https:\\\/\\\/noticiasmercedinas.com\\\/site\\\/2026\\\/01\\\/02\\\/britos-reorganiza-su-gabinete-en-chivilcoy-no-me-sometere-a-extorsiones-de-ningun-mercenario\\\/#primaryimage\",\"url\":\"https:\\\/\\\/noticiasmercedinas.com\\\/site\\\/wp-content\\\/uploads\\\/2026\\\/01\\\/guillermobritos.jpg\",\"contentUrl\":\"https:\\\/\\\/noticiasmercedinas.com\\\/site\\\/wp-content\\\/uploads\\\/2026\\\/01\\\/guillermobritos.jpg\",\"width\":724,\"height\":468},{\"@type\":\"BreadcrumbList\",\"@id\":\"https:\\\/\\\/noticiasmercedinas.com\\\/site\\\/2026\\\/01\\\/02\\\/britos-reorganiza-su-gabinete-en-chivilcoy-no-me-sometere-a-extorsiones-de-ningun-mercenario\\\/#breadcrumb\",\"itemListElement\":[{\"@type\":\"ListItem\",\"position\":1,\"name\":\"Portada\",\"item\":\"https:\\\/\\\/noticiasmercedinas.com\\\/site\\\/\"},{\"@type\":\"ListItem\",\"position\":2,\"name\":\"Britos reorganiza su Gabinete en Chivilcoy: \u00abNo me someter\u00e9 a extorsiones de ning\u00fan mercenario\u00bb\"}]},{\"@type\":\"WebSite\",\"@id\":\"https:\\\/\\\/noticiasmercedinas.com\\\/site\\\/#website\",\"url\":\"https:\\\/\\\/noticiasmercedinas.com\\\/site\\\/\",\"name\":\"NOTICIASMERCEDINAS.COM\",\"description\":\"Mercedes, Buenos Aires, Argentina\",\"publisher\":{\"@id\":\"https:\\\/\\\/noticiasmercedinas.com\\\/site\\\/#organization\"},\"potentialAction\":[{\"@type\":\"SearchAction\",\"target\":{\"@type\":\"EntryPoint\",\"urlTemplate\":\"https:\\\/\\\/noticiasmercedinas.com\\\/site\\\/?s={search_term_string}\"},\"query-input\":{\"@type\":\"PropertyValueSpecification\",\"valueRequired\":true,\"valueName\":\"search_term_string\"}}],\"inLanguage\":\"es\"},{\"@type\":\"Organization\",\"@id\":\"https:\\\/\\\/noticiasmercedinas.com\\\/site\\\/#organization\",\"name\":\"NOTICIASMERCEDINAS.COM\",\"url\":\"https:\\\/\\\/noticiasmercedinas.com\\\/site\\\/\",\"logo\":{\"@type\":\"ImageObject\",\"inLanguage\":\"es\",\"@id\":\"https:\\\/\\\/noticiasmercedinas.com\\\/site\\\/#\\\/schema\\\/logo\\\/image\\\/\",\"url\":\"https:\\\/\\\/noticiasmercedinas.com\\\/site\\\/wp-content\\\/uploads\\\/2020\\\/06\\\/LOGO-512.jpg\",\"contentUrl\":\"https:\\\/\\\/noticiasmercedinas.com\\\/site\\\/wp-content\\\/uploads\\\/2020\\\/06\\\/LOGO-512.jpg\",\"width\":512,\"height\":512,\"caption\":\"NOTICIASMERCEDINAS.COM\"},\"image\":{\"@id\":\"https:\\\/\\\/noticiasmercedinas.com\\\/site\\\/#\\\/schema\\\/logo\\\/image\\\/\"},\"sameAs\":[\"https:\\\/\\\/www.facebook.com\\\/noticiasmercedinas\\\/\",\"https:\\\/\\\/x.com\\\/notmercedinas\",\"https:\\\/\\\/www.instagram.com\\\/noticiasmercedinas\\\/\"]},{\"@type\":\"Person\",\"@id\":\"https:\\\/\\\/noticiasmercedinas.com\\\/site\\\/#\\\/schema\\\/person\\\/84b59c099c28ff2e8b77d4ceec5d8063\",\"name\":\"NOTICIASMERCEDINAS.COM\",\"image\":{\"@type\":\"ImageObject\",\"inLanguage\":\"es\",\"@id\":\"https:\\\/\\\/secure.gravatar.com\\\/avatar\\\/4dfbf16b4d17945bfb6341b2d19043457132fcf478a5ee04f42e959fd8f5df0a?s=96&d=mm&r=g\",\"url\":\"https:\\\/\\\/secure.gravatar.com\\\/avatar\\\/4dfbf16b4d17945bfb6341b2d19043457132fcf478a5ee04f42e959fd8f5df0a?s=96&d=mm&r=g\",\"contentUrl\":\"https:\\\/\\\/secure.gravatar.com\\\/avatar\\\/4dfbf16b4d17945bfb6341b2d19043457132fcf478a5ee04f42e959fd8f5df0a?s=96&d=mm&r=g\",\"caption\":\"NOTICIASMERCEDINAS.COM\"},\"url\":\"https:\\\/\\\/noticiasmercedinas.com\\\/site\\\/author\\\/anonimo\\\/\"}]}<\/script>\n<!-- \/ Yoast SEO plugin. -->","yoast_head_json":{"title":"Britos reorganiza su Gabinete en Chivilcoy: \"No me someter\u00e9 a extorsiones de ning\u00fan mercenario\"","description":"El jefe comunal present\u00f3 22 cambios en su equipo de trabajo con el objetivo de potenciar la gesti\u00f3n hacia 2027. Destac\u00f3 la reducci\u00f3n de cargos pol\u00edticos y el avance tecnol\u00f3gico en la atenci\u00f3n de salud rural.","robots":{"index":"index","follow":"follow","max-snippet":"max-snippet:-1","max-image-preview":"max-image-preview:large","max-video-preview":"max-video-preview:-1"},"canonical":"https:\/\/noticiasmercedinas.com\/site\/2026\/01\/02\/britos-reorganiza-su-gabinete-en-chivilcoy-no-me-sometere-a-extorsiones-de-ningun-mercenario\/","og_locale":"es_ES","og_type":"article","og_title":"Britos reorganiza su Gabinete en Chivilcoy: \"No me someter\u00e9 a extorsiones de ning\u00fan mercenario\"","og_description":"El jefe comunal present\u00f3 22 cambios en su equipo de trabajo con el objetivo de potenciar la gesti\u00f3n hacia 2027. Destac\u00f3 la reducci\u00f3n de cargos pol\u00edticos y el avance tecnol\u00f3gico en la atenci\u00f3n de salud rural.","og_url":"https:\/\/noticiasmercedinas.com\/site\/2026\/01\/02\/britos-reorganiza-su-gabinete-en-chivilcoy-no-me-sometere-a-extorsiones-de-ningun-mercenario\/","og_site_name":"NOTICIASMERCEDINAS.COM","article_publisher":"https:\/\/www.facebook.com\/noticiasmercedinas\/","article_published_time":"2026-01-02T21:01:00+00:00","og_image":[{"width":724,"height":468,"url":"https:\/\/noticiasmercedinas.com\/site\/wp-content\/uploads\/2026\/01\/guillermobritos.jpg","type":"image\/jpeg"}],"author":"NOTICIASMERCEDINAS.COM","twitter_card":"summary_large_image","twitter_creator":"@notmercedinas","twitter_site":"@notmercedinas","twitter_misc":{"Escrito por":"NOTICIASMERCEDINAS.COM","Tiempo de lectura":"3 minutos"},"schema":{"@context":"https:\/\/schema.org","@graph":[{"@type":"Article","@id":"https:\/\/noticiasmercedinas.com\/site\/2026\/01\/02\/britos-reorganiza-su-gabinete-en-chivilcoy-no-me-sometere-a-extorsiones-de-ningun-mercenario\/#article","isPartOf":{"@id":"https:\/\/noticiasmercedinas.com\/site\/2026\/01\/02\/britos-reorganiza-su-gabinete-en-chivilcoy-no-me-sometere-a-extorsiones-de-ningun-mercenario\/"},"author":{"name":"NOTICIASMERCEDINAS.COM","@id":"https:\/\/noticiasmercedinas.com\/site\/#\/schema\/person\/84b59c099c28ff2e8b77d4ceec5d8063"},"headline":"Britos reorganiza su Gabinete en Chivilcoy: \u00abNo me someter\u00e9 a extorsiones de ning\u00fan mercenario\u00bb","datePublished":"2026-01-02T21:01:00+00:00","mainEntityOfPage":{"@id":"https:\/\/noticiasmercedinas.com\/site\/2026\/01\/02\/britos-reorganiza-su-gabinete-en-chivilcoy-no-me-sometere-a-extorsiones-de-ningun-mercenario\/"},"wordCount":562,"publisher":{"@id":"https:\/\/noticiasmercedinas.com\/site\/#organization"},"image":{"@id":"https:\/\/noticiasmercedinas.com\/site\/2026\/01\/02\/britos-reorganiza-su-gabinete-en-chivilcoy-no-me-sometere-a-extorsiones-de-ningun-mercenario\/#primaryimage"},"thumbnailUrl":"https:\/\/noticiasmercedinas.com\/site\/wp-content\/uploads\/2026\/01\/guillermobritos.jpg","keywords":["chivilcoy","Guillermo Britos"],"articleSection":["Regionales"],"inLanguage":"es"},{"@type":"WebPage","@id":"https:\/\/noticiasmercedinas.com\/site\/2026\/01\/02\/britos-reorganiza-su-gabinete-en-chivilcoy-no-me-sometere-a-extorsiones-de-ningun-mercenario\/","url":"https:\/\/noticiasmercedinas.com\/site\/2026\/01\/02\/britos-reorganiza-su-gabinete-en-chivilcoy-no-me-sometere-a-extorsiones-de-ningun-mercenario\/","name":"Britos reorganiza su Gabinete en Chivilcoy: \"No me someter\u00e9 a extorsiones de ning\u00fan mercenario\"","isPartOf":{"@id":"https:\/\/noticiasmercedinas.com\/site\/#website"},"primaryImageOfPage":{"@id":"https:\/\/noticiasmercedinas.com\/site\/2026\/01\/02\/britos-reorganiza-su-gabinete-en-chivilcoy-no-me-sometere-a-extorsiones-de-ningun-mercenario\/#primaryimage"},"image":{"@id":"https:\/\/noticiasmercedinas.com\/site\/2026\/01\/02\/britos-reorganiza-su-gabinete-en-chivilcoy-no-me-sometere-a-extorsiones-de-ningun-mercenario\/#primaryimage"},"thumbnailUrl":"https:\/\/noticiasmercedinas.com\/site\/wp-content\/uploads\/2026\/01\/guillermobritos.jpg","datePublished":"2026-01-02T21:01:00+00:00","description":"El jefe comunal present\u00f3 22 cambios en su equipo de trabajo con el objetivo de potenciar la gesti\u00f3n hacia 2027. Destac\u00f3 la reducci\u00f3n de cargos pol\u00edticos y el avance tecnol\u00f3gico en la atenci\u00f3n de salud rural.","breadcrumb":{"@id":"https:\/\/noticiasmercedinas.com\/site\/2026\/01\/02\/britos-reorganiza-su-gabinete-en-chivilcoy-no-me-sometere-a-extorsiones-de-ningun-mercenario\/#breadcrumb"},"inLanguage":"es","potentialAction":[{"@type":"ReadAction","target":["https:\/\/noticiasmercedinas.com\/site\/2026\/01\/02\/britos-reorganiza-su-gabinete-en-chivilcoy-no-me-sometere-a-extorsiones-de-ningun-mercenario\/"]}]},{"@type":"ImageObject","inLanguage":"es","@id":"https:\/\/noticiasmercedinas.com\/site\/2026\/01\/02\/britos-reorganiza-su-gabinete-en-chivilcoy-no-me-sometere-a-extorsiones-de-ningun-mercenario\/#primaryimage","url":"https:\/\/noticiasmercedinas.com\/site\/wp-content\/uploads\/2026\/01\/guillermobritos.jpg","contentUrl":"https:\/\/noticiasmercedinas.com\/site\/wp-content\/uploads\/2026\/01\/guillermobritos.jpg","width":724,"height":468},{"@type":"BreadcrumbList","@id":"https:\/\/noticiasmercedinas.com\/site\/2026\/01\/02\/britos-reorganiza-su-gabinete-en-chivilcoy-no-me-sometere-a-extorsiones-de-ningun-mercenario\/#breadcrumb","itemListElement":[{"@type":"ListItem","position":1,"name":"Portada","item":"https:\/\/noticiasmercedinas.com\/site\/"},{"@type":"ListItem","position":2,"name":"Britos reorganiza su Gabinete en Chivilcoy: \u00abNo me someter\u00e9 a extorsiones de ning\u00fan mercenario\u00bb"}]},{"@type":"WebSite","@id":"https:\/\/noticiasmercedinas.com\/site\/#website","url":"https:\/\/noticiasmercedinas.com\/site\/","name":"NOTICIASMERCEDINAS.COM","description":"Mercedes, Buenos Aires, Argentina","publisher":{"@id":"https:\/\/noticiasmercedinas.com\/site\/#organization"},"potentialAction":[{"@type":"SearchAction","target":{"@type":"EntryPoint","urlTemplate":"https:\/\/noticiasmercedinas.com\/site\/?s={search_term_string}"},"query-input":{"@type":"PropertyValueSpecification","valueRequired":true,"valueName":"search_term_string"}}],"inLanguage":"es"},{"@type":"Organization","@id":"https:\/\/noticiasmercedinas.com\/site\/#organization","name":"NOTICIASMERCEDINAS.COM","url":"https:\/\/noticiasmercedinas.com\/site\/","logo":{"@type":"ImageObject","inLanguage":"es","@id":"https:\/\/noticiasmercedinas.com\/site\/#\/schema\/logo\/image\/","url":"https:\/\/noticiasmercedinas.com\/site\/wp-content\/uploads\/2020\/06\/LOGO-512.jpg","contentUrl":"https:\/\/noticiasmercedinas.com\/site\/wp-content\/uploads\/2020\/06\/LOGO-512.jpg","width":512,"height":512,"caption":"NOTICIASMERCEDINAS.COM"},"image":{"@id":"https:\/\/noticiasmercedinas.com\/site\/#\/schema\/logo\/image\/"},"sameAs":["https:\/\/www.facebook.com\/noticiasmercedinas\/","https:\/\/x.com\/notmercedinas","https:\/\/www.instagram.com\/noticiasmercedinas\/"]},{"@type":"Person","@id":"https:\/\/noticiasmercedinas.com\/site\/#\/schema\/person\/84b59c099c28ff2e8b77d4ceec5d8063","name":"NOTICIASMERCEDINAS.COM","image":{"@type":"ImageObject","inLanguage":"es","@id":"https:\/\/secure.gravatar.com\/avatar\/4dfbf16b4d17945bfb6341b2d19043457132fcf478a5ee04f42e959fd8f5df0a?s=96&d=mm&r=g","url":"https:\/\/secure.gravatar.com\/avatar\/4dfbf16b4d17945bfb6341b2d19043457132fcf478a5ee04f42e959fd8f5df0a?s=96&d=mm&r=g","contentUrl":"https:\/\/secure.gravatar.com\/avatar\/4dfbf16b4d17945bfb6341b2d19043457132fcf478a5ee04f42e959fd8f5df0a?s=96&d=mm&r=g","caption":"NOTICIASMERCEDINAS.COM"},"url":"https:\/\/noticiasmercedinas.com\/site\/author\/anonimo\/"}]}},"amp_enabled":true,"_links":{"self":[{"href":"https:\/\/noticiasmercedinas.com\/site\/wp-json\/wp\/v2\/posts\/177861","targetHints":{"allow":["GET"]}}],"collection":[{"href":"https:\/\/noticiasmercedinas.com\/site\/wp-json\/wp\/v2\/posts"}],"about":[{"href":"https:\/\/noticiasmercedinas.com\/site\/wp-json\/wp\/v2\/types\/post"}],"author":[{"embeddable":true,"href":"https:\/\/noticiasmercedinas.com\/site\/wp-json\/wp\/v2\/users\/16"}],"replies":[{"embeddable":true,"href":"https:\/\/noticiasmercedinas.com\/site\/wp-json\/wp\/v2\/comments?post=177861"}],"version-history":[{"count":1,"href":"https:\/\/noticiasmercedinas.com\/site\/wp-json\/wp\/v2\/posts\/177861\/revisions"}],"predecessor-version":[{"id":177865,"href":"https:\/\/noticiasmercedinas.com\/site\/wp-json\/wp\/v2\/posts\/177861\/revisions\/177865"}],"wp:featuredmedia":[{"embeddable":true,"href":"https:\/\/noticiasmercedinas.com\/site\/wp-json\/wp\/v2\/media\/177863"}],"wp:attachment":[{"href":"https:\/\/noticiasmercedinas.com\/site\/wp-json\/wp\/v2\/media?parent=177861"}],"wp:term":[{"taxonomy":"category","embeddable":true,"href":"https:\/\/noticiasmercedinas.com\/site\/wp-json\/wp\/v2\/categories?post=177861"},{"taxonomy":"post_tag","embeddable":true,"href":"https:\/\/noticiasmercedinas.com\/site\/wp-json\/wp\/v2\/tags?post=177861"}],"curies":[{"name":"wp","href":"https:\/\/api.w.org\/{rel}","templated":true}]}}