{"id":17795,"date":"2019-04-29T17:58:02","date_gmt":"2019-04-29T20:58:02","guid":{"rendered":"https:\/\/noticiasmercedinas.com\/site\/?p=17795"},"modified":"2019-04-29T17:58:02","modified_gmt":"2019-04-29T20:58:02","slug":"provincial-de-motocross-santi-scasso-logra-una-gran-victoria-en-la-mx2","status":"publish","type":"post","link":"https:\/\/noticiasmercedinas.com\/site\/2019\/04\/29\/provincial-de-motocross-santi-scasso-logra-una-gran-victoria-en-la-mx2\/","title":{"rendered":"Provincial de Motocross: Santi Scasso logra una gran victoria en la MX2"},"content":{"rendered":"<p><img loading=\"lazy\" decoding=\"async\" class=\"alignnone size-large wp-image-17797\" src=\"https:\/\/noticiasmercedinas.com\/site\/wp-content\/uploads\/2019\/04\/537e2ab0-027e-475f-919c-160010047dd7-1024x716.jpg\" alt=\"\" width=\"640\" height=\"448\" srcset=\"https:\/\/noticiasmercedinas.com\/site\/wp-content\/uploads\/2019\/04\/537e2ab0-027e-475f-919c-160010047dd7-1024x716.jpg 1024w, https:\/\/noticiasmercedinas.com\/site\/wp-content\/uploads\/2019\/04\/537e2ab0-027e-475f-919c-160010047dd7-300x210.jpg 300w, https:\/\/noticiasmercedinas.com\/site\/wp-content\/uploads\/2019\/04\/537e2ab0-027e-475f-919c-160010047dd7-768x537.jpg 768w, https:\/\/noticiasmercedinas.com\/site\/wp-content\/uploads\/2019\/04\/537e2ab0-027e-475f-919c-160010047dd7-640x448.jpg 640w, https:\/\/noticiasmercedinas.com\/site\/wp-content\/uploads\/2019\/04\/537e2ab0-027e-475f-919c-160010047dd7.jpg 1280w, https:\/\/noticiasmercedinas.com\/site\/wp-content\/uploads\/2019\/04\/537e2ab0-027e-475f-919c-160010047dd7-681x476.jpg 681w\" sizes=\"auto, (max-width: 640px) 100vw, 640px\" \/><\/p>\n<p>Se disput\u00f3 la segunda fecha del bonaerense en terreno zarate\u00f1o. Estuvieron representando a Mercedes los hermanos Scasso. Santiago consigui\u00f3 una clara victoria entre las 250 y Juan termin\u00f3 en el quinto lugar de la Intermedia.<\/p>\n<p>Este fin de semana se concret\u00f3 la segunda fecha del certamen provincial de Motocross en el circuito Internacional de la ciudad de Zarate. Los mercedinos<strong> Juan<\/strong> y <strong>Santiago Scasso<\/strong> fueron los mercedinos presentes en esta oportunidad, dando continuidad a la temporada que se hab\u00eda iniciado en la localidad de Navarro. Durante la jornada del s\u00e1bado las inclemencias clim\u00e1ticas hicieron que resulte complicado girar en un trazado con mucho barro, por cuanto se decidi\u00f3 en t\u00e9rminos de organizaci\u00f3n llevar adelante tres pruebas libres de entrenamiento y pasar las clasificaciones para la ma\u00f1ana del domingo.<\/p>\n<p>Con condiciones de pista mucho m\u00e1s favorables se consiguieron buenos resultados, especialmente por la actuaci\u00f3n de Santi quien demostr\u00f3 estar volviendo a tener un excelente ritmo que le permiti\u00f3 treparse a lo m\u00e1s alto del podio dentro de la lucha de la MX2.<\/p>\n<p>Con su flamante Yamaha 250 #45, el mayor de los Scasso concret\u00f3 excelentes mangas de carrera, sobretodo en la final donde estuvo al ritmo de los punteros, dado que compitieron junto a la MX1 y la Intermedia. Santiago fue claro dominador en su divisional y pudo doblegar a Alan Brajovich (Ing. Maschwitz) y Claudio Mart\u00edn (Pilar), quienes lo acompa\u00f1aron en el podio de coronaci\u00f3n. En tanto Juan logr\u00f3 un quinto puesto en la Intermedia, categor\u00eda que l\u00f3gicamente al estar compitiendo con las categor\u00edas mayores se vio un tanto opacada. No obstante el menor de los Scasso se prendi\u00f3 entre los mejores de su divisi\u00f3n.<\/p>\n<p>Un buen trabajo del equipo que comanda su padre Carlos y que representa a la ciudad de Mercedes. La tercera cita del bonaerense est\u00e1 prevista para fines de mayo y el escenario donde se desarrollar\u00e1 la misma se definir\u00e1 en los pr\u00f3ximos d\u00edas.<\/p>\n<p><img loading=\"lazy\" decoding=\"async\" class=\"alignnone size-large wp-image-17796\" src=\"https:\/\/noticiasmercedinas.com\/site\/wp-content\/uploads\/2019\/04\/9c16acd8-6bac-425e-9df8-c5fe43412952-1024x682.jpg\" alt=\"\" width=\"640\" height=\"426\" srcset=\"https:\/\/noticiasmercedinas.com\/site\/wp-content\/uploads\/2019\/04\/9c16acd8-6bac-425e-9df8-c5fe43412952-1024x682.jpg 1024w, https:\/\/noticiasmercedinas.com\/site\/wp-content\/uploads\/2019\/04\/9c16acd8-6bac-425e-9df8-c5fe43412952-300x200.jpg 300w, https:\/\/noticiasmercedinas.com\/site\/wp-content\/uploads\/2019\/04\/9c16acd8-6bac-425e-9df8-c5fe43412952-768x512.jpg 768w, https:\/\/noticiasmercedinas.com\/site\/wp-content\/uploads\/2019\/04\/9c16acd8-6bac-425e-9df8-c5fe43412952-640x427.jpg 640w, https:\/\/noticiasmercedinas.com\/site\/wp-content\/uploads\/2019\/04\/9c16acd8-6bac-425e-9df8-c5fe43412952.jpg 1280w, https:\/\/noticiasmercedinas.com\/site\/wp-content\/uploads\/2019\/04\/9c16acd8-6bac-425e-9df8-c5fe43412952-681x454.jpg 681w\" sizes=\"auto, (max-width: 640px) 100vw, 640px\" \/><\/p>\n","protected":false},"excerpt":{"rendered":"<p>Se disput\u00f3 la segunda fecha del bonaerense en terreno zarate\u00f1o. Estuvieron representando a Mercedes los hermanos Scasso. Santiago consigui\u00f3 una clara victoria entre las 250 y Juan termin\u00f3 en el quinto lugar de la Intermedia. Este fin de semana se concret\u00f3 la segunda fecha del certamen provincial de Motocross en el circuito Internacional de la [&hellip;]<\/p>\n","protected":false},"author":16,"featured_media":17797,"comment_status":"open","ping_status":"open","sticky":false,"template":"","format":"standard","meta":{"footnotes":""},"categories":[5],"tags":[804,84,3155,4610,4611,802],"class_list":["post-17795","post","type-post","status-publish","format-standard","has-post-thumbnail","hentry","category-deportes","tag-juan-scasso","tag-motocross","tag-motos","tag-mx2","tag-santiago-scasso","tag-zarate"],"yoast_head":"<!-- This site is optimized with the Yoast SEO plugin v27.5 - https:\/\/yoast.com\/product\/yoast-seo-wordpress\/ -->\n<title>Provincial de Motocross: Santi Scasso logra una gran victoria en la MX2<\/title>\n<meta name=\"robots\" content=\"index, follow, max-snippet:-1, max-image-preview:large, max-video-preview:-1\" \/>\n<link rel=\"canonical\" href=\"https:\/\/noticiasmercedinas.com\/site\/2019\/04\/29\/provincial-de-motocross-santi-scasso-logra-una-gran-victoria-en-la-mx2\/\" \/>\n<meta property=\"og:locale\" content=\"es_ES\" \/>\n<meta property=\"og:type\" content=\"article\" \/>\n<meta property=\"og:title\" content=\"Provincial de Motocross: Santi Scasso logra una gran victoria en la MX2\" \/>\n<meta property=\"og:description\" content=\"Se disput\u00f3 la segunda fecha del bonaerense en terreno zarate\u00f1o. Estuvieron representando a Mercedes los hermanos Scasso. Santiago consigui\u00f3 una clara victoria entre las 250 y Juan termin\u00f3 en el quinto lugar de la Intermedia. Este fin de semana se concret\u00f3 la segunda fecha del certamen provincial de Motocross en el circuito Internacional de la [&hellip;]\" \/>\n<meta property=\"og:url\" content=\"https:\/\/noticiasmercedinas.com\/site\/2019\/04\/29\/provincial-de-motocross-santi-scasso-logra-una-gran-victoria-en-la-mx2\/\" \/>\n<meta property=\"og:site_name\" content=\"NOTICIASMERCEDINAS.COM\" \/>\n<meta property=\"article:publisher\" content=\"https:\/\/www.facebook.com\/noticiasmercedinas\/\" \/>\n<meta property=\"article:published_time\" content=\"2019-04-29T20:58:02+00:00\" \/>\n<meta property=\"og:image\" content=\"https:\/\/noticiasmercedinas.com\/site\/wp-content\/uploads\/2019\/04\/537e2ab0-027e-475f-919c-160010047dd7.jpg\" \/>\n\t<meta property=\"og:image:width\" content=\"1280\" \/>\n\t<meta property=\"og:image:height\" content=\"895\" \/>\n\t<meta property=\"og:image:type\" content=\"image\/jpeg\" \/>\n<meta name=\"author\" content=\"NOTICIASMERCEDINAS.COM\" \/>\n<meta name=\"twitter:card\" content=\"summary_large_image\" \/>\n<meta name=\"twitter:creator\" content=\"@notmercedinas\" \/>\n<meta name=\"twitter:site\" content=\"@notmercedinas\" \/>\n<meta name=\"twitter:label1\" content=\"Escrito por\" \/>\n\t<meta name=\"twitter:data1\" content=\"NOTICIASMERCEDINAS.COM\" \/>\n\t<meta name=\"twitter:label2\" content=\"Tiempo de lectura\" \/>\n\t<meta name=\"twitter:data2\" content=\"2 minutos\" \/>\n<script type=\"application\/ld+json\" class=\"yoast-schema-graph\">{\"@context\":\"https:\\\/\\\/schema.org\",\"@graph\":[{\"@type\":\"Article\",\"@id\":\"https:\\\/\\\/noticiasmercedinas.com\\\/site\\\/2019\\\/04\\\/29\\\/provincial-de-motocross-santi-scasso-logra-una-gran-victoria-en-la-mx2\\\/#article\",\"isPartOf\":{\"@id\":\"https:\\\/\\\/noticiasmercedinas.com\\\/site\\\/2019\\\/04\\\/29\\\/provincial-de-motocross-santi-scasso-logra-una-gran-victoria-en-la-mx2\\\/\"},\"author\":{\"name\":\"NOTICIASMERCEDINAS.COM\",\"@id\":\"https:\\\/\\\/noticiasmercedinas.com\\\/site\\\/#\\\/schema\\\/person\\\/84b59c099c28ff2e8b77d4ceec5d8063\"},\"headline\":\"Provincial de Motocross: Santi Scasso logra una gran victoria en la MX2\",\"datePublished\":\"2019-04-29T20:58:02+00:00\",\"mainEntityOfPage\":{\"@id\":\"https:\\\/\\\/noticiasmercedinas.com\\\/site\\\/2019\\\/04\\\/29\\\/provincial-de-motocross-santi-scasso-logra-una-gran-victoria-en-la-mx2\\\/\"},\"wordCount\":346,\"commentCount\":0,\"publisher\":{\"@id\":\"https:\\\/\\\/noticiasmercedinas.com\\\/site\\\/#organization\"},\"image\":{\"@id\":\"https:\\\/\\\/noticiasmercedinas.com\\\/site\\\/2019\\\/04\\\/29\\\/provincial-de-motocross-santi-scasso-logra-una-gran-victoria-en-la-mx2\\\/#primaryimage\"},\"thumbnailUrl\":\"https:\\\/\\\/noticiasmercedinas.com\\\/site\\\/wp-content\\\/uploads\\\/2019\\\/04\\\/537e2ab0-027e-475f-919c-160010047dd7.jpg\",\"keywords\":[\"Juan Scasso\",\"motocross\",\"motos\",\"mx2\",\"santiago scasso\",\"zarate\"],\"articleSection\":[\"Deportes\"],\"inLanguage\":\"es\",\"potentialAction\":[{\"@type\":\"CommentAction\",\"name\":\"Comment\",\"target\":[\"https:\\\/\\\/noticiasmercedinas.com\\\/site\\\/2019\\\/04\\\/29\\\/provincial-de-motocross-santi-scasso-logra-una-gran-victoria-en-la-mx2\\\/#respond\"]}]},{\"@type\":\"WebPage\",\"@id\":\"https:\\\/\\\/noticiasmercedinas.com\\\/site\\\/2019\\\/04\\\/29\\\/provincial-de-motocross-santi-scasso-logra-una-gran-victoria-en-la-mx2\\\/\",\"url\":\"https:\\\/\\\/noticiasmercedinas.com\\\/site\\\/2019\\\/04\\\/29\\\/provincial-de-motocross-santi-scasso-logra-una-gran-victoria-en-la-mx2\\\/\",\"name\":\"Provincial de Motocross: Santi Scasso logra una gran victoria en la MX2\",\"isPartOf\":{\"@id\":\"https:\\\/\\\/noticiasmercedinas.com\\\/site\\\/#website\"},\"primaryImageOfPage\":{\"@id\":\"https:\\\/\\\/noticiasmercedinas.com\\\/site\\\/2019\\\/04\\\/29\\\/provincial-de-motocross-santi-scasso-logra-una-gran-victoria-en-la-mx2\\\/#primaryimage\"},\"image\":{\"@id\":\"https:\\\/\\\/noticiasmercedinas.com\\\/site\\\/2019\\\/04\\\/29\\\/provincial-de-motocross-santi-scasso-logra-una-gran-victoria-en-la-mx2\\\/#primaryimage\"},\"thumbnailUrl\":\"https:\\\/\\\/noticiasmercedinas.com\\\/site\\\/wp-content\\\/uploads\\\/2019\\\/04\\\/537e2ab0-027e-475f-919c-160010047dd7.jpg\",\"datePublished\":\"2019-04-29T20:58:02+00:00\",\"breadcrumb\":{\"@id\":\"https:\\\/\\\/noticiasmercedinas.com\\\/site\\\/2019\\\/04\\\/29\\\/provincial-de-motocross-santi-scasso-logra-una-gran-victoria-en-la-mx2\\\/#breadcrumb\"},\"inLanguage\":\"es\",\"potentialAction\":[{\"@type\":\"ReadAction\",\"target\":[\"https:\\\/\\\/noticiasmercedinas.com\\\/site\\\/2019\\\/04\\\/29\\\/provincial-de-motocross-santi-scasso-logra-una-gran-victoria-en-la-mx2\\\/\"]}]},{\"@type\":\"ImageObject\",\"inLanguage\":\"es\",\"@id\":\"https:\\\/\\\/noticiasmercedinas.com\\\/site\\\/2019\\\/04\\\/29\\\/provincial-de-motocross-santi-scasso-logra-una-gran-victoria-en-la-mx2\\\/#primaryimage\",\"url\":\"https:\\\/\\\/noticiasmercedinas.com\\\/site\\\/wp-content\\\/uploads\\\/2019\\\/04\\\/537e2ab0-027e-475f-919c-160010047dd7.jpg\",\"contentUrl\":\"https:\\\/\\\/noticiasmercedinas.com\\\/site\\\/wp-content\\\/uploads\\\/2019\\\/04\\\/537e2ab0-027e-475f-919c-160010047dd7.jpg\",\"width\":1280,\"height\":895},{\"@type\":\"BreadcrumbList\",\"@id\":\"https:\\\/\\\/noticiasmercedinas.com\\\/site\\\/2019\\\/04\\\/29\\\/provincial-de-motocross-santi-scasso-logra-una-gran-victoria-en-la-mx2\\\/#breadcrumb\",\"itemListElement\":[{\"@type\":\"ListItem\",\"position\":1,\"name\":\"Portada\",\"item\":\"https:\\\/\\\/noticiasmercedinas.com\\\/site\\\/\"},{\"@type\":\"ListItem\",\"position\":2,\"name\":\"Provincial de Motocross: Santi Scasso logra una gran victoria en la MX2\"}]},{\"@type\":\"WebSite\",\"@id\":\"https:\\\/\\\/noticiasmercedinas.com\\\/site\\\/#website\",\"url\":\"https:\\\/\\\/noticiasmercedinas.com\\\/site\\\/\",\"name\":\"NOTICIASMERCEDINAS.COM\",\"description\":\"Mercedes, Buenos Aires, Argentina\",\"publisher\":{\"@id\":\"https:\\\/\\\/noticiasmercedinas.com\\\/site\\\/#organization\"},\"potentialAction\":[{\"@type\":\"SearchAction\",\"target\":{\"@type\":\"EntryPoint\",\"urlTemplate\":\"https:\\\/\\\/noticiasmercedinas.com\\\/site\\\/?s={search_term_string}\"},\"query-input\":{\"@type\":\"PropertyValueSpecification\",\"valueRequired\":true,\"valueName\":\"search_term_string\"}}],\"inLanguage\":\"es\"},{\"@type\":\"Organization\",\"@id\":\"https:\\\/\\\/noticiasmercedinas.com\\\/site\\\/#organization\",\"name\":\"NOTICIASMERCEDINAS.COM\",\"url\":\"https:\\\/\\\/noticiasmercedinas.com\\\/site\\\/\",\"logo\":{\"@type\":\"ImageObject\",\"inLanguage\":\"es\",\"@id\":\"https:\\\/\\\/noticiasmercedinas.com\\\/site\\\/#\\\/schema\\\/logo\\\/image\\\/\",\"url\":\"https:\\\/\\\/noticiasmercedinas.com\\\/site\\\/wp-content\\\/uploads\\\/2020\\\/06\\\/LOGO-512.jpg\",\"contentUrl\":\"https:\\\/\\\/noticiasmercedinas.com\\\/site\\\/wp-content\\\/uploads\\\/2020\\\/06\\\/LOGO-512.jpg\",\"width\":512,\"height\":512,\"caption\":\"NOTICIASMERCEDINAS.COM\"},\"image\":{\"@id\":\"https:\\\/\\\/noticiasmercedinas.com\\\/site\\\/#\\\/schema\\\/logo\\\/image\\\/\"},\"sameAs\":[\"https:\\\/\\\/www.facebook.com\\\/noticiasmercedinas\\\/\",\"https:\\\/\\\/x.com\\\/notmercedinas\",\"https:\\\/\\\/www.instagram.com\\\/noticiasmercedinas\\\/\"]},{\"@type\":\"Person\",\"@id\":\"https:\\\/\\\/noticiasmercedinas.com\\\/site\\\/#\\\/schema\\\/person\\\/84b59c099c28ff2e8b77d4ceec5d8063\",\"name\":\"NOTICIASMERCEDINAS.COM\",\"image\":{\"@type\":\"ImageObject\",\"inLanguage\":\"es\",\"@id\":\"https:\\\/\\\/secure.gravatar.com\\\/avatar\\\/4dfbf16b4d17945bfb6341b2d19043457132fcf478a5ee04f42e959fd8f5df0a?s=96&d=mm&r=g\",\"url\":\"https:\\\/\\\/secure.gravatar.com\\\/avatar\\\/4dfbf16b4d17945bfb6341b2d19043457132fcf478a5ee04f42e959fd8f5df0a?s=96&d=mm&r=g\",\"contentUrl\":\"https:\\\/\\\/secure.gravatar.com\\\/avatar\\\/4dfbf16b4d17945bfb6341b2d19043457132fcf478a5ee04f42e959fd8f5df0a?s=96&d=mm&r=g\",\"caption\":\"NOTICIASMERCEDINAS.COM\"},\"url\":\"https:\\\/\\\/noticiasmercedinas.com\\\/site\\\/author\\\/anonimo\\\/\"}]}<\/script>\n<!-- \/ Yoast SEO plugin. -->","yoast_head_json":{"title":"Provincial de Motocross: Santi Scasso logra una gran victoria en la MX2","robots":{"index":"index","follow":"follow","max-snippet":"max-snippet:-1","max-image-preview":"max-image-preview:large","max-video-preview":"max-video-preview:-1"},"canonical":"https:\/\/noticiasmercedinas.com\/site\/2019\/04\/29\/provincial-de-motocross-santi-scasso-logra-una-gran-victoria-en-la-mx2\/","og_locale":"es_ES","og_type":"article","og_title":"Provincial de Motocross: Santi Scasso logra una gran victoria en la MX2","og_description":"Se disput\u00f3 la segunda fecha del bonaerense en terreno zarate\u00f1o. Estuvieron representando a Mercedes los hermanos Scasso. Santiago consigui\u00f3 una clara victoria entre las 250 y Juan termin\u00f3 en el quinto lugar de la Intermedia. Este fin de semana se concret\u00f3 la segunda fecha del certamen provincial de Motocross en el circuito Internacional de la [&hellip;]","og_url":"https:\/\/noticiasmercedinas.com\/site\/2019\/04\/29\/provincial-de-motocross-santi-scasso-logra-una-gran-victoria-en-la-mx2\/","og_site_name":"NOTICIASMERCEDINAS.COM","article_publisher":"https:\/\/www.facebook.com\/noticiasmercedinas\/","article_published_time":"2019-04-29T20:58:02+00:00","og_image":[{"width":1280,"height":895,"url":"https:\/\/noticiasmercedinas.com\/site\/wp-content\/uploads\/2019\/04\/537e2ab0-027e-475f-919c-160010047dd7.jpg","type":"image\/jpeg"}],"author":"NOTICIASMERCEDINAS.COM","twitter_card":"summary_large_image","twitter_creator":"@notmercedinas","twitter_site":"@notmercedinas","twitter_misc":{"Escrito por":"NOTICIASMERCEDINAS.COM","Tiempo de lectura":"2 minutos"},"schema":{"@context":"https:\/\/schema.org","@graph":[{"@type":"Article","@id":"https:\/\/noticiasmercedinas.com\/site\/2019\/04\/29\/provincial-de-motocross-santi-scasso-logra-una-gran-victoria-en-la-mx2\/#article","isPartOf":{"@id":"https:\/\/noticiasmercedinas.com\/site\/2019\/04\/29\/provincial-de-motocross-santi-scasso-logra-una-gran-victoria-en-la-mx2\/"},"author":{"name":"NOTICIASMERCEDINAS.COM","@id":"https:\/\/noticiasmercedinas.com\/site\/#\/schema\/person\/84b59c099c28ff2e8b77d4ceec5d8063"},"headline":"Provincial de Motocross: Santi Scasso logra una gran victoria en la MX2","datePublished":"2019-04-29T20:58:02+00:00","mainEntityOfPage":{"@id":"https:\/\/noticiasmercedinas.com\/site\/2019\/04\/29\/provincial-de-motocross-santi-scasso-logra-una-gran-victoria-en-la-mx2\/"},"wordCount":346,"commentCount":0,"publisher":{"@id":"https:\/\/noticiasmercedinas.com\/site\/#organization"},"image":{"@id":"https:\/\/noticiasmercedinas.com\/site\/2019\/04\/29\/provincial-de-motocross-santi-scasso-logra-una-gran-victoria-en-la-mx2\/#primaryimage"},"thumbnailUrl":"https:\/\/noticiasmercedinas.com\/site\/wp-content\/uploads\/2019\/04\/537e2ab0-027e-475f-919c-160010047dd7.jpg","keywords":["Juan Scasso","motocross","motos","mx2","santiago scasso","zarate"],"articleSection":["Deportes"],"inLanguage":"es","potentialAction":[{"@type":"CommentAction","name":"Comment","target":["https:\/\/noticiasmercedinas.com\/site\/2019\/04\/29\/provincial-de-motocross-santi-scasso-logra-una-gran-victoria-en-la-mx2\/#respond"]}]},{"@type":"WebPage","@id":"https:\/\/noticiasmercedinas.com\/site\/2019\/04\/29\/provincial-de-motocross-santi-scasso-logra-una-gran-victoria-en-la-mx2\/","url":"https:\/\/noticiasmercedinas.com\/site\/2019\/04\/29\/provincial-de-motocross-santi-scasso-logra-una-gran-victoria-en-la-mx2\/","name":"Provincial de Motocross: Santi Scasso logra una gran victoria en la MX2","isPartOf":{"@id":"https:\/\/noticiasmercedinas.com\/site\/#website"},"primaryImageOfPage":{"@id":"https:\/\/noticiasmercedinas.com\/site\/2019\/04\/29\/provincial-de-motocross-santi-scasso-logra-una-gran-victoria-en-la-mx2\/#primaryimage"},"image":{"@id":"https:\/\/noticiasmercedinas.com\/site\/2019\/04\/29\/provincial-de-motocross-santi-scasso-logra-una-gran-victoria-en-la-mx2\/#primaryimage"},"thumbnailUrl":"https:\/\/noticiasmercedinas.com\/site\/wp-content\/uploads\/2019\/04\/537e2ab0-027e-475f-919c-160010047dd7.jpg","datePublished":"2019-04-29T20:58:02+00:00","breadcrumb":{"@id":"https:\/\/noticiasmercedinas.com\/site\/2019\/04\/29\/provincial-de-motocross-santi-scasso-logra-una-gran-victoria-en-la-mx2\/#breadcrumb"},"inLanguage":"es","potentialAction":[{"@type":"ReadAction","target":["https:\/\/noticiasmercedinas.com\/site\/2019\/04\/29\/provincial-de-motocross-santi-scasso-logra-una-gran-victoria-en-la-mx2\/"]}]},{"@type":"ImageObject","inLanguage":"es","@id":"https:\/\/noticiasmercedinas.com\/site\/2019\/04\/29\/provincial-de-motocross-santi-scasso-logra-una-gran-victoria-en-la-mx2\/#primaryimage","url":"https:\/\/noticiasmercedinas.com\/site\/wp-content\/uploads\/2019\/04\/537e2ab0-027e-475f-919c-160010047dd7.jpg","contentUrl":"https:\/\/noticiasmercedinas.com\/site\/wp-content\/uploads\/2019\/04\/537e2ab0-027e-475f-919c-160010047dd7.jpg","width":1280,"height":895},{"@type":"BreadcrumbList","@id":"https:\/\/noticiasmercedinas.com\/site\/2019\/04\/29\/provincial-de-motocross-santi-scasso-logra-una-gran-victoria-en-la-mx2\/#breadcrumb","itemListElement":[{"@type":"ListItem","position":1,"name":"Portada","item":"https:\/\/noticiasmercedinas.com\/site\/"},{"@type":"ListItem","position":2,"name":"Provincial de Motocross: Santi Scasso logra una gran victoria en la MX2"}]},{"@type":"WebSite","@id":"https:\/\/noticiasmercedinas.com\/site\/#website","url":"https:\/\/noticiasmercedinas.com\/site\/","name":"NOTICIASMERCEDINAS.COM","description":"Mercedes, Buenos Aires, Argentina","publisher":{"@id":"https:\/\/noticiasmercedinas.com\/site\/#organization"},"potentialAction":[{"@type":"SearchAction","target":{"@type":"EntryPoint","urlTemplate":"https:\/\/noticiasmercedinas.com\/site\/?s={search_term_string}"},"query-input":{"@type":"PropertyValueSpecification","valueRequired":true,"valueName":"search_term_string"}}],"inLanguage":"es"},{"@type":"Organization","@id":"https:\/\/noticiasmercedinas.com\/site\/#organization","name":"NOTICIASMERCEDINAS.COM","url":"https:\/\/noticiasmercedinas.com\/site\/","logo":{"@type":"ImageObject","inLanguage":"es","@id":"https:\/\/noticiasmercedinas.com\/site\/#\/schema\/logo\/image\/","url":"https:\/\/noticiasmercedinas.com\/site\/wp-content\/uploads\/2020\/06\/LOGO-512.jpg","contentUrl":"https:\/\/noticiasmercedinas.com\/site\/wp-content\/uploads\/2020\/06\/LOGO-512.jpg","width":512,"height":512,"caption":"NOTICIASMERCEDINAS.COM"},"image":{"@id":"https:\/\/noticiasmercedinas.com\/site\/#\/schema\/logo\/image\/"},"sameAs":["https:\/\/www.facebook.com\/noticiasmercedinas\/","https:\/\/x.com\/notmercedinas","https:\/\/www.instagram.com\/noticiasmercedinas\/"]},{"@type":"Person","@id":"https:\/\/noticiasmercedinas.com\/site\/#\/schema\/person\/84b59c099c28ff2e8b77d4ceec5d8063","name":"NOTICIASMERCEDINAS.COM","image":{"@type":"ImageObject","inLanguage":"es","@id":"https:\/\/secure.gravatar.com\/avatar\/4dfbf16b4d17945bfb6341b2d19043457132fcf478a5ee04f42e959fd8f5df0a?s=96&d=mm&r=g","url":"https:\/\/secure.gravatar.com\/avatar\/4dfbf16b4d17945bfb6341b2d19043457132fcf478a5ee04f42e959fd8f5df0a?s=96&d=mm&r=g","contentUrl":"https:\/\/secure.gravatar.com\/avatar\/4dfbf16b4d17945bfb6341b2d19043457132fcf478a5ee04f42e959fd8f5df0a?s=96&d=mm&r=g","caption":"NOTICIASMERCEDINAS.COM"},"url":"https:\/\/noticiasmercedinas.com\/site\/author\/anonimo\/"}]}},"amp_enabled":true,"_links":{"self":[{"href":"https:\/\/noticiasmercedinas.com\/site\/wp-json\/wp\/v2\/posts\/17795","targetHints":{"allow":["GET"]}}],"collection":[{"href":"https:\/\/noticiasmercedinas.com\/site\/wp-json\/wp\/v2\/posts"}],"about":[{"href":"https:\/\/noticiasmercedinas.com\/site\/wp-json\/wp\/v2\/types\/post"}],"author":[{"embeddable":true,"href":"https:\/\/noticiasmercedinas.com\/site\/wp-json\/wp\/v2\/users\/16"}],"replies":[{"embeddable":true,"href":"https:\/\/noticiasmercedinas.com\/site\/wp-json\/wp\/v2\/comments?post=17795"}],"version-history":[{"count":1,"href":"https:\/\/noticiasmercedinas.com\/site\/wp-json\/wp\/v2\/posts\/17795\/revisions"}],"predecessor-version":[{"id":17798,"href":"https:\/\/noticiasmercedinas.com\/site\/wp-json\/wp\/v2\/posts\/17795\/revisions\/17798"}],"wp:featuredmedia":[{"embeddable":true,"href":"https:\/\/noticiasmercedinas.com\/site\/wp-json\/wp\/v2\/media\/17797"}],"wp:attachment":[{"href":"https:\/\/noticiasmercedinas.com\/site\/wp-json\/wp\/v2\/media?parent=17795"}],"wp:term":[{"taxonomy":"category","embeddable":true,"href":"https:\/\/noticiasmercedinas.com\/site\/wp-json\/wp\/v2\/categories?post=17795"},{"taxonomy":"post_tag","embeddable":true,"href":"https:\/\/noticiasmercedinas.com\/site\/wp-json\/wp\/v2\/tags?post=17795"}],"curies":[{"name":"wp","href":"https:\/\/api.w.org\/{rel}","templated":true}]}}