{"id":178198,"date":"2026-01-08T21:03:04","date_gmt":"2026-01-09T00:03:04","guid":{"rendered":"https:\/\/noticiasmercedinas.com\/site\/?p=178198"},"modified":"2026-01-08T21:03:04","modified_gmt":"2026-01-09T00:03:04","slug":"daira-de-grutolla-lanza-innovadora-propuesta-de-clases-personalizadas-de-arte","status":"publish","type":"post","link":"https:\/\/noticiasmercedinas.com\/site\/2026\/01\/08\/daira-de-grutolla-lanza-innovadora-propuesta-de-clases-personalizadas-de-arte\/","title":{"rendered":"Daira De Grutolla lanza innovadora propuesta de clases personalizadas de arte"},"content":{"rendered":"<p><img loading=\"lazy\" decoding=\"async\" class=\"alignnone size-full wp-image-178201\" src=\"https:\/\/noticiasmercedinas.com\/site\/wp-content\/uploads\/2026\/01\/IMG_20260108_204838.jpg\" alt=\"\" width=\"701\" height=\"614\" srcset=\"https:\/\/noticiasmercedinas.com\/site\/wp-content\/uploads\/2026\/01\/IMG_20260108_204838.jpg 701w, https:\/\/noticiasmercedinas.com\/site\/wp-content\/uploads\/2026\/01\/IMG_20260108_204838-300x263.jpg 300w, https:\/\/noticiasmercedinas.com\/site\/wp-content\/uploads\/2026\/01\/IMG_20260108_204838-640x561.jpg 640w, https:\/\/noticiasmercedinas.com\/site\/wp-content\/uploads\/2026\/01\/IMG_20260108_204838-681x596.jpg 681w\" sizes=\"auto, (max-width: 701px) 100vw, 701px\" \/><\/p>\n<p>En un tiempo presente en que la expresi\u00f3n art\u00edstica cobra cada vez m\u00e1s relevancia como herramienta de desarrollo personal, la artista Daira De Grutolla present\u00f3 oficialmente su programa de clases de arte individuales y personalizadas.<\/p>\n<p>La propuesta, con base en la ciudad de Mercedes, Buenos Aires, destaca por su flexibilidad y su enfoque centrado en los intereses espec\u00edficos de cada estudiante.<\/p>\n<h3>Educaci\u00f3n adaptada a la nueva era<\/h3>\n<p>La propuesta de De Grutolla rompe con el esquema tradicional de los talleres grupales r\u00edgidos, apostando por un formato uno a uno que permite profundizar en las t\u00e9cnicas y el estilo propio de cada alumno. Para responder a la demanda actual, la oferta educativa incluye dos formatos diferenciados:<\/p>\n<ul>\n<li>Presenciales en Mercedes: Destinado a quienes buscan el contacto directo con los materiales y el seguimiento presencial en la ciudad.<\/li>\n<li>Online: Una opci\u00f3n pensada para quienes prefieren la comodidad del hogar o se encuentran fuera de la localidad, manteniendo la misma rigurosidad t\u00e9cnica y calidez pedag\u00f3gica.<\/li>\n<\/ul>\n<h3>Un espacio para todas las edades<\/h3>\n<p>Las clases est\u00e1n dise\u00f1adas para ser un espacio de exploraci\u00f3n libre, donde tanto principiantes como personas con conocimientos previos pueden perfeccionar sus habilidades.<\/p>\n<p>El uso de diversas herramientas \u2014desde el dibujo tradicional hasta t\u00e9cnicas de color\u2014 se integra en un ambiente dise\u00f1ado para estimular la concentraci\u00f3n y la creatividad.<\/p>\n<p>La est\u00e9tica visual de la propuesta, que ya circula en redes sociales, resalta elementos cl\u00e1sicos del arte como paletas de colores, pinceles y l\u00e1pices, reforzando la idea de un \u00ablaboratorio creativo\u00bb disponible para la comunidad mercedina.<\/p>\n<p>Para aquellos interesados en iniciar su formaci\u00f3n art\u00edstica o solicitar m\u00e1s detalles sobre horarios y aranceles, se ha habilitado una l\u00ednea directa de comunicaci\u00f3n: Tel\u00e9fono de contacto: 2324-503443<\/p>\n","protected":false},"excerpt":{"rendered":"<p>Con modalidades presencial y virtual, la iniciativa busca potenciar la creatividad individual a trav\u00e9s de una ense\u00f1anza adaptada a cada alumno<\/p>\n","protected":false},"author":16,"featured_media":178201,"comment_status":"closed","ping_status":"closed","sticky":false,"template":"","format":"standard","meta":{"footnotes":""},"categories":[4],"tags":[190,21165],"class_list":["post-178198","post","type-post","status-publish","format-standard","has-post-thumbnail","hentry","category-cultura","tag-arte","tag-daira-de-gruttolla"],"yoast_head":"<!-- This site is optimized with the Yoast SEO plugin v27.5 - https:\/\/yoast.com\/product\/yoast-seo-wordpress\/ -->\n<title>Daira De Grutolla lanza innovadora propuesta de clases personalizadas de arte<\/title>\n<meta name=\"description\" content=\"Con modalidades presencial y virtual, la iniciativa busca potenciar la creatividad individual a trav\u00e9s de una ense\u00f1anza adaptada a cada alumno\" \/>\n<meta name=\"robots\" content=\"index, follow, max-snippet:-1, max-image-preview:large, max-video-preview:-1\" \/>\n<link rel=\"canonical\" href=\"https:\/\/noticiasmercedinas.com\/site\/2026\/01\/08\/daira-de-grutolla-lanza-innovadora-propuesta-de-clases-personalizadas-de-arte\/\" \/>\n<meta property=\"og:locale\" content=\"es_ES\" \/>\n<meta property=\"og:type\" content=\"article\" \/>\n<meta property=\"og:title\" content=\"Daira De Grutolla lanza innovadora propuesta de clases personalizadas de arte\" \/>\n<meta property=\"og:description\" content=\"Con modalidades presencial y virtual, la iniciativa busca potenciar la creatividad individual a trav\u00e9s de una ense\u00f1anza adaptada a cada alumno\" \/>\n<meta property=\"og:url\" content=\"https:\/\/noticiasmercedinas.com\/site\/2026\/01\/08\/daira-de-grutolla-lanza-innovadora-propuesta-de-clases-personalizadas-de-arte\/\" \/>\n<meta property=\"og:site_name\" content=\"NOTICIASMERCEDINAS.COM\" \/>\n<meta property=\"article:publisher\" content=\"https:\/\/www.facebook.com\/noticiasmercedinas\/\" \/>\n<meta property=\"article:published_time\" content=\"2026-01-09T00:03:04+00:00\" \/>\n<meta property=\"og:image\" content=\"https:\/\/noticiasmercedinas.com\/site\/wp-content\/uploads\/2026\/01\/IMG_20260108_204838.jpg\" \/>\n\t<meta property=\"og:image:width\" content=\"701\" \/>\n\t<meta property=\"og:image:height\" content=\"614\" \/>\n\t<meta property=\"og:image:type\" content=\"image\/jpeg\" \/>\n<meta name=\"author\" content=\"NOTICIASMERCEDINAS.COM\" \/>\n<meta name=\"twitter:card\" content=\"summary_large_image\" \/>\n<meta name=\"twitter:creator\" content=\"@notmercedinas\" \/>\n<meta name=\"twitter:site\" content=\"@notmercedinas\" \/>\n<meta name=\"twitter:label1\" content=\"Escrito por\" \/>\n\t<meta name=\"twitter:data1\" content=\"NOTICIASMERCEDINAS.COM\" \/>\n\t<meta name=\"twitter:label2\" content=\"Tiempo de lectura\" \/>\n\t<meta name=\"twitter:data2\" content=\"2 minutos\" \/>\n<script type=\"application\/ld+json\" class=\"yoast-schema-graph\">{\"@context\":\"https:\\\/\\\/schema.org\",\"@graph\":[{\"@type\":\"Article\",\"@id\":\"https:\\\/\\\/noticiasmercedinas.com\\\/site\\\/2026\\\/01\\\/08\\\/daira-de-grutolla-lanza-innovadora-propuesta-de-clases-personalizadas-de-arte\\\/#article\",\"isPartOf\":{\"@id\":\"https:\\\/\\\/noticiasmercedinas.com\\\/site\\\/2026\\\/01\\\/08\\\/daira-de-grutolla-lanza-innovadora-propuesta-de-clases-personalizadas-de-arte\\\/\"},\"author\":{\"name\":\"NOTICIASMERCEDINAS.COM\",\"@id\":\"https:\\\/\\\/noticiasmercedinas.com\\\/site\\\/#\\\/schema\\\/person\\\/84b59c099c28ff2e8b77d4ceec5d8063\"},\"headline\":\"Daira De Grutolla lanza innovadora propuesta de clases personalizadas de arte\",\"datePublished\":\"2026-01-09T00:03:04+00:00\",\"mainEntityOfPage\":{\"@id\":\"https:\\\/\\\/noticiasmercedinas.com\\\/site\\\/2026\\\/01\\\/08\\\/daira-de-grutolla-lanza-innovadora-propuesta-de-clases-personalizadas-de-arte\\\/\"},\"wordCount\":316,\"publisher\":{\"@id\":\"https:\\\/\\\/noticiasmercedinas.com\\\/site\\\/#organization\"},\"image\":{\"@id\":\"https:\\\/\\\/noticiasmercedinas.com\\\/site\\\/2026\\\/01\\\/08\\\/daira-de-grutolla-lanza-innovadora-propuesta-de-clases-personalizadas-de-arte\\\/#primaryimage\"},\"thumbnailUrl\":\"https:\\\/\\\/noticiasmercedinas.com\\\/site\\\/wp-content\\\/uploads\\\/2026\\\/01\\\/IMG_20260108_204838.jpg\",\"keywords\":[\"arte\",\"Daira De Gruttolla\"],\"articleSection\":[\"Cultura\"],\"inLanguage\":\"es\"},{\"@type\":\"WebPage\",\"@id\":\"https:\\\/\\\/noticiasmercedinas.com\\\/site\\\/2026\\\/01\\\/08\\\/daira-de-grutolla-lanza-innovadora-propuesta-de-clases-personalizadas-de-arte\\\/\",\"url\":\"https:\\\/\\\/noticiasmercedinas.com\\\/site\\\/2026\\\/01\\\/08\\\/daira-de-grutolla-lanza-innovadora-propuesta-de-clases-personalizadas-de-arte\\\/\",\"name\":\"Daira De Grutolla lanza innovadora propuesta de clases personalizadas de arte\",\"isPartOf\":{\"@id\":\"https:\\\/\\\/noticiasmercedinas.com\\\/site\\\/#website\"},\"primaryImageOfPage\":{\"@id\":\"https:\\\/\\\/noticiasmercedinas.com\\\/site\\\/2026\\\/01\\\/08\\\/daira-de-grutolla-lanza-innovadora-propuesta-de-clases-personalizadas-de-arte\\\/#primaryimage\"},\"image\":{\"@id\":\"https:\\\/\\\/noticiasmercedinas.com\\\/site\\\/2026\\\/01\\\/08\\\/daira-de-grutolla-lanza-innovadora-propuesta-de-clases-personalizadas-de-arte\\\/#primaryimage\"},\"thumbnailUrl\":\"https:\\\/\\\/noticiasmercedinas.com\\\/site\\\/wp-content\\\/uploads\\\/2026\\\/01\\\/IMG_20260108_204838.jpg\",\"datePublished\":\"2026-01-09T00:03:04+00:00\",\"description\":\"Con modalidades presencial y virtual, la iniciativa busca potenciar la creatividad individual a trav\u00e9s de una ense\u00f1anza adaptada a cada alumno\",\"breadcrumb\":{\"@id\":\"https:\\\/\\\/noticiasmercedinas.com\\\/site\\\/2026\\\/01\\\/08\\\/daira-de-grutolla-lanza-innovadora-propuesta-de-clases-personalizadas-de-arte\\\/#breadcrumb\"},\"inLanguage\":\"es\",\"potentialAction\":[{\"@type\":\"ReadAction\",\"target\":[\"https:\\\/\\\/noticiasmercedinas.com\\\/site\\\/2026\\\/01\\\/08\\\/daira-de-grutolla-lanza-innovadora-propuesta-de-clases-personalizadas-de-arte\\\/\"]}]},{\"@type\":\"ImageObject\",\"inLanguage\":\"es\",\"@id\":\"https:\\\/\\\/noticiasmercedinas.com\\\/site\\\/2026\\\/01\\\/08\\\/daira-de-grutolla-lanza-innovadora-propuesta-de-clases-personalizadas-de-arte\\\/#primaryimage\",\"url\":\"https:\\\/\\\/noticiasmercedinas.com\\\/site\\\/wp-content\\\/uploads\\\/2026\\\/01\\\/IMG_20260108_204838.jpg\",\"contentUrl\":\"https:\\\/\\\/noticiasmercedinas.com\\\/site\\\/wp-content\\\/uploads\\\/2026\\\/01\\\/IMG_20260108_204838.jpg\",\"width\":701,\"height\":614},{\"@type\":\"BreadcrumbList\",\"@id\":\"https:\\\/\\\/noticiasmercedinas.com\\\/site\\\/2026\\\/01\\\/08\\\/daira-de-grutolla-lanza-innovadora-propuesta-de-clases-personalizadas-de-arte\\\/#breadcrumb\",\"itemListElement\":[{\"@type\":\"ListItem\",\"position\":1,\"name\":\"Portada\",\"item\":\"https:\\\/\\\/noticiasmercedinas.com\\\/site\\\/\"},{\"@type\":\"ListItem\",\"position\":2,\"name\":\"Daira De Grutolla lanza innovadora propuesta de clases personalizadas de arte\"}]},{\"@type\":\"WebSite\",\"@id\":\"https:\\\/\\\/noticiasmercedinas.com\\\/site\\\/#website\",\"url\":\"https:\\\/\\\/noticiasmercedinas.com\\\/site\\\/\",\"name\":\"NOTICIASMERCEDINAS.COM\",\"description\":\"Mercedes, Buenos Aires, Argentina\",\"publisher\":{\"@id\":\"https:\\\/\\\/noticiasmercedinas.com\\\/site\\\/#organization\"},\"potentialAction\":[{\"@type\":\"SearchAction\",\"target\":{\"@type\":\"EntryPoint\",\"urlTemplate\":\"https:\\\/\\\/noticiasmercedinas.com\\\/site\\\/?s={search_term_string}\"},\"query-input\":{\"@type\":\"PropertyValueSpecification\",\"valueRequired\":true,\"valueName\":\"search_term_string\"}}],\"inLanguage\":\"es\"},{\"@type\":\"Organization\",\"@id\":\"https:\\\/\\\/noticiasmercedinas.com\\\/site\\\/#organization\",\"name\":\"NOTICIASMERCEDINAS.COM\",\"url\":\"https:\\\/\\\/noticiasmercedinas.com\\\/site\\\/\",\"logo\":{\"@type\":\"ImageObject\",\"inLanguage\":\"es\",\"@id\":\"https:\\\/\\\/noticiasmercedinas.com\\\/site\\\/#\\\/schema\\\/logo\\\/image\\\/\",\"url\":\"https:\\\/\\\/noticiasmercedinas.com\\\/site\\\/wp-content\\\/uploads\\\/2020\\\/06\\\/LOGO-512.jpg\",\"contentUrl\":\"https:\\\/\\\/noticiasmercedinas.com\\\/site\\\/wp-content\\\/uploads\\\/2020\\\/06\\\/LOGO-512.jpg\",\"width\":512,\"height\":512,\"caption\":\"NOTICIASMERCEDINAS.COM\"},\"image\":{\"@id\":\"https:\\\/\\\/noticiasmercedinas.com\\\/site\\\/#\\\/schema\\\/logo\\\/image\\\/\"},\"sameAs\":[\"https:\\\/\\\/www.facebook.com\\\/noticiasmercedinas\\\/\",\"https:\\\/\\\/x.com\\\/notmercedinas\",\"https:\\\/\\\/www.instagram.com\\\/noticiasmercedinas\\\/\"]},{\"@type\":\"Person\",\"@id\":\"https:\\\/\\\/noticiasmercedinas.com\\\/site\\\/#\\\/schema\\\/person\\\/84b59c099c28ff2e8b77d4ceec5d8063\",\"name\":\"NOTICIASMERCEDINAS.COM\",\"image\":{\"@type\":\"ImageObject\",\"inLanguage\":\"es\",\"@id\":\"https:\\\/\\\/secure.gravatar.com\\\/avatar\\\/4dfbf16b4d17945bfb6341b2d19043457132fcf478a5ee04f42e959fd8f5df0a?s=96&d=mm&r=g\",\"url\":\"https:\\\/\\\/secure.gravatar.com\\\/avatar\\\/4dfbf16b4d17945bfb6341b2d19043457132fcf478a5ee04f42e959fd8f5df0a?s=96&d=mm&r=g\",\"contentUrl\":\"https:\\\/\\\/secure.gravatar.com\\\/avatar\\\/4dfbf16b4d17945bfb6341b2d19043457132fcf478a5ee04f42e959fd8f5df0a?s=96&d=mm&r=g\",\"caption\":\"NOTICIASMERCEDINAS.COM\"},\"url\":\"https:\\\/\\\/noticiasmercedinas.com\\\/site\\\/author\\\/anonimo\\\/\"}]}<\/script>\n<!-- \/ Yoast SEO plugin. -->","yoast_head_json":{"title":"Daira De Grutolla lanza innovadora propuesta de clases personalizadas de arte","description":"Con modalidades presencial y virtual, la iniciativa busca potenciar la creatividad individual a trav\u00e9s de una ense\u00f1anza adaptada a cada alumno","robots":{"index":"index","follow":"follow","max-snippet":"max-snippet:-1","max-image-preview":"max-image-preview:large","max-video-preview":"max-video-preview:-1"},"canonical":"https:\/\/noticiasmercedinas.com\/site\/2026\/01\/08\/daira-de-grutolla-lanza-innovadora-propuesta-de-clases-personalizadas-de-arte\/","og_locale":"es_ES","og_type":"article","og_title":"Daira De Grutolla lanza innovadora propuesta de clases personalizadas de arte","og_description":"Con modalidades presencial y virtual, la iniciativa busca potenciar la creatividad individual a trav\u00e9s de una ense\u00f1anza adaptada a cada alumno","og_url":"https:\/\/noticiasmercedinas.com\/site\/2026\/01\/08\/daira-de-grutolla-lanza-innovadora-propuesta-de-clases-personalizadas-de-arte\/","og_site_name":"NOTICIASMERCEDINAS.COM","article_publisher":"https:\/\/www.facebook.com\/noticiasmercedinas\/","article_published_time":"2026-01-09T00:03:04+00:00","og_image":[{"width":701,"height":614,"url":"https:\/\/noticiasmercedinas.com\/site\/wp-content\/uploads\/2026\/01\/IMG_20260108_204838.jpg","type":"image\/jpeg"}],"author":"NOTICIASMERCEDINAS.COM","twitter_card":"summary_large_image","twitter_creator":"@notmercedinas","twitter_site":"@notmercedinas","twitter_misc":{"Escrito por":"NOTICIASMERCEDINAS.COM","Tiempo de lectura":"2 minutos"},"schema":{"@context":"https:\/\/schema.org","@graph":[{"@type":"Article","@id":"https:\/\/noticiasmercedinas.com\/site\/2026\/01\/08\/daira-de-grutolla-lanza-innovadora-propuesta-de-clases-personalizadas-de-arte\/#article","isPartOf":{"@id":"https:\/\/noticiasmercedinas.com\/site\/2026\/01\/08\/daira-de-grutolla-lanza-innovadora-propuesta-de-clases-personalizadas-de-arte\/"},"author":{"name":"NOTICIASMERCEDINAS.COM","@id":"https:\/\/noticiasmercedinas.com\/site\/#\/schema\/person\/84b59c099c28ff2e8b77d4ceec5d8063"},"headline":"Daira De Grutolla lanza innovadora propuesta de clases personalizadas de arte","datePublished":"2026-01-09T00:03:04+00:00","mainEntityOfPage":{"@id":"https:\/\/noticiasmercedinas.com\/site\/2026\/01\/08\/daira-de-grutolla-lanza-innovadora-propuesta-de-clases-personalizadas-de-arte\/"},"wordCount":316,"publisher":{"@id":"https:\/\/noticiasmercedinas.com\/site\/#organization"},"image":{"@id":"https:\/\/noticiasmercedinas.com\/site\/2026\/01\/08\/daira-de-grutolla-lanza-innovadora-propuesta-de-clases-personalizadas-de-arte\/#primaryimage"},"thumbnailUrl":"https:\/\/noticiasmercedinas.com\/site\/wp-content\/uploads\/2026\/01\/IMG_20260108_204838.jpg","keywords":["arte","Daira De Gruttolla"],"articleSection":["Cultura"],"inLanguage":"es"},{"@type":"WebPage","@id":"https:\/\/noticiasmercedinas.com\/site\/2026\/01\/08\/daira-de-grutolla-lanza-innovadora-propuesta-de-clases-personalizadas-de-arte\/","url":"https:\/\/noticiasmercedinas.com\/site\/2026\/01\/08\/daira-de-grutolla-lanza-innovadora-propuesta-de-clases-personalizadas-de-arte\/","name":"Daira De Grutolla lanza innovadora propuesta de clases personalizadas de arte","isPartOf":{"@id":"https:\/\/noticiasmercedinas.com\/site\/#website"},"primaryImageOfPage":{"@id":"https:\/\/noticiasmercedinas.com\/site\/2026\/01\/08\/daira-de-grutolla-lanza-innovadora-propuesta-de-clases-personalizadas-de-arte\/#primaryimage"},"image":{"@id":"https:\/\/noticiasmercedinas.com\/site\/2026\/01\/08\/daira-de-grutolla-lanza-innovadora-propuesta-de-clases-personalizadas-de-arte\/#primaryimage"},"thumbnailUrl":"https:\/\/noticiasmercedinas.com\/site\/wp-content\/uploads\/2026\/01\/IMG_20260108_204838.jpg","datePublished":"2026-01-09T00:03:04+00:00","description":"Con modalidades presencial y virtual, la iniciativa busca potenciar la creatividad individual a trav\u00e9s de una ense\u00f1anza adaptada a cada alumno","breadcrumb":{"@id":"https:\/\/noticiasmercedinas.com\/site\/2026\/01\/08\/daira-de-grutolla-lanza-innovadora-propuesta-de-clases-personalizadas-de-arte\/#breadcrumb"},"inLanguage":"es","potentialAction":[{"@type":"ReadAction","target":["https:\/\/noticiasmercedinas.com\/site\/2026\/01\/08\/daira-de-grutolla-lanza-innovadora-propuesta-de-clases-personalizadas-de-arte\/"]}]},{"@type":"ImageObject","inLanguage":"es","@id":"https:\/\/noticiasmercedinas.com\/site\/2026\/01\/08\/daira-de-grutolla-lanza-innovadora-propuesta-de-clases-personalizadas-de-arte\/#primaryimage","url":"https:\/\/noticiasmercedinas.com\/site\/wp-content\/uploads\/2026\/01\/IMG_20260108_204838.jpg","contentUrl":"https:\/\/noticiasmercedinas.com\/site\/wp-content\/uploads\/2026\/01\/IMG_20260108_204838.jpg","width":701,"height":614},{"@type":"BreadcrumbList","@id":"https:\/\/noticiasmercedinas.com\/site\/2026\/01\/08\/daira-de-grutolla-lanza-innovadora-propuesta-de-clases-personalizadas-de-arte\/#breadcrumb","itemListElement":[{"@type":"ListItem","position":1,"name":"Portada","item":"https:\/\/noticiasmercedinas.com\/site\/"},{"@type":"ListItem","position":2,"name":"Daira De Grutolla lanza innovadora propuesta de clases personalizadas de arte"}]},{"@type":"WebSite","@id":"https:\/\/noticiasmercedinas.com\/site\/#website","url":"https:\/\/noticiasmercedinas.com\/site\/","name":"NOTICIASMERCEDINAS.COM","description":"Mercedes, Buenos Aires, Argentina","publisher":{"@id":"https:\/\/noticiasmercedinas.com\/site\/#organization"},"potentialAction":[{"@type":"SearchAction","target":{"@type":"EntryPoint","urlTemplate":"https:\/\/noticiasmercedinas.com\/site\/?s={search_term_string}"},"query-input":{"@type":"PropertyValueSpecification","valueRequired":true,"valueName":"search_term_string"}}],"inLanguage":"es"},{"@type":"Organization","@id":"https:\/\/noticiasmercedinas.com\/site\/#organization","name":"NOTICIASMERCEDINAS.COM","url":"https:\/\/noticiasmercedinas.com\/site\/","logo":{"@type":"ImageObject","inLanguage":"es","@id":"https:\/\/noticiasmercedinas.com\/site\/#\/schema\/logo\/image\/","url":"https:\/\/noticiasmercedinas.com\/site\/wp-content\/uploads\/2020\/06\/LOGO-512.jpg","contentUrl":"https:\/\/noticiasmercedinas.com\/site\/wp-content\/uploads\/2020\/06\/LOGO-512.jpg","width":512,"height":512,"caption":"NOTICIASMERCEDINAS.COM"},"image":{"@id":"https:\/\/noticiasmercedinas.com\/site\/#\/schema\/logo\/image\/"},"sameAs":["https:\/\/www.facebook.com\/noticiasmercedinas\/","https:\/\/x.com\/notmercedinas","https:\/\/www.instagram.com\/noticiasmercedinas\/"]},{"@type":"Person","@id":"https:\/\/noticiasmercedinas.com\/site\/#\/schema\/person\/84b59c099c28ff2e8b77d4ceec5d8063","name":"NOTICIASMERCEDINAS.COM","image":{"@type":"ImageObject","inLanguage":"es","@id":"https:\/\/secure.gravatar.com\/avatar\/4dfbf16b4d17945bfb6341b2d19043457132fcf478a5ee04f42e959fd8f5df0a?s=96&d=mm&r=g","url":"https:\/\/secure.gravatar.com\/avatar\/4dfbf16b4d17945bfb6341b2d19043457132fcf478a5ee04f42e959fd8f5df0a?s=96&d=mm&r=g","contentUrl":"https:\/\/secure.gravatar.com\/avatar\/4dfbf16b4d17945bfb6341b2d19043457132fcf478a5ee04f42e959fd8f5df0a?s=96&d=mm&r=g","caption":"NOTICIASMERCEDINAS.COM"},"url":"https:\/\/noticiasmercedinas.com\/site\/author\/anonimo\/"}]}},"amp_enabled":true,"_links":{"self":[{"href":"https:\/\/noticiasmercedinas.com\/site\/wp-json\/wp\/v2\/posts\/178198","targetHints":{"allow":["GET"]}}],"collection":[{"href":"https:\/\/noticiasmercedinas.com\/site\/wp-json\/wp\/v2\/posts"}],"about":[{"href":"https:\/\/noticiasmercedinas.com\/site\/wp-json\/wp\/v2\/types\/post"}],"author":[{"embeddable":true,"href":"https:\/\/noticiasmercedinas.com\/site\/wp-json\/wp\/v2\/users\/16"}],"replies":[{"embeddable":true,"href":"https:\/\/noticiasmercedinas.com\/site\/wp-json\/wp\/v2\/comments?post=178198"}],"version-history":[{"count":3,"href":"https:\/\/noticiasmercedinas.com\/site\/wp-json\/wp\/v2\/posts\/178198\/revisions"}],"predecessor-version":[{"id":178202,"href":"https:\/\/noticiasmercedinas.com\/site\/wp-json\/wp\/v2\/posts\/178198\/revisions\/178202"}],"wp:featuredmedia":[{"embeddable":true,"href":"https:\/\/noticiasmercedinas.com\/site\/wp-json\/wp\/v2\/media\/178201"}],"wp:attachment":[{"href":"https:\/\/noticiasmercedinas.com\/site\/wp-json\/wp\/v2\/media?parent=178198"}],"wp:term":[{"taxonomy":"category","embeddable":true,"href":"https:\/\/noticiasmercedinas.com\/site\/wp-json\/wp\/v2\/categories?post=178198"},{"taxonomy":"post_tag","embeddable":true,"href":"https:\/\/noticiasmercedinas.com\/site\/wp-json\/wp\/v2\/tags?post=178198"}],"curies":[{"name":"wp","href":"https:\/\/api.w.org\/{rel}","templated":true}]}}