{"id":178252,"date":"2026-01-09T12:56:08","date_gmt":"2026-01-09T15:56:08","guid":{"rendered":"https:\/\/noticiasmercedinas.com\/site\/?p=178252"},"modified":"2026-01-09T12:56:08","modified_gmt":"2026-01-09T15:56:08","slug":"este-sabado-se-conoceran-los-consagrados-de-reserva","status":"publish","type":"post","link":"https:\/\/noticiasmercedinas.com\/site\/2026\/01\/09\/este-sabado-se-conoceran-los-consagrados-de-reserva\/","title":{"rendered":"Este s\u00e1bado se conocer\u00e1n los consagrados de Reserva"},"content":{"rendered":"<figure id=\"attachment_178253\" aria-describedby=\"caption-attachment-178253\" style=\"width: 640px\" class=\"wp-caption alignnone\"><img loading=\"lazy\" decoding=\"async\" class=\"wp-image-178253 size-full\" src=\"https:\/\/noticiasmercedinas.com\/site\/wp-content\/uploads\/2026\/01\/IMG_5126.jpg\" alt=\"\" width=\"640\" height=\"437\" srcset=\"https:\/\/noticiasmercedinas.com\/site\/wp-content\/uploads\/2026\/01\/IMG_5126.jpg 640w, https:\/\/noticiasmercedinas.com\/site\/wp-content\/uploads\/2026\/01\/IMG_5126-300x205.jpg 300w\" sizes=\"auto, (max-width: 640px) 100vw, 640px\" \/><figcaption id=\"caption-attachment-178253\" class=\"wp-caption-text\">Estudiantes, finalista en Reserva de Primera.<\/figcaption><\/figure>\n<p>En el escenario tradicional de H\u00e9roes de Malvinas y 64 se jugar\u00e1n este s\u00e1bado 10 las finales de Reserva, por la Segunda Divisi\u00f3n lo har\u00e1n AMFIP que gan\u00f3 la fase regular frente a Ateneo que se impuso en la semifinal \u00fanica a Holanda por ventaja deportiva tras un 2 a 2.<\/p>\n<p>En partido \u00fanico ya no habr\u00e1 ventaja deportiva, de darse un empate habr\u00e1 penales tras los 80\u2019. Con ello dos buenos animadores de la categor\u00eda salen a buscar el t\u00edtulo que ser\u00e1 s\u00f3lo para uno, el \u201cBarrio\u201d con un plantel pr\u00e1cticamente local y Ateneo con los jugadores surgidos de su cantera. <strong><\/p>\n<p><\/strong>Por la Reserva de Primera llegan a la final Pabell\u00f3n y Estudiantes, ambos superando cada fase del Reducido, en el caso del \u201cPincha\u201d por la ventaja deportiva dejando atr\u00e1s a Palometas 1-1 y Juventud 0 a 0. Los de Marcos Paz 0 a 0 ante Defensores y 1-1 ante Villa Manchi, aqu\u00ed tambi\u00e9n pas\u00f3 por quedar mejor en la tabla.<\/p>\n<p>Pabell\u00f3n viene se ser el campe\u00f3n de Segunda en Reserva en la primera parte del 2025 y en las distintas temporadas ha mostrado ser animador, Estudiantes por su parte busca su chance en la Liga. Se vienen partidos que prometen, s\u00e1bado de definiciones en la Liga donde habr\u00e1 dos campeones. \u00a0<strong><\/p>\n<p>Finales <\/strong><br \/>\n<strong>S\u00e1bado 10 de enero<br \/>\nCancha:<\/strong> Liga Mercedina.<br \/>\n<strong><br \/>\nReserva de Segunda<\/strong><br \/>\nA las 17.45 AMEFIP vs. Ateneo de la Juventud.<\/p>\n<p><strong>Reserva de Primera<\/strong><br \/>\nA las 19.45 Pabell\u00f3n Argentino vs. Club Estudiantes.<\/p>\n","protected":false},"excerpt":{"rendered":"<p>\u25a0 En Segunda jugar\u00e1n AMEFIP y Ateneo mientras que por el torneo de primera lo har\u00e1n Pabell\u00f3n y Estudiantes. Ambos partidos ser\u00e1n en la Liga donde no habr\u00e1 ventaja deportiva. El empate llevar\u00e1 a los penales.<\/p>\n","protected":false},"author":6,"featured_media":178253,"comment_status":"closed","ping_status":"closed","sticky":false,"template":"","format":"standard","meta":{"footnotes":""},"categories":[5],"tags":[3346,592],"class_list":["post-178252","post","type-post","status-publish","format-standard","has-post-thumbnail","hentry","category-deportes","tag-liga-mercedina-de-futbol","tag-reserva"],"yoast_head":"<!-- This site is optimized with the Yoast SEO plugin v27.4 - https:\/\/yoast.com\/product\/yoast-seo-wordpress\/ -->\n<title>Este s\u00e1bado se conocer\u00e1n los consagrados de Reserva<\/title>\n<meta name=\"robots\" content=\"index, follow, max-snippet:-1, max-image-preview:large, max-video-preview:-1\" \/>\n<link rel=\"canonical\" href=\"https:\/\/noticiasmercedinas.com\/site\/2026\/01\/09\/este-sabado-se-conoceran-los-consagrados-de-reserva\/\" \/>\n<meta property=\"og:locale\" content=\"es_ES\" \/>\n<meta property=\"og:type\" content=\"article\" \/>\n<meta property=\"og:title\" content=\"Este s\u00e1bado se conocer\u00e1n los consagrados de Reserva\" \/>\n<meta property=\"og:description\" content=\"\u25a0 En Segunda jugar\u00e1n AMEFIP y Ateneo mientras que por el torneo de primera lo har\u00e1n Pabell\u00f3n y Estudiantes. Ambos partidos ser\u00e1n en la Liga donde no habr\u00e1 ventaja deportiva. El empate llevar\u00e1 a los penales.\" \/>\n<meta property=\"og:url\" content=\"https:\/\/noticiasmercedinas.com\/site\/2026\/01\/09\/este-sabado-se-conoceran-los-consagrados-de-reserva\/\" \/>\n<meta property=\"og:site_name\" content=\"NOTICIASMERCEDINAS.COM\" \/>\n<meta property=\"article:publisher\" content=\"https:\/\/www.facebook.com\/noticiasmercedinas\/\" \/>\n<meta property=\"article:published_time\" content=\"2026-01-09T15:56:08+00:00\" \/>\n<meta property=\"og:image\" content=\"https:\/\/noticiasmercedinas.com\/site\/wp-content\/uploads\/2026\/01\/IMG_5126.jpg\" \/>\n\t<meta property=\"og:image:width\" content=\"640\" \/>\n\t<meta property=\"og:image:height\" content=\"437\" \/>\n\t<meta property=\"og:image:type\" content=\"image\/jpeg\" \/>\n<meta name=\"author\" content=\"Juan Dagnino NOTICIASMERCEDINAS.COM\" \/>\n<meta name=\"twitter:card\" content=\"summary_large_image\" \/>\n<meta name=\"twitter:creator\" content=\"@notmercedinas\" \/>\n<meta name=\"twitter:site\" content=\"@notmercedinas\" \/>\n<meta name=\"twitter:label1\" content=\"Escrito por\" \/>\n\t<meta name=\"twitter:data1\" content=\"Juan Dagnino NOTICIASMERCEDINAS.COM\" \/>\n\t<meta name=\"twitter:label2\" content=\"Tiempo de lectura\" \/>\n\t<meta name=\"twitter:data2\" content=\"2 minutos\" \/>\n<script type=\"application\/ld+json\" class=\"yoast-schema-graph\">{\"@context\":\"https:\\\/\\\/schema.org\",\"@graph\":[{\"@type\":\"Article\",\"@id\":\"https:\\\/\\\/noticiasmercedinas.com\\\/site\\\/2026\\\/01\\\/09\\\/este-sabado-se-conoceran-los-consagrados-de-reserva\\\/#article\",\"isPartOf\":{\"@id\":\"https:\\\/\\\/noticiasmercedinas.com\\\/site\\\/2026\\\/01\\\/09\\\/este-sabado-se-conoceran-los-consagrados-de-reserva\\\/\"},\"author\":{\"name\":\"Juan Dagnino NOTICIASMERCEDINAS.COM\",\"@id\":\"https:\\\/\\\/noticiasmercedinas.com\\\/site\\\/#\\\/schema\\\/person\\\/8f2f09d666ef40986eba4a5e6f2a06f9\"},\"headline\":\"Este s\u00e1bado se conocer\u00e1n los consagrados de Reserva\",\"datePublished\":\"2026-01-09T15:56:08+00:00\",\"mainEntityOfPage\":{\"@id\":\"https:\\\/\\\/noticiasmercedinas.com\\\/site\\\/2026\\\/01\\\/09\\\/este-sabado-se-conoceran-los-consagrados-de-reserva\\\/\"},\"wordCount\":270,\"publisher\":{\"@id\":\"https:\\\/\\\/noticiasmercedinas.com\\\/site\\\/#organization\"},\"image\":{\"@id\":\"https:\\\/\\\/noticiasmercedinas.com\\\/site\\\/2026\\\/01\\\/09\\\/este-sabado-se-conoceran-los-consagrados-de-reserva\\\/#primaryimage\"},\"thumbnailUrl\":\"https:\\\/\\\/noticiasmercedinas.com\\\/site\\\/wp-content\\\/uploads\\\/2026\\\/01\\\/IMG_5126.jpg\",\"keywords\":[\"Liga Mercedina de F\u00fatbol\",\"reserva\"],\"articleSection\":[\"Deportes\"],\"inLanguage\":\"es\"},{\"@type\":\"WebPage\",\"@id\":\"https:\\\/\\\/noticiasmercedinas.com\\\/site\\\/2026\\\/01\\\/09\\\/este-sabado-se-conoceran-los-consagrados-de-reserva\\\/\",\"url\":\"https:\\\/\\\/noticiasmercedinas.com\\\/site\\\/2026\\\/01\\\/09\\\/este-sabado-se-conoceran-los-consagrados-de-reserva\\\/\",\"name\":\"Este s\u00e1bado se conocer\u00e1n los consagrados de Reserva\",\"isPartOf\":{\"@id\":\"https:\\\/\\\/noticiasmercedinas.com\\\/site\\\/#website\"},\"primaryImageOfPage\":{\"@id\":\"https:\\\/\\\/noticiasmercedinas.com\\\/site\\\/2026\\\/01\\\/09\\\/este-sabado-se-conoceran-los-consagrados-de-reserva\\\/#primaryimage\"},\"image\":{\"@id\":\"https:\\\/\\\/noticiasmercedinas.com\\\/site\\\/2026\\\/01\\\/09\\\/este-sabado-se-conoceran-los-consagrados-de-reserva\\\/#primaryimage\"},\"thumbnailUrl\":\"https:\\\/\\\/noticiasmercedinas.com\\\/site\\\/wp-content\\\/uploads\\\/2026\\\/01\\\/IMG_5126.jpg\",\"datePublished\":\"2026-01-09T15:56:08+00:00\",\"breadcrumb\":{\"@id\":\"https:\\\/\\\/noticiasmercedinas.com\\\/site\\\/2026\\\/01\\\/09\\\/este-sabado-se-conoceran-los-consagrados-de-reserva\\\/#breadcrumb\"},\"inLanguage\":\"es\",\"potentialAction\":[{\"@type\":\"ReadAction\",\"target\":[\"https:\\\/\\\/noticiasmercedinas.com\\\/site\\\/2026\\\/01\\\/09\\\/este-sabado-se-conoceran-los-consagrados-de-reserva\\\/\"]}]},{\"@type\":\"ImageObject\",\"inLanguage\":\"es\",\"@id\":\"https:\\\/\\\/noticiasmercedinas.com\\\/site\\\/2026\\\/01\\\/09\\\/este-sabado-se-conoceran-los-consagrados-de-reserva\\\/#primaryimage\",\"url\":\"https:\\\/\\\/noticiasmercedinas.com\\\/site\\\/wp-content\\\/uploads\\\/2026\\\/01\\\/IMG_5126.jpg\",\"contentUrl\":\"https:\\\/\\\/noticiasmercedinas.com\\\/site\\\/wp-content\\\/uploads\\\/2026\\\/01\\\/IMG_5126.jpg\",\"width\":640,\"height\":437},{\"@type\":\"BreadcrumbList\",\"@id\":\"https:\\\/\\\/noticiasmercedinas.com\\\/site\\\/2026\\\/01\\\/09\\\/este-sabado-se-conoceran-los-consagrados-de-reserva\\\/#breadcrumb\",\"itemListElement\":[{\"@type\":\"ListItem\",\"position\":1,\"name\":\"Portada\",\"item\":\"https:\\\/\\\/noticiasmercedinas.com\\\/site\\\/\"},{\"@type\":\"ListItem\",\"position\":2,\"name\":\"Este s\u00e1bado se conocer\u00e1n los consagrados de Reserva\"}]},{\"@type\":\"WebSite\",\"@id\":\"https:\\\/\\\/noticiasmercedinas.com\\\/site\\\/#website\",\"url\":\"https:\\\/\\\/noticiasmercedinas.com\\\/site\\\/\",\"name\":\"NOTICIASMERCEDINAS.COM\",\"description\":\"Mercedes, Buenos Aires, Argentina\",\"publisher\":{\"@id\":\"https:\\\/\\\/noticiasmercedinas.com\\\/site\\\/#organization\"},\"potentialAction\":[{\"@type\":\"SearchAction\",\"target\":{\"@type\":\"EntryPoint\",\"urlTemplate\":\"https:\\\/\\\/noticiasmercedinas.com\\\/site\\\/?s={search_term_string}\"},\"query-input\":{\"@type\":\"PropertyValueSpecification\",\"valueRequired\":true,\"valueName\":\"search_term_string\"}}],\"inLanguage\":\"es\"},{\"@type\":\"Organization\",\"@id\":\"https:\\\/\\\/noticiasmercedinas.com\\\/site\\\/#organization\",\"name\":\"NOTICIASMERCEDINAS.COM\",\"url\":\"https:\\\/\\\/noticiasmercedinas.com\\\/site\\\/\",\"logo\":{\"@type\":\"ImageObject\",\"inLanguage\":\"es\",\"@id\":\"https:\\\/\\\/noticiasmercedinas.com\\\/site\\\/#\\\/schema\\\/logo\\\/image\\\/\",\"url\":\"https:\\\/\\\/noticiasmercedinas.com\\\/site\\\/wp-content\\\/uploads\\\/2020\\\/06\\\/LOGO-512.jpg\",\"contentUrl\":\"https:\\\/\\\/noticiasmercedinas.com\\\/site\\\/wp-content\\\/uploads\\\/2020\\\/06\\\/LOGO-512.jpg\",\"width\":512,\"height\":512,\"caption\":\"NOTICIASMERCEDINAS.COM\"},\"image\":{\"@id\":\"https:\\\/\\\/noticiasmercedinas.com\\\/site\\\/#\\\/schema\\\/logo\\\/image\\\/\"},\"sameAs\":[\"https:\\\/\\\/www.facebook.com\\\/noticiasmercedinas\\\/\",\"https:\\\/\\\/x.com\\\/notmercedinas\",\"https:\\\/\\\/www.instagram.com\\\/noticiasmercedinas\\\/\"]},{\"@type\":\"Person\",\"@id\":\"https:\\\/\\\/noticiasmercedinas.com\\\/site\\\/#\\\/schema\\\/person\\\/8f2f09d666ef40986eba4a5e6f2a06f9\",\"name\":\"Juan Dagnino NOTICIASMERCEDINAS.COM\",\"image\":{\"@type\":\"ImageObject\",\"inLanguage\":\"es\",\"@id\":\"https:\\\/\\\/secure.gravatar.com\\\/avatar\\\/fc7059a769f5a3cae65fadb228a3e4accf3a64b4b2305020d0a27e6d5333c91b?s=96&d=mm&r=g\",\"url\":\"https:\\\/\\\/secure.gravatar.com\\\/avatar\\\/fc7059a769f5a3cae65fadb228a3e4accf3a64b4b2305020d0a27e6d5333c91b?s=96&d=mm&r=g\",\"contentUrl\":\"https:\\\/\\\/secure.gravatar.com\\\/avatar\\\/fc7059a769f5a3cae65fadb228a3e4accf3a64b4b2305020d0a27e6d5333c91b?s=96&d=mm&r=g\",\"caption\":\"Juan Dagnino NOTICIASMERCEDINAS.COM\"},\"url\":\"https:\\\/\\\/noticiasmercedinas.com\\\/site\\\/author\\\/juandagnino\\\/\"}]}<\/script>\n<!-- \/ Yoast SEO plugin. -->","yoast_head_json":{"title":"Este s\u00e1bado se conocer\u00e1n los consagrados de Reserva","robots":{"index":"index","follow":"follow","max-snippet":"max-snippet:-1","max-image-preview":"max-image-preview:large","max-video-preview":"max-video-preview:-1"},"canonical":"https:\/\/noticiasmercedinas.com\/site\/2026\/01\/09\/este-sabado-se-conoceran-los-consagrados-de-reserva\/","og_locale":"es_ES","og_type":"article","og_title":"Este s\u00e1bado se conocer\u00e1n los consagrados de Reserva","og_description":"\u25a0 En Segunda jugar\u00e1n AMEFIP y Ateneo mientras que por el torneo de primera lo har\u00e1n Pabell\u00f3n y Estudiantes. Ambos partidos ser\u00e1n en la Liga donde no habr\u00e1 ventaja deportiva. El empate llevar\u00e1 a los penales.","og_url":"https:\/\/noticiasmercedinas.com\/site\/2026\/01\/09\/este-sabado-se-conoceran-los-consagrados-de-reserva\/","og_site_name":"NOTICIASMERCEDINAS.COM","article_publisher":"https:\/\/www.facebook.com\/noticiasmercedinas\/","article_published_time":"2026-01-09T15:56:08+00:00","og_image":[{"width":640,"height":437,"url":"https:\/\/noticiasmercedinas.com\/site\/wp-content\/uploads\/2026\/01\/IMG_5126.jpg","type":"image\/jpeg"}],"author":"Juan Dagnino NOTICIASMERCEDINAS.COM","twitter_card":"summary_large_image","twitter_creator":"@notmercedinas","twitter_site":"@notmercedinas","twitter_misc":{"Escrito por":"Juan Dagnino NOTICIASMERCEDINAS.COM","Tiempo de lectura":"2 minutos"},"schema":{"@context":"https:\/\/schema.org","@graph":[{"@type":"Article","@id":"https:\/\/noticiasmercedinas.com\/site\/2026\/01\/09\/este-sabado-se-conoceran-los-consagrados-de-reserva\/#article","isPartOf":{"@id":"https:\/\/noticiasmercedinas.com\/site\/2026\/01\/09\/este-sabado-se-conoceran-los-consagrados-de-reserva\/"},"author":{"name":"Juan Dagnino NOTICIASMERCEDINAS.COM","@id":"https:\/\/noticiasmercedinas.com\/site\/#\/schema\/person\/8f2f09d666ef40986eba4a5e6f2a06f9"},"headline":"Este s\u00e1bado se conocer\u00e1n los consagrados de Reserva","datePublished":"2026-01-09T15:56:08+00:00","mainEntityOfPage":{"@id":"https:\/\/noticiasmercedinas.com\/site\/2026\/01\/09\/este-sabado-se-conoceran-los-consagrados-de-reserva\/"},"wordCount":270,"publisher":{"@id":"https:\/\/noticiasmercedinas.com\/site\/#organization"},"image":{"@id":"https:\/\/noticiasmercedinas.com\/site\/2026\/01\/09\/este-sabado-se-conoceran-los-consagrados-de-reserva\/#primaryimage"},"thumbnailUrl":"https:\/\/noticiasmercedinas.com\/site\/wp-content\/uploads\/2026\/01\/IMG_5126.jpg","keywords":["Liga Mercedina de F\u00fatbol","reserva"],"articleSection":["Deportes"],"inLanguage":"es"},{"@type":"WebPage","@id":"https:\/\/noticiasmercedinas.com\/site\/2026\/01\/09\/este-sabado-se-conoceran-los-consagrados-de-reserva\/","url":"https:\/\/noticiasmercedinas.com\/site\/2026\/01\/09\/este-sabado-se-conoceran-los-consagrados-de-reserva\/","name":"Este s\u00e1bado se conocer\u00e1n los consagrados de Reserva","isPartOf":{"@id":"https:\/\/noticiasmercedinas.com\/site\/#website"},"primaryImageOfPage":{"@id":"https:\/\/noticiasmercedinas.com\/site\/2026\/01\/09\/este-sabado-se-conoceran-los-consagrados-de-reserva\/#primaryimage"},"image":{"@id":"https:\/\/noticiasmercedinas.com\/site\/2026\/01\/09\/este-sabado-se-conoceran-los-consagrados-de-reserva\/#primaryimage"},"thumbnailUrl":"https:\/\/noticiasmercedinas.com\/site\/wp-content\/uploads\/2026\/01\/IMG_5126.jpg","datePublished":"2026-01-09T15:56:08+00:00","breadcrumb":{"@id":"https:\/\/noticiasmercedinas.com\/site\/2026\/01\/09\/este-sabado-se-conoceran-los-consagrados-de-reserva\/#breadcrumb"},"inLanguage":"es","potentialAction":[{"@type":"ReadAction","target":["https:\/\/noticiasmercedinas.com\/site\/2026\/01\/09\/este-sabado-se-conoceran-los-consagrados-de-reserva\/"]}]},{"@type":"ImageObject","inLanguage":"es","@id":"https:\/\/noticiasmercedinas.com\/site\/2026\/01\/09\/este-sabado-se-conoceran-los-consagrados-de-reserva\/#primaryimage","url":"https:\/\/noticiasmercedinas.com\/site\/wp-content\/uploads\/2026\/01\/IMG_5126.jpg","contentUrl":"https:\/\/noticiasmercedinas.com\/site\/wp-content\/uploads\/2026\/01\/IMG_5126.jpg","width":640,"height":437},{"@type":"BreadcrumbList","@id":"https:\/\/noticiasmercedinas.com\/site\/2026\/01\/09\/este-sabado-se-conoceran-los-consagrados-de-reserva\/#breadcrumb","itemListElement":[{"@type":"ListItem","position":1,"name":"Portada","item":"https:\/\/noticiasmercedinas.com\/site\/"},{"@type":"ListItem","position":2,"name":"Este s\u00e1bado se conocer\u00e1n los consagrados de Reserva"}]},{"@type":"WebSite","@id":"https:\/\/noticiasmercedinas.com\/site\/#website","url":"https:\/\/noticiasmercedinas.com\/site\/","name":"NOTICIASMERCEDINAS.COM","description":"Mercedes, Buenos Aires, Argentina","publisher":{"@id":"https:\/\/noticiasmercedinas.com\/site\/#organization"},"potentialAction":[{"@type":"SearchAction","target":{"@type":"EntryPoint","urlTemplate":"https:\/\/noticiasmercedinas.com\/site\/?s={search_term_string}"},"query-input":{"@type":"PropertyValueSpecification","valueRequired":true,"valueName":"search_term_string"}}],"inLanguage":"es"},{"@type":"Organization","@id":"https:\/\/noticiasmercedinas.com\/site\/#organization","name":"NOTICIASMERCEDINAS.COM","url":"https:\/\/noticiasmercedinas.com\/site\/","logo":{"@type":"ImageObject","inLanguage":"es","@id":"https:\/\/noticiasmercedinas.com\/site\/#\/schema\/logo\/image\/","url":"https:\/\/noticiasmercedinas.com\/site\/wp-content\/uploads\/2020\/06\/LOGO-512.jpg","contentUrl":"https:\/\/noticiasmercedinas.com\/site\/wp-content\/uploads\/2020\/06\/LOGO-512.jpg","width":512,"height":512,"caption":"NOTICIASMERCEDINAS.COM"},"image":{"@id":"https:\/\/noticiasmercedinas.com\/site\/#\/schema\/logo\/image\/"},"sameAs":["https:\/\/www.facebook.com\/noticiasmercedinas\/","https:\/\/x.com\/notmercedinas","https:\/\/www.instagram.com\/noticiasmercedinas\/"]},{"@type":"Person","@id":"https:\/\/noticiasmercedinas.com\/site\/#\/schema\/person\/8f2f09d666ef40986eba4a5e6f2a06f9","name":"Juan Dagnino NOTICIASMERCEDINAS.COM","image":{"@type":"ImageObject","inLanguage":"es","@id":"https:\/\/secure.gravatar.com\/avatar\/fc7059a769f5a3cae65fadb228a3e4accf3a64b4b2305020d0a27e6d5333c91b?s=96&d=mm&r=g","url":"https:\/\/secure.gravatar.com\/avatar\/fc7059a769f5a3cae65fadb228a3e4accf3a64b4b2305020d0a27e6d5333c91b?s=96&d=mm&r=g","contentUrl":"https:\/\/secure.gravatar.com\/avatar\/fc7059a769f5a3cae65fadb228a3e4accf3a64b4b2305020d0a27e6d5333c91b?s=96&d=mm&r=g","caption":"Juan Dagnino NOTICIASMERCEDINAS.COM"},"url":"https:\/\/noticiasmercedinas.com\/site\/author\/juandagnino\/"}]}},"amp_enabled":true,"_links":{"self":[{"href":"https:\/\/noticiasmercedinas.com\/site\/wp-json\/wp\/v2\/posts\/178252","targetHints":{"allow":["GET"]}}],"collection":[{"href":"https:\/\/noticiasmercedinas.com\/site\/wp-json\/wp\/v2\/posts"}],"about":[{"href":"https:\/\/noticiasmercedinas.com\/site\/wp-json\/wp\/v2\/types\/post"}],"author":[{"embeddable":true,"href":"https:\/\/noticiasmercedinas.com\/site\/wp-json\/wp\/v2\/users\/6"}],"replies":[{"embeddable":true,"href":"https:\/\/noticiasmercedinas.com\/site\/wp-json\/wp\/v2\/comments?post=178252"}],"version-history":[{"count":1,"href":"https:\/\/noticiasmercedinas.com\/site\/wp-json\/wp\/v2\/posts\/178252\/revisions"}],"predecessor-version":[{"id":178254,"href":"https:\/\/noticiasmercedinas.com\/site\/wp-json\/wp\/v2\/posts\/178252\/revisions\/178254"}],"wp:featuredmedia":[{"embeddable":true,"href":"https:\/\/noticiasmercedinas.com\/site\/wp-json\/wp\/v2\/media\/178253"}],"wp:attachment":[{"href":"https:\/\/noticiasmercedinas.com\/site\/wp-json\/wp\/v2\/media?parent=178252"}],"wp:term":[{"taxonomy":"category","embeddable":true,"href":"https:\/\/noticiasmercedinas.com\/site\/wp-json\/wp\/v2\/categories?post=178252"},{"taxonomy":"post_tag","embeddable":true,"href":"https:\/\/noticiasmercedinas.com\/site\/wp-json\/wp\/v2\/tags?post=178252"}],"curies":[{"name":"wp","href":"https:\/\/api.w.org\/{rel}","templated":true}]}}