{"id":178304,"date":"2026-01-10T19:57:56","date_gmt":"2026-01-10T22:57:56","guid":{"rendered":"https:\/\/noticiasmercedinas.com\/site\/?p=178304"},"modified":"2026-01-10T19:58:50","modified_gmt":"2026-01-10T22:58:50","slug":"gran-exito-en-las-bicicleteadas-del-verano-de-encuentro-por-los-caminos-rurales","status":"publish","type":"post","link":"https:\/\/noticiasmercedinas.com\/site\/2026\/01\/10\/gran-exito-en-las-bicicleteadas-del-verano-de-encuentro-por-los-caminos-rurales\/","title":{"rendered":"Gran \u00e9xito en las bicicleteadas del \u00abVerano de Encuentro\u00bb por los caminos rurales"},"content":{"rendered":"<p><img loading=\"lazy\" decoding=\"async\" class=\"alignnone size-full wp-image-178305\" src=\"https:\/\/noticiasmercedinas.com\/site\/wp-content\/uploads\/2026\/01\/Turismo-Rural-A-e1768085766549.jpg\" alt=\"\" width=\"1440\" height=\"934\" srcset=\"https:\/\/noticiasmercedinas.com\/site\/wp-content\/uploads\/2026\/01\/Turismo-Rural-A-e1768085766549.jpg 1440w, https:\/\/noticiasmercedinas.com\/site\/wp-content\/uploads\/2026\/01\/Turismo-Rural-A-e1768085766549-300x194.jpg 300w, https:\/\/noticiasmercedinas.com\/site\/wp-content\/uploads\/2026\/01\/Turismo-Rural-A-e1768085766549-1024x664.jpg 1024w, https:\/\/noticiasmercedinas.com\/site\/wp-content\/uploads\/2026\/01\/Turismo-Rural-A-e1768085766549-768x498.jpg 768w, https:\/\/noticiasmercedinas.com\/site\/wp-content\/uploads\/2026\/01\/Turismo-Rural-A-e1768085766549-600x388.jpg 600w, https:\/\/noticiasmercedinas.com\/site\/wp-content\/uploads\/2026\/01\/Turismo-Rural-A-e1768085766549-640x415.jpg 640w, https:\/\/noticiasmercedinas.com\/site\/wp-content\/uploads\/2026\/01\/Turismo-Rural-A-e1768085766549-1280x830.jpg 1280w, https:\/\/noticiasmercedinas.com\/site\/wp-content\/uploads\/2026\/01\/Turismo-Rural-A-e1768085766549-681x442.jpg 681w, https:\/\/noticiasmercedinas.com\/site\/wp-content\/uploads\/2026\/01\/Turismo-Rural-A-e1768085766549-1362x883.jpg 1362w\" sizes=\"auto, (max-width: 1440px) 100vw, 1440px\" \/><\/p>\n<p>La recientes bicicleteadas organizadas por la Direcci\u00f3n de Turismo de la Municipalidad de Mercedes resultaron ser un verdadero \u00e9xito, destac\u00e1ndose la participaci\u00f3n de 83 ciclistas, entre vecinos y turistas que se acercaron desde Capital Federal y ciudades vecinas para realizar los 30 km programados para esta nueva edici\u00f3n. D\u00edas atr\u00e1s hab\u00eda, saliendo de La Trocha, convocado a 154, lo que lo convirti\u00f3 en un gran atractivo libre y gratuito.<\/p>\n<p>El evento, que tuvo lugar en un ambiente festivo y agradable, permiti\u00f3 a los participantes recorrer diferentes puntos tur\u00edsticos de la ciudad mientras disfrutaban de la actividad f\u00edsica acompa\u00f1ados de un clima agradable a pesar de la amenaza de lluvia constante durante la jornada del viernes.<\/p>\n<p>La iniciativa parte del programa \u00abBicicleteadas por Caminos Rurales\u00bb que comprende el proyecto \u201cVerano de encuentro\u201d con el que est\u00e1 trabajando la comuna local y tiene como objetivo principal combinar el deporte y la salud, ofreciendo a los participantes la oportunidad de explorar lugares emblem\u00e1ticos como pueblos rurales, antiguas estaciones de tren, bodegones, el r\u00edo Luj\u00e1n y la Reserva Natural del arroyo Balta.<\/p>\n<p>Las bicicletas son proporcionadas de manera gratuita por la Municipalidad de Mercedes, adem\u00e1s de invitar tambi\u00e9n a quienes poseen su propia bicicleta para unirse a las salidas coordinadas por Nicol\u00e1s Quiroga y el equipo de la Direcci\u00f3n de Turismo.<\/p>\n<p>Tambi\u00e9n es destacable c\u00f3mo otros vecinos y vecinas ofician de colaboradores, ordenando, acompa\u00f1ando y brindando apoyo en la seguridad de la propuesta.<\/p>\n<p>Para quienes quieran sumarse a la actividad, ya se anunci\u00f3 que durante la temporada de verano las bicicletas estar\u00e1n disponibles todos los viernes a las 19:30 horas.<\/p>\n<p>La pr\u00f3xima salida se llevar\u00e1 a cabo desde el Parque Municipal Independencia e invitan a los vecinos a disfrutar de esta propuesta pensada para promover la actividad f\u00edsica y el turismo local.<\/p>\n<p><img loading=\"lazy\" decoding=\"async\" class=\"alignnone size-full wp-image-178308\" src=\"https:\/\/noticiasmercedinas.com\/site\/wp-content\/uploads\/2026\/01\/Turismo-Rural-D.jpg\" alt=\"\" width=\"1319\" height=\"879\" srcset=\"https:\/\/noticiasmercedinas.com\/site\/wp-content\/uploads\/2026\/01\/Turismo-Rural-D.jpg 1319w, https:\/\/noticiasmercedinas.com\/site\/wp-content\/uploads\/2026\/01\/Turismo-Rural-D-300x200.jpg 300w, https:\/\/noticiasmercedinas.com\/site\/wp-content\/uploads\/2026\/01\/Turismo-Rural-D-1024x682.jpg 1024w, https:\/\/noticiasmercedinas.com\/site\/wp-content\/uploads\/2026\/01\/Turismo-Rural-D-768x512.jpg 768w, https:\/\/noticiasmercedinas.com\/site\/wp-content\/uploads\/2026\/01\/Turismo-Rural-D-640x427.jpg 640w, https:\/\/noticiasmercedinas.com\/site\/wp-content\/uploads\/2026\/01\/Turismo-Rural-D-1280x853.jpg 1280w, https:\/\/noticiasmercedinas.com\/site\/wp-content\/uploads\/2026\/01\/Turismo-Rural-D-681x454.jpg 681w\" sizes=\"auto, (max-width: 1319px) 100vw, 1319px\" \/><\/p>\n","protected":false},"excerpt":{"rendered":"<p>\u25a0 De la primera del a\u00f1o fueron parte 154 personas y de la segunda 80. Las salidas en bicicleta para recorrer los caminos rurales y espacios naturales de la ciudad son un \u00e9xito de convocatoria. Se anunciaron nuevas salidas para el pr\u00f3ximo viernes.<\/p>\n","protected":false},"author":16,"featured_media":178305,"comment_status":"closed","ping_status":"closed","sticky":false,"template":"","format":"standard","meta":{"footnotes":""},"categories":[3],"tags":[5994,33],"class_list":["post-178304","post","type-post","status-publish","format-standard","has-post-thumbnail","hentry","category-sociedad","tag-bicicleteada","tag-turismo"],"yoast_head":"<!-- This site is optimized with the Yoast SEO plugin v27.4 - https:\/\/yoast.com\/product\/yoast-seo-wordpress\/ -->\n<title>Gran \u00e9xito en las bicicleteadas del &quot;Verano de Encuentro&quot; por los caminos rurales<\/title>\n<meta name=\"description\" content=\"De la primera del a\u00f1o fueron parte 154 personas y de la segunda 80. Las salidas en bicicleta para recorrer los caminos rurales y espacios naturales de la ciudad son un \u00e9xito de convocatoria. Se anunciaron nuevas salidas para el pr\u00f3ximo viernes.\" \/>\n<meta name=\"robots\" content=\"index, follow, max-snippet:-1, max-image-preview:large, max-video-preview:-1\" \/>\n<link rel=\"canonical\" href=\"https:\/\/noticiasmercedinas.com\/site\/2026\/01\/10\/gran-exito-en-las-bicicleteadas-del-verano-de-encuentro-por-los-caminos-rurales\/\" \/>\n<meta property=\"og:locale\" content=\"es_ES\" \/>\n<meta property=\"og:type\" content=\"article\" \/>\n<meta property=\"og:title\" content=\"Gran \u00e9xito en las bicicleteadas del &quot;Verano de Encuentro&quot; por los caminos rurales\" \/>\n<meta property=\"og:description\" content=\"De la primera del a\u00f1o fueron parte 154 personas y de la segunda 80. Las salidas en bicicleta para recorrer los caminos rurales y espacios naturales de la ciudad son un \u00e9xito de convocatoria. Se anunciaron nuevas salidas para el pr\u00f3ximo viernes.\" \/>\n<meta property=\"og:url\" content=\"https:\/\/noticiasmercedinas.com\/site\/2026\/01\/10\/gran-exito-en-las-bicicleteadas-del-verano-de-encuentro-por-los-caminos-rurales\/\" \/>\n<meta property=\"og:site_name\" content=\"NOTICIASMERCEDINAS.COM\" \/>\n<meta property=\"article:publisher\" content=\"https:\/\/www.facebook.com\/noticiasmercedinas\/\" \/>\n<meta property=\"article:published_time\" content=\"2026-01-10T22:57:56+00:00\" \/>\n<meta property=\"article:modified_time\" content=\"2026-01-10T22:58:50+00:00\" \/>\n<meta property=\"og:image\" content=\"https:\/\/noticiasmercedinas.com\/site\/wp-content\/uploads\/2026\/01\/Turismo-Rural-A-e1768085766549.jpg\" \/>\n\t<meta property=\"og:image:width\" content=\"1440\" \/>\n\t<meta property=\"og:image:height\" content=\"934\" \/>\n\t<meta property=\"og:image:type\" content=\"image\/jpeg\" \/>\n<meta name=\"author\" content=\"NOTICIASMERCEDINAS.COM\" \/>\n<meta name=\"twitter:card\" content=\"summary_large_image\" \/>\n<meta name=\"twitter:creator\" content=\"@notmercedinas\" \/>\n<meta name=\"twitter:site\" content=\"@notmercedinas\" \/>\n<meta name=\"twitter:label1\" content=\"Escrito por\" \/>\n\t<meta name=\"twitter:data1\" content=\"NOTICIASMERCEDINAS.COM\" \/>\n\t<meta name=\"twitter:label2\" content=\"Tiempo de lectura\" \/>\n\t<meta name=\"twitter:data2\" content=\"2 minutos\" \/>\n<script type=\"application\/ld+json\" class=\"yoast-schema-graph\">{\"@context\":\"https:\\\/\\\/schema.org\",\"@graph\":[{\"@type\":\"Article\",\"@id\":\"https:\\\/\\\/noticiasmercedinas.com\\\/site\\\/2026\\\/01\\\/10\\\/gran-exito-en-las-bicicleteadas-del-verano-de-encuentro-por-los-caminos-rurales\\\/#article\",\"isPartOf\":{\"@id\":\"https:\\\/\\\/noticiasmercedinas.com\\\/site\\\/2026\\\/01\\\/10\\\/gran-exito-en-las-bicicleteadas-del-verano-de-encuentro-por-los-caminos-rurales\\\/\"},\"author\":{\"name\":\"NOTICIASMERCEDINAS.COM\",\"@id\":\"https:\\\/\\\/noticiasmercedinas.com\\\/site\\\/#\\\/schema\\\/person\\\/84b59c099c28ff2e8b77d4ceec5d8063\"},\"headline\":\"Gran \u00e9xito en las bicicleteadas del \u00abVerano de Encuentro\u00bb por los caminos rurales\",\"datePublished\":\"2026-01-10T22:57:56+00:00\",\"dateModified\":\"2026-01-10T22:58:50+00:00\",\"mainEntityOfPage\":{\"@id\":\"https:\\\/\\\/noticiasmercedinas.com\\\/site\\\/2026\\\/01\\\/10\\\/gran-exito-en-las-bicicleteadas-del-verano-de-encuentro-por-los-caminos-rurales\\\/\"},\"wordCount\":330,\"publisher\":{\"@id\":\"https:\\\/\\\/noticiasmercedinas.com\\\/site\\\/#organization\"},\"image\":{\"@id\":\"https:\\\/\\\/noticiasmercedinas.com\\\/site\\\/2026\\\/01\\\/10\\\/gran-exito-en-las-bicicleteadas-del-verano-de-encuentro-por-los-caminos-rurales\\\/#primaryimage\"},\"thumbnailUrl\":\"https:\\\/\\\/noticiasmercedinas.com\\\/site\\\/wp-content\\\/uploads\\\/2026\\\/01\\\/Turismo-Rural-A-e1768085766549.jpg\",\"keywords\":[\"bicicleteada\",\"turismo\"],\"articleSection\":[\"Sociedad\"],\"inLanguage\":\"es\"},{\"@type\":\"WebPage\",\"@id\":\"https:\\\/\\\/noticiasmercedinas.com\\\/site\\\/2026\\\/01\\\/10\\\/gran-exito-en-las-bicicleteadas-del-verano-de-encuentro-por-los-caminos-rurales\\\/\",\"url\":\"https:\\\/\\\/noticiasmercedinas.com\\\/site\\\/2026\\\/01\\\/10\\\/gran-exito-en-las-bicicleteadas-del-verano-de-encuentro-por-los-caminos-rurales\\\/\",\"name\":\"Gran \u00e9xito en las bicicleteadas del \\\"Verano de Encuentro\\\" por los caminos rurales\",\"isPartOf\":{\"@id\":\"https:\\\/\\\/noticiasmercedinas.com\\\/site\\\/#website\"},\"primaryImageOfPage\":{\"@id\":\"https:\\\/\\\/noticiasmercedinas.com\\\/site\\\/2026\\\/01\\\/10\\\/gran-exito-en-las-bicicleteadas-del-verano-de-encuentro-por-los-caminos-rurales\\\/#primaryimage\"},\"image\":{\"@id\":\"https:\\\/\\\/noticiasmercedinas.com\\\/site\\\/2026\\\/01\\\/10\\\/gran-exito-en-las-bicicleteadas-del-verano-de-encuentro-por-los-caminos-rurales\\\/#primaryimage\"},\"thumbnailUrl\":\"https:\\\/\\\/noticiasmercedinas.com\\\/site\\\/wp-content\\\/uploads\\\/2026\\\/01\\\/Turismo-Rural-A-e1768085766549.jpg\",\"datePublished\":\"2026-01-10T22:57:56+00:00\",\"dateModified\":\"2026-01-10T22:58:50+00:00\",\"description\":\"De la primera del a\u00f1o fueron parte 154 personas y de la segunda 80. Las salidas en bicicleta para recorrer los caminos rurales y espacios naturales de la ciudad son un \u00e9xito de convocatoria. Se anunciaron nuevas salidas para el pr\u00f3ximo viernes.\",\"breadcrumb\":{\"@id\":\"https:\\\/\\\/noticiasmercedinas.com\\\/site\\\/2026\\\/01\\\/10\\\/gran-exito-en-las-bicicleteadas-del-verano-de-encuentro-por-los-caminos-rurales\\\/#breadcrumb\"},\"inLanguage\":\"es\",\"potentialAction\":[{\"@type\":\"ReadAction\",\"target\":[\"https:\\\/\\\/noticiasmercedinas.com\\\/site\\\/2026\\\/01\\\/10\\\/gran-exito-en-las-bicicleteadas-del-verano-de-encuentro-por-los-caminos-rurales\\\/\"]}]},{\"@type\":\"ImageObject\",\"inLanguage\":\"es\",\"@id\":\"https:\\\/\\\/noticiasmercedinas.com\\\/site\\\/2026\\\/01\\\/10\\\/gran-exito-en-las-bicicleteadas-del-verano-de-encuentro-por-los-caminos-rurales\\\/#primaryimage\",\"url\":\"https:\\\/\\\/noticiasmercedinas.com\\\/site\\\/wp-content\\\/uploads\\\/2026\\\/01\\\/Turismo-Rural-A-e1768085766549.jpg\",\"contentUrl\":\"https:\\\/\\\/noticiasmercedinas.com\\\/site\\\/wp-content\\\/uploads\\\/2026\\\/01\\\/Turismo-Rural-A-e1768085766549.jpg\",\"width\":1440,\"height\":934},{\"@type\":\"BreadcrumbList\",\"@id\":\"https:\\\/\\\/noticiasmercedinas.com\\\/site\\\/2026\\\/01\\\/10\\\/gran-exito-en-las-bicicleteadas-del-verano-de-encuentro-por-los-caminos-rurales\\\/#breadcrumb\",\"itemListElement\":[{\"@type\":\"ListItem\",\"position\":1,\"name\":\"Portada\",\"item\":\"https:\\\/\\\/noticiasmercedinas.com\\\/site\\\/\"},{\"@type\":\"ListItem\",\"position\":2,\"name\":\"Gran \u00e9xito en las bicicleteadas del \u00abVerano de Encuentro\u00bb por los caminos rurales\"}]},{\"@type\":\"WebSite\",\"@id\":\"https:\\\/\\\/noticiasmercedinas.com\\\/site\\\/#website\",\"url\":\"https:\\\/\\\/noticiasmercedinas.com\\\/site\\\/\",\"name\":\"NOTICIASMERCEDINAS.COM\",\"description\":\"Mercedes, Buenos Aires, Argentina\",\"publisher\":{\"@id\":\"https:\\\/\\\/noticiasmercedinas.com\\\/site\\\/#organization\"},\"potentialAction\":[{\"@type\":\"SearchAction\",\"target\":{\"@type\":\"EntryPoint\",\"urlTemplate\":\"https:\\\/\\\/noticiasmercedinas.com\\\/site\\\/?s={search_term_string}\"},\"query-input\":{\"@type\":\"PropertyValueSpecification\",\"valueRequired\":true,\"valueName\":\"search_term_string\"}}],\"inLanguage\":\"es\"},{\"@type\":\"Organization\",\"@id\":\"https:\\\/\\\/noticiasmercedinas.com\\\/site\\\/#organization\",\"name\":\"NOTICIASMERCEDINAS.COM\",\"url\":\"https:\\\/\\\/noticiasmercedinas.com\\\/site\\\/\",\"logo\":{\"@type\":\"ImageObject\",\"inLanguage\":\"es\",\"@id\":\"https:\\\/\\\/noticiasmercedinas.com\\\/site\\\/#\\\/schema\\\/logo\\\/image\\\/\",\"url\":\"https:\\\/\\\/noticiasmercedinas.com\\\/site\\\/wp-content\\\/uploads\\\/2020\\\/06\\\/LOGO-512.jpg\",\"contentUrl\":\"https:\\\/\\\/noticiasmercedinas.com\\\/site\\\/wp-content\\\/uploads\\\/2020\\\/06\\\/LOGO-512.jpg\",\"width\":512,\"height\":512,\"caption\":\"NOTICIASMERCEDINAS.COM\"},\"image\":{\"@id\":\"https:\\\/\\\/noticiasmercedinas.com\\\/site\\\/#\\\/schema\\\/logo\\\/image\\\/\"},\"sameAs\":[\"https:\\\/\\\/www.facebook.com\\\/noticiasmercedinas\\\/\",\"https:\\\/\\\/x.com\\\/notmercedinas\",\"https:\\\/\\\/www.instagram.com\\\/noticiasmercedinas\\\/\"]},{\"@type\":\"Person\",\"@id\":\"https:\\\/\\\/noticiasmercedinas.com\\\/site\\\/#\\\/schema\\\/person\\\/84b59c099c28ff2e8b77d4ceec5d8063\",\"name\":\"NOTICIASMERCEDINAS.COM\",\"image\":{\"@type\":\"ImageObject\",\"inLanguage\":\"es\",\"@id\":\"https:\\\/\\\/secure.gravatar.com\\\/avatar\\\/4dfbf16b4d17945bfb6341b2d19043457132fcf478a5ee04f42e959fd8f5df0a?s=96&d=mm&r=g\",\"url\":\"https:\\\/\\\/secure.gravatar.com\\\/avatar\\\/4dfbf16b4d17945bfb6341b2d19043457132fcf478a5ee04f42e959fd8f5df0a?s=96&d=mm&r=g\",\"contentUrl\":\"https:\\\/\\\/secure.gravatar.com\\\/avatar\\\/4dfbf16b4d17945bfb6341b2d19043457132fcf478a5ee04f42e959fd8f5df0a?s=96&d=mm&r=g\",\"caption\":\"NOTICIASMERCEDINAS.COM\"},\"url\":\"https:\\\/\\\/noticiasmercedinas.com\\\/site\\\/author\\\/anonimo\\\/\"}]}<\/script>\n<!-- \/ Yoast SEO plugin. -->","yoast_head_json":{"title":"Gran \u00e9xito en las bicicleteadas del \"Verano de Encuentro\" por los caminos rurales","description":"De la primera del a\u00f1o fueron parte 154 personas y de la segunda 80. Las salidas en bicicleta para recorrer los caminos rurales y espacios naturales de la ciudad son un \u00e9xito de convocatoria. Se anunciaron nuevas salidas para el pr\u00f3ximo viernes.","robots":{"index":"index","follow":"follow","max-snippet":"max-snippet:-1","max-image-preview":"max-image-preview:large","max-video-preview":"max-video-preview:-1"},"canonical":"https:\/\/noticiasmercedinas.com\/site\/2026\/01\/10\/gran-exito-en-las-bicicleteadas-del-verano-de-encuentro-por-los-caminos-rurales\/","og_locale":"es_ES","og_type":"article","og_title":"Gran \u00e9xito en las bicicleteadas del \"Verano de Encuentro\" por los caminos rurales","og_description":"De la primera del a\u00f1o fueron parte 154 personas y de la segunda 80. Las salidas en bicicleta para recorrer los caminos rurales y espacios naturales de la ciudad son un \u00e9xito de convocatoria. Se anunciaron nuevas salidas para el pr\u00f3ximo viernes.","og_url":"https:\/\/noticiasmercedinas.com\/site\/2026\/01\/10\/gran-exito-en-las-bicicleteadas-del-verano-de-encuentro-por-los-caminos-rurales\/","og_site_name":"NOTICIASMERCEDINAS.COM","article_publisher":"https:\/\/www.facebook.com\/noticiasmercedinas\/","article_published_time":"2026-01-10T22:57:56+00:00","article_modified_time":"2026-01-10T22:58:50+00:00","og_image":[{"width":1440,"height":934,"url":"https:\/\/noticiasmercedinas.com\/site\/wp-content\/uploads\/2026\/01\/Turismo-Rural-A-e1768085766549.jpg","type":"image\/jpeg"}],"author":"NOTICIASMERCEDINAS.COM","twitter_card":"summary_large_image","twitter_creator":"@notmercedinas","twitter_site":"@notmercedinas","twitter_misc":{"Escrito por":"NOTICIASMERCEDINAS.COM","Tiempo de lectura":"2 minutos"},"schema":{"@context":"https:\/\/schema.org","@graph":[{"@type":"Article","@id":"https:\/\/noticiasmercedinas.com\/site\/2026\/01\/10\/gran-exito-en-las-bicicleteadas-del-verano-de-encuentro-por-los-caminos-rurales\/#article","isPartOf":{"@id":"https:\/\/noticiasmercedinas.com\/site\/2026\/01\/10\/gran-exito-en-las-bicicleteadas-del-verano-de-encuentro-por-los-caminos-rurales\/"},"author":{"name":"NOTICIASMERCEDINAS.COM","@id":"https:\/\/noticiasmercedinas.com\/site\/#\/schema\/person\/84b59c099c28ff2e8b77d4ceec5d8063"},"headline":"Gran \u00e9xito en las bicicleteadas del \u00abVerano de Encuentro\u00bb por los caminos rurales","datePublished":"2026-01-10T22:57:56+00:00","dateModified":"2026-01-10T22:58:50+00:00","mainEntityOfPage":{"@id":"https:\/\/noticiasmercedinas.com\/site\/2026\/01\/10\/gran-exito-en-las-bicicleteadas-del-verano-de-encuentro-por-los-caminos-rurales\/"},"wordCount":330,"publisher":{"@id":"https:\/\/noticiasmercedinas.com\/site\/#organization"},"image":{"@id":"https:\/\/noticiasmercedinas.com\/site\/2026\/01\/10\/gran-exito-en-las-bicicleteadas-del-verano-de-encuentro-por-los-caminos-rurales\/#primaryimage"},"thumbnailUrl":"https:\/\/noticiasmercedinas.com\/site\/wp-content\/uploads\/2026\/01\/Turismo-Rural-A-e1768085766549.jpg","keywords":["bicicleteada","turismo"],"articleSection":["Sociedad"],"inLanguage":"es"},{"@type":"WebPage","@id":"https:\/\/noticiasmercedinas.com\/site\/2026\/01\/10\/gran-exito-en-las-bicicleteadas-del-verano-de-encuentro-por-los-caminos-rurales\/","url":"https:\/\/noticiasmercedinas.com\/site\/2026\/01\/10\/gran-exito-en-las-bicicleteadas-del-verano-de-encuentro-por-los-caminos-rurales\/","name":"Gran \u00e9xito en las bicicleteadas del \"Verano de Encuentro\" por los caminos rurales","isPartOf":{"@id":"https:\/\/noticiasmercedinas.com\/site\/#website"},"primaryImageOfPage":{"@id":"https:\/\/noticiasmercedinas.com\/site\/2026\/01\/10\/gran-exito-en-las-bicicleteadas-del-verano-de-encuentro-por-los-caminos-rurales\/#primaryimage"},"image":{"@id":"https:\/\/noticiasmercedinas.com\/site\/2026\/01\/10\/gran-exito-en-las-bicicleteadas-del-verano-de-encuentro-por-los-caminos-rurales\/#primaryimage"},"thumbnailUrl":"https:\/\/noticiasmercedinas.com\/site\/wp-content\/uploads\/2026\/01\/Turismo-Rural-A-e1768085766549.jpg","datePublished":"2026-01-10T22:57:56+00:00","dateModified":"2026-01-10T22:58:50+00:00","description":"De la primera del a\u00f1o fueron parte 154 personas y de la segunda 80. Las salidas en bicicleta para recorrer los caminos rurales y espacios naturales de la ciudad son un \u00e9xito de convocatoria. Se anunciaron nuevas salidas para el pr\u00f3ximo viernes.","breadcrumb":{"@id":"https:\/\/noticiasmercedinas.com\/site\/2026\/01\/10\/gran-exito-en-las-bicicleteadas-del-verano-de-encuentro-por-los-caminos-rurales\/#breadcrumb"},"inLanguage":"es","potentialAction":[{"@type":"ReadAction","target":["https:\/\/noticiasmercedinas.com\/site\/2026\/01\/10\/gran-exito-en-las-bicicleteadas-del-verano-de-encuentro-por-los-caminos-rurales\/"]}]},{"@type":"ImageObject","inLanguage":"es","@id":"https:\/\/noticiasmercedinas.com\/site\/2026\/01\/10\/gran-exito-en-las-bicicleteadas-del-verano-de-encuentro-por-los-caminos-rurales\/#primaryimage","url":"https:\/\/noticiasmercedinas.com\/site\/wp-content\/uploads\/2026\/01\/Turismo-Rural-A-e1768085766549.jpg","contentUrl":"https:\/\/noticiasmercedinas.com\/site\/wp-content\/uploads\/2026\/01\/Turismo-Rural-A-e1768085766549.jpg","width":1440,"height":934},{"@type":"BreadcrumbList","@id":"https:\/\/noticiasmercedinas.com\/site\/2026\/01\/10\/gran-exito-en-las-bicicleteadas-del-verano-de-encuentro-por-los-caminos-rurales\/#breadcrumb","itemListElement":[{"@type":"ListItem","position":1,"name":"Portada","item":"https:\/\/noticiasmercedinas.com\/site\/"},{"@type":"ListItem","position":2,"name":"Gran \u00e9xito en las bicicleteadas del \u00abVerano de Encuentro\u00bb por los caminos rurales"}]},{"@type":"WebSite","@id":"https:\/\/noticiasmercedinas.com\/site\/#website","url":"https:\/\/noticiasmercedinas.com\/site\/","name":"NOTICIASMERCEDINAS.COM","description":"Mercedes, Buenos Aires, Argentina","publisher":{"@id":"https:\/\/noticiasmercedinas.com\/site\/#organization"},"potentialAction":[{"@type":"SearchAction","target":{"@type":"EntryPoint","urlTemplate":"https:\/\/noticiasmercedinas.com\/site\/?s={search_term_string}"},"query-input":{"@type":"PropertyValueSpecification","valueRequired":true,"valueName":"search_term_string"}}],"inLanguage":"es"},{"@type":"Organization","@id":"https:\/\/noticiasmercedinas.com\/site\/#organization","name":"NOTICIASMERCEDINAS.COM","url":"https:\/\/noticiasmercedinas.com\/site\/","logo":{"@type":"ImageObject","inLanguage":"es","@id":"https:\/\/noticiasmercedinas.com\/site\/#\/schema\/logo\/image\/","url":"https:\/\/noticiasmercedinas.com\/site\/wp-content\/uploads\/2020\/06\/LOGO-512.jpg","contentUrl":"https:\/\/noticiasmercedinas.com\/site\/wp-content\/uploads\/2020\/06\/LOGO-512.jpg","width":512,"height":512,"caption":"NOTICIASMERCEDINAS.COM"},"image":{"@id":"https:\/\/noticiasmercedinas.com\/site\/#\/schema\/logo\/image\/"},"sameAs":["https:\/\/www.facebook.com\/noticiasmercedinas\/","https:\/\/x.com\/notmercedinas","https:\/\/www.instagram.com\/noticiasmercedinas\/"]},{"@type":"Person","@id":"https:\/\/noticiasmercedinas.com\/site\/#\/schema\/person\/84b59c099c28ff2e8b77d4ceec5d8063","name":"NOTICIASMERCEDINAS.COM","image":{"@type":"ImageObject","inLanguage":"es","@id":"https:\/\/secure.gravatar.com\/avatar\/4dfbf16b4d17945bfb6341b2d19043457132fcf478a5ee04f42e959fd8f5df0a?s=96&d=mm&r=g","url":"https:\/\/secure.gravatar.com\/avatar\/4dfbf16b4d17945bfb6341b2d19043457132fcf478a5ee04f42e959fd8f5df0a?s=96&d=mm&r=g","contentUrl":"https:\/\/secure.gravatar.com\/avatar\/4dfbf16b4d17945bfb6341b2d19043457132fcf478a5ee04f42e959fd8f5df0a?s=96&d=mm&r=g","caption":"NOTICIASMERCEDINAS.COM"},"url":"https:\/\/noticiasmercedinas.com\/site\/author\/anonimo\/"}]}},"amp_enabled":true,"_links":{"self":[{"href":"https:\/\/noticiasmercedinas.com\/site\/wp-json\/wp\/v2\/posts\/178304","targetHints":{"allow":["GET"]}}],"collection":[{"href":"https:\/\/noticiasmercedinas.com\/site\/wp-json\/wp\/v2\/posts"}],"about":[{"href":"https:\/\/noticiasmercedinas.com\/site\/wp-json\/wp\/v2\/types\/post"}],"author":[{"embeddable":true,"href":"https:\/\/noticiasmercedinas.com\/site\/wp-json\/wp\/v2\/users\/16"}],"replies":[{"embeddable":true,"href":"https:\/\/noticiasmercedinas.com\/site\/wp-json\/wp\/v2\/comments?post=178304"}],"version-history":[{"count":3,"href":"https:\/\/noticiasmercedinas.com\/site\/wp-json\/wp\/v2\/posts\/178304\/revisions"}],"predecessor-version":[{"id":178309,"href":"https:\/\/noticiasmercedinas.com\/site\/wp-json\/wp\/v2\/posts\/178304\/revisions\/178309"}],"wp:featuredmedia":[{"embeddable":true,"href":"https:\/\/noticiasmercedinas.com\/site\/wp-json\/wp\/v2\/media\/178305"}],"wp:attachment":[{"href":"https:\/\/noticiasmercedinas.com\/site\/wp-json\/wp\/v2\/media?parent=178304"}],"wp:term":[{"taxonomy":"category","embeddable":true,"href":"https:\/\/noticiasmercedinas.com\/site\/wp-json\/wp\/v2\/categories?post=178304"},{"taxonomy":"post_tag","embeddable":true,"href":"https:\/\/noticiasmercedinas.com\/site\/wp-json\/wp\/v2\/tags?post=178304"}],"curies":[{"name":"wp","href":"https:\/\/api.w.org\/{rel}","templated":true}]}}