{"id":178478,"date":"2026-01-13T18:15:45","date_gmt":"2026-01-13T21:15:45","guid":{"rendered":"https:\/\/noticiasmercedinas.com\/site\/?p=178478"},"modified":"2026-01-13T18:15:45","modified_gmt":"2026-01-13T21:15:45","slug":"asociacion-medica-de-mercedes-anuncia-la-apertura-de-inscripciones-2026-para-el-instituto-superior-femeba","status":"publish","type":"post","link":"https:\/\/noticiasmercedinas.com\/site\/2026\/01\/13\/asociacion-medica-de-mercedes-anuncia-la-apertura-de-inscripciones-2026-para-el-instituto-superior-femeba\/","title":{"rendered":"Asociaci\u00f3n M\u00e9dica de Mercedes anuncia la apertura de inscripciones 2026 para el Instituto Superior FEMEBA"},"content":{"rendered":"<p><img loading=\"lazy\" decoding=\"async\" class=\"alignnone size-full wp-image-178479\" src=\"https:\/\/noticiasmercedinas.com\/site\/wp-content\/uploads\/2026\/01\/femeba1.jpg\" alt=\"\" width=\"640\" height=\"400\" srcset=\"https:\/\/noticiasmercedinas.com\/site\/wp-content\/uploads\/2026\/01\/femeba1.jpg 640w, https:\/\/noticiasmercedinas.com\/site\/wp-content\/uploads\/2026\/01\/femeba1-300x188.jpg 300w\" sizes=\"auto, (max-width: 640px) 100vw, 640px\" \/><\/p>\n<p>En respuesta a la creciente demanda de recursos humanos calificados en el sistema sanitario, la Asociaci\u00f3n M\u00e9dica de Mercedes inform\u00f3 que ya se encuentra abierto el per\u00edodo de inscripci\u00f3n para el ciclo lectivo 2026 del Instituto Superior FEMEBA (ISF).<\/p>\n<p>La propuesta est\u00e1 dirigida tanto a quienes desean iniciar su trayectoria en el \u00e1mbito de la salud como a profesionales que buscan una formaci\u00f3n de posgrado especializada.<\/p>\n<p>El ISF ha estructurado su programa educativo en dos grandes ejes que cubren necesidades operativas fundamentales de los centros asistenciales:<\/p>\n<p>1. Tecnicaturas Superiores:<\/p>\n<ul>\n<li>Tecnicatura Superior en Enfermer\u00eda (TSE).<\/li>\n<li>Tecnicatura Superior en Emergencias de Salud (TSES).<\/li>\n<\/ul>\n<p>2. Especializaciones de posgrado:<\/p>\n<ul>\n<li>Neonatolog\u00eda (EN).<\/li>\n<li>Cuidados Cr\u00edticos (ECC).<\/li>\n<li>Urgencias, Emergencias y Cat\u00e1strofes (EUEC).<\/li>\n<\/ul>\n<p><strong>Excelencia acad\u00e9mica y t\u00edtulos oficiales<\/strong><br \/>\nDesde la Asociaci\u00f3n M\u00e9dica destacaron que el Instituto Superior FEMEBA se distingue por un modelo pedag\u00f3gico basado en la pr\u00e1ctica y la simulaci\u00f3n, respaldado por un cuerpo docente altamente especializado.<\/p>\n<p>Un punto clave para los aspirantes es que todas las carreras otorgan t\u00edtulos oficiales con validez nacional, lo que garantiza el reconocimiento de la formaci\u00f3n en todo el territorio argentino.<\/p>\n<p><strong>Informaci\u00f3n e inscripciones<\/strong><br \/>\nLos interesados en obtener detalles sobre requisitos, planes de estudio o aranceles pueden realizar sus consultas a trav\u00e9s de los canales oficiales habilitados por la instituci\u00f3n:<\/p>\n<ul>\n<li><strong>WhatsApp: +54 221 6738624.<\/strong><\/li>\n<li><strong>Redes Sociales: Instagram @amm.mercedes y @institutosuperiorfemeba.<\/strong><\/li>\n<\/ul>\n","protected":false},"excerpt":{"rendered":"<p>\u25a0 La oferta acad\u00e9mica incluye tecnicaturas superiores y especializaciones en \u00e1reas cr\u00edticas de salud, con t\u00edtulos oficiales de validez nacional y un fuerte enfoque en simulaci\u00f3n cl\u00ednica.<\/p>\n","protected":false},"author":16,"featured_media":178479,"comment_status":"closed","ping_status":"closed","sticky":false,"template":"","format":"standard","meta":{"footnotes":""},"categories":[15755],"tags":[3474,1089,10468,21558],"class_list":["post-178478","post","type-post","status-publish","format-standard","has-post-thumbnail","hentry","category-educacion","tag-amm","tag-asociacion-medica","tag-femeba","tag-instituto-superior-femeba"],"yoast_head":"<!-- This site is optimized with the Yoast SEO plugin v27.4 - https:\/\/yoast.com\/product\/yoast-seo-wordpress\/ -->\n<title>Asociaci\u00f3n M\u00e9dica de Mercedes anuncia la apertura de inscripciones 2026 para el Instituto Superior FEMEBA<\/title>\n<meta name=\"description\" content=\"\u25a0 La oferta acad\u00e9mica incluye tecnicaturas superiores y especializaciones en \u00e1reas cr\u00edticas de salud, con t\u00edtulos oficiales de validez nacional y un fuerte enfoque en simulaci\u00f3n cl\u00ednica.\" \/>\n<meta name=\"robots\" content=\"index, follow, max-snippet:-1, max-image-preview:large, max-video-preview:-1\" \/>\n<link rel=\"canonical\" href=\"https:\/\/noticiasmercedinas.com\/site\/2026\/01\/13\/asociacion-medica-de-mercedes-anuncia-la-apertura-de-inscripciones-2026-para-el-instituto-superior-femeba\/\" \/>\n<meta property=\"og:locale\" content=\"es_ES\" \/>\n<meta property=\"og:type\" content=\"article\" \/>\n<meta property=\"og:title\" content=\"Asociaci\u00f3n M\u00e9dica de Mercedes anuncia la apertura de inscripciones 2026 para el Instituto Superior FEMEBA\" \/>\n<meta property=\"og:description\" content=\"\u25a0 La oferta acad\u00e9mica incluye tecnicaturas superiores y especializaciones en \u00e1reas cr\u00edticas de salud, con t\u00edtulos oficiales de validez nacional y un fuerte enfoque en simulaci\u00f3n cl\u00ednica.\" \/>\n<meta property=\"og:url\" content=\"https:\/\/noticiasmercedinas.com\/site\/2026\/01\/13\/asociacion-medica-de-mercedes-anuncia-la-apertura-de-inscripciones-2026-para-el-instituto-superior-femeba\/\" \/>\n<meta property=\"og:site_name\" content=\"NOTICIASMERCEDINAS.COM\" \/>\n<meta property=\"article:publisher\" content=\"https:\/\/www.facebook.com\/noticiasmercedinas\/\" \/>\n<meta property=\"article:published_time\" content=\"2026-01-13T21:15:45+00:00\" \/>\n<meta property=\"og:image\" content=\"https:\/\/noticiasmercedinas.com\/site\/wp-content\/uploads\/2026\/01\/femeba1.jpg\" \/>\n\t<meta property=\"og:image:width\" content=\"640\" \/>\n\t<meta property=\"og:image:height\" content=\"400\" \/>\n\t<meta property=\"og:image:type\" content=\"image\/jpeg\" \/>\n<meta name=\"author\" content=\"NOTICIASMERCEDINAS.COM\" \/>\n<meta name=\"twitter:card\" content=\"summary_large_image\" \/>\n<meta name=\"twitter:creator\" content=\"@notmercedinas\" \/>\n<meta name=\"twitter:site\" content=\"@notmercedinas\" \/>\n<meta name=\"twitter:label1\" content=\"Escrito por\" \/>\n\t<meta name=\"twitter:data1\" content=\"NOTICIASMERCEDINAS.COM\" \/>\n\t<meta name=\"twitter:label2\" content=\"Tiempo de lectura\" \/>\n\t<meta name=\"twitter:data2\" content=\"2 minutos\" \/>\n<script type=\"application\/ld+json\" class=\"yoast-schema-graph\">{\"@context\":\"https:\\\/\\\/schema.org\",\"@graph\":[{\"@type\":\"Article\",\"@id\":\"https:\\\/\\\/noticiasmercedinas.com\\\/site\\\/2026\\\/01\\\/13\\\/asociacion-medica-de-mercedes-anuncia-la-apertura-de-inscripciones-2026-para-el-instituto-superior-femeba\\\/#article\",\"isPartOf\":{\"@id\":\"https:\\\/\\\/noticiasmercedinas.com\\\/site\\\/2026\\\/01\\\/13\\\/asociacion-medica-de-mercedes-anuncia-la-apertura-de-inscripciones-2026-para-el-instituto-superior-femeba\\\/\"},\"author\":{\"name\":\"NOTICIASMERCEDINAS.COM\",\"@id\":\"https:\\\/\\\/noticiasmercedinas.com\\\/site\\\/#\\\/schema\\\/person\\\/84b59c099c28ff2e8b77d4ceec5d8063\"},\"headline\":\"Asociaci\u00f3n M\u00e9dica de Mercedes anuncia la apertura de inscripciones 2026 para el Instituto Superior FEMEBA\",\"datePublished\":\"2026-01-13T21:15:45+00:00\",\"mainEntityOfPage\":{\"@id\":\"https:\\\/\\\/noticiasmercedinas.com\\\/site\\\/2026\\\/01\\\/13\\\/asociacion-medica-de-mercedes-anuncia-la-apertura-de-inscripciones-2026-para-el-instituto-superior-femeba\\\/\"},\"wordCount\":251,\"publisher\":{\"@id\":\"https:\\\/\\\/noticiasmercedinas.com\\\/site\\\/#organization\"},\"image\":{\"@id\":\"https:\\\/\\\/noticiasmercedinas.com\\\/site\\\/2026\\\/01\\\/13\\\/asociacion-medica-de-mercedes-anuncia-la-apertura-de-inscripciones-2026-para-el-instituto-superior-femeba\\\/#primaryimage\"},\"thumbnailUrl\":\"https:\\\/\\\/noticiasmercedinas.com\\\/site\\\/wp-content\\\/uploads\\\/2026\\\/01\\\/femeba1.jpg\",\"keywords\":[\"amm\",\"asociacion medica\",\"femeba\",\"Instituto Superior FEMEBA\"],\"articleSection\":[\"Educacion\"],\"inLanguage\":\"es\"},{\"@type\":\"WebPage\",\"@id\":\"https:\\\/\\\/noticiasmercedinas.com\\\/site\\\/2026\\\/01\\\/13\\\/asociacion-medica-de-mercedes-anuncia-la-apertura-de-inscripciones-2026-para-el-instituto-superior-femeba\\\/\",\"url\":\"https:\\\/\\\/noticiasmercedinas.com\\\/site\\\/2026\\\/01\\\/13\\\/asociacion-medica-de-mercedes-anuncia-la-apertura-de-inscripciones-2026-para-el-instituto-superior-femeba\\\/\",\"name\":\"Asociaci\u00f3n M\u00e9dica de Mercedes anuncia la apertura de inscripciones 2026 para el Instituto Superior FEMEBA\",\"isPartOf\":{\"@id\":\"https:\\\/\\\/noticiasmercedinas.com\\\/site\\\/#website\"},\"primaryImageOfPage\":{\"@id\":\"https:\\\/\\\/noticiasmercedinas.com\\\/site\\\/2026\\\/01\\\/13\\\/asociacion-medica-de-mercedes-anuncia-la-apertura-de-inscripciones-2026-para-el-instituto-superior-femeba\\\/#primaryimage\"},\"image\":{\"@id\":\"https:\\\/\\\/noticiasmercedinas.com\\\/site\\\/2026\\\/01\\\/13\\\/asociacion-medica-de-mercedes-anuncia-la-apertura-de-inscripciones-2026-para-el-instituto-superior-femeba\\\/#primaryimage\"},\"thumbnailUrl\":\"https:\\\/\\\/noticiasmercedinas.com\\\/site\\\/wp-content\\\/uploads\\\/2026\\\/01\\\/femeba1.jpg\",\"datePublished\":\"2026-01-13T21:15:45+00:00\",\"description\":\"\u25a0 La oferta acad\u00e9mica incluye tecnicaturas superiores y especializaciones en \u00e1reas cr\u00edticas de salud, con t\u00edtulos oficiales de validez nacional y un fuerte enfoque en simulaci\u00f3n cl\u00ednica.\",\"breadcrumb\":{\"@id\":\"https:\\\/\\\/noticiasmercedinas.com\\\/site\\\/2026\\\/01\\\/13\\\/asociacion-medica-de-mercedes-anuncia-la-apertura-de-inscripciones-2026-para-el-instituto-superior-femeba\\\/#breadcrumb\"},\"inLanguage\":\"es\",\"potentialAction\":[{\"@type\":\"ReadAction\",\"target\":[\"https:\\\/\\\/noticiasmercedinas.com\\\/site\\\/2026\\\/01\\\/13\\\/asociacion-medica-de-mercedes-anuncia-la-apertura-de-inscripciones-2026-para-el-instituto-superior-femeba\\\/\"]}]},{\"@type\":\"ImageObject\",\"inLanguage\":\"es\",\"@id\":\"https:\\\/\\\/noticiasmercedinas.com\\\/site\\\/2026\\\/01\\\/13\\\/asociacion-medica-de-mercedes-anuncia-la-apertura-de-inscripciones-2026-para-el-instituto-superior-femeba\\\/#primaryimage\",\"url\":\"https:\\\/\\\/noticiasmercedinas.com\\\/site\\\/wp-content\\\/uploads\\\/2026\\\/01\\\/femeba1.jpg\",\"contentUrl\":\"https:\\\/\\\/noticiasmercedinas.com\\\/site\\\/wp-content\\\/uploads\\\/2026\\\/01\\\/femeba1.jpg\",\"width\":640,\"height\":400},{\"@type\":\"BreadcrumbList\",\"@id\":\"https:\\\/\\\/noticiasmercedinas.com\\\/site\\\/2026\\\/01\\\/13\\\/asociacion-medica-de-mercedes-anuncia-la-apertura-de-inscripciones-2026-para-el-instituto-superior-femeba\\\/#breadcrumb\",\"itemListElement\":[{\"@type\":\"ListItem\",\"position\":1,\"name\":\"Portada\",\"item\":\"https:\\\/\\\/noticiasmercedinas.com\\\/site\\\/\"},{\"@type\":\"ListItem\",\"position\":2,\"name\":\"Asociaci\u00f3n M\u00e9dica de Mercedes anuncia la apertura de inscripciones 2026 para el Instituto Superior FEMEBA\"}]},{\"@type\":\"WebSite\",\"@id\":\"https:\\\/\\\/noticiasmercedinas.com\\\/site\\\/#website\",\"url\":\"https:\\\/\\\/noticiasmercedinas.com\\\/site\\\/\",\"name\":\"NOTICIASMERCEDINAS.COM\",\"description\":\"Mercedes, Buenos Aires, Argentina\",\"publisher\":{\"@id\":\"https:\\\/\\\/noticiasmercedinas.com\\\/site\\\/#organization\"},\"potentialAction\":[{\"@type\":\"SearchAction\",\"target\":{\"@type\":\"EntryPoint\",\"urlTemplate\":\"https:\\\/\\\/noticiasmercedinas.com\\\/site\\\/?s={search_term_string}\"},\"query-input\":{\"@type\":\"PropertyValueSpecification\",\"valueRequired\":true,\"valueName\":\"search_term_string\"}}],\"inLanguage\":\"es\"},{\"@type\":\"Organization\",\"@id\":\"https:\\\/\\\/noticiasmercedinas.com\\\/site\\\/#organization\",\"name\":\"NOTICIASMERCEDINAS.COM\",\"url\":\"https:\\\/\\\/noticiasmercedinas.com\\\/site\\\/\",\"logo\":{\"@type\":\"ImageObject\",\"inLanguage\":\"es\",\"@id\":\"https:\\\/\\\/noticiasmercedinas.com\\\/site\\\/#\\\/schema\\\/logo\\\/image\\\/\",\"url\":\"https:\\\/\\\/noticiasmercedinas.com\\\/site\\\/wp-content\\\/uploads\\\/2020\\\/06\\\/LOGO-512.jpg\",\"contentUrl\":\"https:\\\/\\\/noticiasmercedinas.com\\\/site\\\/wp-content\\\/uploads\\\/2020\\\/06\\\/LOGO-512.jpg\",\"width\":512,\"height\":512,\"caption\":\"NOTICIASMERCEDINAS.COM\"},\"image\":{\"@id\":\"https:\\\/\\\/noticiasmercedinas.com\\\/site\\\/#\\\/schema\\\/logo\\\/image\\\/\"},\"sameAs\":[\"https:\\\/\\\/www.facebook.com\\\/noticiasmercedinas\\\/\",\"https:\\\/\\\/x.com\\\/notmercedinas\",\"https:\\\/\\\/www.instagram.com\\\/noticiasmercedinas\\\/\"]},{\"@type\":\"Person\",\"@id\":\"https:\\\/\\\/noticiasmercedinas.com\\\/site\\\/#\\\/schema\\\/person\\\/84b59c099c28ff2e8b77d4ceec5d8063\",\"name\":\"NOTICIASMERCEDINAS.COM\",\"image\":{\"@type\":\"ImageObject\",\"inLanguage\":\"es\",\"@id\":\"https:\\\/\\\/secure.gravatar.com\\\/avatar\\\/4dfbf16b4d17945bfb6341b2d19043457132fcf478a5ee04f42e959fd8f5df0a?s=96&d=mm&r=g\",\"url\":\"https:\\\/\\\/secure.gravatar.com\\\/avatar\\\/4dfbf16b4d17945bfb6341b2d19043457132fcf478a5ee04f42e959fd8f5df0a?s=96&d=mm&r=g\",\"contentUrl\":\"https:\\\/\\\/secure.gravatar.com\\\/avatar\\\/4dfbf16b4d17945bfb6341b2d19043457132fcf478a5ee04f42e959fd8f5df0a?s=96&d=mm&r=g\",\"caption\":\"NOTICIASMERCEDINAS.COM\"},\"url\":\"https:\\\/\\\/noticiasmercedinas.com\\\/site\\\/author\\\/anonimo\\\/\"}]}<\/script>\n<!-- \/ Yoast SEO plugin. -->","yoast_head_json":{"title":"Asociaci\u00f3n M\u00e9dica de Mercedes anuncia la apertura de inscripciones 2026 para el Instituto Superior FEMEBA","description":"\u25a0 La oferta acad\u00e9mica incluye tecnicaturas superiores y especializaciones en \u00e1reas cr\u00edticas de salud, con t\u00edtulos oficiales de validez nacional y un fuerte enfoque en simulaci\u00f3n cl\u00ednica.","robots":{"index":"index","follow":"follow","max-snippet":"max-snippet:-1","max-image-preview":"max-image-preview:large","max-video-preview":"max-video-preview:-1"},"canonical":"https:\/\/noticiasmercedinas.com\/site\/2026\/01\/13\/asociacion-medica-de-mercedes-anuncia-la-apertura-de-inscripciones-2026-para-el-instituto-superior-femeba\/","og_locale":"es_ES","og_type":"article","og_title":"Asociaci\u00f3n M\u00e9dica de Mercedes anuncia la apertura de inscripciones 2026 para el Instituto Superior FEMEBA","og_description":"\u25a0 La oferta acad\u00e9mica incluye tecnicaturas superiores y especializaciones en \u00e1reas cr\u00edticas de salud, con t\u00edtulos oficiales de validez nacional y un fuerte enfoque en simulaci\u00f3n cl\u00ednica.","og_url":"https:\/\/noticiasmercedinas.com\/site\/2026\/01\/13\/asociacion-medica-de-mercedes-anuncia-la-apertura-de-inscripciones-2026-para-el-instituto-superior-femeba\/","og_site_name":"NOTICIASMERCEDINAS.COM","article_publisher":"https:\/\/www.facebook.com\/noticiasmercedinas\/","article_published_time":"2026-01-13T21:15:45+00:00","og_image":[{"width":640,"height":400,"url":"https:\/\/noticiasmercedinas.com\/site\/wp-content\/uploads\/2026\/01\/femeba1.jpg","type":"image\/jpeg"}],"author":"NOTICIASMERCEDINAS.COM","twitter_card":"summary_large_image","twitter_creator":"@notmercedinas","twitter_site":"@notmercedinas","twitter_misc":{"Escrito por":"NOTICIASMERCEDINAS.COM","Tiempo de lectura":"2 minutos"},"schema":{"@context":"https:\/\/schema.org","@graph":[{"@type":"Article","@id":"https:\/\/noticiasmercedinas.com\/site\/2026\/01\/13\/asociacion-medica-de-mercedes-anuncia-la-apertura-de-inscripciones-2026-para-el-instituto-superior-femeba\/#article","isPartOf":{"@id":"https:\/\/noticiasmercedinas.com\/site\/2026\/01\/13\/asociacion-medica-de-mercedes-anuncia-la-apertura-de-inscripciones-2026-para-el-instituto-superior-femeba\/"},"author":{"name":"NOTICIASMERCEDINAS.COM","@id":"https:\/\/noticiasmercedinas.com\/site\/#\/schema\/person\/84b59c099c28ff2e8b77d4ceec5d8063"},"headline":"Asociaci\u00f3n M\u00e9dica de Mercedes anuncia la apertura de inscripciones 2026 para el Instituto Superior FEMEBA","datePublished":"2026-01-13T21:15:45+00:00","mainEntityOfPage":{"@id":"https:\/\/noticiasmercedinas.com\/site\/2026\/01\/13\/asociacion-medica-de-mercedes-anuncia-la-apertura-de-inscripciones-2026-para-el-instituto-superior-femeba\/"},"wordCount":251,"publisher":{"@id":"https:\/\/noticiasmercedinas.com\/site\/#organization"},"image":{"@id":"https:\/\/noticiasmercedinas.com\/site\/2026\/01\/13\/asociacion-medica-de-mercedes-anuncia-la-apertura-de-inscripciones-2026-para-el-instituto-superior-femeba\/#primaryimage"},"thumbnailUrl":"https:\/\/noticiasmercedinas.com\/site\/wp-content\/uploads\/2026\/01\/femeba1.jpg","keywords":["amm","asociacion medica","femeba","Instituto Superior FEMEBA"],"articleSection":["Educacion"],"inLanguage":"es"},{"@type":"WebPage","@id":"https:\/\/noticiasmercedinas.com\/site\/2026\/01\/13\/asociacion-medica-de-mercedes-anuncia-la-apertura-de-inscripciones-2026-para-el-instituto-superior-femeba\/","url":"https:\/\/noticiasmercedinas.com\/site\/2026\/01\/13\/asociacion-medica-de-mercedes-anuncia-la-apertura-de-inscripciones-2026-para-el-instituto-superior-femeba\/","name":"Asociaci\u00f3n M\u00e9dica de Mercedes anuncia la apertura de inscripciones 2026 para el Instituto Superior FEMEBA","isPartOf":{"@id":"https:\/\/noticiasmercedinas.com\/site\/#website"},"primaryImageOfPage":{"@id":"https:\/\/noticiasmercedinas.com\/site\/2026\/01\/13\/asociacion-medica-de-mercedes-anuncia-la-apertura-de-inscripciones-2026-para-el-instituto-superior-femeba\/#primaryimage"},"image":{"@id":"https:\/\/noticiasmercedinas.com\/site\/2026\/01\/13\/asociacion-medica-de-mercedes-anuncia-la-apertura-de-inscripciones-2026-para-el-instituto-superior-femeba\/#primaryimage"},"thumbnailUrl":"https:\/\/noticiasmercedinas.com\/site\/wp-content\/uploads\/2026\/01\/femeba1.jpg","datePublished":"2026-01-13T21:15:45+00:00","description":"\u25a0 La oferta acad\u00e9mica incluye tecnicaturas superiores y especializaciones en \u00e1reas cr\u00edticas de salud, con t\u00edtulos oficiales de validez nacional y un fuerte enfoque en simulaci\u00f3n cl\u00ednica.","breadcrumb":{"@id":"https:\/\/noticiasmercedinas.com\/site\/2026\/01\/13\/asociacion-medica-de-mercedes-anuncia-la-apertura-de-inscripciones-2026-para-el-instituto-superior-femeba\/#breadcrumb"},"inLanguage":"es","potentialAction":[{"@type":"ReadAction","target":["https:\/\/noticiasmercedinas.com\/site\/2026\/01\/13\/asociacion-medica-de-mercedes-anuncia-la-apertura-de-inscripciones-2026-para-el-instituto-superior-femeba\/"]}]},{"@type":"ImageObject","inLanguage":"es","@id":"https:\/\/noticiasmercedinas.com\/site\/2026\/01\/13\/asociacion-medica-de-mercedes-anuncia-la-apertura-de-inscripciones-2026-para-el-instituto-superior-femeba\/#primaryimage","url":"https:\/\/noticiasmercedinas.com\/site\/wp-content\/uploads\/2026\/01\/femeba1.jpg","contentUrl":"https:\/\/noticiasmercedinas.com\/site\/wp-content\/uploads\/2026\/01\/femeba1.jpg","width":640,"height":400},{"@type":"BreadcrumbList","@id":"https:\/\/noticiasmercedinas.com\/site\/2026\/01\/13\/asociacion-medica-de-mercedes-anuncia-la-apertura-de-inscripciones-2026-para-el-instituto-superior-femeba\/#breadcrumb","itemListElement":[{"@type":"ListItem","position":1,"name":"Portada","item":"https:\/\/noticiasmercedinas.com\/site\/"},{"@type":"ListItem","position":2,"name":"Asociaci\u00f3n M\u00e9dica de Mercedes anuncia la apertura de inscripciones 2026 para el Instituto Superior FEMEBA"}]},{"@type":"WebSite","@id":"https:\/\/noticiasmercedinas.com\/site\/#website","url":"https:\/\/noticiasmercedinas.com\/site\/","name":"NOTICIASMERCEDINAS.COM","description":"Mercedes, Buenos Aires, Argentina","publisher":{"@id":"https:\/\/noticiasmercedinas.com\/site\/#organization"},"potentialAction":[{"@type":"SearchAction","target":{"@type":"EntryPoint","urlTemplate":"https:\/\/noticiasmercedinas.com\/site\/?s={search_term_string}"},"query-input":{"@type":"PropertyValueSpecification","valueRequired":true,"valueName":"search_term_string"}}],"inLanguage":"es"},{"@type":"Organization","@id":"https:\/\/noticiasmercedinas.com\/site\/#organization","name":"NOTICIASMERCEDINAS.COM","url":"https:\/\/noticiasmercedinas.com\/site\/","logo":{"@type":"ImageObject","inLanguage":"es","@id":"https:\/\/noticiasmercedinas.com\/site\/#\/schema\/logo\/image\/","url":"https:\/\/noticiasmercedinas.com\/site\/wp-content\/uploads\/2020\/06\/LOGO-512.jpg","contentUrl":"https:\/\/noticiasmercedinas.com\/site\/wp-content\/uploads\/2020\/06\/LOGO-512.jpg","width":512,"height":512,"caption":"NOTICIASMERCEDINAS.COM"},"image":{"@id":"https:\/\/noticiasmercedinas.com\/site\/#\/schema\/logo\/image\/"},"sameAs":["https:\/\/www.facebook.com\/noticiasmercedinas\/","https:\/\/x.com\/notmercedinas","https:\/\/www.instagram.com\/noticiasmercedinas\/"]},{"@type":"Person","@id":"https:\/\/noticiasmercedinas.com\/site\/#\/schema\/person\/84b59c099c28ff2e8b77d4ceec5d8063","name":"NOTICIASMERCEDINAS.COM","image":{"@type":"ImageObject","inLanguage":"es","@id":"https:\/\/secure.gravatar.com\/avatar\/4dfbf16b4d17945bfb6341b2d19043457132fcf478a5ee04f42e959fd8f5df0a?s=96&d=mm&r=g","url":"https:\/\/secure.gravatar.com\/avatar\/4dfbf16b4d17945bfb6341b2d19043457132fcf478a5ee04f42e959fd8f5df0a?s=96&d=mm&r=g","contentUrl":"https:\/\/secure.gravatar.com\/avatar\/4dfbf16b4d17945bfb6341b2d19043457132fcf478a5ee04f42e959fd8f5df0a?s=96&d=mm&r=g","caption":"NOTICIASMERCEDINAS.COM"},"url":"https:\/\/noticiasmercedinas.com\/site\/author\/anonimo\/"}]}},"amp_enabled":true,"_links":{"self":[{"href":"https:\/\/noticiasmercedinas.com\/site\/wp-json\/wp\/v2\/posts\/178478","targetHints":{"allow":["GET"]}}],"collection":[{"href":"https:\/\/noticiasmercedinas.com\/site\/wp-json\/wp\/v2\/posts"}],"about":[{"href":"https:\/\/noticiasmercedinas.com\/site\/wp-json\/wp\/v2\/types\/post"}],"author":[{"embeddable":true,"href":"https:\/\/noticiasmercedinas.com\/site\/wp-json\/wp\/v2\/users\/16"}],"replies":[{"embeddable":true,"href":"https:\/\/noticiasmercedinas.com\/site\/wp-json\/wp\/v2\/comments?post=178478"}],"version-history":[{"count":1,"href":"https:\/\/noticiasmercedinas.com\/site\/wp-json\/wp\/v2\/posts\/178478\/revisions"}],"predecessor-version":[{"id":178480,"href":"https:\/\/noticiasmercedinas.com\/site\/wp-json\/wp\/v2\/posts\/178478\/revisions\/178480"}],"wp:featuredmedia":[{"embeddable":true,"href":"https:\/\/noticiasmercedinas.com\/site\/wp-json\/wp\/v2\/media\/178479"}],"wp:attachment":[{"href":"https:\/\/noticiasmercedinas.com\/site\/wp-json\/wp\/v2\/media?parent=178478"}],"wp:term":[{"taxonomy":"category","embeddable":true,"href":"https:\/\/noticiasmercedinas.com\/site\/wp-json\/wp\/v2\/categories?post=178478"},{"taxonomy":"post_tag","embeddable":true,"href":"https:\/\/noticiasmercedinas.com\/site\/wp-json\/wp\/v2\/tags?post=178478"}],"curies":[{"name":"wp","href":"https:\/\/api.w.org\/{rel}","templated":true}]}}