{"id":178542,"date":"2026-01-14T18:32:25","date_gmt":"2026-01-14T21:32:25","guid":{"rendered":"https:\/\/noticiasmercedinas.com\/site\/?p=178542"},"modified":"2026-01-14T18:32:25","modified_gmt":"2026-01-14T21:32:25","slug":"mallas-verano-2026-calidad-premium-y-precios-imbatibles-en-emotiva","status":"publish","type":"post","link":"https:\/\/noticiasmercedinas.com\/site\/2026\/01\/14\/mallas-verano-2026-calidad-premium-y-precios-imbatibles-en-emotiva\/","title":{"rendered":"Mallas verano 2026: calidad premium y precios imbatibles en Emotiva"},"content":{"rendered":"<p data-path-to-node=\"4\"><img loading=\"lazy\" decoding=\"async\" class=\"alignnone size-full wp-image-178543\" src=\"https:\/\/noticiasmercedinas.com\/site\/wp-content\/uploads\/2026\/01\/EMO.jpg\" alt=\"\" width=\"664\" height=\"390\" srcset=\"https:\/\/noticiasmercedinas.com\/site\/wp-content\/uploads\/2026\/01\/EMO.jpg 664w, https:\/\/noticiasmercedinas.com\/site\/wp-content\/uploads\/2026\/01\/EMO-300x176.jpg 300w, https:\/\/noticiasmercedinas.com\/site\/wp-content\/uploads\/2026\/01\/EMO-640x376.jpg 640w\" sizes=\"auto, (max-width: 664px) 100vw, 664px\" \/><\/p>\n<p data-path-to-node=\"4\">Encontrar la malla ideal suele ser un desaf\u00edo, pero este verano la respuesta de las mercedinas es un\u00e1nime: <b data-path-to-node=\"4\" data-index-in-node=\"118\">Emotiva<\/b>, un nombre de un negocio de trayectoria ubicado en calle 23 casi esquina 28 que se repite a\u00f1o tras a\u00f1o.<\/p>\n<p data-path-to-node=\"4\">La tienda de lencer\u00eda y ropa deportiva ha logrado lo que pocas: equilibrar una <b data-path-to-node=\"4\" data-index-in-node=\"206\">calidad de excelencia con precios competitivos y promociones<\/b> que cuidan el bolsillo, convirti\u00e9ndose en el epicentro de la moda veraniega local, con mallas en dos piezas o enterizas que son lo m\u00e1s.<\/p>\n<blockquote>\n<p data-path-to-node=\"3\">Con una propuesta que combina dise\u00f1o exclusivo, talles reales para todas las edades y la mejor atenci\u00f3n personalizada, Emotiva se consagra como la tienda favorita de la temporada, un a\u00f1o m\u00e1s.<\/p>\n<\/blockquote>\n<h3 data-path-to-node=\"5\">Para todos los cuerpos y edades<\/h3>\n<p data-path-to-node=\"6\">Bajo la calidez y el asesoramiento experto de Ivana, su due\u00f1a, Emotiva rompe con los est\u00e1ndares r\u00edgidos de la moda ofreciendo una curva de talles que abraza la diversidad.<\/p>\n<p data-path-to-node=\"6\">Desde opciones para nenas y adolescentes hasta talles especiales, la inclusi\u00f3n es la marca registrada del local.<\/p>\n<p data-path-to-node=\"6\"><img loading=\"lazy\" decoding=\"async\" class=\"alignnone size-full wp-image-176793\" src=\"https:\/\/noticiasmercedinas.com\/site\/wp-content\/uploads\/2025\/12\/EMOT09.jpg\" alt=\"\" width=\"640\" height=\"410\" srcset=\"https:\/\/noticiasmercedinas.com\/site\/wp-content\/uploads\/2025\/12\/EMOT09.jpg 640w, https:\/\/noticiasmercedinas.com\/site\/wp-content\/uploads\/2025\/12\/EMOT09-300x192.jpg 300w\" sizes=\"auto, (max-width: 640px) 100vw, 640px\" \/><\/p>\n<p data-path-to-node=\"7,0,0\"><b data-path-to-node=\"7,0,0\" data-index-in-node=\"0\">Enterizas by Dolc\u00edsima:<\/b> Un verdadero \u00absue\u00f1o\u00bb para quienes buscan confort y elegancia. Dise\u00f1adas para cuerpos reales, est\u00e1n disponibles del <b data-path-to-node=\"7,0,0\" data-index-in-node=\"139\">talle 3 al 6<\/b>, garantizando un calce perfecto sin renunciar al estilo.<\/p>\n<p data-path-to-node=\"7,1,0\"><b data-path-to-node=\"7,1,0\" data-index-in-node=\"0\">Bikinis Garden by Sunsea:<\/b> La frescura de la temporada en talles del <b data-path-to-node=\"7,1,0\" data-index-in-node=\"68\">1 al 4<\/b>.<\/p>\n<p data-path-to-node=\"7,2,0\"><b data-path-to-node=\"7,2,0\" data-index-in-node=\"0\">El \u00abFuror\u00bb del verano:<\/b> Los modelos <b data-path-to-node=\"7,2,0\" data-index-in-node=\"35\">colaless y medialess<\/b> son los m\u00e1s pedidos, destac\u00e1ndose por sus texturas y durabilidad.<\/p>\n<p data-path-to-node=\"7,2,0\"><strong>Armados:<\/strong> Una de las grandes novedades de esta temporada es la posibilidad de <b>armar las bikinis de dos piezas<\/b> para ni\u00f1as. Al igual que se aplica en la l\u00ednea de adultos, las clientas pueden elegir y combinar las partes.<\/p>\n<h3 data-path-to-node=\"8\">M\u00e1s que una compra, una experiencia<\/h3>\n<p data-path-to-node=\"9\">En tiempos de virtualidad extrema y formularios impersonales, Emotiva invita a recuperar el placer de la <b data-path-to-node=\"9\" data-index-in-node=\"105\">compra presencial<\/b>.<\/p>\n<p data-path-to-node=\"9\">Su exclusivo sal\u00f3n de ventas de <b data-path-to-node=\"9\" data-index-in-node=\"156\">dos niveles<\/b> permite a las clientas ver los colores reales, sentir la suavidad de las telas y probarse las prendas con tranquilidad.<\/p>\n<p data-path-to-node=\"10\">Con buena m\u00fasica, un ambiente distendido y a\u00f1os de trayectoria conociendo los gustos de la comunidad, el local no solo vende productos, sino confianza.<\/p>\n<p data-path-to-node=\"10\">\u00abEn Emotiva hay emoci\u00f3n y calidad humana\u00bb, destacan sus clientas frecuentes, quienes valoran el tiempo y la dedicaci\u00f3n para encontrar esa prenda que las haga sentir c\u00f3modas y seguras.<\/p>\n<p data-path-to-node=\"13\">Emotiva ofrece diversas facilidades de pago para sus clientes:<\/p>\n<p data-path-to-node=\"14,0,0\"><b>Descuento:<\/b>\u00a0Pago en\u00a0<b>efectivo y transferencia<\/b>.<\/p>\n<p data-path-to-node=\"14,1,0\"><b>Tarjetas y Cuotas:<\/b>\u00a0Se puede abonar con d\u00e9bito o cr\u00e9dito, incluyendo\u00a0<b>planes de cuotas sin inter\u00e9s<\/b>\u00a0con Banco de la Pampa, Santander, y sistemas de cr\u00e9dito F\u00e9rtil y Fullcard.<\/p>\n<p data-path-to-node=\"15\">La tienda, ubicada en 23 casi esquina 28, recuerda que hay\u00a0<b>promociones disponibles todos los d\u00edas<\/b>\u00a0para aprovechar.<\/p>\n<p data-path-to-node=\"15\">Para m\u00e1s detalles sobre modelos y promociones, se puede visitar la cuenta de Instagram:\u00a0<a href=\"https:\/\/www.instagram.com\/ivanaemotiva\"><i>@ivanaemotiva<\/i><\/a>.<\/p>\n<p data-path-to-node=\"15\"><img loading=\"lazy\" decoding=\"async\" class=\"alignnone size-full wp-image-178544\" src=\"https:\/\/noticiasmercedinas.com\/site\/wp-content\/uploads\/2026\/01\/bikinis2.jpg\" alt=\"\" width=\"640\" height=\"890\" srcset=\"https:\/\/noticiasmercedinas.com\/site\/wp-content\/uploads\/2026\/01\/bikinis2.jpg 640w, https:\/\/noticiasmercedinas.com\/site\/wp-content\/uploads\/2026\/01\/bikinis2-216x300.jpg 216w\" sizes=\"auto, (max-width: 640px) 100vw, 640px\" \/><\/p>\n","protected":false},"excerpt":{"rendered":"<p>Encontrar la malla ideal suele ser un desaf\u00edo, pero este verano la respuesta de las mercedinas es un\u00e1nime: Emotiva, un nombre de un negocio de trayectoria ubicado en calle 23 casi esquina 28 que se repite a\u00f1o tras a\u00f1o. La tienda de lencer\u00eda y ropa deportiva ha logrado lo que pocas: equilibrar una calidad de [&hellip;]<\/p>\n","protected":false},"author":16,"featured_media":178543,"comment_status":"closed","ping_status":"closed","sticky":false,"template":"","format":"standard","meta":{"footnotes":""},"categories":[74],"tags":[1356,5387,1361,1355,1353,603],"class_list":["post-178542","post","type-post","status-publish","format-standard","has-post-thumbnail","hentry","category-emprendimientos","tag-emotiva","tag-ivana-peinado","tag-mallas","tag-ropa-deportiva","tag-ropa-interior","tag-verano"],"yoast_head":"<!-- This site is optimized with the Yoast SEO plugin v28.3 - https:\/\/yoast.com\/product\/yoast-seo-wordpress\/ -->\n<title>Mallas verano 2026: calidad premium y precios imbatibles en Emotiva<\/title>\n<meta name=\"description\" content=\"Con una propuesta que combina dise\u00f1o exclusivo, talles reales para todas las edades y la mejor atenci\u00f3n personalizada, Emotiva se consagra como la tienda favorita de la temporada, un a\u00f1o m\u00e1s\" \/>\n<meta name=\"robots\" content=\"index, follow, max-snippet:-1, max-image-preview:large, max-video-preview:-1\" \/>\n<link rel=\"canonical\" href=\"https:\/\/noticiasmercedinas.com\/site\/2026\/01\/14\/mallas-verano-2026-calidad-premium-y-precios-imbatibles-en-emotiva\/\" \/>\n<meta property=\"og:locale\" content=\"es_ES\" \/>\n<meta property=\"og:type\" content=\"article\" \/>\n<meta property=\"og:title\" content=\"Mallas verano 2026: calidad premium y precios imbatibles en Emotiva\" \/>\n<meta property=\"og:description\" content=\"Con una propuesta que combina dise\u00f1o exclusivo, talles reales para todas las edades y la mejor atenci\u00f3n personalizada, Emotiva se consagra como la tienda favorita de la temporada, un a\u00f1o m\u00e1s\" \/>\n<meta property=\"og:url\" content=\"https:\/\/noticiasmercedinas.com\/site\/2026\/01\/14\/mallas-verano-2026-calidad-premium-y-precios-imbatibles-en-emotiva\/\" \/>\n<meta property=\"og:site_name\" content=\"NOTICIASMERCEDINAS.COM\" \/>\n<meta property=\"article:publisher\" content=\"https:\/\/www.facebook.com\/noticiasmercedinas\/\" \/>\n<meta property=\"article:published_time\" content=\"2026-01-14T21:32:25+00:00\" \/>\n<meta property=\"og:image\" content=\"https:\/\/noticiasmercedinas.com\/site\/wp-content\/uploads\/2026\/01\/EMO.jpg\" \/>\n\t<meta property=\"og:image:width\" content=\"664\" \/>\n\t<meta property=\"og:image:height\" content=\"390\" \/>\n\t<meta property=\"og:image:type\" content=\"image\/jpeg\" \/>\n<meta name=\"author\" content=\"NOTICIASMERCEDINAS.COM\" \/>\n<meta name=\"twitter:card\" content=\"summary_large_image\" \/>\n<meta name=\"twitter:creator\" content=\"@notmercedinas\" \/>\n<meta name=\"twitter:site\" content=\"@notmercedinas\" \/>\n<meta name=\"twitter:label1\" content=\"Escrito por\" \/>\n\t<meta name=\"twitter:data1\" content=\"NOTICIASMERCEDINAS.COM\" \/>\n\t<meta name=\"twitter:label2\" content=\"Tiempo de lectura\" \/>\n\t<meta name=\"twitter:data2\" content=\"3 minutos\" \/>\n<script type=\"application\/ld+json\" class=\"yoast-schema-graph\">{\"@context\":\"https:\\\/\\\/schema.org\",\"@graph\":[{\"@type\":\"Article\",\"@id\":\"https:\\\/\\\/noticiasmercedinas.com\\\/site\\\/2026\\\/01\\\/14\\\/mallas-verano-2026-calidad-premium-y-precios-imbatibles-en-emotiva\\\/#article\",\"isPartOf\":{\"@id\":\"https:\\\/\\\/noticiasmercedinas.com\\\/site\\\/2026\\\/01\\\/14\\\/mallas-verano-2026-calidad-premium-y-precios-imbatibles-en-emotiva\\\/\"},\"author\":{\"name\":\"NOTICIASMERCEDINAS.COM\",\"@id\":\"https:\\\/\\\/noticiasmercedinas.com\\\/site\\\/#\\\/schema\\\/person\\\/84b59c099c28ff2e8b77d4ceec5d8063\"},\"headline\":\"Mallas verano 2026: calidad premium y precios imbatibles en Emotiva\",\"datePublished\":\"2026-01-14T21:32:25+00:00\",\"mainEntityOfPage\":{\"@id\":\"https:\\\/\\\/noticiasmercedinas.com\\\/site\\\/2026\\\/01\\\/14\\\/mallas-verano-2026-calidad-premium-y-precios-imbatibles-en-emotiva\\\/\"},\"wordCount\":492,\"publisher\":{\"@id\":\"https:\\\/\\\/noticiasmercedinas.com\\\/site\\\/#organization\"},\"image\":{\"@id\":\"https:\\\/\\\/noticiasmercedinas.com\\\/site\\\/2026\\\/01\\\/14\\\/mallas-verano-2026-calidad-premium-y-precios-imbatibles-en-emotiva\\\/#primaryimage\"},\"thumbnailUrl\":\"https:\\\/\\\/noticiasmercedinas.com\\\/site\\\/wp-content\\\/uploads\\\/2026\\\/01\\\/EMO.jpg\",\"keywords\":[\"emotiva\",\"ivana peinado\",\"mallas\",\"ropa deportiva\",\"ropa interior\",\"verano\"],\"articleSection\":[\"Emprendimientos\"],\"inLanguage\":\"es\"},{\"@type\":\"WebPage\",\"@id\":\"https:\\\/\\\/noticiasmercedinas.com\\\/site\\\/2026\\\/01\\\/14\\\/mallas-verano-2026-calidad-premium-y-precios-imbatibles-en-emotiva\\\/\",\"url\":\"https:\\\/\\\/noticiasmercedinas.com\\\/site\\\/2026\\\/01\\\/14\\\/mallas-verano-2026-calidad-premium-y-precios-imbatibles-en-emotiva\\\/\",\"name\":\"Mallas verano 2026: calidad premium y precios imbatibles en Emotiva\",\"isPartOf\":{\"@id\":\"https:\\\/\\\/noticiasmercedinas.com\\\/site\\\/#website\"},\"primaryImageOfPage\":{\"@id\":\"https:\\\/\\\/noticiasmercedinas.com\\\/site\\\/2026\\\/01\\\/14\\\/mallas-verano-2026-calidad-premium-y-precios-imbatibles-en-emotiva\\\/#primaryimage\"},\"image\":{\"@id\":\"https:\\\/\\\/noticiasmercedinas.com\\\/site\\\/2026\\\/01\\\/14\\\/mallas-verano-2026-calidad-premium-y-precios-imbatibles-en-emotiva\\\/#primaryimage\"},\"thumbnailUrl\":\"https:\\\/\\\/noticiasmercedinas.com\\\/site\\\/wp-content\\\/uploads\\\/2026\\\/01\\\/EMO.jpg\",\"datePublished\":\"2026-01-14T21:32:25+00:00\",\"description\":\"Con una propuesta que combina dise\u00f1o exclusivo, talles reales para todas las edades y la mejor atenci\u00f3n personalizada, Emotiva se consagra como la tienda favorita de la temporada, un a\u00f1o m\u00e1s\",\"breadcrumb\":{\"@id\":\"https:\\\/\\\/noticiasmercedinas.com\\\/site\\\/2026\\\/01\\\/14\\\/mallas-verano-2026-calidad-premium-y-precios-imbatibles-en-emotiva\\\/#breadcrumb\"},\"inLanguage\":\"es\",\"potentialAction\":[{\"@type\":\"ReadAction\",\"target\":[\"https:\\\/\\\/noticiasmercedinas.com\\\/site\\\/2026\\\/01\\\/14\\\/mallas-verano-2026-calidad-premium-y-precios-imbatibles-en-emotiva\\\/\"]}]},{\"@type\":\"ImageObject\",\"inLanguage\":\"es\",\"@id\":\"https:\\\/\\\/noticiasmercedinas.com\\\/site\\\/2026\\\/01\\\/14\\\/mallas-verano-2026-calidad-premium-y-precios-imbatibles-en-emotiva\\\/#primaryimage\",\"url\":\"https:\\\/\\\/noticiasmercedinas.com\\\/site\\\/wp-content\\\/uploads\\\/2026\\\/01\\\/EMO.jpg\",\"contentUrl\":\"https:\\\/\\\/noticiasmercedinas.com\\\/site\\\/wp-content\\\/uploads\\\/2026\\\/01\\\/EMO.jpg\",\"width\":664,\"height\":390},{\"@type\":\"BreadcrumbList\",\"@id\":\"https:\\\/\\\/noticiasmercedinas.com\\\/site\\\/2026\\\/01\\\/14\\\/mallas-verano-2026-calidad-premium-y-precios-imbatibles-en-emotiva\\\/#breadcrumb\",\"itemListElement\":[{\"@type\":\"ListItem\",\"position\":1,\"name\":\"Portada\",\"item\":\"https:\\\/\\\/noticiasmercedinas.com\\\/site\\\/\"},{\"@type\":\"ListItem\",\"position\":2,\"name\":\"Mallas verano 2026: calidad premium y precios imbatibles en Emotiva\"}]},{\"@type\":\"WebSite\",\"@id\":\"https:\\\/\\\/noticiasmercedinas.com\\\/site\\\/#website\",\"url\":\"https:\\\/\\\/noticiasmercedinas.com\\\/site\\\/\",\"name\":\"NOTICIASMERCEDINAS.COM\",\"description\":\"Mercedes, Buenos Aires, Argentina\",\"publisher\":{\"@id\":\"https:\\\/\\\/noticiasmercedinas.com\\\/site\\\/#organization\"},\"potentialAction\":[{\"@type\":\"SearchAction\",\"target\":{\"@type\":\"EntryPoint\",\"urlTemplate\":\"https:\\\/\\\/noticiasmercedinas.com\\\/site\\\/?s={search_term_string}\"},\"query-input\":{\"@type\":\"PropertyValueSpecification\",\"valueRequired\":true,\"valueName\":\"search_term_string\"}}],\"inLanguage\":\"es\"},{\"@type\":\"Organization\",\"@id\":\"https:\\\/\\\/noticiasmercedinas.com\\\/site\\\/#organization\",\"name\":\"NOTICIASMERCEDINAS.COM\",\"url\":\"https:\\\/\\\/noticiasmercedinas.com\\\/site\\\/\",\"logo\":{\"@type\":\"ImageObject\",\"inLanguage\":\"es\",\"@id\":\"https:\\\/\\\/noticiasmercedinas.com\\\/site\\\/#\\\/schema\\\/logo\\\/image\\\/\",\"url\":\"https:\\\/\\\/noticiasmercedinas.com\\\/site\\\/wp-content\\\/uploads\\\/2020\\\/06\\\/LOGO-512.jpg\",\"contentUrl\":\"https:\\\/\\\/noticiasmercedinas.com\\\/site\\\/wp-content\\\/uploads\\\/2020\\\/06\\\/LOGO-512.jpg\",\"width\":512,\"height\":512,\"caption\":\"NOTICIASMERCEDINAS.COM\"},\"image\":{\"@id\":\"https:\\\/\\\/noticiasmercedinas.com\\\/site\\\/#\\\/schema\\\/logo\\\/image\\\/\"},\"sameAs\":[\"https:\\\/\\\/www.facebook.com\\\/noticiasmercedinas\\\/\",\"https:\\\/\\\/x.com\\\/notmercedinas\",\"https:\\\/\\\/www.instagram.com\\\/noticiasmercedinas\\\/\"]},{\"@type\":\"Person\",\"@id\":\"https:\\\/\\\/noticiasmercedinas.com\\\/site\\\/#\\\/schema\\\/person\\\/84b59c099c28ff2e8b77d4ceec5d8063\",\"name\":\"NOTICIASMERCEDINAS.COM\",\"image\":{\"@type\":\"ImageObject\",\"inLanguage\":\"es\",\"@id\":\"https:\\\/\\\/secure.gravatar.com\\\/avatar\\\/4dfbf16b4d17945bfb6341b2d19043457132fcf478a5ee04f42e959fd8f5df0a?s=96&d=mm&r=g\",\"url\":\"https:\\\/\\\/secure.gravatar.com\\\/avatar\\\/4dfbf16b4d17945bfb6341b2d19043457132fcf478a5ee04f42e959fd8f5df0a?s=96&d=mm&r=g\",\"contentUrl\":\"https:\\\/\\\/secure.gravatar.com\\\/avatar\\\/4dfbf16b4d17945bfb6341b2d19043457132fcf478a5ee04f42e959fd8f5df0a?s=96&d=mm&r=g\",\"caption\":\"NOTICIASMERCEDINAS.COM\"},\"url\":\"https:\\\/\\\/noticiasmercedinas.com\\\/site\\\/author\\\/anonimo\\\/\"}]}<\/script>\n<!-- \/ Yoast SEO plugin. -->","yoast_head_json":{"title":"Mallas verano 2026: calidad premium y precios imbatibles en Emotiva","description":"Con una propuesta que combina dise\u00f1o exclusivo, talles reales para todas las edades y la mejor atenci\u00f3n personalizada, Emotiva se consagra como la tienda favorita de la temporada, un a\u00f1o m\u00e1s","robots":{"index":"index","follow":"follow","max-snippet":"max-snippet:-1","max-image-preview":"max-image-preview:large","max-video-preview":"max-video-preview:-1"},"canonical":"https:\/\/noticiasmercedinas.com\/site\/2026\/01\/14\/mallas-verano-2026-calidad-premium-y-precios-imbatibles-en-emotiva\/","og_locale":"es_ES","og_type":"article","og_title":"Mallas verano 2026: calidad premium y precios imbatibles en Emotiva","og_description":"Con una propuesta que combina dise\u00f1o exclusivo, talles reales para todas las edades y la mejor atenci\u00f3n personalizada, Emotiva se consagra como la tienda favorita de la temporada, un a\u00f1o m\u00e1s","og_url":"https:\/\/noticiasmercedinas.com\/site\/2026\/01\/14\/mallas-verano-2026-calidad-premium-y-precios-imbatibles-en-emotiva\/","og_site_name":"NOTICIASMERCEDINAS.COM","article_publisher":"https:\/\/www.facebook.com\/noticiasmercedinas\/","article_published_time":"2026-01-14T21:32:25+00:00","og_image":[{"width":664,"height":390,"url":"https:\/\/noticiasmercedinas.com\/site\/wp-content\/uploads\/2026\/01\/EMO.jpg","type":"image\/jpeg"}],"author":"NOTICIASMERCEDINAS.COM","twitter_card":"summary_large_image","twitter_creator":"@notmercedinas","twitter_site":"@notmercedinas","twitter_misc":{"Escrito por":"NOTICIASMERCEDINAS.COM","Tiempo de lectura":"3 minutos"},"schema":{"@context":"https:\/\/schema.org","@graph":[{"@type":"Article","@id":"https:\/\/noticiasmercedinas.com\/site\/2026\/01\/14\/mallas-verano-2026-calidad-premium-y-precios-imbatibles-en-emotiva\/#article","isPartOf":{"@id":"https:\/\/noticiasmercedinas.com\/site\/2026\/01\/14\/mallas-verano-2026-calidad-premium-y-precios-imbatibles-en-emotiva\/"},"author":{"name":"NOTICIASMERCEDINAS.COM","@id":"https:\/\/noticiasmercedinas.com\/site\/#\/schema\/person\/84b59c099c28ff2e8b77d4ceec5d8063"},"headline":"Mallas verano 2026: calidad premium y precios imbatibles en Emotiva","datePublished":"2026-01-14T21:32:25+00:00","mainEntityOfPage":{"@id":"https:\/\/noticiasmercedinas.com\/site\/2026\/01\/14\/mallas-verano-2026-calidad-premium-y-precios-imbatibles-en-emotiva\/"},"wordCount":492,"publisher":{"@id":"https:\/\/noticiasmercedinas.com\/site\/#organization"},"image":{"@id":"https:\/\/noticiasmercedinas.com\/site\/2026\/01\/14\/mallas-verano-2026-calidad-premium-y-precios-imbatibles-en-emotiva\/#primaryimage"},"thumbnailUrl":"https:\/\/noticiasmercedinas.com\/site\/wp-content\/uploads\/2026\/01\/EMO.jpg","keywords":["emotiva","ivana peinado","mallas","ropa deportiva","ropa interior","verano"],"articleSection":["Emprendimientos"],"inLanguage":"es"},{"@type":"WebPage","@id":"https:\/\/noticiasmercedinas.com\/site\/2026\/01\/14\/mallas-verano-2026-calidad-premium-y-precios-imbatibles-en-emotiva\/","url":"https:\/\/noticiasmercedinas.com\/site\/2026\/01\/14\/mallas-verano-2026-calidad-premium-y-precios-imbatibles-en-emotiva\/","name":"Mallas verano 2026: calidad premium y precios imbatibles en Emotiva","isPartOf":{"@id":"https:\/\/noticiasmercedinas.com\/site\/#website"},"primaryImageOfPage":{"@id":"https:\/\/noticiasmercedinas.com\/site\/2026\/01\/14\/mallas-verano-2026-calidad-premium-y-precios-imbatibles-en-emotiva\/#primaryimage"},"image":{"@id":"https:\/\/noticiasmercedinas.com\/site\/2026\/01\/14\/mallas-verano-2026-calidad-premium-y-precios-imbatibles-en-emotiva\/#primaryimage"},"thumbnailUrl":"https:\/\/noticiasmercedinas.com\/site\/wp-content\/uploads\/2026\/01\/EMO.jpg","datePublished":"2026-01-14T21:32:25+00:00","description":"Con una propuesta que combina dise\u00f1o exclusivo, talles reales para todas las edades y la mejor atenci\u00f3n personalizada, Emotiva se consagra como la tienda favorita de la temporada, un a\u00f1o m\u00e1s","breadcrumb":{"@id":"https:\/\/noticiasmercedinas.com\/site\/2026\/01\/14\/mallas-verano-2026-calidad-premium-y-precios-imbatibles-en-emotiva\/#breadcrumb"},"inLanguage":"es","potentialAction":[{"@type":"ReadAction","target":["https:\/\/noticiasmercedinas.com\/site\/2026\/01\/14\/mallas-verano-2026-calidad-premium-y-precios-imbatibles-en-emotiva\/"]}]},{"@type":"ImageObject","inLanguage":"es","@id":"https:\/\/noticiasmercedinas.com\/site\/2026\/01\/14\/mallas-verano-2026-calidad-premium-y-precios-imbatibles-en-emotiva\/#primaryimage","url":"https:\/\/noticiasmercedinas.com\/site\/wp-content\/uploads\/2026\/01\/EMO.jpg","contentUrl":"https:\/\/noticiasmercedinas.com\/site\/wp-content\/uploads\/2026\/01\/EMO.jpg","width":664,"height":390},{"@type":"BreadcrumbList","@id":"https:\/\/noticiasmercedinas.com\/site\/2026\/01\/14\/mallas-verano-2026-calidad-premium-y-precios-imbatibles-en-emotiva\/#breadcrumb","itemListElement":[{"@type":"ListItem","position":1,"name":"Portada","item":"https:\/\/noticiasmercedinas.com\/site\/"},{"@type":"ListItem","position":2,"name":"Mallas verano 2026: calidad premium y precios imbatibles en Emotiva"}]},{"@type":"WebSite","@id":"https:\/\/noticiasmercedinas.com\/site\/#website","url":"https:\/\/noticiasmercedinas.com\/site\/","name":"NOTICIASMERCEDINAS.COM","description":"Mercedes, Buenos Aires, Argentina","publisher":{"@id":"https:\/\/noticiasmercedinas.com\/site\/#organization"},"potentialAction":[{"@type":"SearchAction","target":{"@type":"EntryPoint","urlTemplate":"https:\/\/noticiasmercedinas.com\/site\/?s={search_term_string}"},"query-input":{"@type":"PropertyValueSpecification","valueRequired":true,"valueName":"search_term_string"}}],"inLanguage":"es"},{"@type":"Organization","@id":"https:\/\/noticiasmercedinas.com\/site\/#organization","name":"NOTICIASMERCEDINAS.COM","url":"https:\/\/noticiasmercedinas.com\/site\/","logo":{"@type":"ImageObject","inLanguage":"es","@id":"https:\/\/noticiasmercedinas.com\/site\/#\/schema\/logo\/image\/","url":"https:\/\/noticiasmercedinas.com\/site\/wp-content\/uploads\/2020\/06\/LOGO-512.jpg","contentUrl":"https:\/\/noticiasmercedinas.com\/site\/wp-content\/uploads\/2020\/06\/LOGO-512.jpg","width":512,"height":512,"caption":"NOTICIASMERCEDINAS.COM"},"image":{"@id":"https:\/\/noticiasmercedinas.com\/site\/#\/schema\/logo\/image\/"},"sameAs":["https:\/\/www.facebook.com\/noticiasmercedinas\/","https:\/\/x.com\/notmercedinas","https:\/\/www.instagram.com\/noticiasmercedinas\/"]},{"@type":"Person","@id":"https:\/\/noticiasmercedinas.com\/site\/#\/schema\/person\/84b59c099c28ff2e8b77d4ceec5d8063","name":"NOTICIASMERCEDINAS.COM","image":{"@type":"ImageObject","inLanguage":"es","@id":"https:\/\/secure.gravatar.com\/avatar\/4dfbf16b4d17945bfb6341b2d19043457132fcf478a5ee04f42e959fd8f5df0a?s=96&d=mm&r=g","url":"https:\/\/secure.gravatar.com\/avatar\/4dfbf16b4d17945bfb6341b2d19043457132fcf478a5ee04f42e959fd8f5df0a?s=96&d=mm&r=g","contentUrl":"https:\/\/secure.gravatar.com\/avatar\/4dfbf16b4d17945bfb6341b2d19043457132fcf478a5ee04f42e959fd8f5df0a?s=96&d=mm&r=g","caption":"NOTICIASMERCEDINAS.COM"},"url":"https:\/\/noticiasmercedinas.com\/site\/author\/anonimo\/"}]}},"amp_enabled":true,"_links":{"self":[{"href":"https:\/\/noticiasmercedinas.com\/site\/wp-json\/wp\/v2\/posts\/178542","targetHints":{"allow":["GET"]}}],"collection":[{"href":"https:\/\/noticiasmercedinas.com\/site\/wp-json\/wp\/v2\/posts"}],"about":[{"href":"https:\/\/noticiasmercedinas.com\/site\/wp-json\/wp\/v2\/types\/post"}],"author":[{"embeddable":true,"href":"https:\/\/noticiasmercedinas.com\/site\/wp-json\/wp\/v2\/users\/16"}],"replies":[{"embeddable":true,"href":"https:\/\/noticiasmercedinas.com\/site\/wp-json\/wp\/v2\/comments?post=178542"}],"version-history":[{"count":1,"href":"https:\/\/noticiasmercedinas.com\/site\/wp-json\/wp\/v2\/posts\/178542\/revisions"}],"predecessor-version":[{"id":178545,"href":"https:\/\/noticiasmercedinas.com\/site\/wp-json\/wp\/v2\/posts\/178542\/revisions\/178545"}],"wp:featuredmedia":[{"embeddable":true,"href":"https:\/\/noticiasmercedinas.com\/site\/wp-json\/wp\/v2\/media\/178543"}],"wp:attachment":[{"href":"https:\/\/noticiasmercedinas.com\/site\/wp-json\/wp\/v2\/media?parent=178542"}],"wp:term":[{"taxonomy":"category","embeddable":true,"href":"https:\/\/noticiasmercedinas.com\/site\/wp-json\/wp\/v2\/categories?post=178542"},{"taxonomy":"post_tag","embeddable":true,"href":"https:\/\/noticiasmercedinas.com\/site\/wp-json\/wp\/v2\/tags?post=178542"}],"curies":[{"name":"wp","href":"https:\/\/api.w.org\/{rel}","templated":true}]}}