{"id":178594,"date":"2026-01-15T17:20:11","date_gmt":"2026-01-15T20:20:11","guid":{"rendered":"https:\/\/noticiasmercedinas.com\/site\/?p=178594"},"modified":"2026-01-15T17:20:11","modified_gmt":"2026-01-15T20:20:11","slug":"intendentes-de-lujan-y-navarro-se-sumaron-al-encuentro-productivo-con-kicillof-en-mar-de-ajo","status":"publish","type":"post","link":"https:\/\/noticiasmercedinas.com\/site\/2026\/01\/15\/intendentes-de-lujan-y-navarro-se-sumaron-al-encuentro-productivo-con-kicillof-en-mar-de-ajo\/","title":{"rendered":"Intendentes de Luj\u00e1n y Navarro se sumaron al encuentro productivo con Kicillof en Mar de Aj\u00f3"},"content":{"rendered":"<p data-path-to-node=\"4\"><img loading=\"lazy\" decoding=\"async\" class=\"alignnone size-full wp-image-178595\" src=\"https:\/\/noticiasmercedinas.com\/site\/wp-content\/uploads\/2026\/01\/AR76281.jpg\" alt=\"\" width=\"743\" height=\"530\" srcset=\"https:\/\/noticiasmercedinas.com\/site\/wp-content\/uploads\/2026\/01\/AR76281.jpg 743w, https:\/\/noticiasmercedinas.com\/site\/wp-content\/uploads\/2026\/01\/AR76281-300x214.jpg 300w, https:\/\/noticiasmercedinas.com\/site\/wp-content\/uploads\/2026\/01\/AR76281-640x457.jpg 640w, https:\/\/noticiasmercedinas.com\/site\/wp-content\/uploads\/2026\/01\/AR76281-681x486.jpg 681w\" sizes=\"auto, (max-width: 743px) 100vw, 743px\" \/><\/p>\n<p data-path-to-node=\"4\">En pleno an\u00e1lisis de la coyuntura econ\u00f3mica y el desarrollo de la temporada estival, el gobernador de la provincia de Buenos Aires, Axel Kicillof, encabez\u00f3 este mi\u00e9rcoles en el partido de La Costa la primera reuni\u00f3n productiva de 2026.<\/p>\n<p data-path-to-node=\"4\">Del encuentro, realizado en el Espacio Cultural Mar de Aj\u00f3, participaron los intendentes <b data-path-to-node=\"4\" data-index-in-node=\"359\">Leonardo Boto (Luj\u00e1n)<\/b> y <b data-path-to-node=\"4\" data-index-in-node=\"383\">Facundo Diz (Navarro)<\/b>, junto a una amplia comitiva de mandatarios bonaerenses y representantes de diversos sectores productivos.<\/p>\n<p data-path-to-node=\"6\">Durante la reuni\u00f3n, que congreg\u00f3 a m\u00e1s de <b data-path-to-node=\"6\" data-index-in-node=\"42\">300 representantes<\/b> de los sectores industrial, comercial, tur\u00edstico, gastron\u00f3mico, pesquero y de la construcci\u00f3n, Kicillof brind\u00f3 un diagn\u00f3stico alarmante sobre la realidad bonaerense.<\/p>\n<p data-path-to-node=\"6\">El gobernador atribuy\u00f3 la ca\u00edda de la actividad a un \u00abplan deliberado\u00bb por parte del Gobierno nacional para atacar la producci\u00f3n y el trabajo.<\/p>\n<p data-path-to-node=\"7,0\">\u201cPasaron m\u00e1s de dos a\u00f1os y la situaci\u00f3n no solo no mejora, sino que se sigue agravando. Esto solo cambia si se modifica el rumbo de una pol\u00edtica que deja afuera a la inmensa mayor\u00eda de los argentinos\u201d, sentenci\u00f3 el mandatario provincial.<\/p>\n<h3 data-path-to-node=\"8\">El rol de los municipios y el Estado presente<\/h3>\n<p data-path-to-node=\"9\">La presencia de los intendentes de la regi\u00f3n, como Boto y Diz, subray\u00f3 la importancia de la articulaci\u00f3n territorial en un contexto de ca\u00edda de la demanda. En este sentido, la vicegobernadora Ver\u00f3nica Magario y el ministro de Producci\u00f3n, Augusto Costa, coincidieron en que la cooperaci\u00f3n entre la Provincia y el sector privado es vital para sostener el empleo frente a pol\u00edticas nacionales que \u00abquitaron recursos a las familias\u00bb.<\/p>\n<p data-path-to-node=\"10\">Por su parte, el ministro de Desarrollo Agrario, Javier Rodr\u00edguez, enfatiz\u00f3 que la agenda productiva se promueve directamente con los intendentes para ofrecer una mirada cercana que impulse la producci\u00f3n local pese a las adversidades.<\/p>\n<h3 data-path-to-node=\"11\">Gabinete y autoridades presentes<\/h3>\n<p data-path-to-node=\"12\">El encuentro cont\u00f3 con una fuerte presencia institucional, incluyendo a los ministros <b data-path-to-node=\"13,0,0\" data-index-in-node=\"0\">Carlos Bianco<\/b> (Gobierno), <strong>G<\/strong><b data-path-to-node=\"13,1,0\" data-index-in-node=\"0\">abriel Katopodis<\/b> (Infraestructura) y <strong>W<\/strong><b data-path-to-node=\"13,2,0\" data-index-in-node=\"0\">alter Correa<\/b> (Trabajo), y a los funcionarios <b data-path-to-node=\"13,3,0\" data-index-in-node=\"0\">Juan Cuattromo<\/b> (presidente del Banco Provincia) y <b data-path-to-node=\"13,3,0\" data-index-in-node=\"35\">Cristian Girard<\/b> (responsable de ARBA).<\/p>\n<p data-path-to-node=\"14\">Adem\u00e1s de los jefes comunales de Luj\u00e1n y Navarro, asistieron los intendentes de General Alvarado, Mar Chiquita, Pila, Villa Gesell y Dolores, consolidando un frente com\u00fan de gesti\u00f3n frente a los desaf\u00edos de la temporada 2026.<\/p>\n","protected":false},"excerpt":{"rendered":"<p>\u25a0\u00a0Leonardo Boto y Facundo Diz participaron de la primera reuni\u00f3n sectorial del a\u00f1o, donde m\u00e1s de 300 referentes de la industria y el turismo analizaron el complejo escenario econ\u00f3mico actual.<\/p>\n","protected":false},"author":16,"featured_media":178595,"comment_status":"closed","ping_status":"closed","sticky":false,"template":"","format":"standard","meta":{"footnotes":""},"categories":[16,7919],"tags":[5297,10681,6018],"class_list":["post-178594","post","type-post","status-publish","format-standard","has-post-thumbnail","hentry","category-politica","category-provinciales","tag-axel-kicillof","tag-facundo-diz","tag-leo-boto"],"yoast_head":"<!-- This site is optimized with the Yoast SEO plugin v27.5 - https:\/\/yoast.com\/product\/yoast-seo-wordpress\/ -->\n<title>Intendentes de Luj\u00e1n y Navarro se sumaron al encuentro productivo con Kicillof en Mar de Aj\u00f3<\/title>\n<meta name=\"description\" content=\"\u25a0\u00a0Leonardo Boto y Facundo Diz participaron de la primera reuni\u00f3n sectorial del a\u00f1o, donde m\u00e1s de 300 referentes de la industria y el turismo analizaron el complejo escenario econ\u00f3mico actual.\" \/>\n<meta name=\"robots\" content=\"index, follow, max-snippet:-1, max-image-preview:large, max-video-preview:-1\" \/>\n<link rel=\"canonical\" href=\"https:\/\/noticiasmercedinas.com\/site\/2026\/01\/15\/intendentes-de-lujan-y-navarro-se-sumaron-al-encuentro-productivo-con-kicillof-en-mar-de-ajo\/\" \/>\n<meta property=\"og:locale\" content=\"es_ES\" \/>\n<meta property=\"og:type\" content=\"article\" \/>\n<meta property=\"og:title\" content=\"Intendentes de Luj\u00e1n y Navarro se sumaron al encuentro productivo con Kicillof en Mar de Aj\u00f3\" \/>\n<meta property=\"og:description\" content=\"\u25a0\u00a0Leonardo Boto y Facundo Diz participaron de la primera reuni\u00f3n sectorial del a\u00f1o, donde m\u00e1s de 300 referentes de la industria y el turismo analizaron el complejo escenario econ\u00f3mico actual.\" \/>\n<meta property=\"og:url\" content=\"https:\/\/noticiasmercedinas.com\/site\/2026\/01\/15\/intendentes-de-lujan-y-navarro-se-sumaron-al-encuentro-productivo-con-kicillof-en-mar-de-ajo\/\" \/>\n<meta property=\"og:site_name\" content=\"NOTICIASMERCEDINAS.COM\" \/>\n<meta property=\"article:publisher\" content=\"https:\/\/www.facebook.com\/noticiasmercedinas\/\" \/>\n<meta property=\"article:published_time\" content=\"2026-01-15T20:20:11+00:00\" \/>\n<meta property=\"og:image\" content=\"https:\/\/noticiasmercedinas.com\/site\/wp-content\/uploads\/2026\/01\/AR76281.jpg\" \/>\n\t<meta property=\"og:image:width\" content=\"743\" \/>\n\t<meta property=\"og:image:height\" content=\"530\" \/>\n\t<meta property=\"og:image:type\" content=\"image\/jpeg\" \/>\n<meta name=\"author\" content=\"NOTICIASMERCEDINAS.COM\" \/>\n<meta name=\"twitter:card\" content=\"summary_large_image\" \/>\n<meta name=\"twitter:creator\" content=\"@notmercedinas\" \/>\n<meta name=\"twitter:site\" content=\"@notmercedinas\" \/>\n<meta name=\"twitter:label1\" content=\"Escrito por\" \/>\n\t<meta name=\"twitter:data1\" content=\"NOTICIASMERCEDINAS.COM\" \/>\n\t<meta name=\"twitter:label2\" content=\"Tiempo de lectura\" \/>\n\t<meta name=\"twitter:data2\" content=\"3 minutos\" \/>\n<script type=\"application\/ld+json\" class=\"yoast-schema-graph\">{\"@context\":\"https:\\\/\\\/schema.org\",\"@graph\":[{\"@type\":\"Article\",\"@id\":\"https:\\\/\\\/noticiasmercedinas.com\\\/site\\\/2026\\\/01\\\/15\\\/intendentes-de-lujan-y-navarro-se-sumaron-al-encuentro-productivo-con-kicillof-en-mar-de-ajo\\\/#article\",\"isPartOf\":{\"@id\":\"https:\\\/\\\/noticiasmercedinas.com\\\/site\\\/2026\\\/01\\\/15\\\/intendentes-de-lujan-y-navarro-se-sumaron-al-encuentro-productivo-con-kicillof-en-mar-de-ajo\\\/\"},\"author\":{\"name\":\"NOTICIASMERCEDINAS.COM\",\"@id\":\"https:\\\/\\\/noticiasmercedinas.com\\\/site\\\/#\\\/schema\\\/person\\\/84b59c099c28ff2e8b77d4ceec5d8063\"},\"headline\":\"Intendentes de Luj\u00e1n y Navarro se sumaron al encuentro productivo con Kicillof en Mar de Aj\u00f3\",\"datePublished\":\"2026-01-15T20:20:11+00:00\",\"mainEntityOfPage\":{\"@id\":\"https:\\\/\\\/noticiasmercedinas.com\\\/site\\\/2026\\\/01\\\/15\\\/intendentes-de-lujan-y-navarro-se-sumaron-al-encuentro-productivo-con-kicillof-en-mar-de-ajo\\\/\"},\"wordCount\":409,\"publisher\":{\"@id\":\"https:\\\/\\\/noticiasmercedinas.com\\\/site\\\/#organization\"},\"image\":{\"@id\":\"https:\\\/\\\/noticiasmercedinas.com\\\/site\\\/2026\\\/01\\\/15\\\/intendentes-de-lujan-y-navarro-se-sumaron-al-encuentro-productivo-con-kicillof-en-mar-de-ajo\\\/#primaryimage\"},\"thumbnailUrl\":\"https:\\\/\\\/noticiasmercedinas.com\\\/site\\\/wp-content\\\/uploads\\\/2026\\\/01\\\/AR76281.jpg\",\"keywords\":[\"axel kicillof\",\"facundo diz\",\"Leo Boto\"],\"articleSection\":[\"Politica\",\"Provinciales\"],\"inLanguage\":\"es\"},{\"@type\":\"WebPage\",\"@id\":\"https:\\\/\\\/noticiasmercedinas.com\\\/site\\\/2026\\\/01\\\/15\\\/intendentes-de-lujan-y-navarro-se-sumaron-al-encuentro-productivo-con-kicillof-en-mar-de-ajo\\\/\",\"url\":\"https:\\\/\\\/noticiasmercedinas.com\\\/site\\\/2026\\\/01\\\/15\\\/intendentes-de-lujan-y-navarro-se-sumaron-al-encuentro-productivo-con-kicillof-en-mar-de-ajo\\\/\",\"name\":\"Intendentes de Luj\u00e1n y Navarro se sumaron al encuentro productivo con Kicillof en Mar de Aj\u00f3\",\"isPartOf\":{\"@id\":\"https:\\\/\\\/noticiasmercedinas.com\\\/site\\\/#website\"},\"primaryImageOfPage\":{\"@id\":\"https:\\\/\\\/noticiasmercedinas.com\\\/site\\\/2026\\\/01\\\/15\\\/intendentes-de-lujan-y-navarro-se-sumaron-al-encuentro-productivo-con-kicillof-en-mar-de-ajo\\\/#primaryimage\"},\"image\":{\"@id\":\"https:\\\/\\\/noticiasmercedinas.com\\\/site\\\/2026\\\/01\\\/15\\\/intendentes-de-lujan-y-navarro-se-sumaron-al-encuentro-productivo-con-kicillof-en-mar-de-ajo\\\/#primaryimage\"},\"thumbnailUrl\":\"https:\\\/\\\/noticiasmercedinas.com\\\/site\\\/wp-content\\\/uploads\\\/2026\\\/01\\\/AR76281.jpg\",\"datePublished\":\"2026-01-15T20:20:11+00:00\",\"description\":\"\u25a0\u00a0Leonardo Boto y Facundo Diz participaron de la primera reuni\u00f3n sectorial del a\u00f1o, donde m\u00e1s de 300 referentes de la industria y el turismo analizaron el complejo escenario econ\u00f3mico actual.\",\"breadcrumb\":{\"@id\":\"https:\\\/\\\/noticiasmercedinas.com\\\/site\\\/2026\\\/01\\\/15\\\/intendentes-de-lujan-y-navarro-se-sumaron-al-encuentro-productivo-con-kicillof-en-mar-de-ajo\\\/#breadcrumb\"},\"inLanguage\":\"es\",\"potentialAction\":[{\"@type\":\"ReadAction\",\"target\":[\"https:\\\/\\\/noticiasmercedinas.com\\\/site\\\/2026\\\/01\\\/15\\\/intendentes-de-lujan-y-navarro-se-sumaron-al-encuentro-productivo-con-kicillof-en-mar-de-ajo\\\/\"]}]},{\"@type\":\"ImageObject\",\"inLanguage\":\"es\",\"@id\":\"https:\\\/\\\/noticiasmercedinas.com\\\/site\\\/2026\\\/01\\\/15\\\/intendentes-de-lujan-y-navarro-se-sumaron-al-encuentro-productivo-con-kicillof-en-mar-de-ajo\\\/#primaryimage\",\"url\":\"https:\\\/\\\/noticiasmercedinas.com\\\/site\\\/wp-content\\\/uploads\\\/2026\\\/01\\\/AR76281.jpg\",\"contentUrl\":\"https:\\\/\\\/noticiasmercedinas.com\\\/site\\\/wp-content\\\/uploads\\\/2026\\\/01\\\/AR76281.jpg\",\"width\":743,\"height\":530},{\"@type\":\"BreadcrumbList\",\"@id\":\"https:\\\/\\\/noticiasmercedinas.com\\\/site\\\/2026\\\/01\\\/15\\\/intendentes-de-lujan-y-navarro-se-sumaron-al-encuentro-productivo-con-kicillof-en-mar-de-ajo\\\/#breadcrumb\",\"itemListElement\":[{\"@type\":\"ListItem\",\"position\":1,\"name\":\"Portada\",\"item\":\"https:\\\/\\\/noticiasmercedinas.com\\\/site\\\/\"},{\"@type\":\"ListItem\",\"position\":2,\"name\":\"Intendentes de Luj\u00e1n y Navarro se sumaron al encuentro productivo con Kicillof en Mar de Aj\u00f3\"}]},{\"@type\":\"WebSite\",\"@id\":\"https:\\\/\\\/noticiasmercedinas.com\\\/site\\\/#website\",\"url\":\"https:\\\/\\\/noticiasmercedinas.com\\\/site\\\/\",\"name\":\"NOTICIASMERCEDINAS.COM\",\"description\":\"Mercedes, Buenos Aires, Argentina\",\"publisher\":{\"@id\":\"https:\\\/\\\/noticiasmercedinas.com\\\/site\\\/#organization\"},\"potentialAction\":[{\"@type\":\"SearchAction\",\"target\":{\"@type\":\"EntryPoint\",\"urlTemplate\":\"https:\\\/\\\/noticiasmercedinas.com\\\/site\\\/?s={search_term_string}\"},\"query-input\":{\"@type\":\"PropertyValueSpecification\",\"valueRequired\":true,\"valueName\":\"search_term_string\"}}],\"inLanguage\":\"es\"},{\"@type\":\"Organization\",\"@id\":\"https:\\\/\\\/noticiasmercedinas.com\\\/site\\\/#organization\",\"name\":\"NOTICIASMERCEDINAS.COM\",\"url\":\"https:\\\/\\\/noticiasmercedinas.com\\\/site\\\/\",\"logo\":{\"@type\":\"ImageObject\",\"inLanguage\":\"es\",\"@id\":\"https:\\\/\\\/noticiasmercedinas.com\\\/site\\\/#\\\/schema\\\/logo\\\/image\\\/\",\"url\":\"https:\\\/\\\/noticiasmercedinas.com\\\/site\\\/wp-content\\\/uploads\\\/2020\\\/06\\\/LOGO-512.jpg\",\"contentUrl\":\"https:\\\/\\\/noticiasmercedinas.com\\\/site\\\/wp-content\\\/uploads\\\/2020\\\/06\\\/LOGO-512.jpg\",\"width\":512,\"height\":512,\"caption\":\"NOTICIASMERCEDINAS.COM\"},\"image\":{\"@id\":\"https:\\\/\\\/noticiasmercedinas.com\\\/site\\\/#\\\/schema\\\/logo\\\/image\\\/\"},\"sameAs\":[\"https:\\\/\\\/www.facebook.com\\\/noticiasmercedinas\\\/\",\"https:\\\/\\\/x.com\\\/notmercedinas\",\"https:\\\/\\\/www.instagram.com\\\/noticiasmercedinas\\\/\"]},{\"@type\":\"Person\",\"@id\":\"https:\\\/\\\/noticiasmercedinas.com\\\/site\\\/#\\\/schema\\\/person\\\/84b59c099c28ff2e8b77d4ceec5d8063\",\"name\":\"NOTICIASMERCEDINAS.COM\",\"image\":{\"@type\":\"ImageObject\",\"inLanguage\":\"es\",\"@id\":\"https:\\\/\\\/secure.gravatar.com\\\/avatar\\\/4dfbf16b4d17945bfb6341b2d19043457132fcf478a5ee04f42e959fd8f5df0a?s=96&d=mm&r=g\",\"url\":\"https:\\\/\\\/secure.gravatar.com\\\/avatar\\\/4dfbf16b4d17945bfb6341b2d19043457132fcf478a5ee04f42e959fd8f5df0a?s=96&d=mm&r=g\",\"contentUrl\":\"https:\\\/\\\/secure.gravatar.com\\\/avatar\\\/4dfbf16b4d17945bfb6341b2d19043457132fcf478a5ee04f42e959fd8f5df0a?s=96&d=mm&r=g\",\"caption\":\"NOTICIASMERCEDINAS.COM\"},\"url\":\"https:\\\/\\\/noticiasmercedinas.com\\\/site\\\/author\\\/anonimo\\\/\"}]}<\/script>\n<!-- \/ Yoast SEO plugin. -->","yoast_head_json":{"title":"Intendentes de Luj\u00e1n y Navarro se sumaron al encuentro productivo con Kicillof en Mar de Aj\u00f3","description":"\u25a0\u00a0Leonardo Boto y Facundo Diz participaron de la primera reuni\u00f3n sectorial del a\u00f1o, donde m\u00e1s de 300 referentes de la industria y el turismo analizaron el complejo escenario econ\u00f3mico actual.","robots":{"index":"index","follow":"follow","max-snippet":"max-snippet:-1","max-image-preview":"max-image-preview:large","max-video-preview":"max-video-preview:-1"},"canonical":"https:\/\/noticiasmercedinas.com\/site\/2026\/01\/15\/intendentes-de-lujan-y-navarro-se-sumaron-al-encuentro-productivo-con-kicillof-en-mar-de-ajo\/","og_locale":"es_ES","og_type":"article","og_title":"Intendentes de Luj\u00e1n y Navarro se sumaron al encuentro productivo con Kicillof en Mar de Aj\u00f3","og_description":"\u25a0\u00a0Leonardo Boto y Facundo Diz participaron de la primera reuni\u00f3n sectorial del a\u00f1o, donde m\u00e1s de 300 referentes de la industria y el turismo analizaron el complejo escenario econ\u00f3mico actual.","og_url":"https:\/\/noticiasmercedinas.com\/site\/2026\/01\/15\/intendentes-de-lujan-y-navarro-se-sumaron-al-encuentro-productivo-con-kicillof-en-mar-de-ajo\/","og_site_name":"NOTICIASMERCEDINAS.COM","article_publisher":"https:\/\/www.facebook.com\/noticiasmercedinas\/","article_published_time":"2026-01-15T20:20:11+00:00","og_image":[{"width":743,"height":530,"url":"https:\/\/noticiasmercedinas.com\/site\/wp-content\/uploads\/2026\/01\/AR76281.jpg","type":"image\/jpeg"}],"author":"NOTICIASMERCEDINAS.COM","twitter_card":"summary_large_image","twitter_creator":"@notmercedinas","twitter_site":"@notmercedinas","twitter_misc":{"Escrito por":"NOTICIASMERCEDINAS.COM","Tiempo de lectura":"3 minutos"},"schema":{"@context":"https:\/\/schema.org","@graph":[{"@type":"Article","@id":"https:\/\/noticiasmercedinas.com\/site\/2026\/01\/15\/intendentes-de-lujan-y-navarro-se-sumaron-al-encuentro-productivo-con-kicillof-en-mar-de-ajo\/#article","isPartOf":{"@id":"https:\/\/noticiasmercedinas.com\/site\/2026\/01\/15\/intendentes-de-lujan-y-navarro-se-sumaron-al-encuentro-productivo-con-kicillof-en-mar-de-ajo\/"},"author":{"name":"NOTICIASMERCEDINAS.COM","@id":"https:\/\/noticiasmercedinas.com\/site\/#\/schema\/person\/84b59c099c28ff2e8b77d4ceec5d8063"},"headline":"Intendentes de Luj\u00e1n y Navarro se sumaron al encuentro productivo con Kicillof en Mar de Aj\u00f3","datePublished":"2026-01-15T20:20:11+00:00","mainEntityOfPage":{"@id":"https:\/\/noticiasmercedinas.com\/site\/2026\/01\/15\/intendentes-de-lujan-y-navarro-se-sumaron-al-encuentro-productivo-con-kicillof-en-mar-de-ajo\/"},"wordCount":409,"publisher":{"@id":"https:\/\/noticiasmercedinas.com\/site\/#organization"},"image":{"@id":"https:\/\/noticiasmercedinas.com\/site\/2026\/01\/15\/intendentes-de-lujan-y-navarro-se-sumaron-al-encuentro-productivo-con-kicillof-en-mar-de-ajo\/#primaryimage"},"thumbnailUrl":"https:\/\/noticiasmercedinas.com\/site\/wp-content\/uploads\/2026\/01\/AR76281.jpg","keywords":["axel kicillof","facundo diz","Leo Boto"],"articleSection":["Politica","Provinciales"],"inLanguage":"es"},{"@type":"WebPage","@id":"https:\/\/noticiasmercedinas.com\/site\/2026\/01\/15\/intendentes-de-lujan-y-navarro-se-sumaron-al-encuentro-productivo-con-kicillof-en-mar-de-ajo\/","url":"https:\/\/noticiasmercedinas.com\/site\/2026\/01\/15\/intendentes-de-lujan-y-navarro-se-sumaron-al-encuentro-productivo-con-kicillof-en-mar-de-ajo\/","name":"Intendentes de Luj\u00e1n y Navarro se sumaron al encuentro productivo con Kicillof en Mar de Aj\u00f3","isPartOf":{"@id":"https:\/\/noticiasmercedinas.com\/site\/#website"},"primaryImageOfPage":{"@id":"https:\/\/noticiasmercedinas.com\/site\/2026\/01\/15\/intendentes-de-lujan-y-navarro-se-sumaron-al-encuentro-productivo-con-kicillof-en-mar-de-ajo\/#primaryimage"},"image":{"@id":"https:\/\/noticiasmercedinas.com\/site\/2026\/01\/15\/intendentes-de-lujan-y-navarro-se-sumaron-al-encuentro-productivo-con-kicillof-en-mar-de-ajo\/#primaryimage"},"thumbnailUrl":"https:\/\/noticiasmercedinas.com\/site\/wp-content\/uploads\/2026\/01\/AR76281.jpg","datePublished":"2026-01-15T20:20:11+00:00","description":"\u25a0\u00a0Leonardo Boto y Facundo Diz participaron de la primera reuni\u00f3n sectorial del a\u00f1o, donde m\u00e1s de 300 referentes de la industria y el turismo analizaron el complejo escenario econ\u00f3mico actual.","breadcrumb":{"@id":"https:\/\/noticiasmercedinas.com\/site\/2026\/01\/15\/intendentes-de-lujan-y-navarro-se-sumaron-al-encuentro-productivo-con-kicillof-en-mar-de-ajo\/#breadcrumb"},"inLanguage":"es","potentialAction":[{"@type":"ReadAction","target":["https:\/\/noticiasmercedinas.com\/site\/2026\/01\/15\/intendentes-de-lujan-y-navarro-se-sumaron-al-encuentro-productivo-con-kicillof-en-mar-de-ajo\/"]}]},{"@type":"ImageObject","inLanguage":"es","@id":"https:\/\/noticiasmercedinas.com\/site\/2026\/01\/15\/intendentes-de-lujan-y-navarro-se-sumaron-al-encuentro-productivo-con-kicillof-en-mar-de-ajo\/#primaryimage","url":"https:\/\/noticiasmercedinas.com\/site\/wp-content\/uploads\/2026\/01\/AR76281.jpg","contentUrl":"https:\/\/noticiasmercedinas.com\/site\/wp-content\/uploads\/2026\/01\/AR76281.jpg","width":743,"height":530},{"@type":"BreadcrumbList","@id":"https:\/\/noticiasmercedinas.com\/site\/2026\/01\/15\/intendentes-de-lujan-y-navarro-se-sumaron-al-encuentro-productivo-con-kicillof-en-mar-de-ajo\/#breadcrumb","itemListElement":[{"@type":"ListItem","position":1,"name":"Portada","item":"https:\/\/noticiasmercedinas.com\/site\/"},{"@type":"ListItem","position":2,"name":"Intendentes de Luj\u00e1n y Navarro se sumaron al encuentro productivo con Kicillof en Mar de Aj\u00f3"}]},{"@type":"WebSite","@id":"https:\/\/noticiasmercedinas.com\/site\/#website","url":"https:\/\/noticiasmercedinas.com\/site\/","name":"NOTICIASMERCEDINAS.COM","description":"Mercedes, Buenos Aires, Argentina","publisher":{"@id":"https:\/\/noticiasmercedinas.com\/site\/#organization"},"potentialAction":[{"@type":"SearchAction","target":{"@type":"EntryPoint","urlTemplate":"https:\/\/noticiasmercedinas.com\/site\/?s={search_term_string}"},"query-input":{"@type":"PropertyValueSpecification","valueRequired":true,"valueName":"search_term_string"}}],"inLanguage":"es"},{"@type":"Organization","@id":"https:\/\/noticiasmercedinas.com\/site\/#organization","name":"NOTICIASMERCEDINAS.COM","url":"https:\/\/noticiasmercedinas.com\/site\/","logo":{"@type":"ImageObject","inLanguage":"es","@id":"https:\/\/noticiasmercedinas.com\/site\/#\/schema\/logo\/image\/","url":"https:\/\/noticiasmercedinas.com\/site\/wp-content\/uploads\/2020\/06\/LOGO-512.jpg","contentUrl":"https:\/\/noticiasmercedinas.com\/site\/wp-content\/uploads\/2020\/06\/LOGO-512.jpg","width":512,"height":512,"caption":"NOTICIASMERCEDINAS.COM"},"image":{"@id":"https:\/\/noticiasmercedinas.com\/site\/#\/schema\/logo\/image\/"},"sameAs":["https:\/\/www.facebook.com\/noticiasmercedinas\/","https:\/\/x.com\/notmercedinas","https:\/\/www.instagram.com\/noticiasmercedinas\/"]},{"@type":"Person","@id":"https:\/\/noticiasmercedinas.com\/site\/#\/schema\/person\/84b59c099c28ff2e8b77d4ceec5d8063","name":"NOTICIASMERCEDINAS.COM","image":{"@type":"ImageObject","inLanguage":"es","@id":"https:\/\/secure.gravatar.com\/avatar\/4dfbf16b4d17945bfb6341b2d19043457132fcf478a5ee04f42e959fd8f5df0a?s=96&d=mm&r=g","url":"https:\/\/secure.gravatar.com\/avatar\/4dfbf16b4d17945bfb6341b2d19043457132fcf478a5ee04f42e959fd8f5df0a?s=96&d=mm&r=g","contentUrl":"https:\/\/secure.gravatar.com\/avatar\/4dfbf16b4d17945bfb6341b2d19043457132fcf478a5ee04f42e959fd8f5df0a?s=96&d=mm&r=g","caption":"NOTICIASMERCEDINAS.COM"},"url":"https:\/\/noticiasmercedinas.com\/site\/author\/anonimo\/"}]}},"amp_enabled":true,"_links":{"self":[{"href":"https:\/\/noticiasmercedinas.com\/site\/wp-json\/wp\/v2\/posts\/178594","targetHints":{"allow":["GET"]}}],"collection":[{"href":"https:\/\/noticiasmercedinas.com\/site\/wp-json\/wp\/v2\/posts"}],"about":[{"href":"https:\/\/noticiasmercedinas.com\/site\/wp-json\/wp\/v2\/types\/post"}],"author":[{"embeddable":true,"href":"https:\/\/noticiasmercedinas.com\/site\/wp-json\/wp\/v2\/users\/16"}],"replies":[{"embeddable":true,"href":"https:\/\/noticiasmercedinas.com\/site\/wp-json\/wp\/v2\/comments?post=178594"}],"version-history":[{"count":1,"href":"https:\/\/noticiasmercedinas.com\/site\/wp-json\/wp\/v2\/posts\/178594\/revisions"}],"predecessor-version":[{"id":178596,"href":"https:\/\/noticiasmercedinas.com\/site\/wp-json\/wp\/v2\/posts\/178594\/revisions\/178596"}],"wp:featuredmedia":[{"embeddable":true,"href":"https:\/\/noticiasmercedinas.com\/site\/wp-json\/wp\/v2\/media\/178595"}],"wp:attachment":[{"href":"https:\/\/noticiasmercedinas.com\/site\/wp-json\/wp\/v2\/media?parent=178594"}],"wp:term":[{"taxonomy":"category","embeddable":true,"href":"https:\/\/noticiasmercedinas.com\/site\/wp-json\/wp\/v2\/categories?post=178594"},{"taxonomy":"post_tag","embeddable":true,"href":"https:\/\/noticiasmercedinas.com\/site\/wp-json\/wp\/v2\/tags?post=178594"}],"curies":[{"name":"wp","href":"https:\/\/api.w.org\/{rel}","templated":true}]}}