{"id":178663,"date":"2026-01-17T12:49:45","date_gmt":"2026-01-17T15:49:45","guid":{"rendered":"https:\/\/noticiasmercedinas.com\/site\/?p=178663"},"modified":"2026-01-17T12:49:45","modified_gmt":"2026-01-17T15:49:45","slug":"suipacha-promotoras-de-salud-fortalecen-la-prevencion-en-las-escuelas-abiertas-de-verano","status":"publish","type":"post","link":"https:\/\/noticiasmercedinas.com\/site\/2026\/01\/17\/suipacha-promotoras-de-salud-fortalecen-la-prevencion-en-las-escuelas-abiertas-de-verano\/","title":{"rendered":"Suipacha: Promotoras de Salud fortalecen la prevenci\u00f3n en las Escuelas Abiertas de Verano"},"content":{"rendered":"<p data-path-to-node=\"5\"><img loading=\"lazy\" decoding=\"async\" class=\"alignnone size-full wp-image-178664\" src=\"https:\/\/noticiasmercedinas.com\/site\/wp-content\/uploads\/2026\/01\/EAV-SUIPACHA.jpg\" alt=\"\" width=\"640\" height=\"399\" srcset=\"https:\/\/noticiasmercedinas.com\/site\/wp-content\/uploads\/2026\/01\/EAV-SUIPACHA.jpg 640w, https:\/\/noticiasmercedinas.com\/site\/wp-content\/uploads\/2026\/01\/EAV-SUIPACHA-300x187.jpg 300w\" sizes=\"auto, (max-width: 640px) 100vw, 640px\" \/><\/p>\n<p data-path-to-node=\"5\">En el marco del programa <b data-path-to-node=\"5\" data-index-in-node=\"36\">Escuelas Abiertas en Verano (EAV)<\/b>, las Promotoras de Salud Comunitaria de Suipacha mantienen una presencia activa acompa\u00f1ando a ni\u00f1os y ni\u00f1as mediante jornadas de capacitaci\u00f3n y concientizaci\u00f3n.<\/p>\n<p data-path-to-node=\"5\">La iniciativa busca integrar el aprendizaje recreativo con la formaci\u00f3n en <b data-path-to-node=\"5\" data-index-in-node=\"306\">h\u00e1bitos saludables, cuidado del cuerpo y prevenci\u00f3n de enfermedades<\/b>.<\/p>\n<blockquote>\n<p data-path-to-node=\"5\">A trav\u00e9s de talleres din\u00e1micos y capacitaciones sobre h\u00e1bitos saludables, el equipo de Salud Comunitaria recorre diversas instituciones educativas para fomentar el bienestar integral en la infancia.<\/p>\n<\/blockquote>\n<p data-path-to-node=\"6\">Durante la \u00faltima semana, el equipo t\u00e9cnico despleg\u00f3 una serie de charlas y actividades l\u00fadicas en puntos estrat\u00e9gicos del distrito. Las intervenciones alcanzaron a la <b data-path-to-node=\"6\" data-index-in-node=\"168\">Escuela N\u00b0 8<\/b>, la localidad de <b data-path-to-node=\"6\" data-index-in-node=\"198\">General Rivas<\/b>, el <b data-path-to-node=\"6\" data-index-in-node=\"216\">Centro de Educaci\u00f3n F\u00edsica (CEF) N\u00b0 30<\/b> y el <b data-path-to-node=\"6\" data-index-in-node=\"260\">Jard\u00edn de Infantes N\u00b0 904<\/b>. En cada sede, los contenidos fueron adaptados pedag\u00f3gicamente seg\u00fan la franja etaria para garantizar una asimilaci\u00f3n efectiva de los conceptos.<\/p>\n<h3 data-path-to-node=\"7\">Ejes de la intervenci\u00f3n<\/h3>\n<p data-path-to-node=\"8\">El programa pone especial \u00e9nfasis en pilares fundamentales para el desarrollo infantil:<\/p>\n<ul>\n<li data-path-to-node=\"9,0,0\"><b data-path-to-node=\"9,0,0\" data-index-in-node=\"0\">Alimentaci\u00f3n saludable:<\/b> Fomento del consumo de frutas y una hidrataci\u00f3n adecuada.<\/li>\n<li data-path-to-node=\"9,1,0\"><b data-path-to-node=\"9,1,0\" data-index-in-node=\"0\">Higiene personal:<\/b> T\u00e9cnicas de lavado de manos y cuidado dental.<\/li>\n<li data-path-to-node=\"9,2,0\"><b data-path-to-node=\"9,2,0\" data-index-in-node=\"0\">Actividad f\u00edsica:<\/b> Importancia del movimiento para el desarrollo motriz.<\/li>\n<li data-path-to-node=\"9,3,0\"><b data-path-to-node=\"9,3,0\" data-index-in-node=\"0\">Autocuidado:<\/b> Herramientas para que los menores reconozcan y protejan su bienestar f\u00edsico y emocional.<\/li>\n<\/ul>\n<p data-path-to-node=\"10,0\">\u00abCrear buenos h\u00e1bitos desde la infancia es clave para el bienestar a largo plazo\u00bb,\u00a0se\u00f1alaron desde el equipo de Promotoras. \u00abEstas acciones no solo ayudan a prevenir enfermedades, sino que fortalecen el tejido social, construyendo una comunidad m\u00e1s sana y consciente de su propio cuidado\u00bb.<\/p>\n<p data-path-to-node=\"11\">Con esta continuidad de trabajo territorial, el municipio busca capitalizar el espacio de las Escuelas de Verano como un escenario propicio para la educaci\u00f3n no formal, asegurando que el receso escolar sea tambi\u00e9n una oportunidad de crecimiento c\u00edvico y sanitario para las familias suipachenses.<\/p>\n","protected":false},"excerpt":{"rendered":"<p>En el marco del programa Escuelas Abiertas en Verano (EAV), las Promotoras de Salud Comunitaria de Suipacha mantienen una presencia activa acompa\u00f1ando a ni\u00f1os y ni\u00f1as mediante jornadas de capacitaci\u00f3n y concientizaci\u00f3n. La iniciativa busca integrar el aprendizaje recreativo con la formaci\u00f3n en h\u00e1bitos saludables, cuidado del cuerpo y prevenci\u00f3n de enfermedades. A trav\u00e9s de [&hellip;]<\/p>\n","protected":false},"author":16,"featured_media":178664,"comment_status":"closed","ping_status":"closed","sticky":false,"template":"","format":"standard","meta":{"footnotes":""},"categories":[139],"tags":[3360,1095],"class_list":["post-178663","post","type-post","status-publish","format-standard","has-post-thumbnail","hentry","category-regionales","tag-escuelas-abiertas-de-verano","tag-suipacha"],"yoast_head":"<!-- This site is optimized with the Yoast SEO plugin v27.5 - https:\/\/yoast.com\/product\/yoast-seo-wordpress\/ -->\n<title>Suipacha: Promotoras de Salud fortalecen la prevenci\u00f3n en las Escuelas Abiertas de Verano<\/title>\n<meta name=\"robots\" content=\"index, follow, max-snippet:-1, max-image-preview:large, max-video-preview:-1\" \/>\n<link rel=\"canonical\" href=\"https:\/\/noticiasmercedinas.com\/site\/2026\/01\/17\/suipacha-promotoras-de-salud-fortalecen-la-prevencion-en-las-escuelas-abiertas-de-verano\/\" \/>\n<meta property=\"og:locale\" content=\"es_ES\" \/>\n<meta property=\"og:type\" content=\"article\" \/>\n<meta property=\"og:title\" content=\"Suipacha: Promotoras de Salud fortalecen la prevenci\u00f3n en las Escuelas Abiertas de Verano\" \/>\n<meta property=\"og:description\" content=\"En el marco del programa Escuelas Abiertas en Verano (EAV), las Promotoras de Salud Comunitaria de Suipacha mantienen una presencia activa acompa\u00f1ando a ni\u00f1os y ni\u00f1as mediante jornadas de capacitaci\u00f3n y concientizaci\u00f3n. La iniciativa busca integrar el aprendizaje recreativo con la formaci\u00f3n en h\u00e1bitos saludables, cuidado del cuerpo y prevenci\u00f3n de enfermedades. A trav\u00e9s de [&hellip;]\" \/>\n<meta property=\"og:url\" content=\"https:\/\/noticiasmercedinas.com\/site\/2026\/01\/17\/suipacha-promotoras-de-salud-fortalecen-la-prevencion-en-las-escuelas-abiertas-de-verano\/\" \/>\n<meta property=\"og:site_name\" content=\"NOTICIASMERCEDINAS.COM\" \/>\n<meta property=\"article:publisher\" content=\"https:\/\/www.facebook.com\/noticiasmercedinas\/\" \/>\n<meta property=\"article:published_time\" content=\"2026-01-17T15:49:45+00:00\" \/>\n<meta property=\"og:image\" content=\"https:\/\/noticiasmercedinas.com\/site\/wp-content\/uploads\/2026\/01\/EAV-SUIPACHA.jpg\" \/>\n\t<meta property=\"og:image:width\" content=\"640\" \/>\n\t<meta property=\"og:image:height\" content=\"399\" \/>\n\t<meta property=\"og:image:type\" content=\"image\/jpeg\" \/>\n<meta name=\"author\" content=\"NOTICIASMERCEDINAS.COM\" \/>\n<meta name=\"twitter:card\" content=\"summary_large_image\" \/>\n<meta name=\"twitter:creator\" content=\"@notmercedinas\" \/>\n<meta name=\"twitter:site\" content=\"@notmercedinas\" \/>\n<meta name=\"twitter:label1\" content=\"Escrito por\" \/>\n\t<meta name=\"twitter:data1\" content=\"NOTICIASMERCEDINAS.COM\" \/>\n\t<meta name=\"twitter:label2\" content=\"Tiempo de lectura\" \/>\n\t<meta name=\"twitter:data2\" content=\"2 minutos\" \/>\n<script type=\"application\/ld+json\" class=\"yoast-schema-graph\">{\"@context\":\"https:\\\/\\\/schema.org\",\"@graph\":[{\"@type\":\"Article\",\"@id\":\"https:\\\/\\\/noticiasmercedinas.com\\\/site\\\/2026\\\/01\\\/17\\\/suipacha-promotoras-de-salud-fortalecen-la-prevencion-en-las-escuelas-abiertas-de-verano\\\/#article\",\"isPartOf\":{\"@id\":\"https:\\\/\\\/noticiasmercedinas.com\\\/site\\\/2026\\\/01\\\/17\\\/suipacha-promotoras-de-salud-fortalecen-la-prevencion-en-las-escuelas-abiertas-de-verano\\\/\"},\"author\":{\"name\":\"NOTICIASMERCEDINAS.COM\",\"@id\":\"https:\\\/\\\/noticiasmercedinas.com\\\/site\\\/#\\\/schema\\\/person\\\/84b59c099c28ff2e8b77d4ceec5d8063\"},\"headline\":\"Suipacha: Promotoras de Salud fortalecen la prevenci\u00f3n en las Escuelas Abiertas de Verano\",\"datePublished\":\"2026-01-17T15:49:45+00:00\",\"mainEntityOfPage\":{\"@id\":\"https:\\\/\\\/noticiasmercedinas.com\\\/site\\\/2026\\\/01\\\/17\\\/suipacha-promotoras-de-salud-fortalecen-la-prevencion-en-las-escuelas-abiertas-de-verano\\\/\"},\"wordCount\":339,\"publisher\":{\"@id\":\"https:\\\/\\\/noticiasmercedinas.com\\\/site\\\/#organization\"},\"image\":{\"@id\":\"https:\\\/\\\/noticiasmercedinas.com\\\/site\\\/2026\\\/01\\\/17\\\/suipacha-promotoras-de-salud-fortalecen-la-prevencion-en-las-escuelas-abiertas-de-verano\\\/#primaryimage\"},\"thumbnailUrl\":\"https:\\\/\\\/noticiasmercedinas.com\\\/site\\\/wp-content\\\/uploads\\\/2026\\\/01\\\/EAV-SUIPACHA.jpg\",\"keywords\":[\"escuelas abiertas de verano\",\"suipacha\"],\"articleSection\":[\"Regionales\"],\"inLanguage\":\"es\"},{\"@type\":\"WebPage\",\"@id\":\"https:\\\/\\\/noticiasmercedinas.com\\\/site\\\/2026\\\/01\\\/17\\\/suipacha-promotoras-de-salud-fortalecen-la-prevencion-en-las-escuelas-abiertas-de-verano\\\/\",\"url\":\"https:\\\/\\\/noticiasmercedinas.com\\\/site\\\/2026\\\/01\\\/17\\\/suipacha-promotoras-de-salud-fortalecen-la-prevencion-en-las-escuelas-abiertas-de-verano\\\/\",\"name\":\"Suipacha: Promotoras de Salud fortalecen la prevenci\u00f3n en las Escuelas Abiertas de Verano\",\"isPartOf\":{\"@id\":\"https:\\\/\\\/noticiasmercedinas.com\\\/site\\\/#website\"},\"primaryImageOfPage\":{\"@id\":\"https:\\\/\\\/noticiasmercedinas.com\\\/site\\\/2026\\\/01\\\/17\\\/suipacha-promotoras-de-salud-fortalecen-la-prevencion-en-las-escuelas-abiertas-de-verano\\\/#primaryimage\"},\"image\":{\"@id\":\"https:\\\/\\\/noticiasmercedinas.com\\\/site\\\/2026\\\/01\\\/17\\\/suipacha-promotoras-de-salud-fortalecen-la-prevencion-en-las-escuelas-abiertas-de-verano\\\/#primaryimage\"},\"thumbnailUrl\":\"https:\\\/\\\/noticiasmercedinas.com\\\/site\\\/wp-content\\\/uploads\\\/2026\\\/01\\\/EAV-SUIPACHA.jpg\",\"datePublished\":\"2026-01-17T15:49:45+00:00\",\"breadcrumb\":{\"@id\":\"https:\\\/\\\/noticiasmercedinas.com\\\/site\\\/2026\\\/01\\\/17\\\/suipacha-promotoras-de-salud-fortalecen-la-prevencion-en-las-escuelas-abiertas-de-verano\\\/#breadcrumb\"},\"inLanguage\":\"es\",\"potentialAction\":[{\"@type\":\"ReadAction\",\"target\":[\"https:\\\/\\\/noticiasmercedinas.com\\\/site\\\/2026\\\/01\\\/17\\\/suipacha-promotoras-de-salud-fortalecen-la-prevencion-en-las-escuelas-abiertas-de-verano\\\/\"]}]},{\"@type\":\"ImageObject\",\"inLanguage\":\"es\",\"@id\":\"https:\\\/\\\/noticiasmercedinas.com\\\/site\\\/2026\\\/01\\\/17\\\/suipacha-promotoras-de-salud-fortalecen-la-prevencion-en-las-escuelas-abiertas-de-verano\\\/#primaryimage\",\"url\":\"https:\\\/\\\/noticiasmercedinas.com\\\/site\\\/wp-content\\\/uploads\\\/2026\\\/01\\\/EAV-SUIPACHA.jpg\",\"contentUrl\":\"https:\\\/\\\/noticiasmercedinas.com\\\/site\\\/wp-content\\\/uploads\\\/2026\\\/01\\\/EAV-SUIPACHA.jpg\",\"width\":640,\"height\":399},{\"@type\":\"BreadcrumbList\",\"@id\":\"https:\\\/\\\/noticiasmercedinas.com\\\/site\\\/2026\\\/01\\\/17\\\/suipacha-promotoras-de-salud-fortalecen-la-prevencion-en-las-escuelas-abiertas-de-verano\\\/#breadcrumb\",\"itemListElement\":[{\"@type\":\"ListItem\",\"position\":1,\"name\":\"Portada\",\"item\":\"https:\\\/\\\/noticiasmercedinas.com\\\/site\\\/\"},{\"@type\":\"ListItem\",\"position\":2,\"name\":\"Suipacha: Promotoras de Salud fortalecen la prevenci\u00f3n en las Escuelas Abiertas de Verano\"}]},{\"@type\":\"WebSite\",\"@id\":\"https:\\\/\\\/noticiasmercedinas.com\\\/site\\\/#website\",\"url\":\"https:\\\/\\\/noticiasmercedinas.com\\\/site\\\/\",\"name\":\"NOTICIASMERCEDINAS.COM\",\"description\":\"Mercedes, Buenos Aires, Argentina\",\"publisher\":{\"@id\":\"https:\\\/\\\/noticiasmercedinas.com\\\/site\\\/#organization\"},\"potentialAction\":[{\"@type\":\"SearchAction\",\"target\":{\"@type\":\"EntryPoint\",\"urlTemplate\":\"https:\\\/\\\/noticiasmercedinas.com\\\/site\\\/?s={search_term_string}\"},\"query-input\":{\"@type\":\"PropertyValueSpecification\",\"valueRequired\":true,\"valueName\":\"search_term_string\"}}],\"inLanguage\":\"es\"},{\"@type\":\"Organization\",\"@id\":\"https:\\\/\\\/noticiasmercedinas.com\\\/site\\\/#organization\",\"name\":\"NOTICIASMERCEDINAS.COM\",\"url\":\"https:\\\/\\\/noticiasmercedinas.com\\\/site\\\/\",\"logo\":{\"@type\":\"ImageObject\",\"inLanguage\":\"es\",\"@id\":\"https:\\\/\\\/noticiasmercedinas.com\\\/site\\\/#\\\/schema\\\/logo\\\/image\\\/\",\"url\":\"https:\\\/\\\/noticiasmercedinas.com\\\/site\\\/wp-content\\\/uploads\\\/2020\\\/06\\\/LOGO-512.jpg\",\"contentUrl\":\"https:\\\/\\\/noticiasmercedinas.com\\\/site\\\/wp-content\\\/uploads\\\/2020\\\/06\\\/LOGO-512.jpg\",\"width\":512,\"height\":512,\"caption\":\"NOTICIASMERCEDINAS.COM\"},\"image\":{\"@id\":\"https:\\\/\\\/noticiasmercedinas.com\\\/site\\\/#\\\/schema\\\/logo\\\/image\\\/\"},\"sameAs\":[\"https:\\\/\\\/www.facebook.com\\\/noticiasmercedinas\\\/\",\"https:\\\/\\\/x.com\\\/notmercedinas\",\"https:\\\/\\\/www.instagram.com\\\/noticiasmercedinas\\\/\"]},{\"@type\":\"Person\",\"@id\":\"https:\\\/\\\/noticiasmercedinas.com\\\/site\\\/#\\\/schema\\\/person\\\/84b59c099c28ff2e8b77d4ceec5d8063\",\"name\":\"NOTICIASMERCEDINAS.COM\",\"image\":{\"@type\":\"ImageObject\",\"inLanguage\":\"es\",\"@id\":\"https:\\\/\\\/secure.gravatar.com\\\/avatar\\\/4dfbf16b4d17945bfb6341b2d19043457132fcf478a5ee04f42e959fd8f5df0a?s=96&d=mm&r=g\",\"url\":\"https:\\\/\\\/secure.gravatar.com\\\/avatar\\\/4dfbf16b4d17945bfb6341b2d19043457132fcf478a5ee04f42e959fd8f5df0a?s=96&d=mm&r=g\",\"contentUrl\":\"https:\\\/\\\/secure.gravatar.com\\\/avatar\\\/4dfbf16b4d17945bfb6341b2d19043457132fcf478a5ee04f42e959fd8f5df0a?s=96&d=mm&r=g\",\"caption\":\"NOTICIASMERCEDINAS.COM\"},\"url\":\"https:\\\/\\\/noticiasmercedinas.com\\\/site\\\/author\\\/anonimo\\\/\"}]}<\/script>\n<!-- \/ Yoast SEO plugin. -->","yoast_head_json":{"title":"Suipacha: Promotoras de Salud fortalecen la prevenci\u00f3n en las Escuelas Abiertas de Verano","robots":{"index":"index","follow":"follow","max-snippet":"max-snippet:-1","max-image-preview":"max-image-preview:large","max-video-preview":"max-video-preview:-1"},"canonical":"https:\/\/noticiasmercedinas.com\/site\/2026\/01\/17\/suipacha-promotoras-de-salud-fortalecen-la-prevencion-en-las-escuelas-abiertas-de-verano\/","og_locale":"es_ES","og_type":"article","og_title":"Suipacha: Promotoras de Salud fortalecen la prevenci\u00f3n en las Escuelas Abiertas de Verano","og_description":"En el marco del programa Escuelas Abiertas en Verano (EAV), las Promotoras de Salud Comunitaria de Suipacha mantienen una presencia activa acompa\u00f1ando a ni\u00f1os y ni\u00f1as mediante jornadas de capacitaci\u00f3n y concientizaci\u00f3n. La iniciativa busca integrar el aprendizaje recreativo con la formaci\u00f3n en h\u00e1bitos saludables, cuidado del cuerpo y prevenci\u00f3n de enfermedades. A trav\u00e9s de [&hellip;]","og_url":"https:\/\/noticiasmercedinas.com\/site\/2026\/01\/17\/suipacha-promotoras-de-salud-fortalecen-la-prevencion-en-las-escuelas-abiertas-de-verano\/","og_site_name":"NOTICIASMERCEDINAS.COM","article_publisher":"https:\/\/www.facebook.com\/noticiasmercedinas\/","article_published_time":"2026-01-17T15:49:45+00:00","og_image":[{"width":640,"height":399,"url":"https:\/\/noticiasmercedinas.com\/site\/wp-content\/uploads\/2026\/01\/EAV-SUIPACHA.jpg","type":"image\/jpeg"}],"author":"NOTICIASMERCEDINAS.COM","twitter_card":"summary_large_image","twitter_creator":"@notmercedinas","twitter_site":"@notmercedinas","twitter_misc":{"Escrito por":"NOTICIASMERCEDINAS.COM","Tiempo de lectura":"2 minutos"},"schema":{"@context":"https:\/\/schema.org","@graph":[{"@type":"Article","@id":"https:\/\/noticiasmercedinas.com\/site\/2026\/01\/17\/suipacha-promotoras-de-salud-fortalecen-la-prevencion-en-las-escuelas-abiertas-de-verano\/#article","isPartOf":{"@id":"https:\/\/noticiasmercedinas.com\/site\/2026\/01\/17\/suipacha-promotoras-de-salud-fortalecen-la-prevencion-en-las-escuelas-abiertas-de-verano\/"},"author":{"name":"NOTICIASMERCEDINAS.COM","@id":"https:\/\/noticiasmercedinas.com\/site\/#\/schema\/person\/84b59c099c28ff2e8b77d4ceec5d8063"},"headline":"Suipacha: Promotoras de Salud fortalecen la prevenci\u00f3n en las Escuelas Abiertas de Verano","datePublished":"2026-01-17T15:49:45+00:00","mainEntityOfPage":{"@id":"https:\/\/noticiasmercedinas.com\/site\/2026\/01\/17\/suipacha-promotoras-de-salud-fortalecen-la-prevencion-en-las-escuelas-abiertas-de-verano\/"},"wordCount":339,"publisher":{"@id":"https:\/\/noticiasmercedinas.com\/site\/#organization"},"image":{"@id":"https:\/\/noticiasmercedinas.com\/site\/2026\/01\/17\/suipacha-promotoras-de-salud-fortalecen-la-prevencion-en-las-escuelas-abiertas-de-verano\/#primaryimage"},"thumbnailUrl":"https:\/\/noticiasmercedinas.com\/site\/wp-content\/uploads\/2026\/01\/EAV-SUIPACHA.jpg","keywords":["escuelas abiertas de verano","suipacha"],"articleSection":["Regionales"],"inLanguage":"es"},{"@type":"WebPage","@id":"https:\/\/noticiasmercedinas.com\/site\/2026\/01\/17\/suipacha-promotoras-de-salud-fortalecen-la-prevencion-en-las-escuelas-abiertas-de-verano\/","url":"https:\/\/noticiasmercedinas.com\/site\/2026\/01\/17\/suipacha-promotoras-de-salud-fortalecen-la-prevencion-en-las-escuelas-abiertas-de-verano\/","name":"Suipacha: Promotoras de Salud fortalecen la prevenci\u00f3n en las Escuelas Abiertas de Verano","isPartOf":{"@id":"https:\/\/noticiasmercedinas.com\/site\/#website"},"primaryImageOfPage":{"@id":"https:\/\/noticiasmercedinas.com\/site\/2026\/01\/17\/suipacha-promotoras-de-salud-fortalecen-la-prevencion-en-las-escuelas-abiertas-de-verano\/#primaryimage"},"image":{"@id":"https:\/\/noticiasmercedinas.com\/site\/2026\/01\/17\/suipacha-promotoras-de-salud-fortalecen-la-prevencion-en-las-escuelas-abiertas-de-verano\/#primaryimage"},"thumbnailUrl":"https:\/\/noticiasmercedinas.com\/site\/wp-content\/uploads\/2026\/01\/EAV-SUIPACHA.jpg","datePublished":"2026-01-17T15:49:45+00:00","breadcrumb":{"@id":"https:\/\/noticiasmercedinas.com\/site\/2026\/01\/17\/suipacha-promotoras-de-salud-fortalecen-la-prevencion-en-las-escuelas-abiertas-de-verano\/#breadcrumb"},"inLanguage":"es","potentialAction":[{"@type":"ReadAction","target":["https:\/\/noticiasmercedinas.com\/site\/2026\/01\/17\/suipacha-promotoras-de-salud-fortalecen-la-prevencion-en-las-escuelas-abiertas-de-verano\/"]}]},{"@type":"ImageObject","inLanguage":"es","@id":"https:\/\/noticiasmercedinas.com\/site\/2026\/01\/17\/suipacha-promotoras-de-salud-fortalecen-la-prevencion-en-las-escuelas-abiertas-de-verano\/#primaryimage","url":"https:\/\/noticiasmercedinas.com\/site\/wp-content\/uploads\/2026\/01\/EAV-SUIPACHA.jpg","contentUrl":"https:\/\/noticiasmercedinas.com\/site\/wp-content\/uploads\/2026\/01\/EAV-SUIPACHA.jpg","width":640,"height":399},{"@type":"BreadcrumbList","@id":"https:\/\/noticiasmercedinas.com\/site\/2026\/01\/17\/suipacha-promotoras-de-salud-fortalecen-la-prevencion-en-las-escuelas-abiertas-de-verano\/#breadcrumb","itemListElement":[{"@type":"ListItem","position":1,"name":"Portada","item":"https:\/\/noticiasmercedinas.com\/site\/"},{"@type":"ListItem","position":2,"name":"Suipacha: Promotoras de Salud fortalecen la prevenci\u00f3n en las Escuelas Abiertas de Verano"}]},{"@type":"WebSite","@id":"https:\/\/noticiasmercedinas.com\/site\/#website","url":"https:\/\/noticiasmercedinas.com\/site\/","name":"NOTICIASMERCEDINAS.COM","description":"Mercedes, Buenos Aires, Argentina","publisher":{"@id":"https:\/\/noticiasmercedinas.com\/site\/#organization"},"potentialAction":[{"@type":"SearchAction","target":{"@type":"EntryPoint","urlTemplate":"https:\/\/noticiasmercedinas.com\/site\/?s={search_term_string}"},"query-input":{"@type":"PropertyValueSpecification","valueRequired":true,"valueName":"search_term_string"}}],"inLanguage":"es"},{"@type":"Organization","@id":"https:\/\/noticiasmercedinas.com\/site\/#organization","name":"NOTICIASMERCEDINAS.COM","url":"https:\/\/noticiasmercedinas.com\/site\/","logo":{"@type":"ImageObject","inLanguage":"es","@id":"https:\/\/noticiasmercedinas.com\/site\/#\/schema\/logo\/image\/","url":"https:\/\/noticiasmercedinas.com\/site\/wp-content\/uploads\/2020\/06\/LOGO-512.jpg","contentUrl":"https:\/\/noticiasmercedinas.com\/site\/wp-content\/uploads\/2020\/06\/LOGO-512.jpg","width":512,"height":512,"caption":"NOTICIASMERCEDINAS.COM"},"image":{"@id":"https:\/\/noticiasmercedinas.com\/site\/#\/schema\/logo\/image\/"},"sameAs":["https:\/\/www.facebook.com\/noticiasmercedinas\/","https:\/\/x.com\/notmercedinas","https:\/\/www.instagram.com\/noticiasmercedinas\/"]},{"@type":"Person","@id":"https:\/\/noticiasmercedinas.com\/site\/#\/schema\/person\/84b59c099c28ff2e8b77d4ceec5d8063","name":"NOTICIASMERCEDINAS.COM","image":{"@type":"ImageObject","inLanguage":"es","@id":"https:\/\/secure.gravatar.com\/avatar\/4dfbf16b4d17945bfb6341b2d19043457132fcf478a5ee04f42e959fd8f5df0a?s=96&d=mm&r=g","url":"https:\/\/secure.gravatar.com\/avatar\/4dfbf16b4d17945bfb6341b2d19043457132fcf478a5ee04f42e959fd8f5df0a?s=96&d=mm&r=g","contentUrl":"https:\/\/secure.gravatar.com\/avatar\/4dfbf16b4d17945bfb6341b2d19043457132fcf478a5ee04f42e959fd8f5df0a?s=96&d=mm&r=g","caption":"NOTICIASMERCEDINAS.COM"},"url":"https:\/\/noticiasmercedinas.com\/site\/author\/anonimo\/"}]}},"amp_enabled":true,"_links":{"self":[{"href":"https:\/\/noticiasmercedinas.com\/site\/wp-json\/wp\/v2\/posts\/178663","targetHints":{"allow":["GET"]}}],"collection":[{"href":"https:\/\/noticiasmercedinas.com\/site\/wp-json\/wp\/v2\/posts"}],"about":[{"href":"https:\/\/noticiasmercedinas.com\/site\/wp-json\/wp\/v2\/types\/post"}],"author":[{"embeddable":true,"href":"https:\/\/noticiasmercedinas.com\/site\/wp-json\/wp\/v2\/users\/16"}],"replies":[{"embeddable":true,"href":"https:\/\/noticiasmercedinas.com\/site\/wp-json\/wp\/v2\/comments?post=178663"}],"version-history":[{"count":1,"href":"https:\/\/noticiasmercedinas.com\/site\/wp-json\/wp\/v2\/posts\/178663\/revisions"}],"predecessor-version":[{"id":178665,"href":"https:\/\/noticiasmercedinas.com\/site\/wp-json\/wp\/v2\/posts\/178663\/revisions\/178665"}],"wp:featuredmedia":[{"embeddable":true,"href":"https:\/\/noticiasmercedinas.com\/site\/wp-json\/wp\/v2\/media\/178664"}],"wp:attachment":[{"href":"https:\/\/noticiasmercedinas.com\/site\/wp-json\/wp\/v2\/media?parent=178663"}],"wp:term":[{"taxonomy":"category","embeddable":true,"href":"https:\/\/noticiasmercedinas.com\/site\/wp-json\/wp\/v2\/categories?post=178663"},{"taxonomy":"post_tag","embeddable":true,"href":"https:\/\/noticiasmercedinas.com\/site\/wp-json\/wp\/v2\/tags?post=178663"}],"curies":[{"name":"wp","href":"https:\/\/api.w.org\/{rel}","templated":true}]}}