{"id":178727,"date":"2026-01-19T10:05:32","date_gmt":"2026-01-19T13:05:32","guid":{"rendered":"https:\/\/noticiasmercedinas.com\/site\/?p=178727"},"modified":"2026-01-19T10:05:32","modified_gmt":"2026-01-19T13:05:32","slug":"paritaria-2026-provincia-acordo-con-los-gremios-bonaerenses-aumento-salarial-en-enero","status":"publish","type":"post","link":"https:\/\/noticiasmercedinas.com\/site\/2026\/01\/19\/paritaria-2026-provincia-acordo-con-los-gremios-bonaerenses-aumento-salarial-en-enero\/","title":{"rendered":"Paritaria 2026: Provincia acord\u00f3 con los gremios bonaerenses aumento salarial en enero"},"content":{"rendered":"<p><img loading=\"lazy\" decoding=\"async\" class=\"alignnone size-full wp-image-76337\" src=\"https:\/\/noticiasmercedinas.com\/site\/wp-content\/uploads\/2021\/10\/cajeros-automaticos-con-la-nueva-imagen-de-marca-de-Banco-Provincia-1-scaled.jpg\" alt=\"\" width=\"2560\" height=\"1707\" srcset=\"https:\/\/noticiasmercedinas.com\/site\/wp-content\/uploads\/2021\/10\/cajeros-automaticos-con-la-nueva-imagen-de-marca-de-Banco-Provincia-1-scaled.jpg 2560w, https:\/\/noticiasmercedinas.com\/site\/wp-content\/uploads\/2021\/10\/cajeros-automaticos-con-la-nueva-imagen-de-marca-de-Banco-Provincia-1-300x200.jpg 300w, https:\/\/noticiasmercedinas.com\/site\/wp-content\/uploads\/2021\/10\/cajeros-automaticos-con-la-nueva-imagen-de-marca-de-Banco-Provincia-1-1024x683.jpg 1024w, https:\/\/noticiasmercedinas.com\/site\/wp-content\/uploads\/2021\/10\/cajeros-automaticos-con-la-nueva-imagen-de-marca-de-Banco-Provincia-1-768x512.jpg 768w, https:\/\/noticiasmercedinas.com\/site\/wp-content\/uploads\/2021\/10\/cajeros-automaticos-con-la-nueva-imagen-de-marca-de-Banco-Provincia-1-1536x1024.jpg 1536w, https:\/\/noticiasmercedinas.com\/site\/wp-content\/uploads\/2021\/10\/cajeros-automaticos-con-la-nueva-imagen-de-marca-de-Banco-Provincia-1-2048x1365.jpg 2048w, https:\/\/noticiasmercedinas.com\/site\/wp-content\/uploads\/2021\/10\/cajeros-automaticos-con-la-nueva-imagen-de-marca-de-Banco-Provincia-1-640x427.jpg 640w, https:\/\/noticiasmercedinas.com\/site\/wp-content\/uploads\/2021\/10\/cajeros-automaticos-con-la-nueva-imagen-de-marca-de-Banco-Provincia-1-1280x853.jpg 1280w, https:\/\/noticiasmercedinas.com\/site\/wp-content\/uploads\/2021\/10\/cajeros-automaticos-con-la-nueva-imagen-de-marca-de-Banco-Provincia-1-681x454.jpg 681w, https:\/\/noticiasmercedinas.com\/site\/wp-content\/uploads\/2021\/10\/cajeros-automaticos-con-la-nueva-imagen-de-marca-de-Banco-Provincia-1-1362x908.jpg 1362w\" sizes=\"auto, (max-width: 2560px) 100vw, 2560px\" \/><\/p>\n<p>El Gobierno de la provincia de Buenos Aires, en un marco de emergencia econ\u00f3mica provocada por las pol\u00edticas del Gobierno nacional, y haciendo una mejora sustancial respecto de su anterior oferta, acord\u00f3 con la mayor\u00eda de los gremios docentes y con los representantes gremiales de los trabajadores de la Ley 10430 y leyes especiales de la Provincia un nuevo aumento salarial.<\/p>\n<p>La oferta est\u00e1 compuesta por un retroactivo a diciembre; el correspondiente proporcional al medio aguinaldo y un 3% en enero, respecto de los haberes vigentes al mes de octubre.<\/p>\n<blockquote><p>La oferta incluye un retroactivo a diciembre con el proporcional del aguinaldo; y un 3% en enero, respecto de los haberes vigentes al mes de octubre.<\/p><\/blockquote>\n<p>De esta manera, las y los trabajadores provinciales percibir\u00e1n en el salario de enero un 4,5% m\u00e1s producto del retroactivo. Tambi\u00e9n se incluye el compromiso de reapertura de las negociaciones en febrero.<\/p>\n<p>Una vez m\u00e1s, es necesario advertir acerca del complejo contexto fiscal que atraviesa la Provincia producto del recorte de transferencias no autom\u00e1ticas por parte del Gobierno nacional y la brutal ca\u00edda de la recaudaci\u00f3n.<\/p>\n<p>A pesar de eso, el Gobierno provincial mantiene su compromiso con la calidad de las condiciones laborales de sus trabajadores y trabajadoras y seguir\u00e1 trabajando para cumplir con sus obligaciones; en el mismo sentido, desde la gesti\u00f3n del Gobernador Axel Kicillof se ha priorizado el di\u00e1logo con las y los representantes gremiales y as\u00ed lo seguir\u00e1 haciendo.<\/p>\n<p>En las reuniones virtuales participaron, por el Ministerio de Econom\u00eda, el subsecretario de Coordinaci\u00f3n Econ\u00f3mica y Estad\u00edstica, Nicol\u00e1s Todesca, y la Directora Provincial de Econom\u00eda Laboral del Sector P\u00fablico, Gisela Swaels; por el Ministerio de Trabajo, el Director Provincial de la Negociaci\u00f3n Colectiva, Juan Pablo Lorenzo; por la Direcci\u00f3n General de Cultura y Educaci\u00f3n, la subsecretaria de Educaci\u00f3n, Claudia Bracchi; por la Secretar\u00eda General, la subsecretaria de Gesti\u00f3n y Empleo P\u00fablico, Ver\u00f3nica Ferraris; y por el IPS, la directora General de Administraci\u00f3n, Carmen Sarra.<\/p>\n","protected":false},"excerpt":{"rendered":"<p>El Gobierno de la provincia de Buenos Aires, en un marco de emergencia econ\u00f3mica provocada por las pol\u00edticas del Gobierno nacional, y haciendo una mejora sustancial respecto de su anterior oferta, acord\u00f3 con la mayor\u00eda de los gremios docentes y con los representantes gremiales de los trabajadores de la Ley 10430 y leyes especiales de [&hellip;]<\/p>\n","protected":false},"author":16,"featured_media":76337,"comment_status":"closed","ping_status":"closed","sticky":false,"template":"","format":"standard","meta":{"footnotes":""},"categories":[7919],"tags":[755,2540,1120],"class_list":["post-178727","post","type-post","status-publish","format-standard","has-post-thumbnail","hentry","category-provinciales","tag-gremios","tag-paritaria","tag-salario"],"yoast_head":"<!-- This site is optimized with the Yoast SEO plugin v27.5 - https:\/\/yoast.com\/product\/yoast-seo-wordpress\/ -->\n<title>Paritaria 2026: Provincia acord\u00f3 con los gremios bonaerenses aumento salarial en enero<\/title>\n<meta name=\"description\" content=\"\u25a0\u00a0La oferta incluye un retroactivo a diciembre con el proporcional del aguinaldo; y un 3% en enero, respecto de los haberes vigentes al mes de octubre.\" \/>\n<meta name=\"robots\" content=\"index, follow, max-snippet:-1, max-image-preview:large, max-video-preview:-1\" \/>\n<link rel=\"canonical\" href=\"https:\/\/noticiasmercedinas.com\/site\/2026\/01\/19\/paritaria-2026-provincia-acordo-con-los-gremios-bonaerenses-aumento-salarial-en-enero\/\" \/>\n<meta property=\"og:locale\" content=\"es_ES\" \/>\n<meta property=\"og:type\" content=\"article\" \/>\n<meta property=\"og:title\" content=\"Paritaria 2026: Provincia acord\u00f3 con los gremios bonaerenses aumento salarial en enero\" \/>\n<meta property=\"og:description\" content=\"\u25a0\u00a0La oferta incluye un retroactivo a diciembre con el proporcional del aguinaldo; y un 3% en enero, respecto de los haberes vigentes al mes de octubre.\" \/>\n<meta property=\"og:url\" content=\"https:\/\/noticiasmercedinas.com\/site\/2026\/01\/19\/paritaria-2026-provincia-acordo-con-los-gremios-bonaerenses-aumento-salarial-en-enero\/\" \/>\n<meta property=\"og:site_name\" content=\"NOTICIASMERCEDINAS.COM\" \/>\n<meta property=\"article:publisher\" content=\"https:\/\/www.facebook.com\/noticiasmercedinas\/\" \/>\n<meta property=\"article:published_time\" content=\"2026-01-19T13:05:32+00:00\" \/>\n<meta property=\"og:image\" content=\"https:\/\/noticiasmercedinas.com\/site\/wp-content\/uploads\/2021\/10\/cajeros-automaticos-con-la-nueva-imagen-de-marca-de-Banco-Provincia-1-scaled.jpg\" \/>\n\t<meta property=\"og:image:width\" content=\"2560\" \/>\n\t<meta property=\"og:image:height\" content=\"1707\" \/>\n\t<meta property=\"og:image:type\" content=\"image\/jpeg\" \/>\n<meta name=\"author\" content=\"NOTICIASMERCEDINAS.COM\" \/>\n<meta name=\"twitter:card\" content=\"summary_large_image\" \/>\n<meta name=\"twitter:creator\" content=\"@notmercedinas\" \/>\n<meta name=\"twitter:site\" content=\"@notmercedinas\" \/>\n<meta name=\"twitter:label1\" content=\"Escrito por\" \/>\n\t<meta name=\"twitter:data1\" content=\"NOTICIASMERCEDINAS.COM\" \/>\n\t<meta name=\"twitter:label2\" content=\"Tiempo de lectura\" \/>\n\t<meta name=\"twitter:data2\" content=\"2 minutos\" \/>\n<script type=\"application\/ld+json\" class=\"yoast-schema-graph\">{\"@context\":\"https:\\\/\\\/schema.org\",\"@graph\":[{\"@type\":\"Article\",\"@id\":\"https:\\\/\\\/noticiasmercedinas.com\\\/site\\\/2026\\\/01\\\/19\\\/paritaria-2026-provincia-acordo-con-los-gremios-bonaerenses-aumento-salarial-en-enero\\\/#article\",\"isPartOf\":{\"@id\":\"https:\\\/\\\/noticiasmercedinas.com\\\/site\\\/2026\\\/01\\\/19\\\/paritaria-2026-provincia-acordo-con-los-gremios-bonaerenses-aumento-salarial-en-enero\\\/\"},\"author\":{\"name\":\"NOTICIASMERCEDINAS.COM\",\"@id\":\"https:\\\/\\\/noticiasmercedinas.com\\\/site\\\/#\\\/schema\\\/person\\\/84b59c099c28ff2e8b77d4ceec5d8063\"},\"headline\":\"Paritaria 2026: Provincia acord\u00f3 con los gremios bonaerenses aumento salarial en enero\",\"datePublished\":\"2026-01-19T13:05:32+00:00\",\"mainEntityOfPage\":{\"@id\":\"https:\\\/\\\/noticiasmercedinas.com\\\/site\\\/2026\\\/01\\\/19\\\/paritaria-2026-provincia-acordo-con-los-gremios-bonaerenses-aumento-salarial-en-enero\\\/\"},\"wordCount\":358,\"publisher\":{\"@id\":\"https:\\\/\\\/noticiasmercedinas.com\\\/site\\\/#organization\"},\"image\":{\"@id\":\"https:\\\/\\\/noticiasmercedinas.com\\\/site\\\/2026\\\/01\\\/19\\\/paritaria-2026-provincia-acordo-con-los-gremios-bonaerenses-aumento-salarial-en-enero\\\/#primaryimage\"},\"thumbnailUrl\":\"https:\\\/\\\/noticiasmercedinas.com\\\/site\\\/wp-content\\\/uploads\\\/2021\\\/10\\\/cajeros-automaticos-con-la-nueva-imagen-de-marca-de-Banco-Provincia-1-scaled.jpg\",\"keywords\":[\"gremios\",\"paritaria\",\"Salario\"],\"articleSection\":[\"Provinciales\"],\"inLanguage\":\"es\"},{\"@type\":\"WebPage\",\"@id\":\"https:\\\/\\\/noticiasmercedinas.com\\\/site\\\/2026\\\/01\\\/19\\\/paritaria-2026-provincia-acordo-con-los-gremios-bonaerenses-aumento-salarial-en-enero\\\/\",\"url\":\"https:\\\/\\\/noticiasmercedinas.com\\\/site\\\/2026\\\/01\\\/19\\\/paritaria-2026-provincia-acordo-con-los-gremios-bonaerenses-aumento-salarial-en-enero\\\/\",\"name\":\"Paritaria 2026: Provincia acord\u00f3 con los gremios bonaerenses aumento salarial en enero\",\"isPartOf\":{\"@id\":\"https:\\\/\\\/noticiasmercedinas.com\\\/site\\\/#website\"},\"primaryImageOfPage\":{\"@id\":\"https:\\\/\\\/noticiasmercedinas.com\\\/site\\\/2026\\\/01\\\/19\\\/paritaria-2026-provincia-acordo-con-los-gremios-bonaerenses-aumento-salarial-en-enero\\\/#primaryimage\"},\"image\":{\"@id\":\"https:\\\/\\\/noticiasmercedinas.com\\\/site\\\/2026\\\/01\\\/19\\\/paritaria-2026-provincia-acordo-con-los-gremios-bonaerenses-aumento-salarial-en-enero\\\/#primaryimage\"},\"thumbnailUrl\":\"https:\\\/\\\/noticiasmercedinas.com\\\/site\\\/wp-content\\\/uploads\\\/2021\\\/10\\\/cajeros-automaticos-con-la-nueva-imagen-de-marca-de-Banco-Provincia-1-scaled.jpg\",\"datePublished\":\"2026-01-19T13:05:32+00:00\",\"description\":\"\u25a0\u00a0La oferta incluye un retroactivo a diciembre con el proporcional del aguinaldo; y un 3% en enero, respecto de los haberes vigentes al mes de octubre.\",\"breadcrumb\":{\"@id\":\"https:\\\/\\\/noticiasmercedinas.com\\\/site\\\/2026\\\/01\\\/19\\\/paritaria-2026-provincia-acordo-con-los-gremios-bonaerenses-aumento-salarial-en-enero\\\/#breadcrumb\"},\"inLanguage\":\"es\",\"potentialAction\":[{\"@type\":\"ReadAction\",\"target\":[\"https:\\\/\\\/noticiasmercedinas.com\\\/site\\\/2026\\\/01\\\/19\\\/paritaria-2026-provincia-acordo-con-los-gremios-bonaerenses-aumento-salarial-en-enero\\\/\"]}]},{\"@type\":\"ImageObject\",\"inLanguage\":\"es\",\"@id\":\"https:\\\/\\\/noticiasmercedinas.com\\\/site\\\/2026\\\/01\\\/19\\\/paritaria-2026-provincia-acordo-con-los-gremios-bonaerenses-aumento-salarial-en-enero\\\/#primaryimage\",\"url\":\"https:\\\/\\\/noticiasmercedinas.com\\\/site\\\/wp-content\\\/uploads\\\/2021\\\/10\\\/cajeros-automaticos-con-la-nueva-imagen-de-marca-de-Banco-Provincia-1-scaled.jpg\",\"contentUrl\":\"https:\\\/\\\/noticiasmercedinas.com\\\/site\\\/wp-content\\\/uploads\\\/2021\\\/10\\\/cajeros-automaticos-con-la-nueva-imagen-de-marca-de-Banco-Provincia-1-scaled.jpg\",\"width\":2560,\"height\":1707},{\"@type\":\"BreadcrumbList\",\"@id\":\"https:\\\/\\\/noticiasmercedinas.com\\\/site\\\/2026\\\/01\\\/19\\\/paritaria-2026-provincia-acordo-con-los-gremios-bonaerenses-aumento-salarial-en-enero\\\/#breadcrumb\",\"itemListElement\":[{\"@type\":\"ListItem\",\"position\":1,\"name\":\"Portada\",\"item\":\"https:\\\/\\\/noticiasmercedinas.com\\\/site\\\/\"},{\"@type\":\"ListItem\",\"position\":2,\"name\":\"Paritaria 2026: Provincia acord\u00f3 con los gremios bonaerenses aumento salarial en enero\"}]},{\"@type\":\"WebSite\",\"@id\":\"https:\\\/\\\/noticiasmercedinas.com\\\/site\\\/#website\",\"url\":\"https:\\\/\\\/noticiasmercedinas.com\\\/site\\\/\",\"name\":\"NOTICIASMERCEDINAS.COM\",\"description\":\"Mercedes, Buenos Aires, Argentina\",\"publisher\":{\"@id\":\"https:\\\/\\\/noticiasmercedinas.com\\\/site\\\/#organization\"},\"potentialAction\":[{\"@type\":\"SearchAction\",\"target\":{\"@type\":\"EntryPoint\",\"urlTemplate\":\"https:\\\/\\\/noticiasmercedinas.com\\\/site\\\/?s={search_term_string}\"},\"query-input\":{\"@type\":\"PropertyValueSpecification\",\"valueRequired\":true,\"valueName\":\"search_term_string\"}}],\"inLanguage\":\"es\"},{\"@type\":\"Organization\",\"@id\":\"https:\\\/\\\/noticiasmercedinas.com\\\/site\\\/#organization\",\"name\":\"NOTICIASMERCEDINAS.COM\",\"url\":\"https:\\\/\\\/noticiasmercedinas.com\\\/site\\\/\",\"logo\":{\"@type\":\"ImageObject\",\"inLanguage\":\"es\",\"@id\":\"https:\\\/\\\/noticiasmercedinas.com\\\/site\\\/#\\\/schema\\\/logo\\\/image\\\/\",\"url\":\"https:\\\/\\\/noticiasmercedinas.com\\\/site\\\/wp-content\\\/uploads\\\/2020\\\/06\\\/LOGO-512.jpg\",\"contentUrl\":\"https:\\\/\\\/noticiasmercedinas.com\\\/site\\\/wp-content\\\/uploads\\\/2020\\\/06\\\/LOGO-512.jpg\",\"width\":512,\"height\":512,\"caption\":\"NOTICIASMERCEDINAS.COM\"},\"image\":{\"@id\":\"https:\\\/\\\/noticiasmercedinas.com\\\/site\\\/#\\\/schema\\\/logo\\\/image\\\/\"},\"sameAs\":[\"https:\\\/\\\/www.facebook.com\\\/noticiasmercedinas\\\/\",\"https:\\\/\\\/x.com\\\/notmercedinas\",\"https:\\\/\\\/www.instagram.com\\\/noticiasmercedinas\\\/\"]},{\"@type\":\"Person\",\"@id\":\"https:\\\/\\\/noticiasmercedinas.com\\\/site\\\/#\\\/schema\\\/person\\\/84b59c099c28ff2e8b77d4ceec5d8063\",\"name\":\"NOTICIASMERCEDINAS.COM\",\"image\":{\"@type\":\"ImageObject\",\"inLanguage\":\"es\",\"@id\":\"https:\\\/\\\/secure.gravatar.com\\\/avatar\\\/4dfbf16b4d17945bfb6341b2d19043457132fcf478a5ee04f42e959fd8f5df0a?s=96&d=mm&r=g\",\"url\":\"https:\\\/\\\/secure.gravatar.com\\\/avatar\\\/4dfbf16b4d17945bfb6341b2d19043457132fcf478a5ee04f42e959fd8f5df0a?s=96&d=mm&r=g\",\"contentUrl\":\"https:\\\/\\\/secure.gravatar.com\\\/avatar\\\/4dfbf16b4d17945bfb6341b2d19043457132fcf478a5ee04f42e959fd8f5df0a?s=96&d=mm&r=g\",\"caption\":\"NOTICIASMERCEDINAS.COM\"},\"url\":\"https:\\\/\\\/noticiasmercedinas.com\\\/site\\\/author\\\/anonimo\\\/\"}]}<\/script>\n<!-- \/ Yoast SEO plugin. -->","yoast_head_json":{"title":"Paritaria 2026: Provincia acord\u00f3 con los gremios bonaerenses aumento salarial en enero","description":"\u25a0\u00a0La oferta incluye un retroactivo a diciembre con el proporcional del aguinaldo; y un 3% en enero, respecto de los haberes vigentes al mes de octubre.","robots":{"index":"index","follow":"follow","max-snippet":"max-snippet:-1","max-image-preview":"max-image-preview:large","max-video-preview":"max-video-preview:-1"},"canonical":"https:\/\/noticiasmercedinas.com\/site\/2026\/01\/19\/paritaria-2026-provincia-acordo-con-los-gremios-bonaerenses-aumento-salarial-en-enero\/","og_locale":"es_ES","og_type":"article","og_title":"Paritaria 2026: Provincia acord\u00f3 con los gremios bonaerenses aumento salarial en enero","og_description":"\u25a0\u00a0La oferta incluye un retroactivo a diciembre con el proporcional del aguinaldo; y un 3% en enero, respecto de los haberes vigentes al mes de octubre.","og_url":"https:\/\/noticiasmercedinas.com\/site\/2026\/01\/19\/paritaria-2026-provincia-acordo-con-los-gremios-bonaerenses-aumento-salarial-en-enero\/","og_site_name":"NOTICIASMERCEDINAS.COM","article_publisher":"https:\/\/www.facebook.com\/noticiasmercedinas\/","article_published_time":"2026-01-19T13:05:32+00:00","og_image":[{"width":2560,"height":1707,"url":"https:\/\/noticiasmercedinas.com\/site\/wp-content\/uploads\/2021\/10\/cajeros-automaticos-con-la-nueva-imagen-de-marca-de-Banco-Provincia-1-scaled.jpg","type":"image\/jpeg"}],"author":"NOTICIASMERCEDINAS.COM","twitter_card":"summary_large_image","twitter_creator":"@notmercedinas","twitter_site":"@notmercedinas","twitter_misc":{"Escrito por":"NOTICIASMERCEDINAS.COM","Tiempo de lectura":"2 minutos"},"schema":{"@context":"https:\/\/schema.org","@graph":[{"@type":"Article","@id":"https:\/\/noticiasmercedinas.com\/site\/2026\/01\/19\/paritaria-2026-provincia-acordo-con-los-gremios-bonaerenses-aumento-salarial-en-enero\/#article","isPartOf":{"@id":"https:\/\/noticiasmercedinas.com\/site\/2026\/01\/19\/paritaria-2026-provincia-acordo-con-los-gremios-bonaerenses-aumento-salarial-en-enero\/"},"author":{"name":"NOTICIASMERCEDINAS.COM","@id":"https:\/\/noticiasmercedinas.com\/site\/#\/schema\/person\/84b59c099c28ff2e8b77d4ceec5d8063"},"headline":"Paritaria 2026: Provincia acord\u00f3 con los gremios bonaerenses aumento salarial en enero","datePublished":"2026-01-19T13:05:32+00:00","mainEntityOfPage":{"@id":"https:\/\/noticiasmercedinas.com\/site\/2026\/01\/19\/paritaria-2026-provincia-acordo-con-los-gremios-bonaerenses-aumento-salarial-en-enero\/"},"wordCount":358,"publisher":{"@id":"https:\/\/noticiasmercedinas.com\/site\/#organization"},"image":{"@id":"https:\/\/noticiasmercedinas.com\/site\/2026\/01\/19\/paritaria-2026-provincia-acordo-con-los-gremios-bonaerenses-aumento-salarial-en-enero\/#primaryimage"},"thumbnailUrl":"https:\/\/noticiasmercedinas.com\/site\/wp-content\/uploads\/2021\/10\/cajeros-automaticos-con-la-nueva-imagen-de-marca-de-Banco-Provincia-1-scaled.jpg","keywords":["gremios","paritaria","Salario"],"articleSection":["Provinciales"],"inLanguage":"es"},{"@type":"WebPage","@id":"https:\/\/noticiasmercedinas.com\/site\/2026\/01\/19\/paritaria-2026-provincia-acordo-con-los-gremios-bonaerenses-aumento-salarial-en-enero\/","url":"https:\/\/noticiasmercedinas.com\/site\/2026\/01\/19\/paritaria-2026-provincia-acordo-con-los-gremios-bonaerenses-aumento-salarial-en-enero\/","name":"Paritaria 2026: Provincia acord\u00f3 con los gremios bonaerenses aumento salarial en enero","isPartOf":{"@id":"https:\/\/noticiasmercedinas.com\/site\/#website"},"primaryImageOfPage":{"@id":"https:\/\/noticiasmercedinas.com\/site\/2026\/01\/19\/paritaria-2026-provincia-acordo-con-los-gremios-bonaerenses-aumento-salarial-en-enero\/#primaryimage"},"image":{"@id":"https:\/\/noticiasmercedinas.com\/site\/2026\/01\/19\/paritaria-2026-provincia-acordo-con-los-gremios-bonaerenses-aumento-salarial-en-enero\/#primaryimage"},"thumbnailUrl":"https:\/\/noticiasmercedinas.com\/site\/wp-content\/uploads\/2021\/10\/cajeros-automaticos-con-la-nueva-imagen-de-marca-de-Banco-Provincia-1-scaled.jpg","datePublished":"2026-01-19T13:05:32+00:00","description":"\u25a0\u00a0La oferta incluye un retroactivo a diciembre con el proporcional del aguinaldo; y un 3% en enero, respecto de los haberes vigentes al mes de octubre.","breadcrumb":{"@id":"https:\/\/noticiasmercedinas.com\/site\/2026\/01\/19\/paritaria-2026-provincia-acordo-con-los-gremios-bonaerenses-aumento-salarial-en-enero\/#breadcrumb"},"inLanguage":"es","potentialAction":[{"@type":"ReadAction","target":["https:\/\/noticiasmercedinas.com\/site\/2026\/01\/19\/paritaria-2026-provincia-acordo-con-los-gremios-bonaerenses-aumento-salarial-en-enero\/"]}]},{"@type":"ImageObject","inLanguage":"es","@id":"https:\/\/noticiasmercedinas.com\/site\/2026\/01\/19\/paritaria-2026-provincia-acordo-con-los-gremios-bonaerenses-aumento-salarial-en-enero\/#primaryimage","url":"https:\/\/noticiasmercedinas.com\/site\/wp-content\/uploads\/2021\/10\/cajeros-automaticos-con-la-nueva-imagen-de-marca-de-Banco-Provincia-1-scaled.jpg","contentUrl":"https:\/\/noticiasmercedinas.com\/site\/wp-content\/uploads\/2021\/10\/cajeros-automaticos-con-la-nueva-imagen-de-marca-de-Banco-Provincia-1-scaled.jpg","width":2560,"height":1707},{"@type":"BreadcrumbList","@id":"https:\/\/noticiasmercedinas.com\/site\/2026\/01\/19\/paritaria-2026-provincia-acordo-con-los-gremios-bonaerenses-aumento-salarial-en-enero\/#breadcrumb","itemListElement":[{"@type":"ListItem","position":1,"name":"Portada","item":"https:\/\/noticiasmercedinas.com\/site\/"},{"@type":"ListItem","position":2,"name":"Paritaria 2026: Provincia acord\u00f3 con los gremios bonaerenses aumento salarial en enero"}]},{"@type":"WebSite","@id":"https:\/\/noticiasmercedinas.com\/site\/#website","url":"https:\/\/noticiasmercedinas.com\/site\/","name":"NOTICIASMERCEDINAS.COM","description":"Mercedes, Buenos Aires, Argentina","publisher":{"@id":"https:\/\/noticiasmercedinas.com\/site\/#organization"},"potentialAction":[{"@type":"SearchAction","target":{"@type":"EntryPoint","urlTemplate":"https:\/\/noticiasmercedinas.com\/site\/?s={search_term_string}"},"query-input":{"@type":"PropertyValueSpecification","valueRequired":true,"valueName":"search_term_string"}}],"inLanguage":"es"},{"@type":"Organization","@id":"https:\/\/noticiasmercedinas.com\/site\/#organization","name":"NOTICIASMERCEDINAS.COM","url":"https:\/\/noticiasmercedinas.com\/site\/","logo":{"@type":"ImageObject","inLanguage":"es","@id":"https:\/\/noticiasmercedinas.com\/site\/#\/schema\/logo\/image\/","url":"https:\/\/noticiasmercedinas.com\/site\/wp-content\/uploads\/2020\/06\/LOGO-512.jpg","contentUrl":"https:\/\/noticiasmercedinas.com\/site\/wp-content\/uploads\/2020\/06\/LOGO-512.jpg","width":512,"height":512,"caption":"NOTICIASMERCEDINAS.COM"},"image":{"@id":"https:\/\/noticiasmercedinas.com\/site\/#\/schema\/logo\/image\/"},"sameAs":["https:\/\/www.facebook.com\/noticiasmercedinas\/","https:\/\/x.com\/notmercedinas","https:\/\/www.instagram.com\/noticiasmercedinas\/"]},{"@type":"Person","@id":"https:\/\/noticiasmercedinas.com\/site\/#\/schema\/person\/84b59c099c28ff2e8b77d4ceec5d8063","name":"NOTICIASMERCEDINAS.COM","image":{"@type":"ImageObject","inLanguage":"es","@id":"https:\/\/secure.gravatar.com\/avatar\/4dfbf16b4d17945bfb6341b2d19043457132fcf478a5ee04f42e959fd8f5df0a?s=96&d=mm&r=g","url":"https:\/\/secure.gravatar.com\/avatar\/4dfbf16b4d17945bfb6341b2d19043457132fcf478a5ee04f42e959fd8f5df0a?s=96&d=mm&r=g","contentUrl":"https:\/\/secure.gravatar.com\/avatar\/4dfbf16b4d17945bfb6341b2d19043457132fcf478a5ee04f42e959fd8f5df0a?s=96&d=mm&r=g","caption":"NOTICIASMERCEDINAS.COM"},"url":"https:\/\/noticiasmercedinas.com\/site\/author\/anonimo\/"}]}},"amp_enabled":true,"_links":{"self":[{"href":"https:\/\/noticiasmercedinas.com\/site\/wp-json\/wp\/v2\/posts\/178727","targetHints":{"allow":["GET"]}}],"collection":[{"href":"https:\/\/noticiasmercedinas.com\/site\/wp-json\/wp\/v2\/posts"}],"about":[{"href":"https:\/\/noticiasmercedinas.com\/site\/wp-json\/wp\/v2\/types\/post"}],"author":[{"embeddable":true,"href":"https:\/\/noticiasmercedinas.com\/site\/wp-json\/wp\/v2\/users\/16"}],"replies":[{"embeddable":true,"href":"https:\/\/noticiasmercedinas.com\/site\/wp-json\/wp\/v2\/comments?post=178727"}],"version-history":[{"count":1,"href":"https:\/\/noticiasmercedinas.com\/site\/wp-json\/wp\/v2\/posts\/178727\/revisions"}],"predecessor-version":[{"id":178728,"href":"https:\/\/noticiasmercedinas.com\/site\/wp-json\/wp\/v2\/posts\/178727\/revisions\/178728"}],"wp:featuredmedia":[{"embeddable":true,"href":"https:\/\/noticiasmercedinas.com\/site\/wp-json\/wp\/v2\/media\/76337"}],"wp:attachment":[{"href":"https:\/\/noticiasmercedinas.com\/site\/wp-json\/wp\/v2\/media?parent=178727"}],"wp:term":[{"taxonomy":"category","embeddable":true,"href":"https:\/\/noticiasmercedinas.com\/site\/wp-json\/wp\/v2\/categories?post=178727"},{"taxonomy":"post_tag","embeddable":true,"href":"https:\/\/noticiasmercedinas.com\/site\/wp-json\/wp\/v2\/tags?post=178727"}],"curies":[{"name":"wp","href":"https:\/\/api.w.org\/{rel}","templated":true}]}}