{"id":178979,"date":"2026-01-24T20:20:02","date_gmt":"2026-01-24T23:20:02","guid":{"rendered":"https:\/\/noticiasmercedinas.com\/site\/?p=178979"},"modified":"2026-01-27T11:05:35","modified_gmt":"2026-01-27T14:05:35","slug":"carlos-mazu-insto-a-ampliar-el-peronismo-y-recuperar-su-identidad-ligada-a-los-trabajadores","status":"publish","type":"post","link":"https:\/\/noticiasmercedinas.com\/site\/2026\/01\/24\/carlos-mazu-insto-a-ampliar-el-peronismo-y-recuperar-su-identidad-ligada-a-los-trabajadores\/","title":{"rendered":"Carlos Maz\u00fa inst\u00f3 a \u201campliar el peronismo\u201d y recuperar su identidad ligada a los trabajadores"},"content":{"rendered":"<p><img loading=\"lazy\" decoding=\"async\" class=\"alignnone size-full wp-image-131484\" src=\"https:\/\/noticiasmercedinas.com\/site\/wp-content\/uploads\/2024\/02\/MAZU.jpg\" alt=\"\" width=\"640\" height=\"419\" srcset=\"https:\/\/noticiasmercedinas.com\/site\/wp-content\/uploads\/2024\/02\/MAZU.jpg 640w, https:\/\/noticiasmercedinas.com\/site\/wp-content\/uploads\/2024\/02\/MAZU-300x196.jpg 300w\" sizes=\"auto, (max-width: 640px) 100vw, 640px\" \/><\/p>\n<p>En el marco del proceso de renovaci\u00f3n de autoridades del Partido Justicialista (PJ) de la provincia de Buenos Aires, el dirigente peronista Carlos Maz\u00fa lanz\u00f3 un fuerte llamado a la reflexi\u00f3n interna.<\/p>\n<p>Maz\u00fa plante\u00f3 la necesidad urgente de recuperar la amplitud hist\u00f3rica del espacio para devolverle su identidad como movimiento de los trabajadores, advirtiendo que el actual ensimismamiento del partido debilita su capacidad de transformaci\u00f3n.<\/p>\n<p>\u201cDurante estos a\u00f1os el peronismo se fue cerrando cada vez m\u00e1s. Se transform\u00f3 en un espacio reducido, con poca discusi\u00f3n interna y muy alejado de la realidad cotidiana de los trabajadores\u201d, sentenci\u00f3 el dirigente.<\/p>\n<p>Para Maz\u00fa, el PJ ha mutado hacia una estructura excluyente, lo que contradice su naturaleza de \u201cmovimiento nacional, popular y democr\u00e1tico\u201d que hist\u00f3ricamente supo amalgamar al trabajo y la producci\u00f3n.<\/p>\n<p><strong>Cr\u00edtica a la falta de debate interno<\/strong><\/p>\n<p>El an\u00e1lisis de Maz\u00fa puso el foco en la p\u00e9rdida de representatividad que sufre el partido debido a la centralizaci\u00f3n de las decisiones. Seg\u00fan el dirigente, el alejamiento de los barrios y de la militancia de base es una de las causas principales del desencanto electoral:<\/p>\n<ul>\n<li>P\u00e9rdida de esencia: El dirigente se\u00f1al\u00f3 que el problema surge cuando \u00abunos pocos se creen los due\u00f1os de la verdad\u00bb.<\/li>\n<li>Falta de autocr\u00edtica: Asegur\u00f3 que sin una revisi\u00f3n profunda, el peronismo se \u00abvac\u00eda de contenido\u00bb.<\/li>\n<li>Desconexi\u00f3n social: Advirti\u00f3 que cuando el partido deja de hablarle al trabajador, el pueblo busca respuestas en otros sectores pol\u00edticos.<\/li>\n<\/ul>\n<p>\u201cNo se trata de romper ni de dividir, sino de recuperar la esencia y volver a convocar a todos los compa\u00f1eros que sienten que el partido ya no los contiene\u201d, afirm\u00f3 Maz\u00fa.<\/p>\n<p>Hacia el cierre de su intervenci\u00f3n, el referente local destac\u00f3 que tanto los militantes hist\u00f3ricos como los j\u00f3venes se sienten actualmente \u00abcorridos del debate pol\u00edtico\u00bb. Por ello, inst\u00f3 a reconstruir la unidad desde la diversidad, fomentando una participaci\u00f3n activa que trascienda las estructuras r\u00edgidas.<\/p>\n<p>Para Maz\u00fa, la clave de cara al futuro pr\u00f3ximo reside en volver a convertir al PJ en una herramienta amplia y participativa, capaz de volver a representar a la \u00abcomunidad organizada\u00bb y recuperar el protagonismo en el escenario pol\u00edtico bonaerense.<\/p>\n","protected":false},"excerpt":{"rendered":"<p>\u25a0 De cara a las elecciones del PJ, el dirigente local cuestion\u00f3 el actual cierre de las estructuras partidarias y llam\u00f3 a una apertura que incluya a la militancia de base y a los sectores productivos<\/p>\n","protected":false},"author":16,"featured_media":131484,"comment_status":"closed","ping_status":"closed","sticky":false,"template":"","format":"standard","meta":{"footnotes":""},"categories":[16],"tags":[17977,17149,1489],"class_list":["post-178979","post","type-post","status-publish","format-standard","has-post-thumbnail","hentry","category-politica","tag-carlos-mazu","tag-ok","tag-pj"],"yoast_head":"<!-- This site is optimized with the Yoast SEO plugin v27.5 - https:\/\/yoast.com\/product\/yoast-seo-wordpress\/ -->\n<title>Carlos Maz\u00fa inst\u00f3 a \u201campliar el peronismo\u201d y recuperar su identidad ligada a los trabajadores<\/title>\n<meta name=\"description\" content=\"De cara a las elecciones del PJ, el dirigente local cuestion\u00f3 el actual cierre de las estructuras partidarias y llam\u00f3 a una apertura que incluya a la militancia de base y a los sectores productivos\" \/>\n<meta name=\"robots\" content=\"index, follow, max-snippet:-1, max-image-preview:large, max-video-preview:-1\" \/>\n<link rel=\"canonical\" href=\"https:\/\/noticiasmercedinas.com\/site\/2026\/01\/24\/carlos-mazu-insto-a-ampliar-el-peronismo-y-recuperar-su-identidad-ligada-a-los-trabajadores\/\" \/>\n<meta property=\"og:locale\" content=\"es_ES\" \/>\n<meta property=\"og:type\" content=\"article\" \/>\n<meta property=\"og:title\" content=\"Carlos Maz\u00fa inst\u00f3 a \u201campliar el peronismo\u201d y recuperar su identidad ligada a los trabajadores\" \/>\n<meta property=\"og:description\" content=\"De cara a las elecciones del PJ, el dirigente local cuestion\u00f3 el actual cierre de las estructuras partidarias y llam\u00f3 a una apertura que incluya a la militancia de base y a los sectores productivos\" \/>\n<meta property=\"og:url\" content=\"https:\/\/noticiasmercedinas.com\/site\/2026\/01\/24\/carlos-mazu-insto-a-ampliar-el-peronismo-y-recuperar-su-identidad-ligada-a-los-trabajadores\/\" \/>\n<meta property=\"og:site_name\" content=\"NOTICIASMERCEDINAS.COM\" \/>\n<meta property=\"article:publisher\" content=\"https:\/\/www.facebook.com\/noticiasmercedinas\/\" \/>\n<meta property=\"article:published_time\" content=\"2026-01-24T23:20:02+00:00\" \/>\n<meta property=\"article:modified_time\" content=\"2026-01-27T14:05:35+00:00\" \/>\n<meta property=\"og:image\" content=\"https:\/\/noticiasmercedinas.com\/site\/wp-content\/uploads\/2024\/02\/MAZU.jpg\" \/>\n\t<meta property=\"og:image:width\" content=\"640\" \/>\n\t<meta property=\"og:image:height\" content=\"419\" \/>\n\t<meta property=\"og:image:type\" content=\"image\/jpeg\" \/>\n<meta name=\"author\" content=\"NOTICIASMERCEDINAS.COM\" \/>\n<meta name=\"twitter:card\" content=\"summary_large_image\" \/>\n<meta name=\"twitter:creator\" content=\"@notmercedinas\" \/>\n<meta name=\"twitter:site\" content=\"@notmercedinas\" \/>\n<meta name=\"twitter:label1\" content=\"Escrito por\" \/>\n\t<meta name=\"twitter:data1\" content=\"NOTICIASMERCEDINAS.COM\" \/>\n\t<meta name=\"twitter:label2\" content=\"Tiempo de lectura\" \/>\n\t<meta name=\"twitter:data2\" content=\"3 minutos\" \/>\n<script type=\"application\/ld+json\" class=\"yoast-schema-graph\">{\"@context\":\"https:\\\/\\\/schema.org\",\"@graph\":[{\"@type\":\"Article\",\"@id\":\"https:\\\/\\\/noticiasmercedinas.com\\\/site\\\/2026\\\/01\\\/24\\\/carlos-mazu-insto-a-ampliar-el-peronismo-y-recuperar-su-identidad-ligada-a-los-trabajadores\\\/#article\",\"isPartOf\":{\"@id\":\"https:\\\/\\\/noticiasmercedinas.com\\\/site\\\/2026\\\/01\\\/24\\\/carlos-mazu-insto-a-ampliar-el-peronismo-y-recuperar-su-identidad-ligada-a-los-trabajadores\\\/\"},\"author\":{\"name\":\"NOTICIASMERCEDINAS.COM\",\"@id\":\"https:\\\/\\\/noticiasmercedinas.com\\\/site\\\/#\\\/schema\\\/person\\\/84b59c099c28ff2e8b77d4ceec5d8063\"},\"headline\":\"Carlos Maz\u00fa inst\u00f3 a \u201campliar el peronismo\u201d y recuperar su identidad ligada a los trabajadores\",\"datePublished\":\"2026-01-24T23:20:02+00:00\",\"dateModified\":\"2026-01-27T14:05:35+00:00\",\"mainEntityOfPage\":{\"@id\":\"https:\\\/\\\/noticiasmercedinas.com\\\/site\\\/2026\\\/01\\\/24\\\/carlos-mazu-insto-a-ampliar-el-peronismo-y-recuperar-su-identidad-ligada-a-los-trabajadores\\\/\"},\"wordCount\":400,\"publisher\":{\"@id\":\"https:\\\/\\\/noticiasmercedinas.com\\\/site\\\/#organization\"},\"image\":{\"@id\":\"https:\\\/\\\/noticiasmercedinas.com\\\/site\\\/2026\\\/01\\\/24\\\/carlos-mazu-insto-a-ampliar-el-peronismo-y-recuperar-su-identidad-ligada-a-los-trabajadores\\\/#primaryimage\"},\"thumbnailUrl\":\"https:\\\/\\\/noticiasmercedinas.com\\\/site\\\/wp-content\\\/uploads\\\/2024\\\/02\\\/MAZU.jpg\",\"keywords\":[\"carlos mazu\",\"Ok\",\"pj\"],\"articleSection\":[\"Politica\"],\"inLanguage\":\"es\"},{\"@type\":\"WebPage\",\"@id\":\"https:\\\/\\\/noticiasmercedinas.com\\\/site\\\/2026\\\/01\\\/24\\\/carlos-mazu-insto-a-ampliar-el-peronismo-y-recuperar-su-identidad-ligada-a-los-trabajadores\\\/\",\"url\":\"https:\\\/\\\/noticiasmercedinas.com\\\/site\\\/2026\\\/01\\\/24\\\/carlos-mazu-insto-a-ampliar-el-peronismo-y-recuperar-su-identidad-ligada-a-los-trabajadores\\\/\",\"name\":\"Carlos Maz\u00fa inst\u00f3 a \u201campliar el peronismo\u201d y recuperar su identidad ligada a los trabajadores\",\"isPartOf\":{\"@id\":\"https:\\\/\\\/noticiasmercedinas.com\\\/site\\\/#website\"},\"primaryImageOfPage\":{\"@id\":\"https:\\\/\\\/noticiasmercedinas.com\\\/site\\\/2026\\\/01\\\/24\\\/carlos-mazu-insto-a-ampliar-el-peronismo-y-recuperar-su-identidad-ligada-a-los-trabajadores\\\/#primaryimage\"},\"image\":{\"@id\":\"https:\\\/\\\/noticiasmercedinas.com\\\/site\\\/2026\\\/01\\\/24\\\/carlos-mazu-insto-a-ampliar-el-peronismo-y-recuperar-su-identidad-ligada-a-los-trabajadores\\\/#primaryimage\"},\"thumbnailUrl\":\"https:\\\/\\\/noticiasmercedinas.com\\\/site\\\/wp-content\\\/uploads\\\/2024\\\/02\\\/MAZU.jpg\",\"datePublished\":\"2026-01-24T23:20:02+00:00\",\"dateModified\":\"2026-01-27T14:05:35+00:00\",\"description\":\"De cara a las elecciones del PJ, el dirigente local cuestion\u00f3 el actual cierre de las estructuras partidarias y llam\u00f3 a una apertura que incluya a la militancia de base y a los sectores productivos\",\"breadcrumb\":{\"@id\":\"https:\\\/\\\/noticiasmercedinas.com\\\/site\\\/2026\\\/01\\\/24\\\/carlos-mazu-insto-a-ampliar-el-peronismo-y-recuperar-su-identidad-ligada-a-los-trabajadores\\\/#breadcrumb\"},\"inLanguage\":\"es\",\"potentialAction\":[{\"@type\":\"ReadAction\",\"target\":[\"https:\\\/\\\/noticiasmercedinas.com\\\/site\\\/2026\\\/01\\\/24\\\/carlos-mazu-insto-a-ampliar-el-peronismo-y-recuperar-su-identidad-ligada-a-los-trabajadores\\\/\"]}]},{\"@type\":\"ImageObject\",\"inLanguage\":\"es\",\"@id\":\"https:\\\/\\\/noticiasmercedinas.com\\\/site\\\/2026\\\/01\\\/24\\\/carlos-mazu-insto-a-ampliar-el-peronismo-y-recuperar-su-identidad-ligada-a-los-trabajadores\\\/#primaryimage\",\"url\":\"https:\\\/\\\/noticiasmercedinas.com\\\/site\\\/wp-content\\\/uploads\\\/2024\\\/02\\\/MAZU.jpg\",\"contentUrl\":\"https:\\\/\\\/noticiasmercedinas.com\\\/site\\\/wp-content\\\/uploads\\\/2024\\\/02\\\/MAZU.jpg\",\"width\":640,\"height\":419},{\"@type\":\"BreadcrumbList\",\"@id\":\"https:\\\/\\\/noticiasmercedinas.com\\\/site\\\/2026\\\/01\\\/24\\\/carlos-mazu-insto-a-ampliar-el-peronismo-y-recuperar-su-identidad-ligada-a-los-trabajadores\\\/#breadcrumb\",\"itemListElement\":[{\"@type\":\"ListItem\",\"position\":1,\"name\":\"Portada\",\"item\":\"https:\\\/\\\/noticiasmercedinas.com\\\/site\\\/\"},{\"@type\":\"ListItem\",\"position\":2,\"name\":\"Carlos Maz\u00fa inst\u00f3 a \u201campliar el peronismo\u201d y recuperar su identidad ligada a los trabajadores\"}]},{\"@type\":\"WebSite\",\"@id\":\"https:\\\/\\\/noticiasmercedinas.com\\\/site\\\/#website\",\"url\":\"https:\\\/\\\/noticiasmercedinas.com\\\/site\\\/\",\"name\":\"NOTICIASMERCEDINAS.COM\",\"description\":\"Mercedes, Buenos Aires, Argentina\",\"publisher\":{\"@id\":\"https:\\\/\\\/noticiasmercedinas.com\\\/site\\\/#organization\"},\"potentialAction\":[{\"@type\":\"SearchAction\",\"target\":{\"@type\":\"EntryPoint\",\"urlTemplate\":\"https:\\\/\\\/noticiasmercedinas.com\\\/site\\\/?s={search_term_string}\"},\"query-input\":{\"@type\":\"PropertyValueSpecification\",\"valueRequired\":true,\"valueName\":\"search_term_string\"}}],\"inLanguage\":\"es\"},{\"@type\":\"Organization\",\"@id\":\"https:\\\/\\\/noticiasmercedinas.com\\\/site\\\/#organization\",\"name\":\"NOTICIASMERCEDINAS.COM\",\"url\":\"https:\\\/\\\/noticiasmercedinas.com\\\/site\\\/\",\"logo\":{\"@type\":\"ImageObject\",\"inLanguage\":\"es\",\"@id\":\"https:\\\/\\\/noticiasmercedinas.com\\\/site\\\/#\\\/schema\\\/logo\\\/image\\\/\",\"url\":\"https:\\\/\\\/noticiasmercedinas.com\\\/site\\\/wp-content\\\/uploads\\\/2020\\\/06\\\/LOGO-512.jpg\",\"contentUrl\":\"https:\\\/\\\/noticiasmercedinas.com\\\/site\\\/wp-content\\\/uploads\\\/2020\\\/06\\\/LOGO-512.jpg\",\"width\":512,\"height\":512,\"caption\":\"NOTICIASMERCEDINAS.COM\"},\"image\":{\"@id\":\"https:\\\/\\\/noticiasmercedinas.com\\\/site\\\/#\\\/schema\\\/logo\\\/image\\\/\"},\"sameAs\":[\"https:\\\/\\\/www.facebook.com\\\/noticiasmercedinas\\\/\",\"https:\\\/\\\/x.com\\\/notmercedinas\",\"https:\\\/\\\/www.instagram.com\\\/noticiasmercedinas\\\/\"]},{\"@type\":\"Person\",\"@id\":\"https:\\\/\\\/noticiasmercedinas.com\\\/site\\\/#\\\/schema\\\/person\\\/84b59c099c28ff2e8b77d4ceec5d8063\",\"name\":\"NOTICIASMERCEDINAS.COM\",\"image\":{\"@type\":\"ImageObject\",\"inLanguage\":\"es\",\"@id\":\"https:\\\/\\\/secure.gravatar.com\\\/avatar\\\/4dfbf16b4d17945bfb6341b2d19043457132fcf478a5ee04f42e959fd8f5df0a?s=96&d=mm&r=g\",\"url\":\"https:\\\/\\\/secure.gravatar.com\\\/avatar\\\/4dfbf16b4d17945bfb6341b2d19043457132fcf478a5ee04f42e959fd8f5df0a?s=96&d=mm&r=g\",\"contentUrl\":\"https:\\\/\\\/secure.gravatar.com\\\/avatar\\\/4dfbf16b4d17945bfb6341b2d19043457132fcf478a5ee04f42e959fd8f5df0a?s=96&d=mm&r=g\",\"caption\":\"NOTICIASMERCEDINAS.COM\"},\"url\":\"https:\\\/\\\/noticiasmercedinas.com\\\/site\\\/author\\\/anonimo\\\/\"}]}<\/script>\n<!-- \/ Yoast SEO plugin. -->","yoast_head_json":{"title":"Carlos Maz\u00fa inst\u00f3 a \u201campliar el peronismo\u201d y recuperar su identidad ligada a los trabajadores","description":"De cara a las elecciones del PJ, el dirigente local cuestion\u00f3 el actual cierre de las estructuras partidarias y llam\u00f3 a una apertura que incluya a la militancia de base y a los sectores productivos","robots":{"index":"index","follow":"follow","max-snippet":"max-snippet:-1","max-image-preview":"max-image-preview:large","max-video-preview":"max-video-preview:-1"},"canonical":"https:\/\/noticiasmercedinas.com\/site\/2026\/01\/24\/carlos-mazu-insto-a-ampliar-el-peronismo-y-recuperar-su-identidad-ligada-a-los-trabajadores\/","og_locale":"es_ES","og_type":"article","og_title":"Carlos Maz\u00fa inst\u00f3 a \u201campliar el peronismo\u201d y recuperar su identidad ligada a los trabajadores","og_description":"De cara a las elecciones del PJ, el dirigente local cuestion\u00f3 el actual cierre de las estructuras partidarias y llam\u00f3 a una apertura que incluya a la militancia de base y a los sectores productivos","og_url":"https:\/\/noticiasmercedinas.com\/site\/2026\/01\/24\/carlos-mazu-insto-a-ampliar-el-peronismo-y-recuperar-su-identidad-ligada-a-los-trabajadores\/","og_site_name":"NOTICIASMERCEDINAS.COM","article_publisher":"https:\/\/www.facebook.com\/noticiasmercedinas\/","article_published_time":"2026-01-24T23:20:02+00:00","article_modified_time":"2026-01-27T14:05:35+00:00","og_image":[{"width":640,"height":419,"url":"https:\/\/noticiasmercedinas.com\/site\/wp-content\/uploads\/2024\/02\/MAZU.jpg","type":"image\/jpeg"}],"author":"NOTICIASMERCEDINAS.COM","twitter_card":"summary_large_image","twitter_creator":"@notmercedinas","twitter_site":"@notmercedinas","twitter_misc":{"Escrito por":"NOTICIASMERCEDINAS.COM","Tiempo de lectura":"3 minutos"},"schema":{"@context":"https:\/\/schema.org","@graph":[{"@type":"Article","@id":"https:\/\/noticiasmercedinas.com\/site\/2026\/01\/24\/carlos-mazu-insto-a-ampliar-el-peronismo-y-recuperar-su-identidad-ligada-a-los-trabajadores\/#article","isPartOf":{"@id":"https:\/\/noticiasmercedinas.com\/site\/2026\/01\/24\/carlos-mazu-insto-a-ampliar-el-peronismo-y-recuperar-su-identidad-ligada-a-los-trabajadores\/"},"author":{"name":"NOTICIASMERCEDINAS.COM","@id":"https:\/\/noticiasmercedinas.com\/site\/#\/schema\/person\/84b59c099c28ff2e8b77d4ceec5d8063"},"headline":"Carlos Maz\u00fa inst\u00f3 a \u201campliar el peronismo\u201d y recuperar su identidad ligada a los trabajadores","datePublished":"2026-01-24T23:20:02+00:00","dateModified":"2026-01-27T14:05:35+00:00","mainEntityOfPage":{"@id":"https:\/\/noticiasmercedinas.com\/site\/2026\/01\/24\/carlos-mazu-insto-a-ampliar-el-peronismo-y-recuperar-su-identidad-ligada-a-los-trabajadores\/"},"wordCount":400,"publisher":{"@id":"https:\/\/noticiasmercedinas.com\/site\/#organization"},"image":{"@id":"https:\/\/noticiasmercedinas.com\/site\/2026\/01\/24\/carlos-mazu-insto-a-ampliar-el-peronismo-y-recuperar-su-identidad-ligada-a-los-trabajadores\/#primaryimage"},"thumbnailUrl":"https:\/\/noticiasmercedinas.com\/site\/wp-content\/uploads\/2024\/02\/MAZU.jpg","keywords":["carlos mazu","Ok","pj"],"articleSection":["Politica"],"inLanguage":"es"},{"@type":"WebPage","@id":"https:\/\/noticiasmercedinas.com\/site\/2026\/01\/24\/carlos-mazu-insto-a-ampliar-el-peronismo-y-recuperar-su-identidad-ligada-a-los-trabajadores\/","url":"https:\/\/noticiasmercedinas.com\/site\/2026\/01\/24\/carlos-mazu-insto-a-ampliar-el-peronismo-y-recuperar-su-identidad-ligada-a-los-trabajadores\/","name":"Carlos Maz\u00fa inst\u00f3 a \u201campliar el peronismo\u201d y recuperar su identidad ligada a los trabajadores","isPartOf":{"@id":"https:\/\/noticiasmercedinas.com\/site\/#website"},"primaryImageOfPage":{"@id":"https:\/\/noticiasmercedinas.com\/site\/2026\/01\/24\/carlos-mazu-insto-a-ampliar-el-peronismo-y-recuperar-su-identidad-ligada-a-los-trabajadores\/#primaryimage"},"image":{"@id":"https:\/\/noticiasmercedinas.com\/site\/2026\/01\/24\/carlos-mazu-insto-a-ampliar-el-peronismo-y-recuperar-su-identidad-ligada-a-los-trabajadores\/#primaryimage"},"thumbnailUrl":"https:\/\/noticiasmercedinas.com\/site\/wp-content\/uploads\/2024\/02\/MAZU.jpg","datePublished":"2026-01-24T23:20:02+00:00","dateModified":"2026-01-27T14:05:35+00:00","description":"De cara a las elecciones del PJ, el dirigente local cuestion\u00f3 el actual cierre de las estructuras partidarias y llam\u00f3 a una apertura que incluya a la militancia de base y a los sectores productivos","breadcrumb":{"@id":"https:\/\/noticiasmercedinas.com\/site\/2026\/01\/24\/carlos-mazu-insto-a-ampliar-el-peronismo-y-recuperar-su-identidad-ligada-a-los-trabajadores\/#breadcrumb"},"inLanguage":"es","potentialAction":[{"@type":"ReadAction","target":["https:\/\/noticiasmercedinas.com\/site\/2026\/01\/24\/carlos-mazu-insto-a-ampliar-el-peronismo-y-recuperar-su-identidad-ligada-a-los-trabajadores\/"]}]},{"@type":"ImageObject","inLanguage":"es","@id":"https:\/\/noticiasmercedinas.com\/site\/2026\/01\/24\/carlos-mazu-insto-a-ampliar-el-peronismo-y-recuperar-su-identidad-ligada-a-los-trabajadores\/#primaryimage","url":"https:\/\/noticiasmercedinas.com\/site\/wp-content\/uploads\/2024\/02\/MAZU.jpg","contentUrl":"https:\/\/noticiasmercedinas.com\/site\/wp-content\/uploads\/2024\/02\/MAZU.jpg","width":640,"height":419},{"@type":"BreadcrumbList","@id":"https:\/\/noticiasmercedinas.com\/site\/2026\/01\/24\/carlos-mazu-insto-a-ampliar-el-peronismo-y-recuperar-su-identidad-ligada-a-los-trabajadores\/#breadcrumb","itemListElement":[{"@type":"ListItem","position":1,"name":"Portada","item":"https:\/\/noticiasmercedinas.com\/site\/"},{"@type":"ListItem","position":2,"name":"Carlos Maz\u00fa inst\u00f3 a \u201campliar el peronismo\u201d y recuperar su identidad ligada a los trabajadores"}]},{"@type":"WebSite","@id":"https:\/\/noticiasmercedinas.com\/site\/#website","url":"https:\/\/noticiasmercedinas.com\/site\/","name":"NOTICIASMERCEDINAS.COM","description":"Mercedes, Buenos Aires, Argentina","publisher":{"@id":"https:\/\/noticiasmercedinas.com\/site\/#organization"},"potentialAction":[{"@type":"SearchAction","target":{"@type":"EntryPoint","urlTemplate":"https:\/\/noticiasmercedinas.com\/site\/?s={search_term_string}"},"query-input":{"@type":"PropertyValueSpecification","valueRequired":true,"valueName":"search_term_string"}}],"inLanguage":"es"},{"@type":"Organization","@id":"https:\/\/noticiasmercedinas.com\/site\/#organization","name":"NOTICIASMERCEDINAS.COM","url":"https:\/\/noticiasmercedinas.com\/site\/","logo":{"@type":"ImageObject","inLanguage":"es","@id":"https:\/\/noticiasmercedinas.com\/site\/#\/schema\/logo\/image\/","url":"https:\/\/noticiasmercedinas.com\/site\/wp-content\/uploads\/2020\/06\/LOGO-512.jpg","contentUrl":"https:\/\/noticiasmercedinas.com\/site\/wp-content\/uploads\/2020\/06\/LOGO-512.jpg","width":512,"height":512,"caption":"NOTICIASMERCEDINAS.COM"},"image":{"@id":"https:\/\/noticiasmercedinas.com\/site\/#\/schema\/logo\/image\/"},"sameAs":["https:\/\/www.facebook.com\/noticiasmercedinas\/","https:\/\/x.com\/notmercedinas","https:\/\/www.instagram.com\/noticiasmercedinas\/"]},{"@type":"Person","@id":"https:\/\/noticiasmercedinas.com\/site\/#\/schema\/person\/84b59c099c28ff2e8b77d4ceec5d8063","name":"NOTICIASMERCEDINAS.COM","image":{"@type":"ImageObject","inLanguage":"es","@id":"https:\/\/secure.gravatar.com\/avatar\/4dfbf16b4d17945bfb6341b2d19043457132fcf478a5ee04f42e959fd8f5df0a?s=96&d=mm&r=g","url":"https:\/\/secure.gravatar.com\/avatar\/4dfbf16b4d17945bfb6341b2d19043457132fcf478a5ee04f42e959fd8f5df0a?s=96&d=mm&r=g","contentUrl":"https:\/\/secure.gravatar.com\/avatar\/4dfbf16b4d17945bfb6341b2d19043457132fcf478a5ee04f42e959fd8f5df0a?s=96&d=mm&r=g","caption":"NOTICIASMERCEDINAS.COM"},"url":"https:\/\/noticiasmercedinas.com\/site\/author\/anonimo\/"}]}},"amp_enabled":true,"_links":{"self":[{"href":"https:\/\/noticiasmercedinas.com\/site\/wp-json\/wp\/v2\/posts\/178979","targetHints":{"allow":["GET"]}}],"collection":[{"href":"https:\/\/noticiasmercedinas.com\/site\/wp-json\/wp\/v2\/posts"}],"about":[{"href":"https:\/\/noticiasmercedinas.com\/site\/wp-json\/wp\/v2\/types\/post"}],"author":[{"embeddable":true,"href":"https:\/\/noticiasmercedinas.com\/site\/wp-json\/wp\/v2\/users\/16"}],"replies":[{"embeddable":true,"href":"https:\/\/noticiasmercedinas.com\/site\/wp-json\/wp\/v2\/comments?post=178979"}],"version-history":[{"count":2,"href":"https:\/\/noticiasmercedinas.com\/site\/wp-json\/wp\/v2\/posts\/178979\/revisions"}],"predecessor-version":[{"id":179060,"href":"https:\/\/noticiasmercedinas.com\/site\/wp-json\/wp\/v2\/posts\/178979\/revisions\/179060"}],"wp:featuredmedia":[{"embeddable":true,"href":"https:\/\/noticiasmercedinas.com\/site\/wp-json\/wp\/v2\/media\/131484"}],"wp:attachment":[{"href":"https:\/\/noticiasmercedinas.com\/site\/wp-json\/wp\/v2\/media?parent=178979"}],"wp:term":[{"taxonomy":"category","embeddable":true,"href":"https:\/\/noticiasmercedinas.com\/site\/wp-json\/wp\/v2\/categories?post=178979"},{"taxonomy":"post_tag","embeddable":true,"href":"https:\/\/noticiasmercedinas.com\/site\/wp-json\/wp\/v2\/tags?post=178979"}],"curies":[{"name":"wp","href":"https:\/\/api.w.org\/{rel}","templated":true}]}}