{"id":179017,"date":"2026-01-26T10:49:20","date_gmt":"2026-01-26T13:49:20","guid":{"rendered":"https:\/\/noticiasmercedinas.com\/site\/?p=179017"},"modified":"2026-01-26T10:50:56","modified_gmt":"2026-01-26T13:50:56","slug":"nacho-de-santis-lanza-un-innovador-entrenamiento-actoral-intensivo-para-este-verano","status":"publish","type":"post","link":"https:\/\/noticiasmercedinas.com\/site\/2026\/01\/26\/nacho-de-santis-lanza-un-innovador-entrenamiento-actoral-intensivo-para-este-verano\/","title":{"rendered":"Nacho De Santis lanza un innovador entrenamiento actoral intensivo para este verano"},"content":{"rendered":"<p><a href=\"https:\/\/noticiasmercedinas.com\/site\/wp-content\/uploads\/2026\/01\/IMG_20260126_104102.jpg\"><img loading=\"lazy\" decoding=\"async\" class=\"alignnone size-full wp-image-179018\" src=\"https:\/\/noticiasmercedinas.com\/site\/wp-content\/uploads\/2026\/01\/IMG_20260126_104102.jpg\" alt=\"\" width=\"720\" height=\"714\" srcset=\"https:\/\/noticiasmercedinas.com\/site\/wp-content\/uploads\/2026\/01\/IMG_20260126_104102.jpg 720w, https:\/\/noticiasmercedinas.com\/site\/wp-content\/uploads\/2026\/01\/IMG_20260126_104102-300x298.jpg 300w, https:\/\/noticiasmercedinas.com\/site\/wp-content\/uploads\/2026\/01\/IMG_20260126_104102-150x150.jpg 150w, https:\/\/noticiasmercedinas.com\/site\/wp-content\/uploads\/2026\/01\/IMG_20260126_104102-640x635.jpg 640w, https:\/\/noticiasmercedinas.com\/site\/wp-content\/uploads\/2026\/01\/IMG_20260126_104102-681x675.jpg 681w\" sizes=\"auto, (max-width: 720px) 100vw, 720px\" \/><\/a><\/p>\n<p>La escena teatral de la ciudad de Mercedes suma una de las propuestas m\u00e1s disruptivas del calendario 2026.<\/p>\n<p>Bajo el sugerente t\u00edtulo de \u00abCAOS\u00bb, el actor y director Nacho De Santis llevar\u00e1 adelante un entrenamiento actoral intensivo dise\u00f1ado para explorar nuevas fronteras expresivas.<\/p>\n<p>El encuentro, que ha generado gran expectativa en la comunidad art\u00edstica local, se desarrollar\u00e1 durante tres jornadas consecutivas en el mes de febrero, ofreciendo un espacio de investigaci\u00f3n profunda sobre el lenguaje narrativo y actoral.<\/p>\n<p><strong>El desorden como motor de la creaci\u00f3n esc\u00e9nica<\/strong><\/p>\n<p>La premisa de \u00abCAOS\u00bb se aleja de los m\u00e9todos de ense\u00f1anza tradicionales para centrarse en el desorden f\u00edsico y emocional como herramienta fundamental de trabajo. Seg\u00fan la propuesta de De Santis, el objetivo es liberar al int\u00e9rprete de toda idea preconcebida sobre la actuaci\u00f3n, permitiendo el surgimiento de relatos aut\u00e9nticos y lenguajes org\u00e1nicos.<\/p>\n<p>Este enfoque busca que el actor o actriz se despoje de las \u00abformas\u00bb preestablecidas para conectar con una capacidad creativa m\u00e1s genuina y menos estructurada, utilizando la vulnerabilidad y la energ\u00eda f\u00edsica como puntos de partida.<\/p>\n<p>El seminario se llevar\u00e1 a cabo los d\u00edas 10, 11 y 12 de febrero. Las sesiones est\u00e1n programadas en un horario nocturno, de 19:30 a 22:00 hs, facilitando la asistencia de aquellos que mantienen actividades laborales durante el d\u00eda.<\/p>\n<p>La sede de este entrenamiento ser\u00e1 el espacio ubicado en Calle 21 entre 18 y 20.<\/p>\n<p><strong>Una convocatoria abierta y plural<\/strong><\/p>\n<p>Una de las caracter\u00edsticas m\u00e1s destacadas de esta propuesta es su car\u00e1cter inclusivo. \u00abCAOS\u00bb est\u00e1 dirigido tanto a personas con experiencia previa en las artes esc\u00e9nicas como a aquellas que deseen aproximarse por primera vez al universo interpretativo. Esta diversidad de perfiles busca enriquecer la din\u00e1mica grupal y fomentar el intercambio de experiencias entre participantes de distintos niveles.<\/p>\n<p>Dada la naturaleza intensiva y personalizada de la din\u00e1mica, la organizaci\u00f3n ha confirmado que los cupos son estrictamente limitados, con el fin de garantizar un seguimiento exhaustivo de cada proceso individual.<\/p>\n<p><strong>Informaci\u00f3n e inscripciones<\/strong><\/p>\n<p>Para aquellos interesados en sumarse a este desaf\u00edo actoral, los canales de consulta se encuentran abiertos:\u00a0Contacto telef\u00f3nico: 11-5825-2219.<\/p>\n","protected":false},"excerpt":{"rendered":"<p>El reconocido director y docente propone una experiencia de inmersi\u00f3n esc\u00e9nica de tres d\u00edas que busca romper con los prejuicios interpretativos a trav\u00e9s del desorden f\u00edsico y emocional.<\/p>\n","protected":false},"author":16,"featured_media":179018,"comment_status":"closed","ping_status":"closed","sticky":false,"template":"","format":"standard","meta":{"footnotes":""},"categories":[4],"tags":[21594,1805,480,603],"class_list":["post-179017","post","type-post","status-publish","format-standard","has-post-thumbnail","hentry","category-cultura","tag-nacho-de-santis","tag-taller","tag-teatro","tag-verano"],"yoast_head":"<!-- This site is optimized with the Yoast SEO plugin v28.3 - https:\/\/yoast.com\/product\/yoast-seo-wordpress\/ -->\n<title>Nacho De Santis lanza un innovador entrenamiento actoral intensivo para este verano<\/title>\n<meta name=\"description\" content=\"El reconocido director y docente propone una experiencia de inmersi\u00f3n esc\u00e9nica de tres d\u00edas que busca romper con los prejuicios interpretativos a trav\u00e9s del desorden f\u00edsico y emocional.\" \/>\n<meta name=\"robots\" content=\"index, follow, max-snippet:-1, max-image-preview:large, max-video-preview:-1\" \/>\n<link rel=\"canonical\" href=\"https:\/\/noticiasmercedinas.com\/site\/2026\/01\/26\/nacho-de-santis-lanza-un-innovador-entrenamiento-actoral-intensivo-para-este-verano\/\" \/>\n<meta property=\"og:locale\" content=\"es_ES\" \/>\n<meta property=\"og:type\" content=\"article\" \/>\n<meta property=\"og:title\" content=\"Nacho De Santis lanza un innovador entrenamiento actoral intensivo para este verano\" \/>\n<meta property=\"og:description\" content=\"El reconocido director y docente propone una experiencia de inmersi\u00f3n esc\u00e9nica de tres d\u00edas que busca romper con los prejuicios interpretativos a trav\u00e9s del desorden f\u00edsico y emocional.\" \/>\n<meta property=\"og:url\" content=\"https:\/\/noticiasmercedinas.com\/site\/2026\/01\/26\/nacho-de-santis-lanza-un-innovador-entrenamiento-actoral-intensivo-para-este-verano\/\" \/>\n<meta property=\"og:site_name\" content=\"NOTICIASMERCEDINAS.COM\" \/>\n<meta property=\"article:publisher\" content=\"https:\/\/www.facebook.com\/noticiasmercedinas\/\" \/>\n<meta property=\"article:published_time\" content=\"2026-01-26T13:49:20+00:00\" \/>\n<meta property=\"article:modified_time\" content=\"2026-01-26T13:50:56+00:00\" \/>\n<meta property=\"og:image\" content=\"https:\/\/noticiasmercedinas.com\/site\/wp-content\/uploads\/2026\/01\/IMG_20260126_104102.jpg\" \/>\n\t<meta property=\"og:image:width\" content=\"720\" \/>\n\t<meta property=\"og:image:height\" content=\"714\" \/>\n\t<meta property=\"og:image:type\" content=\"image\/jpeg\" \/>\n<meta name=\"author\" content=\"NOTICIASMERCEDINAS.COM\" \/>\n<meta name=\"twitter:card\" content=\"summary_large_image\" \/>\n<meta name=\"twitter:creator\" content=\"@notmercedinas\" \/>\n<meta name=\"twitter:site\" content=\"@notmercedinas\" \/>\n<meta name=\"twitter:label1\" content=\"Escrito por\" \/>\n\t<meta name=\"twitter:data1\" content=\"NOTICIASMERCEDINAS.COM\" \/>\n\t<meta name=\"twitter:label2\" content=\"Tiempo de lectura\" \/>\n\t<meta name=\"twitter:data2\" content=\"3 minutos\" \/>\n<script type=\"application\/ld+json\" class=\"yoast-schema-graph\">{\"@context\":\"https:\\\/\\\/schema.org\",\"@graph\":[{\"@type\":\"Article\",\"@id\":\"https:\\\/\\\/noticiasmercedinas.com\\\/site\\\/2026\\\/01\\\/26\\\/nacho-de-santis-lanza-un-innovador-entrenamiento-actoral-intensivo-para-este-verano\\\/#article\",\"isPartOf\":{\"@id\":\"https:\\\/\\\/noticiasmercedinas.com\\\/site\\\/2026\\\/01\\\/26\\\/nacho-de-santis-lanza-un-innovador-entrenamiento-actoral-intensivo-para-este-verano\\\/\"},\"author\":{\"name\":\"NOTICIASMERCEDINAS.COM\",\"@id\":\"https:\\\/\\\/noticiasmercedinas.com\\\/site\\\/#\\\/schema\\\/person\\\/84b59c099c28ff2e8b77d4ceec5d8063\"},\"headline\":\"Nacho De Santis lanza un innovador entrenamiento actoral intensivo para este verano\",\"datePublished\":\"2026-01-26T13:49:20+00:00\",\"dateModified\":\"2026-01-26T13:50:56+00:00\",\"mainEntityOfPage\":{\"@id\":\"https:\\\/\\\/noticiasmercedinas.com\\\/site\\\/2026\\\/01\\\/26\\\/nacho-de-santis-lanza-un-innovador-entrenamiento-actoral-intensivo-para-este-verano\\\/\"},\"wordCount\":381,\"publisher\":{\"@id\":\"https:\\\/\\\/noticiasmercedinas.com\\\/site\\\/#organization\"},\"image\":{\"@id\":\"https:\\\/\\\/noticiasmercedinas.com\\\/site\\\/2026\\\/01\\\/26\\\/nacho-de-santis-lanza-un-innovador-entrenamiento-actoral-intensivo-para-este-verano\\\/#primaryimage\"},\"thumbnailUrl\":\"https:\\\/\\\/noticiasmercedinas.com\\\/site\\\/wp-content\\\/uploads\\\/2026\\\/01\\\/IMG_20260126_104102.jpg\",\"keywords\":[\"Nacho de Santis\",\"taller\",\"teatro\",\"verano\"],\"articleSection\":[\"Cultura\"],\"inLanguage\":\"es\"},{\"@type\":\"WebPage\",\"@id\":\"https:\\\/\\\/noticiasmercedinas.com\\\/site\\\/2026\\\/01\\\/26\\\/nacho-de-santis-lanza-un-innovador-entrenamiento-actoral-intensivo-para-este-verano\\\/\",\"url\":\"https:\\\/\\\/noticiasmercedinas.com\\\/site\\\/2026\\\/01\\\/26\\\/nacho-de-santis-lanza-un-innovador-entrenamiento-actoral-intensivo-para-este-verano\\\/\",\"name\":\"Nacho De Santis lanza un innovador entrenamiento actoral intensivo para este verano\",\"isPartOf\":{\"@id\":\"https:\\\/\\\/noticiasmercedinas.com\\\/site\\\/#website\"},\"primaryImageOfPage\":{\"@id\":\"https:\\\/\\\/noticiasmercedinas.com\\\/site\\\/2026\\\/01\\\/26\\\/nacho-de-santis-lanza-un-innovador-entrenamiento-actoral-intensivo-para-este-verano\\\/#primaryimage\"},\"image\":{\"@id\":\"https:\\\/\\\/noticiasmercedinas.com\\\/site\\\/2026\\\/01\\\/26\\\/nacho-de-santis-lanza-un-innovador-entrenamiento-actoral-intensivo-para-este-verano\\\/#primaryimage\"},\"thumbnailUrl\":\"https:\\\/\\\/noticiasmercedinas.com\\\/site\\\/wp-content\\\/uploads\\\/2026\\\/01\\\/IMG_20260126_104102.jpg\",\"datePublished\":\"2026-01-26T13:49:20+00:00\",\"dateModified\":\"2026-01-26T13:50:56+00:00\",\"description\":\"El reconocido director y docente propone una experiencia de inmersi\u00f3n esc\u00e9nica de tres d\u00edas que busca romper con los prejuicios interpretativos a trav\u00e9s del desorden f\u00edsico y emocional.\",\"breadcrumb\":{\"@id\":\"https:\\\/\\\/noticiasmercedinas.com\\\/site\\\/2026\\\/01\\\/26\\\/nacho-de-santis-lanza-un-innovador-entrenamiento-actoral-intensivo-para-este-verano\\\/#breadcrumb\"},\"inLanguage\":\"es\",\"potentialAction\":[{\"@type\":\"ReadAction\",\"target\":[\"https:\\\/\\\/noticiasmercedinas.com\\\/site\\\/2026\\\/01\\\/26\\\/nacho-de-santis-lanza-un-innovador-entrenamiento-actoral-intensivo-para-este-verano\\\/\"]}]},{\"@type\":\"ImageObject\",\"inLanguage\":\"es\",\"@id\":\"https:\\\/\\\/noticiasmercedinas.com\\\/site\\\/2026\\\/01\\\/26\\\/nacho-de-santis-lanza-un-innovador-entrenamiento-actoral-intensivo-para-este-verano\\\/#primaryimage\",\"url\":\"https:\\\/\\\/noticiasmercedinas.com\\\/site\\\/wp-content\\\/uploads\\\/2026\\\/01\\\/IMG_20260126_104102.jpg\",\"contentUrl\":\"https:\\\/\\\/noticiasmercedinas.com\\\/site\\\/wp-content\\\/uploads\\\/2026\\\/01\\\/IMG_20260126_104102.jpg\",\"width\":720,\"height\":714},{\"@type\":\"BreadcrumbList\",\"@id\":\"https:\\\/\\\/noticiasmercedinas.com\\\/site\\\/2026\\\/01\\\/26\\\/nacho-de-santis-lanza-un-innovador-entrenamiento-actoral-intensivo-para-este-verano\\\/#breadcrumb\",\"itemListElement\":[{\"@type\":\"ListItem\",\"position\":1,\"name\":\"Portada\",\"item\":\"https:\\\/\\\/noticiasmercedinas.com\\\/site\\\/\"},{\"@type\":\"ListItem\",\"position\":2,\"name\":\"Nacho De Santis lanza un innovador entrenamiento actoral intensivo para este verano\"}]},{\"@type\":\"WebSite\",\"@id\":\"https:\\\/\\\/noticiasmercedinas.com\\\/site\\\/#website\",\"url\":\"https:\\\/\\\/noticiasmercedinas.com\\\/site\\\/\",\"name\":\"NOTICIASMERCEDINAS.COM\",\"description\":\"Mercedes, Buenos Aires, Argentina\",\"publisher\":{\"@id\":\"https:\\\/\\\/noticiasmercedinas.com\\\/site\\\/#organization\"},\"potentialAction\":[{\"@type\":\"SearchAction\",\"target\":{\"@type\":\"EntryPoint\",\"urlTemplate\":\"https:\\\/\\\/noticiasmercedinas.com\\\/site\\\/?s={search_term_string}\"},\"query-input\":{\"@type\":\"PropertyValueSpecification\",\"valueRequired\":true,\"valueName\":\"search_term_string\"}}],\"inLanguage\":\"es\"},{\"@type\":\"Organization\",\"@id\":\"https:\\\/\\\/noticiasmercedinas.com\\\/site\\\/#organization\",\"name\":\"NOTICIASMERCEDINAS.COM\",\"url\":\"https:\\\/\\\/noticiasmercedinas.com\\\/site\\\/\",\"logo\":{\"@type\":\"ImageObject\",\"inLanguage\":\"es\",\"@id\":\"https:\\\/\\\/noticiasmercedinas.com\\\/site\\\/#\\\/schema\\\/logo\\\/image\\\/\",\"url\":\"https:\\\/\\\/noticiasmercedinas.com\\\/site\\\/wp-content\\\/uploads\\\/2020\\\/06\\\/LOGO-512.jpg\",\"contentUrl\":\"https:\\\/\\\/noticiasmercedinas.com\\\/site\\\/wp-content\\\/uploads\\\/2020\\\/06\\\/LOGO-512.jpg\",\"width\":512,\"height\":512,\"caption\":\"NOTICIASMERCEDINAS.COM\"},\"image\":{\"@id\":\"https:\\\/\\\/noticiasmercedinas.com\\\/site\\\/#\\\/schema\\\/logo\\\/image\\\/\"},\"sameAs\":[\"https:\\\/\\\/www.facebook.com\\\/noticiasmercedinas\\\/\",\"https:\\\/\\\/x.com\\\/notmercedinas\",\"https:\\\/\\\/www.instagram.com\\\/noticiasmercedinas\\\/\"]},{\"@type\":\"Person\",\"@id\":\"https:\\\/\\\/noticiasmercedinas.com\\\/site\\\/#\\\/schema\\\/person\\\/84b59c099c28ff2e8b77d4ceec5d8063\",\"name\":\"NOTICIASMERCEDINAS.COM\",\"image\":{\"@type\":\"ImageObject\",\"inLanguage\":\"es\",\"@id\":\"https:\\\/\\\/secure.gravatar.com\\\/avatar\\\/4dfbf16b4d17945bfb6341b2d19043457132fcf478a5ee04f42e959fd8f5df0a?s=96&d=mm&r=g\",\"url\":\"https:\\\/\\\/secure.gravatar.com\\\/avatar\\\/4dfbf16b4d17945bfb6341b2d19043457132fcf478a5ee04f42e959fd8f5df0a?s=96&d=mm&r=g\",\"contentUrl\":\"https:\\\/\\\/secure.gravatar.com\\\/avatar\\\/4dfbf16b4d17945bfb6341b2d19043457132fcf478a5ee04f42e959fd8f5df0a?s=96&d=mm&r=g\",\"caption\":\"NOTICIASMERCEDINAS.COM\"},\"url\":\"https:\\\/\\\/noticiasmercedinas.com\\\/site\\\/author\\\/anonimo\\\/\"}]}<\/script>\n<!-- \/ Yoast SEO plugin. -->","yoast_head_json":{"title":"Nacho De Santis lanza un innovador entrenamiento actoral intensivo para este verano","description":"El reconocido director y docente propone una experiencia de inmersi\u00f3n esc\u00e9nica de tres d\u00edas que busca romper con los prejuicios interpretativos a trav\u00e9s del desorden f\u00edsico y emocional.","robots":{"index":"index","follow":"follow","max-snippet":"max-snippet:-1","max-image-preview":"max-image-preview:large","max-video-preview":"max-video-preview:-1"},"canonical":"https:\/\/noticiasmercedinas.com\/site\/2026\/01\/26\/nacho-de-santis-lanza-un-innovador-entrenamiento-actoral-intensivo-para-este-verano\/","og_locale":"es_ES","og_type":"article","og_title":"Nacho De Santis lanza un innovador entrenamiento actoral intensivo para este verano","og_description":"El reconocido director y docente propone una experiencia de inmersi\u00f3n esc\u00e9nica de tres d\u00edas que busca romper con los prejuicios interpretativos a trav\u00e9s del desorden f\u00edsico y emocional.","og_url":"https:\/\/noticiasmercedinas.com\/site\/2026\/01\/26\/nacho-de-santis-lanza-un-innovador-entrenamiento-actoral-intensivo-para-este-verano\/","og_site_name":"NOTICIASMERCEDINAS.COM","article_publisher":"https:\/\/www.facebook.com\/noticiasmercedinas\/","article_published_time":"2026-01-26T13:49:20+00:00","article_modified_time":"2026-01-26T13:50:56+00:00","og_image":[{"width":720,"height":714,"url":"https:\/\/noticiasmercedinas.com\/site\/wp-content\/uploads\/2026\/01\/IMG_20260126_104102.jpg","type":"image\/jpeg"}],"author":"NOTICIASMERCEDINAS.COM","twitter_card":"summary_large_image","twitter_creator":"@notmercedinas","twitter_site":"@notmercedinas","twitter_misc":{"Escrito por":"NOTICIASMERCEDINAS.COM","Tiempo de lectura":"3 minutos"},"schema":{"@context":"https:\/\/schema.org","@graph":[{"@type":"Article","@id":"https:\/\/noticiasmercedinas.com\/site\/2026\/01\/26\/nacho-de-santis-lanza-un-innovador-entrenamiento-actoral-intensivo-para-este-verano\/#article","isPartOf":{"@id":"https:\/\/noticiasmercedinas.com\/site\/2026\/01\/26\/nacho-de-santis-lanza-un-innovador-entrenamiento-actoral-intensivo-para-este-verano\/"},"author":{"name":"NOTICIASMERCEDINAS.COM","@id":"https:\/\/noticiasmercedinas.com\/site\/#\/schema\/person\/84b59c099c28ff2e8b77d4ceec5d8063"},"headline":"Nacho De Santis lanza un innovador entrenamiento actoral intensivo para este verano","datePublished":"2026-01-26T13:49:20+00:00","dateModified":"2026-01-26T13:50:56+00:00","mainEntityOfPage":{"@id":"https:\/\/noticiasmercedinas.com\/site\/2026\/01\/26\/nacho-de-santis-lanza-un-innovador-entrenamiento-actoral-intensivo-para-este-verano\/"},"wordCount":381,"publisher":{"@id":"https:\/\/noticiasmercedinas.com\/site\/#organization"},"image":{"@id":"https:\/\/noticiasmercedinas.com\/site\/2026\/01\/26\/nacho-de-santis-lanza-un-innovador-entrenamiento-actoral-intensivo-para-este-verano\/#primaryimage"},"thumbnailUrl":"https:\/\/noticiasmercedinas.com\/site\/wp-content\/uploads\/2026\/01\/IMG_20260126_104102.jpg","keywords":["Nacho de Santis","taller","teatro","verano"],"articleSection":["Cultura"],"inLanguage":"es"},{"@type":"WebPage","@id":"https:\/\/noticiasmercedinas.com\/site\/2026\/01\/26\/nacho-de-santis-lanza-un-innovador-entrenamiento-actoral-intensivo-para-este-verano\/","url":"https:\/\/noticiasmercedinas.com\/site\/2026\/01\/26\/nacho-de-santis-lanza-un-innovador-entrenamiento-actoral-intensivo-para-este-verano\/","name":"Nacho De Santis lanza un innovador entrenamiento actoral intensivo para este verano","isPartOf":{"@id":"https:\/\/noticiasmercedinas.com\/site\/#website"},"primaryImageOfPage":{"@id":"https:\/\/noticiasmercedinas.com\/site\/2026\/01\/26\/nacho-de-santis-lanza-un-innovador-entrenamiento-actoral-intensivo-para-este-verano\/#primaryimage"},"image":{"@id":"https:\/\/noticiasmercedinas.com\/site\/2026\/01\/26\/nacho-de-santis-lanza-un-innovador-entrenamiento-actoral-intensivo-para-este-verano\/#primaryimage"},"thumbnailUrl":"https:\/\/noticiasmercedinas.com\/site\/wp-content\/uploads\/2026\/01\/IMG_20260126_104102.jpg","datePublished":"2026-01-26T13:49:20+00:00","dateModified":"2026-01-26T13:50:56+00:00","description":"El reconocido director y docente propone una experiencia de inmersi\u00f3n esc\u00e9nica de tres d\u00edas que busca romper con los prejuicios interpretativos a trav\u00e9s del desorden f\u00edsico y emocional.","breadcrumb":{"@id":"https:\/\/noticiasmercedinas.com\/site\/2026\/01\/26\/nacho-de-santis-lanza-un-innovador-entrenamiento-actoral-intensivo-para-este-verano\/#breadcrumb"},"inLanguage":"es","potentialAction":[{"@type":"ReadAction","target":["https:\/\/noticiasmercedinas.com\/site\/2026\/01\/26\/nacho-de-santis-lanza-un-innovador-entrenamiento-actoral-intensivo-para-este-verano\/"]}]},{"@type":"ImageObject","inLanguage":"es","@id":"https:\/\/noticiasmercedinas.com\/site\/2026\/01\/26\/nacho-de-santis-lanza-un-innovador-entrenamiento-actoral-intensivo-para-este-verano\/#primaryimage","url":"https:\/\/noticiasmercedinas.com\/site\/wp-content\/uploads\/2026\/01\/IMG_20260126_104102.jpg","contentUrl":"https:\/\/noticiasmercedinas.com\/site\/wp-content\/uploads\/2026\/01\/IMG_20260126_104102.jpg","width":720,"height":714},{"@type":"BreadcrumbList","@id":"https:\/\/noticiasmercedinas.com\/site\/2026\/01\/26\/nacho-de-santis-lanza-un-innovador-entrenamiento-actoral-intensivo-para-este-verano\/#breadcrumb","itemListElement":[{"@type":"ListItem","position":1,"name":"Portada","item":"https:\/\/noticiasmercedinas.com\/site\/"},{"@type":"ListItem","position":2,"name":"Nacho De Santis lanza un innovador entrenamiento actoral intensivo para este verano"}]},{"@type":"WebSite","@id":"https:\/\/noticiasmercedinas.com\/site\/#website","url":"https:\/\/noticiasmercedinas.com\/site\/","name":"NOTICIASMERCEDINAS.COM","description":"Mercedes, Buenos Aires, Argentina","publisher":{"@id":"https:\/\/noticiasmercedinas.com\/site\/#organization"},"potentialAction":[{"@type":"SearchAction","target":{"@type":"EntryPoint","urlTemplate":"https:\/\/noticiasmercedinas.com\/site\/?s={search_term_string}"},"query-input":{"@type":"PropertyValueSpecification","valueRequired":true,"valueName":"search_term_string"}}],"inLanguage":"es"},{"@type":"Organization","@id":"https:\/\/noticiasmercedinas.com\/site\/#organization","name":"NOTICIASMERCEDINAS.COM","url":"https:\/\/noticiasmercedinas.com\/site\/","logo":{"@type":"ImageObject","inLanguage":"es","@id":"https:\/\/noticiasmercedinas.com\/site\/#\/schema\/logo\/image\/","url":"https:\/\/noticiasmercedinas.com\/site\/wp-content\/uploads\/2020\/06\/LOGO-512.jpg","contentUrl":"https:\/\/noticiasmercedinas.com\/site\/wp-content\/uploads\/2020\/06\/LOGO-512.jpg","width":512,"height":512,"caption":"NOTICIASMERCEDINAS.COM"},"image":{"@id":"https:\/\/noticiasmercedinas.com\/site\/#\/schema\/logo\/image\/"},"sameAs":["https:\/\/www.facebook.com\/noticiasmercedinas\/","https:\/\/x.com\/notmercedinas","https:\/\/www.instagram.com\/noticiasmercedinas\/"]},{"@type":"Person","@id":"https:\/\/noticiasmercedinas.com\/site\/#\/schema\/person\/84b59c099c28ff2e8b77d4ceec5d8063","name":"NOTICIASMERCEDINAS.COM","image":{"@type":"ImageObject","inLanguage":"es","@id":"https:\/\/secure.gravatar.com\/avatar\/4dfbf16b4d17945bfb6341b2d19043457132fcf478a5ee04f42e959fd8f5df0a?s=96&d=mm&r=g","url":"https:\/\/secure.gravatar.com\/avatar\/4dfbf16b4d17945bfb6341b2d19043457132fcf478a5ee04f42e959fd8f5df0a?s=96&d=mm&r=g","contentUrl":"https:\/\/secure.gravatar.com\/avatar\/4dfbf16b4d17945bfb6341b2d19043457132fcf478a5ee04f42e959fd8f5df0a?s=96&d=mm&r=g","caption":"NOTICIASMERCEDINAS.COM"},"url":"https:\/\/noticiasmercedinas.com\/site\/author\/anonimo\/"}]}},"amp_enabled":true,"_links":{"self":[{"href":"https:\/\/noticiasmercedinas.com\/site\/wp-json\/wp\/v2\/posts\/179017","targetHints":{"allow":["GET"]}}],"collection":[{"href":"https:\/\/noticiasmercedinas.com\/site\/wp-json\/wp\/v2\/posts"}],"about":[{"href":"https:\/\/noticiasmercedinas.com\/site\/wp-json\/wp\/v2\/types\/post"}],"author":[{"embeddable":true,"href":"https:\/\/noticiasmercedinas.com\/site\/wp-json\/wp\/v2\/users\/16"}],"replies":[{"embeddable":true,"href":"https:\/\/noticiasmercedinas.com\/site\/wp-json\/wp\/v2\/comments?post=179017"}],"version-history":[{"count":2,"href":"https:\/\/noticiasmercedinas.com\/site\/wp-json\/wp\/v2\/posts\/179017\/revisions"}],"predecessor-version":[{"id":179020,"href":"https:\/\/noticiasmercedinas.com\/site\/wp-json\/wp\/v2\/posts\/179017\/revisions\/179020"}],"wp:featuredmedia":[{"embeddable":true,"href":"https:\/\/noticiasmercedinas.com\/site\/wp-json\/wp\/v2\/media\/179018"}],"wp:attachment":[{"href":"https:\/\/noticiasmercedinas.com\/site\/wp-json\/wp\/v2\/media?parent=179017"}],"wp:term":[{"taxonomy":"category","embeddable":true,"href":"https:\/\/noticiasmercedinas.com\/site\/wp-json\/wp\/v2\/categories?post=179017"},{"taxonomy":"post_tag","embeddable":true,"href":"https:\/\/noticiasmercedinas.com\/site\/wp-json\/wp\/v2\/tags?post=179017"}],"curies":[{"name":"wp","href":"https:\/\/api.w.org\/{rel}","templated":true}]}}