{"id":179031,"date":"2026-01-26T11:33:06","date_gmt":"2026-01-26T14:33:06","guid":{"rendered":"https:\/\/noticiasmercedinas.com\/site\/?p=179031"},"modified":"2026-01-26T11:33:06","modified_gmt":"2026-01-26T14:33:06","slug":"ruta-5-choque-entre-un-camion-y-un-auto-dejo-un-saldo-de-cuatro-fallecidos","status":"publish","type":"post","link":"https:\/\/noticiasmercedinas.com\/site\/2026\/01\/26\/ruta-5-choque-entre-un-camion-y-un-auto-dejo-un-saldo-de-cuatro-fallecidos\/","title":{"rendered":"Ruta 5: choque entre un cami\u00f3n y un auto dej\u00f3 un saldo de cuatro fallecidos"},"content":{"rendered":"<p><a href=\"https:\/\/noticiasmercedinas.com\/site\/wp-content\/uploads\/2021\/05\/policia_luz_noche-e1682428124644.jpg\"><img loading=\"lazy\" decoding=\"async\" class=\"alignnone size-full wp-image-67271\" src=\"https:\/\/noticiasmercedinas.com\/site\/wp-content\/uploads\/2021\/05\/policia_luz_noche-e1682428124644.jpg\" alt=\"\" width=\"640\" height=\"452\" srcset=\"https:\/\/noticiasmercedinas.com\/site\/wp-content\/uploads\/2021\/05\/policia_luz_noche-e1682428124644.jpg 640w, https:\/\/noticiasmercedinas.com\/site\/wp-content\/uploads\/2021\/05\/policia_luz_noche-e1682428124644-300x212.jpg 300w\" sizes=\"auto, (max-width: 640px) 100vw, 640px\" \/><\/a><\/p>\n<p>Una jornada de extrema gravedad se vivi\u00f3 este domingo en la intersecci\u00f3n de la Ruta 5 y el Acceso Sur (zona de acceso San Mart\u00edn), tras producirse una colisi\u00f3n fatal entre un transporte de carga y un veh\u00edculo particular.<\/p>\n<p>El accidente fue calificado como \u00abat\u00edpico\u00bb por el elevado n\u00famero de v\u00edctimas, y result\u00f3 en el fallecimiento de cuatro personas, dos mayores y dos menores de edad, todos integrantes de una misma familia oriunda de Jos\u00e9 C. Paz.<\/p>\n<p>El hecho se produjo cuando un cami\u00f3n impact\u00f3 de lleno contra un autom\u00f3vil que intentaba acceder a la traza asf\u00e1ltica. Seg\u00fan inform\u00f3 Agustina Lor\u00e9, responsable de Protecci\u00f3n Civil, el alerta ingres\u00f3 simult\u00e1neamente a trav\u00e9s del 911, el 147 y la l\u00ednea de emergencias de Bomberos, activando un protocolo de respuesta inmediata.<\/p>\n<p>Mientras que los cuatro ocupantes del auto fallecieron, el conductor del cami\u00f3n result\u00f3 ileso.<\/p>\n<p>Dada la magnitud del impacto, se despleg\u00f3 un amplio operativo que incluy\u00f3 la intervenci\u00f3n de Bomberos Voluntarios, a cargo del oficial Luis Andrade, operaron con dos m\u00f3viles bajo protocolo de rescate. El Servicio SAME con disponibilidad de ambulancias para el traslado y asistencia de los involucrados; agentes de la Polic\u00eda Vial y Polic\u00eda Cient\u00edfica para realizar las pericias correspondientes y determinar las causas mec\u00e1nicas del choque. En tanto Protecci\u00f3n Civil estuvo en la coordinaci\u00f3n log\u00edstica de las \u00e1reas de emergencia.<\/p>\n<p>Actualmente, las autoridades locales, bajo la supervisi\u00f3n de la Secretar\u00eda de Seguridad, contin\u00faan recabando precisiones sobre la mec\u00e1nica del accidente. La zona permaneci\u00f3 con restricciones de tr\u00e1nsito durante varias horas para permitir las tareas de los peritos y el retiro de las unidades siniestradas<\/p>\n","protected":false},"excerpt":{"rendered":"<p>El siniestro ocurri\u00f3 en la intersecci\u00f3n con el Acceso Sur. Las v\u00edctimas, integrantes de una familia de Jos\u00e9 C. Paz, murieron en el acto tras el fuerte impacto<\/p>\n","protected":false},"author":16,"featured_media":67271,"comment_status":"closed","ping_status":"closed","sticky":false,"template":"","format":"standard","meta":{"footnotes":""},"categories":[7],"tags":[502,665],"class_list":["post-179031","post","type-post","status-publish","format-standard","has-post-thumbnail","hentry","category-policiales","tag-accidente","tag-ruta-5"],"yoast_head":"<!-- This site is optimized with the Yoast SEO plugin v27.4 - https:\/\/yoast.com\/product\/yoast-seo-wordpress\/ -->\n<title>Ruta 5: choque entre un cami\u00f3n y un auto dej\u00f3 un saldo de cuatro fallecidos<\/title>\n<meta name=\"description\" content=\"El siniestro ocurri\u00f3 en la intersecci\u00f3n con el Acceso Sur. Las v\u00edctimas, integrantes de una familia de Jos\u00e9 C. Paz, murieron en el acto tras el fuerte impacto\" \/>\n<meta name=\"robots\" content=\"index, follow, max-snippet:-1, max-image-preview:large, max-video-preview:-1\" \/>\n<link rel=\"canonical\" href=\"https:\/\/noticiasmercedinas.com\/site\/2026\/01\/26\/ruta-5-choque-entre-un-camion-y-un-auto-dejo-un-saldo-de-cuatro-fallecidos\/\" \/>\n<meta property=\"og:locale\" content=\"es_ES\" \/>\n<meta property=\"og:type\" content=\"article\" \/>\n<meta property=\"og:title\" content=\"Ruta 5: choque entre un cami\u00f3n y un auto dej\u00f3 un saldo de cuatro fallecidos\" \/>\n<meta property=\"og:description\" content=\"El siniestro ocurri\u00f3 en la intersecci\u00f3n con el Acceso Sur. Las v\u00edctimas, integrantes de una familia de Jos\u00e9 C. Paz, murieron en el acto tras el fuerte impacto\" \/>\n<meta property=\"og:url\" content=\"https:\/\/noticiasmercedinas.com\/site\/2026\/01\/26\/ruta-5-choque-entre-un-camion-y-un-auto-dejo-un-saldo-de-cuatro-fallecidos\/\" \/>\n<meta property=\"og:site_name\" content=\"NOTICIASMERCEDINAS.COM\" \/>\n<meta property=\"article:publisher\" content=\"https:\/\/www.facebook.com\/noticiasmercedinas\/\" \/>\n<meta property=\"article:published_time\" content=\"2026-01-26T14:33:06+00:00\" \/>\n<meta property=\"og:image\" content=\"https:\/\/noticiasmercedinas.com\/site\/wp-content\/uploads\/2021\/05\/policia_luz_noche-e1682428124644.jpg\" \/>\n\t<meta property=\"og:image:width\" content=\"640\" \/>\n\t<meta property=\"og:image:height\" content=\"452\" \/>\n\t<meta property=\"og:image:type\" content=\"image\/jpeg\" \/>\n<meta name=\"author\" content=\"NOTICIASMERCEDINAS.COM\" \/>\n<meta name=\"twitter:card\" content=\"summary_large_image\" \/>\n<meta name=\"twitter:creator\" content=\"@notmercedinas\" \/>\n<meta name=\"twitter:site\" content=\"@notmercedinas\" \/>\n<meta name=\"twitter:label1\" content=\"Escrito por\" \/>\n\t<meta name=\"twitter:data1\" content=\"NOTICIASMERCEDINAS.COM\" \/>\n\t<meta name=\"twitter:label2\" content=\"Tiempo de lectura\" \/>\n\t<meta name=\"twitter:data2\" content=\"2 minutos\" \/>\n<script type=\"application\/ld+json\" class=\"yoast-schema-graph\">{\"@context\":\"https:\\\/\\\/schema.org\",\"@graph\":[{\"@type\":\"Article\",\"@id\":\"https:\\\/\\\/noticiasmercedinas.com\\\/site\\\/2026\\\/01\\\/26\\\/ruta-5-choque-entre-un-camion-y-un-auto-dejo-un-saldo-de-cuatro-fallecidos\\\/#article\",\"isPartOf\":{\"@id\":\"https:\\\/\\\/noticiasmercedinas.com\\\/site\\\/2026\\\/01\\\/26\\\/ruta-5-choque-entre-un-camion-y-un-auto-dejo-un-saldo-de-cuatro-fallecidos\\\/\"},\"author\":{\"name\":\"NOTICIASMERCEDINAS.COM\",\"@id\":\"https:\\\/\\\/noticiasmercedinas.com\\\/site\\\/#\\\/schema\\\/person\\\/84b59c099c28ff2e8b77d4ceec5d8063\"},\"headline\":\"Ruta 5: choque entre un cami\u00f3n y un auto dej\u00f3 un saldo de cuatro fallecidos\",\"datePublished\":\"2026-01-26T14:33:06+00:00\",\"mainEntityOfPage\":{\"@id\":\"https:\\\/\\\/noticiasmercedinas.com\\\/site\\\/2026\\\/01\\\/26\\\/ruta-5-choque-entre-un-camion-y-un-auto-dejo-un-saldo-de-cuatro-fallecidos\\\/\"},\"wordCount\":308,\"publisher\":{\"@id\":\"https:\\\/\\\/noticiasmercedinas.com\\\/site\\\/#organization\"},\"image\":{\"@id\":\"https:\\\/\\\/noticiasmercedinas.com\\\/site\\\/2026\\\/01\\\/26\\\/ruta-5-choque-entre-un-camion-y-un-auto-dejo-un-saldo-de-cuatro-fallecidos\\\/#primaryimage\"},\"thumbnailUrl\":\"https:\\\/\\\/noticiasmercedinas.com\\\/site\\\/wp-content\\\/uploads\\\/2021\\\/05\\\/policia_luz_noche-e1682428124644.jpg\",\"keywords\":[\"accidente\",\"ruta 5\"],\"articleSection\":[\"Seguridad\"],\"inLanguage\":\"es\"},{\"@type\":\"WebPage\",\"@id\":\"https:\\\/\\\/noticiasmercedinas.com\\\/site\\\/2026\\\/01\\\/26\\\/ruta-5-choque-entre-un-camion-y-un-auto-dejo-un-saldo-de-cuatro-fallecidos\\\/\",\"url\":\"https:\\\/\\\/noticiasmercedinas.com\\\/site\\\/2026\\\/01\\\/26\\\/ruta-5-choque-entre-un-camion-y-un-auto-dejo-un-saldo-de-cuatro-fallecidos\\\/\",\"name\":\"Ruta 5: choque entre un cami\u00f3n y un auto dej\u00f3 un saldo de cuatro fallecidos\",\"isPartOf\":{\"@id\":\"https:\\\/\\\/noticiasmercedinas.com\\\/site\\\/#website\"},\"primaryImageOfPage\":{\"@id\":\"https:\\\/\\\/noticiasmercedinas.com\\\/site\\\/2026\\\/01\\\/26\\\/ruta-5-choque-entre-un-camion-y-un-auto-dejo-un-saldo-de-cuatro-fallecidos\\\/#primaryimage\"},\"image\":{\"@id\":\"https:\\\/\\\/noticiasmercedinas.com\\\/site\\\/2026\\\/01\\\/26\\\/ruta-5-choque-entre-un-camion-y-un-auto-dejo-un-saldo-de-cuatro-fallecidos\\\/#primaryimage\"},\"thumbnailUrl\":\"https:\\\/\\\/noticiasmercedinas.com\\\/site\\\/wp-content\\\/uploads\\\/2021\\\/05\\\/policia_luz_noche-e1682428124644.jpg\",\"datePublished\":\"2026-01-26T14:33:06+00:00\",\"description\":\"El siniestro ocurri\u00f3 en la intersecci\u00f3n con el Acceso Sur. Las v\u00edctimas, integrantes de una familia de Jos\u00e9 C. Paz, murieron en el acto tras el fuerte impacto\",\"breadcrumb\":{\"@id\":\"https:\\\/\\\/noticiasmercedinas.com\\\/site\\\/2026\\\/01\\\/26\\\/ruta-5-choque-entre-un-camion-y-un-auto-dejo-un-saldo-de-cuatro-fallecidos\\\/#breadcrumb\"},\"inLanguage\":\"es\",\"potentialAction\":[{\"@type\":\"ReadAction\",\"target\":[\"https:\\\/\\\/noticiasmercedinas.com\\\/site\\\/2026\\\/01\\\/26\\\/ruta-5-choque-entre-un-camion-y-un-auto-dejo-un-saldo-de-cuatro-fallecidos\\\/\"]}]},{\"@type\":\"ImageObject\",\"inLanguage\":\"es\",\"@id\":\"https:\\\/\\\/noticiasmercedinas.com\\\/site\\\/2026\\\/01\\\/26\\\/ruta-5-choque-entre-un-camion-y-un-auto-dejo-un-saldo-de-cuatro-fallecidos\\\/#primaryimage\",\"url\":\"https:\\\/\\\/noticiasmercedinas.com\\\/site\\\/wp-content\\\/uploads\\\/2021\\\/05\\\/policia_luz_noche-e1682428124644.jpg\",\"contentUrl\":\"https:\\\/\\\/noticiasmercedinas.com\\\/site\\\/wp-content\\\/uploads\\\/2021\\\/05\\\/policia_luz_noche-e1682428124644.jpg\",\"width\":640,\"height\":452},{\"@type\":\"BreadcrumbList\",\"@id\":\"https:\\\/\\\/noticiasmercedinas.com\\\/site\\\/2026\\\/01\\\/26\\\/ruta-5-choque-entre-un-camion-y-un-auto-dejo-un-saldo-de-cuatro-fallecidos\\\/#breadcrumb\",\"itemListElement\":[{\"@type\":\"ListItem\",\"position\":1,\"name\":\"Portada\",\"item\":\"https:\\\/\\\/noticiasmercedinas.com\\\/site\\\/\"},{\"@type\":\"ListItem\",\"position\":2,\"name\":\"Ruta 5: choque entre un cami\u00f3n y un auto dej\u00f3 un saldo de cuatro fallecidos\"}]},{\"@type\":\"WebSite\",\"@id\":\"https:\\\/\\\/noticiasmercedinas.com\\\/site\\\/#website\",\"url\":\"https:\\\/\\\/noticiasmercedinas.com\\\/site\\\/\",\"name\":\"NOTICIASMERCEDINAS.COM\",\"description\":\"Mercedes, Buenos Aires, Argentina\",\"publisher\":{\"@id\":\"https:\\\/\\\/noticiasmercedinas.com\\\/site\\\/#organization\"},\"potentialAction\":[{\"@type\":\"SearchAction\",\"target\":{\"@type\":\"EntryPoint\",\"urlTemplate\":\"https:\\\/\\\/noticiasmercedinas.com\\\/site\\\/?s={search_term_string}\"},\"query-input\":{\"@type\":\"PropertyValueSpecification\",\"valueRequired\":true,\"valueName\":\"search_term_string\"}}],\"inLanguage\":\"es\"},{\"@type\":\"Organization\",\"@id\":\"https:\\\/\\\/noticiasmercedinas.com\\\/site\\\/#organization\",\"name\":\"NOTICIASMERCEDINAS.COM\",\"url\":\"https:\\\/\\\/noticiasmercedinas.com\\\/site\\\/\",\"logo\":{\"@type\":\"ImageObject\",\"inLanguage\":\"es\",\"@id\":\"https:\\\/\\\/noticiasmercedinas.com\\\/site\\\/#\\\/schema\\\/logo\\\/image\\\/\",\"url\":\"https:\\\/\\\/noticiasmercedinas.com\\\/site\\\/wp-content\\\/uploads\\\/2020\\\/06\\\/LOGO-512.jpg\",\"contentUrl\":\"https:\\\/\\\/noticiasmercedinas.com\\\/site\\\/wp-content\\\/uploads\\\/2020\\\/06\\\/LOGO-512.jpg\",\"width\":512,\"height\":512,\"caption\":\"NOTICIASMERCEDINAS.COM\"},\"image\":{\"@id\":\"https:\\\/\\\/noticiasmercedinas.com\\\/site\\\/#\\\/schema\\\/logo\\\/image\\\/\"},\"sameAs\":[\"https:\\\/\\\/www.facebook.com\\\/noticiasmercedinas\\\/\",\"https:\\\/\\\/x.com\\\/notmercedinas\",\"https:\\\/\\\/www.instagram.com\\\/noticiasmercedinas\\\/\"]},{\"@type\":\"Person\",\"@id\":\"https:\\\/\\\/noticiasmercedinas.com\\\/site\\\/#\\\/schema\\\/person\\\/84b59c099c28ff2e8b77d4ceec5d8063\",\"name\":\"NOTICIASMERCEDINAS.COM\",\"image\":{\"@type\":\"ImageObject\",\"inLanguage\":\"es\",\"@id\":\"https:\\\/\\\/secure.gravatar.com\\\/avatar\\\/4dfbf16b4d17945bfb6341b2d19043457132fcf478a5ee04f42e959fd8f5df0a?s=96&d=mm&r=g\",\"url\":\"https:\\\/\\\/secure.gravatar.com\\\/avatar\\\/4dfbf16b4d17945bfb6341b2d19043457132fcf478a5ee04f42e959fd8f5df0a?s=96&d=mm&r=g\",\"contentUrl\":\"https:\\\/\\\/secure.gravatar.com\\\/avatar\\\/4dfbf16b4d17945bfb6341b2d19043457132fcf478a5ee04f42e959fd8f5df0a?s=96&d=mm&r=g\",\"caption\":\"NOTICIASMERCEDINAS.COM\"},\"url\":\"https:\\\/\\\/noticiasmercedinas.com\\\/site\\\/author\\\/anonimo\\\/\"}]}<\/script>\n<!-- \/ Yoast SEO plugin. -->","yoast_head_json":{"title":"Ruta 5: choque entre un cami\u00f3n y un auto dej\u00f3 un saldo de cuatro fallecidos","description":"El siniestro ocurri\u00f3 en la intersecci\u00f3n con el Acceso Sur. Las v\u00edctimas, integrantes de una familia de Jos\u00e9 C. Paz, murieron en el acto tras el fuerte impacto","robots":{"index":"index","follow":"follow","max-snippet":"max-snippet:-1","max-image-preview":"max-image-preview:large","max-video-preview":"max-video-preview:-1"},"canonical":"https:\/\/noticiasmercedinas.com\/site\/2026\/01\/26\/ruta-5-choque-entre-un-camion-y-un-auto-dejo-un-saldo-de-cuatro-fallecidos\/","og_locale":"es_ES","og_type":"article","og_title":"Ruta 5: choque entre un cami\u00f3n y un auto dej\u00f3 un saldo de cuatro fallecidos","og_description":"El siniestro ocurri\u00f3 en la intersecci\u00f3n con el Acceso Sur. Las v\u00edctimas, integrantes de una familia de Jos\u00e9 C. Paz, murieron en el acto tras el fuerte impacto","og_url":"https:\/\/noticiasmercedinas.com\/site\/2026\/01\/26\/ruta-5-choque-entre-un-camion-y-un-auto-dejo-un-saldo-de-cuatro-fallecidos\/","og_site_name":"NOTICIASMERCEDINAS.COM","article_publisher":"https:\/\/www.facebook.com\/noticiasmercedinas\/","article_published_time":"2026-01-26T14:33:06+00:00","og_image":[{"width":640,"height":452,"url":"https:\/\/noticiasmercedinas.com\/site\/wp-content\/uploads\/2021\/05\/policia_luz_noche-e1682428124644.jpg","type":"image\/jpeg"}],"author":"NOTICIASMERCEDINAS.COM","twitter_card":"summary_large_image","twitter_creator":"@notmercedinas","twitter_site":"@notmercedinas","twitter_misc":{"Escrito por":"NOTICIASMERCEDINAS.COM","Tiempo de lectura":"2 minutos"},"schema":{"@context":"https:\/\/schema.org","@graph":[{"@type":"Article","@id":"https:\/\/noticiasmercedinas.com\/site\/2026\/01\/26\/ruta-5-choque-entre-un-camion-y-un-auto-dejo-un-saldo-de-cuatro-fallecidos\/#article","isPartOf":{"@id":"https:\/\/noticiasmercedinas.com\/site\/2026\/01\/26\/ruta-5-choque-entre-un-camion-y-un-auto-dejo-un-saldo-de-cuatro-fallecidos\/"},"author":{"name":"NOTICIASMERCEDINAS.COM","@id":"https:\/\/noticiasmercedinas.com\/site\/#\/schema\/person\/84b59c099c28ff2e8b77d4ceec5d8063"},"headline":"Ruta 5: choque entre un cami\u00f3n y un auto dej\u00f3 un saldo de cuatro fallecidos","datePublished":"2026-01-26T14:33:06+00:00","mainEntityOfPage":{"@id":"https:\/\/noticiasmercedinas.com\/site\/2026\/01\/26\/ruta-5-choque-entre-un-camion-y-un-auto-dejo-un-saldo-de-cuatro-fallecidos\/"},"wordCount":308,"publisher":{"@id":"https:\/\/noticiasmercedinas.com\/site\/#organization"},"image":{"@id":"https:\/\/noticiasmercedinas.com\/site\/2026\/01\/26\/ruta-5-choque-entre-un-camion-y-un-auto-dejo-un-saldo-de-cuatro-fallecidos\/#primaryimage"},"thumbnailUrl":"https:\/\/noticiasmercedinas.com\/site\/wp-content\/uploads\/2021\/05\/policia_luz_noche-e1682428124644.jpg","keywords":["accidente","ruta 5"],"articleSection":["Seguridad"],"inLanguage":"es"},{"@type":"WebPage","@id":"https:\/\/noticiasmercedinas.com\/site\/2026\/01\/26\/ruta-5-choque-entre-un-camion-y-un-auto-dejo-un-saldo-de-cuatro-fallecidos\/","url":"https:\/\/noticiasmercedinas.com\/site\/2026\/01\/26\/ruta-5-choque-entre-un-camion-y-un-auto-dejo-un-saldo-de-cuatro-fallecidos\/","name":"Ruta 5: choque entre un cami\u00f3n y un auto dej\u00f3 un saldo de cuatro fallecidos","isPartOf":{"@id":"https:\/\/noticiasmercedinas.com\/site\/#website"},"primaryImageOfPage":{"@id":"https:\/\/noticiasmercedinas.com\/site\/2026\/01\/26\/ruta-5-choque-entre-un-camion-y-un-auto-dejo-un-saldo-de-cuatro-fallecidos\/#primaryimage"},"image":{"@id":"https:\/\/noticiasmercedinas.com\/site\/2026\/01\/26\/ruta-5-choque-entre-un-camion-y-un-auto-dejo-un-saldo-de-cuatro-fallecidos\/#primaryimage"},"thumbnailUrl":"https:\/\/noticiasmercedinas.com\/site\/wp-content\/uploads\/2021\/05\/policia_luz_noche-e1682428124644.jpg","datePublished":"2026-01-26T14:33:06+00:00","description":"El siniestro ocurri\u00f3 en la intersecci\u00f3n con el Acceso Sur. Las v\u00edctimas, integrantes de una familia de Jos\u00e9 C. Paz, murieron en el acto tras el fuerte impacto","breadcrumb":{"@id":"https:\/\/noticiasmercedinas.com\/site\/2026\/01\/26\/ruta-5-choque-entre-un-camion-y-un-auto-dejo-un-saldo-de-cuatro-fallecidos\/#breadcrumb"},"inLanguage":"es","potentialAction":[{"@type":"ReadAction","target":["https:\/\/noticiasmercedinas.com\/site\/2026\/01\/26\/ruta-5-choque-entre-un-camion-y-un-auto-dejo-un-saldo-de-cuatro-fallecidos\/"]}]},{"@type":"ImageObject","inLanguage":"es","@id":"https:\/\/noticiasmercedinas.com\/site\/2026\/01\/26\/ruta-5-choque-entre-un-camion-y-un-auto-dejo-un-saldo-de-cuatro-fallecidos\/#primaryimage","url":"https:\/\/noticiasmercedinas.com\/site\/wp-content\/uploads\/2021\/05\/policia_luz_noche-e1682428124644.jpg","contentUrl":"https:\/\/noticiasmercedinas.com\/site\/wp-content\/uploads\/2021\/05\/policia_luz_noche-e1682428124644.jpg","width":640,"height":452},{"@type":"BreadcrumbList","@id":"https:\/\/noticiasmercedinas.com\/site\/2026\/01\/26\/ruta-5-choque-entre-un-camion-y-un-auto-dejo-un-saldo-de-cuatro-fallecidos\/#breadcrumb","itemListElement":[{"@type":"ListItem","position":1,"name":"Portada","item":"https:\/\/noticiasmercedinas.com\/site\/"},{"@type":"ListItem","position":2,"name":"Ruta 5: choque entre un cami\u00f3n y un auto dej\u00f3 un saldo de cuatro fallecidos"}]},{"@type":"WebSite","@id":"https:\/\/noticiasmercedinas.com\/site\/#website","url":"https:\/\/noticiasmercedinas.com\/site\/","name":"NOTICIASMERCEDINAS.COM","description":"Mercedes, Buenos Aires, Argentina","publisher":{"@id":"https:\/\/noticiasmercedinas.com\/site\/#organization"},"potentialAction":[{"@type":"SearchAction","target":{"@type":"EntryPoint","urlTemplate":"https:\/\/noticiasmercedinas.com\/site\/?s={search_term_string}"},"query-input":{"@type":"PropertyValueSpecification","valueRequired":true,"valueName":"search_term_string"}}],"inLanguage":"es"},{"@type":"Organization","@id":"https:\/\/noticiasmercedinas.com\/site\/#organization","name":"NOTICIASMERCEDINAS.COM","url":"https:\/\/noticiasmercedinas.com\/site\/","logo":{"@type":"ImageObject","inLanguage":"es","@id":"https:\/\/noticiasmercedinas.com\/site\/#\/schema\/logo\/image\/","url":"https:\/\/noticiasmercedinas.com\/site\/wp-content\/uploads\/2020\/06\/LOGO-512.jpg","contentUrl":"https:\/\/noticiasmercedinas.com\/site\/wp-content\/uploads\/2020\/06\/LOGO-512.jpg","width":512,"height":512,"caption":"NOTICIASMERCEDINAS.COM"},"image":{"@id":"https:\/\/noticiasmercedinas.com\/site\/#\/schema\/logo\/image\/"},"sameAs":["https:\/\/www.facebook.com\/noticiasmercedinas\/","https:\/\/x.com\/notmercedinas","https:\/\/www.instagram.com\/noticiasmercedinas\/"]},{"@type":"Person","@id":"https:\/\/noticiasmercedinas.com\/site\/#\/schema\/person\/84b59c099c28ff2e8b77d4ceec5d8063","name":"NOTICIASMERCEDINAS.COM","image":{"@type":"ImageObject","inLanguage":"es","@id":"https:\/\/secure.gravatar.com\/avatar\/4dfbf16b4d17945bfb6341b2d19043457132fcf478a5ee04f42e959fd8f5df0a?s=96&d=mm&r=g","url":"https:\/\/secure.gravatar.com\/avatar\/4dfbf16b4d17945bfb6341b2d19043457132fcf478a5ee04f42e959fd8f5df0a?s=96&d=mm&r=g","contentUrl":"https:\/\/secure.gravatar.com\/avatar\/4dfbf16b4d17945bfb6341b2d19043457132fcf478a5ee04f42e959fd8f5df0a?s=96&d=mm&r=g","caption":"NOTICIASMERCEDINAS.COM"},"url":"https:\/\/noticiasmercedinas.com\/site\/author\/anonimo\/"}]}},"amp_enabled":true,"_links":{"self":[{"href":"https:\/\/noticiasmercedinas.com\/site\/wp-json\/wp\/v2\/posts\/179031","targetHints":{"allow":["GET"]}}],"collection":[{"href":"https:\/\/noticiasmercedinas.com\/site\/wp-json\/wp\/v2\/posts"}],"about":[{"href":"https:\/\/noticiasmercedinas.com\/site\/wp-json\/wp\/v2\/types\/post"}],"author":[{"embeddable":true,"href":"https:\/\/noticiasmercedinas.com\/site\/wp-json\/wp\/v2\/users\/16"}],"replies":[{"embeddable":true,"href":"https:\/\/noticiasmercedinas.com\/site\/wp-json\/wp\/v2\/comments?post=179031"}],"version-history":[{"count":1,"href":"https:\/\/noticiasmercedinas.com\/site\/wp-json\/wp\/v2\/posts\/179031\/revisions"}],"predecessor-version":[{"id":179032,"href":"https:\/\/noticiasmercedinas.com\/site\/wp-json\/wp\/v2\/posts\/179031\/revisions\/179032"}],"wp:featuredmedia":[{"embeddable":true,"href":"https:\/\/noticiasmercedinas.com\/site\/wp-json\/wp\/v2\/media\/67271"}],"wp:attachment":[{"href":"https:\/\/noticiasmercedinas.com\/site\/wp-json\/wp\/v2\/media?parent=179031"}],"wp:term":[{"taxonomy":"category","embeddable":true,"href":"https:\/\/noticiasmercedinas.com\/site\/wp-json\/wp\/v2\/categories?post=179031"},{"taxonomy":"post_tag","embeddable":true,"href":"https:\/\/noticiasmercedinas.com\/site\/wp-json\/wp\/v2\/tags?post=179031"}],"curies":[{"name":"wp","href":"https:\/\/api.w.org\/{rel}","templated":true}]}}