{"id":179042,"date":"2026-01-27T10:38:06","date_gmt":"2026-01-27T13:38:06","guid":{"rendered":"https:\/\/noticiasmercedinas.com\/site\/?p=179042"},"modified":"2026-01-27T10:38:43","modified_gmt":"2026-01-27T13:38:43","slug":"la-ciudad-recibe-por-primera-vez-un-concierto-de-musica-clasica-de-la-india","status":"publish","type":"post","link":"https:\/\/noticiasmercedinas.com\/site\/2026\/01\/27\/la-ciudad-recibe-por-primera-vez-un-concierto-de-musica-clasica-de-la-india\/","title":{"rendered":"La ciudad recibe por primera vez un concierto de m\u00fasica cl\u00e1sica de la India"},"content":{"rendered":"<p><a href=\"https:\/\/noticiasmercedinas.com\/site\/wp-content\/uploads\/2026\/01\/IMG-20260126-WA0023.jpg\"><img loading=\"lazy\" decoding=\"async\" class=\"alignnone size-large wp-image-179044\" src=\"https:\/\/noticiasmercedinas.com\/site\/wp-content\/uploads\/2026\/01\/IMG-20260126-WA0023-1024x1024.jpg\" alt=\"\" width=\"640\" height=\"640\" srcset=\"https:\/\/noticiasmercedinas.com\/site\/wp-content\/uploads\/2026\/01\/IMG-20260126-WA0023-1024x1024.jpg 1024w, https:\/\/noticiasmercedinas.com\/site\/wp-content\/uploads\/2026\/01\/IMG-20260126-WA0023-300x300.jpg 300w, https:\/\/noticiasmercedinas.com\/site\/wp-content\/uploads\/2026\/01\/IMG-20260126-WA0023-150x150.jpg 150w, https:\/\/noticiasmercedinas.com\/site\/wp-content\/uploads\/2026\/01\/IMG-20260126-WA0023-768x768.jpg 768w, https:\/\/noticiasmercedinas.com\/site\/wp-content\/uploads\/2026\/01\/IMG-20260126-WA0023-640x640.jpg 640w, https:\/\/noticiasmercedinas.com\/site\/wp-content\/uploads\/2026\/01\/IMG-20260126-WA0023-681x681.jpg 681w, https:\/\/noticiasmercedinas.com\/site\/wp-content\/uploads\/2026\/01\/IMG-20260126-WA0023.jpg 1080w\" sizes=\"auto, (max-width: 640px) 100vw, 640px\" \/><\/a><\/p>\n<p>La escena cultural de Mercedes se prepara para un acontecimiento in\u00e9dito. Este s\u00e1bado 31 de enero, a las 21:00 horas, el espacio cultural Casa Colibr\u00ed ser\u00e1 sede del primer concierto de m\u00fasica cl\u00e1sica de la India en la historia de la ciudad.<\/p>\n<p>El evento promete ser una experiencia de \u00abescucha profunda\u00bb, trasladando a los asistentes a trav\u00e9s de los sonidos y ritos de una de las tradiciones musicales m\u00e1s antiguas del mundo.<\/p>\n<p>La propuesta central estar\u00e1 a cargo de un tr\u00edo de especialistas en la materia: Mario Perkins en sitar, Guido Estrada en santur y Pablo Grace en tabla.<\/p>\n<p>Los tres artistas, dedicados al estudio riguroso de la tradici\u00f3n cl\u00e1sica indostan\u00ed, interpretar\u00e1n un repertorio basado en ragas \u2014estructuras mel\u00f3dicas que evocan estados de \u00e1nimo y momentos espec\u00edficos del d\u00eda\u2014 y ritmos complejos que invitan a la introspecci\u00f3n y la presencia plena.<\/p>\n<p>\u00abEs una invitaci\u00f3n a viajar sin moverse, donde la m\u00fasica se despliega como una forma de meditaci\u00f3n y contemplaci\u00f3n\u00bb, se\u00f1alaron desde la organizaci\u00f3n.<\/p>\n<p>Debido a la naturaleza del concierto, que busca generar una atm\u00f3sfera \u00edntima y vibracional, la capacidad del lugar es estrictamente limitada.<\/p>\n<p>Las entradas tienen un valor de $10.000 y pueden adquirirse de forma anticipada mediante el alias de pago PLANTFULNESS. Contacto al 1150621635<\/p>\n<p>La experiencia sensorial no se limitar\u00e1 exclusivamente a lo auditivo. Durante la jornada, Casa Colibr\u00ed ofrecer\u00e1 una propuesta gastron\u00f3mica dise\u00f1ada para la ocasi\u00f3n, que incluir\u00e1 comida india vegetariana, tragos naturales y blends bot\u00e1nicos, permitiendo a los asistentes completar el c\u00edrculo cultural a trav\u00e9s del sabor.<\/p>\n<p>Para m\u00e1s informaci\u00f3n y reservas de \u00faltimo momento, los interesados pueden contactarse a trav\u00e9s de la cuenta de Instagram @tiferet.medita.<\/p>\n","protected":false},"excerpt":{"rendered":"<p>Los reconocidos m\u00fasicos Mario Perkins, Guido Estrada y Pablo Grace se presentar\u00e1n este s\u00e1bado 31 de enero en Casa Colibr\u00ed, en una velada que combinar\u00e1 tradici\u00f3n milenaria, meditaci\u00f3n y gastronom\u00eda tem\u00e1tica.<\/p>\n","protected":false},"author":16,"featured_media":179044,"comment_status":"closed","ping_status":"closed","sticky":false,"template":"","format":"standard","meta":{"footnotes":""},"categories":[4],"tags":[21426,21595,88,14792,19514],"class_list":["post-179042","post","type-post","status-publish","format-standard","has-post-thumbnail","hentry","category-cultura","tag-casa-colibri","tag-india","tag-musica","tag-musica-clasica","tag-plantfulness"],"yoast_head":"<!-- This site is optimized with the Yoast SEO plugin v27.5 - https:\/\/yoast.com\/product\/yoast-seo-wordpress\/ -->\n<title>La ciudad recibe por primera vez un concierto de m\u00fasica cl\u00e1sica de la India<\/title>\n<meta name=\"description\" content=\"Los reconocidos m\u00fasicos Mario Perkins, Guido Estrada y Pablo Grace se presentar\u00e1n este s\u00e1bado 31 de enero en Casa Colibr\u00ed, en una velada que combinar\u00e1 tradici\u00f3n milenaria, meditaci\u00f3n y gastronom\u00eda tem\u00e1tica.\" \/>\n<meta name=\"robots\" content=\"index, follow, max-snippet:-1, max-image-preview:large, max-video-preview:-1\" \/>\n<link rel=\"canonical\" href=\"https:\/\/noticiasmercedinas.com\/site\/2026\/01\/27\/la-ciudad-recibe-por-primera-vez-un-concierto-de-musica-clasica-de-la-india\/\" \/>\n<meta property=\"og:locale\" content=\"es_ES\" \/>\n<meta property=\"og:type\" content=\"article\" \/>\n<meta property=\"og:title\" content=\"La ciudad recibe por primera vez un concierto de m\u00fasica cl\u00e1sica de la India\" \/>\n<meta property=\"og:description\" content=\"Los reconocidos m\u00fasicos Mario Perkins, Guido Estrada y Pablo Grace se presentar\u00e1n este s\u00e1bado 31 de enero en Casa Colibr\u00ed, en una velada que combinar\u00e1 tradici\u00f3n milenaria, meditaci\u00f3n y gastronom\u00eda tem\u00e1tica.\" \/>\n<meta property=\"og:url\" content=\"https:\/\/noticiasmercedinas.com\/site\/2026\/01\/27\/la-ciudad-recibe-por-primera-vez-un-concierto-de-musica-clasica-de-la-india\/\" \/>\n<meta property=\"og:site_name\" content=\"NOTICIASMERCEDINAS.COM\" \/>\n<meta property=\"article:publisher\" content=\"https:\/\/www.facebook.com\/noticiasmercedinas\/\" \/>\n<meta property=\"article:published_time\" content=\"2026-01-27T13:38:06+00:00\" \/>\n<meta property=\"article:modified_time\" content=\"2026-01-27T13:38:43+00:00\" \/>\n<meta property=\"og:image\" content=\"https:\/\/noticiasmercedinas.com\/site\/wp-content\/uploads\/2026\/01\/IMG-20260126-WA0023.jpg\" \/>\n\t<meta property=\"og:image:width\" content=\"1080\" \/>\n\t<meta property=\"og:image:height\" content=\"1080\" \/>\n\t<meta property=\"og:image:type\" content=\"image\/jpeg\" \/>\n<meta name=\"author\" content=\"NOTICIASMERCEDINAS.COM\" \/>\n<meta name=\"twitter:card\" content=\"summary_large_image\" \/>\n<meta name=\"twitter:creator\" content=\"@notmercedinas\" \/>\n<meta name=\"twitter:site\" content=\"@notmercedinas\" \/>\n<meta name=\"twitter:label1\" content=\"Escrito por\" \/>\n\t<meta name=\"twitter:data1\" content=\"NOTICIASMERCEDINAS.COM\" \/>\n\t<meta name=\"twitter:label2\" content=\"Tiempo de lectura\" \/>\n\t<meta name=\"twitter:data2\" content=\"2 minutos\" \/>\n<script type=\"application\/ld+json\" class=\"yoast-schema-graph\">{\"@context\":\"https:\\\/\\\/schema.org\",\"@graph\":[{\"@type\":\"Article\",\"@id\":\"https:\\\/\\\/noticiasmercedinas.com\\\/site\\\/2026\\\/01\\\/27\\\/la-ciudad-recibe-por-primera-vez-un-concierto-de-musica-clasica-de-la-india\\\/#article\",\"isPartOf\":{\"@id\":\"https:\\\/\\\/noticiasmercedinas.com\\\/site\\\/2026\\\/01\\\/27\\\/la-ciudad-recibe-por-primera-vez-un-concierto-de-musica-clasica-de-la-india\\\/\"},\"author\":{\"name\":\"NOTICIASMERCEDINAS.COM\",\"@id\":\"https:\\\/\\\/noticiasmercedinas.com\\\/site\\\/#\\\/schema\\\/person\\\/84b59c099c28ff2e8b77d4ceec5d8063\"},\"headline\":\"La ciudad recibe por primera vez un concierto de m\u00fasica cl\u00e1sica de la India\",\"datePublished\":\"2026-01-27T13:38:06+00:00\",\"dateModified\":\"2026-01-27T13:38:43+00:00\",\"mainEntityOfPage\":{\"@id\":\"https:\\\/\\\/noticiasmercedinas.com\\\/site\\\/2026\\\/01\\\/27\\\/la-ciudad-recibe-por-primera-vez-un-concierto-de-musica-clasica-de-la-india\\\/\"},\"wordCount\":315,\"publisher\":{\"@id\":\"https:\\\/\\\/noticiasmercedinas.com\\\/site\\\/#organization\"},\"image\":{\"@id\":\"https:\\\/\\\/noticiasmercedinas.com\\\/site\\\/2026\\\/01\\\/27\\\/la-ciudad-recibe-por-primera-vez-un-concierto-de-musica-clasica-de-la-india\\\/#primaryimage\"},\"thumbnailUrl\":\"https:\\\/\\\/noticiasmercedinas.com\\\/site\\\/wp-content\\\/uploads\\\/2026\\\/01\\\/IMG-20260126-WA0023.jpg\",\"keywords\":[\"casa colibri\",\"India\",\"musica\",\"musica cl\u00e1sica\",\"plantfulness\"],\"articleSection\":[\"Cultura\"],\"inLanguage\":\"es\"},{\"@type\":\"WebPage\",\"@id\":\"https:\\\/\\\/noticiasmercedinas.com\\\/site\\\/2026\\\/01\\\/27\\\/la-ciudad-recibe-por-primera-vez-un-concierto-de-musica-clasica-de-la-india\\\/\",\"url\":\"https:\\\/\\\/noticiasmercedinas.com\\\/site\\\/2026\\\/01\\\/27\\\/la-ciudad-recibe-por-primera-vez-un-concierto-de-musica-clasica-de-la-india\\\/\",\"name\":\"La ciudad recibe por primera vez un concierto de m\u00fasica cl\u00e1sica de la India\",\"isPartOf\":{\"@id\":\"https:\\\/\\\/noticiasmercedinas.com\\\/site\\\/#website\"},\"primaryImageOfPage\":{\"@id\":\"https:\\\/\\\/noticiasmercedinas.com\\\/site\\\/2026\\\/01\\\/27\\\/la-ciudad-recibe-por-primera-vez-un-concierto-de-musica-clasica-de-la-india\\\/#primaryimage\"},\"image\":{\"@id\":\"https:\\\/\\\/noticiasmercedinas.com\\\/site\\\/2026\\\/01\\\/27\\\/la-ciudad-recibe-por-primera-vez-un-concierto-de-musica-clasica-de-la-india\\\/#primaryimage\"},\"thumbnailUrl\":\"https:\\\/\\\/noticiasmercedinas.com\\\/site\\\/wp-content\\\/uploads\\\/2026\\\/01\\\/IMG-20260126-WA0023.jpg\",\"datePublished\":\"2026-01-27T13:38:06+00:00\",\"dateModified\":\"2026-01-27T13:38:43+00:00\",\"description\":\"Los reconocidos m\u00fasicos Mario Perkins, Guido Estrada y Pablo Grace se presentar\u00e1n este s\u00e1bado 31 de enero en Casa Colibr\u00ed, en una velada que combinar\u00e1 tradici\u00f3n milenaria, meditaci\u00f3n y gastronom\u00eda tem\u00e1tica.\",\"breadcrumb\":{\"@id\":\"https:\\\/\\\/noticiasmercedinas.com\\\/site\\\/2026\\\/01\\\/27\\\/la-ciudad-recibe-por-primera-vez-un-concierto-de-musica-clasica-de-la-india\\\/#breadcrumb\"},\"inLanguage\":\"es\",\"potentialAction\":[{\"@type\":\"ReadAction\",\"target\":[\"https:\\\/\\\/noticiasmercedinas.com\\\/site\\\/2026\\\/01\\\/27\\\/la-ciudad-recibe-por-primera-vez-un-concierto-de-musica-clasica-de-la-india\\\/\"]}]},{\"@type\":\"ImageObject\",\"inLanguage\":\"es\",\"@id\":\"https:\\\/\\\/noticiasmercedinas.com\\\/site\\\/2026\\\/01\\\/27\\\/la-ciudad-recibe-por-primera-vez-un-concierto-de-musica-clasica-de-la-india\\\/#primaryimage\",\"url\":\"https:\\\/\\\/noticiasmercedinas.com\\\/site\\\/wp-content\\\/uploads\\\/2026\\\/01\\\/IMG-20260126-WA0023.jpg\",\"contentUrl\":\"https:\\\/\\\/noticiasmercedinas.com\\\/site\\\/wp-content\\\/uploads\\\/2026\\\/01\\\/IMG-20260126-WA0023.jpg\",\"width\":1080,\"height\":1080},{\"@type\":\"BreadcrumbList\",\"@id\":\"https:\\\/\\\/noticiasmercedinas.com\\\/site\\\/2026\\\/01\\\/27\\\/la-ciudad-recibe-por-primera-vez-un-concierto-de-musica-clasica-de-la-india\\\/#breadcrumb\",\"itemListElement\":[{\"@type\":\"ListItem\",\"position\":1,\"name\":\"Portada\",\"item\":\"https:\\\/\\\/noticiasmercedinas.com\\\/site\\\/\"},{\"@type\":\"ListItem\",\"position\":2,\"name\":\"La ciudad recibe por primera vez un concierto de m\u00fasica cl\u00e1sica de la India\"}]},{\"@type\":\"WebSite\",\"@id\":\"https:\\\/\\\/noticiasmercedinas.com\\\/site\\\/#website\",\"url\":\"https:\\\/\\\/noticiasmercedinas.com\\\/site\\\/\",\"name\":\"NOTICIASMERCEDINAS.COM\",\"description\":\"Mercedes, Buenos Aires, Argentina\",\"publisher\":{\"@id\":\"https:\\\/\\\/noticiasmercedinas.com\\\/site\\\/#organization\"},\"potentialAction\":[{\"@type\":\"SearchAction\",\"target\":{\"@type\":\"EntryPoint\",\"urlTemplate\":\"https:\\\/\\\/noticiasmercedinas.com\\\/site\\\/?s={search_term_string}\"},\"query-input\":{\"@type\":\"PropertyValueSpecification\",\"valueRequired\":true,\"valueName\":\"search_term_string\"}}],\"inLanguage\":\"es\"},{\"@type\":\"Organization\",\"@id\":\"https:\\\/\\\/noticiasmercedinas.com\\\/site\\\/#organization\",\"name\":\"NOTICIASMERCEDINAS.COM\",\"url\":\"https:\\\/\\\/noticiasmercedinas.com\\\/site\\\/\",\"logo\":{\"@type\":\"ImageObject\",\"inLanguage\":\"es\",\"@id\":\"https:\\\/\\\/noticiasmercedinas.com\\\/site\\\/#\\\/schema\\\/logo\\\/image\\\/\",\"url\":\"https:\\\/\\\/noticiasmercedinas.com\\\/site\\\/wp-content\\\/uploads\\\/2020\\\/06\\\/LOGO-512.jpg\",\"contentUrl\":\"https:\\\/\\\/noticiasmercedinas.com\\\/site\\\/wp-content\\\/uploads\\\/2020\\\/06\\\/LOGO-512.jpg\",\"width\":512,\"height\":512,\"caption\":\"NOTICIASMERCEDINAS.COM\"},\"image\":{\"@id\":\"https:\\\/\\\/noticiasmercedinas.com\\\/site\\\/#\\\/schema\\\/logo\\\/image\\\/\"},\"sameAs\":[\"https:\\\/\\\/www.facebook.com\\\/noticiasmercedinas\\\/\",\"https:\\\/\\\/x.com\\\/notmercedinas\",\"https:\\\/\\\/www.instagram.com\\\/noticiasmercedinas\\\/\"]},{\"@type\":\"Person\",\"@id\":\"https:\\\/\\\/noticiasmercedinas.com\\\/site\\\/#\\\/schema\\\/person\\\/84b59c099c28ff2e8b77d4ceec5d8063\",\"name\":\"NOTICIASMERCEDINAS.COM\",\"image\":{\"@type\":\"ImageObject\",\"inLanguage\":\"es\",\"@id\":\"https:\\\/\\\/secure.gravatar.com\\\/avatar\\\/4dfbf16b4d17945bfb6341b2d19043457132fcf478a5ee04f42e959fd8f5df0a?s=96&d=mm&r=g\",\"url\":\"https:\\\/\\\/secure.gravatar.com\\\/avatar\\\/4dfbf16b4d17945bfb6341b2d19043457132fcf478a5ee04f42e959fd8f5df0a?s=96&d=mm&r=g\",\"contentUrl\":\"https:\\\/\\\/secure.gravatar.com\\\/avatar\\\/4dfbf16b4d17945bfb6341b2d19043457132fcf478a5ee04f42e959fd8f5df0a?s=96&d=mm&r=g\",\"caption\":\"NOTICIASMERCEDINAS.COM\"},\"url\":\"https:\\\/\\\/noticiasmercedinas.com\\\/site\\\/author\\\/anonimo\\\/\"}]}<\/script>\n<!-- \/ Yoast SEO plugin. -->","yoast_head_json":{"title":"La ciudad recibe por primera vez un concierto de m\u00fasica cl\u00e1sica de la India","description":"Los reconocidos m\u00fasicos Mario Perkins, Guido Estrada y Pablo Grace se presentar\u00e1n este s\u00e1bado 31 de enero en Casa Colibr\u00ed, en una velada que combinar\u00e1 tradici\u00f3n milenaria, meditaci\u00f3n y gastronom\u00eda tem\u00e1tica.","robots":{"index":"index","follow":"follow","max-snippet":"max-snippet:-1","max-image-preview":"max-image-preview:large","max-video-preview":"max-video-preview:-1"},"canonical":"https:\/\/noticiasmercedinas.com\/site\/2026\/01\/27\/la-ciudad-recibe-por-primera-vez-un-concierto-de-musica-clasica-de-la-india\/","og_locale":"es_ES","og_type":"article","og_title":"La ciudad recibe por primera vez un concierto de m\u00fasica cl\u00e1sica de la India","og_description":"Los reconocidos m\u00fasicos Mario Perkins, Guido Estrada y Pablo Grace se presentar\u00e1n este s\u00e1bado 31 de enero en Casa Colibr\u00ed, en una velada que combinar\u00e1 tradici\u00f3n milenaria, meditaci\u00f3n y gastronom\u00eda tem\u00e1tica.","og_url":"https:\/\/noticiasmercedinas.com\/site\/2026\/01\/27\/la-ciudad-recibe-por-primera-vez-un-concierto-de-musica-clasica-de-la-india\/","og_site_name":"NOTICIASMERCEDINAS.COM","article_publisher":"https:\/\/www.facebook.com\/noticiasmercedinas\/","article_published_time":"2026-01-27T13:38:06+00:00","article_modified_time":"2026-01-27T13:38:43+00:00","og_image":[{"width":1080,"height":1080,"url":"https:\/\/noticiasmercedinas.com\/site\/wp-content\/uploads\/2026\/01\/IMG-20260126-WA0023.jpg","type":"image\/jpeg"}],"author":"NOTICIASMERCEDINAS.COM","twitter_card":"summary_large_image","twitter_creator":"@notmercedinas","twitter_site":"@notmercedinas","twitter_misc":{"Escrito por":"NOTICIASMERCEDINAS.COM","Tiempo de lectura":"2 minutos"},"schema":{"@context":"https:\/\/schema.org","@graph":[{"@type":"Article","@id":"https:\/\/noticiasmercedinas.com\/site\/2026\/01\/27\/la-ciudad-recibe-por-primera-vez-un-concierto-de-musica-clasica-de-la-india\/#article","isPartOf":{"@id":"https:\/\/noticiasmercedinas.com\/site\/2026\/01\/27\/la-ciudad-recibe-por-primera-vez-un-concierto-de-musica-clasica-de-la-india\/"},"author":{"name":"NOTICIASMERCEDINAS.COM","@id":"https:\/\/noticiasmercedinas.com\/site\/#\/schema\/person\/84b59c099c28ff2e8b77d4ceec5d8063"},"headline":"La ciudad recibe por primera vez un concierto de m\u00fasica cl\u00e1sica de la India","datePublished":"2026-01-27T13:38:06+00:00","dateModified":"2026-01-27T13:38:43+00:00","mainEntityOfPage":{"@id":"https:\/\/noticiasmercedinas.com\/site\/2026\/01\/27\/la-ciudad-recibe-por-primera-vez-un-concierto-de-musica-clasica-de-la-india\/"},"wordCount":315,"publisher":{"@id":"https:\/\/noticiasmercedinas.com\/site\/#organization"},"image":{"@id":"https:\/\/noticiasmercedinas.com\/site\/2026\/01\/27\/la-ciudad-recibe-por-primera-vez-un-concierto-de-musica-clasica-de-la-india\/#primaryimage"},"thumbnailUrl":"https:\/\/noticiasmercedinas.com\/site\/wp-content\/uploads\/2026\/01\/IMG-20260126-WA0023.jpg","keywords":["casa colibri","India","musica","musica cl\u00e1sica","plantfulness"],"articleSection":["Cultura"],"inLanguage":"es"},{"@type":"WebPage","@id":"https:\/\/noticiasmercedinas.com\/site\/2026\/01\/27\/la-ciudad-recibe-por-primera-vez-un-concierto-de-musica-clasica-de-la-india\/","url":"https:\/\/noticiasmercedinas.com\/site\/2026\/01\/27\/la-ciudad-recibe-por-primera-vez-un-concierto-de-musica-clasica-de-la-india\/","name":"La ciudad recibe por primera vez un concierto de m\u00fasica cl\u00e1sica de la India","isPartOf":{"@id":"https:\/\/noticiasmercedinas.com\/site\/#website"},"primaryImageOfPage":{"@id":"https:\/\/noticiasmercedinas.com\/site\/2026\/01\/27\/la-ciudad-recibe-por-primera-vez-un-concierto-de-musica-clasica-de-la-india\/#primaryimage"},"image":{"@id":"https:\/\/noticiasmercedinas.com\/site\/2026\/01\/27\/la-ciudad-recibe-por-primera-vez-un-concierto-de-musica-clasica-de-la-india\/#primaryimage"},"thumbnailUrl":"https:\/\/noticiasmercedinas.com\/site\/wp-content\/uploads\/2026\/01\/IMG-20260126-WA0023.jpg","datePublished":"2026-01-27T13:38:06+00:00","dateModified":"2026-01-27T13:38:43+00:00","description":"Los reconocidos m\u00fasicos Mario Perkins, Guido Estrada y Pablo Grace se presentar\u00e1n este s\u00e1bado 31 de enero en Casa Colibr\u00ed, en una velada que combinar\u00e1 tradici\u00f3n milenaria, meditaci\u00f3n y gastronom\u00eda tem\u00e1tica.","breadcrumb":{"@id":"https:\/\/noticiasmercedinas.com\/site\/2026\/01\/27\/la-ciudad-recibe-por-primera-vez-un-concierto-de-musica-clasica-de-la-india\/#breadcrumb"},"inLanguage":"es","potentialAction":[{"@type":"ReadAction","target":["https:\/\/noticiasmercedinas.com\/site\/2026\/01\/27\/la-ciudad-recibe-por-primera-vez-un-concierto-de-musica-clasica-de-la-india\/"]}]},{"@type":"ImageObject","inLanguage":"es","@id":"https:\/\/noticiasmercedinas.com\/site\/2026\/01\/27\/la-ciudad-recibe-por-primera-vez-un-concierto-de-musica-clasica-de-la-india\/#primaryimage","url":"https:\/\/noticiasmercedinas.com\/site\/wp-content\/uploads\/2026\/01\/IMG-20260126-WA0023.jpg","contentUrl":"https:\/\/noticiasmercedinas.com\/site\/wp-content\/uploads\/2026\/01\/IMG-20260126-WA0023.jpg","width":1080,"height":1080},{"@type":"BreadcrumbList","@id":"https:\/\/noticiasmercedinas.com\/site\/2026\/01\/27\/la-ciudad-recibe-por-primera-vez-un-concierto-de-musica-clasica-de-la-india\/#breadcrumb","itemListElement":[{"@type":"ListItem","position":1,"name":"Portada","item":"https:\/\/noticiasmercedinas.com\/site\/"},{"@type":"ListItem","position":2,"name":"La ciudad recibe por primera vez un concierto de m\u00fasica cl\u00e1sica de la India"}]},{"@type":"WebSite","@id":"https:\/\/noticiasmercedinas.com\/site\/#website","url":"https:\/\/noticiasmercedinas.com\/site\/","name":"NOTICIASMERCEDINAS.COM","description":"Mercedes, Buenos Aires, Argentina","publisher":{"@id":"https:\/\/noticiasmercedinas.com\/site\/#organization"},"potentialAction":[{"@type":"SearchAction","target":{"@type":"EntryPoint","urlTemplate":"https:\/\/noticiasmercedinas.com\/site\/?s={search_term_string}"},"query-input":{"@type":"PropertyValueSpecification","valueRequired":true,"valueName":"search_term_string"}}],"inLanguage":"es"},{"@type":"Organization","@id":"https:\/\/noticiasmercedinas.com\/site\/#organization","name":"NOTICIASMERCEDINAS.COM","url":"https:\/\/noticiasmercedinas.com\/site\/","logo":{"@type":"ImageObject","inLanguage":"es","@id":"https:\/\/noticiasmercedinas.com\/site\/#\/schema\/logo\/image\/","url":"https:\/\/noticiasmercedinas.com\/site\/wp-content\/uploads\/2020\/06\/LOGO-512.jpg","contentUrl":"https:\/\/noticiasmercedinas.com\/site\/wp-content\/uploads\/2020\/06\/LOGO-512.jpg","width":512,"height":512,"caption":"NOTICIASMERCEDINAS.COM"},"image":{"@id":"https:\/\/noticiasmercedinas.com\/site\/#\/schema\/logo\/image\/"},"sameAs":["https:\/\/www.facebook.com\/noticiasmercedinas\/","https:\/\/x.com\/notmercedinas","https:\/\/www.instagram.com\/noticiasmercedinas\/"]},{"@type":"Person","@id":"https:\/\/noticiasmercedinas.com\/site\/#\/schema\/person\/84b59c099c28ff2e8b77d4ceec5d8063","name":"NOTICIASMERCEDINAS.COM","image":{"@type":"ImageObject","inLanguage":"es","@id":"https:\/\/secure.gravatar.com\/avatar\/4dfbf16b4d17945bfb6341b2d19043457132fcf478a5ee04f42e959fd8f5df0a?s=96&d=mm&r=g","url":"https:\/\/secure.gravatar.com\/avatar\/4dfbf16b4d17945bfb6341b2d19043457132fcf478a5ee04f42e959fd8f5df0a?s=96&d=mm&r=g","contentUrl":"https:\/\/secure.gravatar.com\/avatar\/4dfbf16b4d17945bfb6341b2d19043457132fcf478a5ee04f42e959fd8f5df0a?s=96&d=mm&r=g","caption":"NOTICIASMERCEDINAS.COM"},"url":"https:\/\/noticiasmercedinas.com\/site\/author\/anonimo\/"}]}},"amp_enabled":true,"_links":{"self":[{"href":"https:\/\/noticiasmercedinas.com\/site\/wp-json\/wp\/v2\/posts\/179042","targetHints":{"allow":["GET"]}}],"collection":[{"href":"https:\/\/noticiasmercedinas.com\/site\/wp-json\/wp\/v2\/posts"}],"about":[{"href":"https:\/\/noticiasmercedinas.com\/site\/wp-json\/wp\/v2\/types\/post"}],"author":[{"embeddable":true,"href":"https:\/\/noticiasmercedinas.com\/site\/wp-json\/wp\/v2\/users\/16"}],"replies":[{"embeddable":true,"href":"https:\/\/noticiasmercedinas.com\/site\/wp-json\/wp\/v2\/comments?post=179042"}],"version-history":[{"count":4,"href":"https:\/\/noticiasmercedinas.com\/site\/wp-json\/wp\/v2\/posts\/179042\/revisions"}],"predecessor-version":[{"id":179047,"href":"https:\/\/noticiasmercedinas.com\/site\/wp-json\/wp\/v2\/posts\/179042\/revisions\/179047"}],"wp:featuredmedia":[{"embeddable":true,"href":"https:\/\/noticiasmercedinas.com\/site\/wp-json\/wp\/v2\/media\/179044"}],"wp:attachment":[{"href":"https:\/\/noticiasmercedinas.com\/site\/wp-json\/wp\/v2\/media?parent=179042"}],"wp:term":[{"taxonomy":"category","embeddable":true,"href":"https:\/\/noticiasmercedinas.com\/site\/wp-json\/wp\/v2\/categories?post=179042"},{"taxonomy":"post_tag","embeddable":true,"href":"https:\/\/noticiasmercedinas.com\/site\/wp-json\/wp\/v2\/tags?post=179042"}],"curies":[{"name":"wp","href":"https:\/\/api.w.org\/{rel}","templated":true}]}}