{"id":179089,"date":"2026-01-27T21:59:52","date_gmt":"2026-01-28T00:59:52","guid":{"rendered":"https:\/\/noticiasmercedinas.com\/site\/?p=179089"},"modified":"2026-01-27T21:59:52","modified_gmt":"2026-01-28T00:59:52","slug":"el-hilo-de-la-memoria-adios-a-lila-y-camilo","status":"publish","type":"post","link":"https:\/\/noticiasmercedinas.com\/site\/2026\/01\/27\/el-hilo-de-la-memoria-adios-a-lila-y-camilo\/","title":{"rendered":"El hilo de la memoria: Adi\u00f3s a Lila y Camilo"},"content":{"rendered":"<p><a href=\"https:\/\/noticiasmercedinas.com\/site\/wp-content\/uploads\/2026\/01\/IMG-20260127-WA0012.jpg\"><img loading=\"lazy\" decoding=\"async\" class=\"alignnone size-large wp-image-179090\" src=\"https:\/\/noticiasmercedinas.com\/site\/wp-content\/uploads\/2026\/01\/IMG-20260127-WA0012-1024x768.jpg\" alt=\"\" width=\"640\" height=\"480\" srcset=\"https:\/\/noticiasmercedinas.com\/site\/wp-content\/uploads\/2026\/01\/IMG-20260127-WA0012-1024x768.jpg 1024w, https:\/\/noticiasmercedinas.com\/site\/wp-content\/uploads\/2026\/01\/IMG-20260127-WA0012-300x225.jpg 300w, https:\/\/noticiasmercedinas.com\/site\/wp-content\/uploads\/2026\/01\/IMG-20260127-WA0012-768x576.jpg 768w, https:\/\/noticiasmercedinas.com\/site\/wp-content\/uploads\/2026\/01\/IMG-20260127-WA0012-1536x1152.jpg 1536w, https:\/\/noticiasmercedinas.com\/site\/wp-content\/uploads\/2026\/01\/IMG-20260127-WA0012-80x60.jpg 80w, https:\/\/noticiasmercedinas.com\/site\/wp-content\/uploads\/2026\/01\/IMG-20260127-WA0012-160x120.jpg 160w, https:\/\/noticiasmercedinas.com\/site\/wp-content\/uploads\/2026\/01\/IMG-20260127-WA0012-100x75.jpg 100w, https:\/\/noticiasmercedinas.com\/site\/wp-content\/uploads\/2026\/01\/IMG-20260127-WA0012-200x150.jpg 200w, https:\/\/noticiasmercedinas.com\/site\/wp-content\/uploads\/2026\/01\/IMG-20260127-WA0012-180x135.jpg 180w, https:\/\/noticiasmercedinas.com\/site\/wp-content\/uploads\/2026\/01\/IMG-20260127-WA0012-360x270.jpg 360w, https:\/\/noticiasmercedinas.com\/site\/wp-content\/uploads\/2026\/01\/IMG-20260127-WA0012-238x178.jpg 238w, https:\/\/noticiasmercedinas.com\/site\/wp-content\/uploads\/2026\/01\/IMG-20260127-WA0012-476x356.jpg 476w, https:\/\/noticiasmercedinas.com\/site\/wp-content\/uploads\/2026\/01\/IMG-20260127-WA0012-640x480.jpg 640w, https:\/\/noticiasmercedinas.com\/site\/wp-content\/uploads\/2026\/01\/IMG-20260127-WA0012-1280x960.jpg 1280w, https:\/\/noticiasmercedinas.com\/site\/wp-content\/uploads\/2026\/01\/IMG-20260127-WA0012-681x511.jpg 681w, https:\/\/noticiasmercedinas.com\/site\/wp-content\/uploads\/2026\/01\/IMG-20260127-WA0012-1362x1022.jpg 1362w, https:\/\/noticiasmercedinas.com\/site\/wp-content\/uploads\/2026\/01\/IMG-20260127-WA0012.jpg 1600w\" sizes=\"auto, (max-width: 640px) 100vw, 640px\" \/><\/a><\/p>\n<p>A veces quiero sentir que en mi Mercedes natal el tiempo est\u00e1 detenido; que nadie puede morir, que todo estar\u00e1 siempre igual.<\/p>\n<p>Y de pronto, en estas benditas (o malditas, no lo s\u00e9) redes, aparece as\u00ed, de la nada, la noticia de un terrible accidente que se llev\u00f3 la vida de Lila y Camilo. La verdad, me dej\u00f3 temblando el alma.<\/p>\n<blockquote><p>Desde la distancia, Virginia Altube evoca la figura de Lila, la mujer que trajo el rito de la Pachamama a la ciudad, y lamenta la tr\u00e1gica partida de una madre y su hijo que dejaron una huella imborrable.<\/p><\/blockquote>\n<p>Siento la necesidad de compartir, a la distancia, mi recuerdo. En el a\u00f1o 2012, junto a Marilina Erramuspe, realizamos un ciclo de pe\u00f1as en El Limonero \u2014cuando estaba en la esquina de 36 y 25\u2014 con la complicidad de Pablo Russo, siempre dispuesto y hospitalario. En el marco de ese ciclo, se nos ocurri\u00f3 celebrar a la Pachamama en el mes de agosto, como corresponde. All\u00ed apareci\u00f3 Lila, con todo su bagaje cultural hecho vida.<\/p>\n<p>Todo fue maravilloso desde las reuniones previas. Para m\u00ed era un placer, casi dir\u00eda un honor, llevarla y traerla en mi Renault 4 rojo. Nos qued\u00e1bamos largo rato conversando; sobre todo yo, escuchando, porque para m\u00ed todo era aprendizaje. Era la cultura andina en la palabra sin filtro de esta querida mujer boliviana y madre, que llevaba adelante su verduler\u00eda, su empresa, y que estaba totalmente comprometida con esa celebraci\u00f3n, la primera p\u00fablica que se hizo en Mercedes.<\/p>\n<p>Recuerdo en especial una reuni\u00f3n en El Limonero: de pronto Pablo apareci\u00f3 con un poco de vell\u00f3n y Lila empez\u00f3 a hilar con las manos. Fue m\u00e1gico. Mientras hilaba, su memoria se ilumin\u00f3 y empez\u00f3 a contar recuerdos de su Tarija, de sus padres, de su abuela&#8230; del respeto hacia la tierra y hacia una ceremonia como la que est\u00e1bamos organizando. Se encarg\u00f3 de traer desde Bolivia las copitas de barro y la olla que enterrar\u00edamos para las ofrendas, porque todo se hizo seg\u00fan su tradici\u00f3n.<\/p>\n<p>Aquel d\u00eda en La Trocha \u2014que todav\u00eda no era el Centro Cultural que es ahora\u2014 amaneci\u00f3 nublado, apenas lloviznando. Primero se abri\u00f3 la boca de la tierra; all\u00ed lleg\u00f3 el querido \u00abMecha\u00bb Ram\u00edrez con piedras para la apacheta. En uno de los galpones se ubicaron los puestos de comidas andinas convocados por Lila. A las dos de la tarde empezamos las ofrendas guiados por ella, mientras \u00abdon Pablito\u00bb, como le dec\u00eda ella a Pablo Russo, iba y ven\u00eda ayudando.<\/p>\n<p>El primero en ofrendar, invitado por Lila, fue el entonces intendente Carlos Selva, que hab\u00eda ido con un grupo de funcionarios. Pero todo fue muy horizontal: mandaban Lila y la Pachamama. M\u00e1s tarde lleg\u00f3 Raquel Pereyra con un grupo de alumnos y charangos, cantando \u00abLa Vicu\u00f1ita\u00bb. Seguimos toda la tarde esperando a las cholas que ven\u00edan de la comunidad de Escobar con el c\u00f3nsul y el grupo Samayllajta, que pidieron no cerrar la boca de la tierra hasta que ellos llegaran para poder chayar. El d\u00eda termin\u00f3 con una noche estrellada como pocas, todos bailando bajo ese cielo mercedino con la mirada y la voz de Lila resonando.<\/p>\n<p>La \u00faltima vez que la vi fue en una cena, no hace mucho, en casa de Mabel Riveiro. Fue otra noche hermosa junto a Lila y Tito Sanguinetti, compartiendo emociones, ricas comidas y retazos de nuestras vidas.<\/p>\n<p>Vaya mi recuerdo para Lila, casi un homenaje a ella y a tantos hermanos y hermanas bolivianas que vienen a trabajar buscando un futuro mejor. Y tambi\u00e9n para Camilo, a quien, como muchos mercedinos, conocimos de ni\u00f1o (recuerdo sus charlas con Sebasti\u00e1n y Julieta en sus tiempos de freeveganismo).<\/p>\n<p>Mi respeto enorme y mi profundo sentimiento.<\/p>\n<hr \/>\n<p><em>Virginia Altube Capilla del Monte, 27 de enero de 2026<\/em><\/p>\n","protected":false},"excerpt":{"rendered":"<p>A veces quiero sentir que en mi Mercedes natal el tiempo est\u00e1 detenido; que nadie puede morir, que todo estar\u00e1 siempre igual. Y de pronto, en estas benditas (o malditas, no lo s\u00e9) redes, aparece as\u00ed, de la nada, la noticia de un terrible accidente que se llev\u00f3 la vida de Lila y Camilo. La [&hellip;]<\/p>\n","protected":false},"author":16,"featured_media":179090,"comment_status":"closed","ping_status":"closed","sticky":false,"template":"","format":"standard","meta":{"footnotes":""},"categories":[8],"tags":[],"class_list":["post-179089","post","type-post","status-publish","format-standard","has-post-thumbnail","hentry","category-opinion"],"yoast_head":"<!-- This site is optimized with the Yoast SEO plugin v28.3 - https:\/\/yoast.com\/product\/yoast-seo-wordpress\/ -->\n<title>El hilo de la memoria: Adi\u00f3s a Lila y Camilo<\/title>\n<meta name=\"robots\" content=\"index, follow, max-snippet:-1, max-image-preview:large, max-video-preview:-1\" \/>\n<link rel=\"canonical\" href=\"https:\/\/noticiasmercedinas.com\/site\/2026\/01\/27\/el-hilo-de-la-memoria-adios-a-lila-y-camilo\/\" \/>\n<meta property=\"og:locale\" content=\"es_ES\" \/>\n<meta property=\"og:type\" content=\"article\" \/>\n<meta property=\"og:title\" content=\"El hilo de la memoria: Adi\u00f3s a Lila y Camilo\" \/>\n<meta property=\"og:description\" content=\"A veces quiero sentir que en mi Mercedes natal el tiempo est\u00e1 detenido; que nadie puede morir, que todo estar\u00e1 siempre igual. Y de pronto, en estas benditas (o malditas, no lo s\u00e9) redes, aparece as\u00ed, de la nada, la noticia de un terrible accidente que se llev\u00f3 la vida de Lila y Camilo. La [&hellip;]\" \/>\n<meta property=\"og:url\" content=\"https:\/\/noticiasmercedinas.com\/site\/2026\/01\/27\/el-hilo-de-la-memoria-adios-a-lila-y-camilo\/\" \/>\n<meta property=\"og:site_name\" content=\"NOTICIASMERCEDINAS.COM\" \/>\n<meta property=\"article:publisher\" content=\"https:\/\/www.facebook.com\/noticiasmercedinas\/\" \/>\n<meta property=\"article:published_time\" content=\"2026-01-28T00:59:52+00:00\" \/>\n<meta property=\"og:image\" content=\"https:\/\/noticiasmercedinas.com\/site\/wp-content\/uploads\/2026\/01\/IMG-20260127-WA0012.jpg\" \/>\n\t<meta property=\"og:image:width\" content=\"1600\" \/>\n\t<meta property=\"og:image:height\" content=\"1200\" \/>\n\t<meta property=\"og:image:type\" content=\"image\/jpeg\" \/>\n<meta name=\"author\" content=\"NOTICIASMERCEDINAS.COM\" \/>\n<meta name=\"twitter:card\" content=\"summary_large_image\" \/>\n<meta name=\"twitter:creator\" content=\"@notmercedinas\" \/>\n<meta name=\"twitter:site\" content=\"@notmercedinas\" \/>\n<meta name=\"twitter:label1\" content=\"Escrito por\" \/>\n\t<meta name=\"twitter:data1\" content=\"NOTICIASMERCEDINAS.COM\" \/>\n\t<meta name=\"twitter:label2\" content=\"Tiempo de lectura\" \/>\n\t<meta name=\"twitter:data2\" content=\"4 minutos\" \/>\n<script type=\"application\/ld+json\" class=\"yoast-schema-graph\">{\"@context\":\"https:\\\/\\\/schema.org\",\"@graph\":[{\"@type\":\"Article\",\"@id\":\"https:\\\/\\\/noticiasmercedinas.com\\\/site\\\/2026\\\/01\\\/27\\\/el-hilo-de-la-memoria-adios-a-lila-y-camilo\\\/#article\",\"isPartOf\":{\"@id\":\"https:\\\/\\\/noticiasmercedinas.com\\\/site\\\/2026\\\/01\\\/27\\\/el-hilo-de-la-memoria-adios-a-lila-y-camilo\\\/\"},\"author\":{\"name\":\"NOTICIASMERCEDINAS.COM\",\"@id\":\"https:\\\/\\\/noticiasmercedinas.com\\\/site\\\/#\\\/schema\\\/person\\\/84b59c099c28ff2e8b77d4ceec5d8063\"},\"headline\":\"El hilo de la memoria: Adi\u00f3s a Lila y Camilo\",\"datePublished\":\"2026-01-28T00:59:52+00:00\",\"mainEntityOfPage\":{\"@id\":\"https:\\\/\\\/noticiasmercedinas.com\\\/site\\\/2026\\\/01\\\/27\\\/el-hilo-de-la-memoria-adios-a-lila-y-camilo\\\/\"},\"wordCount\":662,\"publisher\":{\"@id\":\"https:\\\/\\\/noticiasmercedinas.com\\\/site\\\/#organization\"},\"image\":{\"@id\":\"https:\\\/\\\/noticiasmercedinas.com\\\/site\\\/2026\\\/01\\\/27\\\/el-hilo-de-la-memoria-adios-a-lila-y-camilo\\\/#primaryimage\"},\"thumbnailUrl\":\"https:\\\/\\\/noticiasmercedinas.com\\\/site\\\/wp-content\\\/uploads\\\/2026\\\/01\\\/IMG-20260127-WA0012.jpg\",\"articleSection\":[\"Opinion\"],\"inLanguage\":\"es\"},{\"@type\":\"WebPage\",\"@id\":\"https:\\\/\\\/noticiasmercedinas.com\\\/site\\\/2026\\\/01\\\/27\\\/el-hilo-de-la-memoria-adios-a-lila-y-camilo\\\/\",\"url\":\"https:\\\/\\\/noticiasmercedinas.com\\\/site\\\/2026\\\/01\\\/27\\\/el-hilo-de-la-memoria-adios-a-lila-y-camilo\\\/\",\"name\":\"El hilo de la memoria: Adi\u00f3s a Lila y Camilo\",\"isPartOf\":{\"@id\":\"https:\\\/\\\/noticiasmercedinas.com\\\/site\\\/#website\"},\"primaryImageOfPage\":{\"@id\":\"https:\\\/\\\/noticiasmercedinas.com\\\/site\\\/2026\\\/01\\\/27\\\/el-hilo-de-la-memoria-adios-a-lila-y-camilo\\\/#primaryimage\"},\"image\":{\"@id\":\"https:\\\/\\\/noticiasmercedinas.com\\\/site\\\/2026\\\/01\\\/27\\\/el-hilo-de-la-memoria-adios-a-lila-y-camilo\\\/#primaryimage\"},\"thumbnailUrl\":\"https:\\\/\\\/noticiasmercedinas.com\\\/site\\\/wp-content\\\/uploads\\\/2026\\\/01\\\/IMG-20260127-WA0012.jpg\",\"datePublished\":\"2026-01-28T00:59:52+00:00\",\"breadcrumb\":{\"@id\":\"https:\\\/\\\/noticiasmercedinas.com\\\/site\\\/2026\\\/01\\\/27\\\/el-hilo-de-la-memoria-adios-a-lila-y-camilo\\\/#breadcrumb\"},\"inLanguage\":\"es\",\"potentialAction\":[{\"@type\":\"ReadAction\",\"target\":[\"https:\\\/\\\/noticiasmercedinas.com\\\/site\\\/2026\\\/01\\\/27\\\/el-hilo-de-la-memoria-adios-a-lila-y-camilo\\\/\"]}]},{\"@type\":\"ImageObject\",\"inLanguage\":\"es\",\"@id\":\"https:\\\/\\\/noticiasmercedinas.com\\\/site\\\/2026\\\/01\\\/27\\\/el-hilo-de-la-memoria-adios-a-lila-y-camilo\\\/#primaryimage\",\"url\":\"https:\\\/\\\/noticiasmercedinas.com\\\/site\\\/wp-content\\\/uploads\\\/2026\\\/01\\\/IMG-20260127-WA0012.jpg\",\"contentUrl\":\"https:\\\/\\\/noticiasmercedinas.com\\\/site\\\/wp-content\\\/uploads\\\/2026\\\/01\\\/IMG-20260127-WA0012.jpg\",\"width\":1600,\"height\":1200},{\"@type\":\"BreadcrumbList\",\"@id\":\"https:\\\/\\\/noticiasmercedinas.com\\\/site\\\/2026\\\/01\\\/27\\\/el-hilo-de-la-memoria-adios-a-lila-y-camilo\\\/#breadcrumb\",\"itemListElement\":[{\"@type\":\"ListItem\",\"position\":1,\"name\":\"Portada\",\"item\":\"https:\\\/\\\/noticiasmercedinas.com\\\/site\\\/\"},{\"@type\":\"ListItem\",\"position\":2,\"name\":\"El hilo de la memoria: Adi\u00f3s a Lila y Camilo\"}]},{\"@type\":\"WebSite\",\"@id\":\"https:\\\/\\\/noticiasmercedinas.com\\\/site\\\/#website\",\"url\":\"https:\\\/\\\/noticiasmercedinas.com\\\/site\\\/\",\"name\":\"NOTICIASMERCEDINAS.COM\",\"description\":\"Mercedes, Buenos Aires, Argentina\",\"publisher\":{\"@id\":\"https:\\\/\\\/noticiasmercedinas.com\\\/site\\\/#organization\"},\"potentialAction\":[{\"@type\":\"SearchAction\",\"target\":{\"@type\":\"EntryPoint\",\"urlTemplate\":\"https:\\\/\\\/noticiasmercedinas.com\\\/site\\\/?s={search_term_string}\"},\"query-input\":{\"@type\":\"PropertyValueSpecification\",\"valueRequired\":true,\"valueName\":\"search_term_string\"}}],\"inLanguage\":\"es\"},{\"@type\":\"Organization\",\"@id\":\"https:\\\/\\\/noticiasmercedinas.com\\\/site\\\/#organization\",\"name\":\"NOTICIASMERCEDINAS.COM\",\"url\":\"https:\\\/\\\/noticiasmercedinas.com\\\/site\\\/\",\"logo\":{\"@type\":\"ImageObject\",\"inLanguage\":\"es\",\"@id\":\"https:\\\/\\\/noticiasmercedinas.com\\\/site\\\/#\\\/schema\\\/logo\\\/image\\\/\",\"url\":\"https:\\\/\\\/noticiasmercedinas.com\\\/site\\\/wp-content\\\/uploads\\\/2020\\\/06\\\/LOGO-512.jpg\",\"contentUrl\":\"https:\\\/\\\/noticiasmercedinas.com\\\/site\\\/wp-content\\\/uploads\\\/2020\\\/06\\\/LOGO-512.jpg\",\"width\":512,\"height\":512,\"caption\":\"NOTICIASMERCEDINAS.COM\"},\"image\":{\"@id\":\"https:\\\/\\\/noticiasmercedinas.com\\\/site\\\/#\\\/schema\\\/logo\\\/image\\\/\"},\"sameAs\":[\"https:\\\/\\\/www.facebook.com\\\/noticiasmercedinas\\\/\",\"https:\\\/\\\/x.com\\\/notmercedinas\",\"https:\\\/\\\/www.instagram.com\\\/noticiasmercedinas\\\/\"]},{\"@type\":\"Person\",\"@id\":\"https:\\\/\\\/noticiasmercedinas.com\\\/site\\\/#\\\/schema\\\/person\\\/84b59c099c28ff2e8b77d4ceec5d8063\",\"name\":\"NOTICIASMERCEDINAS.COM\",\"image\":{\"@type\":\"ImageObject\",\"inLanguage\":\"es\",\"@id\":\"https:\\\/\\\/secure.gravatar.com\\\/avatar\\\/4dfbf16b4d17945bfb6341b2d19043457132fcf478a5ee04f42e959fd8f5df0a?s=96&d=mm&r=g\",\"url\":\"https:\\\/\\\/secure.gravatar.com\\\/avatar\\\/4dfbf16b4d17945bfb6341b2d19043457132fcf478a5ee04f42e959fd8f5df0a?s=96&d=mm&r=g\",\"contentUrl\":\"https:\\\/\\\/secure.gravatar.com\\\/avatar\\\/4dfbf16b4d17945bfb6341b2d19043457132fcf478a5ee04f42e959fd8f5df0a?s=96&d=mm&r=g\",\"caption\":\"NOTICIASMERCEDINAS.COM\"},\"url\":\"https:\\\/\\\/noticiasmercedinas.com\\\/site\\\/author\\\/anonimo\\\/\"}]}<\/script>\n<!-- \/ Yoast SEO plugin. -->","yoast_head_json":{"title":"El hilo de la memoria: Adi\u00f3s a Lila y Camilo","robots":{"index":"index","follow":"follow","max-snippet":"max-snippet:-1","max-image-preview":"max-image-preview:large","max-video-preview":"max-video-preview:-1"},"canonical":"https:\/\/noticiasmercedinas.com\/site\/2026\/01\/27\/el-hilo-de-la-memoria-adios-a-lila-y-camilo\/","og_locale":"es_ES","og_type":"article","og_title":"El hilo de la memoria: Adi\u00f3s a Lila y Camilo","og_description":"A veces quiero sentir que en mi Mercedes natal el tiempo est\u00e1 detenido; que nadie puede morir, que todo estar\u00e1 siempre igual. Y de pronto, en estas benditas (o malditas, no lo s\u00e9) redes, aparece as\u00ed, de la nada, la noticia de un terrible accidente que se llev\u00f3 la vida de Lila y Camilo. La [&hellip;]","og_url":"https:\/\/noticiasmercedinas.com\/site\/2026\/01\/27\/el-hilo-de-la-memoria-adios-a-lila-y-camilo\/","og_site_name":"NOTICIASMERCEDINAS.COM","article_publisher":"https:\/\/www.facebook.com\/noticiasmercedinas\/","article_published_time":"2026-01-28T00:59:52+00:00","og_image":[{"width":1600,"height":1200,"url":"https:\/\/noticiasmercedinas.com\/site\/wp-content\/uploads\/2026\/01\/IMG-20260127-WA0012.jpg","type":"image\/jpeg"}],"author":"NOTICIASMERCEDINAS.COM","twitter_card":"summary_large_image","twitter_creator":"@notmercedinas","twitter_site":"@notmercedinas","twitter_misc":{"Escrito por":"NOTICIASMERCEDINAS.COM","Tiempo de lectura":"4 minutos"},"schema":{"@context":"https:\/\/schema.org","@graph":[{"@type":"Article","@id":"https:\/\/noticiasmercedinas.com\/site\/2026\/01\/27\/el-hilo-de-la-memoria-adios-a-lila-y-camilo\/#article","isPartOf":{"@id":"https:\/\/noticiasmercedinas.com\/site\/2026\/01\/27\/el-hilo-de-la-memoria-adios-a-lila-y-camilo\/"},"author":{"name":"NOTICIASMERCEDINAS.COM","@id":"https:\/\/noticiasmercedinas.com\/site\/#\/schema\/person\/84b59c099c28ff2e8b77d4ceec5d8063"},"headline":"El hilo de la memoria: Adi\u00f3s a Lila y Camilo","datePublished":"2026-01-28T00:59:52+00:00","mainEntityOfPage":{"@id":"https:\/\/noticiasmercedinas.com\/site\/2026\/01\/27\/el-hilo-de-la-memoria-adios-a-lila-y-camilo\/"},"wordCount":662,"publisher":{"@id":"https:\/\/noticiasmercedinas.com\/site\/#organization"},"image":{"@id":"https:\/\/noticiasmercedinas.com\/site\/2026\/01\/27\/el-hilo-de-la-memoria-adios-a-lila-y-camilo\/#primaryimage"},"thumbnailUrl":"https:\/\/noticiasmercedinas.com\/site\/wp-content\/uploads\/2026\/01\/IMG-20260127-WA0012.jpg","articleSection":["Opinion"],"inLanguage":"es"},{"@type":"WebPage","@id":"https:\/\/noticiasmercedinas.com\/site\/2026\/01\/27\/el-hilo-de-la-memoria-adios-a-lila-y-camilo\/","url":"https:\/\/noticiasmercedinas.com\/site\/2026\/01\/27\/el-hilo-de-la-memoria-adios-a-lila-y-camilo\/","name":"El hilo de la memoria: Adi\u00f3s a Lila y Camilo","isPartOf":{"@id":"https:\/\/noticiasmercedinas.com\/site\/#website"},"primaryImageOfPage":{"@id":"https:\/\/noticiasmercedinas.com\/site\/2026\/01\/27\/el-hilo-de-la-memoria-adios-a-lila-y-camilo\/#primaryimage"},"image":{"@id":"https:\/\/noticiasmercedinas.com\/site\/2026\/01\/27\/el-hilo-de-la-memoria-adios-a-lila-y-camilo\/#primaryimage"},"thumbnailUrl":"https:\/\/noticiasmercedinas.com\/site\/wp-content\/uploads\/2026\/01\/IMG-20260127-WA0012.jpg","datePublished":"2026-01-28T00:59:52+00:00","breadcrumb":{"@id":"https:\/\/noticiasmercedinas.com\/site\/2026\/01\/27\/el-hilo-de-la-memoria-adios-a-lila-y-camilo\/#breadcrumb"},"inLanguage":"es","potentialAction":[{"@type":"ReadAction","target":["https:\/\/noticiasmercedinas.com\/site\/2026\/01\/27\/el-hilo-de-la-memoria-adios-a-lila-y-camilo\/"]}]},{"@type":"ImageObject","inLanguage":"es","@id":"https:\/\/noticiasmercedinas.com\/site\/2026\/01\/27\/el-hilo-de-la-memoria-adios-a-lila-y-camilo\/#primaryimage","url":"https:\/\/noticiasmercedinas.com\/site\/wp-content\/uploads\/2026\/01\/IMG-20260127-WA0012.jpg","contentUrl":"https:\/\/noticiasmercedinas.com\/site\/wp-content\/uploads\/2026\/01\/IMG-20260127-WA0012.jpg","width":1600,"height":1200},{"@type":"BreadcrumbList","@id":"https:\/\/noticiasmercedinas.com\/site\/2026\/01\/27\/el-hilo-de-la-memoria-adios-a-lila-y-camilo\/#breadcrumb","itemListElement":[{"@type":"ListItem","position":1,"name":"Portada","item":"https:\/\/noticiasmercedinas.com\/site\/"},{"@type":"ListItem","position":2,"name":"El hilo de la memoria: Adi\u00f3s a Lila y Camilo"}]},{"@type":"WebSite","@id":"https:\/\/noticiasmercedinas.com\/site\/#website","url":"https:\/\/noticiasmercedinas.com\/site\/","name":"NOTICIASMERCEDINAS.COM","description":"Mercedes, Buenos Aires, Argentina","publisher":{"@id":"https:\/\/noticiasmercedinas.com\/site\/#organization"},"potentialAction":[{"@type":"SearchAction","target":{"@type":"EntryPoint","urlTemplate":"https:\/\/noticiasmercedinas.com\/site\/?s={search_term_string}"},"query-input":{"@type":"PropertyValueSpecification","valueRequired":true,"valueName":"search_term_string"}}],"inLanguage":"es"},{"@type":"Organization","@id":"https:\/\/noticiasmercedinas.com\/site\/#organization","name":"NOTICIASMERCEDINAS.COM","url":"https:\/\/noticiasmercedinas.com\/site\/","logo":{"@type":"ImageObject","inLanguage":"es","@id":"https:\/\/noticiasmercedinas.com\/site\/#\/schema\/logo\/image\/","url":"https:\/\/noticiasmercedinas.com\/site\/wp-content\/uploads\/2020\/06\/LOGO-512.jpg","contentUrl":"https:\/\/noticiasmercedinas.com\/site\/wp-content\/uploads\/2020\/06\/LOGO-512.jpg","width":512,"height":512,"caption":"NOTICIASMERCEDINAS.COM"},"image":{"@id":"https:\/\/noticiasmercedinas.com\/site\/#\/schema\/logo\/image\/"},"sameAs":["https:\/\/www.facebook.com\/noticiasmercedinas\/","https:\/\/x.com\/notmercedinas","https:\/\/www.instagram.com\/noticiasmercedinas\/"]},{"@type":"Person","@id":"https:\/\/noticiasmercedinas.com\/site\/#\/schema\/person\/84b59c099c28ff2e8b77d4ceec5d8063","name":"NOTICIASMERCEDINAS.COM","image":{"@type":"ImageObject","inLanguage":"es","@id":"https:\/\/secure.gravatar.com\/avatar\/4dfbf16b4d17945bfb6341b2d19043457132fcf478a5ee04f42e959fd8f5df0a?s=96&d=mm&r=g","url":"https:\/\/secure.gravatar.com\/avatar\/4dfbf16b4d17945bfb6341b2d19043457132fcf478a5ee04f42e959fd8f5df0a?s=96&d=mm&r=g","contentUrl":"https:\/\/secure.gravatar.com\/avatar\/4dfbf16b4d17945bfb6341b2d19043457132fcf478a5ee04f42e959fd8f5df0a?s=96&d=mm&r=g","caption":"NOTICIASMERCEDINAS.COM"},"url":"https:\/\/noticiasmercedinas.com\/site\/author\/anonimo\/"}]}},"amp_enabled":true,"_links":{"self":[{"href":"https:\/\/noticiasmercedinas.com\/site\/wp-json\/wp\/v2\/posts\/179089","targetHints":{"allow":["GET"]}}],"collection":[{"href":"https:\/\/noticiasmercedinas.com\/site\/wp-json\/wp\/v2\/posts"}],"about":[{"href":"https:\/\/noticiasmercedinas.com\/site\/wp-json\/wp\/v2\/types\/post"}],"author":[{"embeddable":true,"href":"https:\/\/noticiasmercedinas.com\/site\/wp-json\/wp\/v2\/users\/16"}],"replies":[{"embeddable":true,"href":"https:\/\/noticiasmercedinas.com\/site\/wp-json\/wp\/v2\/comments?post=179089"}],"version-history":[{"count":1,"href":"https:\/\/noticiasmercedinas.com\/site\/wp-json\/wp\/v2\/posts\/179089\/revisions"}],"predecessor-version":[{"id":179091,"href":"https:\/\/noticiasmercedinas.com\/site\/wp-json\/wp\/v2\/posts\/179089\/revisions\/179091"}],"wp:featuredmedia":[{"embeddable":true,"href":"https:\/\/noticiasmercedinas.com\/site\/wp-json\/wp\/v2\/media\/179090"}],"wp:attachment":[{"href":"https:\/\/noticiasmercedinas.com\/site\/wp-json\/wp\/v2\/media?parent=179089"}],"wp:term":[{"taxonomy":"category","embeddable":true,"href":"https:\/\/noticiasmercedinas.com\/site\/wp-json\/wp\/v2\/categories?post=179089"},{"taxonomy":"post_tag","embeddable":true,"href":"https:\/\/noticiasmercedinas.com\/site\/wp-json\/wp\/v2\/tags?post=179089"}],"curies":[{"name":"wp","href":"https:\/\/api.w.org\/{rel}","templated":true}]}}