{"id":179362,"date":"2026-02-03T18:17:51","date_gmt":"2026-02-03T21:17:51","guid":{"rendered":"https:\/\/noticiasmercedinas.com\/site\/?p=179362"},"modified":"2026-02-04T20:03:24","modified_gmt":"2026-02-04T23:03:24","slug":"debut-con-tropiezos-para-los-equipos-argentinos-en-la-copa-libertadores-de-futbol-amputado","status":"publish","type":"post","link":"https:\/\/noticiasmercedinas.com\/site\/2026\/02\/03\/debut-con-tropiezos-para-los-equipos-argentinos-en-la-copa-libertadores-de-futbol-amputado\/","title":{"rendered":"Debut con tropiezos para los equipos argentinos en la Copa Libertadores de F\u00fatbol Amputado"},"content":{"rendered":"<figure id=\"attachment_179363\" aria-describedby=\"caption-attachment-179363\" style=\"width: 640px\" class=\"wp-caption alignnone\"><img loading=\"lazy\" decoding=\"async\" class=\"wp-image-179363 size-full\" src=\"https:\/\/noticiasmercedinas.com\/site\/wp-content\/uploads\/2026\/02\/625071029_18556512592031263_2970134855367307896_n.jpg\" alt=\"\" width=\"640\" height=\"462\" srcset=\"https:\/\/noticiasmercedinas.com\/site\/wp-content\/uploads\/2026\/02\/625071029_18556512592031263_2970134855367307896_n.jpg 640w, https:\/\/noticiasmercedinas.com\/site\/wp-content\/uploads\/2026\/02\/625071029_18556512592031263_2970134855367307896_n-300x217.jpg 300w\" sizes=\"auto, (max-width: 640px) 100vw, 640px\" \/><figcaption id=\"caption-attachment-179363\" class=\"wp-caption-text\">Los Guerreros de Rosario, Defelippe a la derecha junto a la bandera argentina.<\/figcaption><\/figure>\n<p>El inicio de la primera edici\u00f3n de la Copa Libertadores de F\u00fatbol Amputado no fue el esperado para los equipos argentinos. Durante la jornada del martes, tanto <strong>Los Teros (Talleres de C\u00f3rdoba)<\/strong> como <strong>Los Guerreros de Rosario<\/strong> sufrieron derrotas en el certamen continental que se disputa en suelo brasile\u00f1o del 2 al 7 de febrero.<\/p>\n<p>El evento, organizado por la Confederaci\u00f3n Sudamericana de F\u00fatbol para Amputados, re\u00fane a los mejores exponentes de la disciplina en la regi\u00f3n. En el <strong>Grupo A<\/strong>, el conjunto cordob\u00e9s de Los Teros no logr\u00f3 contener la ofensiva de <strong>Ourihnos<\/strong>, cayendo por un contundente <strong>5-1<\/strong>. El \u00fanico descuento para el equipo dirigido por Franco Pedraza fue obra de Leonardo Di Scala. El plantel, que cuenta con figuras como Leandro Oyola y Jos\u00e9 Coronado, buscar\u00e1 revertir su imagen en la pr\u00f3xima fecha ante Los C\u00f3ndores de Chile.<\/p>\n<p>Por su parte, en el <strong>Grupo C<\/strong>, Los Guerreros de Rosario protagonizaron un encuentro mucho m\u00e1s ajustado frente al anfitri\u00f3n, el club <strong>Esperia<\/strong>. Tras un primer tiempo desfavorable donde se fueron al descanso 3-0 abajo \u2014con goles de Felipe Valencia (uno de penal) y Diogo Da Silva\u2014, el equipo de Cristian Buschiazzo reaccion\u00f3 en el complemento. Gracias a un tiro libre de Jonathan Montans y un tanto de Facundo Bernal, los rosarinos quedaron a un paso del empate, cerrando el marcador con un <strong>3-2<\/strong> definitivo. Su pr\u00f3ximo desaf\u00edo ser\u00e1 ante Assama, con la obligaci\u00f3n de sumar para seguir con vida en el torneo.<\/p>\n<p>La delegaci\u00f3n de Los Teros est\u00e1 conformada por 14 jugadores, mientras que el conjunto de Rosario viaj\u00f3 con una n\u00f3mina de 15 futbolistas, encabezada por el experimentado arquero Dami\u00e1n Defelippe. Ambos cuerpos t\u00e9cnicos trabajan en la recuperaci\u00f3n f\u00edsica de sus dirigidos de cara a las jornadas decisivas de la fase de grupos.<\/p>\n<p>Los aficionados y seguidores de la disciplina pueden seguir las instancias del torneo en vivo a trav\u00e9s del canal oficial de YouTube de la <strong>World Amputee Football Federation (WAFF)<\/strong>.<\/p>\n","protected":false},"excerpt":{"rendered":"<p>\u25a0  Los representantes nacionales, Talleres de C\u00f3rdoba y Guerreros de Rosario, cayeron en sus presentaciones iniciales en San Pablo, pero mantienen las chances de clasificaci\u00f3n.<\/p>\n","protected":false},"author":6,"featured_media":179363,"comment_status":"closed","ping_status":"closed","sticky":false,"template":"","format":"standard","meta":{"footnotes":""},"categories":[5],"tags":[1501,1696,11679],"class_list":["post-179362","post","type-post","status-publish","format-standard","has-post-thumbnail","hentry","category-deportes","tag-copa-libertadores","tag-futbol-amputados","tag-los-guerreros"],"yoast_head":"<!-- This site is optimized with the Yoast SEO plugin v27.5 - https:\/\/yoast.com\/product\/yoast-seo-wordpress\/ -->\n<title>Debut con tropiezos para los equipos argentinos en la Copa Libertadores de F\u00fatbol Amputado<\/title>\n<meta name=\"robots\" content=\"index, follow, max-snippet:-1, max-image-preview:large, max-video-preview:-1\" \/>\n<link rel=\"canonical\" href=\"https:\/\/noticiasmercedinas.com\/site\/2026\/02\/03\/debut-con-tropiezos-para-los-equipos-argentinos-en-la-copa-libertadores-de-futbol-amputado\/\" \/>\n<meta property=\"og:locale\" content=\"es_ES\" \/>\n<meta property=\"og:type\" content=\"article\" \/>\n<meta property=\"og:title\" content=\"Debut con tropiezos para los equipos argentinos en la Copa Libertadores de F\u00fatbol Amputado\" \/>\n<meta property=\"og:description\" content=\"\u25a0 Los representantes nacionales, Talleres de C\u00f3rdoba y Guerreros de Rosario, cayeron en sus presentaciones iniciales en San Pablo, pero mantienen las chances de clasificaci\u00f3n.\" \/>\n<meta property=\"og:url\" content=\"https:\/\/noticiasmercedinas.com\/site\/2026\/02\/03\/debut-con-tropiezos-para-los-equipos-argentinos-en-la-copa-libertadores-de-futbol-amputado\/\" \/>\n<meta property=\"og:site_name\" content=\"NOTICIASMERCEDINAS.COM\" \/>\n<meta property=\"article:publisher\" content=\"https:\/\/www.facebook.com\/noticiasmercedinas\/\" \/>\n<meta property=\"article:published_time\" content=\"2026-02-03T21:17:51+00:00\" \/>\n<meta property=\"article:modified_time\" content=\"2026-02-04T23:03:24+00:00\" \/>\n<meta property=\"og:image\" content=\"https:\/\/noticiasmercedinas.com\/site\/wp-content\/uploads\/2026\/02\/625071029_18556512592031263_2970134855367307896_n.jpg\" \/>\n\t<meta property=\"og:image:width\" content=\"640\" \/>\n\t<meta property=\"og:image:height\" content=\"462\" \/>\n\t<meta property=\"og:image:type\" content=\"image\/jpeg\" \/>\n<meta name=\"author\" content=\"Juan Dagnino NOTICIASMERCEDINAS.COM\" \/>\n<meta name=\"twitter:card\" content=\"summary_large_image\" \/>\n<meta name=\"twitter:creator\" content=\"@notmercedinas\" \/>\n<meta name=\"twitter:site\" content=\"@notmercedinas\" \/>\n<meta name=\"twitter:label1\" content=\"Escrito por\" \/>\n\t<meta name=\"twitter:data1\" content=\"Juan Dagnino NOTICIASMERCEDINAS.COM\" \/>\n\t<meta name=\"twitter:label2\" content=\"Tiempo de lectura\" \/>\n\t<meta name=\"twitter:data2\" content=\"2 minutos\" \/>\n<script type=\"application\/ld+json\" class=\"yoast-schema-graph\">{\"@context\":\"https:\\\/\\\/schema.org\",\"@graph\":[{\"@type\":\"Article\",\"@id\":\"https:\\\/\\\/noticiasmercedinas.com\\\/site\\\/2026\\\/02\\\/03\\\/debut-con-tropiezos-para-los-equipos-argentinos-en-la-copa-libertadores-de-futbol-amputado\\\/#article\",\"isPartOf\":{\"@id\":\"https:\\\/\\\/noticiasmercedinas.com\\\/site\\\/2026\\\/02\\\/03\\\/debut-con-tropiezos-para-los-equipos-argentinos-en-la-copa-libertadores-de-futbol-amputado\\\/\"},\"author\":{\"name\":\"Juan Dagnino NOTICIASMERCEDINAS.COM\",\"@id\":\"https:\\\/\\\/noticiasmercedinas.com\\\/site\\\/#\\\/schema\\\/person\\\/8f2f09d666ef40986eba4a5e6f2a06f9\"},\"headline\":\"Debut con tropiezos para los equipos argentinos en la Copa Libertadores de F\u00fatbol Amputado\",\"datePublished\":\"2026-02-03T21:17:51+00:00\",\"dateModified\":\"2026-02-04T23:03:24+00:00\",\"mainEntityOfPage\":{\"@id\":\"https:\\\/\\\/noticiasmercedinas.com\\\/site\\\/2026\\\/02\\\/03\\\/debut-con-tropiezos-para-los-equipos-argentinos-en-la-copa-libertadores-de-futbol-amputado\\\/\"},\"wordCount\":378,\"publisher\":{\"@id\":\"https:\\\/\\\/noticiasmercedinas.com\\\/site\\\/#organization\"},\"image\":{\"@id\":\"https:\\\/\\\/noticiasmercedinas.com\\\/site\\\/2026\\\/02\\\/03\\\/debut-con-tropiezos-para-los-equipos-argentinos-en-la-copa-libertadores-de-futbol-amputado\\\/#primaryimage\"},\"thumbnailUrl\":\"https:\\\/\\\/noticiasmercedinas.com\\\/site\\\/wp-content\\\/uploads\\\/2026\\\/02\\\/625071029_18556512592031263_2970134855367307896_n.jpg\",\"keywords\":[\"copa libertadores\",\"f\u00fatbol amputados\",\"los guerreros\"],\"articleSection\":[\"Deportes\"],\"inLanguage\":\"es\"},{\"@type\":\"WebPage\",\"@id\":\"https:\\\/\\\/noticiasmercedinas.com\\\/site\\\/2026\\\/02\\\/03\\\/debut-con-tropiezos-para-los-equipos-argentinos-en-la-copa-libertadores-de-futbol-amputado\\\/\",\"url\":\"https:\\\/\\\/noticiasmercedinas.com\\\/site\\\/2026\\\/02\\\/03\\\/debut-con-tropiezos-para-los-equipos-argentinos-en-la-copa-libertadores-de-futbol-amputado\\\/\",\"name\":\"Debut con tropiezos para los equipos argentinos en la Copa Libertadores de F\u00fatbol Amputado\",\"isPartOf\":{\"@id\":\"https:\\\/\\\/noticiasmercedinas.com\\\/site\\\/#website\"},\"primaryImageOfPage\":{\"@id\":\"https:\\\/\\\/noticiasmercedinas.com\\\/site\\\/2026\\\/02\\\/03\\\/debut-con-tropiezos-para-los-equipos-argentinos-en-la-copa-libertadores-de-futbol-amputado\\\/#primaryimage\"},\"image\":{\"@id\":\"https:\\\/\\\/noticiasmercedinas.com\\\/site\\\/2026\\\/02\\\/03\\\/debut-con-tropiezos-para-los-equipos-argentinos-en-la-copa-libertadores-de-futbol-amputado\\\/#primaryimage\"},\"thumbnailUrl\":\"https:\\\/\\\/noticiasmercedinas.com\\\/site\\\/wp-content\\\/uploads\\\/2026\\\/02\\\/625071029_18556512592031263_2970134855367307896_n.jpg\",\"datePublished\":\"2026-02-03T21:17:51+00:00\",\"dateModified\":\"2026-02-04T23:03:24+00:00\",\"breadcrumb\":{\"@id\":\"https:\\\/\\\/noticiasmercedinas.com\\\/site\\\/2026\\\/02\\\/03\\\/debut-con-tropiezos-para-los-equipos-argentinos-en-la-copa-libertadores-de-futbol-amputado\\\/#breadcrumb\"},\"inLanguage\":\"es\",\"potentialAction\":[{\"@type\":\"ReadAction\",\"target\":[\"https:\\\/\\\/noticiasmercedinas.com\\\/site\\\/2026\\\/02\\\/03\\\/debut-con-tropiezos-para-los-equipos-argentinos-en-la-copa-libertadores-de-futbol-amputado\\\/\"]}]},{\"@type\":\"ImageObject\",\"inLanguage\":\"es\",\"@id\":\"https:\\\/\\\/noticiasmercedinas.com\\\/site\\\/2026\\\/02\\\/03\\\/debut-con-tropiezos-para-los-equipos-argentinos-en-la-copa-libertadores-de-futbol-amputado\\\/#primaryimage\",\"url\":\"https:\\\/\\\/noticiasmercedinas.com\\\/site\\\/wp-content\\\/uploads\\\/2026\\\/02\\\/625071029_18556512592031263_2970134855367307896_n.jpg\",\"contentUrl\":\"https:\\\/\\\/noticiasmercedinas.com\\\/site\\\/wp-content\\\/uploads\\\/2026\\\/02\\\/625071029_18556512592031263_2970134855367307896_n.jpg\",\"width\":640,\"height\":462},{\"@type\":\"BreadcrumbList\",\"@id\":\"https:\\\/\\\/noticiasmercedinas.com\\\/site\\\/2026\\\/02\\\/03\\\/debut-con-tropiezos-para-los-equipos-argentinos-en-la-copa-libertadores-de-futbol-amputado\\\/#breadcrumb\",\"itemListElement\":[{\"@type\":\"ListItem\",\"position\":1,\"name\":\"Portada\",\"item\":\"https:\\\/\\\/noticiasmercedinas.com\\\/site\\\/\"},{\"@type\":\"ListItem\",\"position\":2,\"name\":\"Debut con tropiezos para los equipos argentinos en la Copa Libertadores de F\u00fatbol Amputado\"}]},{\"@type\":\"WebSite\",\"@id\":\"https:\\\/\\\/noticiasmercedinas.com\\\/site\\\/#website\",\"url\":\"https:\\\/\\\/noticiasmercedinas.com\\\/site\\\/\",\"name\":\"NOTICIASMERCEDINAS.COM\",\"description\":\"Mercedes, Buenos Aires, Argentina\",\"publisher\":{\"@id\":\"https:\\\/\\\/noticiasmercedinas.com\\\/site\\\/#organization\"},\"potentialAction\":[{\"@type\":\"SearchAction\",\"target\":{\"@type\":\"EntryPoint\",\"urlTemplate\":\"https:\\\/\\\/noticiasmercedinas.com\\\/site\\\/?s={search_term_string}\"},\"query-input\":{\"@type\":\"PropertyValueSpecification\",\"valueRequired\":true,\"valueName\":\"search_term_string\"}}],\"inLanguage\":\"es\"},{\"@type\":\"Organization\",\"@id\":\"https:\\\/\\\/noticiasmercedinas.com\\\/site\\\/#organization\",\"name\":\"NOTICIASMERCEDINAS.COM\",\"url\":\"https:\\\/\\\/noticiasmercedinas.com\\\/site\\\/\",\"logo\":{\"@type\":\"ImageObject\",\"inLanguage\":\"es\",\"@id\":\"https:\\\/\\\/noticiasmercedinas.com\\\/site\\\/#\\\/schema\\\/logo\\\/image\\\/\",\"url\":\"https:\\\/\\\/noticiasmercedinas.com\\\/site\\\/wp-content\\\/uploads\\\/2020\\\/06\\\/LOGO-512.jpg\",\"contentUrl\":\"https:\\\/\\\/noticiasmercedinas.com\\\/site\\\/wp-content\\\/uploads\\\/2020\\\/06\\\/LOGO-512.jpg\",\"width\":512,\"height\":512,\"caption\":\"NOTICIASMERCEDINAS.COM\"},\"image\":{\"@id\":\"https:\\\/\\\/noticiasmercedinas.com\\\/site\\\/#\\\/schema\\\/logo\\\/image\\\/\"},\"sameAs\":[\"https:\\\/\\\/www.facebook.com\\\/noticiasmercedinas\\\/\",\"https:\\\/\\\/x.com\\\/notmercedinas\",\"https:\\\/\\\/www.instagram.com\\\/noticiasmercedinas\\\/\"]},{\"@type\":\"Person\",\"@id\":\"https:\\\/\\\/noticiasmercedinas.com\\\/site\\\/#\\\/schema\\\/person\\\/8f2f09d666ef40986eba4a5e6f2a06f9\",\"name\":\"Juan Dagnino NOTICIASMERCEDINAS.COM\",\"image\":{\"@type\":\"ImageObject\",\"inLanguage\":\"es\",\"@id\":\"https:\\\/\\\/secure.gravatar.com\\\/avatar\\\/fc7059a769f5a3cae65fadb228a3e4accf3a64b4b2305020d0a27e6d5333c91b?s=96&d=mm&r=g\",\"url\":\"https:\\\/\\\/secure.gravatar.com\\\/avatar\\\/fc7059a769f5a3cae65fadb228a3e4accf3a64b4b2305020d0a27e6d5333c91b?s=96&d=mm&r=g\",\"contentUrl\":\"https:\\\/\\\/secure.gravatar.com\\\/avatar\\\/fc7059a769f5a3cae65fadb228a3e4accf3a64b4b2305020d0a27e6d5333c91b?s=96&d=mm&r=g\",\"caption\":\"Juan Dagnino NOTICIASMERCEDINAS.COM\"},\"url\":\"https:\\\/\\\/noticiasmercedinas.com\\\/site\\\/author\\\/juandagnino\\\/\"}]}<\/script>\n<!-- \/ Yoast SEO plugin. -->","yoast_head_json":{"title":"Debut con tropiezos para los equipos argentinos en la Copa Libertadores de F\u00fatbol Amputado","robots":{"index":"index","follow":"follow","max-snippet":"max-snippet:-1","max-image-preview":"max-image-preview:large","max-video-preview":"max-video-preview:-1"},"canonical":"https:\/\/noticiasmercedinas.com\/site\/2026\/02\/03\/debut-con-tropiezos-para-los-equipos-argentinos-en-la-copa-libertadores-de-futbol-amputado\/","og_locale":"es_ES","og_type":"article","og_title":"Debut con tropiezos para los equipos argentinos en la Copa Libertadores de F\u00fatbol Amputado","og_description":"\u25a0 Los representantes nacionales, Talleres de C\u00f3rdoba y Guerreros de Rosario, cayeron en sus presentaciones iniciales en San Pablo, pero mantienen las chances de clasificaci\u00f3n.","og_url":"https:\/\/noticiasmercedinas.com\/site\/2026\/02\/03\/debut-con-tropiezos-para-los-equipos-argentinos-en-la-copa-libertadores-de-futbol-amputado\/","og_site_name":"NOTICIASMERCEDINAS.COM","article_publisher":"https:\/\/www.facebook.com\/noticiasmercedinas\/","article_published_time":"2026-02-03T21:17:51+00:00","article_modified_time":"2026-02-04T23:03:24+00:00","og_image":[{"width":640,"height":462,"url":"https:\/\/noticiasmercedinas.com\/site\/wp-content\/uploads\/2026\/02\/625071029_18556512592031263_2970134855367307896_n.jpg","type":"image\/jpeg"}],"author":"Juan Dagnino NOTICIASMERCEDINAS.COM","twitter_card":"summary_large_image","twitter_creator":"@notmercedinas","twitter_site":"@notmercedinas","twitter_misc":{"Escrito por":"Juan Dagnino NOTICIASMERCEDINAS.COM","Tiempo de lectura":"2 minutos"},"schema":{"@context":"https:\/\/schema.org","@graph":[{"@type":"Article","@id":"https:\/\/noticiasmercedinas.com\/site\/2026\/02\/03\/debut-con-tropiezos-para-los-equipos-argentinos-en-la-copa-libertadores-de-futbol-amputado\/#article","isPartOf":{"@id":"https:\/\/noticiasmercedinas.com\/site\/2026\/02\/03\/debut-con-tropiezos-para-los-equipos-argentinos-en-la-copa-libertadores-de-futbol-amputado\/"},"author":{"name":"Juan Dagnino NOTICIASMERCEDINAS.COM","@id":"https:\/\/noticiasmercedinas.com\/site\/#\/schema\/person\/8f2f09d666ef40986eba4a5e6f2a06f9"},"headline":"Debut con tropiezos para los equipos argentinos en la Copa Libertadores de F\u00fatbol Amputado","datePublished":"2026-02-03T21:17:51+00:00","dateModified":"2026-02-04T23:03:24+00:00","mainEntityOfPage":{"@id":"https:\/\/noticiasmercedinas.com\/site\/2026\/02\/03\/debut-con-tropiezos-para-los-equipos-argentinos-en-la-copa-libertadores-de-futbol-amputado\/"},"wordCount":378,"publisher":{"@id":"https:\/\/noticiasmercedinas.com\/site\/#organization"},"image":{"@id":"https:\/\/noticiasmercedinas.com\/site\/2026\/02\/03\/debut-con-tropiezos-para-los-equipos-argentinos-en-la-copa-libertadores-de-futbol-amputado\/#primaryimage"},"thumbnailUrl":"https:\/\/noticiasmercedinas.com\/site\/wp-content\/uploads\/2026\/02\/625071029_18556512592031263_2970134855367307896_n.jpg","keywords":["copa libertadores","f\u00fatbol amputados","los guerreros"],"articleSection":["Deportes"],"inLanguage":"es"},{"@type":"WebPage","@id":"https:\/\/noticiasmercedinas.com\/site\/2026\/02\/03\/debut-con-tropiezos-para-los-equipos-argentinos-en-la-copa-libertadores-de-futbol-amputado\/","url":"https:\/\/noticiasmercedinas.com\/site\/2026\/02\/03\/debut-con-tropiezos-para-los-equipos-argentinos-en-la-copa-libertadores-de-futbol-amputado\/","name":"Debut con tropiezos para los equipos argentinos en la Copa Libertadores de F\u00fatbol Amputado","isPartOf":{"@id":"https:\/\/noticiasmercedinas.com\/site\/#website"},"primaryImageOfPage":{"@id":"https:\/\/noticiasmercedinas.com\/site\/2026\/02\/03\/debut-con-tropiezos-para-los-equipos-argentinos-en-la-copa-libertadores-de-futbol-amputado\/#primaryimage"},"image":{"@id":"https:\/\/noticiasmercedinas.com\/site\/2026\/02\/03\/debut-con-tropiezos-para-los-equipos-argentinos-en-la-copa-libertadores-de-futbol-amputado\/#primaryimage"},"thumbnailUrl":"https:\/\/noticiasmercedinas.com\/site\/wp-content\/uploads\/2026\/02\/625071029_18556512592031263_2970134855367307896_n.jpg","datePublished":"2026-02-03T21:17:51+00:00","dateModified":"2026-02-04T23:03:24+00:00","breadcrumb":{"@id":"https:\/\/noticiasmercedinas.com\/site\/2026\/02\/03\/debut-con-tropiezos-para-los-equipos-argentinos-en-la-copa-libertadores-de-futbol-amputado\/#breadcrumb"},"inLanguage":"es","potentialAction":[{"@type":"ReadAction","target":["https:\/\/noticiasmercedinas.com\/site\/2026\/02\/03\/debut-con-tropiezos-para-los-equipos-argentinos-en-la-copa-libertadores-de-futbol-amputado\/"]}]},{"@type":"ImageObject","inLanguage":"es","@id":"https:\/\/noticiasmercedinas.com\/site\/2026\/02\/03\/debut-con-tropiezos-para-los-equipos-argentinos-en-la-copa-libertadores-de-futbol-amputado\/#primaryimage","url":"https:\/\/noticiasmercedinas.com\/site\/wp-content\/uploads\/2026\/02\/625071029_18556512592031263_2970134855367307896_n.jpg","contentUrl":"https:\/\/noticiasmercedinas.com\/site\/wp-content\/uploads\/2026\/02\/625071029_18556512592031263_2970134855367307896_n.jpg","width":640,"height":462},{"@type":"BreadcrumbList","@id":"https:\/\/noticiasmercedinas.com\/site\/2026\/02\/03\/debut-con-tropiezos-para-los-equipos-argentinos-en-la-copa-libertadores-de-futbol-amputado\/#breadcrumb","itemListElement":[{"@type":"ListItem","position":1,"name":"Portada","item":"https:\/\/noticiasmercedinas.com\/site\/"},{"@type":"ListItem","position":2,"name":"Debut con tropiezos para los equipos argentinos en la Copa Libertadores de F\u00fatbol Amputado"}]},{"@type":"WebSite","@id":"https:\/\/noticiasmercedinas.com\/site\/#website","url":"https:\/\/noticiasmercedinas.com\/site\/","name":"NOTICIASMERCEDINAS.COM","description":"Mercedes, Buenos Aires, Argentina","publisher":{"@id":"https:\/\/noticiasmercedinas.com\/site\/#organization"},"potentialAction":[{"@type":"SearchAction","target":{"@type":"EntryPoint","urlTemplate":"https:\/\/noticiasmercedinas.com\/site\/?s={search_term_string}"},"query-input":{"@type":"PropertyValueSpecification","valueRequired":true,"valueName":"search_term_string"}}],"inLanguage":"es"},{"@type":"Organization","@id":"https:\/\/noticiasmercedinas.com\/site\/#organization","name":"NOTICIASMERCEDINAS.COM","url":"https:\/\/noticiasmercedinas.com\/site\/","logo":{"@type":"ImageObject","inLanguage":"es","@id":"https:\/\/noticiasmercedinas.com\/site\/#\/schema\/logo\/image\/","url":"https:\/\/noticiasmercedinas.com\/site\/wp-content\/uploads\/2020\/06\/LOGO-512.jpg","contentUrl":"https:\/\/noticiasmercedinas.com\/site\/wp-content\/uploads\/2020\/06\/LOGO-512.jpg","width":512,"height":512,"caption":"NOTICIASMERCEDINAS.COM"},"image":{"@id":"https:\/\/noticiasmercedinas.com\/site\/#\/schema\/logo\/image\/"},"sameAs":["https:\/\/www.facebook.com\/noticiasmercedinas\/","https:\/\/x.com\/notmercedinas","https:\/\/www.instagram.com\/noticiasmercedinas\/"]},{"@type":"Person","@id":"https:\/\/noticiasmercedinas.com\/site\/#\/schema\/person\/8f2f09d666ef40986eba4a5e6f2a06f9","name":"Juan Dagnino NOTICIASMERCEDINAS.COM","image":{"@type":"ImageObject","inLanguage":"es","@id":"https:\/\/secure.gravatar.com\/avatar\/fc7059a769f5a3cae65fadb228a3e4accf3a64b4b2305020d0a27e6d5333c91b?s=96&d=mm&r=g","url":"https:\/\/secure.gravatar.com\/avatar\/fc7059a769f5a3cae65fadb228a3e4accf3a64b4b2305020d0a27e6d5333c91b?s=96&d=mm&r=g","contentUrl":"https:\/\/secure.gravatar.com\/avatar\/fc7059a769f5a3cae65fadb228a3e4accf3a64b4b2305020d0a27e6d5333c91b?s=96&d=mm&r=g","caption":"Juan Dagnino NOTICIASMERCEDINAS.COM"},"url":"https:\/\/noticiasmercedinas.com\/site\/author\/juandagnino\/"}]}},"amp_enabled":true,"_links":{"self":[{"href":"https:\/\/noticiasmercedinas.com\/site\/wp-json\/wp\/v2\/posts\/179362","targetHints":{"allow":["GET"]}}],"collection":[{"href":"https:\/\/noticiasmercedinas.com\/site\/wp-json\/wp\/v2\/posts"}],"about":[{"href":"https:\/\/noticiasmercedinas.com\/site\/wp-json\/wp\/v2\/types\/post"}],"author":[{"embeddable":true,"href":"https:\/\/noticiasmercedinas.com\/site\/wp-json\/wp\/v2\/users\/6"}],"replies":[{"embeddable":true,"href":"https:\/\/noticiasmercedinas.com\/site\/wp-json\/wp\/v2\/comments?post=179362"}],"version-history":[{"count":2,"href":"https:\/\/noticiasmercedinas.com\/site\/wp-json\/wp\/v2\/posts\/179362\/revisions"}],"predecessor-version":[{"id":179463,"href":"https:\/\/noticiasmercedinas.com\/site\/wp-json\/wp\/v2\/posts\/179362\/revisions\/179463"}],"wp:featuredmedia":[{"embeddable":true,"href":"https:\/\/noticiasmercedinas.com\/site\/wp-json\/wp\/v2\/media\/179363"}],"wp:attachment":[{"href":"https:\/\/noticiasmercedinas.com\/site\/wp-json\/wp\/v2\/media?parent=179362"}],"wp:term":[{"taxonomy":"category","embeddable":true,"href":"https:\/\/noticiasmercedinas.com\/site\/wp-json\/wp\/v2\/categories?post=179362"},{"taxonomy":"post_tag","embeddable":true,"href":"https:\/\/noticiasmercedinas.com\/site\/wp-json\/wp\/v2\/tags?post=179362"}],"curies":[{"name":"wp","href":"https:\/\/api.w.org\/{rel}","templated":true}]}}