{"id":179395,"date":"2026-02-04T09:53:13","date_gmt":"2026-02-04T12:53:13","guid":{"rendered":"https:\/\/noticiasmercedinas.com\/site\/?p=179395"},"modified":"2026-02-04T09:53:13","modified_gmt":"2026-02-04T12:53:13","slug":"casa-balero-presenta-acido-la-quinta-entrega-del-ciclo-de-poesia-verso-crocante","status":"publish","type":"post","link":"https:\/\/noticiasmercedinas.com\/site\/2026\/02\/04\/casa-balero-presenta-acido-la-quinta-entrega-del-ciclo-de-poesia-verso-crocante\/","title":{"rendered":"Casa Balero presenta \u00ab\u00c1cido\u00bb: la quinta entrega del ciclo de poes\u00eda \u00abVerso Crocante\u00bb"},"content":{"rendered":"<p><a href=\"https:\/\/noticiasmercedinas.com\/site\/wp-content\/uploads\/2026\/02\/IMG_20260204_094254.jpg\"><img loading=\"lazy\" decoding=\"async\" class=\"alignnone size-full wp-image-179397\" src=\"https:\/\/noticiasmercedinas.com\/site\/wp-content\/uploads\/2026\/02\/IMG_20260204_094254.jpg\" alt=\"\" width=\"716\" height=\"605\" srcset=\"https:\/\/noticiasmercedinas.com\/site\/wp-content\/uploads\/2026\/02\/IMG_20260204_094254.jpg 716w, https:\/\/noticiasmercedinas.com\/site\/wp-content\/uploads\/2026\/02\/IMG_20260204_094254-300x253.jpg 300w, https:\/\/noticiasmercedinas.com\/site\/wp-content\/uploads\/2026\/02\/IMG_20260204_094254-640x541.jpg 640w, https:\/\/noticiasmercedinas.com\/site\/wp-content\/uploads\/2026\/02\/IMG_20260204_094254-681x575.jpg 681w\" sizes=\"auto, (max-width: 716px) 100vw, 716px\" \/><\/a><\/p>\n<p>Casa Balero, en la esquina de calles 26 y 23, ofrece un nuevo refugio para el ejercicio de la libre expresi\u00f3n a trav\u00e9s del arte y el encuentro comunitario.<\/p>\n<p>La escena cultural de la ciudad se prepara para una nueva jornada de expresi\u00f3n literaria con la llegada del Cap\u00edtulo 5 del ciclo de poes\u00eda \u00abVerso Crocante\u00bb, titulado \u00ab\u00c1cido\u00bb.<\/p>\n<p>El encuentro tendr\u00e1 lugar el pr\u00f3ximo jueves 12 de febrero a las 21:00 hs en las instalaciones de Casa Balero, consolidando un espacio que busca interpelar al espectador a trav\u00e9s de la palabra directa y la iron\u00eda.<\/p>\n<p>Bajo la consigna de explorar \u00abpalabras que no acarician\u00bb, esta edici\u00f3n propone una mirada cr\u00edtica y humor\u00edstica sobre la realidad. La organizaci\u00f3n define este cap\u00edtulo como una oportunidad para reivindicar la iron\u00eda como forma de ver el mundo y la capacidad de re\u00edrse de uno mismo, alej\u00e1ndose de las formas convencionales de la l\u00edrica tradicional.<\/p>\n<p>La velada contar\u00e1 con la participaci\u00f3n de cinco voces destacadas que dar\u00e1n cuerpo a la tem\u00e1tica de la jornada:<\/p>\n<p>* Delfi Gim\u00e9nez<\/p>\n<p>* Ana de Cunto<\/p>\n<p>* Nico Pescio<\/p>\n<p>* Patri Boffi<\/p>\n<p>* Ana Aldaburu<\/p>\n<p>Fiel a su esp\u00edritu participativo, el ciclo mantendr\u00e1 su secci\u00f3n de micr\u00f3fono abierto. Esta instancia permite que asistentes interesados en compartir sus propias producciones puedan inscribirse previamente.<\/p>\n<p>La propuesta de \u00abVerso Crocante\u00bb no solo busca la exhibici\u00f3n po\u00e9tica, sino tambi\u00e9n el fortalecimiento de los lazos colectivos en un entorno que invita a la reflexi\u00f3n profunda sin perder el sentido del humor.<\/p>\n","protected":false},"excerpt":{"rendered":"<p>El evento se llevar\u00e1 a cabo el pr\u00f3ximo jueves 12 de febrero y contar\u00e1 con lecturas de destacados artistas locales y un espacio de micr\u00f3fono abierto para el p\u00fablico.<\/p>\n","protected":false},"author":16,"featured_media":179397,"comment_status":"closed","ping_status":"closed","sticky":false,"template":"","format":"standard","meta":{"footnotes":""},"categories":[4],"tags":[1318,866,20828],"class_list":["post-179395","post","type-post","status-publish","format-standard","has-post-thumbnail","hentry","category-cultura","tag-casa-balero","tag-poesia","tag-verso-crocante"],"yoast_head":"<!-- This site is optimized with the Yoast SEO plugin v27.5 - https:\/\/yoast.com\/product\/yoast-seo-wordpress\/ -->\n<title>Casa Balero presenta &quot;\u00c1cido&quot;: la quinta entrega del ciclo de poes\u00eda &quot;Verso Crocante&quot;<\/title>\n<meta name=\"description\" content=\"El evento se llevar\u00e1 a cabo el pr\u00f3ximo jueves 12 de febrero y contar\u00e1 con lecturas de destacados artistas locales y un espacio de micr\u00f3fono abierto para el p\u00fablico.\" \/>\n<meta name=\"robots\" content=\"index, follow, max-snippet:-1, max-image-preview:large, max-video-preview:-1\" \/>\n<link rel=\"canonical\" href=\"https:\/\/noticiasmercedinas.com\/site\/2026\/02\/04\/casa-balero-presenta-acido-la-quinta-entrega-del-ciclo-de-poesia-verso-crocante\/\" \/>\n<meta property=\"og:locale\" content=\"es_ES\" \/>\n<meta property=\"og:type\" content=\"article\" \/>\n<meta property=\"og:title\" content=\"Casa Balero presenta &quot;\u00c1cido&quot;: la quinta entrega del ciclo de poes\u00eda &quot;Verso Crocante&quot;\" \/>\n<meta property=\"og:description\" content=\"El evento se llevar\u00e1 a cabo el pr\u00f3ximo jueves 12 de febrero y contar\u00e1 con lecturas de destacados artistas locales y un espacio de micr\u00f3fono abierto para el p\u00fablico.\" \/>\n<meta property=\"og:url\" content=\"https:\/\/noticiasmercedinas.com\/site\/2026\/02\/04\/casa-balero-presenta-acido-la-quinta-entrega-del-ciclo-de-poesia-verso-crocante\/\" \/>\n<meta property=\"og:site_name\" content=\"NOTICIASMERCEDINAS.COM\" \/>\n<meta property=\"article:publisher\" content=\"https:\/\/www.facebook.com\/noticiasmercedinas\/\" \/>\n<meta property=\"article:published_time\" content=\"2026-02-04T12:53:13+00:00\" \/>\n<meta property=\"og:image\" content=\"https:\/\/noticiasmercedinas.com\/site\/wp-content\/uploads\/2026\/02\/IMG_20260204_094254.jpg\" \/>\n\t<meta property=\"og:image:width\" content=\"716\" \/>\n\t<meta property=\"og:image:height\" content=\"605\" \/>\n\t<meta property=\"og:image:type\" content=\"image\/jpeg\" \/>\n<meta name=\"author\" content=\"NOTICIASMERCEDINAS.COM\" \/>\n<meta name=\"twitter:card\" content=\"summary_large_image\" \/>\n<meta name=\"twitter:creator\" content=\"@notmercedinas\" \/>\n<meta name=\"twitter:site\" content=\"@notmercedinas\" \/>\n<meta name=\"twitter:label1\" content=\"Escrito por\" \/>\n\t<meta name=\"twitter:data1\" content=\"NOTICIASMERCEDINAS.COM\" \/>\n\t<meta name=\"twitter:label2\" content=\"Tiempo de lectura\" \/>\n\t<meta name=\"twitter:data2\" content=\"2 minutos\" \/>\n<script type=\"application\/ld+json\" class=\"yoast-schema-graph\">{\"@context\":\"https:\\\/\\\/schema.org\",\"@graph\":[{\"@type\":\"Article\",\"@id\":\"https:\\\/\\\/noticiasmercedinas.com\\\/site\\\/2026\\\/02\\\/04\\\/casa-balero-presenta-acido-la-quinta-entrega-del-ciclo-de-poesia-verso-crocante\\\/#article\",\"isPartOf\":{\"@id\":\"https:\\\/\\\/noticiasmercedinas.com\\\/site\\\/2026\\\/02\\\/04\\\/casa-balero-presenta-acido-la-quinta-entrega-del-ciclo-de-poesia-verso-crocante\\\/\"},\"author\":{\"name\":\"NOTICIASMERCEDINAS.COM\",\"@id\":\"https:\\\/\\\/noticiasmercedinas.com\\\/site\\\/#\\\/schema\\\/person\\\/84b59c099c28ff2e8b77d4ceec5d8063\"},\"headline\":\"Casa Balero presenta \u00ab\u00c1cido\u00bb: la quinta entrega del ciclo de poes\u00eda \u00abVerso Crocante\u00bb\",\"datePublished\":\"2026-02-04T12:53:13+00:00\",\"mainEntityOfPage\":{\"@id\":\"https:\\\/\\\/noticiasmercedinas.com\\\/site\\\/2026\\\/02\\\/04\\\/casa-balero-presenta-acido-la-quinta-entrega-del-ciclo-de-poesia-verso-crocante\\\/\"},\"wordCount\":278,\"publisher\":{\"@id\":\"https:\\\/\\\/noticiasmercedinas.com\\\/site\\\/#organization\"},\"image\":{\"@id\":\"https:\\\/\\\/noticiasmercedinas.com\\\/site\\\/2026\\\/02\\\/04\\\/casa-balero-presenta-acido-la-quinta-entrega-del-ciclo-de-poesia-verso-crocante\\\/#primaryimage\"},\"thumbnailUrl\":\"https:\\\/\\\/noticiasmercedinas.com\\\/site\\\/wp-content\\\/uploads\\\/2026\\\/02\\\/IMG_20260204_094254.jpg\",\"keywords\":[\"casa balero\",\"poesia\",\"verso crocante\"],\"articleSection\":[\"Cultura\"],\"inLanguage\":\"es\"},{\"@type\":\"WebPage\",\"@id\":\"https:\\\/\\\/noticiasmercedinas.com\\\/site\\\/2026\\\/02\\\/04\\\/casa-balero-presenta-acido-la-quinta-entrega-del-ciclo-de-poesia-verso-crocante\\\/\",\"url\":\"https:\\\/\\\/noticiasmercedinas.com\\\/site\\\/2026\\\/02\\\/04\\\/casa-balero-presenta-acido-la-quinta-entrega-del-ciclo-de-poesia-verso-crocante\\\/\",\"name\":\"Casa Balero presenta \\\"\u00c1cido\\\": la quinta entrega del ciclo de poes\u00eda \\\"Verso Crocante\\\"\",\"isPartOf\":{\"@id\":\"https:\\\/\\\/noticiasmercedinas.com\\\/site\\\/#website\"},\"primaryImageOfPage\":{\"@id\":\"https:\\\/\\\/noticiasmercedinas.com\\\/site\\\/2026\\\/02\\\/04\\\/casa-balero-presenta-acido-la-quinta-entrega-del-ciclo-de-poesia-verso-crocante\\\/#primaryimage\"},\"image\":{\"@id\":\"https:\\\/\\\/noticiasmercedinas.com\\\/site\\\/2026\\\/02\\\/04\\\/casa-balero-presenta-acido-la-quinta-entrega-del-ciclo-de-poesia-verso-crocante\\\/#primaryimage\"},\"thumbnailUrl\":\"https:\\\/\\\/noticiasmercedinas.com\\\/site\\\/wp-content\\\/uploads\\\/2026\\\/02\\\/IMG_20260204_094254.jpg\",\"datePublished\":\"2026-02-04T12:53:13+00:00\",\"description\":\"El evento se llevar\u00e1 a cabo el pr\u00f3ximo jueves 12 de febrero y contar\u00e1 con lecturas de destacados artistas locales y un espacio de micr\u00f3fono abierto para el p\u00fablico.\",\"breadcrumb\":{\"@id\":\"https:\\\/\\\/noticiasmercedinas.com\\\/site\\\/2026\\\/02\\\/04\\\/casa-balero-presenta-acido-la-quinta-entrega-del-ciclo-de-poesia-verso-crocante\\\/#breadcrumb\"},\"inLanguage\":\"es\",\"potentialAction\":[{\"@type\":\"ReadAction\",\"target\":[\"https:\\\/\\\/noticiasmercedinas.com\\\/site\\\/2026\\\/02\\\/04\\\/casa-balero-presenta-acido-la-quinta-entrega-del-ciclo-de-poesia-verso-crocante\\\/\"]}]},{\"@type\":\"ImageObject\",\"inLanguage\":\"es\",\"@id\":\"https:\\\/\\\/noticiasmercedinas.com\\\/site\\\/2026\\\/02\\\/04\\\/casa-balero-presenta-acido-la-quinta-entrega-del-ciclo-de-poesia-verso-crocante\\\/#primaryimage\",\"url\":\"https:\\\/\\\/noticiasmercedinas.com\\\/site\\\/wp-content\\\/uploads\\\/2026\\\/02\\\/IMG_20260204_094254.jpg\",\"contentUrl\":\"https:\\\/\\\/noticiasmercedinas.com\\\/site\\\/wp-content\\\/uploads\\\/2026\\\/02\\\/IMG_20260204_094254.jpg\",\"width\":716,\"height\":605},{\"@type\":\"BreadcrumbList\",\"@id\":\"https:\\\/\\\/noticiasmercedinas.com\\\/site\\\/2026\\\/02\\\/04\\\/casa-balero-presenta-acido-la-quinta-entrega-del-ciclo-de-poesia-verso-crocante\\\/#breadcrumb\",\"itemListElement\":[{\"@type\":\"ListItem\",\"position\":1,\"name\":\"Portada\",\"item\":\"https:\\\/\\\/noticiasmercedinas.com\\\/site\\\/\"},{\"@type\":\"ListItem\",\"position\":2,\"name\":\"Casa Balero presenta \u00ab\u00c1cido\u00bb: la quinta entrega del ciclo de poes\u00eda \u00abVerso Crocante\u00bb\"}]},{\"@type\":\"WebSite\",\"@id\":\"https:\\\/\\\/noticiasmercedinas.com\\\/site\\\/#website\",\"url\":\"https:\\\/\\\/noticiasmercedinas.com\\\/site\\\/\",\"name\":\"NOTICIASMERCEDINAS.COM\",\"description\":\"Mercedes, Buenos Aires, Argentina\",\"publisher\":{\"@id\":\"https:\\\/\\\/noticiasmercedinas.com\\\/site\\\/#organization\"},\"potentialAction\":[{\"@type\":\"SearchAction\",\"target\":{\"@type\":\"EntryPoint\",\"urlTemplate\":\"https:\\\/\\\/noticiasmercedinas.com\\\/site\\\/?s={search_term_string}\"},\"query-input\":{\"@type\":\"PropertyValueSpecification\",\"valueRequired\":true,\"valueName\":\"search_term_string\"}}],\"inLanguage\":\"es\"},{\"@type\":\"Organization\",\"@id\":\"https:\\\/\\\/noticiasmercedinas.com\\\/site\\\/#organization\",\"name\":\"NOTICIASMERCEDINAS.COM\",\"url\":\"https:\\\/\\\/noticiasmercedinas.com\\\/site\\\/\",\"logo\":{\"@type\":\"ImageObject\",\"inLanguage\":\"es\",\"@id\":\"https:\\\/\\\/noticiasmercedinas.com\\\/site\\\/#\\\/schema\\\/logo\\\/image\\\/\",\"url\":\"https:\\\/\\\/noticiasmercedinas.com\\\/site\\\/wp-content\\\/uploads\\\/2020\\\/06\\\/LOGO-512.jpg\",\"contentUrl\":\"https:\\\/\\\/noticiasmercedinas.com\\\/site\\\/wp-content\\\/uploads\\\/2020\\\/06\\\/LOGO-512.jpg\",\"width\":512,\"height\":512,\"caption\":\"NOTICIASMERCEDINAS.COM\"},\"image\":{\"@id\":\"https:\\\/\\\/noticiasmercedinas.com\\\/site\\\/#\\\/schema\\\/logo\\\/image\\\/\"},\"sameAs\":[\"https:\\\/\\\/www.facebook.com\\\/noticiasmercedinas\\\/\",\"https:\\\/\\\/x.com\\\/notmercedinas\",\"https:\\\/\\\/www.instagram.com\\\/noticiasmercedinas\\\/\"]},{\"@type\":\"Person\",\"@id\":\"https:\\\/\\\/noticiasmercedinas.com\\\/site\\\/#\\\/schema\\\/person\\\/84b59c099c28ff2e8b77d4ceec5d8063\",\"name\":\"NOTICIASMERCEDINAS.COM\",\"image\":{\"@type\":\"ImageObject\",\"inLanguage\":\"es\",\"@id\":\"https:\\\/\\\/secure.gravatar.com\\\/avatar\\\/4dfbf16b4d17945bfb6341b2d19043457132fcf478a5ee04f42e959fd8f5df0a?s=96&d=mm&r=g\",\"url\":\"https:\\\/\\\/secure.gravatar.com\\\/avatar\\\/4dfbf16b4d17945bfb6341b2d19043457132fcf478a5ee04f42e959fd8f5df0a?s=96&d=mm&r=g\",\"contentUrl\":\"https:\\\/\\\/secure.gravatar.com\\\/avatar\\\/4dfbf16b4d17945bfb6341b2d19043457132fcf478a5ee04f42e959fd8f5df0a?s=96&d=mm&r=g\",\"caption\":\"NOTICIASMERCEDINAS.COM\"},\"url\":\"https:\\\/\\\/noticiasmercedinas.com\\\/site\\\/author\\\/anonimo\\\/\"}]}<\/script>\n<!-- \/ Yoast SEO plugin. -->","yoast_head_json":{"title":"Casa Balero presenta \"\u00c1cido\": la quinta entrega del ciclo de poes\u00eda \"Verso Crocante\"","description":"El evento se llevar\u00e1 a cabo el pr\u00f3ximo jueves 12 de febrero y contar\u00e1 con lecturas de destacados artistas locales y un espacio de micr\u00f3fono abierto para el p\u00fablico.","robots":{"index":"index","follow":"follow","max-snippet":"max-snippet:-1","max-image-preview":"max-image-preview:large","max-video-preview":"max-video-preview:-1"},"canonical":"https:\/\/noticiasmercedinas.com\/site\/2026\/02\/04\/casa-balero-presenta-acido-la-quinta-entrega-del-ciclo-de-poesia-verso-crocante\/","og_locale":"es_ES","og_type":"article","og_title":"Casa Balero presenta \"\u00c1cido\": la quinta entrega del ciclo de poes\u00eda \"Verso Crocante\"","og_description":"El evento se llevar\u00e1 a cabo el pr\u00f3ximo jueves 12 de febrero y contar\u00e1 con lecturas de destacados artistas locales y un espacio de micr\u00f3fono abierto para el p\u00fablico.","og_url":"https:\/\/noticiasmercedinas.com\/site\/2026\/02\/04\/casa-balero-presenta-acido-la-quinta-entrega-del-ciclo-de-poesia-verso-crocante\/","og_site_name":"NOTICIASMERCEDINAS.COM","article_publisher":"https:\/\/www.facebook.com\/noticiasmercedinas\/","article_published_time":"2026-02-04T12:53:13+00:00","og_image":[{"width":716,"height":605,"url":"https:\/\/noticiasmercedinas.com\/site\/wp-content\/uploads\/2026\/02\/IMG_20260204_094254.jpg","type":"image\/jpeg"}],"author":"NOTICIASMERCEDINAS.COM","twitter_card":"summary_large_image","twitter_creator":"@notmercedinas","twitter_site":"@notmercedinas","twitter_misc":{"Escrito por":"NOTICIASMERCEDINAS.COM","Tiempo de lectura":"2 minutos"},"schema":{"@context":"https:\/\/schema.org","@graph":[{"@type":"Article","@id":"https:\/\/noticiasmercedinas.com\/site\/2026\/02\/04\/casa-balero-presenta-acido-la-quinta-entrega-del-ciclo-de-poesia-verso-crocante\/#article","isPartOf":{"@id":"https:\/\/noticiasmercedinas.com\/site\/2026\/02\/04\/casa-balero-presenta-acido-la-quinta-entrega-del-ciclo-de-poesia-verso-crocante\/"},"author":{"name":"NOTICIASMERCEDINAS.COM","@id":"https:\/\/noticiasmercedinas.com\/site\/#\/schema\/person\/84b59c099c28ff2e8b77d4ceec5d8063"},"headline":"Casa Balero presenta \u00ab\u00c1cido\u00bb: la quinta entrega del ciclo de poes\u00eda \u00abVerso Crocante\u00bb","datePublished":"2026-02-04T12:53:13+00:00","mainEntityOfPage":{"@id":"https:\/\/noticiasmercedinas.com\/site\/2026\/02\/04\/casa-balero-presenta-acido-la-quinta-entrega-del-ciclo-de-poesia-verso-crocante\/"},"wordCount":278,"publisher":{"@id":"https:\/\/noticiasmercedinas.com\/site\/#organization"},"image":{"@id":"https:\/\/noticiasmercedinas.com\/site\/2026\/02\/04\/casa-balero-presenta-acido-la-quinta-entrega-del-ciclo-de-poesia-verso-crocante\/#primaryimage"},"thumbnailUrl":"https:\/\/noticiasmercedinas.com\/site\/wp-content\/uploads\/2026\/02\/IMG_20260204_094254.jpg","keywords":["casa balero","poesia","verso crocante"],"articleSection":["Cultura"],"inLanguage":"es"},{"@type":"WebPage","@id":"https:\/\/noticiasmercedinas.com\/site\/2026\/02\/04\/casa-balero-presenta-acido-la-quinta-entrega-del-ciclo-de-poesia-verso-crocante\/","url":"https:\/\/noticiasmercedinas.com\/site\/2026\/02\/04\/casa-balero-presenta-acido-la-quinta-entrega-del-ciclo-de-poesia-verso-crocante\/","name":"Casa Balero presenta \"\u00c1cido\": la quinta entrega del ciclo de poes\u00eda \"Verso Crocante\"","isPartOf":{"@id":"https:\/\/noticiasmercedinas.com\/site\/#website"},"primaryImageOfPage":{"@id":"https:\/\/noticiasmercedinas.com\/site\/2026\/02\/04\/casa-balero-presenta-acido-la-quinta-entrega-del-ciclo-de-poesia-verso-crocante\/#primaryimage"},"image":{"@id":"https:\/\/noticiasmercedinas.com\/site\/2026\/02\/04\/casa-balero-presenta-acido-la-quinta-entrega-del-ciclo-de-poesia-verso-crocante\/#primaryimage"},"thumbnailUrl":"https:\/\/noticiasmercedinas.com\/site\/wp-content\/uploads\/2026\/02\/IMG_20260204_094254.jpg","datePublished":"2026-02-04T12:53:13+00:00","description":"El evento se llevar\u00e1 a cabo el pr\u00f3ximo jueves 12 de febrero y contar\u00e1 con lecturas de destacados artistas locales y un espacio de micr\u00f3fono abierto para el p\u00fablico.","breadcrumb":{"@id":"https:\/\/noticiasmercedinas.com\/site\/2026\/02\/04\/casa-balero-presenta-acido-la-quinta-entrega-del-ciclo-de-poesia-verso-crocante\/#breadcrumb"},"inLanguage":"es","potentialAction":[{"@type":"ReadAction","target":["https:\/\/noticiasmercedinas.com\/site\/2026\/02\/04\/casa-balero-presenta-acido-la-quinta-entrega-del-ciclo-de-poesia-verso-crocante\/"]}]},{"@type":"ImageObject","inLanguage":"es","@id":"https:\/\/noticiasmercedinas.com\/site\/2026\/02\/04\/casa-balero-presenta-acido-la-quinta-entrega-del-ciclo-de-poesia-verso-crocante\/#primaryimage","url":"https:\/\/noticiasmercedinas.com\/site\/wp-content\/uploads\/2026\/02\/IMG_20260204_094254.jpg","contentUrl":"https:\/\/noticiasmercedinas.com\/site\/wp-content\/uploads\/2026\/02\/IMG_20260204_094254.jpg","width":716,"height":605},{"@type":"BreadcrumbList","@id":"https:\/\/noticiasmercedinas.com\/site\/2026\/02\/04\/casa-balero-presenta-acido-la-quinta-entrega-del-ciclo-de-poesia-verso-crocante\/#breadcrumb","itemListElement":[{"@type":"ListItem","position":1,"name":"Portada","item":"https:\/\/noticiasmercedinas.com\/site\/"},{"@type":"ListItem","position":2,"name":"Casa Balero presenta \u00ab\u00c1cido\u00bb: la quinta entrega del ciclo de poes\u00eda \u00abVerso Crocante\u00bb"}]},{"@type":"WebSite","@id":"https:\/\/noticiasmercedinas.com\/site\/#website","url":"https:\/\/noticiasmercedinas.com\/site\/","name":"NOTICIASMERCEDINAS.COM","description":"Mercedes, Buenos Aires, Argentina","publisher":{"@id":"https:\/\/noticiasmercedinas.com\/site\/#organization"},"potentialAction":[{"@type":"SearchAction","target":{"@type":"EntryPoint","urlTemplate":"https:\/\/noticiasmercedinas.com\/site\/?s={search_term_string}"},"query-input":{"@type":"PropertyValueSpecification","valueRequired":true,"valueName":"search_term_string"}}],"inLanguage":"es"},{"@type":"Organization","@id":"https:\/\/noticiasmercedinas.com\/site\/#organization","name":"NOTICIASMERCEDINAS.COM","url":"https:\/\/noticiasmercedinas.com\/site\/","logo":{"@type":"ImageObject","inLanguage":"es","@id":"https:\/\/noticiasmercedinas.com\/site\/#\/schema\/logo\/image\/","url":"https:\/\/noticiasmercedinas.com\/site\/wp-content\/uploads\/2020\/06\/LOGO-512.jpg","contentUrl":"https:\/\/noticiasmercedinas.com\/site\/wp-content\/uploads\/2020\/06\/LOGO-512.jpg","width":512,"height":512,"caption":"NOTICIASMERCEDINAS.COM"},"image":{"@id":"https:\/\/noticiasmercedinas.com\/site\/#\/schema\/logo\/image\/"},"sameAs":["https:\/\/www.facebook.com\/noticiasmercedinas\/","https:\/\/x.com\/notmercedinas","https:\/\/www.instagram.com\/noticiasmercedinas\/"]},{"@type":"Person","@id":"https:\/\/noticiasmercedinas.com\/site\/#\/schema\/person\/84b59c099c28ff2e8b77d4ceec5d8063","name":"NOTICIASMERCEDINAS.COM","image":{"@type":"ImageObject","inLanguage":"es","@id":"https:\/\/secure.gravatar.com\/avatar\/4dfbf16b4d17945bfb6341b2d19043457132fcf478a5ee04f42e959fd8f5df0a?s=96&d=mm&r=g","url":"https:\/\/secure.gravatar.com\/avatar\/4dfbf16b4d17945bfb6341b2d19043457132fcf478a5ee04f42e959fd8f5df0a?s=96&d=mm&r=g","contentUrl":"https:\/\/secure.gravatar.com\/avatar\/4dfbf16b4d17945bfb6341b2d19043457132fcf478a5ee04f42e959fd8f5df0a?s=96&d=mm&r=g","caption":"NOTICIASMERCEDINAS.COM"},"url":"https:\/\/noticiasmercedinas.com\/site\/author\/anonimo\/"}]}},"amp_enabled":true,"_links":{"self":[{"href":"https:\/\/noticiasmercedinas.com\/site\/wp-json\/wp\/v2\/posts\/179395","targetHints":{"allow":["GET"]}}],"collection":[{"href":"https:\/\/noticiasmercedinas.com\/site\/wp-json\/wp\/v2\/posts"}],"about":[{"href":"https:\/\/noticiasmercedinas.com\/site\/wp-json\/wp\/v2\/types\/post"}],"author":[{"embeddable":true,"href":"https:\/\/noticiasmercedinas.com\/site\/wp-json\/wp\/v2\/users\/16"}],"replies":[{"embeddable":true,"href":"https:\/\/noticiasmercedinas.com\/site\/wp-json\/wp\/v2\/comments?post=179395"}],"version-history":[{"count":3,"href":"https:\/\/noticiasmercedinas.com\/site\/wp-json\/wp\/v2\/posts\/179395\/revisions"}],"predecessor-version":[{"id":179399,"href":"https:\/\/noticiasmercedinas.com\/site\/wp-json\/wp\/v2\/posts\/179395\/revisions\/179399"}],"wp:featuredmedia":[{"embeddable":true,"href":"https:\/\/noticiasmercedinas.com\/site\/wp-json\/wp\/v2\/media\/179397"}],"wp:attachment":[{"href":"https:\/\/noticiasmercedinas.com\/site\/wp-json\/wp\/v2\/media?parent=179395"}],"wp:term":[{"taxonomy":"category","embeddable":true,"href":"https:\/\/noticiasmercedinas.com\/site\/wp-json\/wp\/v2\/categories?post=179395"},{"taxonomy":"post_tag","embeddable":true,"href":"https:\/\/noticiasmercedinas.com\/site\/wp-json\/wp\/v2\/tags?post=179395"}],"curies":[{"name":"wp","href":"https:\/\/api.w.org\/{rel}","templated":true}]}}