{"id":179402,"date":"2026-02-04T10:14:51","date_gmt":"2026-02-04T13:14:51","guid":{"rendered":"https:\/\/noticiasmercedinas.com\/site\/?p=179402"},"modified":"2026-02-04T10:14:51","modified_gmt":"2026-02-04T13:14:51","slug":"mercedes-celebra-la-autogestion-con-una-nueva-edicion-del-festival-pinta-verano","status":"publish","type":"post","link":"https:\/\/noticiasmercedinas.com\/site\/2026\/02\/04\/mercedes-celebra-la-autogestion-con-una-nueva-edicion-del-festival-pinta-verano\/","title":{"rendered":"Mercedes celebra la autogesti\u00f3n con una nueva edici\u00f3n del festival \u00abPinta Verano\u00bb"},"content":{"rendered":"<p><img loading=\"lazy\" decoding=\"async\" class=\"alignnone size-full wp-image-179404\" src=\"https:\/\/noticiasmercedinas.com\/site\/wp-content\/uploads\/2026\/02\/Cerveceros.jpg\" alt=\"\" width=\"1319\" height=\"879\" srcset=\"https:\/\/noticiasmercedinas.com\/site\/wp-content\/uploads\/2026\/02\/Cerveceros.jpg 1319w, https:\/\/noticiasmercedinas.com\/site\/wp-content\/uploads\/2026\/02\/Cerveceros-300x200.jpg 300w, https:\/\/noticiasmercedinas.com\/site\/wp-content\/uploads\/2026\/02\/Cerveceros-1024x682.jpg 1024w, https:\/\/noticiasmercedinas.com\/site\/wp-content\/uploads\/2026\/02\/Cerveceros-768x512.jpg 768w, https:\/\/noticiasmercedinas.com\/site\/wp-content\/uploads\/2026\/02\/Cerveceros-640x427.jpg 640w, https:\/\/noticiasmercedinas.com\/site\/wp-content\/uploads\/2026\/02\/Cerveceros-1280x853.jpg 1280w, https:\/\/noticiasmercedinas.com\/site\/wp-content\/uploads\/2026\/02\/Cerveceros-681x454.jpg 681w\" sizes=\"auto, (max-width: 1319px) 100vw, 1319px\" \/><\/p>\n<p>Habr\u00e1 una nueva entrega de \u00abPinta Verano\u00bb, una propuesta que busca consolidarse como el epicentro de la producci\u00f3n independiente local.<\/p>\n<p>El evento, que se desarrollar\u00e1 este s\u00e1bado 7 de febrero a partir de las 19:00 hs en el Anfiteatro Municipal (Calle 42 y Av. 29), destaca por su naturaleza \u00edntegramente autogestiva y su enfoque en la \u00abCultura Viva\u00bb.<\/p>\n<p><img loading=\"lazy\" decoding=\"async\" class=\"alignnone size-full wp-image-179405\" src=\"https:\/\/noticiasmercedinas.com\/site\/wp-content\/uploads\/2026\/02\/C2.jpg\" alt=\"\" width=\"369\" height=\"246\" srcset=\"https:\/\/noticiasmercedinas.com\/site\/wp-content\/uploads\/2026\/02\/C2.jpg 369w, https:\/\/noticiasmercedinas.com\/site\/wp-content\/uploads\/2026\/02\/C2-300x200.jpg 300w\" sizes=\"auto, (max-width: 369px) 100vw, 369px\" \/><\/p>\n<p>A diferencia de los festivales comerciales tradicionales, esta iniciativa surge del esfuerzo coordinado de la Asociaci\u00f3n de Cerveceros Mercedinos.<\/p>\n<p>Seg\u00fan explic\u00f3 Jimena Rivas, Directora de Cultura, aunque el evento cuenta con el apoyo de la Municipalidad de Mercedes, el rol clave y protag\u00f3nico recae en la organizaci\u00f3n colectiva de los trabajadores de la regi\u00f3n, asegurando que el impacto econ\u00f3mico permanezca en la comunidad.<\/p>\n<p><strong>Grilla art\u00edstica y oferta gastron\u00f3mica<\/strong><\/p>\n<p>La jornada combinar\u00e1 la producci\u00f3n artesanal con un espect\u00e1culo de calidad en un entorno natural. La oferta para los asistentes incluye:<\/p>\n<p><strong>\u00a0* Producci\u00f3n local:<\/strong> Una selecci\u00f3n de variedades de cerveza artesanal elaboradas por los propios organizadores.<\/p>\n<p><strong>\u00a0* Gastronom\u00eda:<\/strong> Presencia de diversos foodtrucks con opciones variadas.<\/p>\n<p><strong>\u00a0* M\u00fasica en vivo:<\/strong> Un escenario principal que contar\u00e1 con las actuaciones de The Paris (Cumbia), Todos contra Jaime (Cumbia), Facu Zammitto y un set a cargo de DJ Ricky.<\/p>\n<p><strong>Un espacio de resistencia cultural<\/strong><\/p>\n<p>M\u00e1s all\u00e1 de la oferta recreativa, los organizadores definen al \u00abPinta Verano\u00bb como un espacio de celebraci\u00f3n de la cultura viva y una muestra de resistencia frente a los modelos de consumo masivo. La propuesta busca reafirmar la identidad mercedina a trav\u00e9s del trabajo comunitario y la calidad de los productos regionales.<\/p>\n<p>La entrada al predio permitir\u00e1 a vecinos y turistas disfrutar de una experiencia que integra el arte, la producci\u00f3n independiente y el respaldo estatal a las iniciativas que nacen de la propia comunidad organizada.<\/p>\n<p><img loading=\"lazy\" decoding=\"async\" class=\"alignnone size-full wp-image-179406\" src=\"https:\/\/noticiasmercedinas.com\/site\/wp-content\/uploads\/2026\/02\/C3.jpg\" alt=\"\" width=\"1316\" height=\"879\" srcset=\"https:\/\/noticiasmercedinas.com\/site\/wp-content\/uploads\/2026\/02\/C3.jpg 1316w, https:\/\/noticiasmercedinas.com\/site\/wp-content\/uploads\/2026\/02\/C3-300x200.jpg 300w, https:\/\/noticiasmercedinas.com\/site\/wp-content\/uploads\/2026\/02\/C3-1024x684.jpg 1024w, https:\/\/noticiasmercedinas.com\/site\/wp-content\/uploads\/2026\/02\/C3-768x513.jpg 768w, https:\/\/noticiasmercedinas.com\/site\/wp-content\/uploads\/2026\/02\/C3-537x360.jpg 537w, https:\/\/noticiasmercedinas.com\/site\/wp-content\/uploads\/2026\/02\/C3-640x427.jpg 640w, https:\/\/noticiasmercedinas.com\/site\/wp-content\/uploads\/2026\/02\/C3-1280x855.jpg 1280w, https:\/\/noticiasmercedinas.com\/site\/wp-content\/uploads\/2026\/02\/C3-681x455.jpg 681w\" sizes=\"auto, (max-width: 1316px) 100vw, 1316px\" \/><\/p>\n","protected":false},"excerpt":{"rendered":"<p>Organizado por la Asociaci\u00f3n de Cerveceros Mercedinos, el evento se desarrollar\u00e1 este s\u00e1bado 7 de febrero en el Anfiteatro Municipal con entrada libre, m\u00fasica en vivo y gastronom\u00eda local.<\/p>\n","protected":false},"author":16,"featured_media":179404,"comment_status":"closed","ping_status":"closed","sticky":false,"template":"","format":"standard","meta":{"footnotes":""},"categories":[4,74],"tags":[15989,1115,1123,846,21286],"class_list":["post-179402","post","type-post","status-publish","format-standard","has-post-thumbnail","hentry","category-cultura","category-emprendimientos","tag-anfiteatro","tag-cerveceros","tag-cerveza-artesanal","tag-festival","tag-the-paris"],"yoast_head":"<!-- This site is optimized with the Yoast SEO plugin v27.5 - https:\/\/yoast.com\/product\/yoast-seo-wordpress\/ -->\n<title>Mercedes celebra la autogesti\u00f3n con una nueva edici\u00f3n del festival &quot;Pinta Verano&quot;<\/title>\n<meta name=\"description\" content=\"Organizado por la Asociaci\u00f3n de Cerveceros Mercedinos, el evento se desarrollar\u00e1 este s\u00e1bado 7 de febrero en el Anfiteatro Municipal con entrada libre, m\u00fasica en vivo y gastronom\u00eda local.\" \/>\n<meta name=\"robots\" content=\"index, follow, max-snippet:-1, max-image-preview:large, max-video-preview:-1\" \/>\n<link rel=\"canonical\" href=\"https:\/\/noticiasmercedinas.com\/site\/2026\/02\/04\/mercedes-celebra-la-autogestion-con-una-nueva-edicion-del-festival-pinta-verano\/\" \/>\n<meta property=\"og:locale\" content=\"es_ES\" \/>\n<meta property=\"og:type\" content=\"article\" \/>\n<meta property=\"og:title\" content=\"Mercedes celebra la autogesti\u00f3n con una nueva edici\u00f3n del festival &quot;Pinta Verano&quot;\" \/>\n<meta property=\"og:description\" content=\"Organizado por la Asociaci\u00f3n de Cerveceros Mercedinos, el evento se desarrollar\u00e1 este s\u00e1bado 7 de febrero en el Anfiteatro Municipal con entrada libre, m\u00fasica en vivo y gastronom\u00eda local.\" \/>\n<meta property=\"og:url\" content=\"https:\/\/noticiasmercedinas.com\/site\/2026\/02\/04\/mercedes-celebra-la-autogestion-con-una-nueva-edicion-del-festival-pinta-verano\/\" \/>\n<meta property=\"og:site_name\" content=\"NOTICIASMERCEDINAS.COM\" \/>\n<meta property=\"article:publisher\" content=\"https:\/\/www.facebook.com\/noticiasmercedinas\/\" \/>\n<meta property=\"article:published_time\" content=\"2026-02-04T13:14:51+00:00\" \/>\n<meta property=\"og:image\" content=\"https:\/\/noticiasmercedinas.com\/site\/wp-content\/uploads\/2026\/02\/Cerveceros.jpg\" \/>\n\t<meta property=\"og:image:width\" content=\"1319\" \/>\n\t<meta property=\"og:image:height\" content=\"879\" \/>\n\t<meta property=\"og:image:type\" content=\"image\/jpeg\" \/>\n<meta name=\"author\" content=\"NOTICIASMERCEDINAS.COM\" \/>\n<meta name=\"twitter:card\" content=\"summary_large_image\" \/>\n<meta name=\"twitter:creator\" content=\"@notmercedinas\" \/>\n<meta name=\"twitter:site\" content=\"@notmercedinas\" \/>\n<meta name=\"twitter:label1\" content=\"Escrito por\" \/>\n\t<meta name=\"twitter:data1\" content=\"NOTICIASMERCEDINAS.COM\" \/>\n\t<meta name=\"twitter:label2\" content=\"Tiempo de lectura\" \/>\n\t<meta name=\"twitter:data2\" content=\"3 minutos\" \/>\n<script type=\"application\/ld+json\" class=\"yoast-schema-graph\">{\"@context\":\"https:\\\/\\\/schema.org\",\"@graph\":[{\"@type\":\"Article\",\"@id\":\"https:\\\/\\\/noticiasmercedinas.com\\\/site\\\/2026\\\/02\\\/04\\\/mercedes-celebra-la-autogestion-con-una-nueva-edicion-del-festival-pinta-verano\\\/#article\",\"isPartOf\":{\"@id\":\"https:\\\/\\\/noticiasmercedinas.com\\\/site\\\/2026\\\/02\\\/04\\\/mercedes-celebra-la-autogestion-con-una-nueva-edicion-del-festival-pinta-verano\\\/\"},\"author\":{\"name\":\"NOTICIASMERCEDINAS.COM\",\"@id\":\"https:\\\/\\\/noticiasmercedinas.com\\\/site\\\/#\\\/schema\\\/person\\\/84b59c099c28ff2e8b77d4ceec5d8063\"},\"headline\":\"Mercedes celebra la autogesti\u00f3n con una nueva edici\u00f3n del festival \u00abPinta Verano\u00bb\",\"datePublished\":\"2026-02-04T13:14:51+00:00\",\"mainEntityOfPage\":{\"@id\":\"https:\\\/\\\/noticiasmercedinas.com\\\/site\\\/2026\\\/02\\\/04\\\/mercedes-celebra-la-autogestion-con-una-nueva-edicion-del-festival-pinta-verano\\\/\"},\"wordCount\":319,\"publisher\":{\"@id\":\"https:\\\/\\\/noticiasmercedinas.com\\\/site\\\/#organization\"},\"image\":{\"@id\":\"https:\\\/\\\/noticiasmercedinas.com\\\/site\\\/2026\\\/02\\\/04\\\/mercedes-celebra-la-autogestion-con-una-nueva-edicion-del-festival-pinta-verano\\\/#primaryimage\"},\"thumbnailUrl\":\"https:\\\/\\\/noticiasmercedinas.com\\\/site\\\/wp-content\\\/uploads\\\/2026\\\/02\\\/Cerveceros.jpg\",\"keywords\":[\"Anfiteatro\",\"cerveceros\",\"cerveza artesanal\",\"festival\",\"the paris\"],\"articleSection\":[\"Cultura\",\"Emprendimientos\"],\"inLanguage\":\"es\"},{\"@type\":\"WebPage\",\"@id\":\"https:\\\/\\\/noticiasmercedinas.com\\\/site\\\/2026\\\/02\\\/04\\\/mercedes-celebra-la-autogestion-con-una-nueva-edicion-del-festival-pinta-verano\\\/\",\"url\":\"https:\\\/\\\/noticiasmercedinas.com\\\/site\\\/2026\\\/02\\\/04\\\/mercedes-celebra-la-autogestion-con-una-nueva-edicion-del-festival-pinta-verano\\\/\",\"name\":\"Mercedes celebra la autogesti\u00f3n con una nueva edici\u00f3n del festival \\\"Pinta Verano\\\"\",\"isPartOf\":{\"@id\":\"https:\\\/\\\/noticiasmercedinas.com\\\/site\\\/#website\"},\"primaryImageOfPage\":{\"@id\":\"https:\\\/\\\/noticiasmercedinas.com\\\/site\\\/2026\\\/02\\\/04\\\/mercedes-celebra-la-autogestion-con-una-nueva-edicion-del-festival-pinta-verano\\\/#primaryimage\"},\"image\":{\"@id\":\"https:\\\/\\\/noticiasmercedinas.com\\\/site\\\/2026\\\/02\\\/04\\\/mercedes-celebra-la-autogestion-con-una-nueva-edicion-del-festival-pinta-verano\\\/#primaryimage\"},\"thumbnailUrl\":\"https:\\\/\\\/noticiasmercedinas.com\\\/site\\\/wp-content\\\/uploads\\\/2026\\\/02\\\/Cerveceros.jpg\",\"datePublished\":\"2026-02-04T13:14:51+00:00\",\"description\":\"Organizado por la Asociaci\u00f3n de Cerveceros Mercedinos, el evento se desarrollar\u00e1 este s\u00e1bado 7 de febrero en el Anfiteatro Municipal con entrada libre, m\u00fasica en vivo y gastronom\u00eda local.\",\"breadcrumb\":{\"@id\":\"https:\\\/\\\/noticiasmercedinas.com\\\/site\\\/2026\\\/02\\\/04\\\/mercedes-celebra-la-autogestion-con-una-nueva-edicion-del-festival-pinta-verano\\\/#breadcrumb\"},\"inLanguage\":\"es\",\"potentialAction\":[{\"@type\":\"ReadAction\",\"target\":[\"https:\\\/\\\/noticiasmercedinas.com\\\/site\\\/2026\\\/02\\\/04\\\/mercedes-celebra-la-autogestion-con-una-nueva-edicion-del-festival-pinta-verano\\\/\"]}]},{\"@type\":\"ImageObject\",\"inLanguage\":\"es\",\"@id\":\"https:\\\/\\\/noticiasmercedinas.com\\\/site\\\/2026\\\/02\\\/04\\\/mercedes-celebra-la-autogestion-con-una-nueva-edicion-del-festival-pinta-verano\\\/#primaryimage\",\"url\":\"https:\\\/\\\/noticiasmercedinas.com\\\/site\\\/wp-content\\\/uploads\\\/2026\\\/02\\\/Cerveceros.jpg\",\"contentUrl\":\"https:\\\/\\\/noticiasmercedinas.com\\\/site\\\/wp-content\\\/uploads\\\/2026\\\/02\\\/Cerveceros.jpg\",\"width\":1319,\"height\":879},{\"@type\":\"BreadcrumbList\",\"@id\":\"https:\\\/\\\/noticiasmercedinas.com\\\/site\\\/2026\\\/02\\\/04\\\/mercedes-celebra-la-autogestion-con-una-nueva-edicion-del-festival-pinta-verano\\\/#breadcrumb\",\"itemListElement\":[{\"@type\":\"ListItem\",\"position\":1,\"name\":\"Portada\",\"item\":\"https:\\\/\\\/noticiasmercedinas.com\\\/site\\\/\"},{\"@type\":\"ListItem\",\"position\":2,\"name\":\"Mercedes celebra la autogesti\u00f3n con una nueva edici\u00f3n del festival \u00abPinta Verano\u00bb\"}]},{\"@type\":\"WebSite\",\"@id\":\"https:\\\/\\\/noticiasmercedinas.com\\\/site\\\/#website\",\"url\":\"https:\\\/\\\/noticiasmercedinas.com\\\/site\\\/\",\"name\":\"NOTICIASMERCEDINAS.COM\",\"description\":\"Mercedes, Buenos Aires, Argentina\",\"publisher\":{\"@id\":\"https:\\\/\\\/noticiasmercedinas.com\\\/site\\\/#organization\"},\"potentialAction\":[{\"@type\":\"SearchAction\",\"target\":{\"@type\":\"EntryPoint\",\"urlTemplate\":\"https:\\\/\\\/noticiasmercedinas.com\\\/site\\\/?s={search_term_string}\"},\"query-input\":{\"@type\":\"PropertyValueSpecification\",\"valueRequired\":true,\"valueName\":\"search_term_string\"}}],\"inLanguage\":\"es\"},{\"@type\":\"Organization\",\"@id\":\"https:\\\/\\\/noticiasmercedinas.com\\\/site\\\/#organization\",\"name\":\"NOTICIASMERCEDINAS.COM\",\"url\":\"https:\\\/\\\/noticiasmercedinas.com\\\/site\\\/\",\"logo\":{\"@type\":\"ImageObject\",\"inLanguage\":\"es\",\"@id\":\"https:\\\/\\\/noticiasmercedinas.com\\\/site\\\/#\\\/schema\\\/logo\\\/image\\\/\",\"url\":\"https:\\\/\\\/noticiasmercedinas.com\\\/site\\\/wp-content\\\/uploads\\\/2020\\\/06\\\/LOGO-512.jpg\",\"contentUrl\":\"https:\\\/\\\/noticiasmercedinas.com\\\/site\\\/wp-content\\\/uploads\\\/2020\\\/06\\\/LOGO-512.jpg\",\"width\":512,\"height\":512,\"caption\":\"NOTICIASMERCEDINAS.COM\"},\"image\":{\"@id\":\"https:\\\/\\\/noticiasmercedinas.com\\\/site\\\/#\\\/schema\\\/logo\\\/image\\\/\"},\"sameAs\":[\"https:\\\/\\\/www.facebook.com\\\/noticiasmercedinas\\\/\",\"https:\\\/\\\/x.com\\\/notmercedinas\",\"https:\\\/\\\/www.instagram.com\\\/noticiasmercedinas\\\/\"]},{\"@type\":\"Person\",\"@id\":\"https:\\\/\\\/noticiasmercedinas.com\\\/site\\\/#\\\/schema\\\/person\\\/84b59c099c28ff2e8b77d4ceec5d8063\",\"name\":\"NOTICIASMERCEDINAS.COM\",\"image\":{\"@type\":\"ImageObject\",\"inLanguage\":\"es\",\"@id\":\"https:\\\/\\\/secure.gravatar.com\\\/avatar\\\/4dfbf16b4d17945bfb6341b2d19043457132fcf478a5ee04f42e959fd8f5df0a?s=96&d=mm&r=g\",\"url\":\"https:\\\/\\\/secure.gravatar.com\\\/avatar\\\/4dfbf16b4d17945bfb6341b2d19043457132fcf478a5ee04f42e959fd8f5df0a?s=96&d=mm&r=g\",\"contentUrl\":\"https:\\\/\\\/secure.gravatar.com\\\/avatar\\\/4dfbf16b4d17945bfb6341b2d19043457132fcf478a5ee04f42e959fd8f5df0a?s=96&d=mm&r=g\",\"caption\":\"NOTICIASMERCEDINAS.COM\"},\"url\":\"https:\\\/\\\/noticiasmercedinas.com\\\/site\\\/author\\\/anonimo\\\/\"}]}<\/script>\n<!-- \/ Yoast SEO plugin. -->","yoast_head_json":{"title":"Mercedes celebra la autogesti\u00f3n con una nueva edici\u00f3n del festival \"Pinta Verano\"","description":"Organizado por la Asociaci\u00f3n de Cerveceros Mercedinos, el evento se desarrollar\u00e1 este s\u00e1bado 7 de febrero en el Anfiteatro Municipal con entrada libre, m\u00fasica en vivo y gastronom\u00eda local.","robots":{"index":"index","follow":"follow","max-snippet":"max-snippet:-1","max-image-preview":"max-image-preview:large","max-video-preview":"max-video-preview:-1"},"canonical":"https:\/\/noticiasmercedinas.com\/site\/2026\/02\/04\/mercedes-celebra-la-autogestion-con-una-nueva-edicion-del-festival-pinta-verano\/","og_locale":"es_ES","og_type":"article","og_title":"Mercedes celebra la autogesti\u00f3n con una nueva edici\u00f3n del festival \"Pinta Verano\"","og_description":"Organizado por la Asociaci\u00f3n de Cerveceros Mercedinos, el evento se desarrollar\u00e1 este s\u00e1bado 7 de febrero en el Anfiteatro Municipal con entrada libre, m\u00fasica en vivo y gastronom\u00eda local.","og_url":"https:\/\/noticiasmercedinas.com\/site\/2026\/02\/04\/mercedes-celebra-la-autogestion-con-una-nueva-edicion-del-festival-pinta-verano\/","og_site_name":"NOTICIASMERCEDINAS.COM","article_publisher":"https:\/\/www.facebook.com\/noticiasmercedinas\/","article_published_time":"2026-02-04T13:14:51+00:00","og_image":[{"width":1319,"height":879,"url":"https:\/\/noticiasmercedinas.com\/site\/wp-content\/uploads\/2026\/02\/Cerveceros.jpg","type":"image\/jpeg"}],"author":"NOTICIASMERCEDINAS.COM","twitter_card":"summary_large_image","twitter_creator":"@notmercedinas","twitter_site":"@notmercedinas","twitter_misc":{"Escrito por":"NOTICIASMERCEDINAS.COM","Tiempo de lectura":"3 minutos"},"schema":{"@context":"https:\/\/schema.org","@graph":[{"@type":"Article","@id":"https:\/\/noticiasmercedinas.com\/site\/2026\/02\/04\/mercedes-celebra-la-autogestion-con-una-nueva-edicion-del-festival-pinta-verano\/#article","isPartOf":{"@id":"https:\/\/noticiasmercedinas.com\/site\/2026\/02\/04\/mercedes-celebra-la-autogestion-con-una-nueva-edicion-del-festival-pinta-verano\/"},"author":{"name":"NOTICIASMERCEDINAS.COM","@id":"https:\/\/noticiasmercedinas.com\/site\/#\/schema\/person\/84b59c099c28ff2e8b77d4ceec5d8063"},"headline":"Mercedes celebra la autogesti\u00f3n con una nueva edici\u00f3n del festival \u00abPinta Verano\u00bb","datePublished":"2026-02-04T13:14:51+00:00","mainEntityOfPage":{"@id":"https:\/\/noticiasmercedinas.com\/site\/2026\/02\/04\/mercedes-celebra-la-autogestion-con-una-nueva-edicion-del-festival-pinta-verano\/"},"wordCount":319,"publisher":{"@id":"https:\/\/noticiasmercedinas.com\/site\/#organization"},"image":{"@id":"https:\/\/noticiasmercedinas.com\/site\/2026\/02\/04\/mercedes-celebra-la-autogestion-con-una-nueva-edicion-del-festival-pinta-verano\/#primaryimage"},"thumbnailUrl":"https:\/\/noticiasmercedinas.com\/site\/wp-content\/uploads\/2026\/02\/Cerveceros.jpg","keywords":["Anfiteatro","cerveceros","cerveza artesanal","festival","the paris"],"articleSection":["Cultura","Emprendimientos"],"inLanguage":"es"},{"@type":"WebPage","@id":"https:\/\/noticiasmercedinas.com\/site\/2026\/02\/04\/mercedes-celebra-la-autogestion-con-una-nueva-edicion-del-festival-pinta-verano\/","url":"https:\/\/noticiasmercedinas.com\/site\/2026\/02\/04\/mercedes-celebra-la-autogestion-con-una-nueva-edicion-del-festival-pinta-verano\/","name":"Mercedes celebra la autogesti\u00f3n con una nueva edici\u00f3n del festival \"Pinta Verano\"","isPartOf":{"@id":"https:\/\/noticiasmercedinas.com\/site\/#website"},"primaryImageOfPage":{"@id":"https:\/\/noticiasmercedinas.com\/site\/2026\/02\/04\/mercedes-celebra-la-autogestion-con-una-nueva-edicion-del-festival-pinta-verano\/#primaryimage"},"image":{"@id":"https:\/\/noticiasmercedinas.com\/site\/2026\/02\/04\/mercedes-celebra-la-autogestion-con-una-nueva-edicion-del-festival-pinta-verano\/#primaryimage"},"thumbnailUrl":"https:\/\/noticiasmercedinas.com\/site\/wp-content\/uploads\/2026\/02\/Cerveceros.jpg","datePublished":"2026-02-04T13:14:51+00:00","description":"Organizado por la Asociaci\u00f3n de Cerveceros Mercedinos, el evento se desarrollar\u00e1 este s\u00e1bado 7 de febrero en el Anfiteatro Municipal con entrada libre, m\u00fasica en vivo y gastronom\u00eda local.","breadcrumb":{"@id":"https:\/\/noticiasmercedinas.com\/site\/2026\/02\/04\/mercedes-celebra-la-autogestion-con-una-nueva-edicion-del-festival-pinta-verano\/#breadcrumb"},"inLanguage":"es","potentialAction":[{"@type":"ReadAction","target":["https:\/\/noticiasmercedinas.com\/site\/2026\/02\/04\/mercedes-celebra-la-autogestion-con-una-nueva-edicion-del-festival-pinta-verano\/"]}]},{"@type":"ImageObject","inLanguage":"es","@id":"https:\/\/noticiasmercedinas.com\/site\/2026\/02\/04\/mercedes-celebra-la-autogestion-con-una-nueva-edicion-del-festival-pinta-verano\/#primaryimage","url":"https:\/\/noticiasmercedinas.com\/site\/wp-content\/uploads\/2026\/02\/Cerveceros.jpg","contentUrl":"https:\/\/noticiasmercedinas.com\/site\/wp-content\/uploads\/2026\/02\/Cerveceros.jpg","width":1319,"height":879},{"@type":"BreadcrumbList","@id":"https:\/\/noticiasmercedinas.com\/site\/2026\/02\/04\/mercedes-celebra-la-autogestion-con-una-nueva-edicion-del-festival-pinta-verano\/#breadcrumb","itemListElement":[{"@type":"ListItem","position":1,"name":"Portada","item":"https:\/\/noticiasmercedinas.com\/site\/"},{"@type":"ListItem","position":2,"name":"Mercedes celebra la autogesti\u00f3n con una nueva edici\u00f3n del festival \u00abPinta Verano\u00bb"}]},{"@type":"WebSite","@id":"https:\/\/noticiasmercedinas.com\/site\/#website","url":"https:\/\/noticiasmercedinas.com\/site\/","name":"NOTICIASMERCEDINAS.COM","description":"Mercedes, Buenos Aires, Argentina","publisher":{"@id":"https:\/\/noticiasmercedinas.com\/site\/#organization"},"potentialAction":[{"@type":"SearchAction","target":{"@type":"EntryPoint","urlTemplate":"https:\/\/noticiasmercedinas.com\/site\/?s={search_term_string}"},"query-input":{"@type":"PropertyValueSpecification","valueRequired":true,"valueName":"search_term_string"}}],"inLanguage":"es"},{"@type":"Organization","@id":"https:\/\/noticiasmercedinas.com\/site\/#organization","name":"NOTICIASMERCEDINAS.COM","url":"https:\/\/noticiasmercedinas.com\/site\/","logo":{"@type":"ImageObject","inLanguage":"es","@id":"https:\/\/noticiasmercedinas.com\/site\/#\/schema\/logo\/image\/","url":"https:\/\/noticiasmercedinas.com\/site\/wp-content\/uploads\/2020\/06\/LOGO-512.jpg","contentUrl":"https:\/\/noticiasmercedinas.com\/site\/wp-content\/uploads\/2020\/06\/LOGO-512.jpg","width":512,"height":512,"caption":"NOTICIASMERCEDINAS.COM"},"image":{"@id":"https:\/\/noticiasmercedinas.com\/site\/#\/schema\/logo\/image\/"},"sameAs":["https:\/\/www.facebook.com\/noticiasmercedinas\/","https:\/\/x.com\/notmercedinas","https:\/\/www.instagram.com\/noticiasmercedinas\/"]},{"@type":"Person","@id":"https:\/\/noticiasmercedinas.com\/site\/#\/schema\/person\/84b59c099c28ff2e8b77d4ceec5d8063","name":"NOTICIASMERCEDINAS.COM","image":{"@type":"ImageObject","inLanguage":"es","@id":"https:\/\/secure.gravatar.com\/avatar\/4dfbf16b4d17945bfb6341b2d19043457132fcf478a5ee04f42e959fd8f5df0a?s=96&d=mm&r=g","url":"https:\/\/secure.gravatar.com\/avatar\/4dfbf16b4d17945bfb6341b2d19043457132fcf478a5ee04f42e959fd8f5df0a?s=96&d=mm&r=g","contentUrl":"https:\/\/secure.gravatar.com\/avatar\/4dfbf16b4d17945bfb6341b2d19043457132fcf478a5ee04f42e959fd8f5df0a?s=96&d=mm&r=g","caption":"NOTICIASMERCEDINAS.COM"},"url":"https:\/\/noticiasmercedinas.com\/site\/author\/anonimo\/"}]}},"amp_enabled":true,"_links":{"self":[{"href":"https:\/\/noticiasmercedinas.com\/site\/wp-json\/wp\/v2\/posts\/179402","targetHints":{"allow":["GET"]}}],"collection":[{"href":"https:\/\/noticiasmercedinas.com\/site\/wp-json\/wp\/v2\/posts"}],"about":[{"href":"https:\/\/noticiasmercedinas.com\/site\/wp-json\/wp\/v2\/types\/post"}],"author":[{"embeddable":true,"href":"https:\/\/noticiasmercedinas.com\/site\/wp-json\/wp\/v2\/users\/16"}],"replies":[{"embeddable":true,"href":"https:\/\/noticiasmercedinas.com\/site\/wp-json\/wp\/v2\/comments?post=179402"}],"version-history":[{"count":3,"href":"https:\/\/noticiasmercedinas.com\/site\/wp-json\/wp\/v2\/posts\/179402\/revisions"}],"predecessor-version":[{"id":179408,"href":"https:\/\/noticiasmercedinas.com\/site\/wp-json\/wp\/v2\/posts\/179402\/revisions\/179408"}],"wp:featuredmedia":[{"embeddable":true,"href":"https:\/\/noticiasmercedinas.com\/site\/wp-json\/wp\/v2\/media\/179404"}],"wp:attachment":[{"href":"https:\/\/noticiasmercedinas.com\/site\/wp-json\/wp\/v2\/media?parent=179402"}],"wp:term":[{"taxonomy":"category","embeddable":true,"href":"https:\/\/noticiasmercedinas.com\/site\/wp-json\/wp\/v2\/categories?post=179402"},{"taxonomy":"post_tag","embeddable":true,"href":"https:\/\/noticiasmercedinas.com\/site\/wp-json\/wp\/v2\/tags?post=179402"}],"curies":[{"name":"wp","href":"https:\/\/api.w.org\/{rel}","templated":true}]}}