{"id":179438,"date":"2026-02-04T16:55:05","date_gmt":"2026-02-04T19:55:05","guid":{"rendered":"https:\/\/noticiasmercedinas.com\/site\/?p=179438"},"modified":"2026-02-04T16:55:05","modified_gmt":"2026-02-04T19:55:05","slug":"equipos-argentinos-avanzan-a-cuartos-de-final-en-la-copa-libertadores-de-futbol-amputados","status":"publish","type":"post","link":"https:\/\/noticiasmercedinas.com\/site\/2026\/02\/04\/equipos-argentinos-avanzan-a-cuartos-de-final-en-la-copa-libertadores-de-futbol-amputados\/","title":{"rendered":"Equipos argentinos avanzan a cuartos de final en la Copa Libertadores de F\u00fatbol Amputados"},"content":{"rendered":"<figure id=\"attachment_179439\" aria-describedby=\"caption-attachment-179439\" style=\"width: 1280px\" class=\"wp-caption alignnone\"><img loading=\"lazy\" decoding=\"async\" class=\"wp-image-179439 size-full\" src=\"https:\/\/noticiasmercedinas.com\/site\/wp-content\/uploads\/2026\/02\/5d3cfa46-758c-42a0-9b13-33fdcdf59e26.jpg\" alt=\"\" width=\"1280\" height=\"853\" srcset=\"https:\/\/noticiasmercedinas.com\/site\/wp-content\/uploads\/2026\/02\/5d3cfa46-758c-42a0-9b13-33fdcdf59e26.jpg 1280w, https:\/\/noticiasmercedinas.com\/site\/wp-content\/uploads\/2026\/02\/5d3cfa46-758c-42a0-9b13-33fdcdf59e26-300x200.jpg 300w, https:\/\/noticiasmercedinas.com\/site\/wp-content\/uploads\/2026\/02\/5d3cfa46-758c-42a0-9b13-33fdcdf59e26-1024x682.jpg 1024w, https:\/\/noticiasmercedinas.com\/site\/wp-content\/uploads\/2026\/02\/5d3cfa46-758c-42a0-9b13-33fdcdf59e26-768x512.jpg 768w, https:\/\/noticiasmercedinas.com\/site\/wp-content\/uploads\/2026\/02\/5d3cfa46-758c-42a0-9b13-33fdcdf59e26-640x427.jpg 640w, https:\/\/noticiasmercedinas.com\/site\/wp-content\/uploads\/2026\/02\/5d3cfa46-758c-42a0-9b13-33fdcdf59e26-681x454.jpg 681w\" sizes=\"auto, (max-width: 1280px) 100vw, 1280px\" \/><figcaption id=\"caption-attachment-179439\" class=\"wp-caption-text\">Los Guerreros hoy en Brasil, ganaron y clasificaron.<\/figcaption><\/figure>\n<p>En una jornada marcada por la intensidad y el clima adverso, los representantes argentinos lograron este mi\u00e9rcoles 4 de febrero una actuaci\u00f3n consagratoria en la <strong>Copa Libertadores de F\u00fatbol Amputados<\/strong>. En el complejo sint\u00e9tico de Esperia, bajo una persistente lluvia, tanto <strong>Los Guerreros de Rosario<\/strong> como <strong>Los Teros de C\u00f3rdoba<\/strong> obtuvieron los resultados necesarios para acceder a los cuartos de final de la primera edici\u00f3n de este certamen continental.<\/p>\n<p>El conjunto rosarino, que cuenta con la seguridad del arquero mercedino <strong>Dami\u00e1n Defelippe<\/strong>, se impuso por 1 a 0 ante el local <strong>Assama (Brasil)<\/strong>. El \u00fanico tanto del encuentro fue obra de <strong>Iv\u00e1n Gonz\u00e1lez<\/strong>, quien permiti\u00f3 que el equipo nacional resistiera los embates brasile\u00f1os y asegurara su lugar en la siguiente instancia. Por su parte, la delegaci\u00f3n cordobesa de Los Teros mostr\u00f3 un alto vuelo futbol\u00edstico al golear 4 a 1 a <strong>C\u00f3ndores de Chile<\/strong>, ratificando el gran presente del f\u00fatbol de amputados en Argentina.<\/p>\n<p><img loading=\"lazy\" decoding=\"async\" class=\"alignnone size-full wp-image-179440\" src=\"https:\/\/noticiasmercedinas.com\/site\/wp-content\/uploads\/2026\/02\/77014163-df3e-4cd3-a763-1d29d99d2341.jpg\" alt=\"\" width=\"853\" height=\"1280\" srcset=\"https:\/\/noticiasmercedinas.com\/site\/wp-content\/uploads\/2026\/02\/77014163-df3e-4cd3-a763-1d29d99d2341.jpg 853w, https:\/\/noticiasmercedinas.com\/site\/wp-content\/uploads\/2026\/02\/77014163-df3e-4cd3-a763-1d29d99d2341-200x300.jpg 200w, https:\/\/noticiasmercedinas.com\/site\/wp-content\/uploads\/2026\/02\/77014163-df3e-4cd3-a763-1d29d99d2341-682x1024.jpg 682w, https:\/\/noticiasmercedinas.com\/site\/wp-content\/uploads\/2026\/02\/77014163-df3e-4cd3-a763-1d29d99d2341-768x1152.jpg 768w, https:\/\/noticiasmercedinas.com\/site\/wp-content\/uploads\/2026\/02\/77014163-df3e-4cd3-a763-1d29d99d2341-640x960.jpg 640w, https:\/\/noticiasmercedinas.com\/site\/wp-content\/uploads\/2026\/02\/77014163-df3e-4cd3-a763-1d29d99d2341-681x1022.jpg 681w\" sizes=\"auto, (max-width: 853px) 100vw, 853px\" \/><\/p>\n<p>Con estos resultados, los clubes nacionales logran \u00abdar vuelta la p\u00e1gina\u00bb tras un inicio de competencia exigente y se posicionan como serios candidatos al t\u00edtulo. La actividad no dar\u00e1 respiro, ya que la fase de eliminaci\u00f3n directa comenzar\u00e1 de inmediato este jueves.<\/p>\n<p><strong>Cronograma de Cuartos de Final (Jueves 5)<\/strong><\/p>\n<p>La jornada del jueves definir\u00e1 a los semifinalistas del torneo con los siguientes cruces (horario local):<\/p>\n<ul>\n<li><strong>13:00 hs:<\/strong> Orinhos vs. 7 Guerreros (Per\u00fa)<\/li>\n<li><strong>15:00 hs:<\/strong> San Benitto vs. Assamma<\/li>\n<li><strong>17:00 hs:<\/strong> Esperia vs. <strong>Los Teros (Arg)<\/strong><\/li>\n<li><strong>19:00 hs:<\/strong> Android vs. <strong>Los Guerreros (Arg)<\/strong><\/li>\n<\/ul>\n","protected":false},"excerpt":{"rendered":"<p>\u25a0 Los Guerreros de Rosario y Los Teros de C\u00f3rdoba sellaron su clasificaci\u00f3n en San Pablo. El mercedino Dami\u00e1n Defelippe fue clave en la victoria que deposit\u00f3 al conjunto rosarino entre los ocho mejores del continente.<\/p>\n","protected":false},"author":6,"featured_media":179439,"comment_status":"closed","ping_status":"closed","sticky":false,"template":"","format":"standard","meta":{"footnotes":""},"categories":[5],"tags":[1501,1696,11679],"class_list":["post-179438","post","type-post","status-publish","format-standard","has-post-thumbnail","hentry","category-deportes","tag-copa-libertadores","tag-futbol-amputados","tag-los-guerreros"],"yoast_head":"<!-- This site is optimized with the Yoast SEO plugin v27.5 - https:\/\/yoast.com\/product\/yoast-seo-wordpress\/ -->\n<title>Equipos argentinos avanzan a cuartos de final en la Copa Libertadores de F\u00fatbol Amputados<\/title>\n<meta name=\"robots\" content=\"index, follow, max-snippet:-1, max-image-preview:large, max-video-preview:-1\" \/>\n<link rel=\"canonical\" href=\"https:\/\/noticiasmercedinas.com\/site\/2026\/02\/04\/equipos-argentinos-avanzan-a-cuartos-de-final-en-la-copa-libertadores-de-futbol-amputados\/\" \/>\n<meta property=\"og:locale\" content=\"es_ES\" \/>\n<meta property=\"og:type\" content=\"article\" \/>\n<meta property=\"og:title\" content=\"Equipos argentinos avanzan a cuartos de final en la Copa Libertadores de F\u00fatbol Amputados\" \/>\n<meta property=\"og:description\" content=\"\u25a0 Los Guerreros de Rosario y Los Teros de C\u00f3rdoba sellaron su clasificaci\u00f3n en San Pablo. El mercedino Dami\u00e1n Defelippe fue clave en la victoria que deposit\u00f3 al conjunto rosarino entre los ocho mejores del continente.\" \/>\n<meta property=\"og:url\" content=\"https:\/\/noticiasmercedinas.com\/site\/2026\/02\/04\/equipos-argentinos-avanzan-a-cuartos-de-final-en-la-copa-libertadores-de-futbol-amputados\/\" \/>\n<meta property=\"og:site_name\" content=\"NOTICIASMERCEDINAS.COM\" \/>\n<meta property=\"article:publisher\" content=\"https:\/\/www.facebook.com\/noticiasmercedinas\/\" \/>\n<meta property=\"article:published_time\" content=\"2026-02-04T19:55:05+00:00\" \/>\n<meta property=\"og:image\" content=\"https:\/\/noticiasmercedinas.com\/site\/wp-content\/uploads\/2026\/02\/5d3cfa46-758c-42a0-9b13-33fdcdf59e26.jpg\" \/>\n\t<meta property=\"og:image:width\" content=\"1280\" \/>\n\t<meta property=\"og:image:height\" content=\"853\" \/>\n\t<meta property=\"og:image:type\" content=\"image\/jpeg\" \/>\n<meta name=\"author\" content=\"Juan Dagnino NOTICIASMERCEDINAS.COM\" \/>\n<meta name=\"twitter:card\" content=\"summary_large_image\" \/>\n<meta name=\"twitter:creator\" content=\"@notmercedinas\" \/>\n<meta name=\"twitter:site\" content=\"@notmercedinas\" \/>\n<meta name=\"twitter:label1\" content=\"Escrito por\" \/>\n\t<meta name=\"twitter:data1\" content=\"Juan Dagnino NOTICIASMERCEDINAS.COM\" \/>\n\t<meta name=\"twitter:label2\" content=\"Tiempo de lectura\" \/>\n\t<meta name=\"twitter:data2\" content=\"2 minutos\" \/>\n<script type=\"application\/ld+json\" class=\"yoast-schema-graph\">{\"@context\":\"https:\\\/\\\/schema.org\",\"@graph\":[{\"@type\":\"Article\",\"@id\":\"https:\\\/\\\/noticiasmercedinas.com\\\/site\\\/2026\\\/02\\\/04\\\/equipos-argentinos-avanzan-a-cuartos-de-final-en-la-copa-libertadores-de-futbol-amputados\\\/#article\",\"isPartOf\":{\"@id\":\"https:\\\/\\\/noticiasmercedinas.com\\\/site\\\/2026\\\/02\\\/04\\\/equipos-argentinos-avanzan-a-cuartos-de-final-en-la-copa-libertadores-de-futbol-amputados\\\/\"},\"author\":{\"name\":\"Juan Dagnino NOTICIASMERCEDINAS.COM\",\"@id\":\"https:\\\/\\\/noticiasmercedinas.com\\\/site\\\/#\\\/schema\\\/person\\\/8f2f09d666ef40986eba4a5e6f2a06f9\"},\"headline\":\"Equipos argentinos avanzan a cuartos de final en la Copa Libertadores de F\u00fatbol Amputados\",\"datePublished\":\"2026-02-04T19:55:05+00:00\",\"mainEntityOfPage\":{\"@id\":\"https:\\\/\\\/noticiasmercedinas.com\\\/site\\\/2026\\\/02\\\/04\\\/equipos-argentinos-avanzan-a-cuartos-de-final-en-la-copa-libertadores-de-futbol-amputados\\\/\"},\"wordCount\":282,\"publisher\":{\"@id\":\"https:\\\/\\\/noticiasmercedinas.com\\\/site\\\/#organization\"},\"image\":{\"@id\":\"https:\\\/\\\/noticiasmercedinas.com\\\/site\\\/2026\\\/02\\\/04\\\/equipos-argentinos-avanzan-a-cuartos-de-final-en-la-copa-libertadores-de-futbol-amputados\\\/#primaryimage\"},\"thumbnailUrl\":\"https:\\\/\\\/noticiasmercedinas.com\\\/site\\\/wp-content\\\/uploads\\\/2026\\\/02\\\/5d3cfa46-758c-42a0-9b13-33fdcdf59e26.jpg\",\"keywords\":[\"copa libertadores\",\"f\u00fatbol amputados\",\"los guerreros\"],\"articleSection\":[\"Deportes\"],\"inLanguage\":\"es\"},{\"@type\":\"WebPage\",\"@id\":\"https:\\\/\\\/noticiasmercedinas.com\\\/site\\\/2026\\\/02\\\/04\\\/equipos-argentinos-avanzan-a-cuartos-de-final-en-la-copa-libertadores-de-futbol-amputados\\\/\",\"url\":\"https:\\\/\\\/noticiasmercedinas.com\\\/site\\\/2026\\\/02\\\/04\\\/equipos-argentinos-avanzan-a-cuartos-de-final-en-la-copa-libertadores-de-futbol-amputados\\\/\",\"name\":\"Equipos argentinos avanzan a cuartos de final en la Copa Libertadores de F\u00fatbol Amputados\",\"isPartOf\":{\"@id\":\"https:\\\/\\\/noticiasmercedinas.com\\\/site\\\/#website\"},\"primaryImageOfPage\":{\"@id\":\"https:\\\/\\\/noticiasmercedinas.com\\\/site\\\/2026\\\/02\\\/04\\\/equipos-argentinos-avanzan-a-cuartos-de-final-en-la-copa-libertadores-de-futbol-amputados\\\/#primaryimage\"},\"image\":{\"@id\":\"https:\\\/\\\/noticiasmercedinas.com\\\/site\\\/2026\\\/02\\\/04\\\/equipos-argentinos-avanzan-a-cuartos-de-final-en-la-copa-libertadores-de-futbol-amputados\\\/#primaryimage\"},\"thumbnailUrl\":\"https:\\\/\\\/noticiasmercedinas.com\\\/site\\\/wp-content\\\/uploads\\\/2026\\\/02\\\/5d3cfa46-758c-42a0-9b13-33fdcdf59e26.jpg\",\"datePublished\":\"2026-02-04T19:55:05+00:00\",\"breadcrumb\":{\"@id\":\"https:\\\/\\\/noticiasmercedinas.com\\\/site\\\/2026\\\/02\\\/04\\\/equipos-argentinos-avanzan-a-cuartos-de-final-en-la-copa-libertadores-de-futbol-amputados\\\/#breadcrumb\"},\"inLanguage\":\"es\",\"potentialAction\":[{\"@type\":\"ReadAction\",\"target\":[\"https:\\\/\\\/noticiasmercedinas.com\\\/site\\\/2026\\\/02\\\/04\\\/equipos-argentinos-avanzan-a-cuartos-de-final-en-la-copa-libertadores-de-futbol-amputados\\\/\"]}]},{\"@type\":\"ImageObject\",\"inLanguage\":\"es\",\"@id\":\"https:\\\/\\\/noticiasmercedinas.com\\\/site\\\/2026\\\/02\\\/04\\\/equipos-argentinos-avanzan-a-cuartos-de-final-en-la-copa-libertadores-de-futbol-amputados\\\/#primaryimage\",\"url\":\"https:\\\/\\\/noticiasmercedinas.com\\\/site\\\/wp-content\\\/uploads\\\/2026\\\/02\\\/5d3cfa46-758c-42a0-9b13-33fdcdf59e26.jpg\",\"contentUrl\":\"https:\\\/\\\/noticiasmercedinas.com\\\/site\\\/wp-content\\\/uploads\\\/2026\\\/02\\\/5d3cfa46-758c-42a0-9b13-33fdcdf59e26.jpg\",\"width\":1280,\"height\":853},{\"@type\":\"BreadcrumbList\",\"@id\":\"https:\\\/\\\/noticiasmercedinas.com\\\/site\\\/2026\\\/02\\\/04\\\/equipos-argentinos-avanzan-a-cuartos-de-final-en-la-copa-libertadores-de-futbol-amputados\\\/#breadcrumb\",\"itemListElement\":[{\"@type\":\"ListItem\",\"position\":1,\"name\":\"Portada\",\"item\":\"https:\\\/\\\/noticiasmercedinas.com\\\/site\\\/\"},{\"@type\":\"ListItem\",\"position\":2,\"name\":\"Equipos argentinos avanzan a cuartos de final en la Copa Libertadores de F\u00fatbol Amputados\"}]},{\"@type\":\"WebSite\",\"@id\":\"https:\\\/\\\/noticiasmercedinas.com\\\/site\\\/#website\",\"url\":\"https:\\\/\\\/noticiasmercedinas.com\\\/site\\\/\",\"name\":\"NOTICIASMERCEDINAS.COM\",\"description\":\"Mercedes, Buenos Aires, Argentina\",\"publisher\":{\"@id\":\"https:\\\/\\\/noticiasmercedinas.com\\\/site\\\/#organization\"},\"potentialAction\":[{\"@type\":\"SearchAction\",\"target\":{\"@type\":\"EntryPoint\",\"urlTemplate\":\"https:\\\/\\\/noticiasmercedinas.com\\\/site\\\/?s={search_term_string}\"},\"query-input\":{\"@type\":\"PropertyValueSpecification\",\"valueRequired\":true,\"valueName\":\"search_term_string\"}}],\"inLanguage\":\"es\"},{\"@type\":\"Organization\",\"@id\":\"https:\\\/\\\/noticiasmercedinas.com\\\/site\\\/#organization\",\"name\":\"NOTICIASMERCEDINAS.COM\",\"url\":\"https:\\\/\\\/noticiasmercedinas.com\\\/site\\\/\",\"logo\":{\"@type\":\"ImageObject\",\"inLanguage\":\"es\",\"@id\":\"https:\\\/\\\/noticiasmercedinas.com\\\/site\\\/#\\\/schema\\\/logo\\\/image\\\/\",\"url\":\"https:\\\/\\\/noticiasmercedinas.com\\\/site\\\/wp-content\\\/uploads\\\/2020\\\/06\\\/LOGO-512.jpg\",\"contentUrl\":\"https:\\\/\\\/noticiasmercedinas.com\\\/site\\\/wp-content\\\/uploads\\\/2020\\\/06\\\/LOGO-512.jpg\",\"width\":512,\"height\":512,\"caption\":\"NOTICIASMERCEDINAS.COM\"},\"image\":{\"@id\":\"https:\\\/\\\/noticiasmercedinas.com\\\/site\\\/#\\\/schema\\\/logo\\\/image\\\/\"},\"sameAs\":[\"https:\\\/\\\/www.facebook.com\\\/noticiasmercedinas\\\/\",\"https:\\\/\\\/x.com\\\/notmercedinas\",\"https:\\\/\\\/www.instagram.com\\\/noticiasmercedinas\\\/\"]},{\"@type\":\"Person\",\"@id\":\"https:\\\/\\\/noticiasmercedinas.com\\\/site\\\/#\\\/schema\\\/person\\\/8f2f09d666ef40986eba4a5e6f2a06f9\",\"name\":\"Juan Dagnino NOTICIASMERCEDINAS.COM\",\"image\":{\"@type\":\"ImageObject\",\"inLanguage\":\"es\",\"@id\":\"https:\\\/\\\/secure.gravatar.com\\\/avatar\\\/fc7059a769f5a3cae65fadb228a3e4accf3a64b4b2305020d0a27e6d5333c91b?s=96&d=mm&r=g\",\"url\":\"https:\\\/\\\/secure.gravatar.com\\\/avatar\\\/fc7059a769f5a3cae65fadb228a3e4accf3a64b4b2305020d0a27e6d5333c91b?s=96&d=mm&r=g\",\"contentUrl\":\"https:\\\/\\\/secure.gravatar.com\\\/avatar\\\/fc7059a769f5a3cae65fadb228a3e4accf3a64b4b2305020d0a27e6d5333c91b?s=96&d=mm&r=g\",\"caption\":\"Juan Dagnino NOTICIASMERCEDINAS.COM\"},\"url\":\"https:\\\/\\\/noticiasmercedinas.com\\\/site\\\/author\\\/juandagnino\\\/\"}]}<\/script>\n<!-- \/ Yoast SEO plugin. -->","yoast_head_json":{"title":"Equipos argentinos avanzan a cuartos de final en la Copa Libertadores de F\u00fatbol Amputados","robots":{"index":"index","follow":"follow","max-snippet":"max-snippet:-1","max-image-preview":"max-image-preview:large","max-video-preview":"max-video-preview:-1"},"canonical":"https:\/\/noticiasmercedinas.com\/site\/2026\/02\/04\/equipos-argentinos-avanzan-a-cuartos-de-final-en-la-copa-libertadores-de-futbol-amputados\/","og_locale":"es_ES","og_type":"article","og_title":"Equipos argentinos avanzan a cuartos de final en la Copa Libertadores de F\u00fatbol Amputados","og_description":"\u25a0 Los Guerreros de Rosario y Los Teros de C\u00f3rdoba sellaron su clasificaci\u00f3n en San Pablo. El mercedino Dami\u00e1n Defelippe fue clave en la victoria que deposit\u00f3 al conjunto rosarino entre los ocho mejores del continente.","og_url":"https:\/\/noticiasmercedinas.com\/site\/2026\/02\/04\/equipos-argentinos-avanzan-a-cuartos-de-final-en-la-copa-libertadores-de-futbol-amputados\/","og_site_name":"NOTICIASMERCEDINAS.COM","article_publisher":"https:\/\/www.facebook.com\/noticiasmercedinas\/","article_published_time":"2026-02-04T19:55:05+00:00","og_image":[{"width":1280,"height":853,"url":"https:\/\/noticiasmercedinas.com\/site\/wp-content\/uploads\/2026\/02\/5d3cfa46-758c-42a0-9b13-33fdcdf59e26.jpg","type":"image\/jpeg"}],"author":"Juan Dagnino NOTICIASMERCEDINAS.COM","twitter_card":"summary_large_image","twitter_creator":"@notmercedinas","twitter_site":"@notmercedinas","twitter_misc":{"Escrito por":"Juan Dagnino NOTICIASMERCEDINAS.COM","Tiempo de lectura":"2 minutos"},"schema":{"@context":"https:\/\/schema.org","@graph":[{"@type":"Article","@id":"https:\/\/noticiasmercedinas.com\/site\/2026\/02\/04\/equipos-argentinos-avanzan-a-cuartos-de-final-en-la-copa-libertadores-de-futbol-amputados\/#article","isPartOf":{"@id":"https:\/\/noticiasmercedinas.com\/site\/2026\/02\/04\/equipos-argentinos-avanzan-a-cuartos-de-final-en-la-copa-libertadores-de-futbol-amputados\/"},"author":{"name":"Juan Dagnino NOTICIASMERCEDINAS.COM","@id":"https:\/\/noticiasmercedinas.com\/site\/#\/schema\/person\/8f2f09d666ef40986eba4a5e6f2a06f9"},"headline":"Equipos argentinos avanzan a cuartos de final en la Copa Libertadores de F\u00fatbol Amputados","datePublished":"2026-02-04T19:55:05+00:00","mainEntityOfPage":{"@id":"https:\/\/noticiasmercedinas.com\/site\/2026\/02\/04\/equipos-argentinos-avanzan-a-cuartos-de-final-en-la-copa-libertadores-de-futbol-amputados\/"},"wordCount":282,"publisher":{"@id":"https:\/\/noticiasmercedinas.com\/site\/#organization"},"image":{"@id":"https:\/\/noticiasmercedinas.com\/site\/2026\/02\/04\/equipos-argentinos-avanzan-a-cuartos-de-final-en-la-copa-libertadores-de-futbol-amputados\/#primaryimage"},"thumbnailUrl":"https:\/\/noticiasmercedinas.com\/site\/wp-content\/uploads\/2026\/02\/5d3cfa46-758c-42a0-9b13-33fdcdf59e26.jpg","keywords":["copa libertadores","f\u00fatbol amputados","los guerreros"],"articleSection":["Deportes"],"inLanguage":"es"},{"@type":"WebPage","@id":"https:\/\/noticiasmercedinas.com\/site\/2026\/02\/04\/equipos-argentinos-avanzan-a-cuartos-de-final-en-la-copa-libertadores-de-futbol-amputados\/","url":"https:\/\/noticiasmercedinas.com\/site\/2026\/02\/04\/equipos-argentinos-avanzan-a-cuartos-de-final-en-la-copa-libertadores-de-futbol-amputados\/","name":"Equipos argentinos avanzan a cuartos de final en la Copa Libertadores de F\u00fatbol Amputados","isPartOf":{"@id":"https:\/\/noticiasmercedinas.com\/site\/#website"},"primaryImageOfPage":{"@id":"https:\/\/noticiasmercedinas.com\/site\/2026\/02\/04\/equipos-argentinos-avanzan-a-cuartos-de-final-en-la-copa-libertadores-de-futbol-amputados\/#primaryimage"},"image":{"@id":"https:\/\/noticiasmercedinas.com\/site\/2026\/02\/04\/equipos-argentinos-avanzan-a-cuartos-de-final-en-la-copa-libertadores-de-futbol-amputados\/#primaryimage"},"thumbnailUrl":"https:\/\/noticiasmercedinas.com\/site\/wp-content\/uploads\/2026\/02\/5d3cfa46-758c-42a0-9b13-33fdcdf59e26.jpg","datePublished":"2026-02-04T19:55:05+00:00","breadcrumb":{"@id":"https:\/\/noticiasmercedinas.com\/site\/2026\/02\/04\/equipos-argentinos-avanzan-a-cuartos-de-final-en-la-copa-libertadores-de-futbol-amputados\/#breadcrumb"},"inLanguage":"es","potentialAction":[{"@type":"ReadAction","target":["https:\/\/noticiasmercedinas.com\/site\/2026\/02\/04\/equipos-argentinos-avanzan-a-cuartos-de-final-en-la-copa-libertadores-de-futbol-amputados\/"]}]},{"@type":"ImageObject","inLanguage":"es","@id":"https:\/\/noticiasmercedinas.com\/site\/2026\/02\/04\/equipos-argentinos-avanzan-a-cuartos-de-final-en-la-copa-libertadores-de-futbol-amputados\/#primaryimage","url":"https:\/\/noticiasmercedinas.com\/site\/wp-content\/uploads\/2026\/02\/5d3cfa46-758c-42a0-9b13-33fdcdf59e26.jpg","contentUrl":"https:\/\/noticiasmercedinas.com\/site\/wp-content\/uploads\/2026\/02\/5d3cfa46-758c-42a0-9b13-33fdcdf59e26.jpg","width":1280,"height":853},{"@type":"BreadcrumbList","@id":"https:\/\/noticiasmercedinas.com\/site\/2026\/02\/04\/equipos-argentinos-avanzan-a-cuartos-de-final-en-la-copa-libertadores-de-futbol-amputados\/#breadcrumb","itemListElement":[{"@type":"ListItem","position":1,"name":"Portada","item":"https:\/\/noticiasmercedinas.com\/site\/"},{"@type":"ListItem","position":2,"name":"Equipos argentinos avanzan a cuartos de final en la Copa Libertadores de F\u00fatbol Amputados"}]},{"@type":"WebSite","@id":"https:\/\/noticiasmercedinas.com\/site\/#website","url":"https:\/\/noticiasmercedinas.com\/site\/","name":"NOTICIASMERCEDINAS.COM","description":"Mercedes, Buenos Aires, Argentina","publisher":{"@id":"https:\/\/noticiasmercedinas.com\/site\/#organization"},"potentialAction":[{"@type":"SearchAction","target":{"@type":"EntryPoint","urlTemplate":"https:\/\/noticiasmercedinas.com\/site\/?s={search_term_string}"},"query-input":{"@type":"PropertyValueSpecification","valueRequired":true,"valueName":"search_term_string"}}],"inLanguage":"es"},{"@type":"Organization","@id":"https:\/\/noticiasmercedinas.com\/site\/#organization","name":"NOTICIASMERCEDINAS.COM","url":"https:\/\/noticiasmercedinas.com\/site\/","logo":{"@type":"ImageObject","inLanguage":"es","@id":"https:\/\/noticiasmercedinas.com\/site\/#\/schema\/logo\/image\/","url":"https:\/\/noticiasmercedinas.com\/site\/wp-content\/uploads\/2020\/06\/LOGO-512.jpg","contentUrl":"https:\/\/noticiasmercedinas.com\/site\/wp-content\/uploads\/2020\/06\/LOGO-512.jpg","width":512,"height":512,"caption":"NOTICIASMERCEDINAS.COM"},"image":{"@id":"https:\/\/noticiasmercedinas.com\/site\/#\/schema\/logo\/image\/"},"sameAs":["https:\/\/www.facebook.com\/noticiasmercedinas\/","https:\/\/x.com\/notmercedinas","https:\/\/www.instagram.com\/noticiasmercedinas\/"]},{"@type":"Person","@id":"https:\/\/noticiasmercedinas.com\/site\/#\/schema\/person\/8f2f09d666ef40986eba4a5e6f2a06f9","name":"Juan Dagnino NOTICIASMERCEDINAS.COM","image":{"@type":"ImageObject","inLanguage":"es","@id":"https:\/\/secure.gravatar.com\/avatar\/fc7059a769f5a3cae65fadb228a3e4accf3a64b4b2305020d0a27e6d5333c91b?s=96&d=mm&r=g","url":"https:\/\/secure.gravatar.com\/avatar\/fc7059a769f5a3cae65fadb228a3e4accf3a64b4b2305020d0a27e6d5333c91b?s=96&d=mm&r=g","contentUrl":"https:\/\/secure.gravatar.com\/avatar\/fc7059a769f5a3cae65fadb228a3e4accf3a64b4b2305020d0a27e6d5333c91b?s=96&d=mm&r=g","caption":"Juan Dagnino NOTICIASMERCEDINAS.COM"},"url":"https:\/\/noticiasmercedinas.com\/site\/author\/juandagnino\/"}]}},"amp_enabled":true,"_links":{"self":[{"href":"https:\/\/noticiasmercedinas.com\/site\/wp-json\/wp\/v2\/posts\/179438","targetHints":{"allow":["GET"]}}],"collection":[{"href":"https:\/\/noticiasmercedinas.com\/site\/wp-json\/wp\/v2\/posts"}],"about":[{"href":"https:\/\/noticiasmercedinas.com\/site\/wp-json\/wp\/v2\/types\/post"}],"author":[{"embeddable":true,"href":"https:\/\/noticiasmercedinas.com\/site\/wp-json\/wp\/v2\/users\/6"}],"replies":[{"embeddable":true,"href":"https:\/\/noticiasmercedinas.com\/site\/wp-json\/wp\/v2\/comments?post=179438"}],"version-history":[{"count":1,"href":"https:\/\/noticiasmercedinas.com\/site\/wp-json\/wp\/v2\/posts\/179438\/revisions"}],"predecessor-version":[{"id":179441,"href":"https:\/\/noticiasmercedinas.com\/site\/wp-json\/wp\/v2\/posts\/179438\/revisions\/179441"}],"wp:featuredmedia":[{"embeddable":true,"href":"https:\/\/noticiasmercedinas.com\/site\/wp-json\/wp\/v2\/media\/179439"}],"wp:attachment":[{"href":"https:\/\/noticiasmercedinas.com\/site\/wp-json\/wp\/v2\/media?parent=179438"}],"wp:term":[{"taxonomy":"category","embeddable":true,"href":"https:\/\/noticiasmercedinas.com\/site\/wp-json\/wp\/v2\/categories?post=179438"},{"taxonomy":"post_tag","embeddable":true,"href":"https:\/\/noticiasmercedinas.com\/site\/wp-json\/wp\/v2\/tags?post=179438"}],"curies":[{"name":"wp","href":"https:\/\/api.w.org\/{rel}","templated":true}]}}