{"id":179472,"date":"2026-02-05T10:18:07","date_gmt":"2026-02-05T13:18:07","guid":{"rendered":"https:\/\/noticiasmercedinas.com\/site\/?p=179472"},"modified":"2026-02-05T13:44:19","modified_gmt":"2026-02-05T16:44:19","slug":"maniobras-peligrosas-lo-pusieron-en-la-mira-detenido-motociclista-tras-seguimiento-por-camaras-de-seguridad","status":"publish","type":"post","link":"https:\/\/noticiasmercedinas.com\/site\/2026\/02\/05\/maniobras-peligrosas-lo-pusieron-en-la-mira-detenido-motociclista-tras-seguimiento-por-camaras-de-seguridad\/","title":{"rendered":"Maniobras peligrosas lo pusieron en la mira: detenido motociclista tras seguimiento por c\u00e1maras de seguridad"},"content":{"rendered":"<p data-path-to-node=\"5\"><img loading=\"lazy\" decoding=\"async\" class=\"alignnone size-full wp-image-179473\" src=\"https:\/\/noticiasmercedinas.com\/site\/wp-content\/uploads\/2026\/02\/COPIAR.jpg\" alt=\"\" width=\"916\" height=\"519\" srcset=\"https:\/\/noticiasmercedinas.com\/site\/wp-content\/uploads\/2026\/02\/COPIAR.jpg 916w, https:\/\/noticiasmercedinas.com\/site\/wp-content\/uploads\/2026\/02\/COPIAR-300x170.jpg 300w, https:\/\/noticiasmercedinas.com\/site\/wp-content\/uploads\/2026\/02\/COPIAR-768x435.jpg 768w, https:\/\/noticiasmercedinas.com\/site\/wp-content\/uploads\/2026\/02\/COPIAR-640x363.jpg 640w, https:\/\/noticiasmercedinas.com\/site\/wp-content\/uploads\/2026\/02\/COPIAR-681x386.jpg 681w\" sizes=\"auto, (max-width: 916px) 100vw, 916px\" \/><\/p>\n<p data-path-to-node=\"5\">Se pis\u00f3 su propia cola ya que sus maniobras peligrosas reiteradas lo pusieron en foco y en la mira del \u00e1rea de Seguridad del municipio, que lo termin\u00f3 denunciando e investigando y constat\u00f3 que la moto que usaba para hacer estas \u00abpiruetas\u00bb (giros, patinadas, willies, sobre todo en la calle 42) era robada.<\/p>\n<p data-path-to-node=\"5\">Un motociclista fue aprehendido en las \u00faltimas horas tras una investigaci\u00f3n que combin\u00f3 tecnolog\u00eda de vigilancia urbana y acci\u00f3n judicial inmediata.<\/p>\n<p data-path-to-node=\"5\">El hecho se desencaden\u00f3 cuando operadores del <b data-path-to-node=\"5\" data-index-in-node=\"207\">Centro de Monitoreo Municipal<\/b> detectaron al sujeto realizando maniobras peligrosas en la intersecci\u00f3n de las <b data-path-to-node=\"5\" data-index-in-node=\"316\">calles 42 y 25<\/b>, poniendo en riesgo concreto la integridad de terceros.<\/p>\n<blockquote>\n<p data-path-to-node=\"5\">Tras un allanamiento, se descubri\u00f3 que el veh\u00edculo ten\u00eda pedido de captura por un hurto en la Ciudad de Buenos Aires en 2025<\/p>\n<\/blockquote>\n<p data-path-to-node=\"6\">Gracias al rastreo t\u00e9cnico de las c\u00e1maras, se logr\u00f3 individualizar al conductor y realizar un seguimiento que permiti\u00f3 a la justicia intervenir con precisi\u00f3n.<\/p>\n<p data-path-to-node=\"8\">Ante la peligrosidad de las acciones registradas, el secretario de Seguridad, <b data-path-to-node=\"8\" data-index-in-node=\"78\">Mat\u00edas Maresca<\/b>, radic\u00f3 una denuncia penal ante la <b data-path-to-node=\"8\" data-index-in-node=\"128\">UFI N\u00b0 2 del Departamento Judicial Mercedes<\/b>. En la presentaci\u00f3n se aportaron las pruebas f\u00edlmicas y se solicitaron medidas urgentes ante la grave vulneraci\u00f3n de la seguridad vial.<\/p>\n<blockquote class=\"instagram-media\" style=\"background: #FFF; border: 0; border-radius: 3px; box-shadow: 0 0 1px 0 rgba(0,0,0,0.5),0 1px 10px 0 rgba(0,0,0,0.15); margin: 1px; max-width: 640px; min-width: 326px; padding: 0; width: calc(100% - 2px);\" data-instgrm-permalink=\"https:\/\/www.instagram.com\/reel\/DUYLBsxjZBa\/?utm_source=ig_embed&amp;utm_campaign=loading\" data-instgrm-version=\"14\">\n<div style=\"padding: 16px;\">\n<p>&nbsp;<\/p>\n<div style=\"display: flex; flex-direction: row; align-items: center;\">\n<div style=\"background-color: #f4f4f4; border-radius: 50%; flex-grow: 0; height: 40px; margin-right: 14px; width: 40px;\"><\/div>\n<div style=\"display: flex; flex-direction: column; flex-grow: 1; justify-content: center;\">\n<div style=\"background-color: #f4f4f4; border-radius: 4px; flex-grow: 0; height: 14px; margin-bottom: 6px; width: 100px;\"><\/div>\n<div style=\"background-color: #f4f4f4; border-radius: 4px; flex-grow: 0; height: 14px; width: 60px;\"><\/div>\n<\/div>\n<\/div>\n<div style=\"padding: 19% 0;\"><\/div>\n<div style=\"display: block; height: 50px; margin: 0 auto 12px; width: 50px;\"><\/div>\n<div style=\"padding-top: 8px;\">\n<div style=\"color: #3897f0; font-family: Arial,sans-serif; font-size: 14px; font-style: normal; font-weight: 550; line-height: 18px;\">Ver esta publicaci\u00f3n en Instagram<\/div>\n<\/div>\n<div style=\"padding: 12.5% 0;\"><\/div>\n<div style=\"display: flex; flex-direction: row; margin-bottom: 14px; align-items: center;\">\n<div>\n<div style=\"background-color: #f4f4f4; border-radius: 50%; height: 12.5px; width: 12.5px; transform: translateX(0px) translateY(7px);\"><\/div>\n<div style=\"background-color: #f4f4f4; height: 12.5px; transform: rotate(-45deg) translateX(3px) translateY(1px); width: 12.5px; flex-grow: 0; margin-right: 14px; margin-left: 2px;\"><\/div>\n<div style=\"background-color: #f4f4f4; border-radius: 50%; height: 12.5px; width: 12.5px; transform: translateX(9px) translateY(-18px);\"><\/div>\n<\/div>\n<div style=\"margin-left: 8px;\">\n<div style=\"background-color: #f4f4f4; border-radius: 50%; flex-grow: 0; height: 20px; width: 20px;\"><\/div>\n<div style=\"width: 0; height: 0; border-top: 2px solid transparent; border-left: 6px solid #f4f4f4; border-bottom: 2px solid transparent; transform: translateX(16px) translateY(-4px) rotate(30deg);\"><\/div>\n<\/div>\n<div style=\"margin-left: auto;\">\n<div style=\"width: 0px; border-top: 8px solid #F4F4F4; border-right: 8px solid transparent; transform: translateY(16px);\"><\/div>\n<div style=\"background-color: #f4f4f4; flex-grow: 0; height: 12px; width: 16px; transform: translateY(-4px);\"><\/div>\n<div style=\"width: 0; height: 0; border-top: 8px solid #F4F4F4; border-left: 8px solid transparent; transform: translateY(-4px) translateX(8px);\"><\/div>\n<\/div>\n<\/div>\n<div style=\"display: flex; flex-direction: column; flex-grow: 1; justify-content: center; margin-bottom: 24px;\">\n<div style=\"background-color: #f4f4f4; border-radius: 4px; flex-grow: 0; height: 14px; margin-bottom: 6px; width: 224px;\"><\/div>\n<div style=\"background-color: #f4f4f4; border-radius: 4px; flex-grow: 0; height: 14px; width: 144px;\"><\/div>\n<\/div>\n<p>&nbsp;<\/p>\n<p style=\"color: #c9c8cd; font-family: Arial,sans-serif; font-size: 14px; line-height: 17px; margin-bottom: 0; margin-top: 8px; overflow: hidden; padding: 8px 0 7px; text-align: center; text-overflow: ellipsis; white-space: nowrap;\"><a style=\"color: #c9c8cd; font-family: Arial,sans-serif; font-size: 14px; font-style: normal; font-weight: normal; line-height: 17px; text-decoration: none;\" href=\"https:\/\/www.instagram.com\/reel\/DUYLBsxjZBa\/?utm_source=ig_embed&amp;utm_campaign=loading\" target=\"_blank\" rel=\"noopener\">Una publicaci\u00f3n compartida por noticiasmercedinas.com (@noticiasmercedinas)<\/a><\/p>\n<\/div>\n<\/blockquote>\n<p><script async src=\"\/\/www.instagram.com\/embed.js\"><\/script><\/p>\n<p data-path-to-node=\"9\">En el marco de la Investigaci\u00f3n Penal Preparatoria (IPP), la Justicia orden\u00f3 un <b data-path-to-node=\"9\" data-index-in-node=\"80\">allanamiento<\/b> que culmin\u00f3 con el secuestro del motoveh\u00edculo. Durante el operativo, el personal policial constat\u00f3 que la unidad pose\u00eda un <b data-path-to-node=\"9\" data-index-in-node=\"216\">pedido de secuestro activo<\/b> por el delito de hurto, radicado en la Ciudad Aut\u00f3noma de Buenos Aires en mayo de 2025.<\/p>\n<p data-path-to-node=\"11\">El conductor enfrenta ahora una causa judicial por dos delitos concurrentes:<\/p>\n<p data-path-to-node=\"12,0,0\"><b data-path-to-node=\"12,0,0\" data-index-in-node=\"0\">Prueba de velocidad o destreza de veh\u00edculo con motor<\/b> (Art. 193 bis del C\u00f3digo Penal).<\/p>\n<p data-path-to-node=\"12,1,0\"><b data-path-to-node=\"12,1,0\" data-index-in-node=\"0\">Encubrimiento<\/b>.<\/p>\n<p data-path-to-node=\"13\">Desde el \u00e1rea de Seguridad informaron que este no ser\u00eda el \u00fanico caso bajo la lupa. Actualmente, existen m\u00e1s registros f\u00edlmicos y denuncias en curso por hechos de similares caracter\u00edsticas, los cuales se encuentran en etapa de investigaci\u00f3n a la espera de nuevas \u00f3rdenes judiciales de allanamiento y detenci\u00f3n.<\/p>\n","protected":false},"excerpt":{"rendered":"<p>\u25a0\u00a0El conductor fue identificado por el Centro de Monitoreo Municipal mientras pon\u00eda en riesgo la seguridad vial. Tras un allanamiento, se descubri\u00f3 que el veh\u00edculo ten\u00eda pedido de captura por un hurto cometido en CABA el a\u00f1o pasado.<\/p>\n","protected":false},"author":16,"featured_media":179473,"comment_status":"closed","ping_status":"closed","sticky":false,"template":"","format":"standard","meta":{"footnotes":""},"categories":[7],"tags":[2166,13120,47],"class_list":["post-179472","post","type-post","status-publish","format-standard","has-post-thumbnail","hentry","category-policiales","tag-moto","tag-operativo","tag-seguridad"],"yoast_head":"<!-- This site is optimized with the Yoast SEO plugin v27.5 - https:\/\/yoast.com\/product\/yoast-seo-wordpress\/ -->\n<title>Maniobras peligrosas lo pusieron en la mira: detenido motociclista tras seguimiento por c\u00e1maras de seguridad<\/title>\n<meta name=\"description\" content=\"\u25a0\u00a0El conductor fue identificado por el Centro de Monitoreo Municipal mientras pon\u00eda en riesgo la seguridad vial. Tras un allanamiento, se descubri\u00f3 que el veh\u00edculo ten\u00eda pedido de captura por un hurto cometido en CABA el a\u00f1o pasado.\" \/>\n<meta name=\"robots\" content=\"index, follow, max-snippet:-1, max-image-preview:large, max-video-preview:-1\" \/>\n<link rel=\"canonical\" href=\"https:\/\/noticiasmercedinas.com\/site\/2026\/02\/05\/maniobras-peligrosas-lo-pusieron-en-la-mira-detenido-motociclista-tras-seguimiento-por-camaras-de-seguridad\/\" \/>\n<meta property=\"og:locale\" content=\"es_ES\" \/>\n<meta property=\"og:type\" content=\"article\" \/>\n<meta property=\"og:title\" content=\"Maniobras peligrosas lo pusieron en la mira: detenido motociclista tras seguimiento por c\u00e1maras de seguridad\" \/>\n<meta property=\"og:description\" content=\"\u25a0\u00a0El conductor fue identificado por el Centro de Monitoreo Municipal mientras pon\u00eda en riesgo la seguridad vial. Tras un allanamiento, se descubri\u00f3 que el veh\u00edculo ten\u00eda pedido de captura por un hurto cometido en CABA el a\u00f1o pasado.\" \/>\n<meta property=\"og:url\" content=\"https:\/\/noticiasmercedinas.com\/site\/2026\/02\/05\/maniobras-peligrosas-lo-pusieron-en-la-mira-detenido-motociclista-tras-seguimiento-por-camaras-de-seguridad\/\" \/>\n<meta property=\"og:site_name\" content=\"NOTICIASMERCEDINAS.COM\" \/>\n<meta property=\"article:publisher\" content=\"https:\/\/www.facebook.com\/noticiasmercedinas\/\" \/>\n<meta property=\"article:published_time\" content=\"2026-02-05T13:18:07+00:00\" \/>\n<meta property=\"article:modified_time\" content=\"2026-02-05T16:44:19+00:00\" \/>\n<meta property=\"og:image\" content=\"https:\/\/noticiasmercedinas.com\/site\/wp-content\/uploads\/2026\/02\/COPIAR.jpg\" \/>\n\t<meta property=\"og:image:width\" content=\"916\" \/>\n\t<meta property=\"og:image:height\" content=\"519\" \/>\n\t<meta property=\"og:image:type\" content=\"image\/jpeg\" \/>\n<meta name=\"author\" content=\"NOTICIASMERCEDINAS.COM\" \/>\n<meta name=\"twitter:card\" content=\"summary_large_image\" \/>\n<meta name=\"twitter:creator\" content=\"@notmercedinas\" \/>\n<meta name=\"twitter:site\" content=\"@notmercedinas\" \/>\n<meta name=\"twitter:label1\" content=\"Escrito por\" \/>\n\t<meta name=\"twitter:data1\" content=\"NOTICIASMERCEDINAS.COM\" \/>\n\t<meta name=\"twitter:label2\" content=\"Tiempo de lectura\" \/>\n\t<meta name=\"twitter:data2\" content=\"2 minutos\" \/>\n<script type=\"application\/ld+json\" class=\"yoast-schema-graph\">{\"@context\":\"https:\\\/\\\/schema.org\",\"@graph\":[{\"@type\":\"Article\",\"@id\":\"https:\\\/\\\/noticiasmercedinas.com\\\/site\\\/2026\\\/02\\\/05\\\/maniobras-peligrosas-lo-pusieron-en-la-mira-detenido-motociclista-tras-seguimiento-por-camaras-de-seguridad\\\/#article\",\"isPartOf\":{\"@id\":\"https:\\\/\\\/noticiasmercedinas.com\\\/site\\\/2026\\\/02\\\/05\\\/maniobras-peligrosas-lo-pusieron-en-la-mira-detenido-motociclista-tras-seguimiento-por-camaras-de-seguridad\\\/\"},\"author\":{\"name\":\"NOTICIASMERCEDINAS.COM\",\"@id\":\"https:\\\/\\\/noticiasmercedinas.com\\\/site\\\/#\\\/schema\\\/person\\\/84b59c099c28ff2e8b77d4ceec5d8063\"},\"headline\":\"Maniobras peligrosas lo pusieron en la mira: detenido motociclista tras seguimiento por c\u00e1maras de seguridad\",\"datePublished\":\"2026-02-05T13:18:07+00:00\",\"dateModified\":\"2026-02-05T16:44:19+00:00\",\"mainEntityOfPage\":{\"@id\":\"https:\\\/\\\/noticiasmercedinas.com\\\/site\\\/2026\\\/02\\\/05\\\/maniobras-peligrosas-lo-pusieron-en-la-mira-detenido-motociclista-tras-seguimiento-por-camaras-de-seguridad\\\/\"},\"wordCount\":382,\"publisher\":{\"@id\":\"https:\\\/\\\/noticiasmercedinas.com\\\/site\\\/#organization\"},\"image\":{\"@id\":\"https:\\\/\\\/noticiasmercedinas.com\\\/site\\\/2026\\\/02\\\/05\\\/maniobras-peligrosas-lo-pusieron-en-la-mira-detenido-motociclista-tras-seguimiento-por-camaras-de-seguridad\\\/#primaryimage\"},\"thumbnailUrl\":\"https:\\\/\\\/noticiasmercedinas.com\\\/site\\\/wp-content\\\/uploads\\\/2026\\\/02\\\/COPIAR.jpg\",\"keywords\":[\"moto\",\"operativo\",\"seguridad\"],\"articleSection\":[\"Seguridad\"],\"inLanguage\":\"es\"},{\"@type\":\"WebPage\",\"@id\":\"https:\\\/\\\/noticiasmercedinas.com\\\/site\\\/2026\\\/02\\\/05\\\/maniobras-peligrosas-lo-pusieron-en-la-mira-detenido-motociclista-tras-seguimiento-por-camaras-de-seguridad\\\/\",\"url\":\"https:\\\/\\\/noticiasmercedinas.com\\\/site\\\/2026\\\/02\\\/05\\\/maniobras-peligrosas-lo-pusieron-en-la-mira-detenido-motociclista-tras-seguimiento-por-camaras-de-seguridad\\\/\",\"name\":\"Maniobras peligrosas lo pusieron en la mira: detenido motociclista tras seguimiento por c\u00e1maras de seguridad\",\"isPartOf\":{\"@id\":\"https:\\\/\\\/noticiasmercedinas.com\\\/site\\\/#website\"},\"primaryImageOfPage\":{\"@id\":\"https:\\\/\\\/noticiasmercedinas.com\\\/site\\\/2026\\\/02\\\/05\\\/maniobras-peligrosas-lo-pusieron-en-la-mira-detenido-motociclista-tras-seguimiento-por-camaras-de-seguridad\\\/#primaryimage\"},\"image\":{\"@id\":\"https:\\\/\\\/noticiasmercedinas.com\\\/site\\\/2026\\\/02\\\/05\\\/maniobras-peligrosas-lo-pusieron-en-la-mira-detenido-motociclista-tras-seguimiento-por-camaras-de-seguridad\\\/#primaryimage\"},\"thumbnailUrl\":\"https:\\\/\\\/noticiasmercedinas.com\\\/site\\\/wp-content\\\/uploads\\\/2026\\\/02\\\/COPIAR.jpg\",\"datePublished\":\"2026-02-05T13:18:07+00:00\",\"dateModified\":\"2026-02-05T16:44:19+00:00\",\"description\":\"\u25a0\u00a0El conductor fue identificado por el Centro de Monitoreo Municipal mientras pon\u00eda en riesgo la seguridad vial. Tras un allanamiento, se descubri\u00f3 que el veh\u00edculo ten\u00eda pedido de captura por un hurto cometido en CABA el a\u00f1o pasado.\",\"breadcrumb\":{\"@id\":\"https:\\\/\\\/noticiasmercedinas.com\\\/site\\\/2026\\\/02\\\/05\\\/maniobras-peligrosas-lo-pusieron-en-la-mira-detenido-motociclista-tras-seguimiento-por-camaras-de-seguridad\\\/#breadcrumb\"},\"inLanguage\":\"es\",\"potentialAction\":[{\"@type\":\"ReadAction\",\"target\":[\"https:\\\/\\\/noticiasmercedinas.com\\\/site\\\/2026\\\/02\\\/05\\\/maniobras-peligrosas-lo-pusieron-en-la-mira-detenido-motociclista-tras-seguimiento-por-camaras-de-seguridad\\\/\"]}]},{\"@type\":\"ImageObject\",\"inLanguage\":\"es\",\"@id\":\"https:\\\/\\\/noticiasmercedinas.com\\\/site\\\/2026\\\/02\\\/05\\\/maniobras-peligrosas-lo-pusieron-en-la-mira-detenido-motociclista-tras-seguimiento-por-camaras-de-seguridad\\\/#primaryimage\",\"url\":\"https:\\\/\\\/noticiasmercedinas.com\\\/site\\\/wp-content\\\/uploads\\\/2026\\\/02\\\/COPIAR.jpg\",\"contentUrl\":\"https:\\\/\\\/noticiasmercedinas.com\\\/site\\\/wp-content\\\/uploads\\\/2026\\\/02\\\/COPIAR.jpg\",\"width\":916,\"height\":519},{\"@type\":\"BreadcrumbList\",\"@id\":\"https:\\\/\\\/noticiasmercedinas.com\\\/site\\\/2026\\\/02\\\/05\\\/maniobras-peligrosas-lo-pusieron-en-la-mira-detenido-motociclista-tras-seguimiento-por-camaras-de-seguridad\\\/#breadcrumb\",\"itemListElement\":[{\"@type\":\"ListItem\",\"position\":1,\"name\":\"Portada\",\"item\":\"https:\\\/\\\/noticiasmercedinas.com\\\/site\\\/\"},{\"@type\":\"ListItem\",\"position\":2,\"name\":\"Maniobras peligrosas lo pusieron en la mira: detenido motociclista tras seguimiento por c\u00e1maras de seguridad\"}]},{\"@type\":\"WebSite\",\"@id\":\"https:\\\/\\\/noticiasmercedinas.com\\\/site\\\/#website\",\"url\":\"https:\\\/\\\/noticiasmercedinas.com\\\/site\\\/\",\"name\":\"NOTICIASMERCEDINAS.COM\",\"description\":\"Mercedes, Buenos Aires, Argentina\",\"publisher\":{\"@id\":\"https:\\\/\\\/noticiasmercedinas.com\\\/site\\\/#organization\"},\"potentialAction\":[{\"@type\":\"SearchAction\",\"target\":{\"@type\":\"EntryPoint\",\"urlTemplate\":\"https:\\\/\\\/noticiasmercedinas.com\\\/site\\\/?s={search_term_string}\"},\"query-input\":{\"@type\":\"PropertyValueSpecification\",\"valueRequired\":true,\"valueName\":\"search_term_string\"}}],\"inLanguage\":\"es\"},{\"@type\":\"Organization\",\"@id\":\"https:\\\/\\\/noticiasmercedinas.com\\\/site\\\/#organization\",\"name\":\"NOTICIASMERCEDINAS.COM\",\"url\":\"https:\\\/\\\/noticiasmercedinas.com\\\/site\\\/\",\"logo\":{\"@type\":\"ImageObject\",\"inLanguage\":\"es\",\"@id\":\"https:\\\/\\\/noticiasmercedinas.com\\\/site\\\/#\\\/schema\\\/logo\\\/image\\\/\",\"url\":\"https:\\\/\\\/noticiasmercedinas.com\\\/site\\\/wp-content\\\/uploads\\\/2020\\\/06\\\/LOGO-512.jpg\",\"contentUrl\":\"https:\\\/\\\/noticiasmercedinas.com\\\/site\\\/wp-content\\\/uploads\\\/2020\\\/06\\\/LOGO-512.jpg\",\"width\":512,\"height\":512,\"caption\":\"NOTICIASMERCEDINAS.COM\"},\"image\":{\"@id\":\"https:\\\/\\\/noticiasmercedinas.com\\\/site\\\/#\\\/schema\\\/logo\\\/image\\\/\"},\"sameAs\":[\"https:\\\/\\\/www.facebook.com\\\/noticiasmercedinas\\\/\",\"https:\\\/\\\/x.com\\\/notmercedinas\",\"https:\\\/\\\/www.instagram.com\\\/noticiasmercedinas\\\/\"]},{\"@type\":\"Person\",\"@id\":\"https:\\\/\\\/noticiasmercedinas.com\\\/site\\\/#\\\/schema\\\/person\\\/84b59c099c28ff2e8b77d4ceec5d8063\",\"name\":\"NOTICIASMERCEDINAS.COM\",\"image\":{\"@type\":\"ImageObject\",\"inLanguage\":\"es\",\"@id\":\"https:\\\/\\\/secure.gravatar.com\\\/avatar\\\/4dfbf16b4d17945bfb6341b2d19043457132fcf478a5ee04f42e959fd8f5df0a?s=96&d=mm&r=g\",\"url\":\"https:\\\/\\\/secure.gravatar.com\\\/avatar\\\/4dfbf16b4d17945bfb6341b2d19043457132fcf478a5ee04f42e959fd8f5df0a?s=96&d=mm&r=g\",\"contentUrl\":\"https:\\\/\\\/secure.gravatar.com\\\/avatar\\\/4dfbf16b4d17945bfb6341b2d19043457132fcf478a5ee04f42e959fd8f5df0a?s=96&d=mm&r=g\",\"caption\":\"NOTICIASMERCEDINAS.COM\"},\"url\":\"https:\\\/\\\/noticiasmercedinas.com\\\/site\\\/author\\\/anonimo\\\/\"}]}<\/script>\n<!-- \/ Yoast SEO plugin. -->","yoast_head_json":{"title":"Maniobras peligrosas lo pusieron en la mira: detenido motociclista tras seguimiento por c\u00e1maras de seguridad","description":"\u25a0\u00a0El conductor fue identificado por el Centro de Monitoreo Municipal mientras pon\u00eda en riesgo la seguridad vial. Tras un allanamiento, se descubri\u00f3 que el veh\u00edculo ten\u00eda pedido de captura por un hurto cometido en CABA el a\u00f1o pasado.","robots":{"index":"index","follow":"follow","max-snippet":"max-snippet:-1","max-image-preview":"max-image-preview:large","max-video-preview":"max-video-preview:-1"},"canonical":"https:\/\/noticiasmercedinas.com\/site\/2026\/02\/05\/maniobras-peligrosas-lo-pusieron-en-la-mira-detenido-motociclista-tras-seguimiento-por-camaras-de-seguridad\/","og_locale":"es_ES","og_type":"article","og_title":"Maniobras peligrosas lo pusieron en la mira: detenido motociclista tras seguimiento por c\u00e1maras de seguridad","og_description":"\u25a0\u00a0El conductor fue identificado por el Centro de Monitoreo Municipal mientras pon\u00eda en riesgo la seguridad vial. Tras un allanamiento, se descubri\u00f3 que el veh\u00edculo ten\u00eda pedido de captura por un hurto cometido en CABA el a\u00f1o pasado.","og_url":"https:\/\/noticiasmercedinas.com\/site\/2026\/02\/05\/maniobras-peligrosas-lo-pusieron-en-la-mira-detenido-motociclista-tras-seguimiento-por-camaras-de-seguridad\/","og_site_name":"NOTICIASMERCEDINAS.COM","article_publisher":"https:\/\/www.facebook.com\/noticiasmercedinas\/","article_published_time":"2026-02-05T13:18:07+00:00","article_modified_time":"2026-02-05T16:44:19+00:00","og_image":[{"width":916,"height":519,"url":"https:\/\/noticiasmercedinas.com\/site\/wp-content\/uploads\/2026\/02\/COPIAR.jpg","type":"image\/jpeg"}],"author":"NOTICIASMERCEDINAS.COM","twitter_card":"summary_large_image","twitter_creator":"@notmercedinas","twitter_site":"@notmercedinas","twitter_misc":{"Escrito por":"NOTICIASMERCEDINAS.COM","Tiempo de lectura":"2 minutos"},"schema":{"@context":"https:\/\/schema.org","@graph":[{"@type":"Article","@id":"https:\/\/noticiasmercedinas.com\/site\/2026\/02\/05\/maniobras-peligrosas-lo-pusieron-en-la-mira-detenido-motociclista-tras-seguimiento-por-camaras-de-seguridad\/#article","isPartOf":{"@id":"https:\/\/noticiasmercedinas.com\/site\/2026\/02\/05\/maniobras-peligrosas-lo-pusieron-en-la-mira-detenido-motociclista-tras-seguimiento-por-camaras-de-seguridad\/"},"author":{"name":"NOTICIASMERCEDINAS.COM","@id":"https:\/\/noticiasmercedinas.com\/site\/#\/schema\/person\/84b59c099c28ff2e8b77d4ceec5d8063"},"headline":"Maniobras peligrosas lo pusieron en la mira: detenido motociclista tras seguimiento por c\u00e1maras de seguridad","datePublished":"2026-02-05T13:18:07+00:00","dateModified":"2026-02-05T16:44:19+00:00","mainEntityOfPage":{"@id":"https:\/\/noticiasmercedinas.com\/site\/2026\/02\/05\/maniobras-peligrosas-lo-pusieron-en-la-mira-detenido-motociclista-tras-seguimiento-por-camaras-de-seguridad\/"},"wordCount":382,"publisher":{"@id":"https:\/\/noticiasmercedinas.com\/site\/#organization"},"image":{"@id":"https:\/\/noticiasmercedinas.com\/site\/2026\/02\/05\/maniobras-peligrosas-lo-pusieron-en-la-mira-detenido-motociclista-tras-seguimiento-por-camaras-de-seguridad\/#primaryimage"},"thumbnailUrl":"https:\/\/noticiasmercedinas.com\/site\/wp-content\/uploads\/2026\/02\/COPIAR.jpg","keywords":["moto","operativo","seguridad"],"articleSection":["Seguridad"],"inLanguage":"es"},{"@type":"WebPage","@id":"https:\/\/noticiasmercedinas.com\/site\/2026\/02\/05\/maniobras-peligrosas-lo-pusieron-en-la-mira-detenido-motociclista-tras-seguimiento-por-camaras-de-seguridad\/","url":"https:\/\/noticiasmercedinas.com\/site\/2026\/02\/05\/maniobras-peligrosas-lo-pusieron-en-la-mira-detenido-motociclista-tras-seguimiento-por-camaras-de-seguridad\/","name":"Maniobras peligrosas lo pusieron en la mira: detenido motociclista tras seguimiento por c\u00e1maras de seguridad","isPartOf":{"@id":"https:\/\/noticiasmercedinas.com\/site\/#website"},"primaryImageOfPage":{"@id":"https:\/\/noticiasmercedinas.com\/site\/2026\/02\/05\/maniobras-peligrosas-lo-pusieron-en-la-mira-detenido-motociclista-tras-seguimiento-por-camaras-de-seguridad\/#primaryimage"},"image":{"@id":"https:\/\/noticiasmercedinas.com\/site\/2026\/02\/05\/maniobras-peligrosas-lo-pusieron-en-la-mira-detenido-motociclista-tras-seguimiento-por-camaras-de-seguridad\/#primaryimage"},"thumbnailUrl":"https:\/\/noticiasmercedinas.com\/site\/wp-content\/uploads\/2026\/02\/COPIAR.jpg","datePublished":"2026-02-05T13:18:07+00:00","dateModified":"2026-02-05T16:44:19+00:00","description":"\u25a0\u00a0El conductor fue identificado por el Centro de Monitoreo Municipal mientras pon\u00eda en riesgo la seguridad vial. Tras un allanamiento, se descubri\u00f3 que el veh\u00edculo ten\u00eda pedido de captura por un hurto cometido en CABA el a\u00f1o pasado.","breadcrumb":{"@id":"https:\/\/noticiasmercedinas.com\/site\/2026\/02\/05\/maniobras-peligrosas-lo-pusieron-en-la-mira-detenido-motociclista-tras-seguimiento-por-camaras-de-seguridad\/#breadcrumb"},"inLanguage":"es","potentialAction":[{"@type":"ReadAction","target":["https:\/\/noticiasmercedinas.com\/site\/2026\/02\/05\/maniobras-peligrosas-lo-pusieron-en-la-mira-detenido-motociclista-tras-seguimiento-por-camaras-de-seguridad\/"]}]},{"@type":"ImageObject","inLanguage":"es","@id":"https:\/\/noticiasmercedinas.com\/site\/2026\/02\/05\/maniobras-peligrosas-lo-pusieron-en-la-mira-detenido-motociclista-tras-seguimiento-por-camaras-de-seguridad\/#primaryimage","url":"https:\/\/noticiasmercedinas.com\/site\/wp-content\/uploads\/2026\/02\/COPIAR.jpg","contentUrl":"https:\/\/noticiasmercedinas.com\/site\/wp-content\/uploads\/2026\/02\/COPIAR.jpg","width":916,"height":519},{"@type":"BreadcrumbList","@id":"https:\/\/noticiasmercedinas.com\/site\/2026\/02\/05\/maniobras-peligrosas-lo-pusieron-en-la-mira-detenido-motociclista-tras-seguimiento-por-camaras-de-seguridad\/#breadcrumb","itemListElement":[{"@type":"ListItem","position":1,"name":"Portada","item":"https:\/\/noticiasmercedinas.com\/site\/"},{"@type":"ListItem","position":2,"name":"Maniobras peligrosas lo pusieron en la mira: detenido motociclista tras seguimiento por c\u00e1maras de seguridad"}]},{"@type":"WebSite","@id":"https:\/\/noticiasmercedinas.com\/site\/#website","url":"https:\/\/noticiasmercedinas.com\/site\/","name":"NOTICIASMERCEDINAS.COM","description":"Mercedes, Buenos Aires, Argentina","publisher":{"@id":"https:\/\/noticiasmercedinas.com\/site\/#organization"},"potentialAction":[{"@type":"SearchAction","target":{"@type":"EntryPoint","urlTemplate":"https:\/\/noticiasmercedinas.com\/site\/?s={search_term_string}"},"query-input":{"@type":"PropertyValueSpecification","valueRequired":true,"valueName":"search_term_string"}}],"inLanguage":"es"},{"@type":"Organization","@id":"https:\/\/noticiasmercedinas.com\/site\/#organization","name":"NOTICIASMERCEDINAS.COM","url":"https:\/\/noticiasmercedinas.com\/site\/","logo":{"@type":"ImageObject","inLanguage":"es","@id":"https:\/\/noticiasmercedinas.com\/site\/#\/schema\/logo\/image\/","url":"https:\/\/noticiasmercedinas.com\/site\/wp-content\/uploads\/2020\/06\/LOGO-512.jpg","contentUrl":"https:\/\/noticiasmercedinas.com\/site\/wp-content\/uploads\/2020\/06\/LOGO-512.jpg","width":512,"height":512,"caption":"NOTICIASMERCEDINAS.COM"},"image":{"@id":"https:\/\/noticiasmercedinas.com\/site\/#\/schema\/logo\/image\/"},"sameAs":["https:\/\/www.facebook.com\/noticiasmercedinas\/","https:\/\/x.com\/notmercedinas","https:\/\/www.instagram.com\/noticiasmercedinas\/"]},{"@type":"Person","@id":"https:\/\/noticiasmercedinas.com\/site\/#\/schema\/person\/84b59c099c28ff2e8b77d4ceec5d8063","name":"NOTICIASMERCEDINAS.COM","image":{"@type":"ImageObject","inLanguage":"es","@id":"https:\/\/secure.gravatar.com\/avatar\/4dfbf16b4d17945bfb6341b2d19043457132fcf478a5ee04f42e959fd8f5df0a?s=96&d=mm&r=g","url":"https:\/\/secure.gravatar.com\/avatar\/4dfbf16b4d17945bfb6341b2d19043457132fcf478a5ee04f42e959fd8f5df0a?s=96&d=mm&r=g","contentUrl":"https:\/\/secure.gravatar.com\/avatar\/4dfbf16b4d17945bfb6341b2d19043457132fcf478a5ee04f42e959fd8f5df0a?s=96&d=mm&r=g","caption":"NOTICIASMERCEDINAS.COM"},"url":"https:\/\/noticiasmercedinas.com\/site\/author\/anonimo\/"}]}},"amp_enabled":true,"_links":{"self":[{"href":"https:\/\/noticiasmercedinas.com\/site\/wp-json\/wp\/v2\/posts\/179472","targetHints":{"allow":["GET"]}}],"collection":[{"href":"https:\/\/noticiasmercedinas.com\/site\/wp-json\/wp\/v2\/posts"}],"about":[{"href":"https:\/\/noticiasmercedinas.com\/site\/wp-json\/wp\/v2\/types\/post"}],"author":[{"embeddable":true,"href":"https:\/\/noticiasmercedinas.com\/site\/wp-json\/wp\/v2\/users\/16"}],"replies":[{"embeddable":true,"href":"https:\/\/noticiasmercedinas.com\/site\/wp-json\/wp\/v2\/comments?post=179472"}],"version-history":[{"count":3,"href":"https:\/\/noticiasmercedinas.com\/site\/wp-json\/wp\/v2\/posts\/179472\/revisions"}],"predecessor-version":[{"id":179485,"href":"https:\/\/noticiasmercedinas.com\/site\/wp-json\/wp\/v2\/posts\/179472\/revisions\/179485"}],"wp:featuredmedia":[{"embeddable":true,"href":"https:\/\/noticiasmercedinas.com\/site\/wp-json\/wp\/v2\/media\/179473"}],"wp:attachment":[{"href":"https:\/\/noticiasmercedinas.com\/site\/wp-json\/wp\/v2\/media?parent=179472"}],"wp:term":[{"taxonomy":"category","embeddable":true,"href":"https:\/\/noticiasmercedinas.com\/site\/wp-json\/wp\/v2\/categories?post=179472"},{"taxonomy":"post_tag","embeddable":true,"href":"https:\/\/noticiasmercedinas.com\/site\/wp-json\/wp\/v2\/tags?post=179472"}],"curies":[{"name":"wp","href":"https:\/\/api.w.org\/{rel}","templated":true}]}}