{"id":179487,"date":"2026-02-05T13:56:34","date_gmt":"2026-02-05T16:56:34","guid":{"rendered":"https:\/\/noticiasmercedinas.com\/site\/?p=179487"},"modified":"2026-02-05T13:56:34","modified_gmt":"2026-02-05T16:56:34","slug":"altamira-tendra-su-4o-encuentro-rat-rod-rugido-de-motores-y-solidaridad-en-la-vieja-estacion","status":"publish","type":"post","link":"https:\/\/noticiasmercedinas.com\/site\/2026\/02\/05\/altamira-tendra-su-4o-encuentro-rat-rod-rugido-de-motores-y-solidaridad-en-la-vieja-estacion\/","title":{"rendered":"Altamira tendr\u00e1 su 4\u00ba Encuentro Rat Rod: rugido de motores y solidaridad en la vieja estaci\u00f3n"},"content":{"rendered":"<p data-path-to-node=\"5\"><img loading=\"lazy\" decoding=\"async\" class=\"alignnone size-full wp-image-179488\" src=\"https:\/\/noticiasmercedinas.com\/site\/wp-content\/uploads\/2026\/02\/WhatsApp-Image-2026-02-05-at-12.44.51-PM-e1770310492196.jpeg\" alt=\"\" width=\"1130\" height=\"965\" srcset=\"https:\/\/noticiasmercedinas.com\/site\/wp-content\/uploads\/2026\/02\/WhatsApp-Image-2026-02-05-at-12.44.51-PM-e1770310492196.jpeg 1130w, https:\/\/noticiasmercedinas.com\/site\/wp-content\/uploads\/2026\/02\/WhatsApp-Image-2026-02-05-at-12.44.51-PM-e1770310492196-300x256.jpeg 300w, https:\/\/noticiasmercedinas.com\/site\/wp-content\/uploads\/2026\/02\/WhatsApp-Image-2026-02-05-at-12.44.51-PM-e1770310492196-1024x874.jpeg 1024w, https:\/\/noticiasmercedinas.com\/site\/wp-content\/uploads\/2026\/02\/WhatsApp-Image-2026-02-05-at-12.44.51-PM-e1770310492196-768x656.jpeg 768w, https:\/\/noticiasmercedinas.com\/site\/wp-content\/uploads\/2026\/02\/WhatsApp-Image-2026-02-05-at-12.44.51-PM-e1770310492196-640x547.jpeg 640w, https:\/\/noticiasmercedinas.com\/site\/wp-content\/uploads\/2026\/02\/WhatsApp-Image-2026-02-05-at-12.44.51-PM-e1770310492196-681x582.jpeg 681w\" sizes=\"auto, (max-width: 1130px) 100vw, 1130px\" \/><\/p>\n<p data-path-to-node=\"5\">La localidad de <b data-path-to-node=\"5\" data-index-in-node=\"28\">Altamira<\/b> volver\u00e1 a ser el epicentro de la cultura fierrera durante el mes de julio con la llegada de la cuarta edici\u00f3n del <b data-path-to-node=\"5\" data-index-in-node=\"151\">Encuentro Rat Rod<\/b>. Ser\u00e1 a beneficio del Hurac\u00e1n Mercedes Autom\u00f3vil Club.<\/p>\n<p data-path-to-node=\"5\">Lo que naci\u00f3 hace una d\u00e9cada como un viaje familiar de una pareja mercedina, hoy se consolida como una de las citas m\u00e1s aut\u00e9nticas de la regi\u00f3n, atrayendo a seguidores de distintos puntos del pa\u00eds.<\/p>\n<p data-path-to-node=\"6\">El evento tendr\u00e1 lugar en el predio de la <b data-path-to-node=\"6\" data-index-in-node=\"42\">estaci\u00f3n de tren de Altamira<\/b> y, manteniendo la tradici\u00f3n de sus organizadores, este a\u00f1o volver\u00e1 a tener un <b data-path-to-node=\"6\" data-index-in-node=\"149\">prop\u00f3sito ben\u00e9fico<\/b> para colaborar con la comunidad.<\/p>\n<h3 data-path-to-node=\"7\"><b data-path-to-node=\"7\" data-index-in-node=\"0\">Pasi\u00f3n por el \u00f3xido y el barro<\/b><\/h3>\n<p data-path-to-node=\"8\">El estilo <b data-path-to-node=\"8\" data-index-in-node=\"10\">Rat Rod<\/b>, protagonista del encuentro, se caracteriza por autos personalizados que mantienen una est\u00e9tica inacabada, r\u00fastica y, en muchos casos, deliberadamente oxidada. Sin embargo, el atractivo principal en Altamira ser\u00e1 la destreza de los conductores. Seg\u00fan detallaron sus impulsores, los asistentes podr\u00e1n disfrutar de <b data-path-to-node=\"8\" data-index-in-node=\"331\">maniobras y trompos<\/b> en circuitos de tierra y barro, donde cada veh\u00edculo exhibe su estilo propio.<\/p>\n<p data-path-to-node=\"9\"><b data-path-to-node=\"9\" data-index-in-node=\"0\">Nicol\u00e1s Barea y Romina<\/b>, la pareja mercedina detr\u00e1s del proyecto, recordaron c\u00f3mo surgi\u00f3 la iniciativa tras asistir durante a\u00f1os a eventos similares con sus dos hijas: <i data-path-to-node=\"9\" data-index-in-node=\"167\">\u00abEntendimos que nos apasionaba el ambiente familiero y, despu\u00e9s de mucho tiempo, hace cuatro a\u00f1os nos animamos a organizar el nuestro\u00bb<\/i>.<\/p>\n<h3 data-path-to-node=\"10\"><b data-path-to-node=\"10\" data-index-in-node=\"0\">Servicios y actividades<\/b><\/h3>\n<p data-path-to-node=\"11\">Para las jornadas del <b data-path-to-node=\"11\" data-index-in-node=\"22\">11 y 12 de julio<\/b>, la organizaci\u00f3n ha previsto una infraestructura completa para recibir a los visitantes que planean pasar el fin de semana en el predio:<\/p>\n<p data-path-to-node=\"12,0,0\"><b data-path-to-node=\"12,0,0\" data-index-in-node=\"0\">Sorteos y premios<\/b> para los participantes.<\/p>\n<p data-path-to-node=\"12,1,0\"><b data-path-to-node=\"12,1,0\" data-index-in-node=\"0\">Puestos de artesanos y juegos<\/b> tipo kermesse.<\/p>\n<p data-path-to-node=\"12,2,0\"><b data-path-to-node=\"12,2,0\" data-index-in-node=\"0\">Cantinas<\/b> con precios accesibles.<\/p>\n<p data-path-to-node=\"12,3,0\"><b data-path-to-node=\"12,3,0\" data-index-in-node=\"0\">Servicios b\u00e1sicos:<\/b> El predio contar\u00e1 con ba\u00f1os y duchas para mayor comodidad de quienes asistan desde otras ciudades.<\/p>\n<p data-path-to-node=\"13\">El encuentro se presenta como una oportunidad para que los mercedinos descubran una subcultura fierrera en constante crecimiento, marcada por la camarader\u00eda y la pasi\u00f3n por los motores fuera de lo convencional.<\/p>\n<p data-path-to-node=\"13\"><img loading=\"lazy\" decoding=\"async\" class=\"alignnone size-full wp-image-179489\" src=\"https:\/\/noticiasmercedinas.com\/site\/wp-content\/uploads\/2026\/02\/WhatsApp-Image-2026-02-05-at-12.44.51-PM-1.jpeg\" alt=\"\" width=\"1131\" height=\"1600\" srcset=\"https:\/\/noticiasmercedinas.com\/site\/wp-content\/uploads\/2026\/02\/WhatsApp-Image-2026-02-05-at-12.44.51-PM-1.jpeg 1131w, https:\/\/noticiasmercedinas.com\/site\/wp-content\/uploads\/2026\/02\/WhatsApp-Image-2026-02-05-at-12.44.51-PM-1-212x300.jpeg 212w, https:\/\/noticiasmercedinas.com\/site\/wp-content\/uploads\/2026\/02\/WhatsApp-Image-2026-02-05-at-12.44.51-PM-1-724x1024.jpeg 724w, https:\/\/noticiasmercedinas.com\/site\/wp-content\/uploads\/2026\/02\/WhatsApp-Image-2026-02-05-at-12.44.51-PM-1-768x1086.jpeg 768w, https:\/\/noticiasmercedinas.com\/site\/wp-content\/uploads\/2026\/02\/WhatsApp-Image-2026-02-05-at-12.44.51-PM-1-1086x1536.jpeg 1086w, https:\/\/noticiasmercedinas.com\/site\/wp-content\/uploads\/2026\/02\/WhatsApp-Image-2026-02-05-at-12.44.51-PM-1-640x905.jpeg 640w, https:\/\/noticiasmercedinas.com\/site\/wp-content\/uploads\/2026\/02\/WhatsApp-Image-2026-02-05-at-12.44.51-PM-1-681x963.jpeg 681w\" sizes=\"auto, (max-width: 1131px) 100vw, 1131px\" \/><\/p>\n","protected":false},"excerpt":{"rendered":"<p>\u25a0\u00a0Organizado por una familia mercedina, el evento se realizar\u00e1 el 11 y 12 de julio con un fin ben\u00e9fico. La propuesta combina la est\u00e9tica de autos personalizados con maniobras en tierra y barro en un ambiente pensado para toda la familia.<\/p>\n","protected":false},"author":16,"featured_media":179488,"comment_status":"closed","ping_status":"closed","sticky":false,"template":"","format":"standard","meta":{"footnotes":""},"categories":[5],"tags":[2553,3600,5947,20316],"class_list":["post-179487","post","type-post","status-publish","format-standard","has-post-thumbnail","hentry","category-deportes","tag-altamira","tag-automovilismo","tag-huracan-mercedes-automovil-club","tag-rat-rod"],"yoast_head":"<!-- This site is optimized with the Yoast SEO plugin v27.4 - https:\/\/yoast.com\/product\/yoast-seo-wordpress\/ -->\n<title>Altamira tendr\u00e1 su 4\u00ba Encuentro Rat Rod: rugido de motores y solidaridad en la vieja estaci\u00f3n<\/title>\n<meta name=\"description\" content=\"\u25a0\u00a0Organizado por una familia mercedina, el evento se realizar\u00e1 el 11 y 12 de julio con un fin ben\u00e9fico. La propuesta combina la est\u00e9tica de autos personalizados con maniobras en tierra y barro en un ambiente pensado para toda la familia.\" \/>\n<meta name=\"robots\" content=\"index, follow, max-snippet:-1, max-image-preview:large, max-video-preview:-1\" \/>\n<link rel=\"canonical\" href=\"https:\/\/noticiasmercedinas.com\/site\/2026\/02\/05\/altamira-tendra-su-4o-encuentro-rat-rod-rugido-de-motores-y-solidaridad-en-la-vieja-estacion\/\" \/>\n<meta property=\"og:locale\" content=\"es_ES\" \/>\n<meta property=\"og:type\" content=\"article\" \/>\n<meta property=\"og:title\" content=\"Altamira tendr\u00e1 su 4\u00ba Encuentro Rat Rod: rugido de motores y solidaridad en la vieja estaci\u00f3n\" \/>\n<meta property=\"og:description\" content=\"\u25a0\u00a0Organizado por una familia mercedina, el evento se realizar\u00e1 el 11 y 12 de julio con un fin ben\u00e9fico. La propuesta combina la est\u00e9tica de autos personalizados con maniobras en tierra y barro en un ambiente pensado para toda la familia.\" \/>\n<meta property=\"og:url\" content=\"https:\/\/noticiasmercedinas.com\/site\/2026\/02\/05\/altamira-tendra-su-4o-encuentro-rat-rod-rugido-de-motores-y-solidaridad-en-la-vieja-estacion\/\" \/>\n<meta property=\"og:site_name\" content=\"NOTICIASMERCEDINAS.COM\" \/>\n<meta property=\"article:publisher\" content=\"https:\/\/www.facebook.com\/noticiasmercedinas\/\" \/>\n<meta property=\"article:published_time\" content=\"2026-02-05T16:56:34+00:00\" \/>\n<meta property=\"og:image\" content=\"https:\/\/noticiasmercedinas.com\/site\/wp-content\/uploads\/2026\/02\/WhatsApp-Image-2026-02-05-at-12.44.51-PM-e1770310492196.jpeg\" \/>\n\t<meta property=\"og:image:width\" content=\"1130\" \/>\n\t<meta property=\"og:image:height\" content=\"965\" \/>\n\t<meta property=\"og:image:type\" content=\"image\/jpeg\" \/>\n<meta name=\"author\" content=\"NOTICIASMERCEDINAS.COM\" \/>\n<meta name=\"twitter:card\" content=\"summary_large_image\" \/>\n<meta name=\"twitter:creator\" content=\"@notmercedinas\" \/>\n<meta name=\"twitter:site\" content=\"@notmercedinas\" \/>\n<meta name=\"twitter:label1\" content=\"Escrito por\" \/>\n\t<meta name=\"twitter:data1\" content=\"NOTICIASMERCEDINAS.COM\" \/>\n\t<meta name=\"twitter:label2\" content=\"Tiempo de lectura\" \/>\n\t<meta name=\"twitter:data2\" content=\"3 minutos\" \/>\n<script type=\"application\/ld+json\" class=\"yoast-schema-graph\">{\"@context\":\"https:\\\/\\\/schema.org\",\"@graph\":[{\"@type\":\"Article\",\"@id\":\"https:\\\/\\\/noticiasmercedinas.com\\\/site\\\/2026\\\/02\\\/05\\\/altamira-tendra-su-4o-encuentro-rat-rod-rugido-de-motores-y-solidaridad-en-la-vieja-estacion\\\/#article\",\"isPartOf\":{\"@id\":\"https:\\\/\\\/noticiasmercedinas.com\\\/site\\\/2026\\\/02\\\/05\\\/altamira-tendra-su-4o-encuentro-rat-rod-rugido-de-motores-y-solidaridad-en-la-vieja-estacion\\\/\"},\"author\":{\"name\":\"NOTICIASMERCEDINAS.COM\",\"@id\":\"https:\\\/\\\/noticiasmercedinas.com\\\/site\\\/#\\\/schema\\\/person\\\/84b59c099c28ff2e8b77d4ceec5d8063\"},\"headline\":\"Altamira tendr\u00e1 su 4\u00ba Encuentro Rat Rod: rugido de motores y solidaridad en la vieja estaci\u00f3n\",\"datePublished\":\"2026-02-05T16:56:34+00:00\",\"mainEntityOfPage\":{\"@id\":\"https:\\\/\\\/noticiasmercedinas.com\\\/site\\\/2026\\\/02\\\/05\\\/altamira-tendra-su-4o-encuentro-rat-rod-rugido-de-motores-y-solidaridad-en-la-vieja-estacion\\\/\"},\"wordCount\":367,\"publisher\":{\"@id\":\"https:\\\/\\\/noticiasmercedinas.com\\\/site\\\/#organization\"},\"image\":{\"@id\":\"https:\\\/\\\/noticiasmercedinas.com\\\/site\\\/2026\\\/02\\\/05\\\/altamira-tendra-su-4o-encuentro-rat-rod-rugido-de-motores-y-solidaridad-en-la-vieja-estacion\\\/#primaryimage\"},\"thumbnailUrl\":\"https:\\\/\\\/noticiasmercedinas.com\\\/site\\\/wp-content\\\/uploads\\\/2026\\\/02\\\/WhatsApp-Image-2026-02-05-at-12.44.51-PM-e1770310492196.jpeg\",\"keywords\":[\"altamira\",\"Automovilismo\",\"Hurac\u00e1n Mercedes Autom\u00f3vil Club\",\"rat rod\"],\"articleSection\":[\"Deportes\"],\"inLanguage\":\"es\"},{\"@type\":\"WebPage\",\"@id\":\"https:\\\/\\\/noticiasmercedinas.com\\\/site\\\/2026\\\/02\\\/05\\\/altamira-tendra-su-4o-encuentro-rat-rod-rugido-de-motores-y-solidaridad-en-la-vieja-estacion\\\/\",\"url\":\"https:\\\/\\\/noticiasmercedinas.com\\\/site\\\/2026\\\/02\\\/05\\\/altamira-tendra-su-4o-encuentro-rat-rod-rugido-de-motores-y-solidaridad-en-la-vieja-estacion\\\/\",\"name\":\"Altamira tendr\u00e1 su 4\u00ba Encuentro Rat Rod: rugido de motores y solidaridad en la vieja estaci\u00f3n\",\"isPartOf\":{\"@id\":\"https:\\\/\\\/noticiasmercedinas.com\\\/site\\\/#website\"},\"primaryImageOfPage\":{\"@id\":\"https:\\\/\\\/noticiasmercedinas.com\\\/site\\\/2026\\\/02\\\/05\\\/altamira-tendra-su-4o-encuentro-rat-rod-rugido-de-motores-y-solidaridad-en-la-vieja-estacion\\\/#primaryimage\"},\"image\":{\"@id\":\"https:\\\/\\\/noticiasmercedinas.com\\\/site\\\/2026\\\/02\\\/05\\\/altamira-tendra-su-4o-encuentro-rat-rod-rugido-de-motores-y-solidaridad-en-la-vieja-estacion\\\/#primaryimage\"},\"thumbnailUrl\":\"https:\\\/\\\/noticiasmercedinas.com\\\/site\\\/wp-content\\\/uploads\\\/2026\\\/02\\\/WhatsApp-Image-2026-02-05-at-12.44.51-PM-e1770310492196.jpeg\",\"datePublished\":\"2026-02-05T16:56:34+00:00\",\"description\":\"\u25a0\u00a0Organizado por una familia mercedina, el evento se realizar\u00e1 el 11 y 12 de julio con un fin ben\u00e9fico. La propuesta combina la est\u00e9tica de autos personalizados con maniobras en tierra y barro en un ambiente pensado para toda la familia.\",\"breadcrumb\":{\"@id\":\"https:\\\/\\\/noticiasmercedinas.com\\\/site\\\/2026\\\/02\\\/05\\\/altamira-tendra-su-4o-encuentro-rat-rod-rugido-de-motores-y-solidaridad-en-la-vieja-estacion\\\/#breadcrumb\"},\"inLanguage\":\"es\",\"potentialAction\":[{\"@type\":\"ReadAction\",\"target\":[\"https:\\\/\\\/noticiasmercedinas.com\\\/site\\\/2026\\\/02\\\/05\\\/altamira-tendra-su-4o-encuentro-rat-rod-rugido-de-motores-y-solidaridad-en-la-vieja-estacion\\\/\"]}]},{\"@type\":\"ImageObject\",\"inLanguage\":\"es\",\"@id\":\"https:\\\/\\\/noticiasmercedinas.com\\\/site\\\/2026\\\/02\\\/05\\\/altamira-tendra-su-4o-encuentro-rat-rod-rugido-de-motores-y-solidaridad-en-la-vieja-estacion\\\/#primaryimage\",\"url\":\"https:\\\/\\\/noticiasmercedinas.com\\\/site\\\/wp-content\\\/uploads\\\/2026\\\/02\\\/WhatsApp-Image-2026-02-05-at-12.44.51-PM-e1770310492196.jpeg\",\"contentUrl\":\"https:\\\/\\\/noticiasmercedinas.com\\\/site\\\/wp-content\\\/uploads\\\/2026\\\/02\\\/WhatsApp-Image-2026-02-05-at-12.44.51-PM-e1770310492196.jpeg\",\"width\":1130,\"height\":965},{\"@type\":\"BreadcrumbList\",\"@id\":\"https:\\\/\\\/noticiasmercedinas.com\\\/site\\\/2026\\\/02\\\/05\\\/altamira-tendra-su-4o-encuentro-rat-rod-rugido-de-motores-y-solidaridad-en-la-vieja-estacion\\\/#breadcrumb\",\"itemListElement\":[{\"@type\":\"ListItem\",\"position\":1,\"name\":\"Portada\",\"item\":\"https:\\\/\\\/noticiasmercedinas.com\\\/site\\\/\"},{\"@type\":\"ListItem\",\"position\":2,\"name\":\"Altamira tendr\u00e1 su 4\u00ba Encuentro Rat Rod: rugido de motores y solidaridad en la vieja estaci\u00f3n\"}]},{\"@type\":\"WebSite\",\"@id\":\"https:\\\/\\\/noticiasmercedinas.com\\\/site\\\/#website\",\"url\":\"https:\\\/\\\/noticiasmercedinas.com\\\/site\\\/\",\"name\":\"NOTICIASMERCEDINAS.COM\",\"description\":\"Mercedes, Buenos Aires, Argentina\",\"publisher\":{\"@id\":\"https:\\\/\\\/noticiasmercedinas.com\\\/site\\\/#organization\"},\"potentialAction\":[{\"@type\":\"SearchAction\",\"target\":{\"@type\":\"EntryPoint\",\"urlTemplate\":\"https:\\\/\\\/noticiasmercedinas.com\\\/site\\\/?s={search_term_string}\"},\"query-input\":{\"@type\":\"PropertyValueSpecification\",\"valueRequired\":true,\"valueName\":\"search_term_string\"}}],\"inLanguage\":\"es\"},{\"@type\":\"Organization\",\"@id\":\"https:\\\/\\\/noticiasmercedinas.com\\\/site\\\/#organization\",\"name\":\"NOTICIASMERCEDINAS.COM\",\"url\":\"https:\\\/\\\/noticiasmercedinas.com\\\/site\\\/\",\"logo\":{\"@type\":\"ImageObject\",\"inLanguage\":\"es\",\"@id\":\"https:\\\/\\\/noticiasmercedinas.com\\\/site\\\/#\\\/schema\\\/logo\\\/image\\\/\",\"url\":\"https:\\\/\\\/noticiasmercedinas.com\\\/site\\\/wp-content\\\/uploads\\\/2020\\\/06\\\/LOGO-512.jpg\",\"contentUrl\":\"https:\\\/\\\/noticiasmercedinas.com\\\/site\\\/wp-content\\\/uploads\\\/2020\\\/06\\\/LOGO-512.jpg\",\"width\":512,\"height\":512,\"caption\":\"NOTICIASMERCEDINAS.COM\"},\"image\":{\"@id\":\"https:\\\/\\\/noticiasmercedinas.com\\\/site\\\/#\\\/schema\\\/logo\\\/image\\\/\"},\"sameAs\":[\"https:\\\/\\\/www.facebook.com\\\/noticiasmercedinas\\\/\",\"https:\\\/\\\/x.com\\\/notmercedinas\",\"https:\\\/\\\/www.instagram.com\\\/noticiasmercedinas\\\/\"]},{\"@type\":\"Person\",\"@id\":\"https:\\\/\\\/noticiasmercedinas.com\\\/site\\\/#\\\/schema\\\/person\\\/84b59c099c28ff2e8b77d4ceec5d8063\",\"name\":\"NOTICIASMERCEDINAS.COM\",\"image\":{\"@type\":\"ImageObject\",\"inLanguage\":\"es\",\"@id\":\"https:\\\/\\\/secure.gravatar.com\\\/avatar\\\/4dfbf16b4d17945bfb6341b2d19043457132fcf478a5ee04f42e959fd8f5df0a?s=96&d=mm&r=g\",\"url\":\"https:\\\/\\\/secure.gravatar.com\\\/avatar\\\/4dfbf16b4d17945bfb6341b2d19043457132fcf478a5ee04f42e959fd8f5df0a?s=96&d=mm&r=g\",\"contentUrl\":\"https:\\\/\\\/secure.gravatar.com\\\/avatar\\\/4dfbf16b4d17945bfb6341b2d19043457132fcf478a5ee04f42e959fd8f5df0a?s=96&d=mm&r=g\",\"caption\":\"NOTICIASMERCEDINAS.COM\"},\"url\":\"https:\\\/\\\/noticiasmercedinas.com\\\/site\\\/author\\\/anonimo\\\/\"}]}<\/script>\n<!-- \/ Yoast SEO plugin. -->","yoast_head_json":{"title":"Altamira tendr\u00e1 su 4\u00ba Encuentro Rat Rod: rugido de motores y solidaridad en la vieja estaci\u00f3n","description":"\u25a0\u00a0Organizado por una familia mercedina, el evento se realizar\u00e1 el 11 y 12 de julio con un fin ben\u00e9fico. La propuesta combina la est\u00e9tica de autos personalizados con maniobras en tierra y barro en un ambiente pensado para toda la familia.","robots":{"index":"index","follow":"follow","max-snippet":"max-snippet:-1","max-image-preview":"max-image-preview:large","max-video-preview":"max-video-preview:-1"},"canonical":"https:\/\/noticiasmercedinas.com\/site\/2026\/02\/05\/altamira-tendra-su-4o-encuentro-rat-rod-rugido-de-motores-y-solidaridad-en-la-vieja-estacion\/","og_locale":"es_ES","og_type":"article","og_title":"Altamira tendr\u00e1 su 4\u00ba Encuentro Rat Rod: rugido de motores y solidaridad en la vieja estaci\u00f3n","og_description":"\u25a0\u00a0Organizado por una familia mercedina, el evento se realizar\u00e1 el 11 y 12 de julio con un fin ben\u00e9fico. La propuesta combina la est\u00e9tica de autos personalizados con maniobras en tierra y barro en un ambiente pensado para toda la familia.","og_url":"https:\/\/noticiasmercedinas.com\/site\/2026\/02\/05\/altamira-tendra-su-4o-encuentro-rat-rod-rugido-de-motores-y-solidaridad-en-la-vieja-estacion\/","og_site_name":"NOTICIASMERCEDINAS.COM","article_publisher":"https:\/\/www.facebook.com\/noticiasmercedinas\/","article_published_time":"2026-02-05T16:56:34+00:00","og_image":[{"width":1130,"height":965,"url":"https:\/\/noticiasmercedinas.com\/site\/wp-content\/uploads\/2026\/02\/WhatsApp-Image-2026-02-05-at-12.44.51-PM-e1770310492196.jpeg","type":"image\/jpeg"}],"author":"NOTICIASMERCEDINAS.COM","twitter_card":"summary_large_image","twitter_creator":"@notmercedinas","twitter_site":"@notmercedinas","twitter_misc":{"Escrito por":"NOTICIASMERCEDINAS.COM","Tiempo de lectura":"3 minutos"},"schema":{"@context":"https:\/\/schema.org","@graph":[{"@type":"Article","@id":"https:\/\/noticiasmercedinas.com\/site\/2026\/02\/05\/altamira-tendra-su-4o-encuentro-rat-rod-rugido-de-motores-y-solidaridad-en-la-vieja-estacion\/#article","isPartOf":{"@id":"https:\/\/noticiasmercedinas.com\/site\/2026\/02\/05\/altamira-tendra-su-4o-encuentro-rat-rod-rugido-de-motores-y-solidaridad-en-la-vieja-estacion\/"},"author":{"name":"NOTICIASMERCEDINAS.COM","@id":"https:\/\/noticiasmercedinas.com\/site\/#\/schema\/person\/84b59c099c28ff2e8b77d4ceec5d8063"},"headline":"Altamira tendr\u00e1 su 4\u00ba Encuentro Rat Rod: rugido de motores y solidaridad en la vieja estaci\u00f3n","datePublished":"2026-02-05T16:56:34+00:00","mainEntityOfPage":{"@id":"https:\/\/noticiasmercedinas.com\/site\/2026\/02\/05\/altamira-tendra-su-4o-encuentro-rat-rod-rugido-de-motores-y-solidaridad-en-la-vieja-estacion\/"},"wordCount":367,"publisher":{"@id":"https:\/\/noticiasmercedinas.com\/site\/#organization"},"image":{"@id":"https:\/\/noticiasmercedinas.com\/site\/2026\/02\/05\/altamira-tendra-su-4o-encuentro-rat-rod-rugido-de-motores-y-solidaridad-en-la-vieja-estacion\/#primaryimage"},"thumbnailUrl":"https:\/\/noticiasmercedinas.com\/site\/wp-content\/uploads\/2026\/02\/WhatsApp-Image-2026-02-05-at-12.44.51-PM-e1770310492196.jpeg","keywords":["altamira","Automovilismo","Hurac\u00e1n Mercedes Autom\u00f3vil Club","rat rod"],"articleSection":["Deportes"],"inLanguage":"es"},{"@type":"WebPage","@id":"https:\/\/noticiasmercedinas.com\/site\/2026\/02\/05\/altamira-tendra-su-4o-encuentro-rat-rod-rugido-de-motores-y-solidaridad-en-la-vieja-estacion\/","url":"https:\/\/noticiasmercedinas.com\/site\/2026\/02\/05\/altamira-tendra-su-4o-encuentro-rat-rod-rugido-de-motores-y-solidaridad-en-la-vieja-estacion\/","name":"Altamira tendr\u00e1 su 4\u00ba Encuentro Rat Rod: rugido de motores y solidaridad en la vieja estaci\u00f3n","isPartOf":{"@id":"https:\/\/noticiasmercedinas.com\/site\/#website"},"primaryImageOfPage":{"@id":"https:\/\/noticiasmercedinas.com\/site\/2026\/02\/05\/altamira-tendra-su-4o-encuentro-rat-rod-rugido-de-motores-y-solidaridad-en-la-vieja-estacion\/#primaryimage"},"image":{"@id":"https:\/\/noticiasmercedinas.com\/site\/2026\/02\/05\/altamira-tendra-su-4o-encuentro-rat-rod-rugido-de-motores-y-solidaridad-en-la-vieja-estacion\/#primaryimage"},"thumbnailUrl":"https:\/\/noticiasmercedinas.com\/site\/wp-content\/uploads\/2026\/02\/WhatsApp-Image-2026-02-05-at-12.44.51-PM-e1770310492196.jpeg","datePublished":"2026-02-05T16:56:34+00:00","description":"\u25a0\u00a0Organizado por una familia mercedina, el evento se realizar\u00e1 el 11 y 12 de julio con un fin ben\u00e9fico. La propuesta combina la est\u00e9tica de autos personalizados con maniobras en tierra y barro en un ambiente pensado para toda la familia.","breadcrumb":{"@id":"https:\/\/noticiasmercedinas.com\/site\/2026\/02\/05\/altamira-tendra-su-4o-encuentro-rat-rod-rugido-de-motores-y-solidaridad-en-la-vieja-estacion\/#breadcrumb"},"inLanguage":"es","potentialAction":[{"@type":"ReadAction","target":["https:\/\/noticiasmercedinas.com\/site\/2026\/02\/05\/altamira-tendra-su-4o-encuentro-rat-rod-rugido-de-motores-y-solidaridad-en-la-vieja-estacion\/"]}]},{"@type":"ImageObject","inLanguage":"es","@id":"https:\/\/noticiasmercedinas.com\/site\/2026\/02\/05\/altamira-tendra-su-4o-encuentro-rat-rod-rugido-de-motores-y-solidaridad-en-la-vieja-estacion\/#primaryimage","url":"https:\/\/noticiasmercedinas.com\/site\/wp-content\/uploads\/2026\/02\/WhatsApp-Image-2026-02-05-at-12.44.51-PM-e1770310492196.jpeg","contentUrl":"https:\/\/noticiasmercedinas.com\/site\/wp-content\/uploads\/2026\/02\/WhatsApp-Image-2026-02-05-at-12.44.51-PM-e1770310492196.jpeg","width":1130,"height":965},{"@type":"BreadcrumbList","@id":"https:\/\/noticiasmercedinas.com\/site\/2026\/02\/05\/altamira-tendra-su-4o-encuentro-rat-rod-rugido-de-motores-y-solidaridad-en-la-vieja-estacion\/#breadcrumb","itemListElement":[{"@type":"ListItem","position":1,"name":"Portada","item":"https:\/\/noticiasmercedinas.com\/site\/"},{"@type":"ListItem","position":2,"name":"Altamira tendr\u00e1 su 4\u00ba Encuentro Rat Rod: rugido de motores y solidaridad en la vieja estaci\u00f3n"}]},{"@type":"WebSite","@id":"https:\/\/noticiasmercedinas.com\/site\/#website","url":"https:\/\/noticiasmercedinas.com\/site\/","name":"NOTICIASMERCEDINAS.COM","description":"Mercedes, Buenos Aires, Argentina","publisher":{"@id":"https:\/\/noticiasmercedinas.com\/site\/#organization"},"potentialAction":[{"@type":"SearchAction","target":{"@type":"EntryPoint","urlTemplate":"https:\/\/noticiasmercedinas.com\/site\/?s={search_term_string}"},"query-input":{"@type":"PropertyValueSpecification","valueRequired":true,"valueName":"search_term_string"}}],"inLanguage":"es"},{"@type":"Organization","@id":"https:\/\/noticiasmercedinas.com\/site\/#organization","name":"NOTICIASMERCEDINAS.COM","url":"https:\/\/noticiasmercedinas.com\/site\/","logo":{"@type":"ImageObject","inLanguage":"es","@id":"https:\/\/noticiasmercedinas.com\/site\/#\/schema\/logo\/image\/","url":"https:\/\/noticiasmercedinas.com\/site\/wp-content\/uploads\/2020\/06\/LOGO-512.jpg","contentUrl":"https:\/\/noticiasmercedinas.com\/site\/wp-content\/uploads\/2020\/06\/LOGO-512.jpg","width":512,"height":512,"caption":"NOTICIASMERCEDINAS.COM"},"image":{"@id":"https:\/\/noticiasmercedinas.com\/site\/#\/schema\/logo\/image\/"},"sameAs":["https:\/\/www.facebook.com\/noticiasmercedinas\/","https:\/\/x.com\/notmercedinas","https:\/\/www.instagram.com\/noticiasmercedinas\/"]},{"@type":"Person","@id":"https:\/\/noticiasmercedinas.com\/site\/#\/schema\/person\/84b59c099c28ff2e8b77d4ceec5d8063","name":"NOTICIASMERCEDINAS.COM","image":{"@type":"ImageObject","inLanguage":"es","@id":"https:\/\/secure.gravatar.com\/avatar\/4dfbf16b4d17945bfb6341b2d19043457132fcf478a5ee04f42e959fd8f5df0a?s=96&d=mm&r=g","url":"https:\/\/secure.gravatar.com\/avatar\/4dfbf16b4d17945bfb6341b2d19043457132fcf478a5ee04f42e959fd8f5df0a?s=96&d=mm&r=g","contentUrl":"https:\/\/secure.gravatar.com\/avatar\/4dfbf16b4d17945bfb6341b2d19043457132fcf478a5ee04f42e959fd8f5df0a?s=96&d=mm&r=g","caption":"NOTICIASMERCEDINAS.COM"},"url":"https:\/\/noticiasmercedinas.com\/site\/author\/anonimo\/"}]}},"amp_enabled":true,"_links":{"self":[{"href":"https:\/\/noticiasmercedinas.com\/site\/wp-json\/wp\/v2\/posts\/179487","targetHints":{"allow":["GET"]}}],"collection":[{"href":"https:\/\/noticiasmercedinas.com\/site\/wp-json\/wp\/v2\/posts"}],"about":[{"href":"https:\/\/noticiasmercedinas.com\/site\/wp-json\/wp\/v2\/types\/post"}],"author":[{"embeddable":true,"href":"https:\/\/noticiasmercedinas.com\/site\/wp-json\/wp\/v2\/users\/16"}],"replies":[{"embeddable":true,"href":"https:\/\/noticiasmercedinas.com\/site\/wp-json\/wp\/v2\/comments?post=179487"}],"version-history":[{"count":1,"href":"https:\/\/noticiasmercedinas.com\/site\/wp-json\/wp\/v2\/posts\/179487\/revisions"}],"predecessor-version":[{"id":179490,"href":"https:\/\/noticiasmercedinas.com\/site\/wp-json\/wp\/v2\/posts\/179487\/revisions\/179490"}],"wp:featuredmedia":[{"embeddable":true,"href":"https:\/\/noticiasmercedinas.com\/site\/wp-json\/wp\/v2\/media\/179488"}],"wp:attachment":[{"href":"https:\/\/noticiasmercedinas.com\/site\/wp-json\/wp\/v2\/media?parent=179487"}],"wp:term":[{"taxonomy":"category","embeddable":true,"href":"https:\/\/noticiasmercedinas.com\/site\/wp-json\/wp\/v2\/categories?post=179487"},{"taxonomy":"post_tag","embeddable":true,"href":"https:\/\/noticiasmercedinas.com\/site\/wp-json\/wp\/v2\/tags?post=179487"}],"curies":[{"name":"wp","href":"https:\/\/api.w.org\/{rel}","templated":true}]}}