{"id":179494,"date":"2026-02-05T16:31:28","date_gmt":"2026-02-05T19:31:28","guid":{"rendered":"https:\/\/noticiasmercedinas.com\/site\/?p=179494"},"modified":"2026-02-06T08:37:03","modified_gmt":"2026-02-06T11:37:03","slug":"la-solidaridad-tiene-un-poder-transformador-mechas-solidarias-y-un-mensaje-de-esperanza","status":"publish","type":"post","link":"https:\/\/noticiasmercedinas.com\/site\/2026\/02\/05\/la-solidaridad-tiene-un-poder-transformador-mechas-solidarias-y-un-mensaje-de-esperanza\/","title":{"rendered":"\u201cLa solidaridad tiene un poder transformador\u201d: Mechas Solidarias y un mensaje de esperanza"},"content":{"rendered":"<p data-path-to-node=\"5\"><img loading=\"lazy\" decoding=\"async\" class=\"alignnone size-full wp-image-179495\" src=\"https:\/\/noticiasmercedinas.com\/site\/wp-content\/uploads\/2026\/02\/godecco.jpg\" alt=\"\" width=\"1145\" height=\"661\" srcset=\"https:\/\/noticiasmercedinas.com\/site\/wp-content\/uploads\/2026\/02\/godecco.jpg 1145w, https:\/\/noticiasmercedinas.com\/site\/wp-content\/uploads\/2026\/02\/godecco-300x173.jpg 300w, https:\/\/noticiasmercedinas.com\/site\/wp-content\/uploads\/2026\/02\/godecco-1024x591.jpg 1024w, https:\/\/noticiasmercedinas.com\/site\/wp-content\/uploads\/2026\/02\/godecco-768x443.jpg 768w, https:\/\/noticiasmercedinas.com\/site\/wp-content\/uploads\/2026\/02\/godecco-640x369.jpg 640w, https:\/\/noticiasmercedinas.com\/site\/wp-content\/uploads\/2026\/02\/godecco-681x393.jpg 681w\" sizes=\"auto, (max-width: 1145px) 100vw, 1145px\" \/><\/p>\n<p data-path-to-node=\"5\">En el marco del <b data-path-to-node=\"5\" data-index-in-node=\"28\">D\u00eda Internacional de la Lucha contra el C\u00e1ncer<\/b>, celebrado este mi\u00e9rcoles, la comunidad de Mercedes destac\u00f3 la labor de <b data-path-to-node=\"5\" data-index-in-node=\"147\">Mechas Solidarias<\/b>, una agrupaci\u00f3n que desde hace casi una d\u00e9cada se ha convertido en un pilar de contenci\u00f3n para pacientes oncol\u00f3gicas.<\/p>\n<p data-path-to-node=\"5\">Entre otros que valoran el excelente prop\u00f3sito de hacer algo por quien necesita, desde el municipio se expres\u00f3 un reconocimiento especial a <b data-path-to-node=\"5\" data-index-in-node=\"333\">Sol P\u00e9rez, Viviana Halm y Meche Melo<\/b> por su compromiso sostenido en este espacio de cuidado.<\/p>\n<p data-path-to-node=\"6\">Esta jornada global representa una oportunidad crucial para promover la investigaci\u00f3n cient\u00edfica, fomentar la prevenci\u00f3n, optimizar los servicios de atenci\u00f3n al paciente y movilizar a la sociedad civil en la lucha contra esta enfermedad.<\/p>\n<blockquote>\n<p data-path-to-node=\"6\">La entrega de una peluca ayuda a las pacientes a reconocerse frente al espejo durante el tratamiento; adem\u00e1s con su apoyo emocional el proyecto fortalece la resiliencia de quienes enfrentan la enfermedad<\/p>\n<\/blockquote>\n<p data-path-to-node=\"7\"><b data-path-to-node=\"7\" data-index-in-node=\"0\">El valor de la empat\u00eda y la resiliencia<\/b><br \/>\nEntrevistada por este medio, <b data-path-to-node=\"7\" data-index-in-node=\"69\">Sol P\u00e9rez<\/b> comparti\u00f3 una profunda reflexi\u00f3n sobre el noveno aniversario de la agrupaci\u00f3n. <i data-path-to-node=\"7\" data-index-in-node=\"158\">\u00abDespu\u00e9s de 9 a\u00f1os en este hermoso proyecto, donde confeccionamos pelucas, he contribuido a restaurar sonrisas y autoestima en momentos dif\u00edciles\u00bb<\/i>, expres\u00f3 la referente.<\/p>\n<p data-path-to-node=\"8\">P\u00e9rez destac\u00f3 que el trabajo realizado junto a Melo y Halm funciona como una \u00abcadena circular\u00bb que trasciende lo est\u00e9tico: es que la entrega de una peluca ayuda a las pacientes a reconocerse frente al espejo durante el tratamiento; adem\u00e1s con su apoyo emocional el proyecto fortalece la resiliencia de quienes enfrentan la enfermedad; y por supuesto la experiencia invita a pensar en el impacto real que tiene el trabajo colectivo y voluntario.<\/p>\n<p data-path-to-node=\"10\"><b data-path-to-node=\"10\" data-index-in-node=\"0\">\u00bfQu\u00e9 significa este d\u00eda?<\/b><br \/>\nEl D\u00eda Internacional de la Lucha contra el C\u00e1ncer busca reducir el n\u00famero de muertes evitables cada a\u00f1o. El mensaje de este 2026 refuerza la necesidad de que los gobiernos y las organizaciones trabajen en conjunto para garantizar que el acceso al diagn\u00f3stico y tratamiento no dependa del c\u00f3digo postal o los recursos econ\u00f3micos del paciente.<\/p>\n<p data-path-to-node=\"11\">En el plano local, Mechas Solidarias demuestra que el acompa\u00f1amiento humano es una herramienta tan vital como el tratamiento m\u00e9dico para transitar el proceso de sanaci\u00f3n.<\/p>\n<p data-path-to-node=\"11\"><img loading=\"lazy\" decoding=\"async\" class=\"alignnone size-full wp-image-179496\" src=\"https:\/\/noticiasmercedinas.com\/site\/wp-content\/uploads\/2026\/02\/solperez.jpg\" alt=\"\" width=\"737\" height=\"431\" srcset=\"https:\/\/noticiasmercedinas.com\/site\/wp-content\/uploads\/2026\/02\/solperez.jpg 737w, https:\/\/noticiasmercedinas.com\/site\/wp-content\/uploads\/2026\/02\/solperez-300x175.jpg 300w, https:\/\/noticiasmercedinas.com\/site\/wp-content\/uploads\/2026\/02\/solperez-640x374.jpg 640w, https:\/\/noticiasmercedinas.com\/site\/wp-content\/uploads\/2026\/02\/solperez-681x398.jpg 681w\" sizes=\"auto, (max-width: 737px) 100vw, 737px\" \/><\/p>\n","protected":false},"excerpt":{"rendered":"<p>\u25a0\u00a0Al cumplirse 9 a\u00f1os del proyecto mercedino, Sol P\u00e9rez reflexion\u00f3 sobre la importancia de acompa\u00f1ar la resiliencia emocional de las pacientes. La agrupaci\u00f3n confecciona pelucas oncol\u00f3gicas para restaurar la autoestima en momentos cr\u00edticos.<\/p>\n","protected":false},"author":16,"featured_media":179495,"comment_status":"closed","ping_status":"closed","sticky":false,"template":"","format":"standard","meta":{"footnotes":""},"categories":[3,20734],"tags":[984,1144,12349,3964],"class_list":["post-179494","post","type-post","status-publish","format-standard","has-post-thumbnail","hentry","category-sociedad","category-ultimo-momento","tag-cancer","tag-mechas-solidarias","tag-pelucas","tag-sol-perez"],"yoast_head":"<!-- This site is optimized with the Yoast SEO plugin v27.5 - https:\/\/yoast.com\/product\/yoast-seo-wordpress\/ -->\n<title>\u201cLa solidaridad tiene un poder transformador\u201d: Mechas Solidarias y un mensaje de esperanza<\/title>\n<meta name=\"description\" content=\"\u25a0\u00a0Al cumplirse 9 a\u00f1os del proyecto mercedino, Sol P\u00e9rez reflexion\u00f3 sobre la importancia de acompa\u00f1ar la resiliencia emocional de las pacientes. La agrupaci\u00f3n confecciona pelucas oncol\u00f3gicas para restaurar la autoestima en momentos cr\u00edticos.\" \/>\n<meta name=\"robots\" content=\"index, follow, max-snippet:-1, max-image-preview:large, max-video-preview:-1\" \/>\n<link rel=\"canonical\" href=\"https:\/\/noticiasmercedinas.com\/site\/2026\/02\/05\/la-solidaridad-tiene-un-poder-transformador-mechas-solidarias-y-un-mensaje-de-esperanza\/\" \/>\n<meta property=\"og:locale\" content=\"es_ES\" \/>\n<meta property=\"og:type\" content=\"article\" \/>\n<meta property=\"og:title\" content=\"\u201cLa solidaridad tiene un poder transformador\u201d: Mechas Solidarias y un mensaje de esperanza\" \/>\n<meta property=\"og:description\" content=\"\u25a0\u00a0Al cumplirse 9 a\u00f1os del proyecto mercedino, Sol P\u00e9rez reflexion\u00f3 sobre la importancia de acompa\u00f1ar la resiliencia emocional de las pacientes. La agrupaci\u00f3n confecciona pelucas oncol\u00f3gicas para restaurar la autoestima en momentos cr\u00edticos.\" \/>\n<meta property=\"og:url\" content=\"https:\/\/noticiasmercedinas.com\/site\/2026\/02\/05\/la-solidaridad-tiene-un-poder-transformador-mechas-solidarias-y-un-mensaje-de-esperanza\/\" \/>\n<meta property=\"og:site_name\" content=\"NOTICIASMERCEDINAS.COM\" \/>\n<meta property=\"article:publisher\" content=\"https:\/\/www.facebook.com\/noticiasmercedinas\/\" \/>\n<meta property=\"article:published_time\" content=\"2026-02-05T19:31:28+00:00\" \/>\n<meta property=\"article:modified_time\" content=\"2026-02-06T11:37:03+00:00\" \/>\n<meta property=\"og:image\" content=\"https:\/\/noticiasmercedinas.com\/site\/wp-content\/uploads\/2026\/02\/godecco.jpg\" \/>\n\t<meta property=\"og:image:width\" content=\"1145\" \/>\n\t<meta property=\"og:image:height\" content=\"661\" \/>\n\t<meta property=\"og:image:type\" content=\"image\/jpeg\" \/>\n<meta name=\"author\" content=\"NOTICIASMERCEDINAS.COM\" \/>\n<meta name=\"twitter:card\" content=\"summary_large_image\" \/>\n<meta name=\"twitter:creator\" content=\"@notmercedinas\" \/>\n<meta name=\"twitter:site\" content=\"@notmercedinas\" \/>\n<meta name=\"twitter:label1\" content=\"Escrito por\" \/>\n\t<meta name=\"twitter:data1\" content=\"NOTICIASMERCEDINAS.COM\" \/>\n\t<meta name=\"twitter:label2\" content=\"Tiempo de lectura\" \/>\n\t<meta name=\"twitter:data2\" content=\"3 minutos\" \/>\n<script type=\"application\/ld+json\" class=\"yoast-schema-graph\">{\"@context\":\"https:\\\/\\\/schema.org\",\"@graph\":[{\"@type\":\"Article\",\"@id\":\"https:\\\/\\\/noticiasmercedinas.com\\\/site\\\/2026\\\/02\\\/05\\\/la-solidaridad-tiene-un-poder-transformador-mechas-solidarias-y-un-mensaje-de-esperanza\\\/#article\",\"isPartOf\":{\"@id\":\"https:\\\/\\\/noticiasmercedinas.com\\\/site\\\/2026\\\/02\\\/05\\\/la-solidaridad-tiene-un-poder-transformador-mechas-solidarias-y-un-mensaje-de-esperanza\\\/\"},\"author\":{\"name\":\"NOTICIASMERCEDINAS.COM\",\"@id\":\"https:\\\/\\\/noticiasmercedinas.com\\\/site\\\/#\\\/schema\\\/person\\\/84b59c099c28ff2e8b77d4ceec5d8063\"},\"headline\":\"\u201cLa solidaridad tiene un poder transformador\u201d: Mechas Solidarias y un mensaje de esperanza\",\"datePublished\":\"2026-02-05T19:31:28+00:00\",\"dateModified\":\"2026-02-06T11:37:03+00:00\",\"mainEntityOfPage\":{\"@id\":\"https:\\\/\\\/noticiasmercedinas.com\\\/site\\\/2026\\\/02\\\/05\\\/la-solidaridad-tiene-un-poder-transformador-mechas-solidarias-y-un-mensaje-de-esperanza\\\/\"},\"wordCount\":402,\"publisher\":{\"@id\":\"https:\\\/\\\/noticiasmercedinas.com\\\/site\\\/#organization\"},\"image\":{\"@id\":\"https:\\\/\\\/noticiasmercedinas.com\\\/site\\\/2026\\\/02\\\/05\\\/la-solidaridad-tiene-un-poder-transformador-mechas-solidarias-y-un-mensaje-de-esperanza\\\/#primaryimage\"},\"thumbnailUrl\":\"https:\\\/\\\/noticiasmercedinas.com\\\/site\\\/wp-content\\\/uploads\\\/2026\\\/02\\\/godecco.jpg\",\"keywords\":[\"cancer\",\"mechas solidarias\",\"Pelucas\",\"sol perez\"],\"articleSection\":[\"Sociedad\",\"Ultimo momento\"],\"inLanguage\":\"es\"},{\"@type\":\"WebPage\",\"@id\":\"https:\\\/\\\/noticiasmercedinas.com\\\/site\\\/2026\\\/02\\\/05\\\/la-solidaridad-tiene-un-poder-transformador-mechas-solidarias-y-un-mensaje-de-esperanza\\\/\",\"url\":\"https:\\\/\\\/noticiasmercedinas.com\\\/site\\\/2026\\\/02\\\/05\\\/la-solidaridad-tiene-un-poder-transformador-mechas-solidarias-y-un-mensaje-de-esperanza\\\/\",\"name\":\"\u201cLa solidaridad tiene un poder transformador\u201d: Mechas Solidarias y un mensaje de esperanza\",\"isPartOf\":{\"@id\":\"https:\\\/\\\/noticiasmercedinas.com\\\/site\\\/#website\"},\"primaryImageOfPage\":{\"@id\":\"https:\\\/\\\/noticiasmercedinas.com\\\/site\\\/2026\\\/02\\\/05\\\/la-solidaridad-tiene-un-poder-transformador-mechas-solidarias-y-un-mensaje-de-esperanza\\\/#primaryimage\"},\"image\":{\"@id\":\"https:\\\/\\\/noticiasmercedinas.com\\\/site\\\/2026\\\/02\\\/05\\\/la-solidaridad-tiene-un-poder-transformador-mechas-solidarias-y-un-mensaje-de-esperanza\\\/#primaryimage\"},\"thumbnailUrl\":\"https:\\\/\\\/noticiasmercedinas.com\\\/site\\\/wp-content\\\/uploads\\\/2026\\\/02\\\/godecco.jpg\",\"datePublished\":\"2026-02-05T19:31:28+00:00\",\"dateModified\":\"2026-02-06T11:37:03+00:00\",\"description\":\"\u25a0\u00a0Al cumplirse 9 a\u00f1os del proyecto mercedino, Sol P\u00e9rez reflexion\u00f3 sobre la importancia de acompa\u00f1ar la resiliencia emocional de las pacientes. La agrupaci\u00f3n confecciona pelucas oncol\u00f3gicas para restaurar la autoestima en momentos cr\u00edticos.\",\"breadcrumb\":{\"@id\":\"https:\\\/\\\/noticiasmercedinas.com\\\/site\\\/2026\\\/02\\\/05\\\/la-solidaridad-tiene-un-poder-transformador-mechas-solidarias-y-un-mensaje-de-esperanza\\\/#breadcrumb\"},\"inLanguage\":\"es\",\"potentialAction\":[{\"@type\":\"ReadAction\",\"target\":[\"https:\\\/\\\/noticiasmercedinas.com\\\/site\\\/2026\\\/02\\\/05\\\/la-solidaridad-tiene-un-poder-transformador-mechas-solidarias-y-un-mensaje-de-esperanza\\\/\"]}]},{\"@type\":\"ImageObject\",\"inLanguage\":\"es\",\"@id\":\"https:\\\/\\\/noticiasmercedinas.com\\\/site\\\/2026\\\/02\\\/05\\\/la-solidaridad-tiene-un-poder-transformador-mechas-solidarias-y-un-mensaje-de-esperanza\\\/#primaryimage\",\"url\":\"https:\\\/\\\/noticiasmercedinas.com\\\/site\\\/wp-content\\\/uploads\\\/2026\\\/02\\\/godecco.jpg\",\"contentUrl\":\"https:\\\/\\\/noticiasmercedinas.com\\\/site\\\/wp-content\\\/uploads\\\/2026\\\/02\\\/godecco.jpg\",\"width\":1145,\"height\":661},{\"@type\":\"BreadcrumbList\",\"@id\":\"https:\\\/\\\/noticiasmercedinas.com\\\/site\\\/2026\\\/02\\\/05\\\/la-solidaridad-tiene-un-poder-transformador-mechas-solidarias-y-un-mensaje-de-esperanza\\\/#breadcrumb\",\"itemListElement\":[{\"@type\":\"ListItem\",\"position\":1,\"name\":\"Portada\",\"item\":\"https:\\\/\\\/noticiasmercedinas.com\\\/site\\\/\"},{\"@type\":\"ListItem\",\"position\":2,\"name\":\"\u201cLa solidaridad tiene un poder transformador\u201d: Mechas Solidarias y un mensaje de esperanza\"}]},{\"@type\":\"WebSite\",\"@id\":\"https:\\\/\\\/noticiasmercedinas.com\\\/site\\\/#website\",\"url\":\"https:\\\/\\\/noticiasmercedinas.com\\\/site\\\/\",\"name\":\"NOTICIASMERCEDINAS.COM\",\"description\":\"Mercedes, Buenos Aires, Argentina\",\"publisher\":{\"@id\":\"https:\\\/\\\/noticiasmercedinas.com\\\/site\\\/#organization\"},\"potentialAction\":[{\"@type\":\"SearchAction\",\"target\":{\"@type\":\"EntryPoint\",\"urlTemplate\":\"https:\\\/\\\/noticiasmercedinas.com\\\/site\\\/?s={search_term_string}\"},\"query-input\":{\"@type\":\"PropertyValueSpecification\",\"valueRequired\":true,\"valueName\":\"search_term_string\"}}],\"inLanguage\":\"es\"},{\"@type\":\"Organization\",\"@id\":\"https:\\\/\\\/noticiasmercedinas.com\\\/site\\\/#organization\",\"name\":\"NOTICIASMERCEDINAS.COM\",\"url\":\"https:\\\/\\\/noticiasmercedinas.com\\\/site\\\/\",\"logo\":{\"@type\":\"ImageObject\",\"inLanguage\":\"es\",\"@id\":\"https:\\\/\\\/noticiasmercedinas.com\\\/site\\\/#\\\/schema\\\/logo\\\/image\\\/\",\"url\":\"https:\\\/\\\/noticiasmercedinas.com\\\/site\\\/wp-content\\\/uploads\\\/2020\\\/06\\\/LOGO-512.jpg\",\"contentUrl\":\"https:\\\/\\\/noticiasmercedinas.com\\\/site\\\/wp-content\\\/uploads\\\/2020\\\/06\\\/LOGO-512.jpg\",\"width\":512,\"height\":512,\"caption\":\"NOTICIASMERCEDINAS.COM\"},\"image\":{\"@id\":\"https:\\\/\\\/noticiasmercedinas.com\\\/site\\\/#\\\/schema\\\/logo\\\/image\\\/\"},\"sameAs\":[\"https:\\\/\\\/www.facebook.com\\\/noticiasmercedinas\\\/\",\"https:\\\/\\\/x.com\\\/notmercedinas\",\"https:\\\/\\\/www.instagram.com\\\/noticiasmercedinas\\\/\"]},{\"@type\":\"Person\",\"@id\":\"https:\\\/\\\/noticiasmercedinas.com\\\/site\\\/#\\\/schema\\\/person\\\/84b59c099c28ff2e8b77d4ceec5d8063\",\"name\":\"NOTICIASMERCEDINAS.COM\",\"image\":{\"@type\":\"ImageObject\",\"inLanguage\":\"es\",\"@id\":\"https:\\\/\\\/secure.gravatar.com\\\/avatar\\\/4dfbf16b4d17945bfb6341b2d19043457132fcf478a5ee04f42e959fd8f5df0a?s=96&d=mm&r=g\",\"url\":\"https:\\\/\\\/secure.gravatar.com\\\/avatar\\\/4dfbf16b4d17945bfb6341b2d19043457132fcf478a5ee04f42e959fd8f5df0a?s=96&d=mm&r=g\",\"contentUrl\":\"https:\\\/\\\/secure.gravatar.com\\\/avatar\\\/4dfbf16b4d17945bfb6341b2d19043457132fcf478a5ee04f42e959fd8f5df0a?s=96&d=mm&r=g\",\"caption\":\"NOTICIASMERCEDINAS.COM\"},\"url\":\"https:\\\/\\\/noticiasmercedinas.com\\\/site\\\/author\\\/anonimo\\\/\"}]}<\/script>\n<!-- \/ Yoast SEO plugin. -->","yoast_head_json":{"title":"\u201cLa solidaridad tiene un poder transformador\u201d: Mechas Solidarias y un mensaje de esperanza","description":"\u25a0\u00a0Al cumplirse 9 a\u00f1os del proyecto mercedino, Sol P\u00e9rez reflexion\u00f3 sobre la importancia de acompa\u00f1ar la resiliencia emocional de las pacientes. La agrupaci\u00f3n confecciona pelucas oncol\u00f3gicas para restaurar la autoestima en momentos cr\u00edticos.","robots":{"index":"index","follow":"follow","max-snippet":"max-snippet:-1","max-image-preview":"max-image-preview:large","max-video-preview":"max-video-preview:-1"},"canonical":"https:\/\/noticiasmercedinas.com\/site\/2026\/02\/05\/la-solidaridad-tiene-un-poder-transformador-mechas-solidarias-y-un-mensaje-de-esperanza\/","og_locale":"es_ES","og_type":"article","og_title":"\u201cLa solidaridad tiene un poder transformador\u201d: Mechas Solidarias y un mensaje de esperanza","og_description":"\u25a0\u00a0Al cumplirse 9 a\u00f1os del proyecto mercedino, Sol P\u00e9rez reflexion\u00f3 sobre la importancia de acompa\u00f1ar la resiliencia emocional de las pacientes. La agrupaci\u00f3n confecciona pelucas oncol\u00f3gicas para restaurar la autoestima en momentos cr\u00edticos.","og_url":"https:\/\/noticiasmercedinas.com\/site\/2026\/02\/05\/la-solidaridad-tiene-un-poder-transformador-mechas-solidarias-y-un-mensaje-de-esperanza\/","og_site_name":"NOTICIASMERCEDINAS.COM","article_publisher":"https:\/\/www.facebook.com\/noticiasmercedinas\/","article_published_time":"2026-02-05T19:31:28+00:00","article_modified_time":"2026-02-06T11:37:03+00:00","og_image":[{"width":1145,"height":661,"url":"https:\/\/noticiasmercedinas.com\/site\/wp-content\/uploads\/2026\/02\/godecco.jpg","type":"image\/jpeg"}],"author":"NOTICIASMERCEDINAS.COM","twitter_card":"summary_large_image","twitter_creator":"@notmercedinas","twitter_site":"@notmercedinas","twitter_misc":{"Escrito por":"NOTICIASMERCEDINAS.COM","Tiempo de lectura":"3 minutos"},"schema":{"@context":"https:\/\/schema.org","@graph":[{"@type":"Article","@id":"https:\/\/noticiasmercedinas.com\/site\/2026\/02\/05\/la-solidaridad-tiene-un-poder-transformador-mechas-solidarias-y-un-mensaje-de-esperanza\/#article","isPartOf":{"@id":"https:\/\/noticiasmercedinas.com\/site\/2026\/02\/05\/la-solidaridad-tiene-un-poder-transformador-mechas-solidarias-y-un-mensaje-de-esperanza\/"},"author":{"name":"NOTICIASMERCEDINAS.COM","@id":"https:\/\/noticiasmercedinas.com\/site\/#\/schema\/person\/84b59c099c28ff2e8b77d4ceec5d8063"},"headline":"\u201cLa solidaridad tiene un poder transformador\u201d: Mechas Solidarias y un mensaje de esperanza","datePublished":"2026-02-05T19:31:28+00:00","dateModified":"2026-02-06T11:37:03+00:00","mainEntityOfPage":{"@id":"https:\/\/noticiasmercedinas.com\/site\/2026\/02\/05\/la-solidaridad-tiene-un-poder-transformador-mechas-solidarias-y-un-mensaje-de-esperanza\/"},"wordCount":402,"publisher":{"@id":"https:\/\/noticiasmercedinas.com\/site\/#organization"},"image":{"@id":"https:\/\/noticiasmercedinas.com\/site\/2026\/02\/05\/la-solidaridad-tiene-un-poder-transformador-mechas-solidarias-y-un-mensaje-de-esperanza\/#primaryimage"},"thumbnailUrl":"https:\/\/noticiasmercedinas.com\/site\/wp-content\/uploads\/2026\/02\/godecco.jpg","keywords":["cancer","mechas solidarias","Pelucas","sol perez"],"articleSection":["Sociedad","Ultimo momento"],"inLanguage":"es"},{"@type":"WebPage","@id":"https:\/\/noticiasmercedinas.com\/site\/2026\/02\/05\/la-solidaridad-tiene-un-poder-transformador-mechas-solidarias-y-un-mensaje-de-esperanza\/","url":"https:\/\/noticiasmercedinas.com\/site\/2026\/02\/05\/la-solidaridad-tiene-un-poder-transformador-mechas-solidarias-y-un-mensaje-de-esperanza\/","name":"\u201cLa solidaridad tiene un poder transformador\u201d: Mechas Solidarias y un mensaje de esperanza","isPartOf":{"@id":"https:\/\/noticiasmercedinas.com\/site\/#website"},"primaryImageOfPage":{"@id":"https:\/\/noticiasmercedinas.com\/site\/2026\/02\/05\/la-solidaridad-tiene-un-poder-transformador-mechas-solidarias-y-un-mensaje-de-esperanza\/#primaryimage"},"image":{"@id":"https:\/\/noticiasmercedinas.com\/site\/2026\/02\/05\/la-solidaridad-tiene-un-poder-transformador-mechas-solidarias-y-un-mensaje-de-esperanza\/#primaryimage"},"thumbnailUrl":"https:\/\/noticiasmercedinas.com\/site\/wp-content\/uploads\/2026\/02\/godecco.jpg","datePublished":"2026-02-05T19:31:28+00:00","dateModified":"2026-02-06T11:37:03+00:00","description":"\u25a0\u00a0Al cumplirse 9 a\u00f1os del proyecto mercedino, Sol P\u00e9rez reflexion\u00f3 sobre la importancia de acompa\u00f1ar la resiliencia emocional de las pacientes. La agrupaci\u00f3n confecciona pelucas oncol\u00f3gicas para restaurar la autoestima en momentos cr\u00edticos.","breadcrumb":{"@id":"https:\/\/noticiasmercedinas.com\/site\/2026\/02\/05\/la-solidaridad-tiene-un-poder-transformador-mechas-solidarias-y-un-mensaje-de-esperanza\/#breadcrumb"},"inLanguage":"es","potentialAction":[{"@type":"ReadAction","target":["https:\/\/noticiasmercedinas.com\/site\/2026\/02\/05\/la-solidaridad-tiene-un-poder-transformador-mechas-solidarias-y-un-mensaje-de-esperanza\/"]}]},{"@type":"ImageObject","inLanguage":"es","@id":"https:\/\/noticiasmercedinas.com\/site\/2026\/02\/05\/la-solidaridad-tiene-un-poder-transformador-mechas-solidarias-y-un-mensaje-de-esperanza\/#primaryimage","url":"https:\/\/noticiasmercedinas.com\/site\/wp-content\/uploads\/2026\/02\/godecco.jpg","contentUrl":"https:\/\/noticiasmercedinas.com\/site\/wp-content\/uploads\/2026\/02\/godecco.jpg","width":1145,"height":661},{"@type":"BreadcrumbList","@id":"https:\/\/noticiasmercedinas.com\/site\/2026\/02\/05\/la-solidaridad-tiene-un-poder-transformador-mechas-solidarias-y-un-mensaje-de-esperanza\/#breadcrumb","itemListElement":[{"@type":"ListItem","position":1,"name":"Portada","item":"https:\/\/noticiasmercedinas.com\/site\/"},{"@type":"ListItem","position":2,"name":"\u201cLa solidaridad tiene un poder transformador\u201d: Mechas Solidarias y un mensaje de esperanza"}]},{"@type":"WebSite","@id":"https:\/\/noticiasmercedinas.com\/site\/#website","url":"https:\/\/noticiasmercedinas.com\/site\/","name":"NOTICIASMERCEDINAS.COM","description":"Mercedes, Buenos Aires, Argentina","publisher":{"@id":"https:\/\/noticiasmercedinas.com\/site\/#organization"},"potentialAction":[{"@type":"SearchAction","target":{"@type":"EntryPoint","urlTemplate":"https:\/\/noticiasmercedinas.com\/site\/?s={search_term_string}"},"query-input":{"@type":"PropertyValueSpecification","valueRequired":true,"valueName":"search_term_string"}}],"inLanguage":"es"},{"@type":"Organization","@id":"https:\/\/noticiasmercedinas.com\/site\/#organization","name":"NOTICIASMERCEDINAS.COM","url":"https:\/\/noticiasmercedinas.com\/site\/","logo":{"@type":"ImageObject","inLanguage":"es","@id":"https:\/\/noticiasmercedinas.com\/site\/#\/schema\/logo\/image\/","url":"https:\/\/noticiasmercedinas.com\/site\/wp-content\/uploads\/2020\/06\/LOGO-512.jpg","contentUrl":"https:\/\/noticiasmercedinas.com\/site\/wp-content\/uploads\/2020\/06\/LOGO-512.jpg","width":512,"height":512,"caption":"NOTICIASMERCEDINAS.COM"},"image":{"@id":"https:\/\/noticiasmercedinas.com\/site\/#\/schema\/logo\/image\/"},"sameAs":["https:\/\/www.facebook.com\/noticiasmercedinas\/","https:\/\/x.com\/notmercedinas","https:\/\/www.instagram.com\/noticiasmercedinas\/"]},{"@type":"Person","@id":"https:\/\/noticiasmercedinas.com\/site\/#\/schema\/person\/84b59c099c28ff2e8b77d4ceec5d8063","name":"NOTICIASMERCEDINAS.COM","image":{"@type":"ImageObject","inLanguage":"es","@id":"https:\/\/secure.gravatar.com\/avatar\/4dfbf16b4d17945bfb6341b2d19043457132fcf478a5ee04f42e959fd8f5df0a?s=96&d=mm&r=g","url":"https:\/\/secure.gravatar.com\/avatar\/4dfbf16b4d17945bfb6341b2d19043457132fcf478a5ee04f42e959fd8f5df0a?s=96&d=mm&r=g","contentUrl":"https:\/\/secure.gravatar.com\/avatar\/4dfbf16b4d17945bfb6341b2d19043457132fcf478a5ee04f42e959fd8f5df0a?s=96&d=mm&r=g","caption":"NOTICIASMERCEDINAS.COM"},"url":"https:\/\/noticiasmercedinas.com\/site\/author\/anonimo\/"}]}},"amp_enabled":true,"_links":{"self":[{"href":"https:\/\/noticiasmercedinas.com\/site\/wp-json\/wp\/v2\/posts\/179494","targetHints":{"allow":["GET"]}}],"collection":[{"href":"https:\/\/noticiasmercedinas.com\/site\/wp-json\/wp\/v2\/posts"}],"about":[{"href":"https:\/\/noticiasmercedinas.com\/site\/wp-json\/wp\/v2\/types\/post"}],"author":[{"embeddable":true,"href":"https:\/\/noticiasmercedinas.com\/site\/wp-json\/wp\/v2\/users\/16"}],"replies":[{"embeddable":true,"href":"https:\/\/noticiasmercedinas.com\/site\/wp-json\/wp\/v2\/comments?post=179494"}],"version-history":[{"count":1,"href":"https:\/\/noticiasmercedinas.com\/site\/wp-json\/wp\/v2\/posts\/179494\/revisions"}],"predecessor-version":[{"id":179497,"href":"https:\/\/noticiasmercedinas.com\/site\/wp-json\/wp\/v2\/posts\/179494\/revisions\/179497"}],"wp:featuredmedia":[{"embeddable":true,"href":"https:\/\/noticiasmercedinas.com\/site\/wp-json\/wp\/v2\/media\/179495"}],"wp:attachment":[{"href":"https:\/\/noticiasmercedinas.com\/site\/wp-json\/wp\/v2\/media?parent=179494"}],"wp:term":[{"taxonomy":"category","embeddable":true,"href":"https:\/\/noticiasmercedinas.com\/site\/wp-json\/wp\/v2\/categories?post=179494"},{"taxonomy":"post_tag","embeddable":true,"href":"https:\/\/noticiasmercedinas.com\/site\/wp-json\/wp\/v2\/tags?post=179494"}],"curies":[{"name":"wp","href":"https:\/\/api.w.org\/{rel}","templated":true}]}}