{"id":179551,"date":"2026-02-06T10:55:12","date_gmt":"2026-02-06T13:55:12","guid":{"rendered":"https:\/\/noticiasmercedinas.com\/site\/?p=179551"},"modified":"2026-02-06T10:55:12","modified_gmt":"2026-02-06T13:55:12","slug":"seguridad-ferroviaria-principios-y-valores-exige-al-accion-directa-y-el-fin-del-vedetismo-politico","status":"publish","type":"post","link":"https:\/\/noticiasmercedinas.com\/site\/2026\/02\/06\/seguridad-ferroviaria-principios-y-valores-exige-al-accion-directa-y-el-fin-del-vedetismo-politico\/","title":{"rendered":"Seguridad ferroviaria: Principios y Valores exige al \u00abacci\u00f3n directa\u00bb y el fin del \u00abvedetismo pol\u00edtico\u00bb"},"content":{"rendered":"<p><img loading=\"lazy\" decoding=\"async\" class=\"alignnone wp-image-179552 size-full\" src=\"https:\/\/noticiasmercedinas.com\/site\/wp-content\/uploads\/2026\/02\/WhatsApp-Image-2026-02-06-at-10.30.39-AM-e1770385896258.jpeg\" alt=\"\" width=\"715\" height=\"575\" srcset=\"https:\/\/noticiasmercedinas.com\/site\/wp-content\/uploads\/2026\/02\/WhatsApp-Image-2026-02-06-at-10.30.39-AM-e1770385896258.jpeg 715w, https:\/\/noticiasmercedinas.com\/site\/wp-content\/uploads\/2026\/02\/WhatsApp-Image-2026-02-06-at-10.30.39-AM-e1770385896258-300x241.jpeg 300w, https:\/\/noticiasmercedinas.com\/site\/wp-content\/uploads\/2026\/02\/WhatsApp-Image-2026-02-06-at-10.30.39-AM-e1770385896258-640x515.jpeg 640w, https:\/\/noticiasmercedinas.com\/site\/wp-content\/uploads\/2026\/02\/WhatsApp-Image-2026-02-06-at-10.30.39-AM-e1770385896258-681x548.jpeg 681w\" sizes=\"auto, (max-width: 715px) 100vw, 715px\" \/><\/p>\n<p>La agrupaci\u00f3n pol\u00edtica Principios y Valores (PyV) de Mercedes ha lanzado una fuerte advertencia sobre el peligro que representa el estado de abandono de los pasos a nivel en la ciudad.<\/p>\n<p>En un contexto de creciente malestar vecinal, desde el espacio conducido a nivel nacional por Guillermo Moreno se\u00f1alaron que la infraestructura ferroviaria se ha convertido en el escenario de una disputa de egos electorales, mientras la seguridad de los ciudadanos queda en un segundo plano.<\/p>\n<p>Para Principios y Valores, la pol\u00edtica local se ha transformado en un \u00abespect\u00e1culo\u00bb donde el intercambio de cartas documento y proyectos de resoluci\u00f3n no ofrece soluciones tangibles. PyV apunta directamente a la gesti\u00f3n de Fuerza Patria, inst\u00e1ndolos a abandonar las excusas burocr\u00e1ticas relacionadas con las jurisdicciones federales de Trenes Argentinos para priorizar la protecci\u00f3n de la comunidad local.<\/p>\n<p>Asimismo, el espacio fue tajante al calificar la postura de La Libertad Avanza como contradictoria, se\u00f1alando que no se puede exigir seguridad en los pasos a nivel locales mientras se respalda el desfinanciamiento del sistema ferroviario a nivel nacional, lo que genera el avance de malezas y el deterioro de las se\u00f1ales.<\/p>\n<blockquote><p>\u00abLa clave es la acci\u00f3n directa: si la empresa ferroviaria no cumple, el Municipio debe intervenir las v\u00edas de hecho y pasarle la factura a quien corresponda\u00bb<\/p><\/blockquote>\n<p><strong>La propuesta de PyV: Intervenci\u00f3n de hecho<\/strong><br \/>\nLa agrupaci\u00f3n propone una ruptura con la \u00abtibieza\u00bb institucional. Sostienen que Mercedes debe ejercer su autonom\u00eda: si el Estado Nacional no mantiene las v\u00edas, el Municipio debe intervenir f\u00edsicamente, realizar las tareas de mantenimiento necesarias y luego realizar el reclamo administrativo o legal correspondiente para el cobro de esos servicios.<\/p>\n<p>\u00abLa clave es la acci\u00f3n directa: si la empresa ferroviaria no cumple, el Municipio debe intervenir las v\u00edas de hecho y pasarle la factura a quien corresponda\u00bb, enfatiza el documento.<\/p>\n<p><strong>Comunicado Oficial: El peronismo es volver a la realidad<\/strong><br \/>\n<em>\u00abMientras los portales de noticias se llenan de cruces, de &#8216;cartas documento&#8217; y &#8216;proyectos de resoluci\u00f3n&#8217; que solo sirven para alimentar el ego de tres o cuatro que a las claras quieren ser candidatos a intendentes, los mercedinos seguimos cruzando las v\u00edas con el coraz\u00f3n en la boca. La pol\u00edtica local se ha transformado en un espect\u00e1culo de vedetismo donde los concejales se tiran la pelota como si estuvieran en un partido de tenis, mientras el tren de la realidad nos pasa por arriba.<\/em><\/p>\n<p><em>Los peronistas no podemos ser meros espectadores de este circo, porque sabemos que donde hay una necesidad no hay un tr\u00e1mite administrativo sino una obligaci\u00f3n de acci\u00f3n inmediata. A los compa\u00f1eros de Fuerza Patria les decimos con claridad: el peronismo es ejecuci\u00f3n, no lamento. No se puede conducir los destinos de una ciudad tan rica, tan culta y tan hist\u00f3rica como Mercedes escondi\u00e9ndose detr\u00e1s de un sello de goma de &#8216;Trenes Argentinos&#8217;. \u00bfDesde cu\u00e1ndo el peronismo espera que un bur\u00f3crata en Capital Federal le d\u00e9 permiso para cuidar la vida de sus vecinos? Si el Estado Nacional se retira, es la Comunidad la que debe avanzar. Menos gacetillas de prensa llorando por los fondos y m\u00e1s coraje para usar los recursos de la ciudad en lo que verdaderamente importa: la seguridad de nuestra gente.<\/em><\/p>\n<p><em>Al bloque de La Libertad Avanza les recordamos que no se puede ser bombero y pir\u00f3mano al mismo tiempo. No pueden venir a Mercedes a pedir seguridad en los pasos a nivel mientras sus referentes nacionales desfinancian el sistema ferroviario y dejan que las v\u00edas se conviertan en selvas de pastizales. Proponer que el municipio ponga agentes de tr\u00e1nsito es un parche electoralista. La soluci\u00f3n no es poner un pibe con un chaleco reflectante; la soluci\u00f3n es que el sistema funcione. Ustedes no quieren soluciones, quieren c\u00e1maras de fotos.<\/em><\/p>\n<p><em>Entonces, ni la desidia de Naci\u00f3n, ni la tibieza del Municipio. Reivindicamos el Trabajo e Identidad: Mercedes debe volver a ser una ciudad donde la infraestructura no sea un favor, sino un derecho. La clave es la acci\u00f3n directa: si la empresa ferroviaria no cumple, el Municipio debe intervenir las v\u00edas de hecho y pasarle la factura a quien corresponda, pero con las barreras bajas y el pasto cortado para hoy. Que la justificaci\u00f3n legal la resuelvan los incontables abogados que trabajan para la municipalidad, para eso est\u00e1n. <\/em><\/p>\n<p><em>Basta de usar las tragedias para medir qui\u00e9n mide mejor en las encuestas y los intereses individuales y pol\u00edticos. El peronismo es volver a la realidad. Y la \u00fanica realidad es que, mientras ellos pelean por la intendencia, el vecino de Mercedes sigue desprotegido\u00bb.<\/em><\/p>\n<p><em><strong>Principios y Valores Mercedes<\/strong><\/em><\/p>\n","protected":false},"excerpt":{"rendered":"<p>\u25a0 A trav\u00e9s de un duro documento, el espacio pol\u00edtico denunci\u00f3 la inacci\u00f3n oficial y las contradicciones de la oposici\u00f3n nacional ante el estado de los pasos a nivel; reclaman que la Comuna intervenga las v\u00edas \u00abde hecho\u00bb.<\/p>\n","protected":false},"author":16,"featured_media":179552,"comment_status":"closed","ping_status":"closed","sticky":false,"template":"","format":"standard","meta":{"footnotes":""},"categories":[16,20734],"tags":[4095,4094,12780,1116],"class_list":["post-179551","post","type-post","status-publish","format-standard","has-post-thumbnail","hentry","category-politica","category-ultimo-momento","tag-ffcc","tag-pasos-a-nivel","tag-principios-y-valores","tag-tren"],"yoast_head":"<!-- This site is optimized with the Yoast SEO plugin v27.4 - https:\/\/yoast.com\/product\/yoast-seo-wordpress\/ -->\n<title>Seguridad ferroviaria: Principios y Valores exige al &quot;acci\u00f3n directa&quot; y el fin del &quot;vedetismo pol\u00edtico&quot;<\/title>\n<meta name=\"description\" content=\"A trav\u00e9s de un duro documento, el espacio pol\u00edtico denunci\u00f3 la inacci\u00f3n oficial y las contradicciones de la oposici\u00f3n nacional ante el estado de los pasos a nivel; reclaman que la Comuna intervenga las v\u00edas &quot;de hecho&quot;.\" \/>\n<meta name=\"robots\" content=\"index, follow, max-snippet:-1, max-image-preview:large, max-video-preview:-1\" \/>\n<link rel=\"canonical\" href=\"https:\/\/noticiasmercedinas.com\/site\/2026\/02\/06\/seguridad-ferroviaria-principios-y-valores-exige-al-accion-directa-y-el-fin-del-vedetismo-politico\/\" \/>\n<meta property=\"og:locale\" content=\"es_ES\" \/>\n<meta property=\"og:type\" content=\"article\" \/>\n<meta property=\"og:title\" content=\"Seguridad ferroviaria: Principios y Valores exige al &quot;acci\u00f3n directa&quot; y el fin del &quot;vedetismo pol\u00edtico&quot;\" \/>\n<meta property=\"og:description\" content=\"A trav\u00e9s de un duro documento, el espacio pol\u00edtico denunci\u00f3 la inacci\u00f3n oficial y las contradicciones de la oposici\u00f3n nacional ante el estado de los pasos a nivel; reclaman que la Comuna intervenga las v\u00edas &quot;de hecho&quot;.\" \/>\n<meta property=\"og:url\" content=\"https:\/\/noticiasmercedinas.com\/site\/2026\/02\/06\/seguridad-ferroviaria-principios-y-valores-exige-al-accion-directa-y-el-fin-del-vedetismo-politico\/\" \/>\n<meta property=\"og:site_name\" content=\"NOTICIASMERCEDINAS.COM\" \/>\n<meta property=\"article:publisher\" content=\"https:\/\/www.facebook.com\/noticiasmercedinas\/\" \/>\n<meta property=\"article:published_time\" content=\"2026-02-06T13:55:12+00:00\" \/>\n<meta property=\"og:image\" content=\"https:\/\/noticiasmercedinas.com\/site\/wp-content\/uploads\/2026\/02\/WhatsApp-Image-2026-02-06-at-10.30.39-AM-e1770385896258.jpeg\" \/>\n\t<meta property=\"og:image:width\" content=\"715\" \/>\n\t<meta property=\"og:image:height\" content=\"575\" \/>\n\t<meta property=\"og:image:type\" content=\"image\/jpeg\" \/>\n<meta name=\"author\" content=\"NOTICIASMERCEDINAS.COM\" \/>\n<meta name=\"twitter:card\" content=\"summary_large_image\" \/>\n<meta name=\"twitter:creator\" content=\"@notmercedinas\" \/>\n<meta name=\"twitter:site\" content=\"@notmercedinas\" \/>\n<meta name=\"twitter:label1\" content=\"Escrito por\" \/>\n\t<meta name=\"twitter:data1\" content=\"NOTICIASMERCEDINAS.COM\" \/>\n\t<meta name=\"twitter:label2\" content=\"Tiempo de lectura\" \/>\n\t<meta name=\"twitter:data2\" content=\"4 minutos\" \/>\n<script type=\"application\/ld+json\" class=\"yoast-schema-graph\">{\"@context\":\"https:\\\/\\\/schema.org\",\"@graph\":[{\"@type\":\"Article\",\"@id\":\"https:\\\/\\\/noticiasmercedinas.com\\\/site\\\/2026\\\/02\\\/06\\\/seguridad-ferroviaria-principios-y-valores-exige-al-accion-directa-y-el-fin-del-vedetismo-politico\\\/#article\",\"isPartOf\":{\"@id\":\"https:\\\/\\\/noticiasmercedinas.com\\\/site\\\/2026\\\/02\\\/06\\\/seguridad-ferroviaria-principios-y-valores-exige-al-accion-directa-y-el-fin-del-vedetismo-politico\\\/\"},\"author\":{\"name\":\"NOTICIASMERCEDINAS.COM\",\"@id\":\"https:\\\/\\\/noticiasmercedinas.com\\\/site\\\/#\\\/schema\\\/person\\\/84b59c099c28ff2e8b77d4ceec5d8063\"},\"headline\":\"Seguridad ferroviaria: Principios y Valores exige al \u00abacci\u00f3n directa\u00bb y el fin del \u00abvedetismo pol\u00edtico\u00bb\",\"datePublished\":\"2026-02-06T13:55:12+00:00\",\"mainEntityOfPage\":{\"@id\":\"https:\\\/\\\/noticiasmercedinas.com\\\/site\\\/2026\\\/02\\\/06\\\/seguridad-ferroviaria-principios-y-valores-exige-al-accion-directa-y-el-fin-del-vedetismo-politico\\\/\"},\"wordCount\":819,\"publisher\":{\"@id\":\"https:\\\/\\\/noticiasmercedinas.com\\\/site\\\/#organization\"},\"image\":{\"@id\":\"https:\\\/\\\/noticiasmercedinas.com\\\/site\\\/2026\\\/02\\\/06\\\/seguridad-ferroviaria-principios-y-valores-exige-al-accion-directa-y-el-fin-del-vedetismo-politico\\\/#primaryimage\"},\"thumbnailUrl\":\"https:\\\/\\\/noticiasmercedinas.com\\\/site\\\/wp-content\\\/uploads\\\/2026\\\/02\\\/WhatsApp-Image-2026-02-06-at-10.30.39-AM-e1770385896258.jpeg\",\"keywords\":[\"ffcc\",\"pasos a nivel\",\"principios y valores\",\"Tren\"],\"articleSection\":[\"Politica\",\"Ultimo momento\"],\"inLanguage\":\"es\"},{\"@type\":\"WebPage\",\"@id\":\"https:\\\/\\\/noticiasmercedinas.com\\\/site\\\/2026\\\/02\\\/06\\\/seguridad-ferroviaria-principios-y-valores-exige-al-accion-directa-y-el-fin-del-vedetismo-politico\\\/\",\"url\":\"https:\\\/\\\/noticiasmercedinas.com\\\/site\\\/2026\\\/02\\\/06\\\/seguridad-ferroviaria-principios-y-valores-exige-al-accion-directa-y-el-fin-del-vedetismo-politico\\\/\",\"name\":\"Seguridad ferroviaria: Principios y Valores exige al \\\"acci\u00f3n directa\\\" y el fin del \\\"vedetismo pol\u00edtico\\\"\",\"isPartOf\":{\"@id\":\"https:\\\/\\\/noticiasmercedinas.com\\\/site\\\/#website\"},\"primaryImageOfPage\":{\"@id\":\"https:\\\/\\\/noticiasmercedinas.com\\\/site\\\/2026\\\/02\\\/06\\\/seguridad-ferroviaria-principios-y-valores-exige-al-accion-directa-y-el-fin-del-vedetismo-politico\\\/#primaryimage\"},\"image\":{\"@id\":\"https:\\\/\\\/noticiasmercedinas.com\\\/site\\\/2026\\\/02\\\/06\\\/seguridad-ferroviaria-principios-y-valores-exige-al-accion-directa-y-el-fin-del-vedetismo-politico\\\/#primaryimage\"},\"thumbnailUrl\":\"https:\\\/\\\/noticiasmercedinas.com\\\/site\\\/wp-content\\\/uploads\\\/2026\\\/02\\\/WhatsApp-Image-2026-02-06-at-10.30.39-AM-e1770385896258.jpeg\",\"datePublished\":\"2026-02-06T13:55:12+00:00\",\"description\":\"A trav\u00e9s de un duro documento, el espacio pol\u00edtico denunci\u00f3 la inacci\u00f3n oficial y las contradicciones de la oposici\u00f3n nacional ante el estado de los pasos a nivel; reclaman que la Comuna intervenga las v\u00edas \\\"de hecho\\\".\",\"breadcrumb\":{\"@id\":\"https:\\\/\\\/noticiasmercedinas.com\\\/site\\\/2026\\\/02\\\/06\\\/seguridad-ferroviaria-principios-y-valores-exige-al-accion-directa-y-el-fin-del-vedetismo-politico\\\/#breadcrumb\"},\"inLanguage\":\"es\",\"potentialAction\":[{\"@type\":\"ReadAction\",\"target\":[\"https:\\\/\\\/noticiasmercedinas.com\\\/site\\\/2026\\\/02\\\/06\\\/seguridad-ferroviaria-principios-y-valores-exige-al-accion-directa-y-el-fin-del-vedetismo-politico\\\/\"]}]},{\"@type\":\"ImageObject\",\"inLanguage\":\"es\",\"@id\":\"https:\\\/\\\/noticiasmercedinas.com\\\/site\\\/2026\\\/02\\\/06\\\/seguridad-ferroviaria-principios-y-valores-exige-al-accion-directa-y-el-fin-del-vedetismo-politico\\\/#primaryimage\",\"url\":\"https:\\\/\\\/noticiasmercedinas.com\\\/site\\\/wp-content\\\/uploads\\\/2026\\\/02\\\/WhatsApp-Image-2026-02-06-at-10.30.39-AM-e1770385896258.jpeg\",\"contentUrl\":\"https:\\\/\\\/noticiasmercedinas.com\\\/site\\\/wp-content\\\/uploads\\\/2026\\\/02\\\/WhatsApp-Image-2026-02-06-at-10.30.39-AM-e1770385896258.jpeg\",\"width\":715,\"height\":575},{\"@type\":\"BreadcrumbList\",\"@id\":\"https:\\\/\\\/noticiasmercedinas.com\\\/site\\\/2026\\\/02\\\/06\\\/seguridad-ferroviaria-principios-y-valores-exige-al-accion-directa-y-el-fin-del-vedetismo-politico\\\/#breadcrumb\",\"itemListElement\":[{\"@type\":\"ListItem\",\"position\":1,\"name\":\"Portada\",\"item\":\"https:\\\/\\\/noticiasmercedinas.com\\\/site\\\/\"},{\"@type\":\"ListItem\",\"position\":2,\"name\":\"Seguridad ferroviaria: Principios y Valores exige al \u00abacci\u00f3n directa\u00bb y el fin del \u00abvedetismo pol\u00edtico\u00bb\"}]},{\"@type\":\"WebSite\",\"@id\":\"https:\\\/\\\/noticiasmercedinas.com\\\/site\\\/#website\",\"url\":\"https:\\\/\\\/noticiasmercedinas.com\\\/site\\\/\",\"name\":\"NOTICIASMERCEDINAS.COM\",\"description\":\"Mercedes, Buenos Aires, Argentina\",\"publisher\":{\"@id\":\"https:\\\/\\\/noticiasmercedinas.com\\\/site\\\/#organization\"},\"potentialAction\":[{\"@type\":\"SearchAction\",\"target\":{\"@type\":\"EntryPoint\",\"urlTemplate\":\"https:\\\/\\\/noticiasmercedinas.com\\\/site\\\/?s={search_term_string}\"},\"query-input\":{\"@type\":\"PropertyValueSpecification\",\"valueRequired\":true,\"valueName\":\"search_term_string\"}}],\"inLanguage\":\"es\"},{\"@type\":\"Organization\",\"@id\":\"https:\\\/\\\/noticiasmercedinas.com\\\/site\\\/#organization\",\"name\":\"NOTICIASMERCEDINAS.COM\",\"url\":\"https:\\\/\\\/noticiasmercedinas.com\\\/site\\\/\",\"logo\":{\"@type\":\"ImageObject\",\"inLanguage\":\"es\",\"@id\":\"https:\\\/\\\/noticiasmercedinas.com\\\/site\\\/#\\\/schema\\\/logo\\\/image\\\/\",\"url\":\"https:\\\/\\\/noticiasmercedinas.com\\\/site\\\/wp-content\\\/uploads\\\/2020\\\/06\\\/LOGO-512.jpg\",\"contentUrl\":\"https:\\\/\\\/noticiasmercedinas.com\\\/site\\\/wp-content\\\/uploads\\\/2020\\\/06\\\/LOGO-512.jpg\",\"width\":512,\"height\":512,\"caption\":\"NOTICIASMERCEDINAS.COM\"},\"image\":{\"@id\":\"https:\\\/\\\/noticiasmercedinas.com\\\/site\\\/#\\\/schema\\\/logo\\\/image\\\/\"},\"sameAs\":[\"https:\\\/\\\/www.facebook.com\\\/noticiasmercedinas\\\/\",\"https:\\\/\\\/x.com\\\/notmercedinas\",\"https:\\\/\\\/www.instagram.com\\\/noticiasmercedinas\\\/\"]},{\"@type\":\"Person\",\"@id\":\"https:\\\/\\\/noticiasmercedinas.com\\\/site\\\/#\\\/schema\\\/person\\\/84b59c099c28ff2e8b77d4ceec5d8063\",\"name\":\"NOTICIASMERCEDINAS.COM\",\"image\":{\"@type\":\"ImageObject\",\"inLanguage\":\"es\",\"@id\":\"https:\\\/\\\/secure.gravatar.com\\\/avatar\\\/4dfbf16b4d17945bfb6341b2d19043457132fcf478a5ee04f42e959fd8f5df0a?s=96&d=mm&r=g\",\"url\":\"https:\\\/\\\/secure.gravatar.com\\\/avatar\\\/4dfbf16b4d17945bfb6341b2d19043457132fcf478a5ee04f42e959fd8f5df0a?s=96&d=mm&r=g\",\"contentUrl\":\"https:\\\/\\\/secure.gravatar.com\\\/avatar\\\/4dfbf16b4d17945bfb6341b2d19043457132fcf478a5ee04f42e959fd8f5df0a?s=96&d=mm&r=g\",\"caption\":\"NOTICIASMERCEDINAS.COM\"},\"url\":\"https:\\\/\\\/noticiasmercedinas.com\\\/site\\\/author\\\/anonimo\\\/\"}]}<\/script>\n<!-- \/ Yoast SEO plugin. -->","yoast_head_json":{"title":"Seguridad ferroviaria: Principios y Valores exige al \"acci\u00f3n directa\" y el fin del \"vedetismo pol\u00edtico\"","description":"A trav\u00e9s de un duro documento, el espacio pol\u00edtico denunci\u00f3 la inacci\u00f3n oficial y las contradicciones de la oposici\u00f3n nacional ante el estado de los pasos a nivel; reclaman que la Comuna intervenga las v\u00edas \"de hecho\".","robots":{"index":"index","follow":"follow","max-snippet":"max-snippet:-1","max-image-preview":"max-image-preview:large","max-video-preview":"max-video-preview:-1"},"canonical":"https:\/\/noticiasmercedinas.com\/site\/2026\/02\/06\/seguridad-ferroviaria-principios-y-valores-exige-al-accion-directa-y-el-fin-del-vedetismo-politico\/","og_locale":"es_ES","og_type":"article","og_title":"Seguridad ferroviaria: Principios y Valores exige al \"acci\u00f3n directa\" y el fin del \"vedetismo pol\u00edtico\"","og_description":"A trav\u00e9s de un duro documento, el espacio pol\u00edtico denunci\u00f3 la inacci\u00f3n oficial y las contradicciones de la oposici\u00f3n nacional ante el estado de los pasos a nivel; reclaman que la Comuna intervenga las v\u00edas \"de hecho\".","og_url":"https:\/\/noticiasmercedinas.com\/site\/2026\/02\/06\/seguridad-ferroviaria-principios-y-valores-exige-al-accion-directa-y-el-fin-del-vedetismo-politico\/","og_site_name":"NOTICIASMERCEDINAS.COM","article_publisher":"https:\/\/www.facebook.com\/noticiasmercedinas\/","article_published_time":"2026-02-06T13:55:12+00:00","og_image":[{"width":715,"height":575,"url":"https:\/\/noticiasmercedinas.com\/site\/wp-content\/uploads\/2026\/02\/WhatsApp-Image-2026-02-06-at-10.30.39-AM-e1770385896258.jpeg","type":"image\/jpeg"}],"author":"NOTICIASMERCEDINAS.COM","twitter_card":"summary_large_image","twitter_creator":"@notmercedinas","twitter_site":"@notmercedinas","twitter_misc":{"Escrito por":"NOTICIASMERCEDINAS.COM","Tiempo de lectura":"4 minutos"},"schema":{"@context":"https:\/\/schema.org","@graph":[{"@type":"Article","@id":"https:\/\/noticiasmercedinas.com\/site\/2026\/02\/06\/seguridad-ferroviaria-principios-y-valores-exige-al-accion-directa-y-el-fin-del-vedetismo-politico\/#article","isPartOf":{"@id":"https:\/\/noticiasmercedinas.com\/site\/2026\/02\/06\/seguridad-ferroviaria-principios-y-valores-exige-al-accion-directa-y-el-fin-del-vedetismo-politico\/"},"author":{"name":"NOTICIASMERCEDINAS.COM","@id":"https:\/\/noticiasmercedinas.com\/site\/#\/schema\/person\/84b59c099c28ff2e8b77d4ceec5d8063"},"headline":"Seguridad ferroviaria: Principios y Valores exige al \u00abacci\u00f3n directa\u00bb y el fin del \u00abvedetismo pol\u00edtico\u00bb","datePublished":"2026-02-06T13:55:12+00:00","mainEntityOfPage":{"@id":"https:\/\/noticiasmercedinas.com\/site\/2026\/02\/06\/seguridad-ferroviaria-principios-y-valores-exige-al-accion-directa-y-el-fin-del-vedetismo-politico\/"},"wordCount":819,"publisher":{"@id":"https:\/\/noticiasmercedinas.com\/site\/#organization"},"image":{"@id":"https:\/\/noticiasmercedinas.com\/site\/2026\/02\/06\/seguridad-ferroviaria-principios-y-valores-exige-al-accion-directa-y-el-fin-del-vedetismo-politico\/#primaryimage"},"thumbnailUrl":"https:\/\/noticiasmercedinas.com\/site\/wp-content\/uploads\/2026\/02\/WhatsApp-Image-2026-02-06-at-10.30.39-AM-e1770385896258.jpeg","keywords":["ffcc","pasos a nivel","principios y valores","Tren"],"articleSection":["Politica","Ultimo momento"],"inLanguage":"es"},{"@type":"WebPage","@id":"https:\/\/noticiasmercedinas.com\/site\/2026\/02\/06\/seguridad-ferroviaria-principios-y-valores-exige-al-accion-directa-y-el-fin-del-vedetismo-politico\/","url":"https:\/\/noticiasmercedinas.com\/site\/2026\/02\/06\/seguridad-ferroviaria-principios-y-valores-exige-al-accion-directa-y-el-fin-del-vedetismo-politico\/","name":"Seguridad ferroviaria: Principios y Valores exige al \"acci\u00f3n directa\" y el fin del \"vedetismo pol\u00edtico\"","isPartOf":{"@id":"https:\/\/noticiasmercedinas.com\/site\/#website"},"primaryImageOfPage":{"@id":"https:\/\/noticiasmercedinas.com\/site\/2026\/02\/06\/seguridad-ferroviaria-principios-y-valores-exige-al-accion-directa-y-el-fin-del-vedetismo-politico\/#primaryimage"},"image":{"@id":"https:\/\/noticiasmercedinas.com\/site\/2026\/02\/06\/seguridad-ferroviaria-principios-y-valores-exige-al-accion-directa-y-el-fin-del-vedetismo-politico\/#primaryimage"},"thumbnailUrl":"https:\/\/noticiasmercedinas.com\/site\/wp-content\/uploads\/2026\/02\/WhatsApp-Image-2026-02-06-at-10.30.39-AM-e1770385896258.jpeg","datePublished":"2026-02-06T13:55:12+00:00","description":"A trav\u00e9s de un duro documento, el espacio pol\u00edtico denunci\u00f3 la inacci\u00f3n oficial y las contradicciones de la oposici\u00f3n nacional ante el estado de los pasos a nivel; reclaman que la Comuna intervenga las v\u00edas \"de hecho\".","breadcrumb":{"@id":"https:\/\/noticiasmercedinas.com\/site\/2026\/02\/06\/seguridad-ferroviaria-principios-y-valores-exige-al-accion-directa-y-el-fin-del-vedetismo-politico\/#breadcrumb"},"inLanguage":"es","potentialAction":[{"@type":"ReadAction","target":["https:\/\/noticiasmercedinas.com\/site\/2026\/02\/06\/seguridad-ferroviaria-principios-y-valores-exige-al-accion-directa-y-el-fin-del-vedetismo-politico\/"]}]},{"@type":"ImageObject","inLanguage":"es","@id":"https:\/\/noticiasmercedinas.com\/site\/2026\/02\/06\/seguridad-ferroviaria-principios-y-valores-exige-al-accion-directa-y-el-fin-del-vedetismo-politico\/#primaryimage","url":"https:\/\/noticiasmercedinas.com\/site\/wp-content\/uploads\/2026\/02\/WhatsApp-Image-2026-02-06-at-10.30.39-AM-e1770385896258.jpeg","contentUrl":"https:\/\/noticiasmercedinas.com\/site\/wp-content\/uploads\/2026\/02\/WhatsApp-Image-2026-02-06-at-10.30.39-AM-e1770385896258.jpeg","width":715,"height":575},{"@type":"BreadcrumbList","@id":"https:\/\/noticiasmercedinas.com\/site\/2026\/02\/06\/seguridad-ferroviaria-principios-y-valores-exige-al-accion-directa-y-el-fin-del-vedetismo-politico\/#breadcrumb","itemListElement":[{"@type":"ListItem","position":1,"name":"Portada","item":"https:\/\/noticiasmercedinas.com\/site\/"},{"@type":"ListItem","position":2,"name":"Seguridad ferroviaria: Principios y Valores exige al \u00abacci\u00f3n directa\u00bb y el fin del \u00abvedetismo pol\u00edtico\u00bb"}]},{"@type":"WebSite","@id":"https:\/\/noticiasmercedinas.com\/site\/#website","url":"https:\/\/noticiasmercedinas.com\/site\/","name":"NOTICIASMERCEDINAS.COM","description":"Mercedes, Buenos Aires, Argentina","publisher":{"@id":"https:\/\/noticiasmercedinas.com\/site\/#organization"},"potentialAction":[{"@type":"SearchAction","target":{"@type":"EntryPoint","urlTemplate":"https:\/\/noticiasmercedinas.com\/site\/?s={search_term_string}"},"query-input":{"@type":"PropertyValueSpecification","valueRequired":true,"valueName":"search_term_string"}}],"inLanguage":"es"},{"@type":"Organization","@id":"https:\/\/noticiasmercedinas.com\/site\/#organization","name":"NOTICIASMERCEDINAS.COM","url":"https:\/\/noticiasmercedinas.com\/site\/","logo":{"@type":"ImageObject","inLanguage":"es","@id":"https:\/\/noticiasmercedinas.com\/site\/#\/schema\/logo\/image\/","url":"https:\/\/noticiasmercedinas.com\/site\/wp-content\/uploads\/2020\/06\/LOGO-512.jpg","contentUrl":"https:\/\/noticiasmercedinas.com\/site\/wp-content\/uploads\/2020\/06\/LOGO-512.jpg","width":512,"height":512,"caption":"NOTICIASMERCEDINAS.COM"},"image":{"@id":"https:\/\/noticiasmercedinas.com\/site\/#\/schema\/logo\/image\/"},"sameAs":["https:\/\/www.facebook.com\/noticiasmercedinas\/","https:\/\/x.com\/notmercedinas","https:\/\/www.instagram.com\/noticiasmercedinas\/"]},{"@type":"Person","@id":"https:\/\/noticiasmercedinas.com\/site\/#\/schema\/person\/84b59c099c28ff2e8b77d4ceec5d8063","name":"NOTICIASMERCEDINAS.COM","image":{"@type":"ImageObject","inLanguage":"es","@id":"https:\/\/secure.gravatar.com\/avatar\/4dfbf16b4d17945bfb6341b2d19043457132fcf478a5ee04f42e959fd8f5df0a?s=96&d=mm&r=g","url":"https:\/\/secure.gravatar.com\/avatar\/4dfbf16b4d17945bfb6341b2d19043457132fcf478a5ee04f42e959fd8f5df0a?s=96&d=mm&r=g","contentUrl":"https:\/\/secure.gravatar.com\/avatar\/4dfbf16b4d17945bfb6341b2d19043457132fcf478a5ee04f42e959fd8f5df0a?s=96&d=mm&r=g","caption":"NOTICIASMERCEDINAS.COM"},"url":"https:\/\/noticiasmercedinas.com\/site\/author\/anonimo\/"}]}},"amp_enabled":true,"_links":{"self":[{"href":"https:\/\/noticiasmercedinas.com\/site\/wp-json\/wp\/v2\/posts\/179551","targetHints":{"allow":["GET"]}}],"collection":[{"href":"https:\/\/noticiasmercedinas.com\/site\/wp-json\/wp\/v2\/posts"}],"about":[{"href":"https:\/\/noticiasmercedinas.com\/site\/wp-json\/wp\/v2\/types\/post"}],"author":[{"embeddable":true,"href":"https:\/\/noticiasmercedinas.com\/site\/wp-json\/wp\/v2\/users\/16"}],"replies":[{"embeddable":true,"href":"https:\/\/noticiasmercedinas.com\/site\/wp-json\/wp\/v2\/comments?post=179551"}],"version-history":[{"count":1,"href":"https:\/\/noticiasmercedinas.com\/site\/wp-json\/wp\/v2\/posts\/179551\/revisions"}],"predecessor-version":[{"id":179553,"href":"https:\/\/noticiasmercedinas.com\/site\/wp-json\/wp\/v2\/posts\/179551\/revisions\/179553"}],"wp:featuredmedia":[{"embeddable":true,"href":"https:\/\/noticiasmercedinas.com\/site\/wp-json\/wp\/v2\/media\/179552"}],"wp:attachment":[{"href":"https:\/\/noticiasmercedinas.com\/site\/wp-json\/wp\/v2\/media?parent=179551"}],"wp:term":[{"taxonomy":"category","embeddable":true,"href":"https:\/\/noticiasmercedinas.com\/site\/wp-json\/wp\/v2\/categories?post=179551"},{"taxonomy":"post_tag","embeddable":true,"href":"https:\/\/noticiasmercedinas.com\/site\/wp-json\/wp\/v2\/tags?post=179551"}],"curies":[{"name":"wp","href":"https:\/\/api.w.org\/{rel}","templated":true}]}}