{"id":179576,"date":"2026-02-06T17:04:49","date_gmt":"2026-02-06T20:04:49","guid":{"rendered":"https:\/\/noticiasmercedinas.com\/site\/?p=179576"},"modified":"2026-02-06T17:04:49","modified_gmt":"2026-02-06T20:04:49","slug":"metalurgicos-federalizan-su-lucha-uom-mercedes-desembarcara-en-rosario-contra-el-saqueo-de-derechos","status":"publish","type":"post","link":"https:\/\/noticiasmercedinas.com\/site\/2026\/02\/06\/metalurgicos-federalizan-su-lucha-uom-mercedes-desembarcara-en-rosario-contra-el-saqueo-de-derechos\/","title":{"rendered":"Metal\u00fargicos federalizan su lucha: UOM Mercedes desembarcar\u00e1 en Rosario contra el \u00absaqueo de derechos\u00bb"},"content":{"rendered":"<figure id=\"attachment_179577\" aria-describedby=\"caption-attachment-179577\" style=\"width: 1200px\" class=\"wp-caption alignnone\"><img loading=\"lazy\" decoding=\"async\" class=\"wp-image-179577 size-full\" src=\"https:\/\/noticiasmercedinas.com\/site\/wp-content\/uploads\/2026\/02\/cadena3.jpg\" alt=\"\" width=\"1200\" height=\"675\" srcset=\"https:\/\/noticiasmercedinas.com\/site\/wp-content\/uploads\/2026\/02\/cadena3.jpg 1200w, https:\/\/noticiasmercedinas.com\/site\/wp-content\/uploads\/2026\/02\/cadena3-300x169.jpg 300w, https:\/\/noticiasmercedinas.com\/site\/wp-content\/uploads\/2026\/02\/cadena3-1024x576.jpg 1024w, https:\/\/noticiasmercedinas.com\/site\/wp-content\/uploads\/2026\/02\/cadena3-768x432.jpg 768w, https:\/\/noticiasmercedinas.com\/site\/wp-content\/uploads\/2026\/02\/cadena3-640x360.jpg 640w, https:\/\/noticiasmercedinas.com\/site\/wp-content\/uploads\/2026\/02\/cadena3-681x383.jpg 681w\" sizes=\"auto, (max-width: 1200px) 100vw, 1200px\" \/><figcaption id=\"caption-attachment-179577\" class=\"wp-caption-text\">Perdiguero contrast\u00f3 el accionar policial en el interior con el calpitalino (FOTO CADENA3)<\/figcaption><\/figure>\n<p data-path-to-node=\"4\">La Uni\u00f3n Obrera Metal\u00fargica (UOM) ha decidido llevar su reclamo fuera de los l\u00edmites de la Capital Federal para interpelar directamente a los gobernadores del interior.<\/p>\n<p data-path-to-node=\"4\">Tras participar de una hist\u00f3rica movilizaci\u00f3n en la ciudad de C\u00f3rdoba, que reuni\u00f3 a m\u00e1s de 50 organizaciones gremiales, el secretario general de la Seccional Mercedes, <b data-path-to-node=\"4\" data-index-in-node=\"349\">Humberto Perdiguero<\/b>, brind\u00f3 detalles sobre la estrategia del sindicato para frenar la reforma laboral y la ca\u00edda del empleo industrial.<\/p>\n<p data-path-to-node=\"5\">\u00abFue una experiencia formidable ver la manifestaci\u00f3n de los compa\u00f1eros en la calle; no van a permitir el avasallamiento de derechos que costaron a\u00f1os de lucha\u00bb, expres\u00f3 el dirigente, en di\u00e1logo con este medio.<\/p>\n<p data-path-to-node=\"5\">La columna mercedina, integrada tambi\u00e9n por delegaciones de las vecinas ciudades de Luj\u00e1n y Chivilcoy, se sum\u00f3 al acto central frente a la Legislatura cordobesa para exigir que el gobernador Mart\u00edn Llaryora no permita que sus legisladores avalen el proyecto oficialista en el Congreso.<\/p>\n<blockquote>\n<p data-path-to-node=\"5\">\u00abEn C\u00f3rdoba la polic\u00eda fue respetuosa. Se voltearon algunas vallas y los efectivos no se inmutaron; se dialog\u00f3 y se pas\u00f3 por el costado. En Capital, eso hubiera terminado en un enfrentamiento con balas de goma y gases que nadie quiere\u00bb<\/p>\n<\/blockquote>\n<p data-path-to-node=\"7\">Uno de los puntos que Perdiguero resalt\u00f3 con mayor \u00e9nfasis fue el comportamiento de las fuerzas de seguridad durante la protesta en la docta, marcando una clara diferencia con los protocolos aplicados en la Ciudad de Buenos Aires.<\/p>\n<p data-path-to-node=\"8,0\">\u00abEn C\u00f3rdoba la polic\u00eda fue respetuosa. Se voltearon algunas vallas y los efectivos no se inmutaron; se dialog\u00f3 y se pas\u00f3 por el costado. En Capital, eso hubiera terminado en un enfrentamiento con balas de goma y gases que nadie quiere\u00bb, destac\u00f3.<\/p>\n<p data-path-to-node=\"9\">Asimismo, el sindicalista fustig\u00f3 la intenci\u00f3n del Gobierno Nacional de tratar cambios estructurales en las leyes laborales durante el receso estival.<\/p>\n<p data-path-to-node=\"9\">\u00abBuscan el factor sorpresa cuando la gente est\u00e1 de vacaciones o las empresas rotan personal para que no haya convocatoria\u00bb, denunci\u00f3, aunque aclar\u00f3 que la crisis salarial ha neutralizado esa estrategia: \u00abYa no alcanza con repartir panfletos; ahora hay que coronar con presencia\u00bb.<\/p>\n<h3 data-path-to-node=\"10\"><b data-path-to-node=\"10\" data-index-in-node=\"0\">Rosario: el pr\u00f3ximo destino<\/b><\/h3>\n<p data-path-to-node=\"11\">La lucha no se detiene y el pr\u00f3ximo <b data-path-to-node=\"11\" data-index-in-node=\"36\">martes 10 de febrero<\/b> la UOM Mercedes se movilizar\u00e1 hacia Rosario. La log\u00edstica ya est\u00e1 en marcha: a las 6:00 de la ma\u00f1ana partir\u00e1n los micros desde la ciudad para unirse a la columna que encabezar\u00e1 el l\u00edder nacional del gremio, Abel Furl\u00e1n.<\/p>\n<p data-path-to-node=\"12\">El objetivo ser\u00e1 el mismo que en C\u00f3rdoba: marchar hacia la sede de la gobernaci\u00f3n santafesina para entregar un petitorio al mandatario Maximiliano Pullaro.<\/p>\n<p data-path-to-node=\"12\">\u00abLe pedimos a los gobernadores que acompa\u00f1en este pedido de los trabajadores en este sufrimiento que estamos padeciendo. No levanten la mano apoyando una reforma que es un saqueo\u00bb, sentenci\u00f3 Perdiguero.<\/p>\n<h3 data-path-to-node=\"14\"><b data-path-to-node=\"14\" data-index-in-node=\"0\">Algunas definiciones<\/b><\/h3>\n<p>En la entrevista con este medio Humberto Perdiguero dej\u00f3 varias definiciones sobre temas centrales:<\/p>\n<p><b data-path-to-node=\"15,0,0\" data-index-in-node=\"0\">Sobre la Reforma Laboral:<\/b> \u00abEs una reforma visceral que viene por todos los derechos. No nos va a quedar pr\u00e1cticamente nada, simplemente ser sumisos y trabajar horas extensas por salarios baj\u00edsimos\u00bb.<\/p>\n<p data-path-to-node=\"15,1,0\"><b data-path-to-node=\"15,1,0\" data-index-in-node=\"0\">Sobre los despidos:<\/b> \u00abLos telegramas llegan igual para trabajadores de planta o contratistas. En Mercedes ya hemos tenido despidos en algunas empresas; estamos en alerta permanente con los delegados para salvaguardar cada puesto\u00bb.<\/p>\n<p data-path-to-node=\"15,2,0\"><b data-path-to-node=\"15,2,0\" data-index-in-node=\"0\">Sobre la CGT:<\/b> \u00abHay sectores de mucho nivel dentro de la CGT que le est\u00e1n pidiendo al Triunvirato que tome decisiones, que dejen de &#8216;hacer fr\u00edo&#8217;. Ya no se puede esperar m\u00e1s, hay que tomar acciones para que esa reforma se caiga\u00bb.<\/p>\n<p data-path-to-node=\"15,3,0\"><b data-path-to-node=\"15,3,0\" data-index-in-node=\"0\">Sobre el rol de los Gobernadores:<\/b> \u00abA los gobernadores los votaron para que defiendan a sus provincias, no para que paguen con una moneda de cambio levantando la mano en contra de sus propios trabajadores\u00bb.<\/p>\n<p data-path-to-node=\"15,3,0\"><img loading=\"lazy\" decoding=\"async\" class=\"alignnone size-full wp-image-179578\" src=\"https:\/\/noticiasmercedinas.com\/site\/wp-content\/uploads\/2026\/02\/WhatsApp-Image-2026-02-05-at-10.24.59-AM.jpeg\" alt=\"\" width=\"1200\" height=\"1600\" srcset=\"https:\/\/noticiasmercedinas.com\/site\/wp-content\/uploads\/2026\/02\/WhatsApp-Image-2026-02-05-at-10.24.59-AM.jpeg 1200w, https:\/\/noticiasmercedinas.com\/site\/wp-content\/uploads\/2026\/02\/WhatsApp-Image-2026-02-05-at-10.24.59-AM-225x300.jpeg 225w, https:\/\/noticiasmercedinas.com\/site\/wp-content\/uploads\/2026\/02\/WhatsApp-Image-2026-02-05-at-10.24.59-AM-768x1024.jpeg 768w, https:\/\/noticiasmercedinas.com\/site\/wp-content\/uploads\/2026\/02\/WhatsApp-Image-2026-02-05-at-10.24.59-AM-1152x1536.jpeg 1152w, https:\/\/noticiasmercedinas.com\/site\/wp-content\/uploads\/2026\/02\/WhatsApp-Image-2026-02-05-at-10.24.59-AM-640x853.jpeg 640w, https:\/\/noticiasmercedinas.com\/site\/wp-content\/uploads\/2026\/02\/WhatsApp-Image-2026-02-05-at-10.24.59-AM-681x908.jpeg 681w\" sizes=\"auto, (max-width: 1200px) 100vw, 1200px\" \/><\/p>\n","protected":false},"excerpt":{"rendered":"<p>\u25a0 Humberto Perdiguero, titular de la seccional local, analiz\u00f3 el masivo acto en la provincia de C\u00f3rdoba y confirm\u00f3 que el pr\u00f3ximo martes movilizar\u00e1n a Santa Fe. Advirti\u00f3 sobre el \u00abgoteo\u00bb de despidos en las plantas de la regi\u00f3n.<\/p>\n","protected":false},"author":16,"featured_media":179577,"comment_status":"closed","ping_status":"closed","sticky":false,"template":"","format":"standard","meta":{"footnotes":""},"categories":[3],"tags":[349,5822,214],"class_list":["post-179576","post","type-post","status-publish","format-standard","has-post-thumbnail","hentry","category-sociedad","tag-humberto-perdiguero","tag-reforma-laboral","tag-uom"],"yoast_head":"<!-- This site is optimized with the Yoast SEO plugin v27.5 - https:\/\/yoast.com\/product\/yoast-seo-wordpress\/ -->\n<title>Metal\u00fargicos federalizan su lucha: UOM Mercedes desembarcar\u00e1 en Rosario contra el &quot;saqueo de derechos&quot;<\/title>\n<meta name=\"description\" content=\"\u25a0 Humberto Perdiguero, titular de la seccional local, analiz\u00f3 el masivo acto en la provincia de C\u00f3rdoba y confirm\u00f3 que el pr\u00f3ximo martes movilizar\u00e1n a Santa Fe. Advirti\u00f3 sobre el &quot;goteo&quot; de despidos en las plantas de la regi\u00f3n.\" \/>\n<meta name=\"robots\" content=\"index, follow, max-snippet:-1, max-image-preview:large, max-video-preview:-1\" \/>\n<link rel=\"canonical\" href=\"https:\/\/noticiasmercedinas.com\/site\/2026\/02\/06\/metalurgicos-federalizan-su-lucha-uom-mercedes-desembarcara-en-rosario-contra-el-saqueo-de-derechos\/\" \/>\n<meta property=\"og:locale\" content=\"es_ES\" \/>\n<meta property=\"og:type\" content=\"article\" \/>\n<meta property=\"og:title\" content=\"Metal\u00fargicos federalizan su lucha: UOM Mercedes desembarcar\u00e1 en Rosario contra el &quot;saqueo de derechos&quot;\" \/>\n<meta property=\"og:description\" content=\"\u25a0 Humberto Perdiguero, titular de la seccional local, analiz\u00f3 el masivo acto en la provincia de C\u00f3rdoba y confirm\u00f3 que el pr\u00f3ximo martes movilizar\u00e1n a Santa Fe. Advirti\u00f3 sobre el &quot;goteo&quot; de despidos en las plantas de la regi\u00f3n.\" \/>\n<meta property=\"og:url\" content=\"https:\/\/noticiasmercedinas.com\/site\/2026\/02\/06\/metalurgicos-federalizan-su-lucha-uom-mercedes-desembarcara-en-rosario-contra-el-saqueo-de-derechos\/\" \/>\n<meta property=\"og:site_name\" content=\"NOTICIASMERCEDINAS.COM\" \/>\n<meta property=\"article:publisher\" content=\"https:\/\/www.facebook.com\/noticiasmercedinas\/\" \/>\n<meta property=\"article:published_time\" content=\"2026-02-06T20:04:49+00:00\" \/>\n<meta property=\"og:image\" content=\"https:\/\/noticiasmercedinas.com\/site\/wp-content\/uploads\/2026\/02\/cadena3.jpg\" \/>\n\t<meta property=\"og:image:width\" content=\"1200\" \/>\n\t<meta property=\"og:image:height\" content=\"675\" \/>\n\t<meta property=\"og:image:type\" content=\"image\/jpeg\" \/>\n<meta name=\"author\" content=\"NOTICIASMERCEDINAS.COM\" \/>\n<meta name=\"twitter:card\" content=\"summary_large_image\" \/>\n<meta name=\"twitter:creator\" content=\"@notmercedinas\" \/>\n<meta name=\"twitter:site\" content=\"@notmercedinas\" \/>\n<meta name=\"twitter:label1\" content=\"Escrito por\" \/>\n\t<meta name=\"twitter:data1\" content=\"NOTICIASMERCEDINAS.COM\" \/>\n\t<meta name=\"twitter:label2\" content=\"Tiempo de lectura\" \/>\n\t<meta name=\"twitter:data2\" content=\"4 minutos\" \/>\n<script type=\"application\/ld+json\" class=\"yoast-schema-graph\">{\"@context\":\"https:\\\/\\\/schema.org\",\"@graph\":[{\"@type\":\"Article\",\"@id\":\"https:\\\/\\\/noticiasmercedinas.com\\\/site\\\/2026\\\/02\\\/06\\\/metalurgicos-federalizan-su-lucha-uom-mercedes-desembarcara-en-rosario-contra-el-saqueo-de-derechos\\\/#article\",\"isPartOf\":{\"@id\":\"https:\\\/\\\/noticiasmercedinas.com\\\/site\\\/2026\\\/02\\\/06\\\/metalurgicos-federalizan-su-lucha-uom-mercedes-desembarcara-en-rosario-contra-el-saqueo-de-derechos\\\/\"},\"author\":{\"name\":\"NOTICIASMERCEDINAS.COM\",\"@id\":\"https:\\\/\\\/noticiasmercedinas.com\\\/site\\\/#\\\/schema\\\/person\\\/84b59c099c28ff2e8b77d4ceec5d8063\"},\"headline\":\"Metal\u00fargicos federalizan su lucha: UOM Mercedes desembarcar\u00e1 en Rosario contra el \u00absaqueo de derechos\u00bb\",\"datePublished\":\"2026-02-06T20:04:49+00:00\",\"mainEntityOfPage\":{\"@id\":\"https:\\\/\\\/noticiasmercedinas.com\\\/site\\\/2026\\\/02\\\/06\\\/metalurgicos-federalizan-su-lucha-uom-mercedes-desembarcara-en-rosario-contra-el-saqueo-de-derechos\\\/\"},\"wordCount\":669,\"publisher\":{\"@id\":\"https:\\\/\\\/noticiasmercedinas.com\\\/site\\\/#organization\"},\"image\":{\"@id\":\"https:\\\/\\\/noticiasmercedinas.com\\\/site\\\/2026\\\/02\\\/06\\\/metalurgicos-federalizan-su-lucha-uom-mercedes-desembarcara-en-rosario-contra-el-saqueo-de-derechos\\\/#primaryimage\"},\"thumbnailUrl\":\"https:\\\/\\\/noticiasmercedinas.com\\\/site\\\/wp-content\\\/uploads\\\/2026\\\/02\\\/cadena3.jpg\",\"keywords\":[\"humberto perdiguero\",\"reforma laboral\",\"uom\"],\"articleSection\":[\"Sociedad\"],\"inLanguage\":\"es\"},{\"@type\":\"WebPage\",\"@id\":\"https:\\\/\\\/noticiasmercedinas.com\\\/site\\\/2026\\\/02\\\/06\\\/metalurgicos-federalizan-su-lucha-uom-mercedes-desembarcara-en-rosario-contra-el-saqueo-de-derechos\\\/\",\"url\":\"https:\\\/\\\/noticiasmercedinas.com\\\/site\\\/2026\\\/02\\\/06\\\/metalurgicos-federalizan-su-lucha-uom-mercedes-desembarcara-en-rosario-contra-el-saqueo-de-derechos\\\/\",\"name\":\"Metal\u00fargicos federalizan su lucha: UOM Mercedes desembarcar\u00e1 en Rosario contra el \\\"saqueo de derechos\\\"\",\"isPartOf\":{\"@id\":\"https:\\\/\\\/noticiasmercedinas.com\\\/site\\\/#website\"},\"primaryImageOfPage\":{\"@id\":\"https:\\\/\\\/noticiasmercedinas.com\\\/site\\\/2026\\\/02\\\/06\\\/metalurgicos-federalizan-su-lucha-uom-mercedes-desembarcara-en-rosario-contra-el-saqueo-de-derechos\\\/#primaryimage\"},\"image\":{\"@id\":\"https:\\\/\\\/noticiasmercedinas.com\\\/site\\\/2026\\\/02\\\/06\\\/metalurgicos-federalizan-su-lucha-uom-mercedes-desembarcara-en-rosario-contra-el-saqueo-de-derechos\\\/#primaryimage\"},\"thumbnailUrl\":\"https:\\\/\\\/noticiasmercedinas.com\\\/site\\\/wp-content\\\/uploads\\\/2026\\\/02\\\/cadena3.jpg\",\"datePublished\":\"2026-02-06T20:04:49+00:00\",\"description\":\"\u25a0 Humberto Perdiguero, titular de la seccional local, analiz\u00f3 el masivo acto en la provincia de C\u00f3rdoba y confirm\u00f3 que el pr\u00f3ximo martes movilizar\u00e1n a Santa Fe. Advirti\u00f3 sobre el \\\"goteo\\\" de despidos en las plantas de la regi\u00f3n.\",\"breadcrumb\":{\"@id\":\"https:\\\/\\\/noticiasmercedinas.com\\\/site\\\/2026\\\/02\\\/06\\\/metalurgicos-federalizan-su-lucha-uom-mercedes-desembarcara-en-rosario-contra-el-saqueo-de-derechos\\\/#breadcrumb\"},\"inLanguage\":\"es\",\"potentialAction\":[{\"@type\":\"ReadAction\",\"target\":[\"https:\\\/\\\/noticiasmercedinas.com\\\/site\\\/2026\\\/02\\\/06\\\/metalurgicos-federalizan-su-lucha-uom-mercedes-desembarcara-en-rosario-contra-el-saqueo-de-derechos\\\/\"]}]},{\"@type\":\"ImageObject\",\"inLanguage\":\"es\",\"@id\":\"https:\\\/\\\/noticiasmercedinas.com\\\/site\\\/2026\\\/02\\\/06\\\/metalurgicos-federalizan-su-lucha-uom-mercedes-desembarcara-en-rosario-contra-el-saqueo-de-derechos\\\/#primaryimage\",\"url\":\"https:\\\/\\\/noticiasmercedinas.com\\\/site\\\/wp-content\\\/uploads\\\/2026\\\/02\\\/cadena3.jpg\",\"contentUrl\":\"https:\\\/\\\/noticiasmercedinas.com\\\/site\\\/wp-content\\\/uploads\\\/2026\\\/02\\\/cadena3.jpg\",\"width\":1200,\"height\":675},{\"@type\":\"BreadcrumbList\",\"@id\":\"https:\\\/\\\/noticiasmercedinas.com\\\/site\\\/2026\\\/02\\\/06\\\/metalurgicos-federalizan-su-lucha-uom-mercedes-desembarcara-en-rosario-contra-el-saqueo-de-derechos\\\/#breadcrumb\",\"itemListElement\":[{\"@type\":\"ListItem\",\"position\":1,\"name\":\"Portada\",\"item\":\"https:\\\/\\\/noticiasmercedinas.com\\\/site\\\/\"},{\"@type\":\"ListItem\",\"position\":2,\"name\":\"Metal\u00fargicos federalizan su lucha: UOM Mercedes desembarcar\u00e1 en Rosario contra el \u00absaqueo de derechos\u00bb\"}]},{\"@type\":\"WebSite\",\"@id\":\"https:\\\/\\\/noticiasmercedinas.com\\\/site\\\/#website\",\"url\":\"https:\\\/\\\/noticiasmercedinas.com\\\/site\\\/\",\"name\":\"NOTICIASMERCEDINAS.COM\",\"description\":\"Mercedes, Buenos Aires, Argentina\",\"publisher\":{\"@id\":\"https:\\\/\\\/noticiasmercedinas.com\\\/site\\\/#organization\"},\"potentialAction\":[{\"@type\":\"SearchAction\",\"target\":{\"@type\":\"EntryPoint\",\"urlTemplate\":\"https:\\\/\\\/noticiasmercedinas.com\\\/site\\\/?s={search_term_string}\"},\"query-input\":{\"@type\":\"PropertyValueSpecification\",\"valueRequired\":true,\"valueName\":\"search_term_string\"}}],\"inLanguage\":\"es\"},{\"@type\":\"Organization\",\"@id\":\"https:\\\/\\\/noticiasmercedinas.com\\\/site\\\/#organization\",\"name\":\"NOTICIASMERCEDINAS.COM\",\"url\":\"https:\\\/\\\/noticiasmercedinas.com\\\/site\\\/\",\"logo\":{\"@type\":\"ImageObject\",\"inLanguage\":\"es\",\"@id\":\"https:\\\/\\\/noticiasmercedinas.com\\\/site\\\/#\\\/schema\\\/logo\\\/image\\\/\",\"url\":\"https:\\\/\\\/noticiasmercedinas.com\\\/site\\\/wp-content\\\/uploads\\\/2020\\\/06\\\/LOGO-512.jpg\",\"contentUrl\":\"https:\\\/\\\/noticiasmercedinas.com\\\/site\\\/wp-content\\\/uploads\\\/2020\\\/06\\\/LOGO-512.jpg\",\"width\":512,\"height\":512,\"caption\":\"NOTICIASMERCEDINAS.COM\"},\"image\":{\"@id\":\"https:\\\/\\\/noticiasmercedinas.com\\\/site\\\/#\\\/schema\\\/logo\\\/image\\\/\"},\"sameAs\":[\"https:\\\/\\\/www.facebook.com\\\/noticiasmercedinas\\\/\",\"https:\\\/\\\/x.com\\\/notmercedinas\",\"https:\\\/\\\/www.instagram.com\\\/noticiasmercedinas\\\/\"]},{\"@type\":\"Person\",\"@id\":\"https:\\\/\\\/noticiasmercedinas.com\\\/site\\\/#\\\/schema\\\/person\\\/84b59c099c28ff2e8b77d4ceec5d8063\",\"name\":\"NOTICIASMERCEDINAS.COM\",\"image\":{\"@type\":\"ImageObject\",\"inLanguage\":\"es\",\"@id\":\"https:\\\/\\\/secure.gravatar.com\\\/avatar\\\/4dfbf16b4d17945bfb6341b2d19043457132fcf478a5ee04f42e959fd8f5df0a?s=96&d=mm&r=g\",\"url\":\"https:\\\/\\\/secure.gravatar.com\\\/avatar\\\/4dfbf16b4d17945bfb6341b2d19043457132fcf478a5ee04f42e959fd8f5df0a?s=96&d=mm&r=g\",\"contentUrl\":\"https:\\\/\\\/secure.gravatar.com\\\/avatar\\\/4dfbf16b4d17945bfb6341b2d19043457132fcf478a5ee04f42e959fd8f5df0a?s=96&d=mm&r=g\",\"caption\":\"NOTICIASMERCEDINAS.COM\"},\"url\":\"https:\\\/\\\/noticiasmercedinas.com\\\/site\\\/author\\\/anonimo\\\/\"}]}<\/script>\n<!-- \/ Yoast SEO plugin. -->","yoast_head_json":{"title":"Metal\u00fargicos federalizan su lucha: UOM Mercedes desembarcar\u00e1 en Rosario contra el \"saqueo de derechos\"","description":"\u25a0 Humberto Perdiguero, titular de la seccional local, analiz\u00f3 el masivo acto en la provincia de C\u00f3rdoba y confirm\u00f3 que el pr\u00f3ximo martes movilizar\u00e1n a Santa Fe. Advirti\u00f3 sobre el \"goteo\" de despidos en las plantas de la regi\u00f3n.","robots":{"index":"index","follow":"follow","max-snippet":"max-snippet:-1","max-image-preview":"max-image-preview:large","max-video-preview":"max-video-preview:-1"},"canonical":"https:\/\/noticiasmercedinas.com\/site\/2026\/02\/06\/metalurgicos-federalizan-su-lucha-uom-mercedes-desembarcara-en-rosario-contra-el-saqueo-de-derechos\/","og_locale":"es_ES","og_type":"article","og_title":"Metal\u00fargicos federalizan su lucha: UOM Mercedes desembarcar\u00e1 en Rosario contra el \"saqueo de derechos\"","og_description":"\u25a0 Humberto Perdiguero, titular de la seccional local, analiz\u00f3 el masivo acto en la provincia de C\u00f3rdoba y confirm\u00f3 que el pr\u00f3ximo martes movilizar\u00e1n a Santa Fe. Advirti\u00f3 sobre el \"goteo\" de despidos en las plantas de la regi\u00f3n.","og_url":"https:\/\/noticiasmercedinas.com\/site\/2026\/02\/06\/metalurgicos-federalizan-su-lucha-uom-mercedes-desembarcara-en-rosario-contra-el-saqueo-de-derechos\/","og_site_name":"NOTICIASMERCEDINAS.COM","article_publisher":"https:\/\/www.facebook.com\/noticiasmercedinas\/","article_published_time":"2026-02-06T20:04:49+00:00","og_image":[{"width":1200,"height":675,"url":"https:\/\/noticiasmercedinas.com\/site\/wp-content\/uploads\/2026\/02\/cadena3.jpg","type":"image\/jpeg"}],"author":"NOTICIASMERCEDINAS.COM","twitter_card":"summary_large_image","twitter_creator":"@notmercedinas","twitter_site":"@notmercedinas","twitter_misc":{"Escrito por":"NOTICIASMERCEDINAS.COM","Tiempo de lectura":"4 minutos"},"schema":{"@context":"https:\/\/schema.org","@graph":[{"@type":"Article","@id":"https:\/\/noticiasmercedinas.com\/site\/2026\/02\/06\/metalurgicos-federalizan-su-lucha-uom-mercedes-desembarcara-en-rosario-contra-el-saqueo-de-derechos\/#article","isPartOf":{"@id":"https:\/\/noticiasmercedinas.com\/site\/2026\/02\/06\/metalurgicos-federalizan-su-lucha-uom-mercedes-desembarcara-en-rosario-contra-el-saqueo-de-derechos\/"},"author":{"name":"NOTICIASMERCEDINAS.COM","@id":"https:\/\/noticiasmercedinas.com\/site\/#\/schema\/person\/84b59c099c28ff2e8b77d4ceec5d8063"},"headline":"Metal\u00fargicos federalizan su lucha: UOM Mercedes desembarcar\u00e1 en Rosario contra el \u00absaqueo de derechos\u00bb","datePublished":"2026-02-06T20:04:49+00:00","mainEntityOfPage":{"@id":"https:\/\/noticiasmercedinas.com\/site\/2026\/02\/06\/metalurgicos-federalizan-su-lucha-uom-mercedes-desembarcara-en-rosario-contra-el-saqueo-de-derechos\/"},"wordCount":669,"publisher":{"@id":"https:\/\/noticiasmercedinas.com\/site\/#organization"},"image":{"@id":"https:\/\/noticiasmercedinas.com\/site\/2026\/02\/06\/metalurgicos-federalizan-su-lucha-uom-mercedes-desembarcara-en-rosario-contra-el-saqueo-de-derechos\/#primaryimage"},"thumbnailUrl":"https:\/\/noticiasmercedinas.com\/site\/wp-content\/uploads\/2026\/02\/cadena3.jpg","keywords":["humberto perdiguero","reforma laboral","uom"],"articleSection":["Sociedad"],"inLanguage":"es"},{"@type":"WebPage","@id":"https:\/\/noticiasmercedinas.com\/site\/2026\/02\/06\/metalurgicos-federalizan-su-lucha-uom-mercedes-desembarcara-en-rosario-contra-el-saqueo-de-derechos\/","url":"https:\/\/noticiasmercedinas.com\/site\/2026\/02\/06\/metalurgicos-federalizan-su-lucha-uom-mercedes-desembarcara-en-rosario-contra-el-saqueo-de-derechos\/","name":"Metal\u00fargicos federalizan su lucha: UOM Mercedes desembarcar\u00e1 en Rosario contra el \"saqueo de derechos\"","isPartOf":{"@id":"https:\/\/noticiasmercedinas.com\/site\/#website"},"primaryImageOfPage":{"@id":"https:\/\/noticiasmercedinas.com\/site\/2026\/02\/06\/metalurgicos-federalizan-su-lucha-uom-mercedes-desembarcara-en-rosario-contra-el-saqueo-de-derechos\/#primaryimage"},"image":{"@id":"https:\/\/noticiasmercedinas.com\/site\/2026\/02\/06\/metalurgicos-federalizan-su-lucha-uom-mercedes-desembarcara-en-rosario-contra-el-saqueo-de-derechos\/#primaryimage"},"thumbnailUrl":"https:\/\/noticiasmercedinas.com\/site\/wp-content\/uploads\/2026\/02\/cadena3.jpg","datePublished":"2026-02-06T20:04:49+00:00","description":"\u25a0 Humberto Perdiguero, titular de la seccional local, analiz\u00f3 el masivo acto en la provincia de C\u00f3rdoba y confirm\u00f3 que el pr\u00f3ximo martes movilizar\u00e1n a Santa Fe. Advirti\u00f3 sobre el \"goteo\" de despidos en las plantas de la regi\u00f3n.","breadcrumb":{"@id":"https:\/\/noticiasmercedinas.com\/site\/2026\/02\/06\/metalurgicos-federalizan-su-lucha-uom-mercedes-desembarcara-en-rosario-contra-el-saqueo-de-derechos\/#breadcrumb"},"inLanguage":"es","potentialAction":[{"@type":"ReadAction","target":["https:\/\/noticiasmercedinas.com\/site\/2026\/02\/06\/metalurgicos-federalizan-su-lucha-uom-mercedes-desembarcara-en-rosario-contra-el-saqueo-de-derechos\/"]}]},{"@type":"ImageObject","inLanguage":"es","@id":"https:\/\/noticiasmercedinas.com\/site\/2026\/02\/06\/metalurgicos-federalizan-su-lucha-uom-mercedes-desembarcara-en-rosario-contra-el-saqueo-de-derechos\/#primaryimage","url":"https:\/\/noticiasmercedinas.com\/site\/wp-content\/uploads\/2026\/02\/cadena3.jpg","contentUrl":"https:\/\/noticiasmercedinas.com\/site\/wp-content\/uploads\/2026\/02\/cadena3.jpg","width":1200,"height":675},{"@type":"BreadcrumbList","@id":"https:\/\/noticiasmercedinas.com\/site\/2026\/02\/06\/metalurgicos-federalizan-su-lucha-uom-mercedes-desembarcara-en-rosario-contra-el-saqueo-de-derechos\/#breadcrumb","itemListElement":[{"@type":"ListItem","position":1,"name":"Portada","item":"https:\/\/noticiasmercedinas.com\/site\/"},{"@type":"ListItem","position":2,"name":"Metal\u00fargicos federalizan su lucha: UOM Mercedes desembarcar\u00e1 en Rosario contra el \u00absaqueo de derechos\u00bb"}]},{"@type":"WebSite","@id":"https:\/\/noticiasmercedinas.com\/site\/#website","url":"https:\/\/noticiasmercedinas.com\/site\/","name":"NOTICIASMERCEDINAS.COM","description":"Mercedes, Buenos Aires, Argentina","publisher":{"@id":"https:\/\/noticiasmercedinas.com\/site\/#organization"},"potentialAction":[{"@type":"SearchAction","target":{"@type":"EntryPoint","urlTemplate":"https:\/\/noticiasmercedinas.com\/site\/?s={search_term_string}"},"query-input":{"@type":"PropertyValueSpecification","valueRequired":true,"valueName":"search_term_string"}}],"inLanguage":"es"},{"@type":"Organization","@id":"https:\/\/noticiasmercedinas.com\/site\/#organization","name":"NOTICIASMERCEDINAS.COM","url":"https:\/\/noticiasmercedinas.com\/site\/","logo":{"@type":"ImageObject","inLanguage":"es","@id":"https:\/\/noticiasmercedinas.com\/site\/#\/schema\/logo\/image\/","url":"https:\/\/noticiasmercedinas.com\/site\/wp-content\/uploads\/2020\/06\/LOGO-512.jpg","contentUrl":"https:\/\/noticiasmercedinas.com\/site\/wp-content\/uploads\/2020\/06\/LOGO-512.jpg","width":512,"height":512,"caption":"NOTICIASMERCEDINAS.COM"},"image":{"@id":"https:\/\/noticiasmercedinas.com\/site\/#\/schema\/logo\/image\/"},"sameAs":["https:\/\/www.facebook.com\/noticiasmercedinas\/","https:\/\/x.com\/notmercedinas","https:\/\/www.instagram.com\/noticiasmercedinas\/"]},{"@type":"Person","@id":"https:\/\/noticiasmercedinas.com\/site\/#\/schema\/person\/84b59c099c28ff2e8b77d4ceec5d8063","name":"NOTICIASMERCEDINAS.COM","image":{"@type":"ImageObject","inLanguage":"es","@id":"https:\/\/secure.gravatar.com\/avatar\/4dfbf16b4d17945bfb6341b2d19043457132fcf478a5ee04f42e959fd8f5df0a?s=96&d=mm&r=g","url":"https:\/\/secure.gravatar.com\/avatar\/4dfbf16b4d17945bfb6341b2d19043457132fcf478a5ee04f42e959fd8f5df0a?s=96&d=mm&r=g","contentUrl":"https:\/\/secure.gravatar.com\/avatar\/4dfbf16b4d17945bfb6341b2d19043457132fcf478a5ee04f42e959fd8f5df0a?s=96&d=mm&r=g","caption":"NOTICIASMERCEDINAS.COM"},"url":"https:\/\/noticiasmercedinas.com\/site\/author\/anonimo\/"}]}},"amp_enabled":true,"_links":{"self":[{"href":"https:\/\/noticiasmercedinas.com\/site\/wp-json\/wp\/v2\/posts\/179576","targetHints":{"allow":["GET"]}}],"collection":[{"href":"https:\/\/noticiasmercedinas.com\/site\/wp-json\/wp\/v2\/posts"}],"about":[{"href":"https:\/\/noticiasmercedinas.com\/site\/wp-json\/wp\/v2\/types\/post"}],"author":[{"embeddable":true,"href":"https:\/\/noticiasmercedinas.com\/site\/wp-json\/wp\/v2\/users\/16"}],"replies":[{"embeddable":true,"href":"https:\/\/noticiasmercedinas.com\/site\/wp-json\/wp\/v2\/comments?post=179576"}],"version-history":[{"count":1,"href":"https:\/\/noticiasmercedinas.com\/site\/wp-json\/wp\/v2\/posts\/179576\/revisions"}],"predecessor-version":[{"id":179579,"href":"https:\/\/noticiasmercedinas.com\/site\/wp-json\/wp\/v2\/posts\/179576\/revisions\/179579"}],"wp:featuredmedia":[{"embeddable":true,"href":"https:\/\/noticiasmercedinas.com\/site\/wp-json\/wp\/v2\/media\/179577"}],"wp:attachment":[{"href":"https:\/\/noticiasmercedinas.com\/site\/wp-json\/wp\/v2\/media?parent=179576"}],"wp:term":[{"taxonomy":"category","embeddable":true,"href":"https:\/\/noticiasmercedinas.com\/site\/wp-json\/wp\/v2\/categories?post=179576"},{"taxonomy":"post_tag","embeddable":true,"href":"https:\/\/noticiasmercedinas.com\/site\/wp-json\/wp\/v2\/tags?post=179576"}],"curies":[{"name":"wp","href":"https:\/\/api.w.org\/{rel}","templated":true}]}}