{"id":179623,"date":"2026-02-07T16:49:06","date_gmt":"2026-02-07T19:49:06","guid":{"rendered":"https:\/\/noticiasmercedinas.com\/site\/?p=179623"},"modified":"2026-02-08T11:22:22","modified_gmt":"2026-02-08T14:22:22","slug":"los-guerreros-finalizaron-cuartos-en-la-copa-libertadores","status":"publish","type":"post","link":"https:\/\/noticiasmercedinas.com\/site\/2026\/02\/07\/los-guerreros-finalizaron-cuartos-en-la-copa-libertadores\/","title":{"rendered":"Los Guerreros finalizaron cuartos en la Copa Libertadores"},"content":{"rendered":"<p data-path-to-node=\"3\"><img loading=\"lazy\" decoding=\"async\" class=\"alignnone size-full wp-image-179624\" src=\"https:\/\/noticiasmercedinas.com\/site\/wp-content\/uploads\/2026\/02\/627623930_18003725408853769_5246879623481017728_n.jpg\" alt=\"\" width=\"640\" height=\"800\" srcset=\"https:\/\/noticiasmercedinas.com\/site\/wp-content\/uploads\/2026\/02\/627623930_18003725408853769_5246879623481017728_n.jpg 640w, https:\/\/noticiasmercedinas.com\/site\/wp-content\/uploads\/2026\/02\/627623930_18003725408853769_5246879623481017728_n-240x300.jpg 240w\" sizes=\"auto, (max-width: 640px) 100vw, 640px\" \/><\/p>\n<p>En una tarde marcada por las condiciones clim\u00e1ticas adversas, el club argentino <b data-path-to-node=\"3\" data-index-in-node=\"100\">Los Guerreros de Rosario<\/b> finaliz\u00f3 en la cuarta posici\u00f3n de la primera edici\u00f3n de la <b data-path-to-node=\"3\" data-index-in-node=\"184\">Copa Libertadores de F\u00fatbol Amputados<\/b>, tras caer este s\u00e1bado por <b data-path-to-node=\"3\" data-index-in-node=\"249\">3-2<\/b> ante <b data-path-to-node=\"3\" data-index-in-node=\"258\">San Benito de Brasil<\/b>. El encuentro, v\u00e1lido por el tercer puesto del podio, se disput\u00f3 en el complejo sint\u00e9tico de Esperia, en la ciudad de San Pablo.<\/p>\n<p data-path-to-node=\"4\">El desarrollo del partido fue de menor a mayor en intensidad. El conjunto local logr\u00f3 romper el cero apenas segundos antes de finalizar la primera etapa, aprovechando una desatenci\u00f3n defensiva para irse al descanso con la ventaja m\u00ednima. Sin embargo, en el complemento, la reacci\u00f3n de los argentinos no se hizo esperar. Con una notable muestra de car\u00e1cter, Los Guerreros dieron vuelta el marcador con goles de <b data-path-to-node=\"4\" data-index-in-node=\"410\">Navarro<\/b> y <b data-path-to-node=\"4\" data-index-in-node=\"420\">Gonz\u00e1lez<\/b>, posicion\u00e1ndose 2-1 arriba y so\u00f1ando con la medalla de bronce.<\/p>\n<p data-path-to-node=\"5\">Pese al esfuerzo del equipo santafesino, que cont\u00f3 con el mercedino <b data-path-to-node=\"5\" data-index-in-node=\"68\">Dami\u00e1n Defelippe<\/b> custodiando el arco desde el arranque, San Benito logr\u00f3 capitalizar sus oportunidades en el tramo final. En un cierre de partido friccionado y con un extenso tiempo adicionado, el equipo brasile\u00f1o volvi\u00f3 a ponerse en ventaja para sellar el 3-2 definitivo.<\/p>\n<p data-path-to-node=\"6\">La delegaci\u00f3n argentina cierra as\u00ed una participaci\u00f3n hist\u00f3rica en este certamen pionero para la disciplina a nivel sudamericano. Mientras Los Guerreros se desped\u00edan con un meritorio cuarto lugar, la jornada de cierre se completaba con la gran final entre los elencos brasile\u00f1os de <b data-path-to-node=\"6\" data-index-in-node=\"281\">Ourinhos<\/b> y <b data-path-to-node=\"6\" data-index-in-node=\"292\">Esperia<\/b>, quienes defin\u00edan al primer campe\u00f3n de la historia del torneo.<\/p>\n","protected":false},"excerpt":{"rendered":"<p>\u25a0 El conjunto rosarino, con el arquero mercedino Dami\u00e1n Defelippe como titular, cay\u00f3 3-2 ante el equipo brasile\u00f1o en un cierre ajustado. La primera edici\u00f3n del certamen continental se defini\u00f3 este s\u00e1bado en San Pablo bajo una persistente lluvia.<\/p>\n","protected":false},"author":6,"featured_media":179624,"comment_status":"closed","ping_status":"closed","sticky":false,"template":"","format":"standard","meta":{"footnotes":""},"categories":[5],"tags":[1501,6804,1696],"class_list":["post-179623","post","type-post","status-publish","format-standard","has-post-thumbnail","hentry","category-deportes","tag-copa-libertadores","tag-damian-defelippe","tag-futbol-amputados"],"yoast_head":"<!-- This site is optimized with the Yoast SEO plugin v27.5 - https:\/\/yoast.com\/product\/yoast-seo-wordpress\/ -->\n<title>Los Guerreros finalizaron cuartos en la Copa Libertadores<\/title>\n<meta name=\"robots\" content=\"index, follow, max-snippet:-1, max-image-preview:large, max-video-preview:-1\" \/>\n<link rel=\"canonical\" href=\"https:\/\/noticiasmercedinas.com\/site\/2026\/02\/07\/los-guerreros-finalizaron-cuartos-en-la-copa-libertadores\/\" \/>\n<meta property=\"og:locale\" content=\"es_ES\" \/>\n<meta property=\"og:type\" content=\"article\" \/>\n<meta property=\"og:title\" content=\"Los Guerreros finalizaron cuartos en la Copa Libertadores\" \/>\n<meta property=\"og:description\" content=\"\u25a0 El conjunto rosarino, con el arquero mercedino Dami\u00e1n Defelippe como titular, cay\u00f3 3-2 ante el equipo brasile\u00f1o en un cierre ajustado. La primera edici\u00f3n del certamen continental se defini\u00f3 este s\u00e1bado en San Pablo bajo una persistente lluvia.\" \/>\n<meta property=\"og:url\" content=\"https:\/\/noticiasmercedinas.com\/site\/2026\/02\/07\/los-guerreros-finalizaron-cuartos-en-la-copa-libertadores\/\" \/>\n<meta property=\"og:site_name\" content=\"NOTICIASMERCEDINAS.COM\" \/>\n<meta property=\"article:publisher\" content=\"https:\/\/www.facebook.com\/noticiasmercedinas\/\" \/>\n<meta property=\"article:published_time\" content=\"2026-02-07T19:49:06+00:00\" \/>\n<meta property=\"article:modified_time\" content=\"2026-02-08T14:22:22+00:00\" \/>\n<meta property=\"og:image\" content=\"https:\/\/noticiasmercedinas.com\/site\/wp-content\/uploads\/2026\/02\/627623930_18003725408853769_5246879623481017728_n.jpg\" \/>\n\t<meta property=\"og:image:width\" content=\"640\" \/>\n\t<meta property=\"og:image:height\" content=\"800\" \/>\n\t<meta property=\"og:image:type\" content=\"image\/jpeg\" \/>\n<meta name=\"author\" content=\"Juan Dagnino NOTICIASMERCEDINAS.COM\" \/>\n<meta name=\"twitter:card\" content=\"summary_large_image\" \/>\n<meta name=\"twitter:creator\" content=\"@notmercedinas\" \/>\n<meta name=\"twitter:site\" content=\"@notmercedinas\" \/>\n<meta name=\"twitter:label1\" content=\"Escrito por\" \/>\n\t<meta name=\"twitter:data1\" content=\"Juan Dagnino NOTICIASMERCEDINAS.COM\" \/>\n\t<meta name=\"twitter:label2\" content=\"Tiempo de lectura\" \/>\n\t<meta name=\"twitter:data2\" content=\"2 minutos\" \/>\n<script type=\"application\/ld+json\" class=\"yoast-schema-graph\">{\"@context\":\"https:\\\/\\\/schema.org\",\"@graph\":[{\"@type\":\"Article\",\"@id\":\"https:\\\/\\\/noticiasmercedinas.com\\\/site\\\/2026\\\/02\\\/07\\\/los-guerreros-finalizaron-cuartos-en-la-copa-libertadores\\\/#article\",\"isPartOf\":{\"@id\":\"https:\\\/\\\/noticiasmercedinas.com\\\/site\\\/2026\\\/02\\\/07\\\/los-guerreros-finalizaron-cuartos-en-la-copa-libertadores\\\/\"},\"author\":{\"name\":\"Juan Dagnino NOTICIASMERCEDINAS.COM\",\"@id\":\"https:\\\/\\\/noticiasmercedinas.com\\\/site\\\/#\\\/schema\\\/person\\\/8f2f09d666ef40986eba4a5e6f2a06f9\"},\"headline\":\"Los Guerreros finalizaron cuartos en la Copa Libertadores\",\"datePublished\":\"2026-02-07T19:49:06+00:00\",\"dateModified\":\"2026-02-08T14:22:22+00:00\",\"mainEntityOfPage\":{\"@id\":\"https:\\\/\\\/noticiasmercedinas.com\\\/site\\\/2026\\\/02\\\/07\\\/los-guerreros-finalizaron-cuartos-en-la-copa-libertadores\\\/\"},\"wordCount\":287,\"publisher\":{\"@id\":\"https:\\\/\\\/noticiasmercedinas.com\\\/site\\\/#organization\"},\"image\":{\"@id\":\"https:\\\/\\\/noticiasmercedinas.com\\\/site\\\/2026\\\/02\\\/07\\\/los-guerreros-finalizaron-cuartos-en-la-copa-libertadores\\\/#primaryimage\"},\"thumbnailUrl\":\"https:\\\/\\\/noticiasmercedinas.com\\\/site\\\/wp-content\\\/uploads\\\/2026\\\/02\\\/627623930_18003725408853769_5246879623481017728_n.jpg\",\"keywords\":[\"copa libertadores\",\"Damian Defelippe\",\"f\u00fatbol amputados\"],\"articleSection\":[\"Deportes\"],\"inLanguage\":\"es\"},{\"@type\":\"WebPage\",\"@id\":\"https:\\\/\\\/noticiasmercedinas.com\\\/site\\\/2026\\\/02\\\/07\\\/los-guerreros-finalizaron-cuartos-en-la-copa-libertadores\\\/\",\"url\":\"https:\\\/\\\/noticiasmercedinas.com\\\/site\\\/2026\\\/02\\\/07\\\/los-guerreros-finalizaron-cuartos-en-la-copa-libertadores\\\/\",\"name\":\"Los Guerreros finalizaron cuartos en la Copa Libertadores\",\"isPartOf\":{\"@id\":\"https:\\\/\\\/noticiasmercedinas.com\\\/site\\\/#website\"},\"primaryImageOfPage\":{\"@id\":\"https:\\\/\\\/noticiasmercedinas.com\\\/site\\\/2026\\\/02\\\/07\\\/los-guerreros-finalizaron-cuartos-en-la-copa-libertadores\\\/#primaryimage\"},\"image\":{\"@id\":\"https:\\\/\\\/noticiasmercedinas.com\\\/site\\\/2026\\\/02\\\/07\\\/los-guerreros-finalizaron-cuartos-en-la-copa-libertadores\\\/#primaryimage\"},\"thumbnailUrl\":\"https:\\\/\\\/noticiasmercedinas.com\\\/site\\\/wp-content\\\/uploads\\\/2026\\\/02\\\/627623930_18003725408853769_5246879623481017728_n.jpg\",\"datePublished\":\"2026-02-07T19:49:06+00:00\",\"dateModified\":\"2026-02-08T14:22:22+00:00\",\"breadcrumb\":{\"@id\":\"https:\\\/\\\/noticiasmercedinas.com\\\/site\\\/2026\\\/02\\\/07\\\/los-guerreros-finalizaron-cuartos-en-la-copa-libertadores\\\/#breadcrumb\"},\"inLanguage\":\"es\",\"potentialAction\":[{\"@type\":\"ReadAction\",\"target\":[\"https:\\\/\\\/noticiasmercedinas.com\\\/site\\\/2026\\\/02\\\/07\\\/los-guerreros-finalizaron-cuartos-en-la-copa-libertadores\\\/\"]}]},{\"@type\":\"ImageObject\",\"inLanguage\":\"es\",\"@id\":\"https:\\\/\\\/noticiasmercedinas.com\\\/site\\\/2026\\\/02\\\/07\\\/los-guerreros-finalizaron-cuartos-en-la-copa-libertadores\\\/#primaryimage\",\"url\":\"https:\\\/\\\/noticiasmercedinas.com\\\/site\\\/wp-content\\\/uploads\\\/2026\\\/02\\\/627623930_18003725408853769_5246879623481017728_n.jpg\",\"contentUrl\":\"https:\\\/\\\/noticiasmercedinas.com\\\/site\\\/wp-content\\\/uploads\\\/2026\\\/02\\\/627623930_18003725408853769_5246879623481017728_n.jpg\",\"width\":640,\"height\":800},{\"@type\":\"BreadcrumbList\",\"@id\":\"https:\\\/\\\/noticiasmercedinas.com\\\/site\\\/2026\\\/02\\\/07\\\/los-guerreros-finalizaron-cuartos-en-la-copa-libertadores\\\/#breadcrumb\",\"itemListElement\":[{\"@type\":\"ListItem\",\"position\":1,\"name\":\"Portada\",\"item\":\"https:\\\/\\\/noticiasmercedinas.com\\\/site\\\/\"},{\"@type\":\"ListItem\",\"position\":2,\"name\":\"Los Guerreros finalizaron cuartos en la Copa Libertadores\"}]},{\"@type\":\"WebSite\",\"@id\":\"https:\\\/\\\/noticiasmercedinas.com\\\/site\\\/#website\",\"url\":\"https:\\\/\\\/noticiasmercedinas.com\\\/site\\\/\",\"name\":\"NOTICIASMERCEDINAS.COM\",\"description\":\"Mercedes, Buenos Aires, Argentina\",\"publisher\":{\"@id\":\"https:\\\/\\\/noticiasmercedinas.com\\\/site\\\/#organization\"},\"potentialAction\":[{\"@type\":\"SearchAction\",\"target\":{\"@type\":\"EntryPoint\",\"urlTemplate\":\"https:\\\/\\\/noticiasmercedinas.com\\\/site\\\/?s={search_term_string}\"},\"query-input\":{\"@type\":\"PropertyValueSpecification\",\"valueRequired\":true,\"valueName\":\"search_term_string\"}}],\"inLanguage\":\"es\"},{\"@type\":\"Organization\",\"@id\":\"https:\\\/\\\/noticiasmercedinas.com\\\/site\\\/#organization\",\"name\":\"NOTICIASMERCEDINAS.COM\",\"url\":\"https:\\\/\\\/noticiasmercedinas.com\\\/site\\\/\",\"logo\":{\"@type\":\"ImageObject\",\"inLanguage\":\"es\",\"@id\":\"https:\\\/\\\/noticiasmercedinas.com\\\/site\\\/#\\\/schema\\\/logo\\\/image\\\/\",\"url\":\"https:\\\/\\\/noticiasmercedinas.com\\\/site\\\/wp-content\\\/uploads\\\/2020\\\/06\\\/LOGO-512.jpg\",\"contentUrl\":\"https:\\\/\\\/noticiasmercedinas.com\\\/site\\\/wp-content\\\/uploads\\\/2020\\\/06\\\/LOGO-512.jpg\",\"width\":512,\"height\":512,\"caption\":\"NOTICIASMERCEDINAS.COM\"},\"image\":{\"@id\":\"https:\\\/\\\/noticiasmercedinas.com\\\/site\\\/#\\\/schema\\\/logo\\\/image\\\/\"},\"sameAs\":[\"https:\\\/\\\/www.facebook.com\\\/noticiasmercedinas\\\/\",\"https:\\\/\\\/x.com\\\/notmercedinas\",\"https:\\\/\\\/www.instagram.com\\\/noticiasmercedinas\\\/\"]},{\"@type\":\"Person\",\"@id\":\"https:\\\/\\\/noticiasmercedinas.com\\\/site\\\/#\\\/schema\\\/person\\\/8f2f09d666ef40986eba4a5e6f2a06f9\",\"name\":\"Juan Dagnino NOTICIASMERCEDINAS.COM\",\"image\":{\"@type\":\"ImageObject\",\"inLanguage\":\"es\",\"@id\":\"https:\\\/\\\/secure.gravatar.com\\\/avatar\\\/fc7059a769f5a3cae65fadb228a3e4accf3a64b4b2305020d0a27e6d5333c91b?s=96&d=mm&r=g\",\"url\":\"https:\\\/\\\/secure.gravatar.com\\\/avatar\\\/fc7059a769f5a3cae65fadb228a3e4accf3a64b4b2305020d0a27e6d5333c91b?s=96&d=mm&r=g\",\"contentUrl\":\"https:\\\/\\\/secure.gravatar.com\\\/avatar\\\/fc7059a769f5a3cae65fadb228a3e4accf3a64b4b2305020d0a27e6d5333c91b?s=96&d=mm&r=g\",\"caption\":\"Juan Dagnino NOTICIASMERCEDINAS.COM\"},\"url\":\"https:\\\/\\\/noticiasmercedinas.com\\\/site\\\/author\\\/juandagnino\\\/\"}]}<\/script>\n<!-- \/ Yoast SEO plugin. -->","yoast_head_json":{"title":"Los Guerreros finalizaron cuartos en la Copa Libertadores","robots":{"index":"index","follow":"follow","max-snippet":"max-snippet:-1","max-image-preview":"max-image-preview:large","max-video-preview":"max-video-preview:-1"},"canonical":"https:\/\/noticiasmercedinas.com\/site\/2026\/02\/07\/los-guerreros-finalizaron-cuartos-en-la-copa-libertadores\/","og_locale":"es_ES","og_type":"article","og_title":"Los Guerreros finalizaron cuartos en la Copa Libertadores","og_description":"\u25a0 El conjunto rosarino, con el arquero mercedino Dami\u00e1n Defelippe como titular, cay\u00f3 3-2 ante el equipo brasile\u00f1o en un cierre ajustado. La primera edici\u00f3n del certamen continental se defini\u00f3 este s\u00e1bado en San Pablo bajo una persistente lluvia.","og_url":"https:\/\/noticiasmercedinas.com\/site\/2026\/02\/07\/los-guerreros-finalizaron-cuartos-en-la-copa-libertadores\/","og_site_name":"NOTICIASMERCEDINAS.COM","article_publisher":"https:\/\/www.facebook.com\/noticiasmercedinas\/","article_published_time":"2026-02-07T19:49:06+00:00","article_modified_time":"2026-02-08T14:22:22+00:00","og_image":[{"width":640,"height":800,"url":"https:\/\/noticiasmercedinas.com\/site\/wp-content\/uploads\/2026\/02\/627623930_18003725408853769_5246879623481017728_n.jpg","type":"image\/jpeg"}],"author":"Juan Dagnino NOTICIASMERCEDINAS.COM","twitter_card":"summary_large_image","twitter_creator":"@notmercedinas","twitter_site":"@notmercedinas","twitter_misc":{"Escrito por":"Juan Dagnino NOTICIASMERCEDINAS.COM","Tiempo de lectura":"2 minutos"},"schema":{"@context":"https:\/\/schema.org","@graph":[{"@type":"Article","@id":"https:\/\/noticiasmercedinas.com\/site\/2026\/02\/07\/los-guerreros-finalizaron-cuartos-en-la-copa-libertadores\/#article","isPartOf":{"@id":"https:\/\/noticiasmercedinas.com\/site\/2026\/02\/07\/los-guerreros-finalizaron-cuartos-en-la-copa-libertadores\/"},"author":{"name":"Juan Dagnino NOTICIASMERCEDINAS.COM","@id":"https:\/\/noticiasmercedinas.com\/site\/#\/schema\/person\/8f2f09d666ef40986eba4a5e6f2a06f9"},"headline":"Los Guerreros finalizaron cuartos en la Copa Libertadores","datePublished":"2026-02-07T19:49:06+00:00","dateModified":"2026-02-08T14:22:22+00:00","mainEntityOfPage":{"@id":"https:\/\/noticiasmercedinas.com\/site\/2026\/02\/07\/los-guerreros-finalizaron-cuartos-en-la-copa-libertadores\/"},"wordCount":287,"publisher":{"@id":"https:\/\/noticiasmercedinas.com\/site\/#organization"},"image":{"@id":"https:\/\/noticiasmercedinas.com\/site\/2026\/02\/07\/los-guerreros-finalizaron-cuartos-en-la-copa-libertadores\/#primaryimage"},"thumbnailUrl":"https:\/\/noticiasmercedinas.com\/site\/wp-content\/uploads\/2026\/02\/627623930_18003725408853769_5246879623481017728_n.jpg","keywords":["copa libertadores","Damian Defelippe","f\u00fatbol amputados"],"articleSection":["Deportes"],"inLanguage":"es"},{"@type":"WebPage","@id":"https:\/\/noticiasmercedinas.com\/site\/2026\/02\/07\/los-guerreros-finalizaron-cuartos-en-la-copa-libertadores\/","url":"https:\/\/noticiasmercedinas.com\/site\/2026\/02\/07\/los-guerreros-finalizaron-cuartos-en-la-copa-libertadores\/","name":"Los Guerreros finalizaron cuartos en la Copa Libertadores","isPartOf":{"@id":"https:\/\/noticiasmercedinas.com\/site\/#website"},"primaryImageOfPage":{"@id":"https:\/\/noticiasmercedinas.com\/site\/2026\/02\/07\/los-guerreros-finalizaron-cuartos-en-la-copa-libertadores\/#primaryimage"},"image":{"@id":"https:\/\/noticiasmercedinas.com\/site\/2026\/02\/07\/los-guerreros-finalizaron-cuartos-en-la-copa-libertadores\/#primaryimage"},"thumbnailUrl":"https:\/\/noticiasmercedinas.com\/site\/wp-content\/uploads\/2026\/02\/627623930_18003725408853769_5246879623481017728_n.jpg","datePublished":"2026-02-07T19:49:06+00:00","dateModified":"2026-02-08T14:22:22+00:00","breadcrumb":{"@id":"https:\/\/noticiasmercedinas.com\/site\/2026\/02\/07\/los-guerreros-finalizaron-cuartos-en-la-copa-libertadores\/#breadcrumb"},"inLanguage":"es","potentialAction":[{"@type":"ReadAction","target":["https:\/\/noticiasmercedinas.com\/site\/2026\/02\/07\/los-guerreros-finalizaron-cuartos-en-la-copa-libertadores\/"]}]},{"@type":"ImageObject","inLanguage":"es","@id":"https:\/\/noticiasmercedinas.com\/site\/2026\/02\/07\/los-guerreros-finalizaron-cuartos-en-la-copa-libertadores\/#primaryimage","url":"https:\/\/noticiasmercedinas.com\/site\/wp-content\/uploads\/2026\/02\/627623930_18003725408853769_5246879623481017728_n.jpg","contentUrl":"https:\/\/noticiasmercedinas.com\/site\/wp-content\/uploads\/2026\/02\/627623930_18003725408853769_5246879623481017728_n.jpg","width":640,"height":800},{"@type":"BreadcrumbList","@id":"https:\/\/noticiasmercedinas.com\/site\/2026\/02\/07\/los-guerreros-finalizaron-cuartos-en-la-copa-libertadores\/#breadcrumb","itemListElement":[{"@type":"ListItem","position":1,"name":"Portada","item":"https:\/\/noticiasmercedinas.com\/site\/"},{"@type":"ListItem","position":2,"name":"Los Guerreros finalizaron cuartos en la Copa Libertadores"}]},{"@type":"WebSite","@id":"https:\/\/noticiasmercedinas.com\/site\/#website","url":"https:\/\/noticiasmercedinas.com\/site\/","name":"NOTICIASMERCEDINAS.COM","description":"Mercedes, Buenos Aires, Argentina","publisher":{"@id":"https:\/\/noticiasmercedinas.com\/site\/#organization"},"potentialAction":[{"@type":"SearchAction","target":{"@type":"EntryPoint","urlTemplate":"https:\/\/noticiasmercedinas.com\/site\/?s={search_term_string}"},"query-input":{"@type":"PropertyValueSpecification","valueRequired":true,"valueName":"search_term_string"}}],"inLanguage":"es"},{"@type":"Organization","@id":"https:\/\/noticiasmercedinas.com\/site\/#organization","name":"NOTICIASMERCEDINAS.COM","url":"https:\/\/noticiasmercedinas.com\/site\/","logo":{"@type":"ImageObject","inLanguage":"es","@id":"https:\/\/noticiasmercedinas.com\/site\/#\/schema\/logo\/image\/","url":"https:\/\/noticiasmercedinas.com\/site\/wp-content\/uploads\/2020\/06\/LOGO-512.jpg","contentUrl":"https:\/\/noticiasmercedinas.com\/site\/wp-content\/uploads\/2020\/06\/LOGO-512.jpg","width":512,"height":512,"caption":"NOTICIASMERCEDINAS.COM"},"image":{"@id":"https:\/\/noticiasmercedinas.com\/site\/#\/schema\/logo\/image\/"},"sameAs":["https:\/\/www.facebook.com\/noticiasmercedinas\/","https:\/\/x.com\/notmercedinas","https:\/\/www.instagram.com\/noticiasmercedinas\/"]},{"@type":"Person","@id":"https:\/\/noticiasmercedinas.com\/site\/#\/schema\/person\/8f2f09d666ef40986eba4a5e6f2a06f9","name":"Juan Dagnino NOTICIASMERCEDINAS.COM","image":{"@type":"ImageObject","inLanguage":"es","@id":"https:\/\/secure.gravatar.com\/avatar\/fc7059a769f5a3cae65fadb228a3e4accf3a64b4b2305020d0a27e6d5333c91b?s=96&d=mm&r=g","url":"https:\/\/secure.gravatar.com\/avatar\/fc7059a769f5a3cae65fadb228a3e4accf3a64b4b2305020d0a27e6d5333c91b?s=96&d=mm&r=g","contentUrl":"https:\/\/secure.gravatar.com\/avatar\/fc7059a769f5a3cae65fadb228a3e4accf3a64b4b2305020d0a27e6d5333c91b?s=96&d=mm&r=g","caption":"Juan Dagnino NOTICIASMERCEDINAS.COM"},"url":"https:\/\/noticiasmercedinas.com\/site\/author\/juandagnino\/"}]}},"amp_enabled":true,"_links":{"self":[{"href":"https:\/\/noticiasmercedinas.com\/site\/wp-json\/wp\/v2\/posts\/179623","targetHints":{"allow":["GET"]}}],"collection":[{"href":"https:\/\/noticiasmercedinas.com\/site\/wp-json\/wp\/v2\/posts"}],"about":[{"href":"https:\/\/noticiasmercedinas.com\/site\/wp-json\/wp\/v2\/types\/post"}],"author":[{"embeddable":true,"href":"https:\/\/noticiasmercedinas.com\/site\/wp-json\/wp\/v2\/users\/6"}],"replies":[{"embeddable":true,"href":"https:\/\/noticiasmercedinas.com\/site\/wp-json\/wp\/v2\/comments?post=179623"}],"version-history":[{"count":2,"href":"https:\/\/noticiasmercedinas.com\/site\/wp-json\/wp\/v2\/posts\/179623\/revisions"}],"predecessor-version":[{"id":179641,"href":"https:\/\/noticiasmercedinas.com\/site\/wp-json\/wp\/v2\/posts\/179623\/revisions\/179641"}],"wp:featuredmedia":[{"embeddable":true,"href":"https:\/\/noticiasmercedinas.com\/site\/wp-json\/wp\/v2\/media\/179624"}],"wp:attachment":[{"href":"https:\/\/noticiasmercedinas.com\/site\/wp-json\/wp\/v2\/media?parent=179623"}],"wp:term":[{"taxonomy":"category","embeddable":true,"href":"https:\/\/noticiasmercedinas.com\/site\/wp-json\/wp\/v2\/categories?post=179623"},{"taxonomy":"post_tag","embeddable":true,"href":"https:\/\/noticiasmercedinas.com\/site\/wp-json\/wp\/v2\/tags?post=179623"}],"curies":[{"name":"wp","href":"https:\/\/api.w.org\/{rel}","templated":true}]}}