{"id":179694,"date":"2026-02-09T12:47:38","date_gmt":"2026-02-09T15:47:38","guid":{"rendered":"https:\/\/noticiasmercedinas.com\/site\/?p=179694"},"modified":"2026-02-09T12:47:38","modified_gmt":"2026-02-09T15:47:38","slug":"hubo-ciclismo-en-zarate-con-mercedinos-clasificados","status":"publish","type":"post","link":"https:\/\/noticiasmercedinas.com\/site\/2026\/02\/09\/hubo-ciclismo-en-zarate-con-mercedinos-clasificados\/","title":{"rendered":"Hubo ciclismo en Z\u00e1rate con mercedinos clasificados"},"content":{"rendered":"<figure id=\"attachment_179701\" aria-describedby=\"caption-attachment-179701\" style=\"width: 640px\" class=\"wp-caption alignnone\"><img loading=\"lazy\" decoding=\"async\" class=\"wp-image-179701 size-full\" src=\"https:\/\/noticiasmercedinas.com\/site\/wp-content\/uploads\/2026\/02\/WhatsApp-Image-2026-02-08-at-9.26.56-PM.jpeg\" alt=\"\" width=\"640\" height=\"417\" srcset=\"https:\/\/noticiasmercedinas.com\/site\/wp-content\/uploads\/2026\/02\/WhatsApp-Image-2026-02-08-at-9.26.56-PM.jpeg 640w, https:\/\/noticiasmercedinas.com\/site\/wp-content\/uploads\/2026\/02\/WhatsApp-Image-2026-02-08-at-9.26.56-PM-300x194.jpeg 300w\" sizes=\"auto, (max-width: 640px) 100vw, 640px\" \/><figcaption id=\"caption-attachment-179701\" class=\"wp-caption-text\">En Z\u00e1rate hubo ciclismo, Morales al frente del lote.<\/figcaption><\/figure>\n<p>El circuito de la ciudad de Z\u00e1rate tuvo ciclismo el \u00faltimo domingo 8, en la oportunidad dos pedaleros mercedinos llegaron al podio tras ser protagonistas de la jornada. En Aficionado Mayores cosech\u00f3 una clasificaci\u00f3n m\u00e1s Pablo Gallardi tras media hora de carrera.<\/p>\n<p>Ya entre los Master B, con una hora de competencia, Ignacio Colombo lleg\u00f3 a meterse en la conversaci\u00f3n y con ello estuvo en la premiaci\u00f3n final. Otro mercedino como Jorge Morales tom\u00f3 parte de la Master C, quedando muy cerca de los que accedieron al podio.<\/p>\n<p>La jornada estuvo organizada por la Asociaci\u00f3n Civil Ciclismo Z\u00e1rate con la fiscalizaci\u00f3n de Pueblo de La Paz.<br \/>\n<strong><br \/>\n<img loading=\"lazy\" decoding=\"async\" class=\"alignnone size-full wp-image-179695\" src=\"https:\/\/noticiasmercedinas.com\/site\/wp-content\/uploads\/2026\/02\/630985593_10237551181632567_294986116334999622_n.jpg\" alt=\"\" width=\"640\" height=\"469\" srcset=\"https:\/\/noticiasmercedinas.com\/site\/wp-content\/uploads\/2026\/02\/630985593_10237551181632567_294986116334999622_n.jpg 640w, https:\/\/noticiasmercedinas.com\/site\/wp-content\/uploads\/2026\/02\/630985593_10237551181632567_294986116334999622_n-300x220.jpg 300w, https:\/\/noticiasmercedinas.com\/site\/wp-content\/uploads\/2026\/02\/630985593_10237551181632567_294986116334999622_n-80x60.jpg 80w\" sizes=\"auto, (max-width: 640px) 100vw, 640px\" \/><\/p>\n<p>Master B<\/strong><br \/>\n1\u00b0 Gast\u00f3n Balmaceda (Bella Vista).<br \/>\n2\u00b0 Lucas Molinari (Arrecifes \u2013 Vanguardia).<br \/>\n3\u00b0 Leonardo Zunino (San Miguel).<br \/>\n4\u00b0 Pablo Loredo (Lobos).<br \/>\n<strong>5\u00b0 Ignacio Colombo (Mercedes).<\/strong><\/p>\n<p><strong>Aficionados Mayores<\/strong><br \/>\n1\u00b0 Jos\u00e9 Paz (San Pedro).<br \/>\n2\u00b0 Fernando Corbal\u00e1n (San Pedro).<br \/>\n<strong>3\u00b0 Pablo Gallardi (Mercedes)<\/strong>.<br \/>\n4\u00b0 Pablo Leone (San Pedro).<br \/>\n5\u00b0 Marcos Adin (Arrecifes).<\/p>\n<p><img loading=\"lazy\" decoding=\"async\" class=\"alignnone size-full wp-image-179696\" src=\"https:\/\/noticiasmercedinas.com\/site\/wp-content\/uploads\/2026\/02\/630452173_10237551199753020_239556988816621737_n.jpg\" alt=\"\" width=\"640\" height=\"513\" srcset=\"https:\/\/noticiasmercedinas.com\/site\/wp-content\/uploads\/2026\/02\/630452173_10237551199753020_239556988816621737_n.jpg 640w, https:\/\/noticiasmercedinas.com\/site\/wp-content\/uploads\/2026\/02\/630452173_10237551199753020_239556988816621737_n-300x240.jpg 300w\" sizes=\"auto, (max-width: 640px) 100vw, 640px\" \/><\/p>\n","protected":false},"excerpt":{"rendered":"<p>\u25a0 Entre los Aficionados Mayores cosech\u00f3 un logro m\u00e1s Pablo Gallardi. Dentro de la Categor\u00eda Master B accedi\u00f3 al podio Ignacio Colombo.<\/p>\n","protected":false},"author":6,"featured_media":179701,"comment_status":"closed","ping_status":"closed","sticky":false,"template":"","format":"standard","meta":{"footnotes":""},"categories":[5],"tags":[108,21650,17774,802],"class_list":["post-179694","post","type-post","status-publish","format-standard","has-post-thumbnail","hentry","category-deportes","tag-ciclismo","tag-ignacio-colombo","tag-pablo-gallardi","tag-zarate"],"yoast_head":"<!-- This site is optimized with the Yoast SEO plugin v27.5 - https:\/\/yoast.com\/product\/yoast-seo-wordpress\/ -->\n<title>Hubo ciclismo en Z\u00e1rate con mercedinos clasificados<\/title>\n<meta name=\"robots\" content=\"index, follow, max-snippet:-1, max-image-preview:large, max-video-preview:-1\" \/>\n<link rel=\"canonical\" href=\"https:\/\/noticiasmercedinas.com\/site\/2026\/02\/09\/hubo-ciclismo-en-zarate-con-mercedinos-clasificados\/\" \/>\n<meta property=\"og:locale\" content=\"es_ES\" \/>\n<meta property=\"og:type\" content=\"article\" \/>\n<meta property=\"og:title\" content=\"Hubo ciclismo en Z\u00e1rate con mercedinos clasificados\" \/>\n<meta property=\"og:description\" content=\"\u25a0 Entre los Aficionados Mayores cosech\u00f3 un logro m\u00e1s Pablo Gallardi. Dentro de la Categor\u00eda Master B accedi\u00f3 al podio Ignacio Colombo.\" \/>\n<meta property=\"og:url\" content=\"https:\/\/noticiasmercedinas.com\/site\/2026\/02\/09\/hubo-ciclismo-en-zarate-con-mercedinos-clasificados\/\" \/>\n<meta property=\"og:site_name\" content=\"NOTICIASMERCEDINAS.COM\" \/>\n<meta property=\"article:publisher\" content=\"https:\/\/www.facebook.com\/noticiasmercedinas\/\" \/>\n<meta property=\"article:published_time\" content=\"2026-02-09T15:47:38+00:00\" \/>\n<meta property=\"og:image\" content=\"https:\/\/noticiasmercedinas.com\/site\/wp-content\/uploads\/2026\/02\/WhatsApp-Image-2026-02-08-at-9.26.56-PM.jpeg\" \/>\n\t<meta property=\"og:image:width\" content=\"640\" \/>\n\t<meta property=\"og:image:height\" content=\"417\" \/>\n\t<meta property=\"og:image:type\" content=\"image\/jpeg\" \/>\n<meta name=\"author\" content=\"Juan Dagnino NOTICIASMERCEDINAS.COM\" \/>\n<meta name=\"twitter:card\" content=\"summary_large_image\" \/>\n<meta name=\"twitter:creator\" content=\"@notmercedinas\" \/>\n<meta name=\"twitter:site\" content=\"@notmercedinas\" \/>\n<meta name=\"twitter:label1\" content=\"Escrito por\" \/>\n\t<meta name=\"twitter:data1\" content=\"Juan Dagnino NOTICIASMERCEDINAS.COM\" \/>\n\t<meta name=\"twitter:label2\" content=\"Tiempo de lectura\" \/>\n\t<meta name=\"twitter:data2\" content=\"2 minutos\" \/>\n<script type=\"application\/ld+json\" class=\"yoast-schema-graph\">{\"@context\":\"https:\\\/\\\/schema.org\",\"@graph\":[{\"@type\":\"Article\",\"@id\":\"https:\\\/\\\/noticiasmercedinas.com\\\/site\\\/2026\\\/02\\\/09\\\/hubo-ciclismo-en-zarate-con-mercedinos-clasificados\\\/#article\",\"isPartOf\":{\"@id\":\"https:\\\/\\\/noticiasmercedinas.com\\\/site\\\/2026\\\/02\\\/09\\\/hubo-ciclismo-en-zarate-con-mercedinos-clasificados\\\/\"},\"author\":{\"name\":\"Juan Dagnino NOTICIASMERCEDINAS.COM\",\"@id\":\"https:\\\/\\\/noticiasmercedinas.com\\\/site\\\/#\\\/schema\\\/person\\\/8f2f09d666ef40986eba4a5e6f2a06f9\"},\"headline\":\"Hubo ciclismo en Z\u00e1rate con mercedinos clasificados\",\"datePublished\":\"2026-02-09T15:47:38+00:00\",\"mainEntityOfPage\":{\"@id\":\"https:\\\/\\\/noticiasmercedinas.com\\\/site\\\/2026\\\/02\\\/09\\\/hubo-ciclismo-en-zarate-con-mercedinos-clasificados\\\/\"},\"wordCount\":180,\"publisher\":{\"@id\":\"https:\\\/\\\/noticiasmercedinas.com\\\/site\\\/#organization\"},\"image\":{\"@id\":\"https:\\\/\\\/noticiasmercedinas.com\\\/site\\\/2026\\\/02\\\/09\\\/hubo-ciclismo-en-zarate-con-mercedinos-clasificados\\\/#primaryimage\"},\"thumbnailUrl\":\"https:\\\/\\\/noticiasmercedinas.com\\\/site\\\/wp-content\\\/uploads\\\/2026\\\/02\\\/WhatsApp-Image-2026-02-08-at-9.26.56-PM.jpeg\",\"keywords\":[\"ciclismo\",\"Ignacio Colombo\",\"pablo gallardi\",\"zarate\"],\"articleSection\":[\"Deportes\"],\"inLanguage\":\"es\"},{\"@type\":\"WebPage\",\"@id\":\"https:\\\/\\\/noticiasmercedinas.com\\\/site\\\/2026\\\/02\\\/09\\\/hubo-ciclismo-en-zarate-con-mercedinos-clasificados\\\/\",\"url\":\"https:\\\/\\\/noticiasmercedinas.com\\\/site\\\/2026\\\/02\\\/09\\\/hubo-ciclismo-en-zarate-con-mercedinos-clasificados\\\/\",\"name\":\"Hubo ciclismo en Z\u00e1rate con mercedinos clasificados\",\"isPartOf\":{\"@id\":\"https:\\\/\\\/noticiasmercedinas.com\\\/site\\\/#website\"},\"primaryImageOfPage\":{\"@id\":\"https:\\\/\\\/noticiasmercedinas.com\\\/site\\\/2026\\\/02\\\/09\\\/hubo-ciclismo-en-zarate-con-mercedinos-clasificados\\\/#primaryimage\"},\"image\":{\"@id\":\"https:\\\/\\\/noticiasmercedinas.com\\\/site\\\/2026\\\/02\\\/09\\\/hubo-ciclismo-en-zarate-con-mercedinos-clasificados\\\/#primaryimage\"},\"thumbnailUrl\":\"https:\\\/\\\/noticiasmercedinas.com\\\/site\\\/wp-content\\\/uploads\\\/2026\\\/02\\\/WhatsApp-Image-2026-02-08-at-9.26.56-PM.jpeg\",\"datePublished\":\"2026-02-09T15:47:38+00:00\",\"breadcrumb\":{\"@id\":\"https:\\\/\\\/noticiasmercedinas.com\\\/site\\\/2026\\\/02\\\/09\\\/hubo-ciclismo-en-zarate-con-mercedinos-clasificados\\\/#breadcrumb\"},\"inLanguage\":\"es\",\"potentialAction\":[{\"@type\":\"ReadAction\",\"target\":[\"https:\\\/\\\/noticiasmercedinas.com\\\/site\\\/2026\\\/02\\\/09\\\/hubo-ciclismo-en-zarate-con-mercedinos-clasificados\\\/\"]}]},{\"@type\":\"ImageObject\",\"inLanguage\":\"es\",\"@id\":\"https:\\\/\\\/noticiasmercedinas.com\\\/site\\\/2026\\\/02\\\/09\\\/hubo-ciclismo-en-zarate-con-mercedinos-clasificados\\\/#primaryimage\",\"url\":\"https:\\\/\\\/noticiasmercedinas.com\\\/site\\\/wp-content\\\/uploads\\\/2026\\\/02\\\/WhatsApp-Image-2026-02-08-at-9.26.56-PM.jpeg\",\"contentUrl\":\"https:\\\/\\\/noticiasmercedinas.com\\\/site\\\/wp-content\\\/uploads\\\/2026\\\/02\\\/WhatsApp-Image-2026-02-08-at-9.26.56-PM.jpeg\",\"width\":640,\"height\":417},{\"@type\":\"BreadcrumbList\",\"@id\":\"https:\\\/\\\/noticiasmercedinas.com\\\/site\\\/2026\\\/02\\\/09\\\/hubo-ciclismo-en-zarate-con-mercedinos-clasificados\\\/#breadcrumb\",\"itemListElement\":[{\"@type\":\"ListItem\",\"position\":1,\"name\":\"Portada\",\"item\":\"https:\\\/\\\/noticiasmercedinas.com\\\/site\\\/\"},{\"@type\":\"ListItem\",\"position\":2,\"name\":\"Hubo ciclismo en Z\u00e1rate con mercedinos clasificados\"}]},{\"@type\":\"WebSite\",\"@id\":\"https:\\\/\\\/noticiasmercedinas.com\\\/site\\\/#website\",\"url\":\"https:\\\/\\\/noticiasmercedinas.com\\\/site\\\/\",\"name\":\"NOTICIASMERCEDINAS.COM\",\"description\":\"Mercedes, Buenos Aires, Argentina\",\"publisher\":{\"@id\":\"https:\\\/\\\/noticiasmercedinas.com\\\/site\\\/#organization\"},\"potentialAction\":[{\"@type\":\"SearchAction\",\"target\":{\"@type\":\"EntryPoint\",\"urlTemplate\":\"https:\\\/\\\/noticiasmercedinas.com\\\/site\\\/?s={search_term_string}\"},\"query-input\":{\"@type\":\"PropertyValueSpecification\",\"valueRequired\":true,\"valueName\":\"search_term_string\"}}],\"inLanguage\":\"es\"},{\"@type\":\"Organization\",\"@id\":\"https:\\\/\\\/noticiasmercedinas.com\\\/site\\\/#organization\",\"name\":\"NOTICIASMERCEDINAS.COM\",\"url\":\"https:\\\/\\\/noticiasmercedinas.com\\\/site\\\/\",\"logo\":{\"@type\":\"ImageObject\",\"inLanguage\":\"es\",\"@id\":\"https:\\\/\\\/noticiasmercedinas.com\\\/site\\\/#\\\/schema\\\/logo\\\/image\\\/\",\"url\":\"https:\\\/\\\/noticiasmercedinas.com\\\/site\\\/wp-content\\\/uploads\\\/2020\\\/06\\\/LOGO-512.jpg\",\"contentUrl\":\"https:\\\/\\\/noticiasmercedinas.com\\\/site\\\/wp-content\\\/uploads\\\/2020\\\/06\\\/LOGO-512.jpg\",\"width\":512,\"height\":512,\"caption\":\"NOTICIASMERCEDINAS.COM\"},\"image\":{\"@id\":\"https:\\\/\\\/noticiasmercedinas.com\\\/site\\\/#\\\/schema\\\/logo\\\/image\\\/\"},\"sameAs\":[\"https:\\\/\\\/www.facebook.com\\\/noticiasmercedinas\\\/\",\"https:\\\/\\\/x.com\\\/notmercedinas\",\"https:\\\/\\\/www.instagram.com\\\/noticiasmercedinas\\\/\"]},{\"@type\":\"Person\",\"@id\":\"https:\\\/\\\/noticiasmercedinas.com\\\/site\\\/#\\\/schema\\\/person\\\/8f2f09d666ef40986eba4a5e6f2a06f9\",\"name\":\"Juan Dagnino NOTICIASMERCEDINAS.COM\",\"image\":{\"@type\":\"ImageObject\",\"inLanguage\":\"es\",\"@id\":\"https:\\\/\\\/secure.gravatar.com\\\/avatar\\\/fc7059a769f5a3cae65fadb228a3e4accf3a64b4b2305020d0a27e6d5333c91b?s=96&d=mm&r=g\",\"url\":\"https:\\\/\\\/secure.gravatar.com\\\/avatar\\\/fc7059a769f5a3cae65fadb228a3e4accf3a64b4b2305020d0a27e6d5333c91b?s=96&d=mm&r=g\",\"contentUrl\":\"https:\\\/\\\/secure.gravatar.com\\\/avatar\\\/fc7059a769f5a3cae65fadb228a3e4accf3a64b4b2305020d0a27e6d5333c91b?s=96&d=mm&r=g\",\"caption\":\"Juan Dagnino NOTICIASMERCEDINAS.COM\"},\"url\":\"https:\\\/\\\/noticiasmercedinas.com\\\/site\\\/author\\\/juandagnino\\\/\"}]}<\/script>\n<!-- \/ Yoast SEO plugin. -->","yoast_head_json":{"title":"Hubo ciclismo en Z\u00e1rate con mercedinos clasificados","robots":{"index":"index","follow":"follow","max-snippet":"max-snippet:-1","max-image-preview":"max-image-preview:large","max-video-preview":"max-video-preview:-1"},"canonical":"https:\/\/noticiasmercedinas.com\/site\/2026\/02\/09\/hubo-ciclismo-en-zarate-con-mercedinos-clasificados\/","og_locale":"es_ES","og_type":"article","og_title":"Hubo ciclismo en Z\u00e1rate con mercedinos clasificados","og_description":"\u25a0 Entre los Aficionados Mayores cosech\u00f3 un logro m\u00e1s Pablo Gallardi. Dentro de la Categor\u00eda Master B accedi\u00f3 al podio Ignacio Colombo.","og_url":"https:\/\/noticiasmercedinas.com\/site\/2026\/02\/09\/hubo-ciclismo-en-zarate-con-mercedinos-clasificados\/","og_site_name":"NOTICIASMERCEDINAS.COM","article_publisher":"https:\/\/www.facebook.com\/noticiasmercedinas\/","article_published_time":"2026-02-09T15:47:38+00:00","og_image":[{"width":640,"height":417,"url":"https:\/\/noticiasmercedinas.com\/site\/wp-content\/uploads\/2026\/02\/WhatsApp-Image-2026-02-08-at-9.26.56-PM.jpeg","type":"image\/jpeg"}],"author":"Juan Dagnino NOTICIASMERCEDINAS.COM","twitter_card":"summary_large_image","twitter_creator":"@notmercedinas","twitter_site":"@notmercedinas","twitter_misc":{"Escrito por":"Juan Dagnino NOTICIASMERCEDINAS.COM","Tiempo de lectura":"2 minutos"},"schema":{"@context":"https:\/\/schema.org","@graph":[{"@type":"Article","@id":"https:\/\/noticiasmercedinas.com\/site\/2026\/02\/09\/hubo-ciclismo-en-zarate-con-mercedinos-clasificados\/#article","isPartOf":{"@id":"https:\/\/noticiasmercedinas.com\/site\/2026\/02\/09\/hubo-ciclismo-en-zarate-con-mercedinos-clasificados\/"},"author":{"name":"Juan Dagnino NOTICIASMERCEDINAS.COM","@id":"https:\/\/noticiasmercedinas.com\/site\/#\/schema\/person\/8f2f09d666ef40986eba4a5e6f2a06f9"},"headline":"Hubo ciclismo en Z\u00e1rate con mercedinos clasificados","datePublished":"2026-02-09T15:47:38+00:00","mainEntityOfPage":{"@id":"https:\/\/noticiasmercedinas.com\/site\/2026\/02\/09\/hubo-ciclismo-en-zarate-con-mercedinos-clasificados\/"},"wordCount":180,"publisher":{"@id":"https:\/\/noticiasmercedinas.com\/site\/#organization"},"image":{"@id":"https:\/\/noticiasmercedinas.com\/site\/2026\/02\/09\/hubo-ciclismo-en-zarate-con-mercedinos-clasificados\/#primaryimage"},"thumbnailUrl":"https:\/\/noticiasmercedinas.com\/site\/wp-content\/uploads\/2026\/02\/WhatsApp-Image-2026-02-08-at-9.26.56-PM.jpeg","keywords":["ciclismo","Ignacio Colombo","pablo gallardi","zarate"],"articleSection":["Deportes"],"inLanguage":"es"},{"@type":"WebPage","@id":"https:\/\/noticiasmercedinas.com\/site\/2026\/02\/09\/hubo-ciclismo-en-zarate-con-mercedinos-clasificados\/","url":"https:\/\/noticiasmercedinas.com\/site\/2026\/02\/09\/hubo-ciclismo-en-zarate-con-mercedinos-clasificados\/","name":"Hubo ciclismo en Z\u00e1rate con mercedinos clasificados","isPartOf":{"@id":"https:\/\/noticiasmercedinas.com\/site\/#website"},"primaryImageOfPage":{"@id":"https:\/\/noticiasmercedinas.com\/site\/2026\/02\/09\/hubo-ciclismo-en-zarate-con-mercedinos-clasificados\/#primaryimage"},"image":{"@id":"https:\/\/noticiasmercedinas.com\/site\/2026\/02\/09\/hubo-ciclismo-en-zarate-con-mercedinos-clasificados\/#primaryimage"},"thumbnailUrl":"https:\/\/noticiasmercedinas.com\/site\/wp-content\/uploads\/2026\/02\/WhatsApp-Image-2026-02-08-at-9.26.56-PM.jpeg","datePublished":"2026-02-09T15:47:38+00:00","breadcrumb":{"@id":"https:\/\/noticiasmercedinas.com\/site\/2026\/02\/09\/hubo-ciclismo-en-zarate-con-mercedinos-clasificados\/#breadcrumb"},"inLanguage":"es","potentialAction":[{"@type":"ReadAction","target":["https:\/\/noticiasmercedinas.com\/site\/2026\/02\/09\/hubo-ciclismo-en-zarate-con-mercedinos-clasificados\/"]}]},{"@type":"ImageObject","inLanguage":"es","@id":"https:\/\/noticiasmercedinas.com\/site\/2026\/02\/09\/hubo-ciclismo-en-zarate-con-mercedinos-clasificados\/#primaryimage","url":"https:\/\/noticiasmercedinas.com\/site\/wp-content\/uploads\/2026\/02\/WhatsApp-Image-2026-02-08-at-9.26.56-PM.jpeg","contentUrl":"https:\/\/noticiasmercedinas.com\/site\/wp-content\/uploads\/2026\/02\/WhatsApp-Image-2026-02-08-at-9.26.56-PM.jpeg","width":640,"height":417},{"@type":"BreadcrumbList","@id":"https:\/\/noticiasmercedinas.com\/site\/2026\/02\/09\/hubo-ciclismo-en-zarate-con-mercedinos-clasificados\/#breadcrumb","itemListElement":[{"@type":"ListItem","position":1,"name":"Portada","item":"https:\/\/noticiasmercedinas.com\/site\/"},{"@type":"ListItem","position":2,"name":"Hubo ciclismo en Z\u00e1rate con mercedinos clasificados"}]},{"@type":"WebSite","@id":"https:\/\/noticiasmercedinas.com\/site\/#website","url":"https:\/\/noticiasmercedinas.com\/site\/","name":"NOTICIASMERCEDINAS.COM","description":"Mercedes, Buenos Aires, Argentina","publisher":{"@id":"https:\/\/noticiasmercedinas.com\/site\/#organization"},"potentialAction":[{"@type":"SearchAction","target":{"@type":"EntryPoint","urlTemplate":"https:\/\/noticiasmercedinas.com\/site\/?s={search_term_string}"},"query-input":{"@type":"PropertyValueSpecification","valueRequired":true,"valueName":"search_term_string"}}],"inLanguage":"es"},{"@type":"Organization","@id":"https:\/\/noticiasmercedinas.com\/site\/#organization","name":"NOTICIASMERCEDINAS.COM","url":"https:\/\/noticiasmercedinas.com\/site\/","logo":{"@type":"ImageObject","inLanguage":"es","@id":"https:\/\/noticiasmercedinas.com\/site\/#\/schema\/logo\/image\/","url":"https:\/\/noticiasmercedinas.com\/site\/wp-content\/uploads\/2020\/06\/LOGO-512.jpg","contentUrl":"https:\/\/noticiasmercedinas.com\/site\/wp-content\/uploads\/2020\/06\/LOGO-512.jpg","width":512,"height":512,"caption":"NOTICIASMERCEDINAS.COM"},"image":{"@id":"https:\/\/noticiasmercedinas.com\/site\/#\/schema\/logo\/image\/"},"sameAs":["https:\/\/www.facebook.com\/noticiasmercedinas\/","https:\/\/x.com\/notmercedinas","https:\/\/www.instagram.com\/noticiasmercedinas\/"]},{"@type":"Person","@id":"https:\/\/noticiasmercedinas.com\/site\/#\/schema\/person\/8f2f09d666ef40986eba4a5e6f2a06f9","name":"Juan Dagnino NOTICIASMERCEDINAS.COM","image":{"@type":"ImageObject","inLanguage":"es","@id":"https:\/\/secure.gravatar.com\/avatar\/fc7059a769f5a3cae65fadb228a3e4accf3a64b4b2305020d0a27e6d5333c91b?s=96&d=mm&r=g","url":"https:\/\/secure.gravatar.com\/avatar\/fc7059a769f5a3cae65fadb228a3e4accf3a64b4b2305020d0a27e6d5333c91b?s=96&d=mm&r=g","contentUrl":"https:\/\/secure.gravatar.com\/avatar\/fc7059a769f5a3cae65fadb228a3e4accf3a64b4b2305020d0a27e6d5333c91b?s=96&d=mm&r=g","caption":"Juan Dagnino NOTICIASMERCEDINAS.COM"},"url":"https:\/\/noticiasmercedinas.com\/site\/author\/juandagnino\/"}]}},"amp_enabled":true,"_links":{"self":[{"href":"https:\/\/noticiasmercedinas.com\/site\/wp-json\/wp\/v2\/posts\/179694","targetHints":{"allow":["GET"]}}],"collection":[{"href":"https:\/\/noticiasmercedinas.com\/site\/wp-json\/wp\/v2\/posts"}],"about":[{"href":"https:\/\/noticiasmercedinas.com\/site\/wp-json\/wp\/v2\/types\/post"}],"author":[{"embeddable":true,"href":"https:\/\/noticiasmercedinas.com\/site\/wp-json\/wp\/v2\/users\/6"}],"replies":[{"embeddable":true,"href":"https:\/\/noticiasmercedinas.com\/site\/wp-json\/wp\/v2\/comments?post=179694"}],"version-history":[{"count":1,"href":"https:\/\/noticiasmercedinas.com\/site\/wp-json\/wp\/v2\/posts\/179694\/revisions"}],"predecessor-version":[{"id":179703,"href":"https:\/\/noticiasmercedinas.com\/site\/wp-json\/wp\/v2\/posts\/179694\/revisions\/179703"}],"wp:featuredmedia":[{"embeddable":true,"href":"https:\/\/noticiasmercedinas.com\/site\/wp-json\/wp\/v2\/media\/179701"}],"wp:attachment":[{"href":"https:\/\/noticiasmercedinas.com\/site\/wp-json\/wp\/v2\/media?parent=179694"}],"wp:term":[{"taxonomy":"category","embeddable":true,"href":"https:\/\/noticiasmercedinas.com\/site\/wp-json\/wp\/v2\/categories?post=179694"},{"taxonomy":"post_tag","embeddable":true,"href":"https:\/\/noticiasmercedinas.com\/site\/wp-json\/wp\/v2\/tags?post=179694"}],"curies":[{"name":"wp","href":"https:\/\/api.w.org\/{rel}","templated":true}]}}