{"id":179697,"date":"2026-02-09T12:45:52","date_gmt":"2026-02-09T15:45:52","guid":{"rendered":"https:\/\/noticiasmercedinas.com\/site\/?p=179697"},"modified":"2026-02-09T16:43:07","modified_gmt":"2026-02-09T19:43:07","slug":"mercedes-presento-los-carnavales-2026-una-edicion-centenaria-solidaria-y-con-impacto-socisl","status":"publish","type":"post","link":"https:\/\/noticiasmercedinas.com\/site\/2026\/02\/09\/mercedes-presento-los-carnavales-2026-una-edicion-centenaria-solidaria-y-con-impacto-socisl\/","title":{"rendered":"Mercedes present\u00f3 los Carnavales 2026: una edici\u00f3n centenaria, solidaria y con impacto social"},"content":{"rendered":"<p><img loading=\"lazy\" decoding=\"async\" class=\"alignnone size-full wp-image-179699\" src=\"https:\/\/noticiasmercedinas.com\/site\/wp-content\/uploads\/2026\/02\/IMG-20260209-WA0031.jpg\" alt=\"\" width=\"1319\" height=\"879\" srcset=\"https:\/\/noticiasmercedinas.com\/site\/wp-content\/uploads\/2026\/02\/IMG-20260209-WA0031.jpg 1319w, https:\/\/noticiasmercedinas.com\/site\/wp-content\/uploads\/2026\/02\/IMG-20260209-WA0031-300x200.jpg 300w, https:\/\/noticiasmercedinas.com\/site\/wp-content\/uploads\/2026\/02\/IMG-20260209-WA0031-1024x682.jpg 1024w, https:\/\/noticiasmercedinas.com\/site\/wp-content\/uploads\/2026\/02\/IMG-20260209-WA0031-768x512.jpg 768w, https:\/\/noticiasmercedinas.com\/site\/wp-content\/uploads\/2026\/02\/IMG-20260209-WA0031-640x427.jpg 640w, https:\/\/noticiasmercedinas.com\/site\/wp-content\/uploads\/2026\/02\/IMG-20260209-WA0031-1280x853.jpg 1280w, https:\/\/noticiasmercedinas.com\/site\/wp-content\/uploads\/2026\/02\/IMG-20260209-WA0031-681x454.jpg 681w\" sizes=\"auto, (max-width: 1319px) 100vw, 1319px\" \/><\/p>\n<p>En una conferencia de prensa brindada este lunes a las 11:30 hs en las instalaciones del Museo de Arte de Mercedes (MAMM), el intendente Juan Ignacio Ustarroz realiz\u00f3 el lanzamiento oficial de los Carnavales 2026.<\/p>\n<p>El evento, que este a\u00f1o celebra un siglo de tradici\u00f3n ininterrumpida, fue presentado como una \u00abcelebraci\u00f3n colectiva y solidaria\u00bb dise\u00f1ada para el disfrute de las familias mercedinas y el fomento del turismo regional.<\/p>\n<p>Del encuentro participaron activamente los responsables de las carteras municipales que articulan la log\u00edstica del evento: Jimena Rivas, directora de Cultura, y Juan Mart\u00edn Silvestre, director de Deportes, junto a representantes de las instituciones beneficiarias que tendr\u00e1n un rol protag\u00f3nico en la organizaci\u00f3n.<\/p>\n<p>La edici\u00f3n centenaria se desarrollar\u00e1 durante cuatro noches consecutivas: el viernes 13, s\u00e1bado 14, domingo 15 y lunes 16 de febrero. El escenario principal ser\u00e1 la Avenida 29, en el tramo que va desde la calle 30 hasta la calle 20, utilizando adem\u00e1s diversos espacios anexos para el despliegue de las agrupaciones.<\/p>\n<p>En este contexto vale advirtir que, debido al montaje y la magnitud del corso, se dispondr\u00e1n cortes de calles en el cuadrante c\u00e9ntrico y habr\u00e1 cambios temporales en los recorridos de las l\u00edneas de micros local, cuyos detalles ser\u00e1n informados por la Secretar\u00eda de Seguridad en los pr\u00f3ximos d\u00edas.<\/p>\n<p><strong>El carnaval como motor de ayuda social<\/strong><\/p>\n<p>El intendente Ustarroz subray\u00f3 que, en tiempos de dificultades econ\u00f3micas, el carnaval se transforma en una herramienta de sostenimiento para la comunidad.<\/p>\n<p>* Solidaridad con los comedores: Se implementar\u00e1 un bono contribuci\u00f3n de $2.000 (adicional al sector de sillas) destinado \u00edntegramente a la red de comedores locales.<\/p>\n<p>* Participaci\u00f3n institucional: Nueve clubes deportivos gestionar\u00e1n las cantinas habilitadas (Uni\u00f3n, Trocha, Gowland, San Mart\u00edn, Mercedes, Defensores, Talleres Payr\u00f3, Quilmes, Ateneo), mientras que los Bomberos Voluntarios tambi\u00e9n formar\u00e1n parte del esquema de reparto de ganancias por el trabajo realizado durante las cuatro jornadas, con otra de las cantinas.<\/p>\n<p>Adem\u00e1s del desfile de las tradicionales murgas y comparsas locales, se confirm\u00f3 la presencia de agrupaciones invitadas de las ciudades de Chivilcoy y Tres Arroyos, quienes engalanar\u00e1n la Avenida 29 junto a los artistas mercedinos.<\/p>\n<p>\u00abLa cultura es un espacio para sanar, de expresi\u00f3n y de salud. Estas actividades tienen un valor enorme porque permiten que la gente se exprese a trav\u00e9s del arte con un componente solidario fundamental\u00bb, concluy\u00f3 el jefe comunal al cierre de la presentaci\u00f3n.<\/p>\n<p><strong>Una resistencia social y cultural para sanar<\/strong><\/p>\n<p>En un contexto donde muchas veces se discute el valor de lo p\u00fablico y lo cultural, el modelo que plantea la gesti\u00f3n del intendente Juan Ignacio Ustarroz junto a las direcciones de Cultura y Deportes resulta, como m\u00ednimo, ejemplar. No se trata simplemente de \u00abcuatro noches de fiesta\u00bb, sino de un engranaje donde la alegr\u00eda sirve para que un club barrial compre pelotas, para que los Bomberos Voluntarios sostengan su equipamiento y para que la red de comedores garantice un plato de comida en las zonas m\u00e1s vulnerables.<\/p>\n<blockquote><p>El carnaval es, por definici\u00f3n, el mundo al rev\u00e9s; pero en Mercedes, parece ser el mundo tal como deber\u00eda ser: solidario, inclusivo y colectivo.<\/p><\/blockquote>\n<p>El concepto de \u00abcultura para sanar\u00bb que se mencion\u00f3 en el Museo de Arte este lunes resuena con fuerza. El carnaval es, por definici\u00f3n, el mundo al rev\u00e9s; pero en Mercedes, parece ser el mundo tal como deber\u00eda ser: solidario, inclusivo y colectivo. Que un vecino pague un bono contribuci\u00f3n de $2.000 sabiendo que ese dinero se traduce en asistencia directa, le quita a la entrada su car\u00e1cter de costo y la transforma en una inversi\u00f3n de comunidad.<\/p>\n<p>Mercedes llega a su centenario carnestolendo demostrando que la tradici\u00f3n no es repetir el pasado, sino proteger lo que nos hace comunes. Este 13 de febrero, cuando suene el primer parche entre las calles 30 y 20, la ciudad no solo estar\u00e1 bailando; estar\u00e1 reafirmando que, ante la dificultad, la respuesta siempre es m\u00e1s cultura y m\u00e1s solidaridad.<\/p>\n","protected":false},"excerpt":{"rendered":"<p>\u25a0 El intendente Ustarroz encabez\u00f3 el lanzamiento oficial en el Museo de Arte. La festividad se realizar\u00e1 del 13 al 16 de febrero sobre Avenida 29, integrando a clubes, bomberos y la red de comedores en un esquema de beneficio compartido<\/p>\n","protected":false},"author":2,"featured_media":179699,"comment_status":"closed","ping_status":"closed","sticky":false,"template":"","format":"standard","meta":{"footnotes":""},"categories":[4,20734],"tags":[3692,510,1780,266,18578],"class_list":["post-179697","post","type-post","status-publish","format-standard","has-post-thumbnail","hentry","category-cultura","category-ultimo-momento","tag-carnavales","tag-cultura","tag-deportes","tag-juan-ignacio-ustarroz","tag-red-de-comedores-mercedinos"],"yoast_head":"<!-- This site is optimized with the Yoast SEO plugin v27.5 - https:\/\/yoast.com\/product\/yoast-seo-wordpress\/ -->\n<title>Mercedes present\u00f3 los Carnavales 2026: una edici\u00f3n centenaria, solidaria y con impacto social<\/title>\n<meta name=\"description\" content=\"El intendente Ustarroz encabez\u00f3 el lanzamiento oficial en el Museo de Arte. La festividad se realizar\u00e1 del 13 al 16 de febrero sobre Avenida 29, integrando a clubes, bomberos y la red de comedores en un esquema de beneficio compartido\" \/>\n<meta name=\"robots\" content=\"index, follow, max-snippet:-1, max-image-preview:large, max-video-preview:-1\" \/>\n<link rel=\"canonical\" href=\"https:\/\/noticiasmercedinas.com\/site\/2026\/02\/09\/mercedes-presento-los-carnavales-2026-una-edicion-centenaria-solidaria-y-con-impacto-socisl\/\" \/>\n<meta property=\"og:locale\" content=\"es_ES\" \/>\n<meta property=\"og:type\" content=\"article\" \/>\n<meta property=\"og:title\" content=\"Mercedes present\u00f3 los Carnavales 2026: una edici\u00f3n centenaria, solidaria y con impacto social\" \/>\n<meta property=\"og:description\" content=\"El intendente Ustarroz encabez\u00f3 el lanzamiento oficial en el Museo de Arte. La festividad se realizar\u00e1 del 13 al 16 de febrero sobre Avenida 29, integrando a clubes, bomberos y la red de comedores en un esquema de beneficio compartido\" \/>\n<meta property=\"og:url\" content=\"https:\/\/noticiasmercedinas.com\/site\/2026\/02\/09\/mercedes-presento-los-carnavales-2026-una-edicion-centenaria-solidaria-y-con-impacto-socisl\/\" \/>\n<meta property=\"og:site_name\" content=\"NOTICIASMERCEDINAS.COM\" \/>\n<meta property=\"article:publisher\" content=\"https:\/\/www.facebook.com\/noticiasmercedinas\/\" \/>\n<meta property=\"article:author\" content=\"https:\/\/www.facebook.com\/cristian.falabella\" \/>\n<meta property=\"article:published_time\" content=\"2026-02-09T15:45:52+00:00\" \/>\n<meta property=\"article:modified_time\" content=\"2026-02-09T19:43:07+00:00\" \/>\n<meta property=\"og:image\" content=\"https:\/\/noticiasmercedinas.com\/site\/wp-content\/uploads\/2026\/02\/IMG-20260209-WA0031.jpg\" \/>\n\t<meta property=\"og:image:width\" content=\"1319\" \/>\n\t<meta property=\"og:image:height\" content=\"879\" \/>\n\t<meta property=\"og:image:type\" content=\"image\/jpeg\" \/>\n<meta name=\"author\" content=\"Cristian Falabella NOTICIASMERCEDINAS.COM\" \/>\n<meta name=\"twitter:card\" content=\"summary_large_image\" \/>\n<meta name=\"twitter:creator\" content=\"@https:\/\/twitter.com\/NOTMERCEDINAS\" \/>\n<meta name=\"twitter:site\" content=\"@notmercedinas\" \/>\n<meta name=\"twitter:label1\" content=\"Escrito por\" \/>\n\t<meta name=\"twitter:data1\" content=\"Cristian Falabella NOTICIASMERCEDINAS.COM\" \/>\n\t<meta name=\"twitter:label2\" content=\"Tiempo de lectura\" \/>\n\t<meta name=\"twitter:data2\" content=\"4 minutos\" \/>\n<script type=\"application\/ld+json\" class=\"yoast-schema-graph\">{\"@context\":\"https:\\\/\\\/schema.org\",\"@graph\":[{\"@type\":\"Article\",\"@id\":\"https:\\\/\\\/noticiasmercedinas.com\\\/site\\\/2026\\\/02\\\/09\\\/mercedes-presento-los-carnavales-2026-una-edicion-centenaria-solidaria-y-con-impacto-socisl\\\/#article\",\"isPartOf\":{\"@id\":\"https:\\\/\\\/noticiasmercedinas.com\\\/site\\\/2026\\\/02\\\/09\\\/mercedes-presento-los-carnavales-2026-una-edicion-centenaria-solidaria-y-con-impacto-socisl\\\/\"},\"author\":{\"name\":\"Cristian Falabella NOTICIASMERCEDINAS.COM\",\"@id\":\"https:\\\/\\\/noticiasmercedinas.com\\\/site\\\/#\\\/schema\\\/person\\\/d481a9696a5feaec13a60e2bbd991a6a\"},\"headline\":\"Mercedes present\u00f3 los Carnavales 2026: una edici\u00f3n centenaria, solidaria y con impacto social\",\"datePublished\":\"2026-02-09T15:45:52+00:00\",\"dateModified\":\"2026-02-09T19:43:07+00:00\",\"mainEntityOfPage\":{\"@id\":\"https:\\\/\\\/noticiasmercedinas.com\\\/site\\\/2026\\\/02\\\/09\\\/mercedes-presento-los-carnavales-2026-una-edicion-centenaria-solidaria-y-con-impacto-socisl\\\/\"},\"wordCount\":692,\"publisher\":{\"@id\":\"https:\\\/\\\/noticiasmercedinas.com\\\/site\\\/#organization\"},\"image\":{\"@id\":\"https:\\\/\\\/noticiasmercedinas.com\\\/site\\\/2026\\\/02\\\/09\\\/mercedes-presento-los-carnavales-2026-una-edicion-centenaria-solidaria-y-con-impacto-socisl\\\/#primaryimage\"},\"thumbnailUrl\":\"https:\\\/\\\/noticiasmercedinas.com\\\/site\\\/wp-content\\\/uploads\\\/2026\\\/02\\\/IMG-20260209-WA0031.jpg\",\"keywords\":[\"carnavales\",\"cultura\",\"deportes\",\"juan ignacio ustarroz\",\"Red de Comedores Mercedinos\"],\"articleSection\":[\"Cultura\",\"Ultimo momento\"],\"inLanguage\":\"es\"},{\"@type\":\"WebPage\",\"@id\":\"https:\\\/\\\/noticiasmercedinas.com\\\/site\\\/2026\\\/02\\\/09\\\/mercedes-presento-los-carnavales-2026-una-edicion-centenaria-solidaria-y-con-impacto-socisl\\\/\",\"url\":\"https:\\\/\\\/noticiasmercedinas.com\\\/site\\\/2026\\\/02\\\/09\\\/mercedes-presento-los-carnavales-2026-una-edicion-centenaria-solidaria-y-con-impacto-socisl\\\/\",\"name\":\"Mercedes present\u00f3 los Carnavales 2026: una edici\u00f3n centenaria, solidaria y con impacto social\",\"isPartOf\":{\"@id\":\"https:\\\/\\\/noticiasmercedinas.com\\\/site\\\/#website\"},\"primaryImageOfPage\":{\"@id\":\"https:\\\/\\\/noticiasmercedinas.com\\\/site\\\/2026\\\/02\\\/09\\\/mercedes-presento-los-carnavales-2026-una-edicion-centenaria-solidaria-y-con-impacto-socisl\\\/#primaryimage\"},\"image\":{\"@id\":\"https:\\\/\\\/noticiasmercedinas.com\\\/site\\\/2026\\\/02\\\/09\\\/mercedes-presento-los-carnavales-2026-una-edicion-centenaria-solidaria-y-con-impacto-socisl\\\/#primaryimage\"},\"thumbnailUrl\":\"https:\\\/\\\/noticiasmercedinas.com\\\/site\\\/wp-content\\\/uploads\\\/2026\\\/02\\\/IMG-20260209-WA0031.jpg\",\"datePublished\":\"2026-02-09T15:45:52+00:00\",\"dateModified\":\"2026-02-09T19:43:07+00:00\",\"description\":\"El intendente Ustarroz encabez\u00f3 el lanzamiento oficial en el Museo de Arte. La festividad se realizar\u00e1 del 13 al 16 de febrero sobre Avenida 29, integrando a clubes, bomberos y la red de comedores en un esquema de beneficio compartido\",\"breadcrumb\":{\"@id\":\"https:\\\/\\\/noticiasmercedinas.com\\\/site\\\/2026\\\/02\\\/09\\\/mercedes-presento-los-carnavales-2026-una-edicion-centenaria-solidaria-y-con-impacto-socisl\\\/#breadcrumb\"},\"inLanguage\":\"es\",\"potentialAction\":[{\"@type\":\"ReadAction\",\"target\":[\"https:\\\/\\\/noticiasmercedinas.com\\\/site\\\/2026\\\/02\\\/09\\\/mercedes-presento-los-carnavales-2026-una-edicion-centenaria-solidaria-y-con-impacto-socisl\\\/\"]}]},{\"@type\":\"ImageObject\",\"inLanguage\":\"es\",\"@id\":\"https:\\\/\\\/noticiasmercedinas.com\\\/site\\\/2026\\\/02\\\/09\\\/mercedes-presento-los-carnavales-2026-una-edicion-centenaria-solidaria-y-con-impacto-socisl\\\/#primaryimage\",\"url\":\"https:\\\/\\\/noticiasmercedinas.com\\\/site\\\/wp-content\\\/uploads\\\/2026\\\/02\\\/IMG-20260209-WA0031.jpg\",\"contentUrl\":\"https:\\\/\\\/noticiasmercedinas.com\\\/site\\\/wp-content\\\/uploads\\\/2026\\\/02\\\/IMG-20260209-WA0031.jpg\",\"width\":1319,\"height\":879},{\"@type\":\"BreadcrumbList\",\"@id\":\"https:\\\/\\\/noticiasmercedinas.com\\\/site\\\/2026\\\/02\\\/09\\\/mercedes-presento-los-carnavales-2026-una-edicion-centenaria-solidaria-y-con-impacto-socisl\\\/#breadcrumb\",\"itemListElement\":[{\"@type\":\"ListItem\",\"position\":1,\"name\":\"Portada\",\"item\":\"https:\\\/\\\/noticiasmercedinas.com\\\/site\\\/\"},{\"@type\":\"ListItem\",\"position\":2,\"name\":\"Mercedes present\u00f3 los Carnavales 2026: una edici\u00f3n centenaria, solidaria y con impacto social\"}]},{\"@type\":\"WebSite\",\"@id\":\"https:\\\/\\\/noticiasmercedinas.com\\\/site\\\/#website\",\"url\":\"https:\\\/\\\/noticiasmercedinas.com\\\/site\\\/\",\"name\":\"NOTICIASMERCEDINAS.COM\",\"description\":\"Mercedes, Buenos Aires, Argentina\",\"publisher\":{\"@id\":\"https:\\\/\\\/noticiasmercedinas.com\\\/site\\\/#organization\"},\"potentialAction\":[{\"@type\":\"SearchAction\",\"target\":{\"@type\":\"EntryPoint\",\"urlTemplate\":\"https:\\\/\\\/noticiasmercedinas.com\\\/site\\\/?s={search_term_string}\"},\"query-input\":{\"@type\":\"PropertyValueSpecification\",\"valueRequired\":true,\"valueName\":\"search_term_string\"}}],\"inLanguage\":\"es\"},{\"@type\":\"Organization\",\"@id\":\"https:\\\/\\\/noticiasmercedinas.com\\\/site\\\/#organization\",\"name\":\"NOTICIASMERCEDINAS.COM\",\"url\":\"https:\\\/\\\/noticiasmercedinas.com\\\/site\\\/\",\"logo\":{\"@type\":\"ImageObject\",\"inLanguage\":\"es\",\"@id\":\"https:\\\/\\\/noticiasmercedinas.com\\\/site\\\/#\\\/schema\\\/logo\\\/image\\\/\",\"url\":\"https:\\\/\\\/noticiasmercedinas.com\\\/site\\\/wp-content\\\/uploads\\\/2020\\\/06\\\/LOGO-512.jpg\",\"contentUrl\":\"https:\\\/\\\/noticiasmercedinas.com\\\/site\\\/wp-content\\\/uploads\\\/2020\\\/06\\\/LOGO-512.jpg\",\"width\":512,\"height\":512,\"caption\":\"NOTICIASMERCEDINAS.COM\"},\"image\":{\"@id\":\"https:\\\/\\\/noticiasmercedinas.com\\\/site\\\/#\\\/schema\\\/logo\\\/image\\\/\"},\"sameAs\":[\"https:\\\/\\\/www.facebook.com\\\/noticiasmercedinas\\\/\",\"https:\\\/\\\/x.com\\\/notmercedinas\",\"https:\\\/\\\/www.instagram.com\\\/noticiasmercedinas\\\/\"]},{\"@type\":\"Person\",\"@id\":\"https:\\\/\\\/noticiasmercedinas.com\\\/site\\\/#\\\/schema\\\/person\\\/d481a9696a5feaec13a60e2bbd991a6a\",\"name\":\"Cristian Falabella NOTICIASMERCEDINAS.COM\",\"image\":{\"@type\":\"ImageObject\",\"inLanguage\":\"es\",\"@id\":\"https:\\\/\\\/secure.gravatar.com\\\/avatar\\\/0dbbfc45970cc46bcd0e57766228574ff3511d6eed045b182f536f0f478c1f06?s=96&d=mm&r=g\",\"url\":\"https:\\\/\\\/secure.gravatar.com\\\/avatar\\\/0dbbfc45970cc46bcd0e57766228574ff3511d6eed045b182f536f0f478c1f06?s=96&d=mm&r=g\",\"contentUrl\":\"https:\\\/\\\/secure.gravatar.com\\\/avatar\\\/0dbbfc45970cc46bcd0e57766228574ff3511d6eed045b182f536f0f478c1f06?s=96&d=mm&r=g\",\"caption\":\"Cristian Falabella NOTICIASMERCEDINAS.COM\"},\"description\":\"Periodista, editor de Noticias Mercedinas. Pas\u00f3 por varias redacciones y emprendimientos de prensa, en distintos formatos y \u00e9pocas. Se especializ\u00f3 --y sigue haci\u00e9ndolo-- en comunicaci\u00f3n en la web y en junio de 2006 fund\u00f3 este diario digital.\",\"sameAs\":[\"https:\\\/\\\/noticiasmercedinas.com\",\"https:\\\/\\\/www.facebook.com\\\/cristian.falabella\",\"https:\\\/\\\/www.instagram.com\\\/noticiasmercedinas\\\/\",\"https:\\\/\\\/x.com\\\/https:\\\/\\\/twitter.com\\\/NOTMERCEDINAS\"],\"url\":\"https:\\\/\\\/noticiasmercedinas.com\\\/site\\\/author\\\/as000384\\\/\"}]}<\/script>\n<!-- \/ Yoast SEO plugin. -->","yoast_head_json":{"title":"Mercedes present\u00f3 los Carnavales 2026: una edici\u00f3n centenaria, solidaria y con impacto social","description":"El intendente Ustarroz encabez\u00f3 el lanzamiento oficial en el Museo de Arte. La festividad se realizar\u00e1 del 13 al 16 de febrero sobre Avenida 29, integrando a clubes, bomberos y la red de comedores en un esquema de beneficio compartido","robots":{"index":"index","follow":"follow","max-snippet":"max-snippet:-1","max-image-preview":"max-image-preview:large","max-video-preview":"max-video-preview:-1"},"canonical":"https:\/\/noticiasmercedinas.com\/site\/2026\/02\/09\/mercedes-presento-los-carnavales-2026-una-edicion-centenaria-solidaria-y-con-impacto-socisl\/","og_locale":"es_ES","og_type":"article","og_title":"Mercedes present\u00f3 los Carnavales 2026: una edici\u00f3n centenaria, solidaria y con impacto social","og_description":"El intendente Ustarroz encabez\u00f3 el lanzamiento oficial en el Museo de Arte. La festividad se realizar\u00e1 del 13 al 16 de febrero sobre Avenida 29, integrando a clubes, bomberos y la red de comedores en un esquema de beneficio compartido","og_url":"https:\/\/noticiasmercedinas.com\/site\/2026\/02\/09\/mercedes-presento-los-carnavales-2026-una-edicion-centenaria-solidaria-y-con-impacto-socisl\/","og_site_name":"NOTICIASMERCEDINAS.COM","article_publisher":"https:\/\/www.facebook.com\/noticiasmercedinas\/","article_author":"https:\/\/www.facebook.com\/cristian.falabella","article_published_time":"2026-02-09T15:45:52+00:00","article_modified_time":"2026-02-09T19:43:07+00:00","og_image":[{"width":1319,"height":879,"url":"https:\/\/noticiasmercedinas.com\/site\/wp-content\/uploads\/2026\/02\/IMG-20260209-WA0031.jpg","type":"image\/jpeg"}],"author":"Cristian Falabella NOTICIASMERCEDINAS.COM","twitter_card":"summary_large_image","twitter_creator":"@https:\/\/twitter.com\/NOTMERCEDINAS","twitter_site":"@notmercedinas","twitter_misc":{"Escrito por":"Cristian Falabella NOTICIASMERCEDINAS.COM","Tiempo de lectura":"4 minutos"},"schema":{"@context":"https:\/\/schema.org","@graph":[{"@type":"Article","@id":"https:\/\/noticiasmercedinas.com\/site\/2026\/02\/09\/mercedes-presento-los-carnavales-2026-una-edicion-centenaria-solidaria-y-con-impacto-socisl\/#article","isPartOf":{"@id":"https:\/\/noticiasmercedinas.com\/site\/2026\/02\/09\/mercedes-presento-los-carnavales-2026-una-edicion-centenaria-solidaria-y-con-impacto-socisl\/"},"author":{"name":"Cristian Falabella NOTICIASMERCEDINAS.COM","@id":"https:\/\/noticiasmercedinas.com\/site\/#\/schema\/person\/d481a9696a5feaec13a60e2bbd991a6a"},"headline":"Mercedes present\u00f3 los Carnavales 2026: una edici\u00f3n centenaria, solidaria y con impacto social","datePublished":"2026-02-09T15:45:52+00:00","dateModified":"2026-02-09T19:43:07+00:00","mainEntityOfPage":{"@id":"https:\/\/noticiasmercedinas.com\/site\/2026\/02\/09\/mercedes-presento-los-carnavales-2026-una-edicion-centenaria-solidaria-y-con-impacto-socisl\/"},"wordCount":692,"publisher":{"@id":"https:\/\/noticiasmercedinas.com\/site\/#organization"},"image":{"@id":"https:\/\/noticiasmercedinas.com\/site\/2026\/02\/09\/mercedes-presento-los-carnavales-2026-una-edicion-centenaria-solidaria-y-con-impacto-socisl\/#primaryimage"},"thumbnailUrl":"https:\/\/noticiasmercedinas.com\/site\/wp-content\/uploads\/2026\/02\/IMG-20260209-WA0031.jpg","keywords":["carnavales","cultura","deportes","juan ignacio ustarroz","Red de Comedores Mercedinos"],"articleSection":["Cultura","Ultimo momento"],"inLanguage":"es"},{"@type":"WebPage","@id":"https:\/\/noticiasmercedinas.com\/site\/2026\/02\/09\/mercedes-presento-los-carnavales-2026-una-edicion-centenaria-solidaria-y-con-impacto-socisl\/","url":"https:\/\/noticiasmercedinas.com\/site\/2026\/02\/09\/mercedes-presento-los-carnavales-2026-una-edicion-centenaria-solidaria-y-con-impacto-socisl\/","name":"Mercedes present\u00f3 los Carnavales 2026: una edici\u00f3n centenaria, solidaria y con impacto social","isPartOf":{"@id":"https:\/\/noticiasmercedinas.com\/site\/#website"},"primaryImageOfPage":{"@id":"https:\/\/noticiasmercedinas.com\/site\/2026\/02\/09\/mercedes-presento-los-carnavales-2026-una-edicion-centenaria-solidaria-y-con-impacto-socisl\/#primaryimage"},"image":{"@id":"https:\/\/noticiasmercedinas.com\/site\/2026\/02\/09\/mercedes-presento-los-carnavales-2026-una-edicion-centenaria-solidaria-y-con-impacto-socisl\/#primaryimage"},"thumbnailUrl":"https:\/\/noticiasmercedinas.com\/site\/wp-content\/uploads\/2026\/02\/IMG-20260209-WA0031.jpg","datePublished":"2026-02-09T15:45:52+00:00","dateModified":"2026-02-09T19:43:07+00:00","description":"El intendente Ustarroz encabez\u00f3 el lanzamiento oficial en el Museo de Arte. La festividad se realizar\u00e1 del 13 al 16 de febrero sobre Avenida 29, integrando a clubes, bomberos y la red de comedores en un esquema de beneficio compartido","breadcrumb":{"@id":"https:\/\/noticiasmercedinas.com\/site\/2026\/02\/09\/mercedes-presento-los-carnavales-2026-una-edicion-centenaria-solidaria-y-con-impacto-socisl\/#breadcrumb"},"inLanguage":"es","potentialAction":[{"@type":"ReadAction","target":["https:\/\/noticiasmercedinas.com\/site\/2026\/02\/09\/mercedes-presento-los-carnavales-2026-una-edicion-centenaria-solidaria-y-con-impacto-socisl\/"]}]},{"@type":"ImageObject","inLanguage":"es","@id":"https:\/\/noticiasmercedinas.com\/site\/2026\/02\/09\/mercedes-presento-los-carnavales-2026-una-edicion-centenaria-solidaria-y-con-impacto-socisl\/#primaryimage","url":"https:\/\/noticiasmercedinas.com\/site\/wp-content\/uploads\/2026\/02\/IMG-20260209-WA0031.jpg","contentUrl":"https:\/\/noticiasmercedinas.com\/site\/wp-content\/uploads\/2026\/02\/IMG-20260209-WA0031.jpg","width":1319,"height":879},{"@type":"BreadcrumbList","@id":"https:\/\/noticiasmercedinas.com\/site\/2026\/02\/09\/mercedes-presento-los-carnavales-2026-una-edicion-centenaria-solidaria-y-con-impacto-socisl\/#breadcrumb","itemListElement":[{"@type":"ListItem","position":1,"name":"Portada","item":"https:\/\/noticiasmercedinas.com\/site\/"},{"@type":"ListItem","position":2,"name":"Mercedes present\u00f3 los Carnavales 2026: una edici\u00f3n centenaria, solidaria y con impacto social"}]},{"@type":"WebSite","@id":"https:\/\/noticiasmercedinas.com\/site\/#website","url":"https:\/\/noticiasmercedinas.com\/site\/","name":"NOTICIASMERCEDINAS.COM","description":"Mercedes, Buenos Aires, Argentina","publisher":{"@id":"https:\/\/noticiasmercedinas.com\/site\/#organization"},"potentialAction":[{"@type":"SearchAction","target":{"@type":"EntryPoint","urlTemplate":"https:\/\/noticiasmercedinas.com\/site\/?s={search_term_string}"},"query-input":{"@type":"PropertyValueSpecification","valueRequired":true,"valueName":"search_term_string"}}],"inLanguage":"es"},{"@type":"Organization","@id":"https:\/\/noticiasmercedinas.com\/site\/#organization","name":"NOTICIASMERCEDINAS.COM","url":"https:\/\/noticiasmercedinas.com\/site\/","logo":{"@type":"ImageObject","inLanguage":"es","@id":"https:\/\/noticiasmercedinas.com\/site\/#\/schema\/logo\/image\/","url":"https:\/\/noticiasmercedinas.com\/site\/wp-content\/uploads\/2020\/06\/LOGO-512.jpg","contentUrl":"https:\/\/noticiasmercedinas.com\/site\/wp-content\/uploads\/2020\/06\/LOGO-512.jpg","width":512,"height":512,"caption":"NOTICIASMERCEDINAS.COM"},"image":{"@id":"https:\/\/noticiasmercedinas.com\/site\/#\/schema\/logo\/image\/"},"sameAs":["https:\/\/www.facebook.com\/noticiasmercedinas\/","https:\/\/x.com\/notmercedinas","https:\/\/www.instagram.com\/noticiasmercedinas\/"]},{"@type":"Person","@id":"https:\/\/noticiasmercedinas.com\/site\/#\/schema\/person\/d481a9696a5feaec13a60e2bbd991a6a","name":"Cristian Falabella NOTICIASMERCEDINAS.COM","image":{"@type":"ImageObject","inLanguage":"es","@id":"https:\/\/secure.gravatar.com\/avatar\/0dbbfc45970cc46bcd0e57766228574ff3511d6eed045b182f536f0f478c1f06?s=96&d=mm&r=g","url":"https:\/\/secure.gravatar.com\/avatar\/0dbbfc45970cc46bcd0e57766228574ff3511d6eed045b182f536f0f478c1f06?s=96&d=mm&r=g","contentUrl":"https:\/\/secure.gravatar.com\/avatar\/0dbbfc45970cc46bcd0e57766228574ff3511d6eed045b182f536f0f478c1f06?s=96&d=mm&r=g","caption":"Cristian Falabella NOTICIASMERCEDINAS.COM"},"description":"Periodista, editor de Noticias Mercedinas. Pas\u00f3 por varias redacciones y emprendimientos de prensa, en distintos formatos y \u00e9pocas. Se especializ\u00f3 --y sigue haci\u00e9ndolo-- en comunicaci\u00f3n en la web y en junio de 2006 fund\u00f3 este diario digital.","sameAs":["https:\/\/noticiasmercedinas.com","https:\/\/www.facebook.com\/cristian.falabella","https:\/\/www.instagram.com\/noticiasmercedinas\/","https:\/\/x.com\/https:\/\/twitter.com\/NOTMERCEDINAS"],"url":"https:\/\/noticiasmercedinas.com\/site\/author\/as000384\/"}]}},"amp_enabled":true,"_links":{"self":[{"href":"https:\/\/noticiasmercedinas.com\/site\/wp-json\/wp\/v2\/posts\/179697","targetHints":{"allow":["GET"]}}],"collection":[{"href":"https:\/\/noticiasmercedinas.com\/site\/wp-json\/wp\/v2\/posts"}],"about":[{"href":"https:\/\/noticiasmercedinas.com\/site\/wp-json\/wp\/v2\/types\/post"}],"author":[{"embeddable":true,"href":"https:\/\/noticiasmercedinas.com\/site\/wp-json\/wp\/v2\/users\/2"}],"replies":[{"embeddable":true,"href":"https:\/\/noticiasmercedinas.com\/site\/wp-json\/wp\/v2\/comments?post=179697"}],"version-history":[{"count":5,"href":"https:\/\/noticiasmercedinas.com\/site\/wp-json\/wp\/v2\/posts\/179697\/revisions"}],"predecessor-version":[{"id":179708,"href":"https:\/\/noticiasmercedinas.com\/site\/wp-json\/wp\/v2\/posts\/179697\/revisions\/179708"}],"wp:featuredmedia":[{"embeddable":true,"href":"https:\/\/noticiasmercedinas.com\/site\/wp-json\/wp\/v2\/media\/179699"}],"wp:attachment":[{"href":"https:\/\/noticiasmercedinas.com\/site\/wp-json\/wp\/v2\/media?parent=179697"}],"wp:term":[{"taxonomy":"category","embeddable":true,"href":"https:\/\/noticiasmercedinas.com\/site\/wp-json\/wp\/v2\/categories?post=179697"},{"taxonomy":"post_tag","embeddable":true,"href":"https:\/\/noticiasmercedinas.com\/site\/wp-json\/wp\/v2\/tags?post=179697"}],"curies":[{"name":"wp","href":"https:\/\/api.w.org\/{rel}","templated":true}]}}