{"id":179720,"date":"2026-02-09T17:30:44","date_gmt":"2026-02-09T20:30:44","guid":{"rendered":"https:\/\/noticiasmercedinas.com\/site\/?p=179720"},"modified":"2026-02-09T18:23:01","modified_gmt":"2026-02-09T21:23:01","slug":"libreria-avenida-10-anos-de-historia-familiar-y-precios-mas-bajos-que-en-2025","status":"publish","type":"post","link":"https:\/\/noticiasmercedinas.com\/site\/2026\/02\/09\/libreria-avenida-10-anos-de-historia-familiar-y-precios-mas-bajos-que-en-2025\/","title":{"rendered":"Librer\u00eda Avenida: 10 a\u00f1os de historia familiar y los precios m\u00e1s bajos de Mercedes"},"content":{"rendered":"<p data-path-to-node=\"4\"><img loading=\"lazy\" decoding=\"async\" class=\"alignnone size-full wp-image-179723\" src=\"https:\/\/noticiasmercedinas.com\/site\/wp-content\/uploads\/2026\/02\/avenida1.jpg\" alt=\"\" width=\"753\" height=\"495\" srcset=\"https:\/\/noticiasmercedinas.com\/site\/wp-content\/uploads\/2026\/02\/avenida1.jpg 753w, https:\/\/noticiasmercedinas.com\/site\/wp-content\/uploads\/2026\/02\/avenida1-300x197.jpg 300w, https:\/\/noticiasmercedinas.com\/site\/wp-content\/uploads\/2026\/02\/avenida1-640x421.jpg 640w, https:\/\/noticiasmercedinas.com\/site\/wp-content\/uploads\/2026\/02\/avenida1-681x448.jpg 681w\" sizes=\"auto, (max-width: 753px) 100vw, 753px\" \/><\/p>\n<p data-path-to-node=\"4\">Hay historias que se construyen con esfuerzo, y la de <b data-path-to-node=\"4\" data-index-in-node=\"65\">Librer\u00eda Avenida<\/b> es, sin duda, una de ellas.<\/p>\n<p data-path-to-node=\"4\">Nacida en abril de 2016, esta empresa familiar mercedina se prepara para soplar sus primeras diez velitas en un contexto de pleno crecimiento.<\/p>\n<p data-path-to-node=\"4\">Tras haber superado los desaf\u00edos de una pandemia y haber pasado por distintas ubicaciones, hoy se consolidan en su flamante y amplia esquina de <b data-path-to-node=\"4\" data-index-in-node=\"395\">calle 47 y 28<\/b>, un espacio dise\u00f1ado para que el cliente recorra, compare y elija con total comodidad.<\/p>\n<blockquote>\n<p data-path-to-node=\"4\">En calle 47 y 28 celebran su d\u00e9cimo aniversario desafiando la inflaci\u00f3n. En esta \u00abvuelta al cole\u00bb, ofrecen listas escolares completas con productos de primera marca a valores que, sorpresivamente, se mantienen o incluso bajan respecto al a\u00f1o pasado.<\/p>\n<\/blockquote>\n<h3 data-path-to-node=\"5\"><img loading=\"lazy\" decoding=\"async\" class=\"alignnone size-full wp-image-179722\" src=\"https:\/\/noticiasmercedinas.com\/site\/wp-content\/uploads\/2026\/02\/avenida5.jpg\" alt=\"\" width=\"753\" height=\"495\" srcset=\"https:\/\/noticiasmercedinas.com\/site\/wp-content\/uploads\/2026\/02\/avenida5.jpg 753w, https:\/\/noticiasmercedinas.com\/site\/wp-content\/uploads\/2026\/02\/avenida5-300x197.jpg 300w, https:\/\/noticiasmercedinas.com\/site\/wp-content\/uploads\/2026\/02\/avenida5-640x421.jpg 640w, https:\/\/noticiasmercedinas.com\/site\/wp-content\/uploads\/2026\/02\/avenida5-681x448.jpg 681w\" sizes=\"auto, (max-width: 753px) 100vw, 753px\" \/><\/h3>\n<h3 data-path-to-node=\"5\">Un fen\u00f3meno poco visto: precios que bajan<\/h3>\n<p data-path-to-node=\"6\">En un mercado acostumbrado a las subas constantes, Librer\u00eda Avenida rompe la tendencia. <i data-path-to-node=\"6\" data-index-in-node=\"88\">\u00abLa gente viene y no lo puede creer, pero es una realidad: tenemos productos m\u00e1s baratos que el a\u00f1o pasado\u00bb<\/i>, explican desde el comercio, que ostenta los precios m\u00e1s bajos de Mercedes.<\/p>\n<p data-path-to-node=\"6\">Art\u00edculos esenciales como el <b data-path-to-node=\"6\" data-index-in-node=\"254\">repuesto \u00c9xito de 480 hojas<\/b>, l\u00e1pices de colores, fibras y ciertas l\u00edneas de cartucheras han bajado su precio o se mantienen fijos respecto al ciclo lectivo 2025.<\/p>\n<p data-path-to-node=\"7\">Este compromiso con el bolsillo de las familias mercedinas no resigna calidad. El local trabaja con las marcas l\u00edderes del sector y ha organizado su exhibici\u00f3n por m\u00f3dulos y rubros, permitiendo que cada padre o estudiante encuentre lo que busca seg\u00fan su presupuesto.<\/p>\n<h3 data-path-to-node=\"8\">Variedad para todos los niveles<\/h3>\n<p data-path-to-node=\"9\">Desde el jard\u00edn de infantes hasta la universidad, Librer\u00eda Avenida recibe y presupuesta todas las listas de materiales.<\/p>\n<p data-path-to-node=\"9\">La oferta en mochilas y carpetas es, quiz\u00e1s, la m\u00e1s amplia de la ciudad:<\/p>\n<ul>\n<li data-path-to-node=\"10,0,0\"><b data-path-to-node=\"10,0,0\" data-index-in-node=\"0\">Mochilas:<\/b> Opciones desde los <b data-path-to-node=\"10,0,0\" data-index-in-node=\"29\">$15.000<\/b> hasta l\u00edneas premium de $50.000.<\/li>\n<li data-path-to-node=\"10,1,0\"><b data-path-to-node=\"10,1,0\" data-index-in-node=\"0\">Carpetas:<\/b> Variedad que va desde los <b data-path-to-node=\"10,1,0\" data-index-in-node=\"36\">$3.000<\/b> hasta modelos de $12.000.<\/li>\n<li data-path-to-node=\"10,2,0\"><b data-path-to-node=\"10,2,0\" data-index-in-node=\"0\">Stock permanente:<\/b> Con entregas de mercader\u00eda tres veces por semana, lo que no est\u00e1 en el estante, se consigue en tiempo r\u00e9cord.<\/li>\n<\/ul>\n<h3 data-path-to-node=\"11\">M\u00e1s servicios y equipo renovado<\/h3>\n<p data-path-to-node=\"12\">El crecimiento no es solo edilicio. Este a\u00f1o, el emprendimiento suma nuevos integrantes, siempre de la familia, a su staff &#8211;en este caso en el dise\u00f1o y administraci\u00f3n de las redes&#8211; para agilizar la atenci\u00f3n y a\u00f1ade servicios clave para la comunidad.<\/p>\n<p data-path-to-node=\"12\">Adem\u00e1s de las tradicionales <b data-path-to-node=\"12\" data-index-in-node=\"196\">impresiones, fotocopias, anillados y escaneos<\/b>, ahora Librer\u00eda Avenida incorpora una terminal para el <b data-path-to-node=\"12\" data-index-in-node=\"297\">pago de impuestos provinciales (ARBA)<\/b>, facilitando el cumplimiento de patentes e inmobiliarios en un solo lugar.<\/p>\n<h3 data-path-to-node=\"13\">Contacto y horarios<\/h3>\n<p data-path-to-node=\"14\">Para estar a tono con los tiempos que corren, el comercio mantiene una fuerte presencia en <b data-path-to-node=\"14\" data-index-in-node=\"91\">Instagram (<a href=\"https:\/\/www.instagram.com\/libreria.avenida47\/\">@libreria.avenida47<\/a>)<\/b>, donde suben novedades diarias.<\/p>\n<p data-path-to-node=\"15,0,0\"><b data-path-to-node=\"15,0,0\" data-index-in-node=\"0\">Horario de verano:<\/b> Lunes a viernes de 8:30 a 12:30 y de 17:00 a 20:30 hs. S\u00e1bados de 9:30 a 13:00 hs.<\/p>\n<p data-path-to-node=\"15,1,0\"><b data-path-to-node=\"15,1,0\" data-index-in-node=\"0\">Horario escolar (pr\u00f3ximamente):<\/b> \u00a1Desde las 7:15 de la ma\u00f1ana para salvar cualquier olvido de \u00faltimo momento!<\/p>\n<p data-path-to-node=\"15,2,0\"><b data-path-to-node=\"15,2,0\" data-index-in-node=\"0\">Consultas por WhatsApp:<\/b> 2324-646674.<\/p>\n<p data-path-to-node=\"16\">Librer\u00eda Avenida cumple 10 a\u00f1os y lo festeja de la mejor manera: con la honestidad de siempre, una atenci\u00f3n familiar impecable y los precios m\u00e1s competitivos de Mercedes. <b data-path-to-node=\"16\" data-index-in-node=\"171\">Porque este a\u00f1o, volver a clases cuesta menos.<\/b><\/p>\n<p data-path-to-node=\"16\"><img loading=\"lazy\" decoding=\"async\" class=\"alignnone size-full wp-image-179721\" src=\"https:\/\/noticiasmercedinas.com\/site\/wp-content\/uploads\/2026\/02\/EXITO.jpg\" alt=\"\" width=\"785\" height=\"780\" srcset=\"https:\/\/noticiasmercedinas.com\/site\/wp-content\/uploads\/2026\/02\/EXITO.jpg 785w, https:\/\/noticiasmercedinas.com\/site\/wp-content\/uploads\/2026\/02\/EXITO-300x298.jpg 300w, https:\/\/noticiasmercedinas.com\/site\/wp-content\/uploads\/2026\/02\/EXITO-150x150.jpg 150w, https:\/\/noticiasmercedinas.com\/site\/wp-content\/uploads\/2026\/02\/EXITO-768x763.jpg 768w, https:\/\/noticiasmercedinas.com\/site\/wp-content\/uploads\/2026\/02\/EXITO-640x636.jpg 640w, https:\/\/noticiasmercedinas.com\/site\/wp-content\/uploads\/2026\/02\/EXITO-681x677.jpg 681w\" sizes=\"auto, (max-width: 785px) 100vw, 785px\" \/><\/p>\n","protected":false},"excerpt":{"rendered":"<p>Hay historias que se construyen con esfuerzo, y la de Librer\u00eda Avenida es, sin duda, una de ellas. Nacida en abril de 2016, esta empresa familiar mercedina se prepara para soplar sus primeras diez velitas en un contexto de pleno crecimiento. Tras haber superado los desaf\u00edos de una pandemia y haber pasado por distintas ubicaciones, [&hellip;]<\/p>\n","protected":false},"author":16,"featured_media":179723,"comment_status":"closed","ping_status":"closed","sticky":false,"template":"","format":"standard","meta":{"footnotes":""},"categories":[74],"tags":[38,810,8263,3633,1376,1639,3599,4246],"class_list":["post-179720","post","type-post","status-publish","format-standard","has-post-thumbnail","hentry","category-emprendimientos","tag-educacion","tag-escuela","tag-libreria","tag-libreria-avenida","tag-ofertas","tag-precios","tag-utiles-escolares","tag-vuelta-al-cole"],"yoast_head":"<!-- This site is optimized with the Yoast SEO plugin v27.5 - https:\/\/yoast.com\/product\/yoast-seo-wordpress\/ -->\n<title>Librer\u00eda Avenida: 10 a\u00f1os de historia familiar y los precios m\u00e1s bajos de Mercedes<\/title>\n<meta name=\"description\" content=\"En calle 47 y 28 celebran su d\u00e9cimo aniversario desafiando la inflaci\u00f3n. En esta &quot;vuelta al cole&quot;, ofrecen listas escolares completas con productos de primera marca a valores que, sorpresivamente, se mantienen o incluso bajan respecto al a\u00f1o pasado.\" \/>\n<meta name=\"robots\" content=\"index, follow, max-snippet:-1, max-image-preview:large, max-video-preview:-1\" \/>\n<link rel=\"canonical\" href=\"https:\/\/noticiasmercedinas.com\/site\/2026\/02\/09\/libreria-avenida-10-anos-de-historia-familiar-y-precios-mas-bajos-que-en-2025\/\" \/>\n<meta property=\"og:locale\" content=\"es_ES\" \/>\n<meta property=\"og:type\" content=\"article\" \/>\n<meta property=\"og:title\" content=\"Librer\u00eda Avenida: 10 a\u00f1os de historia familiar y los precios m\u00e1s bajos de Mercedes\" \/>\n<meta property=\"og:description\" content=\"En calle 47 y 28 celebran su d\u00e9cimo aniversario desafiando la inflaci\u00f3n. En esta &quot;vuelta al cole&quot;, ofrecen listas escolares completas con productos de primera marca a valores que, sorpresivamente, se mantienen o incluso bajan respecto al a\u00f1o pasado.\" \/>\n<meta property=\"og:url\" content=\"https:\/\/noticiasmercedinas.com\/site\/2026\/02\/09\/libreria-avenida-10-anos-de-historia-familiar-y-precios-mas-bajos-que-en-2025\/\" \/>\n<meta property=\"og:site_name\" content=\"NOTICIASMERCEDINAS.COM\" \/>\n<meta property=\"article:publisher\" content=\"https:\/\/www.facebook.com\/noticiasmercedinas\/\" \/>\n<meta property=\"article:published_time\" content=\"2026-02-09T20:30:44+00:00\" \/>\n<meta property=\"article:modified_time\" content=\"2026-02-09T21:23:01+00:00\" \/>\n<meta property=\"og:image\" content=\"https:\/\/noticiasmercedinas.com\/site\/wp-content\/uploads\/2026\/02\/avenida1.jpg\" \/>\n\t<meta property=\"og:image:width\" content=\"753\" \/>\n\t<meta property=\"og:image:height\" content=\"495\" \/>\n\t<meta property=\"og:image:type\" content=\"image\/jpeg\" \/>\n<meta name=\"author\" content=\"NOTICIASMERCEDINAS.COM\" \/>\n<meta name=\"twitter:card\" content=\"summary_large_image\" \/>\n<meta name=\"twitter:creator\" content=\"@notmercedinas\" \/>\n<meta name=\"twitter:site\" content=\"@notmercedinas\" \/>\n<meta name=\"twitter:label1\" content=\"Escrito por\" \/>\n\t<meta name=\"twitter:data1\" content=\"NOTICIASMERCEDINAS.COM\" \/>\n\t<meta name=\"twitter:label2\" content=\"Tiempo de lectura\" \/>\n\t<meta name=\"twitter:data2\" content=\"3 minutos\" \/>\n<script type=\"application\/ld+json\" class=\"yoast-schema-graph\">{\"@context\":\"https:\\\/\\\/schema.org\",\"@graph\":[{\"@type\":\"Article\",\"@id\":\"https:\\\/\\\/noticiasmercedinas.com\\\/site\\\/2026\\\/02\\\/09\\\/libreria-avenida-10-anos-de-historia-familiar-y-precios-mas-bajos-que-en-2025\\\/#article\",\"isPartOf\":{\"@id\":\"https:\\\/\\\/noticiasmercedinas.com\\\/site\\\/2026\\\/02\\\/09\\\/libreria-avenida-10-anos-de-historia-familiar-y-precios-mas-bajos-que-en-2025\\\/\"},\"author\":{\"name\":\"NOTICIASMERCEDINAS.COM\",\"@id\":\"https:\\\/\\\/noticiasmercedinas.com\\\/site\\\/#\\\/schema\\\/person\\\/84b59c099c28ff2e8b77d4ceec5d8063\"},\"headline\":\"Librer\u00eda Avenida: 10 a\u00f1os de historia familiar y los precios m\u00e1s bajos de Mercedes\",\"datePublished\":\"2026-02-09T20:30:44+00:00\",\"dateModified\":\"2026-02-09T21:23:01+00:00\",\"mainEntityOfPage\":{\"@id\":\"https:\\\/\\\/noticiasmercedinas.com\\\/site\\\/2026\\\/02\\\/09\\\/libreria-avenida-10-anos-de-historia-familiar-y-precios-mas-bajos-que-en-2025\\\/\"},\"wordCount\":550,\"publisher\":{\"@id\":\"https:\\\/\\\/noticiasmercedinas.com\\\/site\\\/#organization\"},\"image\":{\"@id\":\"https:\\\/\\\/noticiasmercedinas.com\\\/site\\\/2026\\\/02\\\/09\\\/libreria-avenida-10-anos-de-historia-familiar-y-precios-mas-bajos-que-en-2025\\\/#primaryimage\"},\"thumbnailUrl\":\"https:\\\/\\\/noticiasmercedinas.com\\\/site\\\/wp-content\\\/uploads\\\/2026\\\/02\\\/avenida1.jpg\",\"keywords\":[\"educacion\",\"escuela\",\"librer\u00eda\",\"librer\u00eda avenida\",\"ofertas\",\"precios\",\"utiles escolares\",\"vuelta al cole\"],\"articleSection\":[\"Emprendimientos\"],\"inLanguage\":\"es\"},{\"@type\":\"WebPage\",\"@id\":\"https:\\\/\\\/noticiasmercedinas.com\\\/site\\\/2026\\\/02\\\/09\\\/libreria-avenida-10-anos-de-historia-familiar-y-precios-mas-bajos-que-en-2025\\\/\",\"url\":\"https:\\\/\\\/noticiasmercedinas.com\\\/site\\\/2026\\\/02\\\/09\\\/libreria-avenida-10-anos-de-historia-familiar-y-precios-mas-bajos-que-en-2025\\\/\",\"name\":\"Librer\u00eda Avenida: 10 a\u00f1os de historia familiar y los precios m\u00e1s bajos de Mercedes\",\"isPartOf\":{\"@id\":\"https:\\\/\\\/noticiasmercedinas.com\\\/site\\\/#website\"},\"primaryImageOfPage\":{\"@id\":\"https:\\\/\\\/noticiasmercedinas.com\\\/site\\\/2026\\\/02\\\/09\\\/libreria-avenida-10-anos-de-historia-familiar-y-precios-mas-bajos-que-en-2025\\\/#primaryimage\"},\"image\":{\"@id\":\"https:\\\/\\\/noticiasmercedinas.com\\\/site\\\/2026\\\/02\\\/09\\\/libreria-avenida-10-anos-de-historia-familiar-y-precios-mas-bajos-que-en-2025\\\/#primaryimage\"},\"thumbnailUrl\":\"https:\\\/\\\/noticiasmercedinas.com\\\/site\\\/wp-content\\\/uploads\\\/2026\\\/02\\\/avenida1.jpg\",\"datePublished\":\"2026-02-09T20:30:44+00:00\",\"dateModified\":\"2026-02-09T21:23:01+00:00\",\"description\":\"En calle 47 y 28 celebran su d\u00e9cimo aniversario desafiando la inflaci\u00f3n. En esta \\\"vuelta al cole\\\", ofrecen listas escolares completas con productos de primera marca a valores que, sorpresivamente, se mantienen o incluso bajan respecto al a\u00f1o pasado.\",\"breadcrumb\":{\"@id\":\"https:\\\/\\\/noticiasmercedinas.com\\\/site\\\/2026\\\/02\\\/09\\\/libreria-avenida-10-anos-de-historia-familiar-y-precios-mas-bajos-que-en-2025\\\/#breadcrumb\"},\"inLanguage\":\"es\",\"potentialAction\":[{\"@type\":\"ReadAction\",\"target\":[\"https:\\\/\\\/noticiasmercedinas.com\\\/site\\\/2026\\\/02\\\/09\\\/libreria-avenida-10-anos-de-historia-familiar-y-precios-mas-bajos-que-en-2025\\\/\"]}]},{\"@type\":\"ImageObject\",\"inLanguage\":\"es\",\"@id\":\"https:\\\/\\\/noticiasmercedinas.com\\\/site\\\/2026\\\/02\\\/09\\\/libreria-avenida-10-anos-de-historia-familiar-y-precios-mas-bajos-que-en-2025\\\/#primaryimage\",\"url\":\"https:\\\/\\\/noticiasmercedinas.com\\\/site\\\/wp-content\\\/uploads\\\/2026\\\/02\\\/avenida1.jpg\",\"contentUrl\":\"https:\\\/\\\/noticiasmercedinas.com\\\/site\\\/wp-content\\\/uploads\\\/2026\\\/02\\\/avenida1.jpg\",\"width\":753,\"height\":495},{\"@type\":\"BreadcrumbList\",\"@id\":\"https:\\\/\\\/noticiasmercedinas.com\\\/site\\\/2026\\\/02\\\/09\\\/libreria-avenida-10-anos-de-historia-familiar-y-precios-mas-bajos-que-en-2025\\\/#breadcrumb\",\"itemListElement\":[{\"@type\":\"ListItem\",\"position\":1,\"name\":\"Portada\",\"item\":\"https:\\\/\\\/noticiasmercedinas.com\\\/site\\\/\"},{\"@type\":\"ListItem\",\"position\":2,\"name\":\"Librer\u00eda Avenida: 10 a\u00f1os de historia familiar y los precios m\u00e1s bajos de Mercedes\"}]},{\"@type\":\"WebSite\",\"@id\":\"https:\\\/\\\/noticiasmercedinas.com\\\/site\\\/#website\",\"url\":\"https:\\\/\\\/noticiasmercedinas.com\\\/site\\\/\",\"name\":\"NOTICIASMERCEDINAS.COM\",\"description\":\"Mercedes, Buenos Aires, Argentina\",\"publisher\":{\"@id\":\"https:\\\/\\\/noticiasmercedinas.com\\\/site\\\/#organization\"},\"potentialAction\":[{\"@type\":\"SearchAction\",\"target\":{\"@type\":\"EntryPoint\",\"urlTemplate\":\"https:\\\/\\\/noticiasmercedinas.com\\\/site\\\/?s={search_term_string}\"},\"query-input\":{\"@type\":\"PropertyValueSpecification\",\"valueRequired\":true,\"valueName\":\"search_term_string\"}}],\"inLanguage\":\"es\"},{\"@type\":\"Organization\",\"@id\":\"https:\\\/\\\/noticiasmercedinas.com\\\/site\\\/#organization\",\"name\":\"NOTICIASMERCEDINAS.COM\",\"url\":\"https:\\\/\\\/noticiasmercedinas.com\\\/site\\\/\",\"logo\":{\"@type\":\"ImageObject\",\"inLanguage\":\"es\",\"@id\":\"https:\\\/\\\/noticiasmercedinas.com\\\/site\\\/#\\\/schema\\\/logo\\\/image\\\/\",\"url\":\"https:\\\/\\\/noticiasmercedinas.com\\\/site\\\/wp-content\\\/uploads\\\/2020\\\/06\\\/LOGO-512.jpg\",\"contentUrl\":\"https:\\\/\\\/noticiasmercedinas.com\\\/site\\\/wp-content\\\/uploads\\\/2020\\\/06\\\/LOGO-512.jpg\",\"width\":512,\"height\":512,\"caption\":\"NOTICIASMERCEDINAS.COM\"},\"image\":{\"@id\":\"https:\\\/\\\/noticiasmercedinas.com\\\/site\\\/#\\\/schema\\\/logo\\\/image\\\/\"},\"sameAs\":[\"https:\\\/\\\/www.facebook.com\\\/noticiasmercedinas\\\/\",\"https:\\\/\\\/x.com\\\/notmercedinas\",\"https:\\\/\\\/www.instagram.com\\\/noticiasmercedinas\\\/\"]},{\"@type\":\"Person\",\"@id\":\"https:\\\/\\\/noticiasmercedinas.com\\\/site\\\/#\\\/schema\\\/person\\\/84b59c099c28ff2e8b77d4ceec5d8063\",\"name\":\"NOTICIASMERCEDINAS.COM\",\"image\":{\"@type\":\"ImageObject\",\"inLanguage\":\"es\",\"@id\":\"https:\\\/\\\/secure.gravatar.com\\\/avatar\\\/4dfbf16b4d17945bfb6341b2d19043457132fcf478a5ee04f42e959fd8f5df0a?s=96&d=mm&r=g\",\"url\":\"https:\\\/\\\/secure.gravatar.com\\\/avatar\\\/4dfbf16b4d17945bfb6341b2d19043457132fcf478a5ee04f42e959fd8f5df0a?s=96&d=mm&r=g\",\"contentUrl\":\"https:\\\/\\\/secure.gravatar.com\\\/avatar\\\/4dfbf16b4d17945bfb6341b2d19043457132fcf478a5ee04f42e959fd8f5df0a?s=96&d=mm&r=g\",\"caption\":\"NOTICIASMERCEDINAS.COM\"},\"url\":\"https:\\\/\\\/noticiasmercedinas.com\\\/site\\\/author\\\/anonimo\\\/\"}]}<\/script>\n<!-- \/ Yoast SEO plugin. -->","yoast_head_json":{"title":"Librer\u00eda Avenida: 10 a\u00f1os de historia familiar y los precios m\u00e1s bajos de Mercedes","description":"En calle 47 y 28 celebran su d\u00e9cimo aniversario desafiando la inflaci\u00f3n. En esta \"vuelta al cole\", ofrecen listas escolares completas con productos de primera marca a valores que, sorpresivamente, se mantienen o incluso bajan respecto al a\u00f1o pasado.","robots":{"index":"index","follow":"follow","max-snippet":"max-snippet:-1","max-image-preview":"max-image-preview:large","max-video-preview":"max-video-preview:-1"},"canonical":"https:\/\/noticiasmercedinas.com\/site\/2026\/02\/09\/libreria-avenida-10-anos-de-historia-familiar-y-precios-mas-bajos-que-en-2025\/","og_locale":"es_ES","og_type":"article","og_title":"Librer\u00eda Avenida: 10 a\u00f1os de historia familiar y los precios m\u00e1s bajos de Mercedes","og_description":"En calle 47 y 28 celebran su d\u00e9cimo aniversario desafiando la inflaci\u00f3n. En esta \"vuelta al cole\", ofrecen listas escolares completas con productos de primera marca a valores que, sorpresivamente, se mantienen o incluso bajan respecto al a\u00f1o pasado.","og_url":"https:\/\/noticiasmercedinas.com\/site\/2026\/02\/09\/libreria-avenida-10-anos-de-historia-familiar-y-precios-mas-bajos-que-en-2025\/","og_site_name":"NOTICIASMERCEDINAS.COM","article_publisher":"https:\/\/www.facebook.com\/noticiasmercedinas\/","article_published_time":"2026-02-09T20:30:44+00:00","article_modified_time":"2026-02-09T21:23:01+00:00","og_image":[{"width":753,"height":495,"url":"https:\/\/noticiasmercedinas.com\/site\/wp-content\/uploads\/2026\/02\/avenida1.jpg","type":"image\/jpeg"}],"author":"NOTICIASMERCEDINAS.COM","twitter_card":"summary_large_image","twitter_creator":"@notmercedinas","twitter_site":"@notmercedinas","twitter_misc":{"Escrito por":"NOTICIASMERCEDINAS.COM","Tiempo de lectura":"3 minutos"},"schema":{"@context":"https:\/\/schema.org","@graph":[{"@type":"Article","@id":"https:\/\/noticiasmercedinas.com\/site\/2026\/02\/09\/libreria-avenida-10-anos-de-historia-familiar-y-precios-mas-bajos-que-en-2025\/#article","isPartOf":{"@id":"https:\/\/noticiasmercedinas.com\/site\/2026\/02\/09\/libreria-avenida-10-anos-de-historia-familiar-y-precios-mas-bajos-que-en-2025\/"},"author":{"name":"NOTICIASMERCEDINAS.COM","@id":"https:\/\/noticiasmercedinas.com\/site\/#\/schema\/person\/84b59c099c28ff2e8b77d4ceec5d8063"},"headline":"Librer\u00eda Avenida: 10 a\u00f1os de historia familiar y los precios m\u00e1s bajos de Mercedes","datePublished":"2026-02-09T20:30:44+00:00","dateModified":"2026-02-09T21:23:01+00:00","mainEntityOfPage":{"@id":"https:\/\/noticiasmercedinas.com\/site\/2026\/02\/09\/libreria-avenida-10-anos-de-historia-familiar-y-precios-mas-bajos-que-en-2025\/"},"wordCount":550,"publisher":{"@id":"https:\/\/noticiasmercedinas.com\/site\/#organization"},"image":{"@id":"https:\/\/noticiasmercedinas.com\/site\/2026\/02\/09\/libreria-avenida-10-anos-de-historia-familiar-y-precios-mas-bajos-que-en-2025\/#primaryimage"},"thumbnailUrl":"https:\/\/noticiasmercedinas.com\/site\/wp-content\/uploads\/2026\/02\/avenida1.jpg","keywords":["educacion","escuela","librer\u00eda","librer\u00eda avenida","ofertas","precios","utiles escolares","vuelta al cole"],"articleSection":["Emprendimientos"],"inLanguage":"es"},{"@type":"WebPage","@id":"https:\/\/noticiasmercedinas.com\/site\/2026\/02\/09\/libreria-avenida-10-anos-de-historia-familiar-y-precios-mas-bajos-que-en-2025\/","url":"https:\/\/noticiasmercedinas.com\/site\/2026\/02\/09\/libreria-avenida-10-anos-de-historia-familiar-y-precios-mas-bajos-que-en-2025\/","name":"Librer\u00eda Avenida: 10 a\u00f1os de historia familiar y los precios m\u00e1s bajos de Mercedes","isPartOf":{"@id":"https:\/\/noticiasmercedinas.com\/site\/#website"},"primaryImageOfPage":{"@id":"https:\/\/noticiasmercedinas.com\/site\/2026\/02\/09\/libreria-avenida-10-anos-de-historia-familiar-y-precios-mas-bajos-que-en-2025\/#primaryimage"},"image":{"@id":"https:\/\/noticiasmercedinas.com\/site\/2026\/02\/09\/libreria-avenida-10-anos-de-historia-familiar-y-precios-mas-bajos-que-en-2025\/#primaryimage"},"thumbnailUrl":"https:\/\/noticiasmercedinas.com\/site\/wp-content\/uploads\/2026\/02\/avenida1.jpg","datePublished":"2026-02-09T20:30:44+00:00","dateModified":"2026-02-09T21:23:01+00:00","description":"En calle 47 y 28 celebran su d\u00e9cimo aniversario desafiando la inflaci\u00f3n. En esta \"vuelta al cole\", ofrecen listas escolares completas con productos de primera marca a valores que, sorpresivamente, se mantienen o incluso bajan respecto al a\u00f1o pasado.","breadcrumb":{"@id":"https:\/\/noticiasmercedinas.com\/site\/2026\/02\/09\/libreria-avenida-10-anos-de-historia-familiar-y-precios-mas-bajos-que-en-2025\/#breadcrumb"},"inLanguage":"es","potentialAction":[{"@type":"ReadAction","target":["https:\/\/noticiasmercedinas.com\/site\/2026\/02\/09\/libreria-avenida-10-anos-de-historia-familiar-y-precios-mas-bajos-que-en-2025\/"]}]},{"@type":"ImageObject","inLanguage":"es","@id":"https:\/\/noticiasmercedinas.com\/site\/2026\/02\/09\/libreria-avenida-10-anos-de-historia-familiar-y-precios-mas-bajos-que-en-2025\/#primaryimage","url":"https:\/\/noticiasmercedinas.com\/site\/wp-content\/uploads\/2026\/02\/avenida1.jpg","contentUrl":"https:\/\/noticiasmercedinas.com\/site\/wp-content\/uploads\/2026\/02\/avenida1.jpg","width":753,"height":495},{"@type":"BreadcrumbList","@id":"https:\/\/noticiasmercedinas.com\/site\/2026\/02\/09\/libreria-avenida-10-anos-de-historia-familiar-y-precios-mas-bajos-que-en-2025\/#breadcrumb","itemListElement":[{"@type":"ListItem","position":1,"name":"Portada","item":"https:\/\/noticiasmercedinas.com\/site\/"},{"@type":"ListItem","position":2,"name":"Librer\u00eda Avenida: 10 a\u00f1os de historia familiar y los precios m\u00e1s bajos de Mercedes"}]},{"@type":"WebSite","@id":"https:\/\/noticiasmercedinas.com\/site\/#website","url":"https:\/\/noticiasmercedinas.com\/site\/","name":"NOTICIASMERCEDINAS.COM","description":"Mercedes, Buenos Aires, Argentina","publisher":{"@id":"https:\/\/noticiasmercedinas.com\/site\/#organization"},"potentialAction":[{"@type":"SearchAction","target":{"@type":"EntryPoint","urlTemplate":"https:\/\/noticiasmercedinas.com\/site\/?s={search_term_string}"},"query-input":{"@type":"PropertyValueSpecification","valueRequired":true,"valueName":"search_term_string"}}],"inLanguage":"es"},{"@type":"Organization","@id":"https:\/\/noticiasmercedinas.com\/site\/#organization","name":"NOTICIASMERCEDINAS.COM","url":"https:\/\/noticiasmercedinas.com\/site\/","logo":{"@type":"ImageObject","inLanguage":"es","@id":"https:\/\/noticiasmercedinas.com\/site\/#\/schema\/logo\/image\/","url":"https:\/\/noticiasmercedinas.com\/site\/wp-content\/uploads\/2020\/06\/LOGO-512.jpg","contentUrl":"https:\/\/noticiasmercedinas.com\/site\/wp-content\/uploads\/2020\/06\/LOGO-512.jpg","width":512,"height":512,"caption":"NOTICIASMERCEDINAS.COM"},"image":{"@id":"https:\/\/noticiasmercedinas.com\/site\/#\/schema\/logo\/image\/"},"sameAs":["https:\/\/www.facebook.com\/noticiasmercedinas\/","https:\/\/x.com\/notmercedinas","https:\/\/www.instagram.com\/noticiasmercedinas\/"]},{"@type":"Person","@id":"https:\/\/noticiasmercedinas.com\/site\/#\/schema\/person\/84b59c099c28ff2e8b77d4ceec5d8063","name":"NOTICIASMERCEDINAS.COM","image":{"@type":"ImageObject","inLanguage":"es","@id":"https:\/\/secure.gravatar.com\/avatar\/4dfbf16b4d17945bfb6341b2d19043457132fcf478a5ee04f42e959fd8f5df0a?s=96&d=mm&r=g","url":"https:\/\/secure.gravatar.com\/avatar\/4dfbf16b4d17945bfb6341b2d19043457132fcf478a5ee04f42e959fd8f5df0a?s=96&d=mm&r=g","contentUrl":"https:\/\/secure.gravatar.com\/avatar\/4dfbf16b4d17945bfb6341b2d19043457132fcf478a5ee04f42e959fd8f5df0a?s=96&d=mm&r=g","caption":"NOTICIASMERCEDINAS.COM"},"url":"https:\/\/noticiasmercedinas.com\/site\/author\/anonimo\/"}]}},"amp_enabled":true,"_links":{"self":[{"href":"https:\/\/noticiasmercedinas.com\/site\/wp-json\/wp\/v2\/posts\/179720","targetHints":{"allow":["GET"]}}],"collection":[{"href":"https:\/\/noticiasmercedinas.com\/site\/wp-json\/wp\/v2\/posts"}],"about":[{"href":"https:\/\/noticiasmercedinas.com\/site\/wp-json\/wp\/v2\/types\/post"}],"author":[{"embeddable":true,"href":"https:\/\/noticiasmercedinas.com\/site\/wp-json\/wp\/v2\/users\/16"}],"replies":[{"embeddable":true,"href":"https:\/\/noticiasmercedinas.com\/site\/wp-json\/wp\/v2\/comments?post=179720"}],"version-history":[{"count":3,"href":"https:\/\/noticiasmercedinas.com\/site\/wp-json\/wp\/v2\/posts\/179720\/revisions"}],"predecessor-version":[{"id":179728,"href":"https:\/\/noticiasmercedinas.com\/site\/wp-json\/wp\/v2\/posts\/179720\/revisions\/179728"}],"wp:featuredmedia":[{"embeddable":true,"href":"https:\/\/noticiasmercedinas.com\/site\/wp-json\/wp\/v2\/media\/179723"}],"wp:attachment":[{"href":"https:\/\/noticiasmercedinas.com\/site\/wp-json\/wp\/v2\/media?parent=179720"}],"wp:term":[{"taxonomy":"category","embeddable":true,"href":"https:\/\/noticiasmercedinas.com\/site\/wp-json\/wp\/v2\/categories?post=179720"},{"taxonomy":"post_tag","embeddable":true,"href":"https:\/\/noticiasmercedinas.com\/site\/wp-json\/wp\/v2\/tags?post=179720"}],"curies":[{"name":"wp","href":"https:\/\/api.w.org\/{rel}","templated":true}]}}