{"id":17999,"date":"2019-05-02T22:47:13","date_gmt":"2019-05-03T01:47:13","guid":{"rendered":"https:\/\/noticiasmercedinas.com\/site\/?p=17999"},"modified":"2019-05-02T22:47:13","modified_gmt":"2019-05-03T01:47:13","slug":"mas-unidos-que-nunca-con-propuestas-para-potenciar-todas-las-disciplinas-en-el-club-mercedes","status":"publish","type":"post","link":"https:\/\/noticiasmercedinas.com\/site\/2019\/05\/02\/mas-unidos-que-nunca-con-propuestas-para-potenciar-todas-las-disciplinas-en-el-club-mercedes\/","title":{"rendered":"\u201cM\u00e1s unidos que nunca\u201d, con propuestas para potenciar todas las disciplinas en el Club Mercedes"},"content":{"rendered":"\r\n                <style type=\"text\/css\">\r\n                    \r\n                    #td_uid_1_69f481048d0d9  .td-doubleSlider-2 .td-item1 {\r\n                        background: url(https:\/\/noticiasmercedinas.com\/site\/wp-content\/uploads\/2019\/05\/56d49e02-476c-476f-9e94-74057a18b7ae-160x120.jpg) 0 0 no-repeat;\r\n                    }\r\n                    #td_uid_1_69f481048d0d9  .td-doubleSlider-2 .td-item2 {\r\n                        background: url(https:\/\/noticiasmercedinas.com\/site\/wp-content\/uploads\/2019\/05\/2b4a7969-09c9-4922-ad57-ab53bf692293-160x120.jpg) 0 0 no-repeat;\r\n                    }\r\n                    #td_uid_1_69f481048d0d9  .td-doubleSlider-2 .td-item3 {\r\n                        background: url(https:\/\/noticiasmercedinas.com\/site\/wp-content\/uploads\/2019\/05\/4ad81a79-9eae-4416-9a43-dc056eead188-160x120.jpg) 0 0 no-repeat;\r\n                    }\r\n                    #td_uid_1_69f481048d0d9  .td-doubleSlider-2 .td-item4 {\r\n                        background: url(https:\/\/noticiasmercedinas.com\/site\/wp-content\/uploads\/2019\/05\/d701274b-cc3e-4c77-b7fa-f7267b8d1db0-160x120.jpg) 0 0 no-repeat;\r\n                    }\r\n                    #td_uid_1_69f481048d0d9  .td-doubleSlider-2 .td-item5 {\r\n                        background: url(https:\/\/noticiasmercedinas.com\/site\/wp-content\/uploads\/2019\/05\/0dabf094-11eb-435f-9de4-d3ee9111b95b-160x120.jpg) 0 0 no-repeat;\r\n                    }\r\n                <\/style>\r\n\r\n                <div id=\"td_uid_1_69f481048d0d9\" class=\"td-gallery td-slide-on-2-columns\">\r\n                    <div class=\"post_td_gallery\">\r\n                        <div class=\"td-gallery-slide-top\">\r\n                           <div class=\"td-gallery-title\"><\/div>\r\n\r\n                            <div class=\"td-gallery-controls-wrapper\">\r\n                                <div class=\"td-gallery-slide-count\"><span class=\"td-gallery-slide-item-focus\">1<\/span> de 5<\/div>\r\n                                <div class=\"td-gallery-slide-prev-next-but\">\r\n                                    <i class = \"td-icon-left doubleSliderPrevButton\"><\/i>\r\n                                    <i class = \"td-icon-right doubleSliderNextButton\"><\/i>\r\n                                <\/div>\r\n                            <\/div>\r\n                        <\/div>\r\n\r\n                        <div class = \"td-doubleSlider-1 \">\r\n                            <div class = \"td-slider\">\r\n                                \r\n                    <div class = \"td-slide-item td-item1\">\r\n                        <figure class=\"td-slide-galery-figure td-slide-popup-gallery\">\r\n                            <a class=\"slide-gallery-image-link\" href=\"https:\/\/noticiasmercedinas.com\/site\/wp-content\/uploads\/2019\/05\/56d49e02-476c-476f-9e94-74057a18b7ae.jpg\" title=\"56d49e02-476c-476f-9e94-74057a18b7ae\"  data-caption=\"\"  data-description=\"\">\r\n                                <img decoding=\"async\" src=\"https:\/\/noticiasmercedinas.com\/site\/wp-content\/uploads\/2019\/05\/56d49e02-476c-476f-9e94-74057a18b7ae.jpg\" srcset=\"https:\/\/noticiasmercedinas.com\/site\/wp-content\/uploads\/2019\/05\/56d49e02-476c-476f-9e94-74057a18b7ae.jpg 960w, https:\/\/noticiasmercedinas.com\/site\/wp-content\/uploads\/2019\/05\/56d49e02-476c-476f-9e94-74057a18b7ae-225x300.jpg 225w, https:\/\/noticiasmercedinas.com\/site\/wp-content\/uploads\/2019\/05\/56d49e02-476c-476f-9e94-74057a18b7ae-768x1024.jpg 768w, https:\/\/noticiasmercedinas.com\/site\/wp-content\/uploads\/2019\/05\/56d49e02-476c-476f-9e94-74057a18b7ae-640x853.jpg 640w, https:\/\/noticiasmercedinas.com\/site\/wp-content\/uploads\/2019\/05\/56d49e02-476c-476f-9e94-74057a18b7ae-681x908.jpg 681w\" sizes=\"(max-width: 960px) 100vw, 960px\" alt=\"\">\r\n                            <\/a>\r\n                            \r\n                        <\/figure>\r\n                    <\/div>\r\n                    <div class = \"td-slide-item td-item2\">\r\n                        <figure class=\"td-slide-galery-figure td-slide-popup-gallery\">\r\n                            <a class=\"slide-gallery-image-link\" href=\"https:\/\/noticiasmercedinas.com\/site\/wp-content\/uploads\/2019\/05\/2b4a7969-09c9-4922-ad57-ab53bf692293.jpg\" title=\"2b4a7969-09c9-4922-ad57-ab53bf692293\"  data-caption=\"\"  data-description=\"\">\r\n                                <img decoding=\"async\" src=\"https:\/\/noticiasmercedinas.com\/site\/wp-content\/uploads\/2019\/05\/2b4a7969-09c9-4922-ad57-ab53bf692293.jpg\" srcset=\"https:\/\/noticiasmercedinas.com\/site\/wp-content\/uploads\/2019\/05\/2b4a7969-09c9-4922-ad57-ab53bf692293.jpg 1204w, https:\/\/noticiasmercedinas.com\/site\/wp-content\/uploads\/2019\/05\/2b4a7969-09c9-4922-ad57-ab53bf692293-282x300.jpg 282w, https:\/\/noticiasmercedinas.com\/site\/wp-content\/uploads\/2019\/05\/2b4a7969-09c9-4922-ad57-ab53bf692293-768x816.jpg 768w, https:\/\/noticiasmercedinas.com\/site\/wp-content\/uploads\/2019\/05\/2b4a7969-09c9-4922-ad57-ab53bf692293-963x1024.jpg 963w, https:\/\/noticiasmercedinas.com\/site\/wp-content\/uploads\/2019\/05\/2b4a7969-09c9-4922-ad57-ab53bf692293-640x680.jpg 640w, https:\/\/noticiasmercedinas.com\/site\/wp-content\/uploads\/2019\/05\/2b4a7969-09c9-4922-ad57-ab53bf692293-681x724.jpg 681w\" sizes=\"(max-width: 1204px) 100vw, 1204px\" alt=\"\">\r\n                            <\/a>\r\n                            \r\n                        <\/figure>\r\n                    <\/div>\r\n                    <div class = \"td-slide-item td-item3\">\r\n                        <figure class=\"td-slide-galery-figure td-slide-popup-gallery\">\r\n                            <a class=\"slide-gallery-image-link\" href=\"https:\/\/noticiasmercedinas.com\/site\/wp-content\/uploads\/2019\/05\/4ad81a79-9eae-4416-9a43-dc056eead188.jpg\" title=\"4ad81a79-9eae-4416-9a43-dc056eead188\"  data-caption=\"\"  data-description=\"\">\r\n                                <img decoding=\"async\" src=\"https:\/\/noticiasmercedinas.com\/site\/wp-content\/uploads\/2019\/05\/4ad81a79-9eae-4416-9a43-dc056eead188.jpg\" srcset=\"https:\/\/noticiasmercedinas.com\/site\/wp-content\/uploads\/2019\/05\/4ad81a79-9eae-4416-9a43-dc056eead188.jpg 1255w, https:\/\/noticiasmercedinas.com\/site\/wp-content\/uploads\/2019\/05\/4ad81a79-9eae-4416-9a43-dc056eead188-294x300.jpg 294w, https:\/\/noticiasmercedinas.com\/site\/wp-content\/uploads\/2019\/05\/4ad81a79-9eae-4416-9a43-dc056eead188-768x783.jpg 768w, https:\/\/noticiasmercedinas.com\/site\/wp-content\/uploads\/2019\/05\/4ad81a79-9eae-4416-9a43-dc056eead188-1004x1024.jpg 1004w, https:\/\/noticiasmercedinas.com\/site\/wp-content\/uploads\/2019\/05\/4ad81a79-9eae-4416-9a43-dc056eead188-640x653.jpg 640w, https:\/\/noticiasmercedinas.com\/site\/wp-content\/uploads\/2019\/05\/4ad81a79-9eae-4416-9a43-dc056eead188-681x695.jpg 681w\" sizes=\"(max-width: 1255px) 100vw, 1255px\" alt=\"\">\r\n                            <\/a>\r\n                            \r\n                        <\/figure>\r\n                    <\/div>\r\n                    <div class = \"td-slide-item td-item4\">\r\n                        <figure class=\"td-slide-galery-figure td-slide-popup-gallery\">\r\n                            <a class=\"slide-gallery-image-link\" href=\"https:\/\/noticiasmercedinas.com\/site\/wp-content\/uploads\/2019\/05\/d701274b-cc3e-4c77-b7fa-f7267b8d1db0.jpg\" title=\"d701274b-cc3e-4c77-b7fa-f7267b8d1db0\"  data-caption=\"\"  data-description=\"\">\r\n                                <img decoding=\"async\" src=\"https:\/\/noticiasmercedinas.com\/site\/wp-content\/uploads\/2019\/05\/d701274b-cc3e-4c77-b7fa-f7267b8d1db0.jpg\" srcset=\"https:\/\/noticiasmercedinas.com\/site\/wp-content\/uploads\/2019\/05\/d701274b-cc3e-4c77-b7fa-f7267b8d1db0.jpg 1280w, https:\/\/noticiasmercedinas.com\/site\/wp-content\/uploads\/2019\/05\/d701274b-cc3e-4c77-b7fa-f7267b8d1db0-300x291.jpg 300w, https:\/\/noticiasmercedinas.com\/site\/wp-content\/uploads\/2019\/05\/d701274b-cc3e-4c77-b7fa-f7267b8d1db0-768x745.jpg 768w, https:\/\/noticiasmercedinas.com\/site\/wp-content\/uploads\/2019\/05\/d701274b-cc3e-4c77-b7fa-f7267b8d1db0-1024x994.jpg 1024w, https:\/\/noticiasmercedinas.com\/site\/wp-content\/uploads\/2019\/05\/d701274b-cc3e-4c77-b7fa-f7267b8d1db0-640x621.jpg 640w, https:\/\/noticiasmercedinas.com\/site\/wp-content\/uploads\/2019\/05\/d701274b-cc3e-4c77-b7fa-f7267b8d1db0-681x661.jpg 681w\" sizes=\"(max-width: 1280px) 100vw, 1280px\" alt=\"\">\r\n                            <\/a>\r\n                            \r\n                        <\/figure>\r\n                    <\/div>\r\n                    <div class = \"td-slide-item td-item5\">\r\n                        <figure class=\"td-slide-galery-figure td-slide-popup-gallery\">\r\n                            <a class=\"slide-gallery-image-link\" href=\"https:\/\/noticiasmercedinas.com\/site\/wp-content\/uploads\/2019\/05\/0dabf094-11eb-435f-9de4-d3ee9111b95b.jpg\" title=\"0dabf094-11eb-435f-9de4-d3ee9111b95b\"  data-caption=\"\"  data-description=\"\">\r\n                                <img decoding=\"async\" src=\"https:\/\/noticiasmercedinas.com\/site\/wp-content\/uploads\/2019\/05\/0dabf094-11eb-435f-9de4-d3ee9111b95b.jpg\" srcset=\"https:\/\/noticiasmercedinas.com\/site\/wp-content\/uploads\/2019\/05\/0dabf094-11eb-435f-9de4-d3ee9111b95b.jpg 581w, https:\/\/noticiasmercedinas.com\/site\/wp-content\/uploads\/2019\/05\/0dabf094-11eb-435f-9de4-d3ee9111b95b-169x300.jpg 169w, https:\/\/noticiasmercedinas.com\/site\/wp-content\/uploads\/2019\/05\/0dabf094-11eb-435f-9de4-d3ee9111b95b-576x1024.jpg 576w\" sizes=\"(max-width: 581px) 100vw, 581px\" alt=\"\">\r\n                            <\/a>\r\n                            \r\n                        <\/figure>\r\n                    <\/div>\r\n                            <\/div>\r\n                        <\/div>\r\n\r\n                        <div class = \"td-doubleSlider-2\">\r\n                            <div class = \"td-slider\">\r\n                                \r\n                    <div class = \"td-button td-item1\">\r\n                        <div class = \"td-border\"><\/div>\r\n                    <\/div>\r\n                    <div class = \"td-button td-item2\">\r\n                        <div class = \"td-border\"><\/div>\r\n                    <\/div>\r\n                    <div class = \"td-button td-item3\">\r\n                        <div class = \"td-border\"><\/div>\r\n                    <\/div>\r\n                    <div class = \"td-button td-item4\">\r\n                        <div class = \"td-border\"><\/div>\r\n                    <\/div>\r\n                    <div class = \"td-button td-item5\">\r\n                        <div class = \"td-border\"><\/div>\r\n                    <\/div>\r\n                            <\/div>\r\n                        <\/div>\r\n\r\n                    <\/div>\r\n\r\n                <\/div>\r\n                \n<p>La lista \u201cM\u00e1s unidos que nunca\u201d que es encabezada por <strong>Guido Pisoni<\/strong> para las elecciones de renovaci\u00f3n de comisi\u00f3n directiva del Club Mercedes se prepara con todo. Por estos d\u00edas y en la previa de los comicios entre socios que ser\u00e1 el venidero 5 de mayo dio a conocer una serie de propuestas que son parte de su plataforma. La asamblea comenzar\u00e1 a las 10 horas.<\/p>\n<p>Entre las propuestas, en cuanto al f\u00fatbol proponen conformar una subcomisi\u00f3n que planifique, articule y gestione los recursos humanos y econ\u00f3micos necesarios para afrontar las competencias en que participan los equipos que representan a la instituci\u00f3n.<\/p>\n<p>Tambi\u00e9n la creaci\u00f3n de un complejo en los terrenos cedidos por el municipio, predio ubicado en el Parque Municipal, que contar\u00e1 con dos canchas de f\u00fatbol, una para once jugadores y otra de nueve jugadores, sistema de iluminaci\u00f3n y vestuarios. Esto con la idea de potenciar el excelente trabajo que viene realizando el cuerpo t\u00e9cnico de primera y tercera divisi\u00f3n encabezado por Walter D\u00edaz y Diego Silvestre.<\/p>\n<p>Adem\u00e1s piensan promover la tarea llevada a cabo por los coordinadores de las divisiones inferiores y los profesores a cargo de cada categor\u00eda, tanto en el \u00e1mbito deportivo como en la formaci\u00f3n de valores en los j\u00f3venes.<\/p>\n<p>En la plataforma, asimismo, se habla de impulsar el auspicioso crecimiento del equipo de f\u00fatbol femenino, mediante la difusi\u00f3n de este deporte y el lanzamiento de una convocatoria para que socias e interesadas se sumen a defender los colores de la instituci\u00f3n. Y de fomentar la participaci\u00f3n de ni\u00f1as y ni\u00f1os en la Escuelita de F\u00fatbol del Club coordinada por los profesores Gabino Regueiro y Hern\u00e1n Asurmendi, propiciando la pr\u00e1ctica del deporte mixto.<\/p>\n<p>En lo que hace a nataci\u00f3n, motorizar\u00e1n la creaci\u00f3n de una subcomisi\u00f3n que oficie como nexo entre las autoridades y los socios que practican la disciplina, lo que facilitar\u00e1 una eficaz respuesta a las propuestas, inquietudes e inconvenientes que \u00e9stos formulen.<\/p>\n<p>Adem\u00e1s van a promover la participaci\u00f3n de los nadadores que representan a la instituci\u00f3n tanto en las competencias que se realizan en pileta como en aguas abiertas. Y propiciar la organizaci\u00f3n de campeonatos en la pileta climatizada concesionada al Centro de Actividades Acu\u00e1ticas Cumel\u00e9n, as\u00ed como extender las clases que brinda la Escuela de Nataci\u00f3n durante la temporada de verano, y fomentar la continuidad de la colonia de vacaciones. Por \u00faltimo, comprar\u00e1n lockers para que los socios resguarden sus pertenencias mientras practican la disciplina.<\/p>\n<p>En lo que hace al tenis, la idea es impulsar la ampliaci\u00f3n del n\u00famero de integrantes de la actual subcomisi\u00f3n a fin de que contin\u00faen difundiendo e incrementando la cantidad de socios que practican la disciplina, lo que facilitar\u00e1 la generaci\u00f3n de recursos econ\u00f3micos que ser\u00e1n destinados exclusivamente para concretar los proyectos que elaboren los miembros que la conforman. Y promover la organizaci\u00f3n de torneos singles y dobles para ambos sexos en las distintas categor\u00edas, adem\u00e1s de hacer un reacondicionamiento integral de las canchas de tenis, incrementando la frecuencia horaria que destinan los recursos humanos que trabajan en el campo de deportes para la limpieza, barrido, remoci\u00f3n y riego del polvo de ladrillo, como as\u00ed tambi\u00e9n en el mantenimiento del sistema de iluminaci\u00f3n, alambrados, redes y flejes.<\/p>\n<p>En este sentido piensan darle continuidad a la excelente tarea que vienen desarrollando los profesores a cargo de la Escuela de Tenis, Hern\u00e1n Ricaldoni y Mauricio Pisoni, quienes brindan sus conocimientos t\u00e9cnicos al nutrido grupo de j\u00f3venes de ambos sexos que concurren a la misma, obteniendo valiosos resultados tanto en el \u00e1mbito local como provincial.<\/p>\n<p>En lo que hace a paleta, van a formalizar la subcomisi\u00f3n a cuyo cargo quedar\u00e1 la administraci\u00f3n del establecimiento. Y piensan en el reacondicionamiento y puesta en valor de la cancha, del sal\u00f3n de usos m\u00faltiples y los sanitarios, con la ampliaci\u00f3n del rango horario para practicar la disciplina, y el fomentar y difusi\u00f3n de la actividad con el objetivo de que se sumen m\u00e1s socios a la pr\u00e1ctica de este deporte.<\/p>\n<p>Adem\u00e1s piensan promover la organizaci\u00f3n de eventos en el sal\u00f3n de usos m\u00faltiples, y crear la Escuela de Paleta destinada a ni\u00f1os y adolescentes de ambos sexos.<\/p>\n<p>En cuanto al pat\u00edn, plantean la formaci\u00f3n de una subcomisi\u00f3n integrada por los progenitores de las patinadoras y un grupo de j\u00f3venes que hayan practicado la disciplina en la instituci\u00f3n. El acondicionamiento diario en tiempo y forma de la pista para que nuestras deportistas puedan llevar a cabo la pr\u00e1ctica de la disciplina en \u00f3ptimas condiciones, evit\u00e1ndose de este modo la producci\u00f3n de cualquier tipo de lesiones. La instalaci\u00f3n y puesta en funcionamiento de dos torres de iluminaci\u00f3n que fueron adquiridas por la actual Comisi\u00f3n Directiva. Y potenciar la brillante tarea que viene llevando a cabo la profesora Mar\u00eda Laura Brunello, guiando a las alumnas que representan a la instituci\u00f3n a la obtenci\u00f3n de logros a nivel, provincial, nacional e internacional, adem\u00e1s de promover la realizaci\u00f3n de festivales cuyos fondos ser\u00e1n destinados para concretar los proyectos que la planifique la subcomisi\u00f3n a instaurarse.<\/p>\n<p>La lista completa es la siguiente:<\/p>\n<p>Presidente.- Guido Pisoni (N\u00ba de socio 3136)<br \/>\nVicepresidente Domingo De Paola (N\u00ba de socio 5366)<br \/>\nSecretario Juan Ignacio Musso (N\u00ba de socio 2276)<br \/>\nProsecretario Jose Manuel Arriola (N\u00ba de socio 5720)<br \/>\nTesorero Marcelo Miguel Lagos (N\u00ba de socio 537)<br \/>\nPro Tesorero Juan Ignacio Fiorelli (N\u00ba de socio 6624)<br \/>\nVocal Titular 1\u00ba Mauricio Larraburo (N\u00ba de socio 6745)<br \/>\nVocal Titular 2\u00ba Diego Gimenez (N\u00ba de socio 7225)<br \/>\nVocal Titular 3\u00ba Valeria Analia Rodriguez (N\u00ba de socio 5596)<br \/>\nVocal Suplente 1\u00ba Cesar Manuel Sanmartin (N\u00ba de socio 858)<br \/>\nVocal Suplente 2\u00ba Ruben Santa Cruz (N\u00ba de socio 3201)<br \/>\nVocal Suplente 3\u00ba Julio Ignacio Pecorelli (N\u00ba de socio 846)<br \/>\nRevisor de Cuentas Titular Esteban Buzalino (N\u00ba de socio 3650)<br \/>\nRevisor de Cuentas Titular Revora Gonzalo. (N\u00ba de socio 5520)<br \/>\nRevisor de Cuentas Titular Maria Marta Jaime (N\u00ba de socio 4504)<br \/>\nRevisor de Cuentas Suplente Marcelo Javier Jauregui (N\u00ba de socio 664)<br \/>\nRevisor de Cuentas Suplente Leda Agustina Pisoni (N\u00ba de socio 4372)<\/p>\n<p>&nbsp;<\/p>\n","protected":false},"excerpt":{"rendered":"<p>La lista \u201cM\u00e1s unidos que nunca\u201d que es encabezada por Guido Pisoni para las elecciones de renovaci\u00f3n de comisi\u00f3n directiva del Club Mercedes se prepara con todo. Por estos d\u00edas y en la previa de los comicios entre socios que ser\u00e1 el venidero 5 de mayo dio a conocer una serie de propuestas que son [&hellip;]<\/p>\n","protected":false},"author":2,"featured_media":18001,"comment_status":"open","ping_status":"open","sticky":false,"template":"","format":"standard","meta":{"footnotes":""},"categories":[10],"tags":[453,135,115,4586],"class_list":["post-17999","post","type-post","status-publish","format-standard","has-post-thumbnail","hentry","category-especiales","tag-asamblea","tag-club-mercedes","tag-elecciones","tag-guido-pisoni"],"yoast_head":"<!-- This site is optimized with the Yoast SEO plugin v27.5 - https:\/\/yoast.com\/product\/yoast-seo-wordpress\/ -->\n<title>\u201cM\u00e1s unidos que nunca\u201d, con propuestas para potenciar todas las disciplinas en el Club Mercedes<\/title>\n<meta name=\"robots\" content=\"index, follow, max-snippet:-1, max-image-preview:large, max-video-preview:-1\" \/>\n<link rel=\"canonical\" href=\"https:\/\/noticiasmercedinas.com\/site\/2019\/05\/02\/mas-unidos-que-nunca-con-propuestas-para-potenciar-todas-las-disciplinas-en-el-club-mercedes\/\" \/>\n<meta property=\"og:locale\" content=\"es_ES\" \/>\n<meta property=\"og:type\" content=\"article\" \/>\n<meta property=\"og:title\" content=\"\u201cM\u00e1s unidos que nunca\u201d, con propuestas para potenciar todas las disciplinas en el Club Mercedes\" \/>\n<meta property=\"og:description\" content=\"La lista \u201cM\u00e1s unidos que nunca\u201d que es encabezada por Guido Pisoni para las elecciones de renovaci\u00f3n de comisi\u00f3n directiva del Club Mercedes se prepara con todo. Por estos d\u00edas y en la previa de los comicios entre socios que ser\u00e1 el venidero 5 de mayo dio a conocer una serie de propuestas que son [&hellip;]\" \/>\n<meta property=\"og:url\" content=\"https:\/\/noticiasmercedinas.com\/site\/2019\/05\/02\/mas-unidos-que-nunca-con-propuestas-para-potenciar-todas-las-disciplinas-en-el-club-mercedes\/\" \/>\n<meta property=\"og:site_name\" content=\"NOTICIASMERCEDINAS.COM\" \/>\n<meta property=\"article:publisher\" content=\"https:\/\/www.facebook.com\/noticiasmercedinas\/\" \/>\n<meta property=\"article:author\" content=\"https:\/\/www.facebook.com\/cristian.falabella\" \/>\n<meta property=\"article:published_time\" content=\"2019-05-03T01:47:13+00:00\" \/>\n<meta property=\"og:image\" content=\"https:\/\/noticiasmercedinas.com\/site\/wp-content\/uploads\/2019\/05\/d701274b-cc3e-4c77-b7fa-f7267b8d1db0.jpg\" \/>\n\t<meta property=\"og:image:width\" content=\"1280\" \/>\n\t<meta property=\"og:image:height\" content=\"1242\" \/>\n\t<meta property=\"og:image:type\" content=\"image\/jpeg\" \/>\n<meta name=\"author\" content=\"Cristian Falabella NOTICIASMERCEDINAS.COM\" \/>\n<meta name=\"twitter:card\" content=\"summary_large_image\" \/>\n<meta name=\"twitter:creator\" content=\"@https:\/\/twitter.com\/NOTMERCEDINAS\" \/>\n<meta name=\"twitter:site\" content=\"@notmercedinas\" \/>\n<meta name=\"twitter:label1\" content=\"Escrito por\" \/>\n\t<meta name=\"twitter:data1\" content=\"Cristian Falabella NOTICIASMERCEDINAS.COM\" \/>\n\t<meta name=\"twitter:label2\" content=\"Tiempo de lectura\" \/>\n\t<meta name=\"twitter:data2\" content=\"5 minutos\" \/>\n<script type=\"application\/ld+json\" class=\"yoast-schema-graph\">{\"@context\":\"https:\\\/\\\/schema.org\",\"@graph\":[{\"@type\":\"Article\",\"@id\":\"https:\\\/\\\/noticiasmercedinas.com\\\/site\\\/2019\\\/05\\\/02\\\/mas-unidos-que-nunca-con-propuestas-para-potenciar-todas-las-disciplinas-en-el-club-mercedes\\\/#article\",\"isPartOf\":{\"@id\":\"https:\\\/\\\/noticiasmercedinas.com\\\/site\\\/2019\\\/05\\\/02\\\/mas-unidos-que-nunca-con-propuestas-para-potenciar-todas-las-disciplinas-en-el-club-mercedes\\\/\"},\"author\":{\"name\":\"Cristian Falabella NOTICIASMERCEDINAS.COM\",\"@id\":\"https:\\\/\\\/noticiasmercedinas.com\\\/site\\\/#\\\/schema\\\/person\\\/d481a9696a5feaec13a60e2bbd991a6a\"},\"headline\":\"\u201cM\u00e1s unidos que nunca\u201d, con propuestas para potenciar todas las disciplinas en el Club Mercedes\",\"datePublished\":\"2019-05-03T01:47:13+00:00\",\"mainEntityOfPage\":{\"@id\":\"https:\\\/\\\/noticiasmercedinas.com\\\/site\\\/2019\\\/05\\\/02\\\/mas-unidos-que-nunca-con-propuestas-para-potenciar-todas-las-disciplinas-en-el-club-mercedes\\\/\"},\"wordCount\":1084,\"commentCount\":0,\"publisher\":{\"@id\":\"https:\\\/\\\/noticiasmercedinas.com\\\/site\\\/#organization\"},\"image\":{\"@id\":\"https:\\\/\\\/noticiasmercedinas.com\\\/site\\\/2019\\\/05\\\/02\\\/mas-unidos-que-nunca-con-propuestas-para-potenciar-todas-las-disciplinas-en-el-club-mercedes\\\/#primaryimage\"},\"thumbnailUrl\":\"https:\\\/\\\/noticiasmercedinas.com\\\/site\\\/wp-content\\\/uploads\\\/2019\\\/05\\\/d701274b-cc3e-4c77-b7fa-f7267b8d1db0.jpg\",\"keywords\":[\"asamblea\",\"club mercedes\",\"elecciones\",\"guido pisoni\"],\"articleSection\":[\"Covid-19\"],\"inLanguage\":\"es\",\"potentialAction\":[{\"@type\":\"CommentAction\",\"name\":\"Comment\",\"target\":[\"https:\\\/\\\/noticiasmercedinas.com\\\/site\\\/2019\\\/05\\\/02\\\/mas-unidos-que-nunca-con-propuestas-para-potenciar-todas-las-disciplinas-en-el-club-mercedes\\\/#respond\"]}]},{\"@type\":\"WebPage\",\"@id\":\"https:\\\/\\\/noticiasmercedinas.com\\\/site\\\/2019\\\/05\\\/02\\\/mas-unidos-que-nunca-con-propuestas-para-potenciar-todas-las-disciplinas-en-el-club-mercedes\\\/\",\"url\":\"https:\\\/\\\/noticiasmercedinas.com\\\/site\\\/2019\\\/05\\\/02\\\/mas-unidos-que-nunca-con-propuestas-para-potenciar-todas-las-disciplinas-en-el-club-mercedes\\\/\",\"name\":\"\u201cM\u00e1s unidos que nunca\u201d, con propuestas para potenciar todas las disciplinas en el Club Mercedes\",\"isPartOf\":{\"@id\":\"https:\\\/\\\/noticiasmercedinas.com\\\/site\\\/#website\"},\"primaryImageOfPage\":{\"@id\":\"https:\\\/\\\/noticiasmercedinas.com\\\/site\\\/2019\\\/05\\\/02\\\/mas-unidos-que-nunca-con-propuestas-para-potenciar-todas-las-disciplinas-en-el-club-mercedes\\\/#primaryimage\"},\"image\":{\"@id\":\"https:\\\/\\\/noticiasmercedinas.com\\\/site\\\/2019\\\/05\\\/02\\\/mas-unidos-que-nunca-con-propuestas-para-potenciar-todas-las-disciplinas-en-el-club-mercedes\\\/#primaryimage\"},\"thumbnailUrl\":\"https:\\\/\\\/noticiasmercedinas.com\\\/site\\\/wp-content\\\/uploads\\\/2019\\\/05\\\/d701274b-cc3e-4c77-b7fa-f7267b8d1db0.jpg\",\"datePublished\":\"2019-05-03T01:47:13+00:00\",\"breadcrumb\":{\"@id\":\"https:\\\/\\\/noticiasmercedinas.com\\\/site\\\/2019\\\/05\\\/02\\\/mas-unidos-que-nunca-con-propuestas-para-potenciar-todas-las-disciplinas-en-el-club-mercedes\\\/#breadcrumb\"},\"inLanguage\":\"es\",\"potentialAction\":[{\"@type\":\"ReadAction\",\"target\":[\"https:\\\/\\\/noticiasmercedinas.com\\\/site\\\/2019\\\/05\\\/02\\\/mas-unidos-que-nunca-con-propuestas-para-potenciar-todas-las-disciplinas-en-el-club-mercedes\\\/\"]}]},{\"@type\":\"ImageObject\",\"inLanguage\":\"es\",\"@id\":\"https:\\\/\\\/noticiasmercedinas.com\\\/site\\\/2019\\\/05\\\/02\\\/mas-unidos-que-nunca-con-propuestas-para-potenciar-todas-las-disciplinas-en-el-club-mercedes\\\/#primaryimage\",\"url\":\"https:\\\/\\\/noticiasmercedinas.com\\\/site\\\/wp-content\\\/uploads\\\/2019\\\/05\\\/d701274b-cc3e-4c77-b7fa-f7267b8d1db0.jpg\",\"contentUrl\":\"https:\\\/\\\/noticiasmercedinas.com\\\/site\\\/wp-content\\\/uploads\\\/2019\\\/05\\\/d701274b-cc3e-4c77-b7fa-f7267b8d1db0.jpg\",\"width\":1280,\"height\":1242},{\"@type\":\"BreadcrumbList\",\"@id\":\"https:\\\/\\\/noticiasmercedinas.com\\\/site\\\/2019\\\/05\\\/02\\\/mas-unidos-que-nunca-con-propuestas-para-potenciar-todas-las-disciplinas-en-el-club-mercedes\\\/#breadcrumb\",\"itemListElement\":[{\"@type\":\"ListItem\",\"position\":1,\"name\":\"Portada\",\"item\":\"https:\\\/\\\/noticiasmercedinas.com\\\/site\\\/\"},{\"@type\":\"ListItem\",\"position\":2,\"name\":\"\u201cM\u00e1s unidos que nunca\u201d, con propuestas para potenciar todas las disciplinas en el Club Mercedes\"}]},{\"@type\":\"WebSite\",\"@id\":\"https:\\\/\\\/noticiasmercedinas.com\\\/site\\\/#website\",\"url\":\"https:\\\/\\\/noticiasmercedinas.com\\\/site\\\/\",\"name\":\"NOTICIASMERCEDINAS.COM\",\"description\":\"Mercedes, Buenos Aires, Argentina\",\"publisher\":{\"@id\":\"https:\\\/\\\/noticiasmercedinas.com\\\/site\\\/#organization\"},\"potentialAction\":[{\"@type\":\"SearchAction\",\"target\":{\"@type\":\"EntryPoint\",\"urlTemplate\":\"https:\\\/\\\/noticiasmercedinas.com\\\/site\\\/?s={search_term_string}\"},\"query-input\":{\"@type\":\"PropertyValueSpecification\",\"valueRequired\":true,\"valueName\":\"search_term_string\"}}],\"inLanguage\":\"es\"},{\"@type\":\"Organization\",\"@id\":\"https:\\\/\\\/noticiasmercedinas.com\\\/site\\\/#organization\",\"name\":\"NOTICIASMERCEDINAS.COM\",\"url\":\"https:\\\/\\\/noticiasmercedinas.com\\\/site\\\/\",\"logo\":{\"@type\":\"ImageObject\",\"inLanguage\":\"es\",\"@id\":\"https:\\\/\\\/noticiasmercedinas.com\\\/site\\\/#\\\/schema\\\/logo\\\/image\\\/\",\"url\":\"https:\\\/\\\/noticiasmercedinas.com\\\/site\\\/wp-content\\\/uploads\\\/2020\\\/06\\\/LOGO-512.jpg\",\"contentUrl\":\"https:\\\/\\\/noticiasmercedinas.com\\\/site\\\/wp-content\\\/uploads\\\/2020\\\/06\\\/LOGO-512.jpg\",\"width\":512,\"height\":512,\"caption\":\"NOTICIASMERCEDINAS.COM\"},\"image\":{\"@id\":\"https:\\\/\\\/noticiasmercedinas.com\\\/site\\\/#\\\/schema\\\/logo\\\/image\\\/\"},\"sameAs\":[\"https:\\\/\\\/www.facebook.com\\\/noticiasmercedinas\\\/\",\"https:\\\/\\\/x.com\\\/notmercedinas\",\"https:\\\/\\\/www.instagram.com\\\/noticiasmercedinas\\\/\"]},{\"@type\":\"Person\",\"@id\":\"https:\\\/\\\/noticiasmercedinas.com\\\/site\\\/#\\\/schema\\\/person\\\/d481a9696a5feaec13a60e2bbd991a6a\",\"name\":\"Cristian Falabella NOTICIASMERCEDINAS.COM\",\"image\":{\"@type\":\"ImageObject\",\"inLanguage\":\"es\",\"@id\":\"https:\\\/\\\/secure.gravatar.com\\\/avatar\\\/0dbbfc45970cc46bcd0e57766228574ff3511d6eed045b182f536f0f478c1f06?s=96&d=mm&r=g\",\"url\":\"https:\\\/\\\/secure.gravatar.com\\\/avatar\\\/0dbbfc45970cc46bcd0e57766228574ff3511d6eed045b182f536f0f478c1f06?s=96&d=mm&r=g\",\"contentUrl\":\"https:\\\/\\\/secure.gravatar.com\\\/avatar\\\/0dbbfc45970cc46bcd0e57766228574ff3511d6eed045b182f536f0f478c1f06?s=96&d=mm&r=g\",\"caption\":\"Cristian Falabella NOTICIASMERCEDINAS.COM\"},\"description\":\"Periodista, editor de Noticias Mercedinas. Pas\u00f3 por varias redacciones y emprendimientos de prensa, en distintos formatos y \u00e9pocas. Se especializ\u00f3 --y sigue haci\u00e9ndolo-- en comunicaci\u00f3n en la web y en junio de 2006 fund\u00f3 este diario digital.\",\"sameAs\":[\"https:\\\/\\\/noticiasmercedinas.com\",\"https:\\\/\\\/www.facebook.com\\\/cristian.falabella\",\"https:\\\/\\\/www.instagram.com\\\/noticiasmercedinas\\\/\",\"https:\\\/\\\/x.com\\\/https:\\\/\\\/twitter.com\\\/NOTMERCEDINAS\"],\"url\":\"https:\\\/\\\/noticiasmercedinas.com\\\/site\\\/author\\\/as000384\\\/\"}]}<\/script>\n<!-- \/ Yoast SEO plugin. -->","yoast_head_json":{"title":"\u201cM\u00e1s unidos que nunca\u201d, con propuestas para potenciar todas las disciplinas en el Club Mercedes","robots":{"index":"index","follow":"follow","max-snippet":"max-snippet:-1","max-image-preview":"max-image-preview:large","max-video-preview":"max-video-preview:-1"},"canonical":"https:\/\/noticiasmercedinas.com\/site\/2019\/05\/02\/mas-unidos-que-nunca-con-propuestas-para-potenciar-todas-las-disciplinas-en-el-club-mercedes\/","og_locale":"es_ES","og_type":"article","og_title":"\u201cM\u00e1s unidos que nunca\u201d, con propuestas para potenciar todas las disciplinas en el Club Mercedes","og_description":"La lista \u201cM\u00e1s unidos que nunca\u201d que es encabezada por Guido Pisoni para las elecciones de renovaci\u00f3n de comisi\u00f3n directiva del Club Mercedes se prepara con todo. Por estos d\u00edas y en la previa de los comicios entre socios que ser\u00e1 el venidero 5 de mayo dio a conocer una serie de propuestas que son [&hellip;]","og_url":"https:\/\/noticiasmercedinas.com\/site\/2019\/05\/02\/mas-unidos-que-nunca-con-propuestas-para-potenciar-todas-las-disciplinas-en-el-club-mercedes\/","og_site_name":"NOTICIASMERCEDINAS.COM","article_publisher":"https:\/\/www.facebook.com\/noticiasmercedinas\/","article_author":"https:\/\/www.facebook.com\/cristian.falabella","article_published_time":"2019-05-03T01:47:13+00:00","og_image":[{"width":1280,"height":1242,"url":"https:\/\/noticiasmercedinas.com\/site\/wp-content\/uploads\/2019\/05\/d701274b-cc3e-4c77-b7fa-f7267b8d1db0.jpg","type":"image\/jpeg"}],"author":"Cristian Falabella NOTICIASMERCEDINAS.COM","twitter_card":"summary_large_image","twitter_creator":"@https:\/\/twitter.com\/NOTMERCEDINAS","twitter_site":"@notmercedinas","twitter_misc":{"Escrito por":"Cristian Falabella NOTICIASMERCEDINAS.COM","Tiempo de lectura":"5 minutos"},"schema":{"@context":"https:\/\/schema.org","@graph":[{"@type":"Article","@id":"https:\/\/noticiasmercedinas.com\/site\/2019\/05\/02\/mas-unidos-que-nunca-con-propuestas-para-potenciar-todas-las-disciplinas-en-el-club-mercedes\/#article","isPartOf":{"@id":"https:\/\/noticiasmercedinas.com\/site\/2019\/05\/02\/mas-unidos-que-nunca-con-propuestas-para-potenciar-todas-las-disciplinas-en-el-club-mercedes\/"},"author":{"name":"Cristian Falabella NOTICIASMERCEDINAS.COM","@id":"https:\/\/noticiasmercedinas.com\/site\/#\/schema\/person\/d481a9696a5feaec13a60e2bbd991a6a"},"headline":"\u201cM\u00e1s unidos que nunca\u201d, con propuestas para potenciar todas las disciplinas en el Club Mercedes","datePublished":"2019-05-03T01:47:13+00:00","mainEntityOfPage":{"@id":"https:\/\/noticiasmercedinas.com\/site\/2019\/05\/02\/mas-unidos-que-nunca-con-propuestas-para-potenciar-todas-las-disciplinas-en-el-club-mercedes\/"},"wordCount":1084,"commentCount":0,"publisher":{"@id":"https:\/\/noticiasmercedinas.com\/site\/#organization"},"image":{"@id":"https:\/\/noticiasmercedinas.com\/site\/2019\/05\/02\/mas-unidos-que-nunca-con-propuestas-para-potenciar-todas-las-disciplinas-en-el-club-mercedes\/#primaryimage"},"thumbnailUrl":"https:\/\/noticiasmercedinas.com\/site\/wp-content\/uploads\/2019\/05\/d701274b-cc3e-4c77-b7fa-f7267b8d1db0.jpg","keywords":["asamblea","club mercedes","elecciones","guido pisoni"],"articleSection":["Covid-19"],"inLanguage":"es","potentialAction":[{"@type":"CommentAction","name":"Comment","target":["https:\/\/noticiasmercedinas.com\/site\/2019\/05\/02\/mas-unidos-que-nunca-con-propuestas-para-potenciar-todas-las-disciplinas-en-el-club-mercedes\/#respond"]}]},{"@type":"WebPage","@id":"https:\/\/noticiasmercedinas.com\/site\/2019\/05\/02\/mas-unidos-que-nunca-con-propuestas-para-potenciar-todas-las-disciplinas-en-el-club-mercedes\/","url":"https:\/\/noticiasmercedinas.com\/site\/2019\/05\/02\/mas-unidos-que-nunca-con-propuestas-para-potenciar-todas-las-disciplinas-en-el-club-mercedes\/","name":"\u201cM\u00e1s unidos que nunca\u201d, con propuestas para potenciar todas las disciplinas en el Club Mercedes","isPartOf":{"@id":"https:\/\/noticiasmercedinas.com\/site\/#website"},"primaryImageOfPage":{"@id":"https:\/\/noticiasmercedinas.com\/site\/2019\/05\/02\/mas-unidos-que-nunca-con-propuestas-para-potenciar-todas-las-disciplinas-en-el-club-mercedes\/#primaryimage"},"image":{"@id":"https:\/\/noticiasmercedinas.com\/site\/2019\/05\/02\/mas-unidos-que-nunca-con-propuestas-para-potenciar-todas-las-disciplinas-en-el-club-mercedes\/#primaryimage"},"thumbnailUrl":"https:\/\/noticiasmercedinas.com\/site\/wp-content\/uploads\/2019\/05\/d701274b-cc3e-4c77-b7fa-f7267b8d1db0.jpg","datePublished":"2019-05-03T01:47:13+00:00","breadcrumb":{"@id":"https:\/\/noticiasmercedinas.com\/site\/2019\/05\/02\/mas-unidos-que-nunca-con-propuestas-para-potenciar-todas-las-disciplinas-en-el-club-mercedes\/#breadcrumb"},"inLanguage":"es","potentialAction":[{"@type":"ReadAction","target":["https:\/\/noticiasmercedinas.com\/site\/2019\/05\/02\/mas-unidos-que-nunca-con-propuestas-para-potenciar-todas-las-disciplinas-en-el-club-mercedes\/"]}]},{"@type":"ImageObject","inLanguage":"es","@id":"https:\/\/noticiasmercedinas.com\/site\/2019\/05\/02\/mas-unidos-que-nunca-con-propuestas-para-potenciar-todas-las-disciplinas-en-el-club-mercedes\/#primaryimage","url":"https:\/\/noticiasmercedinas.com\/site\/wp-content\/uploads\/2019\/05\/d701274b-cc3e-4c77-b7fa-f7267b8d1db0.jpg","contentUrl":"https:\/\/noticiasmercedinas.com\/site\/wp-content\/uploads\/2019\/05\/d701274b-cc3e-4c77-b7fa-f7267b8d1db0.jpg","width":1280,"height":1242},{"@type":"BreadcrumbList","@id":"https:\/\/noticiasmercedinas.com\/site\/2019\/05\/02\/mas-unidos-que-nunca-con-propuestas-para-potenciar-todas-las-disciplinas-en-el-club-mercedes\/#breadcrumb","itemListElement":[{"@type":"ListItem","position":1,"name":"Portada","item":"https:\/\/noticiasmercedinas.com\/site\/"},{"@type":"ListItem","position":2,"name":"\u201cM\u00e1s unidos que nunca\u201d, con propuestas para potenciar todas las disciplinas en el Club Mercedes"}]},{"@type":"WebSite","@id":"https:\/\/noticiasmercedinas.com\/site\/#website","url":"https:\/\/noticiasmercedinas.com\/site\/","name":"NOTICIASMERCEDINAS.COM","description":"Mercedes, Buenos Aires, Argentina","publisher":{"@id":"https:\/\/noticiasmercedinas.com\/site\/#organization"},"potentialAction":[{"@type":"SearchAction","target":{"@type":"EntryPoint","urlTemplate":"https:\/\/noticiasmercedinas.com\/site\/?s={search_term_string}"},"query-input":{"@type":"PropertyValueSpecification","valueRequired":true,"valueName":"search_term_string"}}],"inLanguage":"es"},{"@type":"Organization","@id":"https:\/\/noticiasmercedinas.com\/site\/#organization","name":"NOTICIASMERCEDINAS.COM","url":"https:\/\/noticiasmercedinas.com\/site\/","logo":{"@type":"ImageObject","inLanguage":"es","@id":"https:\/\/noticiasmercedinas.com\/site\/#\/schema\/logo\/image\/","url":"https:\/\/noticiasmercedinas.com\/site\/wp-content\/uploads\/2020\/06\/LOGO-512.jpg","contentUrl":"https:\/\/noticiasmercedinas.com\/site\/wp-content\/uploads\/2020\/06\/LOGO-512.jpg","width":512,"height":512,"caption":"NOTICIASMERCEDINAS.COM"},"image":{"@id":"https:\/\/noticiasmercedinas.com\/site\/#\/schema\/logo\/image\/"},"sameAs":["https:\/\/www.facebook.com\/noticiasmercedinas\/","https:\/\/x.com\/notmercedinas","https:\/\/www.instagram.com\/noticiasmercedinas\/"]},{"@type":"Person","@id":"https:\/\/noticiasmercedinas.com\/site\/#\/schema\/person\/d481a9696a5feaec13a60e2bbd991a6a","name":"Cristian Falabella NOTICIASMERCEDINAS.COM","image":{"@type":"ImageObject","inLanguage":"es","@id":"https:\/\/secure.gravatar.com\/avatar\/0dbbfc45970cc46bcd0e57766228574ff3511d6eed045b182f536f0f478c1f06?s=96&d=mm&r=g","url":"https:\/\/secure.gravatar.com\/avatar\/0dbbfc45970cc46bcd0e57766228574ff3511d6eed045b182f536f0f478c1f06?s=96&d=mm&r=g","contentUrl":"https:\/\/secure.gravatar.com\/avatar\/0dbbfc45970cc46bcd0e57766228574ff3511d6eed045b182f536f0f478c1f06?s=96&d=mm&r=g","caption":"Cristian Falabella NOTICIASMERCEDINAS.COM"},"description":"Periodista, editor de Noticias Mercedinas. Pas\u00f3 por varias redacciones y emprendimientos de prensa, en distintos formatos y \u00e9pocas. Se especializ\u00f3 --y sigue haci\u00e9ndolo-- en comunicaci\u00f3n en la web y en junio de 2006 fund\u00f3 este diario digital.","sameAs":["https:\/\/noticiasmercedinas.com","https:\/\/www.facebook.com\/cristian.falabella","https:\/\/www.instagram.com\/noticiasmercedinas\/","https:\/\/x.com\/https:\/\/twitter.com\/NOTMERCEDINAS"],"url":"https:\/\/noticiasmercedinas.com\/site\/author\/as000384\/"}]}},"amp_enabled":true,"_links":{"self":[{"href":"https:\/\/noticiasmercedinas.com\/site\/wp-json\/wp\/v2\/posts\/17999","targetHints":{"allow":["GET"]}}],"collection":[{"href":"https:\/\/noticiasmercedinas.com\/site\/wp-json\/wp\/v2\/posts"}],"about":[{"href":"https:\/\/noticiasmercedinas.com\/site\/wp-json\/wp\/v2\/types\/post"}],"author":[{"embeddable":true,"href":"https:\/\/noticiasmercedinas.com\/site\/wp-json\/wp\/v2\/users\/2"}],"replies":[{"embeddable":true,"href":"https:\/\/noticiasmercedinas.com\/site\/wp-json\/wp\/v2\/comments?post=17999"}],"version-history":[{"count":1,"href":"https:\/\/noticiasmercedinas.com\/site\/wp-json\/wp\/v2\/posts\/17999\/revisions"}],"predecessor-version":[{"id":18005,"href":"https:\/\/noticiasmercedinas.com\/site\/wp-json\/wp\/v2\/posts\/17999\/revisions\/18005"}],"wp:featuredmedia":[{"embeddable":true,"href":"https:\/\/noticiasmercedinas.com\/site\/wp-json\/wp\/v2\/media\/18001"}],"wp:attachment":[{"href":"https:\/\/noticiasmercedinas.com\/site\/wp-json\/wp\/v2\/media?parent=17999"}],"wp:term":[{"taxonomy":"category","embeddable":true,"href":"https:\/\/noticiasmercedinas.com\/site\/wp-json\/wp\/v2\/categories?post=17999"},{"taxonomy":"post_tag","embeddable":true,"href":"https:\/\/noticiasmercedinas.com\/site\/wp-json\/wp\/v2\/tags?post=17999"}],"curies":[{"name":"wp","href":"https:\/\/api.w.org\/{rel}","templated":true}]}}