{"id":180094,"date":"2026-02-16T11:12:31","date_gmt":"2026-02-16T14:12:31","guid":{"rendered":"https:\/\/noticiasmercedinas.com\/site\/?p=180094"},"modified":"2026-02-16T11:12:31","modified_gmt":"2026-02-16T14:12:31","slug":"la-pena-lawar-wayna-anuncia-su-regreso-en-la-flor-azul","status":"publish","type":"post","link":"https:\/\/noticiasmercedinas.com\/site\/2026\/02\/16\/la-pena-lawar-wayna-anuncia-su-regreso-en-la-flor-azul\/","title":{"rendered":"La Pe\u00f1a Lawar Wayna anuncia su regreso en \u00abLa Flor Azul\u00bb"},"content":{"rendered":"<p data-path-to-node=\"5\"><img loading=\"lazy\" decoding=\"async\" class=\"alignnone size-full wp-image-180095\" src=\"https:\/\/noticiasmercedinas.com\/site\/wp-content\/uploads\/2026\/02\/laultimajunta.jpg\" alt=\"\" width=\"799\" height=\"502\" srcset=\"https:\/\/noticiasmercedinas.com\/site\/wp-content\/uploads\/2026\/02\/laultimajunta.jpg 799w, https:\/\/noticiasmercedinas.com\/site\/wp-content\/uploads\/2026\/02\/laultimajunta-300x188.jpg 300w, https:\/\/noticiasmercedinas.com\/site\/wp-content\/uploads\/2026\/02\/laultimajunta-768x483.jpg 768w, https:\/\/noticiasmercedinas.com\/site\/wp-content\/uploads\/2026\/02\/laultimajunta-640x402.jpg 640w, https:\/\/noticiasmercedinas.com\/site\/wp-content\/uploads\/2026\/02\/laultimajunta-681x428.jpg 681w\" sizes=\"auto, (max-width: 799px) 100vw, 799px\" \/><\/p>\n<p data-path-to-node=\"5\">La tradici\u00f3n folcl\u00f3rica recupera uno de sus espacios de encuentro en la ciudad con el retorno de la <b data-path-to-node=\"5\" data-index-in-node=\"112\">Pe\u00f1a Lawar Wayna<\/b>, que anunci\u00f3 su regreso.<\/p>\n<p data-path-to-node=\"5\">El evento tendr\u00e1 lugar el pr\u00f3ximo <b data-path-to-node=\"5\" data-index-in-node=\"164\">viernes 27 de febrero<\/b>, a partir de las <b data-path-to-node=\"5\" data-index-in-node=\"203\">20:00 horas<\/b>, en las instalaciones de <b data-path-to-node=\"5\" data-index-in-node=\"240\">La Flor Azul Resto Bar<\/b>, ubicado en la calle 131 entre 54 y 56.<\/p>\n<p data-path-to-node=\"6\">La propuesta invita a la comunidad a disfrutar de una velada bajo las estrellas que combinar\u00e1 m\u00fasica en vivo con una oferta gastron\u00f3mica artesanal.<\/p>\n<p data-path-to-node=\"6\">Seg\u00fan informaron los organizadores, la entrada consistir\u00e1 en un <b data-path-to-node=\"6\" data-index-in-node=\"214\">bono contribuci\u00f3n<\/b> destinado directamente al apoyo de los m\u00fasicos participantes.<\/p>\n<p data-path-to-node=\"8\">El escenario contar\u00e1 con la presencia de destacados exponentes del g\u00e9nero local y regional:<\/p>\n<ul>\n<li data-path-to-node=\"8\"><b data-path-to-node=\"9,0,0\" data-index-in-node=\"0\">La \u00daltima Junta:<\/b> Presentar\u00e1 su repertorio de folclore tradicional.<\/li>\n<li data-path-to-node=\"8\"><b data-path-to-node=\"9,1,0\" data-index-in-node=\"0\">Max Alexander:<\/b> Se suma a la jornada con su propuesta solista.<\/li>\n<li data-path-to-node=\"8\"><b data-path-to-node=\"9,2,0\" data-index-in-node=\"0\">Estirpe Mercedina:<\/b> Aportar\u00e1 la identidad local al cierre de la noche.<\/li>\n<\/ul>\n<p data-path-to-node=\"10\">La puesta t\u00e9cnica, que incluye sonido e iluminaci\u00f3n profesional, estar\u00e1 a cargo de <b data-path-to-node=\"10\" data-index-in-node=\"83\">\u00abEl T\u00edo\u00bb (Ema Marful DJ)<\/b>, garantizando la calidad art\u00edstica del espect\u00e1culo en el predio del resto-bar.<\/p>\n<p data-path-to-node=\"12\">Adem\u00e1s de la m\u00fasica, los asistentes podr\u00e1n acceder a un servicio de cantina con muy buena gastronom\u00eda asegurada, acompa\u00f1ada por una selecci\u00f3n de bebidas.<\/p>\n<p data-path-to-node=\"12\">Para mayor informaci\u00f3n o consultas, se han habilitado las l\u00edneas telef\u00f3nicas <b data-path-to-node=\"12\" data-index-in-node=\"273\">2324-693144<\/b> y <b data-path-to-node=\"12\" data-index-in-node=\"287\">2324-464434<\/b>.<\/p>\n<p data-path-to-node=\"12\"><img loading=\"lazy\" decoding=\"async\" class=\"alignnone size-full wp-image-180096\" src=\"https:\/\/noticiasmercedinas.com\/site\/wp-content\/uploads\/2026\/02\/lw.jpg\" alt=\"\" width=\"845\" height=\"672\" srcset=\"https:\/\/noticiasmercedinas.com\/site\/wp-content\/uploads\/2026\/02\/lw.jpg 845w, https:\/\/noticiasmercedinas.com\/site\/wp-content\/uploads\/2026\/02\/lw-300x239.jpg 300w, https:\/\/noticiasmercedinas.com\/site\/wp-content\/uploads\/2026\/02\/lw-768x611.jpg 768w, https:\/\/noticiasmercedinas.com\/site\/wp-content\/uploads\/2026\/02\/lw-640x509.jpg 640w, https:\/\/noticiasmercedinas.com\/site\/wp-content\/uploads\/2026\/02\/lw-681x542.jpg 681w\" sizes=\"auto, (max-width: 845px) 100vw, 845px\" \/><\/p>\n<p data-path-to-node=\"12\">\n","protected":false},"excerpt":{"rendered":"<p>\u25a0\u00a0Habr\u00e1 folclore en vivo el pr\u00f3ximo viernes 27 de febrero al aire libre. La jornada contar\u00e1 con las actuaciones de La \u00daltima Junta, Max Alexander y Estirpe Mercedina.<\/p>\n","protected":false},"author":16,"featured_media":180095,"comment_status":"closed","ping_status":"closed","sticky":false,"template":"","format":"standard","meta":{"footnotes":""},"categories":[4],"tags":[14184,21119,21680,21681,88,9923],"class_list":["post-180094","post","type-post","status-publish","format-standard","has-post-thumbnail","hentry","category-cultura","tag-estirpe-mercedina","tag-la-flor-azul","tag-la-ultima-junta","tag-max-alexander","tag-musica","tag-pena-lawar-wayna"],"yoast_head":"<!-- This site is optimized with the Yoast SEO plugin v28.3 - https:\/\/yoast.com\/product\/yoast-seo-wordpress\/ -->\n<title>La Pe\u00f1a Lawar Wayna anuncia su regreso en &quot;La Flor Azul&quot;<\/title>\n<meta name=\"description\" content=\"\u25a0\u00a0Habr\u00e1 folclore en vivo el pr\u00f3ximo viernes 27 de febrero al aire libre. La jornada contar\u00e1 con las actuaciones de La \u00daltima Junta, Max Alexander y Estirpe Mercedina.\" \/>\n<meta name=\"robots\" content=\"index, follow, max-snippet:-1, max-image-preview:large, max-video-preview:-1\" \/>\n<link rel=\"canonical\" href=\"https:\/\/noticiasmercedinas.com\/site\/2026\/02\/16\/la-pena-lawar-wayna-anuncia-su-regreso-en-la-flor-azul\/\" \/>\n<meta property=\"og:locale\" content=\"es_ES\" \/>\n<meta property=\"og:type\" content=\"article\" \/>\n<meta property=\"og:title\" content=\"La Pe\u00f1a Lawar Wayna anuncia su regreso en &quot;La Flor Azul&quot;\" \/>\n<meta property=\"og:description\" content=\"\u25a0\u00a0Habr\u00e1 folclore en vivo el pr\u00f3ximo viernes 27 de febrero al aire libre. La jornada contar\u00e1 con las actuaciones de La \u00daltima Junta, Max Alexander y Estirpe Mercedina.\" \/>\n<meta property=\"og:url\" content=\"https:\/\/noticiasmercedinas.com\/site\/2026\/02\/16\/la-pena-lawar-wayna-anuncia-su-regreso-en-la-flor-azul\/\" \/>\n<meta property=\"og:site_name\" content=\"NOTICIASMERCEDINAS.COM\" \/>\n<meta property=\"article:publisher\" content=\"https:\/\/www.facebook.com\/noticiasmercedinas\/\" \/>\n<meta property=\"article:published_time\" content=\"2026-02-16T14:12:31+00:00\" \/>\n<meta property=\"og:image\" content=\"https:\/\/noticiasmercedinas.com\/site\/wp-content\/uploads\/2026\/02\/laultimajunta.jpg\" \/>\n\t<meta property=\"og:image:width\" content=\"799\" \/>\n\t<meta property=\"og:image:height\" content=\"502\" \/>\n\t<meta property=\"og:image:type\" content=\"image\/jpeg\" \/>\n<meta name=\"author\" content=\"NOTICIASMERCEDINAS.COM\" \/>\n<meta name=\"twitter:card\" content=\"summary_large_image\" \/>\n<meta name=\"twitter:creator\" content=\"@notmercedinas\" \/>\n<meta name=\"twitter:site\" content=\"@notmercedinas\" \/>\n<meta name=\"twitter:label1\" content=\"Escrito por\" \/>\n\t<meta name=\"twitter:data1\" content=\"NOTICIASMERCEDINAS.COM\" \/>\n\t<meta name=\"twitter:label2\" content=\"Tiempo de lectura\" \/>\n\t<meta name=\"twitter:data2\" content=\"2 minutos\" \/>\n<script type=\"application\/ld+json\" class=\"yoast-schema-graph\">{\"@context\":\"https:\\\/\\\/schema.org\",\"@graph\":[{\"@type\":\"Article\",\"@id\":\"https:\\\/\\\/noticiasmercedinas.com\\\/site\\\/2026\\\/02\\\/16\\\/la-pena-lawar-wayna-anuncia-su-regreso-en-la-flor-azul\\\/#article\",\"isPartOf\":{\"@id\":\"https:\\\/\\\/noticiasmercedinas.com\\\/site\\\/2026\\\/02\\\/16\\\/la-pena-lawar-wayna-anuncia-su-regreso-en-la-flor-azul\\\/\"},\"author\":{\"name\":\"NOTICIASMERCEDINAS.COM\",\"@id\":\"https:\\\/\\\/noticiasmercedinas.com\\\/site\\\/#\\\/schema\\\/person\\\/84b59c099c28ff2e8b77d4ceec5d8063\"},\"headline\":\"La Pe\u00f1a Lawar Wayna anuncia su regreso en \u00abLa Flor Azul\u00bb\",\"datePublished\":\"2026-02-16T14:12:31+00:00\",\"mainEntityOfPage\":{\"@id\":\"https:\\\/\\\/noticiasmercedinas.com\\\/site\\\/2026\\\/02\\\/16\\\/la-pena-lawar-wayna-anuncia-su-regreso-en-la-flor-azul\\\/\"},\"wordCount\":245,\"publisher\":{\"@id\":\"https:\\\/\\\/noticiasmercedinas.com\\\/site\\\/#organization\"},\"image\":{\"@id\":\"https:\\\/\\\/noticiasmercedinas.com\\\/site\\\/2026\\\/02\\\/16\\\/la-pena-lawar-wayna-anuncia-su-regreso-en-la-flor-azul\\\/#primaryimage\"},\"thumbnailUrl\":\"https:\\\/\\\/noticiasmercedinas.com\\\/site\\\/wp-content\\\/uploads\\\/2026\\\/02\\\/laultimajunta.jpg\",\"keywords\":[\"estirpe mercedina\",\"la flor azul\",\"La \u00daltima Junta\",\"max alexander\",\"musica\",\"Pe\u00f1a Lawar Wayna\"],\"articleSection\":[\"Cultura\"],\"inLanguage\":\"es\"},{\"@type\":\"WebPage\",\"@id\":\"https:\\\/\\\/noticiasmercedinas.com\\\/site\\\/2026\\\/02\\\/16\\\/la-pena-lawar-wayna-anuncia-su-regreso-en-la-flor-azul\\\/\",\"url\":\"https:\\\/\\\/noticiasmercedinas.com\\\/site\\\/2026\\\/02\\\/16\\\/la-pena-lawar-wayna-anuncia-su-regreso-en-la-flor-azul\\\/\",\"name\":\"La Pe\u00f1a Lawar Wayna anuncia su regreso en \\\"La Flor Azul\\\"\",\"isPartOf\":{\"@id\":\"https:\\\/\\\/noticiasmercedinas.com\\\/site\\\/#website\"},\"primaryImageOfPage\":{\"@id\":\"https:\\\/\\\/noticiasmercedinas.com\\\/site\\\/2026\\\/02\\\/16\\\/la-pena-lawar-wayna-anuncia-su-regreso-en-la-flor-azul\\\/#primaryimage\"},\"image\":{\"@id\":\"https:\\\/\\\/noticiasmercedinas.com\\\/site\\\/2026\\\/02\\\/16\\\/la-pena-lawar-wayna-anuncia-su-regreso-en-la-flor-azul\\\/#primaryimage\"},\"thumbnailUrl\":\"https:\\\/\\\/noticiasmercedinas.com\\\/site\\\/wp-content\\\/uploads\\\/2026\\\/02\\\/laultimajunta.jpg\",\"datePublished\":\"2026-02-16T14:12:31+00:00\",\"description\":\"\u25a0\u00a0Habr\u00e1 folclore en vivo el pr\u00f3ximo viernes 27 de febrero al aire libre. La jornada contar\u00e1 con las actuaciones de La \u00daltima Junta, Max Alexander y Estirpe Mercedina.\",\"breadcrumb\":{\"@id\":\"https:\\\/\\\/noticiasmercedinas.com\\\/site\\\/2026\\\/02\\\/16\\\/la-pena-lawar-wayna-anuncia-su-regreso-en-la-flor-azul\\\/#breadcrumb\"},\"inLanguage\":\"es\",\"potentialAction\":[{\"@type\":\"ReadAction\",\"target\":[\"https:\\\/\\\/noticiasmercedinas.com\\\/site\\\/2026\\\/02\\\/16\\\/la-pena-lawar-wayna-anuncia-su-regreso-en-la-flor-azul\\\/\"]}]},{\"@type\":\"ImageObject\",\"inLanguage\":\"es\",\"@id\":\"https:\\\/\\\/noticiasmercedinas.com\\\/site\\\/2026\\\/02\\\/16\\\/la-pena-lawar-wayna-anuncia-su-regreso-en-la-flor-azul\\\/#primaryimage\",\"url\":\"https:\\\/\\\/noticiasmercedinas.com\\\/site\\\/wp-content\\\/uploads\\\/2026\\\/02\\\/laultimajunta.jpg\",\"contentUrl\":\"https:\\\/\\\/noticiasmercedinas.com\\\/site\\\/wp-content\\\/uploads\\\/2026\\\/02\\\/laultimajunta.jpg\",\"width\":799,\"height\":502},{\"@type\":\"BreadcrumbList\",\"@id\":\"https:\\\/\\\/noticiasmercedinas.com\\\/site\\\/2026\\\/02\\\/16\\\/la-pena-lawar-wayna-anuncia-su-regreso-en-la-flor-azul\\\/#breadcrumb\",\"itemListElement\":[{\"@type\":\"ListItem\",\"position\":1,\"name\":\"Portada\",\"item\":\"https:\\\/\\\/noticiasmercedinas.com\\\/site\\\/\"},{\"@type\":\"ListItem\",\"position\":2,\"name\":\"La Pe\u00f1a Lawar Wayna anuncia su regreso en \u00abLa Flor Azul\u00bb\"}]},{\"@type\":\"WebSite\",\"@id\":\"https:\\\/\\\/noticiasmercedinas.com\\\/site\\\/#website\",\"url\":\"https:\\\/\\\/noticiasmercedinas.com\\\/site\\\/\",\"name\":\"NOTICIASMERCEDINAS.COM\",\"description\":\"Mercedes, Buenos Aires, Argentina\",\"publisher\":{\"@id\":\"https:\\\/\\\/noticiasmercedinas.com\\\/site\\\/#organization\"},\"potentialAction\":[{\"@type\":\"SearchAction\",\"target\":{\"@type\":\"EntryPoint\",\"urlTemplate\":\"https:\\\/\\\/noticiasmercedinas.com\\\/site\\\/?s={search_term_string}\"},\"query-input\":{\"@type\":\"PropertyValueSpecification\",\"valueRequired\":true,\"valueName\":\"search_term_string\"}}],\"inLanguage\":\"es\"},{\"@type\":\"Organization\",\"@id\":\"https:\\\/\\\/noticiasmercedinas.com\\\/site\\\/#organization\",\"name\":\"NOTICIASMERCEDINAS.COM\",\"url\":\"https:\\\/\\\/noticiasmercedinas.com\\\/site\\\/\",\"logo\":{\"@type\":\"ImageObject\",\"inLanguage\":\"es\",\"@id\":\"https:\\\/\\\/noticiasmercedinas.com\\\/site\\\/#\\\/schema\\\/logo\\\/image\\\/\",\"url\":\"https:\\\/\\\/noticiasmercedinas.com\\\/site\\\/wp-content\\\/uploads\\\/2020\\\/06\\\/LOGO-512.jpg\",\"contentUrl\":\"https:\\\/\\\/noticiasmercedinas.com\\\/site\\\/wp-content\\\/uploads\\\/2020\\\/06\\\/LOGO-512.jpg\",\"width\":512,\"height\":512,\"caption\":\"NOTICIASMERCEDINAS.COM\"},\"image\":{\"@id\":\"https:\\\/\\\/noticiasmercedinas.com\\\/site\\\/#\\\/schema\\\/logo\\\/image\\\/\"},\"sameAs\":[\"https:\\\/\\\/www.facebook.com\\\/noticiasmercedinas\\\/\",\"https:\\\/\\\/x.com\\\/notmercedinas\",\"https:\\\/\\\/www.instagram.com\\\/noticiasmercedinas\\\/\"]},{\"@type\":\"Person\",\"@id\":\"https:\\\/\\\/noticiasmercedinas.com\\\/site\\\/#\\\/schema\\\/person\\\/84b59c099c28ff2e8b77d4ceec5d8063\",\"name\":\"NOTICIASMERCEDINAS.COM\",\"image\":{\"@type\":\"ImageObject\",\"inLanguage\":\"es\",\"@id\":\"https:\\\/\\\/secure.gravatar.com\\\/avatar\\\/4dfbf16b4d17945bfb6341b2d19043457132fcf478a5ee04f42e959fd8f5df0a?s=96&d=mm&r=g\",\"url\":\"https:\\\/\\\/secure.gravatar.com\\\/avatar\\\/4dfbf16b4d17945bfb6341b2d19043457132fcf478a5ee04f42e959fd8f5df0a?s=96&d=mm&r=g\",\"contentUrl\":\"https:\\\/\\\/secure.gravatar.com\\\/avatar\\\/4dfbf16b4d17945bfb6341b2d19043457132fcf478a5ee04f42e959fd8f5df0a?s=96&d=mm&r=g\",\"caption\":\"NOTICIASMERCEDINAS.COM\"},\"url\":\"https:\\\/\\\/noticiasmercedinas.com\\\/site\\\/author\\\/anonimo\\\/\"}]}<\/script>\n<!-- \/ Yoast SEO plugin. -->","yoast_head_json":{"title":"La Pe\u00f1a Lawar Wayna anuncia su regreso en \"La Flor Azul\"","description":"\u25a0\u00a0Habr\u00e1 folclore en vivo el pr\u00f3ximo viernes 27 de febrero al aire libre. La jornada contar\u00e1 con las actuaciones de La \u00daltima Junta, Max Alexander y Estirpe Mercedina.","robots":{"index":"index","follow":"follow","max-snippet":"max-snippet:-1","max-image-preview":"max-image-preview:large","max-video-preview":"max-video-preview:-1"},"canonical":"https:\/\/noticiasmercedinas.com\/site\/2026\/02\/16\/la-pena-lawar-wayna-anuncia-su-regreso-en-la-flor-azul\/","og_locale":"es_ES","og_type":"article","og_title":"La Pe\u00f1a Lawar Wayna anuncia su regreso en \"La Flor Azul\"","og_description":"\u25a0\u00a0Habr\u00e1 folclore en vivo el pr\u00f3ximo viernes 27 de febrero al aire libre. La jornada contar\u00e1 con las actuaciones de La \u00daltima Junta, Max Alexander y Estirpe Mercedina.","og_url":"https:\/\/noticiasmercedinas.com\/site\/2026\/02\/16\/la-pena-lawar-wayna-anuncia-su-regreso-en-la-flor-azul\/","og_site_name":"NOTICIASMERCEDINAS.COM","article_publisher":"https:\/\/www.facebook.com\/noticiasmercedinas\/","article_published_time":"2026-02-16T14:12:31+00:00","og_image":[{"width":799,"height":502,"url":"https:\/\/noticiasmercedinas.com\/site\/wp-content\/uploads\/2026\/02\/laultimajunta.jpg","type":"image\/jpeg"}],"author":"NOTICIASMERCEDINAS.COM","twitter_card":"summary_large_image","twitter_creator":"@notmercedinas","twitter_site":"@notmercedinas","twitter_misc":{"Escrito por":"NOTICIASMERCEDINAS.COM","Tiempo de lectura":"2 minutos"},"schema":{"@context":"https:\/\/schema.org","@graph":[{"@type":"Article","@id":"https:\/\/noticiasmercedinas.com\/site\/2026\/02\/16\/la-pena-lawar-wayna-anuncia-su-regreso-en-la-flor-azul\/#article","isPartOf":{"@id":"https:\/\/noticiasmercedinas.com\/site\/2026\/02\/16\/la-pena-lawar-wayna-anuncia-su-regreso-en-la-flor-azul\/"},"author":{"name":"NOTICIASMERCEDINAS.COM","@id":"https:\/\/noticiasmercedinas.com\/site\/#\/schema\/person\/84b59c099c28ff2e8b77d4ceec5d8063"},"headline":"La Pe\u00f1a Lawar Wayna anuncia su regreso en \u00abLa Flor Azul\u00bb","datePublished":"2026-02-16T14:12:31+00:00","mainEntityOfPage":{"@id":"https:\/\/noticiasmercedinas.com\/site\/2026\/02\/16\/la-pena-lawar-wayna-anuncia-su-regreso-en-la-flor-azul\/"},"wordCount":245,"publisher":{"@id":"https:\/\/noticiasmercedinas.com\/site\/#organization"},"image":{"@id":"https:\/\/noticiasmercedinas.com\/site\/2026\/02\/16\/la-pena-lawar-wayna-anuncia-su-regreso-en-la-flor-azul\/#primaryimage"},"thumbnailUrl":"https:\/\/noticiasmercedinas.com\/site\/wp-content\/uploads\/2026\/02\/laultimajunta.jpg","keywords":["estirpe mercedina","la flor azul","La \u00daltima Junta","max alexander","musica","Pe\u00f1a Lawar Wayna"],"articleSection":["Cultura"],"inLanguage":"es"},{"@type":"WebPage","@id":"https:\/\/noticiasmercedinas.com\/site\/2026\/02\/16\/la-pena-lawar-wayna-anuncia-su-regreso-en-la-flor-azul\/","url":"https:\/\/noticiasmercedinas.com\/site\/2026\/02\/16\/la-pena-lawar-wayna-anuncia-su-regreso-en-la-flor-azul\/","name":"La Pe\u00f1a Lawar Wayna anuncia su regreso en \"La Flor Azul\"","isPartOf":{"@id":"https:\/\/noticiasmercedinas.com\/site\/#website"},"primaryImageOfPage":{"@id":"https:\/\/noticiasmercedinas.com\/site\/2026\/02\/16\/la-pena-lawar-wayna-anuncia-su-regreso-en-la-flor-azul\/#primaryimage"},"image":{"@id":"https:\/\/noticiasmercedinas.com\/site\/2026\/02\/16\/la-pena-lawar-wayna-anuncia-su-regreso-en-la-flor-azul\/#primaryimage"},"thumbnailUrl":"https:\/\/noticiasmercedinas.com\/site\/wp-content\/uploads\/2026\/02\/laultimajunta.jpg","datePublished":"2026-02-16T14:12:31+00:00","description":"\u25a0\u00a0Habr\u00e1 folclore en vivo el pr\u00f3ximo viernes 27 de febrero al aire libre. La jornada contar\u00e1 con las actuaciones de La \u00daltima Junta, Max Alexander y Estirpe Mercedina.","breadcrumb":{"@id":"https:\/\/noticiasmercedinas.com\/site\/2026\/02\/16\/la-pena-lawar-wayna-anuncia-su-regreso-en-la-flor-azul\/#breadcrumb"},"inLanguage":"es","potentialAction":[{"@type":"ReadAction","target":["https:\/\/noticiasmercedinas.com\/site\/2026\/02\/16\/la-pena-lawar-wayna-anuncia-su-regreso-en-la-flor-azul\/"]}]},{"@type":"ImageObject","inLanguage":"es","@id":"https:\/\/noticiasmercedinas.com\/site\/2026\/02\/16\/la-pena-lawar-wayna-anuncia-su-regreso-en-la-flor-azul\/#primaryimage","url":"https:\/\/noticiasmercedinas.com\/site\/wp-content\/uploads\/2026\/02\/laultimajunta.jpg","contentUrl":"https:\/\/noticiasmercedinas.com\/site\/wp-content\/uploads\/2026\/02\/laultimajunta.jpg","width":799,"height":502},{"@type":"BreadcrumbList","@id":"https:\/\/noticiasmercedinas.com\/site\/2026\/02\/16\/la-pena-lawar-wayna-anuncia-su-regreso-en-la-flor-azul\/#breadcrumb","itemListElement":[{"@type":"ListItem","position":1,"name":"Portada","item":"https:\/\/noticiasmercedinas.com\/site\/"},{"@type":"ListItem","position":2,"name":"La Pe\u00f1a Lawar Wayna anuncia su regreso en \u00abLa Flor Azul\u00bb"}]},{"@type":"WebSite","@id":"https:\/\/noticiasmercedinas.com\/site\/#website","url":"https:\/\/noticiasmercedinas.com\/site\/","name":"NOTICIASMERCEDINAS.COM","description":"Mercedes, Buenos Aires, Argentina","publisher":{"@id":"https:\/\/noticiasmercedinas.com\/site\/#organization"},"potentialAction":[{"@type":"SearchAction","target":{"@type":"EntryPoint","urlTemplate":"https:\/\/noticiasmercedinas.com\/site\/?s={search_term_string}"},"query-input":{"@type":"PropertyValueSpecification","valueRequired":true,"valueName":"search_term_string"}}],"inLanguage":"es"},{"@type":"Organization","@id":"https:\/\/noticiasmercedinas.com\/site\/#organization","name":"NOTICIASMERCEDINAS.COM","url":"https:\/\/noticiasmercedinas.com\/site\/","logo":{"@type":"ImageObject","inLanguage":"es","@id":"https:\/\/noticiasmercedinas.com\/site\/#\/schema\/logo\/image\/","url":"https:\/\/noticiasmercedinas.com\/site\/wp-content\/uploads\/2020\/06\/LOGO-512.jpg","contentUrl":"https:\/\/noticiasmercedinas.com\/site\/wp-content\/uploads\/2020\/06\/LOGO-512.jpg","width":512,"height":512,"caption":"NOTICIASMERCEDINAS.COM"},"image":{"@id":"https:\/\/noticiasmercedinas.com\/site\/#\/schema\/logo\/image\/"},"sameAs":["https:\/\/www.facebook.com\/noticiasmercedinas\/","https:\/\/x.com\/notmercedinas","https:\/\/www.instagram.com\/noticiasmercedinas\/"]},{"@type":"Person","@id":"https:\/\/noticiasmercedinas.com\/site\/#\/schema\/person\/84b59c099c28ff2e8b77d4ceec5d8063","name":"NOTICIASMERCEDINAS.COM","image":{"@type":"ImageObject","inLanguage":"es","@id":"https:\/\/secure.gravatar.com\/avatar\/4dfbf16b4d17945bfb6341b2d19043457132fcf478a5ee04f42e959fd8f5df0a?s=96&d=mm&r=g","url":"https:\/\/secure.gravatar.com\/avatar\/4dfbf16b4d17945bfb6341b2d19043457132fcf478a5ee04f42e959fd8f5df0a?s=96&d=mm&r=g","contentUrl":"https:\/\/secure.gravatar.com\/avatar\/4dfbf16b4d17945bfb6341b2d19043457132fcf478a5ee04f42e959fd8f5df0a?s=96&d=mm&r=g","caption":"NOTICIASMERCEDINAS.COM"},"url":"https:\/\/noticiasmercedinas.com\/site\/author\/anonimo\/"}]}},"amp_enabled":true,"_links":{"self":[{"href":"https:\/\/noticiasmercedinas.com\/site\/wp-json\/wp\/v2\/posts\/180094","targetHints":{"allow":["GET"]}}],"collection":[{"href":"https:\/\/noticiasmercedinas.com\/site\/wp-json\/wp\/v2\/posts"}],"about":[{"href":"https:\/\/noticiasmercedinas.com\/site\/wp-json\/wp\/v2\/types\/post"}],"author":[{"embeddable":true,"href":"https:\/\/noticiasmercedinas.com\/site\/wp-json\/wp\/v2\/users\/16"}],"replies":[{"embeddable":true,"href":"https:\/\/noticiasmercedinas.com\/site\/wp-json\/wp\/v2\/comments?post=180094"}],"version-history":[{"count":1,"href":"https:\/\/noticiasmercedinas.com\/site\/wp-json\/wp\/v2\/posts\/180094\/revisions"}],"predecessor-version":[{"id":180097,"href":"https:\/\/noticiasmercedinas.com\/site\/wp-json\/wp\/v2\/posts\/180094\/revisions\/180097"}],"wp:featuredmedia":[{"embeddable":true,"href":"https:\/\/noticiasmercedinas.com\/site\/wp-json\/wp\/v2\/media\/180095"}],"wp:attachment":[{"href":"https:\/\/noticiasmercedinas.com\/site\/wp-json\/wp\/v2\/media?parent=180094"}],"wp:term":[{"taxonomy":"category","embeddable":true,"href":"https:\/\/noticiasmercedinas.com\/site\/wp-json\/wp\/v2\/categories?post=180094"},{"taxonomy":"post_tag","embeddable":true,"href":"https:\/\/noticiasmercedinas.com\/site\/wp-json\/wp\/v2\/tags?post=180094"}],"curies":[{"name":"wp","href":"https:\/\/api.w.org\/{rel}","templated":true}]}}