{"id":180304,"date":"2026-02-20T20:22:57","date_gmt":"2026-02-20T23:22:57","guid":{"rendered":"https:\/\/noticiasmercedinas.com\/site\/?p=180304"},"modified":"2026-02-20T20:22:57","modified_gmt":"2026-02-20T23:22:57","slug":"golpe-al-bolsillo-los-pasajes-de-la-linea-57-aumentaron-un-31-por-ciento","status":"publish","type":"post","link":"https:\/\/noticiasmercedinas.com\/site\/2026\/02\/20\/golpe-al-bolsillo-los-pasajes-de-la-linea-57-aumentaron-un-31-por-ciento\/","title":{"rendered":"Golpe al bolsillo: los pasajes de la L\u00ednea 57 aumentaron un 31 por ciento"},"content":{"rendered":"<p><img loading=\"lazy\" decoding=\"async\" class=\"alignnone size-full wp-image-162130\" src=\"https:\/\/noticiasmercedinas.com\/site\/wp-content\/uploads\/2025\/06\/EMPRESAATLANTIDA.jpg\" alt=\"\" width=\"640\" height=\"417\" srcset=\"https:\/\/noticiasmercedinas.com\/site\/wp-content\/uploads\/2025\/06\/EMPRESAATLANTIDA.jpg 640w, https:\/\/noticiasmercedinas.com\/site\/wp-content\/uploads\/2025\/06\/EMPRESAATLANTIDA-300x194.jpg 300w\" sizes=\"auto, (max-width: 640px) 100vw, 640px\" \/><\/p>\n<p>Desde mediados de esta semana, los usuarios de la L\u00ednea 57 (Atl\u00e1ntida) enfrentan un nuevo esquema tarifario que impacta severamente en el presupuesto de los trabajadores.<\/p>\n<p>A trav\u00e9s de la Resoluci\u00f3n 11\/2026, el Gobierno Nacional dispuso un aumento del 31% en las 104 l\u00edneas de jurisdicci\u00f3n federal que operan en el \u00c1rea Metropolitana de Buenos Aires (AMBA).<\/p>\n<p><strong>Tarifas vigentes (Tarjeta SUBE registrada)<\/strong><br \/>\nLos nuevos valores rigen para quienes posean la tarjeta nominalizada o utilicen medios digitales autorizados. A continuaci\u00f3n, los precios para los tramos m\u00e1s utilizados en la regi\u00f3n:<\/p>\n<p><strong>Servicios por Acceso Oeste (Plaza Miserere &#8211; Mercedes)<\/strong><\/p>\n<p>Mercedes \u2013 Plaza Miserere: $6.638,48<\/p>\n<p>Luj\u00e1n (UNLu) \u2013 Plaza Miserere: $4.301,48<\/p>\n<p>Mercedes \u2013 Luj\u00e1n: $2.692,38<\/p>\n<p><strong>Servicios Expreso (por Buen Ayre \u2013 Plaza Italia)<\/strong><\/p>\n<p>Mercedes \u2013 Plaza Italia: $7.513,92<\/p>\n<p>Luj\u00e1n (UNLu) \u2013 Plaza Italia: $5.176,95<\/p>\n<p>Gral. Rodr\u00edguez \u2013 Plaza Italia: $4.216,80<\/p>\n<p><strong>Servicios Comunes (Plaza Italia)<\/strong><\/p>\n<p>Mercedes \u2013 Plaza Italia (por Acceso Oeste): $3.944,78<\/p>\n<p>Mercedes \u2013 Plaza Italia (por Rutas 8 y 7): $4.091,86<\/p>\n<p><strong>Pr\u00f3ximos incrementos y beneficios<\/strong><br \/>\nLa resoluci\u00f3n, firmada por el secretario Fernando Augusto Herrmann, no se limita al ajuste actual. Ya se ha establecido un cronograma que prev\u00e9 un ajuste adicional cercano al 10% para el pr\u00f3ximo 16 de marzo.<\/p>\n<p>Pese al incremento, las autoridades confirmaron que se mantiene la Tarifa Social, otorgando un 55% de descuento para jubilados, beneficiarios de asignaciones y sectores vulnerables. No obstante, la brecha de precios es significativamente mayor para aquellos pasajeros que a\u00fan no han registrado su tarjeta SUBE.<\/p>\n<p>Desde el Ejecutivo fundamentaron la medida bas\u00e1ndose en el alza de los costos operativos, tales como combustibles, seguros y repuestos. Seg\u00fan indicaron, la decisi\u00f3n busca equilibrar las cuentas del sistema de transporte bajo los lineamientos del DNU 70\/2023.<\/p>\n","protected":false},"excerpt":{"rendered":"<p>\u25a0 El Gobierno Nacional oficializ\u00f3 un fuerte incremento para el transporte en el AMBA. En marzo habr\u00e1 un nuevo ajuste del 10%. Las nuevas tarifas complican a\u00fan m\u00e1s una econom\u00eda dif\u00edcil<\/p>\n","protected":false},"author":16,"featured_media":162130,"comment_status":"closed","ping_status":"closed","sticky":false,"template":"","format":"standard","meta":{"footnotes":""},"categories":[3],"tags":[3759,801,856,1228],"class_list":["post-180304","post","type-post","status-publish","format-standard","has-post-thumbnail","hentry","category-sociedad","tag-3759","tag-atlantida","tag-aumento","tag-colectivo"],"yoast_head":"<!-- This site is optimized with the Yoast SEO plugin v28.3 - https:\/\/yoast.com\/product\/yoast-seo-wordpress\/ -->\n<title>Golpe al bolsillo: los pasajes de la L\u00ednea 57 aumentaron un 31 por ciento<\/title>\n<meta name=\"description\" content=\"El Gobierno Nacional oficializ\u00f3 un fuerte incremento para el transporte en el AMBA. En marzo habr\u00e1 un nuevo ajuste del 10%.\" \/>\n<meta name=\"robots\" content=\"index, follow, max-snippet:-1, max-image-preview:large, max-video-preview:-1\" \/>\n<link rel=\"canonical\" href=\"https:\/\/noticiasmercedinas.com\/site\/2026\/02\/20\/golpe-al-bolsillo-los-pasajes-de-la-linea-57-aumentaron-un-31-por-ciento\/\" \/>\n<meta property=\"og:locale\" content=\"es_ES\" \/>\n<meta property=\"og:type\" content=\"article\" \/>\n<meta property=\"og:title\" content=\"Golpe al bolsillo: los pasajes de la L\u00ednea 57 aumentaron un 31 por ciento\" \/>\n<meta property=\"og:description\" content=\"El Gobierno Nacional oficializ\u00f3 un fuerte incremento para el transporte en el AMBA. En marzo habr\u00e1 un nuevo ajuste del 10%.\" \/>\n<meta property=\"og:url\" content=\"https:\/\/noticiasmercedinas.com\/site\/2026\/02\/20\/golpe-al-bolsillo-los-pasajes-de-la-linea-57-aumentaron-un-31-por-ciento\/\" \/>\n<meta property=\"og:site_name\" content=\"NOTICIASMERCEDINAS.COM\" \/>\n<meta property=\"article:publisher\" content=\"https:\/\/www.facebook.com\/noticiasmercedinas\/\" \/>\n<meta property=\"article:published_time\" content=\"2026-02-20T23:22:57+00:00\" \/>\n<meta property=\"og:image\" content=\"https:\/\/noticiasmercedinas.com\/site\/wp-content\/uploads\/2025\/06\/EMPRESAATLANTIDA.jpg\" \/>\n\t<meta property=\"og:image:width\" content=\"640\" \/>\n\t<meta property=\"og:image:height\" content=\"417\" \/>\n\t<meta property=\"og:image:type\" content=\"image\/jpeg\" \/>\n<meta name=\"author\" content=\"NOTICIASMERCEDINAS.COM\" \/>\n<meta name=\"twitter:card\" content=\"summary_large_image\" \/>\n<meta name=\"twitter:creator\" content=\"@notmercedinas\" \/>\n<meta name=\"twitter:site\" content=\"@notmercedinas\" \/>\n<meta name=\"twitter:label1\" content=\"Escrito por\" \/>\n\t<meta name=\"twitter:data1\" content=\"NOTICIASMERCEDINAS.COM\" \/>\n\t<meta name=\"twitter:label2\" content=\"Tiempo de lectura\" \/>\n\t<meta name=\"twitter:data2\" content=\"2 minutos\" \/>\n<script type=\"application\/ld+json\" class=\"yoast-schema-graph\">{\"@context\":\"https:\\\/\\\/schema.org\",\"@graph\":[{\"@type\":\"Article\",\"@id\":\"https:\\\/\\\/noticiasmercedinas.com\\\/site\\\/2026\\\/02\\\/20\\\/golpe-al-bolsillo-los-pasajes-de-la-linea-57-aumentaron-un-31-por-ciento\\\/#article\",\"isPartOf\":{\"@id\":\"https:\\\/\\\/noticiasmercedinas.com\\\/site\\\/2026\\\/02\\\/20\\\/golpe-al-bolsillo-los-pasajes-de-la-linea-57-aumentaron-un-31-por-ciento\\\/\"},\"author\":{\"name\":\"NOTICIASMERCEDINAS.COM\",\"@id\":\"https:\\\/\\\/noticiasmercedinas.com\\\/site\\\/#\\\/schema\\\/person\\\/84b59c099c28ff2e8b77d4ceec5d8063\"},\"headline\":\"Golpe al bolsillo: los pasajes de la L\u00ednea 57 aumentaron un 31 por ciento\",\"datePublished\":\"2026-02-20T23:22:57+00:00\",\"mainEntityOfPage\":{\"@id\":\"https:\\\/\\\/noticiasmercedinas.com\\\/site\\\/2026\\\/02\\\/20\\\/golpe-al-bolsillo-los-pasajes-de-la-linea-57-aumentaron-un-31-por-ciento\\\/\"},\"wordCount\":287,\"publisher\":{\"@id\":\"https:\\\/\\\/noticiasmercedinas.com\\\/site\\\/#organization\"},\"image\":{\"@id\":\"https:\\\/\\\/noticiasmercedinas.com\\\/site\\\/2026\\\/02\\\/20\\\/golpe-al-bolsillo-los-pasajes-de-la-linea-57-aumentaron-un-31-por-ciento\\\/#primaryimage\"},\"thumbnailUrl\":\"https:\\\/\\\/noticiasmercedinas.com\\\/site\\\/wp-content\\\/uploads\\\/2025\\\/06\\\/EMPRESAATLANTIDA.jpg\",\"keywords\":[\"57\",\"atlantida\",\"aumento\",\"colectivo\"],\"articleSection\":[\"Sociedad\"],\"inLanguage\":\"es\"},{\"@type\":\"WebPage\",\"@id\":\"https:\\\/\\\/noticiasmercedinas.com\\\/site\\\/2026\\\/02\\\/20\\\/golpe-al-bolsillo-los-pasajes-de-la-linea-57-aumentaron-un-31-por-ciento\\\/\",\"url\":\"https:\\\/\\\/noticiasmercedinas.com\\\/site\\\/2026\\\/02\\\/20\\\/golpe-al-bolsillo-los-pasajes-de-la-linea-57-aumentaron-un-31-por-ciento\\\/\",\"name\":\"Golpe al bolsillo: los pasajes de la L\u00ednea 57 aumentaron un 31 por ciento\",\"isPartOf\":{\"@id\":\"https:\\\/\\\/noticiasmercedinas.com\\\/site\\\/#website\"},\"primaryImageOfPage\":{\"@id\":\"https:\\\/\\\/noticiasmercedinas.com\\\/site\\\/2026\\\/02\\\/20\\\/golpe-al-bolsillo-los-pasajes-de-la-linea-57-aumentaron-un-31-por-ciento\\\/#primaryimage\"},\"image\":{\"@id\":\"https:\\\/\\\/noticiasmercedinas.com\\\/site\\\/2026\\\/02\\\/20\\\/golpe-al-bolsillo-los-pasajes-de-la-linea-57-aumentaron-un-31-por-ciento\\\/#primaryimage\"},\"thumbnailUrl\":\"https:\\\/\\\/noticiasmercedinas.com\\\/site\\\/wp-content\\\/uploads\\\/2025\\\/06\\\/EMPRESAATLANTIDA.jpg\",\"datePublished\":\"2026-02-20T23:22:57+00:00\",\"description\":\"El Gobierno Nacional oficializ\u00f3 un fuerte incremento para el transporte en el AMBA. En marzo habr\u00e1 un nuevo ajuste del 10%.\",\"breadcrumb\":{\"@id\":\"https:\\\/\\\/noticiasmercedinas.com\\\/site\\\/2026\\\/02\\\/20\\\/golpe-al-bolsillo-los-pasajes-de-la-linea-57-aumentaron-un-31-por-ciento\\\/#breadcrumb\"},\"inLanguage\":\"es\",\"potentialAction\":[{\"@type\":\"ReadAction\",\"target\":[\"https:\\\/\\\/noticiasmercedinas.com\\\/site\\\/2026\\\/02\\\/20\\\/golpe-al-bolsillo-los-pasajes-de-la-linea-57-aumentaron-un-31-por-ciento\\\/\"]}]},{\"@type\":\"ImageObject\",\"inLanguage\":\"es\",\"@id\":\"https:\\\/\\\/noticiasmercedinas.com\\\/site\\\/2026\\\/02\\\/20\\\/golpe-al-bolsillo-los-pasajes-de-la-linea-57-aumentaron-un-31-por-ciento\\\/#primaryimage\",\"url\":\"https:\\\/\\\/noticiasmercedinas.com\\\/site\\\/wp-content\\\/uploads\\\/2025\\\/06\\\/EMPRESAATLANTIDA.jpg\",\"contentUrl\":\"https:\\\/\\\/noticiasmercedinas.com\\\/site\\\/wp-content\\\/uploads\\\/2025\\\/06\\\/EMPRESAATLANTIDA.jpg\",\"width\":640,\"height\":417},{\"@type\":\"BreadcrumbList\",\"@id\":\"https:\\\/\\\/noticiasmercedinas.com\\\/site\\\/2026\\\/02\\\/20\\\/golpe-al-bolsillo-los-pasajes-de-la-linea-57-aumentaron-un-31-por-ciento\\\/#breadcrumb\",\"itemListElement\":[{\"@type\":\"ListItem\",\"position\":1,\"name\":\"Portada\",\"item\":\"https:\\\/\\\/noticiasmercedinas.com\\\/site\\\/\"},{\"@type\":\"ListItem\",\"position\":2,\"name\":\"Golpe al bolsillo: los pasajes de la L\u00ednea 57 aumentaron un 31 por ciento\"}]},{\"@type\":\"WebSite\",\"@id\":\"https:\\\/\\\/noticiasmercedinas.com\\\/site\\\/#website\",\"url\":\"https:\\\/\\\/noticiasmercedinas.com\\\/site\\\/\",\"name\":\"NOTICIASMERCEDINAS.COM\",\"description\":\"Mercedes, Buenos Aires, Argentina\",\"publisher\":{\"@id\":\"https:\\\/\\\/noticiasmercedinas.com\\\/site\\\/#organization\"},\"potentialAction\":[{\"@type\":\"SearchAction\",\"target\":{\"@type\":\"EntryPoint\",\"urlTemplate\":\"https:\\\/\\\/noticiasmercedinas.com\\\/site\\\/?s={search_term_string}\"},\"query-input\":{\"@type\":\"PropertyValueSpecification\",\"valueRequired\":true,\"valueName\":\"search_term_string\"}}],\"inLanguage\":\"es\"},{\"@type\":\"Organization\",\"@id\":\"https:\\\/\\\/noticiasmercedinas.com\\\/site\\\/#organization\",\"name\":\"NOTICIASMERCEDINAS.COM\",\"url\":\"https:\\\/\\\/noticiasmercedinas.com\\\/site\\\/\",\"logo\":{\"@type\":\"ImageObject\",\"inLanguage\":\"es\",\"@id\":\"https:\\\/\\\/noticiasmercedinas.com\\\/site\\\/#\\\/schema\\\/logo\\\/image\\\/\",\"url\":\"https:\\\/\\\/noticiasmercedinas.com\\\/site\\\/wp-content\\\/uploads\\\/2020\\\/06\\\/LOGO-512.jpg\",\"contentUrl\":\"https:\\\/\\\/noticiasmercedinas.com\\\/site\\\/wp-content\\\/uploads\\\/2020\\\/06\\\/LOGO-512.jpg\",\"width\":512,\"height\":512,\"caption\":\"NOTICIASMERCEDINAS.COM\"},\"image\":{\"@id\":\"https:\\\/\\\/noticiasmercedinas.com\\\/site\\\/#\\\/schema\\\/logo\\\/image\\\/\"},\"sameAs\":[\"https:\\\/\\\/www.facebook.com\\\/noticiasmercedinas\\\/\",\"https:\\\/\\\/x.com\\\/notmercedinas\",\"https:\\\/\\\/www.instagram.com\\\/noticiasmercedinas\\\/\"]},{\"@type\":\"Person\",\"@id\":\"https:\\\/\\\/noticiasmercedinas.com\\\/site\\\/#\\\/schema\\\/person\\\/84b59c099c28ff2e8b77d4ceec5d8063\",\"name\":\"NOTICIASMERCEDINAS.COM\",\"image\":{\"@type\":\"ImageObject\",\"inLanguage\":\"es\",\"@id\":\"https:\\\/\\\/secure.gravatar.com\\\/avatar\\\/4dfbf16b4d17945bfb6341b2d19043457132fcf478a5ee04f42e959fd8f5df0a?s=96&d=mm&r=g\",\"url\":\"https:\\\/\\\/secure.gravatar.com\\\/avatar\\\/4dfbf16b4d17945bfb6341b2d19043457132fcf478a5ee04f42e959fd8f5df0a?s=96&d=mm&r=g\",\"contentUrl\":\"https:\\\/\\\/secure.gravatar.com\\\/avatar\\\/4dfbf16b4d17945bfb6341b2d19043457132fcf478a5ee04f42e959fd8f5df0a?s=96&d=mm&r=g\",\"caption\":\"NOTICIASMERCEDINAS.COM\"},\"url\":\"https:\\\/\\\/noticiasmercedinas.com\\\/site\\\/author\\\/anonimo\\\/\"}]}<\/script>\n<!-- \/ Yoast SEO plugin. -->","yoast_head_json":{"title":"Golpe al bolsillo: los pasajes de la L\u00ednea 57 aumentaron un 31 por ciento","description":"El Gobierno Nacional oficializ\u00f3 un fuerte incremento para el transporte en el AMBA. En marzo habr\u00e1 un nuevo ajuste del 10%.","robots":{"index":"index","follow":"follow","max-snippet":"max-snippet:-1","max-image-preview":"max-image-preview:large","max-video-preview":"max-video-preview:-1"},"canonical":"https:\/\/noticiasmercedinas.com\/site\/2026\/02\/20\/golpe-al-bolsillo-los-pasajes-de-la-linea-57-aumentaron-un-31-por-ciento\/","og_locale":"es_ES","og_type":"article","og_title":"Golpe al bolsillo: los pasajes de la L\u00ednea 57 aumentaron un 31 por ciento","og_description":"El Gobierno Nacional oficializ\u00f3 un fuerte incremento para el transporte en el AMBA. En marzo habr\u00e1 un nuevo ajuste del 10%.","og_url":"https:\/\/noticiasmercedinas.com\/site\/2026\/02\/20\/golpe-al-bolsillo-los-pasajes-de-la-linea-57-aumentaron-un-31-por-ciento\/","og_site_name":"NOTICIASMERCEDINAS.COM","article_publisher":"https:\/\/www.facebook.com\/noticiasmercedinas\/","article_published_time":"2026-02-20T23:22:57+00:00","og_image":[{"width":640,"height":417,"url":"https:\/\/noticiasmercedinas.com\/site\/wp-content\/uploads\/2025\/06\/EMPRESAATLANTIDA.jpg","type":"image\/jpeg"}],"author":"NOTICIASMERCEDINAS.COM","twitter_card":"summary_large_image","twitter_creator":"@notmercedinas","twitter_site":"@notmercedinas","twitter_misc":{"Escrito por":"NOTICIASMERCEDINAS.COM","Tiempo de lectura":"2 minutos"},"schema":{"@context":"https:\/\/schema.org","@graph":[{"@type":"Article","@id":"https:\/\/noticiasmercedinas.com\/site\/2026\/02\/20\/golpe-al-bolsillo-los-pasajes-de-la-linea-57-aumentaron-un-31-por-ciento\/#article","isPartOf":{"@id":"https:\/\/noticiasmercedinas.com\/site\/2026\/02\/20\/golpe-al-bolsillo-los-pasajes-de-la-linea-57-aumentaron-un-31-por-ciento\/"},"author":{"name":"NOTICIASMERCEDINAS.COM","@id":"https:\/\/noticiasmercedinas.com\/site\/#\/schema\/person\/84b59c099c28ff2e8b77d4ceec5d8063"},"headline":"Golpe al bolsillo: los pasajes de la L\u00ednea 57 aumentaron un 31 por ciento","datePublished":"2026-02-20T23:22:57+00:00","mainEntityOfPage":{"@id":"https:\/\/noticiasmercedinas.com\/site\/2026\/02\/20\/golpe-al-bolsillo-los-pasajes-de-la-linea-57-aumentaron-un-31-por-ciento\/"},"wordCount":287,"publisher":{"@id":"https:\/\/noticiasmercedinas.com\/site\/#organization"},"image":{"@id":"https:\/\/noticiasmercedinas.com\/site\/2026\/02\/20\/golpe-al-bolsillo-los-pasajes-de-la-linea-57-aumentaron-un-31-por-ciento\/#primaryimage"},"thumbnailUrl":"https:\/\/noticiasmercedinas.com\/site\/wp-content\/uploads\/2025\/06\/EMPRESAATLANTIDA.jpg","keywords":["57","atlantida","aumento","colectivo"],"articleSection":["Sociedad"],"inLanguage":"es"},{"@type":"WebPage","@id":"https:\/\/noticiasmercedinas.com\/site\/2026\/02\/20\/golpe-al-bolsillo-los-pasajes-de-la-linea-57-aumentaron-un-31-por-ciento\/","url":"https:\/\/noticiasmercedinas.com\/site\/2026\/02\/20\/golpe-al-bolsillo-los-pasajes-de-la-linea-57-aumentaron-un-31-por-ciento\/","name":"Golpe al bolsillo: los pasajes de la L\u00ednea 57 aumentaron un 31 por ciento","isPartOf":{"@id":"https:\/\/noticiasmercedinas.com\/site\/#website"},"primaryImageOfPage":{"@id":"https:\/\/noticiasmercedinas.com\/site\/2026\/02\/20\/golpe-al-bolsillo-los-pasajes-de-la-linea-57-aumentaron-un-31-por-ciento\/#primaryimage"},"image":{"@id":"https:\/\/noticiasmercedinas.com\/site\/2026\/02\/20\/golpe-al-bolsillo-los-pasajes-de-la-linea-57-aumentaron-un-31-por-ciento\/#primaryimage"},"thumbnailUrl":"https:\/\/noticiasmercedinas.com\/site\/wp-content\/uploads\/2025\/06\/EMPRESAATLANTIDA.jpg","datePublished":"2026-02-20T23:22:57+00:00","description":"El Gobierno Nacional oficializ\u00f3 un fuerte incremento para el transporte en el AMBA. En marzo habr\u00e1 un nuevo ajuste del 10%.","breadcrumb":{"@id":"https:\/\/noticiasmercedinas.com\/site\/2026\/02\/20\/golpe-al-bolsillo-los-pasajes-de-la-linea-57-aumentaron-un-31-por-ciento\/#breadcrumb"},"inLanguage":"es","potentialAction":[{"@type":"ReadAction","target":["https:\/\/noticiasmercedinas.com\/site\/2026\/02\/20\/golpe-al-bolsillo-los-pasajes-de-la-linea-57-aumentaron-un-31-por-ciento\/"]}]},{"@type":"ImageObject","inLanguage":"es","@id":"https:\/\/noticiasmercedinas.com\/site\/2026\/02\/20\/golpe-al-bolsillo-los-pasajes-de-la-linea-57-aumentaron-un-31-por-ciento\/#primaryimage","url":"https:\/\/noticiasmercedinas.com\/site\/wp-content\/uploads\/2025\/06\/EMPRESAATLANTIDA.jpg","contentUrl":"https:\/\/noticiasmercedinas.com\/site\/wp-content\/uploads\/2025\/06\/EMPRESAATLANTIDA.jpg","width":640,"height":417},{"@type":"BreadcrumbList","@id":"https:\/\/noticiasmercedinas.com\/site\/2026\/02\/20\/golpe-al-bolsillo-los-pasajes-de-la-linea-57-aumentaron-un-31-por-ciento\/#breadcrumb","itemListElement":[{"@type":"ListItem","position":1,"name":"Portada","item":"https:\/\/noticiasmercedinas.com\/site\/"},{"@type":"ListItem","position":2,"name":"Golpe al bolsillo: los pasajes de la L\u00ednea 57 aumentaron un 31 por ciento"}]},{"@type":"WebSite","@id":"https:\/\/noticiasmercedinas.com\/site\/#website","url":"https:\/\/noticiasmercedinas.com\/site\/","name":"NOTICIASMERCEDINAS.COM","description":"Mercedes, Buenos Aires, Argentina","publisher":{"@id":"https:\/\/noticiasmercedinas.com\/site\/#organization"},"potentialAction":[{"@type":"SearchAction","target":{"@type":"EntryPoint","urlTemplate":"https:\/\/noticiasmercedinas.com\/site\/?s={search_term_string}"},"query-input":{"@type":"PropertyValueSpecification","valueRequired":true,"valueName":"search_term_string"}}],"inLanguage":"es"},{"@type":"Organization","@id":"https:\/\/noticiasmercedinas.com\/site\/#organization","name":"NOTICIASMERCEDINAS.COM","url":"https:\/\/noticiasmercedinas.com\/site\/","logo":{"@type":"ImageObject","inLanguage":"es","@id":"https:\/\/noticiasmercedinas.com\/site\/#\/schema\/logo\/image\/","url":"https:\/\/noticiasmercedinas.com\/site\/wp-content\/uploads\/2020\/06\/LOGO-512.jpg","contentUrl":"https:\/\/noticiasmercedinas.com\/site\/wp-content\/uploads\/2020\/06\/LOGO-512.jpg","width":512,"height":512,"caption":"NOTICIASMERCEDINAS.COM"},"image":{"@id":"https:\/\/noticiasmercedinas.com\/site\/#\/schema\/logo\/image\/"},"sameAs":["https:\/\/www.facebook.com\/noticiasmercedinas\/","https:\/\/x.com\/notmercedinas","https:\/\/www.instagram.com\/noticiasmercedinas\/"]},{"@type":"Person","@id":"https:\/\/noticiasmercedinas.com\/site\/#\/schema\/person\/84b59c099c28ff2e8b77d4ceec5d8063","name":"NOTICIASMERCEDINAS.COM","image":{"@type":"ImageObject","inLanguage":"es","@id":"https:\/\/secure.gravatar.com\/avatar\/4dfbf16b4d17945bfb6341b2d19043457132fcf478a5ee04f42e959fd8f5df0a?s=96&d=mm&r=g","url":"https:\/\/secure.gravatar.com\/avatar\/4dfbf16b4d17945bfb6341b2d19043457132fcf478a5ee04f42e959fd8f5df0a?s=96&d=mm&r=g","contentUrl":"https:\/\/secure.gravatar.com\/avatar\/4dfbf16b4d17945bfb6341b2d19043457132fcf478a5ee04f42e959fd8f5df0a?s=96&d=mm&r=g","caption":"NOTICIASMERCEDINAS.COM"},"url":"https:\/\/noticiasmercedinas.com\/site\/author\/anonimo\/"}]}},"amp_enabled":true,"_links":{"self":[{"href":"https:\/\/noticiasmercedinas.com\/site\/wp-json\/wp\/v2\/posts\/180304","targetHints":{"allow":["GET"]}}],"collection":[{"href":"https:\/\/noticiasmercedinas.com\/site\/wp-json\/wp\/v2\/posts"}],"about":[{"href":"https:\/\/noticiasmercedinas.com\/site\/wp-json\/wp\/v2\/types\/post"}],"author":[{"embeddable":true,"href":"https:\/\/noticiasmercedinas.com\/site\/wp-json\/wp\/v2\/users\/16"}],"replies":[{"embeddable":true,"href":"https:\/\/noticiasmercedinas.com\/site\/wp-json\/wp\/v2\/comments?post=180304"}],"version-history":[{"count":1,"href":"https:\/\/noticiasmercedinas.com\/site\/wp-json\/wp\/v2\/posts\/180304\/revisions"}],"predecessor-version":[{"id":180305,"href":"https:\/\/noticiasmercedinas.com\/site\/wp-json\/wp\/v2\/posts\/180304\/revisions\/180305"}],"wp:featuredmedia":[{"embeddable":true,"href":"https:\/\/noticiasmercedinas.com\/site\/wp-json\/wp\/v2\/media\/162130"}],"wp:attachment":[{"href":"https:\/\/noticiasmercedinas.com\/site\/wp-json\/wp\/v2\/media?parent=180304"}],"wp:term":[{"taxonomy":"category","embeddable":true,"href":"https:\/\/noticiasmercedinas.com\/site\/wp-json\/wp\/v2\/categories?post=180304"},{"taxonomy":"post_tag","embeddable":true,"href":"https:\/\/noticiasmercedinas.com\/site\/wp-json\/wp\/v2\/tags?post=180304"}],"curies":[{"name":"wp","href":"https:\/\/api.w.org\/{rel}","templated":true}]}}