{"id":180328,"date":"2026-02-21T08:23:13","date_gmt":"2026-02-21T11:23:13","guid":{"rendered":"https:\/\/noticiasmercedinas.com\/site\/?p=180328"},"modified":"2026-02-21T09:29:00","modified_gmt":"2026-02-21T12:29:00","slug":"el-laboratorio-de-arte-de-daira-de-gruttola-abre-sus-inscripciones-para-el-ciclo-2026","status":"publish","type":"post","link":"https:\/\/noticiasmercedinas.com\/site\/2026\/02\/21\/el-laboratorio-de-arte-de-daira-de-gruttola-abre-sus-inscripciones-para-el-ciclo-2026\/","title":{"rendered":"El \u00abLaboratorio de Arte\u00bb de Daira De Gruttola abre sus inscripciones para el ciclo 2026"},"content":{"rendered":"<p><img loading=\"lazy\" decoding=\"async\" class=\"alignnone size-full wp-image-180330\" src=\"https:\/\/noticiasmercedinas.com\/site\/wp-content\/uploads\/2026\/02\/IMG_20260221_092005.jpg\" alt=\"\" width=\"717\" height=\"553\" srcset=\"https:\/\/noticiasmercedinas.com\/site\/wp-content\/uploads\/2026\/02\/IMG_20260221_092005.jpg 717w, https:\/\/noticiasmercedinas.com\/site\/wp-content\/uploads\/2026\/02\/IMG_20260221_092005-300x231.jpg 300w, https:\/\/noticiasmercedinas.com\/site\/wp-content\/uploads\/2026\/02\/IMG_20260221_092005-640x494.jpg 640w, https:\/\/noticiasmercedinas.com\/site\/wp-content\/uploads\/2026\/02\/IMG_20260221_092005-681x525.jpg 681w\" sizes=\"auto, (max-width: 717px) 100vw, 717px\" \/><\/p>\n<p>La artista Daira De Gruttola anunci\u00f3 el inicio de las inscripciones y la disponibilidad de horarios para su Laboratorio de Arte 2026.<\/p>\n<p>Esta propuesta pedag\u00f3gica, orientada al dibujo y la pintura, se posiciona como un \u00e1mbito de exploraci\u00f3n donde se prioriza el \u00abhacer y pensar\u00bb el arte en comunidad.<\/p>\n<p><strong>Un espacio para todas las edades<\/strong><\/p>\n<p>A diferencia de los talleres tradicionales, el Laboratorio est\u00e1 dise\u00f1ado para recibir alumnos de todas las edades. Seg\u00fan detall\u00f3 la docente, el objetivo principal es brindar un acompa\u00f1amiento cercano al proceso creativo de cada estudiante, fomentando la expresi\u00f3n personal a trav\u00e9s de las artes visuales.<\/p>\n<p>Para adaptarse a las necesidades de los interesados, el Laboratorio ofrece distintas modalidades de cursada:<\/p>\n<ul>\n<li>Clases grupales: Ideales para el intercambio de experiencias y el trabajo colectivo.<\/li>\n<li>Clases individuales: Una opci\u00f3n personalizada para quienes buscan un seguimiento t\u00e9cnico espec\u00edfico.<\/li>\n<li>Flexibilidad horaria: En caso de que los turnos publicados no coincidan con la disponibilidad del alumno, existe la posibilidad de abrir nuevas bandas horarias mediante consulta previa.<\/li>\n<\/ul>\n<p>Las familias y artistas interesados pueden solicitar informaci\u00f3n sobre aranceles y horarios escribiendo por mensaje directo a la cuenta de Instagram <a href=\"https:\/\/www.instagram.com\/dairadegruttola.arte\">@dairadegruttola.arte<\/a> o a trav\u00e9s de WhatsApp 2324503443<\/p>\n","protected":false},"excerpt":{"rendered":"<p>Con una propuesta que abarca todas las edades, la artista local invita a sumarse a un espacio enfocado en el pensamiento y el acompa\u00f1amiento del proceso creativo individual.<\/p>\n","protected":false},"author":16,"featured_media":180330,"comment_status":"closed","ping_status":"closed","sticky":false,"template":"","format":"standard","meta":{"footnotes":""},"categories":[4],"tags":[190,21165,21695],"class_list":["post-180328","post","type-post","status-publish","format-standard","has-post-thumbnail","hentry","category-cultura","tag-arte","tag-daira-de-gruttolla","tag-laboratorio-de-arte"],"yoast_head":"<!-- This site is optimized with the Yoast SEO plugin v27.5 - https:\/\/yoast.com\/product\/yoast-seo-wordpress\/ -->\n<title>El &quot;Laboratorio de Arte&quot; de Daira De Gruttola abre sus inscripciones para el ciclo 2026<\/title>\n<meta name=\"description\" content=\"Con una propuesta que abarca todas las edades, la artista local invita a sumarse a un espacio enfocado en el pensamiento y el acompa\u00f1amiento del proceso creativo individual.\" \/>\n<meta name=\"robots\" content=\"index, follow, max-snippet:-1, max-image-preview:large, max-video-preview:-1\" \/>\n<link rel=\"canonical\" href=\"https:\/\/noticiasmercedinas.com\/site\/2026\/02\/21\/el-laboratorio-de-arte-de-daira-de-gruttola-abre-sus-inscripciones-para-el-ciclo-2026\/\" \/>\n<meta property=\"og:locale\" content=\"es_ES\" \/>\n<meta property=\"og:type\" content=\"article\" \/>\n<meta property=\"og:title\" content=\"El &quot;Laboratorio de Arte&quot; de Daira De Gruttola abre sus inscripciones para el ciclo 2026\" \/>\n<meta property=\"og:description\" content=\"Con una propuesta que abarca todas las edades, la artista local invita a sumarse a un espacio enfocado en el pensamiento y el acompa\u00f1amiento del proceso creativo individual.\" \/>\n<meta property=\"og:url\" content=\"https:\/\/noticiasmercedinas.com\/site\/2026\/02\/21\/el-laboratorio-de-arte-de-daira-de-gruttola-abre-sus-inscripciones-para-el-ciclo-2026\/\" \/>\n<meta property=\"og:site_name\" content=\"NOTICIASMERCEDINAS.COM\" \/>\n<meta property=\"article:publisher\" content=\"https:\/\/www.facebook.com\/noticiasmercedinas\/\" \/>\n<meta property=\"article:published_time\" content=\"2026-02-21T11:23:13+00:00\" \/>\n<meta property=\"article:modified_time\" content=\"2026-02-21T12:29:00+00:00\" \/>\n<meta property=\"og:image\" content=\"https:\/\/noticiasmercedinas.com\/site\/wp-content\/uploads\/2026\/02\/IMG_20260221_092005.jpg\" \/>\n\t<meta property=\"og:image:width\" content=\"717\" \/>\n\t<meta property=\"og:image:height\" content=\"553\" \/>\n\t<meta property=\"og:image:type\" content=\"image\/jpeg\" \/>\n<meta name=\"author\" content=\"NOTICIASMERCEDINAS.COM\" \/>\n<meta name=\"twitter:card\" content=\"summary_large_image\" \/>\n<meta name=\"twitter:creator\" content=\"@notmercedinas\" \/>\n<meta name=\"twitter:site\" content=\"@notmercedinas\" \/>\n<meta name=\"twitter:label1\" content=\"Escrito por\" \/>\n\t<meta name=\"twitter:data1\" content=\"NOTICIASMERCEDINAS.COM\" \/>\n\t<meta name=\"twitter:label2\" content=\"Tiempo de lectura\" \/>\n\t<meta name=\"twitter:data2\" content=\"2 minutos\" \/>\n<script type=\"application\/ld+json\" class=\"yoast-schema-graph\">{\"@context\":\"https:\\\/\\\/schema.org\",\"@graph\":[{\"@type\":\"Article\",\"@id\":\"https:\\\/\\\/noticiasmercedinas.com\\\/site\\\/2026\\\/02\\\/21\\\/el-laboratorio-de-arte-de-daira-de-gruttola-abre-sus-inscripciones-para-el-ciclo-2026\\\/#article\",\"isPartOf\":{\"@id\":\"https:\\\/\\\/noticiasmercedinas.com\\\/site\\\/2026\\\/02\\\/21\\\/el-laboratorio-de-arte-de-daira-de-gruttola-abre-sus-inscripciones-para-el-ciclo-2026\\\/\"},\"author\":{\"name\":\"NOTICIASMERCEDINAS.COM\",\"@id\":\"https:\\\/\\\/noticiasmercedinas.com\\\/site\\\/#\\\/schema\\\/person\\\/84b59c099c28ff2e8b77d4ceec5d8063\"},\"headline\":\"El \u00abLaboratorio de Arte\u00bb de Daira De Gruttola abre sus inscripciones para el ciclo 2026\",\"datePublished\":\"2026-02-21T11:23:13+00:00\",\"dateModified\":\"2026-02-21T12:29:00+00:00\",\"mainEntityOfPage\":{\"@id\":\"https:\\\/\\\/noticiasmercedinas.com\\\/site\\\/2026\\\/02\\\/21\\\/el-laboratorio-de-arte-de-daira-de-gruttola-abre-sus-inscripciones-para-el-ciclo-2026\\\/\"},\"wordCount\":219,\"publisher\":{\"@id\":\"https:\\\/\\\/noticiasmercedinas.com\\\/site\\\/#organization\"},\"image\":{\"@id\":\"https:\\\/\\\/noticiasmercedinas.com\\\/site\\\/2026\\\/02\\\/21\\\/el-laboratorio-de-arte-de-daira-de-gruttola-abre-sus-inscripciones-para-el-ciclo-2026\\\/#primaryimage\"},\"thumbnailUrl\":\"https:\\\/\\\/noticiasmercedinas.com\\\/site\\\/wp-content\\\/uploads\\\/2026\\\/02\\\/IMG_20260221_092005.jpg\",\"keywords\":[\"arte\",\"Daira De Gruttolla\",\"laboratorio de arte\"],\"articleSection\":[\"Cultura\"],\"inLanguage\":\"es\"},{\"@type\":\"WebPage\",\"@id\":\"https:\\\/\\\/noticiasmercedinas.com\\\/site\\\/2026\\\/02\\\/21\\\/el-laboratorio-de-arte-de-daira-de-gruttola-abre-sus-inscripciones-para-el-ciclo-2026\\\/\",\"url\":\"https:\\\/\\\/noticiasmercedinas.com\\\/site\\\/2026\\\/02\\\/21\\\/el-laboratorio-de-arte-de-daira-de-gruttola-abre-sus-inscripciones-para-el-ciclo-2026\\\/\",\"name\":\"El \\\"Laboratorio de Arte\\\" de Daira De Gruttola abre sus inscripciones para el ciclo 2026\",\"isPartOf\":{\"@id\":\"https:\\\/\\\/noticiasmercedinas.com\\\/site\\\/#website\"},\"primaryImageOfPage\":{\"@id\":\"https:\\\/\\\/noticiasmercedinas.com\\\/site\\\/2026\\\/02\\\/21\\\/el-laboratorio-de-arte-de-daira-de-gruttola-abre-sus-inscripciones-para-el-ciclo-2026\\\/#primaryimage\"},\"image\":{\"@id\":\"https:\\\/\\\/noticiasmercedinas.com\\\/site\\\/2026\\\/02\\\/21\\\/el-laboratorio-de-arte-de-daira-de-gruttola-abre-sus-inscripciones-para-el-ciclo-2026\\\/#primaryimage\"},\"thumbnailUrl\":\"https:\\\/\\\/noticiasmercedinas.com\\\/site\\\/wp-content\\\/uploads\\\/2026\\\/02\\\/IMG_20260221_092005.jpg\",\"datePublished\":\"2026-02-21T11:23:13+00:00\",\"dateModified\":\"2026-02-21T12:29:00+00:00\",\"description\":\"Con una propuesta que abarca todas las edades, la artista local invita a sumarse a un espacio enfocado en el pensamiento y el acompa\u00f1amiento del proceso creativo individual.\",\"breadcrumb\":{\"@id\":\"https:\\\/\\\/noticiasmercedinas.com\\\/site\\\/2026\\\/02\\\/21\\\/el-laboratorio-de-arte-de-daira-de-gruttola-abre-sus-inscripciones-para-el-ciclo-2026\\\/#breadcrumb\"},\"inLanguage\":\"es\",\"potentialAction\":[{\"@type\":\"ReadAction\",\"target\":[\"https:\\\/\\\/noticiasmercedinas.com\\\/site\\\/2026\\\/02\\\/21\\\/el-laboratorio-de-arte-de-daira-de-gruttola-abre-sus-inscripciones-para-el-ciclo-2026\\\/\"]}]},{\"@type\":\"ImageObject\",\"inLanguage\":\"es\",\"@id\":\"https:\\\/\\\/noticiasmercedinas.com\\\/site\\\/2026\\\/02\\\/21\\\/el-laboratorio-de-arte-de-daira-de-gruttola-abre-sus-inscripciones-para-el-ciclo-2026\\\/#primaryimage\",\"url\":\"https:\\\/\\\/noticiasmercedinas.com\\\/site\\\/wp-content\\\/uploads\\\/2026\\\/02\\\/IMG_20260221_092005.jpg\",\"contentUrl\":\"https:\\\/\\\/noticiasmercedinas.com\\\/site\\\/wp-content\\\/uploads\\\/2026\\\/02\\\/IMG_20260221_092005.jpg\",\"width\":717,\"height\":553},{\"@type\":\"BreadcrumbList\",\"@id\":\"https:\\\/\\\/noticiasmercedinas.com\\\/site\\\/2026\\\/02\\\/21\\\/el-laboratorio-de-arte-de-daira-de-gruttola-abre-sus-inscripciones-para-el-ciclo-2026\\\/#breadcrumb\",\"itemListElement\":[{\"@type\":\"ListItem\",\"position\":1,\"name\":\"Portada\",\"item\":\"https:\\\/\\\/noticiasmercedinas.com\\\/site\\\/\"},{\"@type\":\"ListItem\",\"position\":2,\"name\":\"El \u00abLaboratorio de Arte\u00bb de Daira De Gruttola abre sus inscripciones para el ciclo 2026\"}]},{\"@type\":\"WebSite\",\"@id\":\"https:\\\/\\\/noticiasmercedinas.com\\\/site\\\/#website\",\"url\":\"https:\\\/\\\/noticiasmercedinas.com\\\/site\\\/\",\"name\":\"NOTICIASMERCEDINAS.COM\",\"description\":\"Mercedes, Buenos Aires, Argentina\",\"publisher\":{\"@id\":\"https:\\\/\\\/noticiasmercedinas.com\\\/site\\\/#organization\"},\"potentialAction\":[{\"@type\":\"SearchAction\",\"target\":{\"@type\":\"EntryPoint\",\"urlTemplate\":\"https:\\\/\\\/noticiasmercedinas.com\\\/site\\\/?s={search_term_string}\"},\"query-input\":{\"@type\":\"PropertyValueSpecification\",\"valueRequired\":true,\"valueName\":\"search_term_string\"}}],\"inLanguage\":\"es\"},{\"@type\":\"Organization\",\"@id\":\"https:\\\/\\\/noticiasmercedinas.com\\\/site\\\/#organization\",\"name\":\"NOTICIASMERCEDINAS.COM\",\"url\":\"https:\\\/\\\/noticiasmercedinas.com\\\/site\\\/\",\"logo\":{\"@type\":\"ImageObject\",\"inLanguage\":\"es\",\"@id\":\"https:\\\/\\\/noticiasmercedinas.com\\\/site\\\/#\\\/schema\\\/logo\\\/image\\\/\",\"url\":\"https:\\\/\\\/noticiasmercedinas.com\\\/site\\\/wp-content\\\/uploads\\\/2020\\\/06\\\/LOGO-512.jpg\",\"contentUrl\":\"https:\\\/\\\/noticiasmercedinas.com\\\/site\\\/wp-content\\\/uploads\\\/2020\\\/06\\\/LOGO-512.jpg\",\"width\":512,\"height\":512,\"caption\":\"NOTICIASMERCEDINAS.COM\"},\"image\":{\"@id\":\"https:\\\/\\\/noticiasmercedinas.com\\\/site\\\/#\\\/schema\\\/logo\\\/image\\\/\"},\"sameAs\":[\"https:\\\/\\\/www.facebook.com\\\/noticiasmercedinas\\\/\",\"https:\\\/\\\/x.com\\\/notmercedinas\",\"https:\\\/\\\/www.instagram.com\\\/noticiasmercedinas\\\/\"]},{\"@type\":\"Person\",\"@id\":\"https:\\\/\\\/noticiasmercedinas.com\\\/site\\\/#\\\/schema\\\/person\\\/84b59c099c28ff2e8b77d4ceec5d8063\",\"name\":\"NOTICIASMERCEDINAS.COM\",\"image\":{\"@type\":\"ImageObject\",\"inLanguage\":\"es\",\"@id\":\"https:\\\/\\\/secure.gravatar.com\\\/avatar\\\/4dfbf16b4d17945bfb6341b2d19043457132fcf478a5ee04f42e959fd8f5df0a?s=96&d=mm&r=g\",\"url\":\"https:\\\/\\\/secure.gravatar.com\\\/avatar\\\/4dfbf16b4d17945bfb6341b2d19043457132fcf478a5ee04f42e959fd8f5df0a?s=96&d=mm&r=g\",\"contentUrl\":\"https:\\\/\\\/secure.gravatar.com\\\/avatar\\\/4dfbf16b4d17945bfb6341b2d19043457132fcf478a5ee04f42e959fd8f5df0a?s=96&d=mm&r=g\",\"caption\":\"NOTICIASMERCEDINAS.COM\"},\"url\":\"https:\\\/\\\/noticiasmercedinas.com\\\/site\\\/author\\\/anonimo\\\/\"}]}<\/script>\n<!-- \/ Yoast SEO plugin. -->","yoast_head_json":{"title":"El \"Laboratorio de Arte\" de Daira De Gruttola abre sus inscripciones para el ciclo 2026","description":"Con una propuesta que abarca todas las edades, la artista local invita a sumarse a un espacio enfocado en el pensamiento y el acompa\u00f1amiento del proceso creativo individual.","robots":{"index":"index","follow":"follow","max-snippet":"max-snippet:-1","max-image-preview":"max-image-preview:large","max-video-preview":"max-video-preview:-1"},"canonical":"https:\/\/noticiasmercedinas.com\/site\/2026\/02\/21\/el-laboratorio-de-arte-de-daira-de-gruttola-abre-sus-inscripciones-para-el-ciclo-2026\/","og_locale":"es_ES","og_type":"article","og_title":"El \"Laboratorio de Arte\" de Daira De Gruttola abre sus inscripciones para el ciclo 2026","og_description":"Con una propuesta que abarca todas las edades, la artista local invita a sumarse a un espacio enfocado en el pensamiento y el acompa\u00f1amiento del proceso creativo individual.","og_url":"https:\/\/noticiasmercedinas.com\/site\/2026\/02\/21\/el-laboratorio-de-arte-de-daira-de-gruttola-abre-sus-inscripciones-para-el-ciclo-2026\/","og_site_name":"NOTICIASMERCEDINAS.COM","article_publisher":"https:\/\/www.facebook.com\/noticiasmercedinas\/","article_published_time":"2026-02-21T11:23:13+00:00","article_modified_time":"2026-02-21T12:29:00+00:00","og_image":[{"width":717,"height":553,"url":"https:\/\/noticiasmercedinas.com\/site\/wp-content\/uploads\/2026\/02\/IMG_20260221_092005.jpg","type":"image\/jpeg"}],"author":"NOTICIASMERCEDINAS.COM","twitter_card":"summary_large_image","twitter_creator":"@notmercedinas","twitter_site":"@notmercedinas","twitter_misc":{"Escrito por":"NOTICIASMERCEDINAS.COM","Tiempo de lectura":"2 minutos"},"schema":{"@context":"https:\/\/schema.org","@graph":[{"@type":"Article","@id":"https:\/\/noticiasmercedinas.com\/site\/2026\/02\/21\/el-laboratorio-de-arte-de-daira-de-gruttola-abre-sus-inscripciones-para-el-ciclo-2026\/#article","isPartOf":{"@id":"https:\/\/noticiasmercedinas.com\/site\/2026\/02\/21\/el-laboratorio-de-arte-de-daira-de-gruttola-abre-sus-inscripciones-para-el-ciclo-2026\/"},"author":{"name":"NOTICIASMERCEDINAS.COM","@id":"https:\/\/noticiasmercedinas.com\/site\/#\/schema\/person\/84b59c099c28ff2e8b77d4ceec5d8063"},"headline":"El \u00abLaboratorio de Arte\u00bb de Daira De Gruttola abre sus inscripciones para el ciclo 2026","datePublished":"2026-02-21T11:23:13+00:00","dateModified":"2026-02-21T12:29:00+00:00","mainEntityOfPage":{"@id":"https:\/\/noticiasmercedinas.com\/site\/2026\/02\/21\/el-laboratorio-de-arte-de-daira-de-gruttola-abre-sus-inscripciones-para-el-ciclo-2026\/"},"wordCount":219,"publisher":{"@id":"https:\/\/noticiasmercedinas.com\/site\/#organization"},"image":{"@id":"https:\/\/noticiasmercedinas.com\/site\/2026\/02\/21\/el-laboratorio-de-arte-de-daira-de-gruttola-abre-sus-inscripciones-para-el-ciclo-2026\/#primaryimage"},"thumbnailUrl":"https:\/\/noticiasmercedinas.com\/site\/wp-content\/uploads\/2026\/02\/IMG_20260221_092005.jpg","keywords":["arte","Daira De Gruttolla","laboratorio de arte"],"articleSection":["Cultura"],"inLanguage":"es"},{"@type":"WebPage","@id":"https:\/\/noticiasmercedinas.com\/site\/2026\/02\/21\/el-laboratorio-de-arte-de-daira-de-gruttola-abre-sus-inscripciones-para-el-ciclo-2026\/","url":"https:\/\/noticiasmercedinas.com\/site\/2026\/02\/21\/el-laboratorio-de-arte-de-daira-de-gruttola-abre-sus-inscripciones-para-el-ciclo-2026\/","name":"El \"Laboratorio de Arte\" de Daira De Gruttola abre sus inscripciones para el ciclo 2026","isPartOf":{"@id":"https:\/\/noticiasmercedinas.com\/site\/#website"},"primaryImageOfPage":{"@id":"https:\/\/noticiasmercedinas.com\/site\/2026\/02\/21\/el-laboratorio-de-arte-de-daira-de-gruttola-abre-sus-inscripciones-para-el-ciclo-2026\/#primaryimage"},"image":{"@id":"https:\/\/noticiasmercedinas.com\/site\/2026\/02\/21\/el-laboratorio-de-arte-de-daira-de-gruttola-abre-sus-inscripciones-para-el-ciclo-2026\/#primaryimage"},"thumbnailUrl":"https:\/\/noticiasmercedinas.com\/site\/wp-content\/uploads\/2026\/02\/IMG_20260221_092005.jpg","datePublished":"2026-02-21T11:23:13+00:00","dateModified":"2026-02-21T12:29:00+00:00","description":"Con una propuesta que abarca todas las edades, la artista local invita a sumarse a un espacio enfocado en el pensamiento y el acompa\u00f1amiento del proceso creativo individual.","breadcrumb":{"@id":"https:\/\/noticiasmercedinas.com\/site\/2026\/02\/21\/el-laboratorio-de-arte-de-daira-de-gruttola-abre-sus-inscripciones-para-el-ciclo-2026\/#breadcrumb"},"inLanguage":"es","potentialAction":[{"@type":"ReadAction","target":["https:\/\/noticiasmercedinas.com\/site\/2026\/02\/21\/el-laboratorio-de-arte-de-daira-de-gruttola-abre-sus-inscripciones-para-el-ciclo-2026\/"]}]},{"@type":"ImageObject","inLanguage":"es","@id":"https:\/\/noticiasmercedinas.com\/site\/2026\/02\/21\/el-laboratorio-de-arte-de-daira-de-gruttola-abre-sus-inscripciones-para-el-ciclo-2026\/#primaryimage","url":"https:\/\/noticiasmercedinas.com\/site\/wp-content\/uploads\/2026\/02\/IMG_20260221_092005.jpg","contentUrl":"https:\/\/noticiasmercedinas.com\/site\/wp-content\/uploads\/2026\/02\/IMG_20260221_092005.jpg","width":717,"height":553},{"@type":"BreadcrumbList","@id":"https:\/\/noticiasmercedinas.com\/site\/2026\/02\/21\/el-laboratorio-de-arte-de-daira-de-gruttola-abre-sus-inscripciones-para-el-ciclo-2026\/#breadcrumb","itemListElement":[{"@type":"ListItem","position":1,"name":"Portada","item":"https:\/\/noticiasmercedinas.com\/site\/"},{"@type":"ListItem","position":2,"name":"El \u00abLaboratorio de Arte\u00bb de Daira De Gruttola abre sus inscripciones para el ciclo 2026"}]},{"@type":"WebSite","@id":"https:\/\/noticiasmercedinas.com\/site\/#website","url":"https:\/\/noticiasmercedinas.com\/site\/","name":"NOTICIASMERCEDINAS.COM","description":"Mercedes, Buenos Aires, Argentina","publisher":{"@id":"https:\/\/noticiasmercedinas.com\/site\/#organization"},"potentialAction":[{"@type":"SearchAction","target":{"@type":"EntryPoint","urlTemplate":"https:\/\/noticiasmercedinas.com\/site\/?s={search_term_string}"},"query-input":{"@type":"PropertyValueSpecification","valueRequired":true,"valueName":"search_term_string"}}],"inLanguage":"es"},{"@type":"Organization","@id":"https:\/\/noticiasmercedinas.com\/site\/#organization","name":"NOTICIASMERCEDINAS.COM","url":"https:\/\/noticiasmercedinas.com\/site\/","logo":{"@type":"ImageObject","inLanguage":"es","@id":"https:\/\/noticiasmercedinas.com\/site\/#\/schema\/logo\/image\/","url":"https:\/\/noticiasmercedinas.com\/site\/wp-content\/uploads\/2020\/06\/LOGO-512.jpg","contentUrl":"https:\/\/noticiasmercedinas.com\/site\/wp-content\/uploads\/2020\/06\/LOGO-512.jpg","width":512,"height":512,"caption":"NOTICIASMERCEDINAS.COM"},"image":{"@id":"https:\/\/noticiasmercedinas.com\/site\/#\/schema\/logo\/image\/"},"sameAs":["https:\/\/www.facebook.com\/noticiasmercedinas\/","https:\/\/x.com\/notmercedinas","https:\/\/www.instagram.com\/noticiasmercedinas\/"]},{"@type":"Person","@id":"https:\/\/noticiasmercedinas.com\/site\/#\/schema\/person\/84b59c099c28ff2e8b77d4ceec5d8063","name":"NOTICIASMERCEDINAS.COM","image":{"@type":"ImageObject","inLanguage":"es","@id":"https:\/\/secure.gravatar.com\/avatar\/4dfbf16b4d17945bfb6341b2d19043457132fcf478a5ee04f42e959fd8f5df0a?s=96&d=mm&r=g","url":"https:\/\/secure.gravatar.com\/avatar\/4dfbf16b4d17945bfb6341b2d19043457132fcf478a5ee04f42e959fd8f5df0a?s=96&d=mm&r=g","contentUrl":"https:\/\/secure.gravatar.com\/avatar\/4dfbf16b4d17945bfb6341b2d19043457132fcf478a5ee04f42e959fd8f5df0a?s=96&d=mm&r=g","caption":"NOTICIASMERCEDINAS.COM"},"url":"https:\/\/noticiasmercedinas.com\/site\/author\/anonimo\/"}]}},"amp_enabled":true,"_links":{"self":[{"href":"https:\/\/noticiasmercedinas.com\/site\/wp-json\/wp\/v2\/posts\/180328","targetHints":{"allow":["GET"]}}],"collection":[{"href":"https:\/\/noticiasmercedinas.com\/site\/wp-json\/wp\/v2\/posts"}],"about":[{"href":"https:\/\/noticiasmercedinas.com\/site\/wp-json\/wp\/v2\/types\/post"}],"author":[{"embeddable":true,"href":"https:\/\/noticiasmercedinas.com\/site\/wp-json\/wp\/v2\/users\/16"}],"replies":[{"embeddable":true,"href":"https:\/\/noticiasmercedinas.com\/site\/wp-json\/wp\/v2\/comments?post=180328"}],"version-history":[{"count":3,"href":"https:\/\/noticiasmercedinas.com\/site\/wp-json\/wp\/v2\/posts\/180328\/revisions"}],"predecessor-version":[{"id":180332,"href":"https:\/\/noticiasmercedinas.com\/site\/wp-json\/wp\/v2\/posts\/180328\/revisions\/180332"}],"wp:featuredmedia":[{"embeddable":true,"href":"https:\/\/noticiasmercedinas.com\/site\/wp-json\/wp\/v2\/media\/180330"}],"wp:attachment":[{"href":"https:\/\/noticiasmercedinas.com\/site\/wp-json\/wp\/v2\/media?parent=180328"}],"wp:term":[{"taxonomy":"category","embeddable":true,"href":"https:\/\/noticiasmercedinas.com\/site\/wp-json\/wp\/v2\/categories?post=180328"},{"taxonomy":"post_tag","embeddable":true,"href":"https:\/\/noticiasmercedinas.com\/site\/wp-json\/wp\/v2\/tags?post=180328"}],"curies":[{"name":"wp","href":"https:\/\/api.w.org\/{rel}","templated":true}]}}