{"id":180451,"date":"2026-02-23T15:32:08","date_gmt":"2026-02-23T18:32:08","guid":{"rendered":"https:\/\/noticiasmercedinas.com\/site\/?p=180451"},"modified":"2026-02-23T15:41:03","modified_gmt":"2026-02-23T18:41:03","slug":"taxistas-locales-insisten-con-prohibir-por-ordenanza-aplicaciones-de-movilidad","status":"publish","type":"post","link":"https:\/\/noticiasmercedinas.com\/site\/2026\/02\/23\/taxistas-locales-insisten-con-prohibir-por-ordenanza-aplicaciones-de-movilidad\/","title":{"rendered":"Taxistas locales insisten con prohibir por ordenanza aplicaciones de movilidad"},"content":{"rendered":"<p><img loading=\"lazy\" decoding=\"async\" class=\"alignnone size-full wp-image-180452\" src=\"https:\/\/noticiasmercedinas.com\/site\/wp-content\/uploads\/2026\/02\/taxis.jpg\" alt=\"\" width=\"640\" height=\"400\" srcset=\"https:\/\/noticiasmercedinas.com\/site\/wp-content\/uploads\/2026\/02\/taxis.jpg 640w, https:\/\/noticiasmercedinas.com\/site\/wp-content\/uploads\/2026\/02\/taxis-300x188.jpg 300w\" sizes=\"auto, (max-width: 640px) 100vw, 640px\" \/><\/p>\n<p>La tensi\u00f3n entre los taxistas y remiseros tradicionales y las aplicaciones de movilidad tipo Uber ha ido escalando en la ciudad de Mercedes.<\/p>\n<p>Por estas horas, referentes de la parada \u00abTaxi Ya\u00bb manifestaron a este medio su preocupaci\u00f3n por la demora en la implementaci\u00f3n definitiva de una normativa que regule o restrinja estas plataformas, y adelantaron que buscan una modificaci\u00f3n de la ordenanza local para prohibir el uso de la aplicaci\u00f3n en todo el partido.<\/p>\n<p>En reuniones mantenidas con el intendente municipal, los taxistas expresaron que la realidad actual es de \u00abdeslealtad comercial\u00bb. Seg\u00fan explicaron, mientras un taxista debe afrontar costos que solo de estacionamiento medido de hasta 120.000 pesos, adem\u00e1s de pagar habilitaciones y contar con libreta sanitaria, los conductores de aplicaciones no tributan tasas locales similares. \u00abQueremos que se proh\u00edba la aplicaci\u00f3n o que, de permitirse, paguen exactamente lo mismo que nosotros\u00bb, sostienen.<\/p>\n<p><strong>Alerta por seguridad y antecedentes<\/strong><br \/>\nUno de los puntos m\u00e1s cr\u00edticos del reclamo se centra en la seguridad de los pasajeros. Los taxistas revelaron un hecho ocurrido hace pocos d\u00edas, en la intersecci\u00f3n de calles 24 y 1, donde un veh\u00edculo que operaba para una aplicaci\u00f3n fue secuestrado por las autoridades. Seg\u00fan relataron, el conductor \u2014que ven\u00eda de fuera de la ciudad\u2014 pose\u00eda antecedentes por violaci\u00f3n y trasladaba a dos j\u00f3venes mercedinas al momento del operativo.<\/p>\n<p>\u00abNos extra\u00f1a mucho que no se haya difundido esto\u00bb, se\u00f1alaron desde el sector, advirtiendo que las aplicaciones no exigen carnet profesional ni verifican antecedentes de manera rigurosa, permitiendo adem\u00e1s unidades con una antig\u00fcedad de casi 30 a\u00f1os (modelos 1998 en adelante), mientras que a los taxis se les permite un m\u00e1ximo de 15 a\u00f1os.<\/p>\n<blockquote><p>\u00abSi quieren trabajar, que lo hagan como taxi; hay licencias para otorgarles y hasta se puede charlar el precio\u00bb<\/p><\/blockquote>\n<p><strong>Propuesta de regularizaci\u00f3n<\/strong><br \/>\nPese al pedido de prohibici\u00f3n, los referentes del sector aclararon que no se oponen al derecho al trabajo de los conductores locales conocidos en Mercedes. Propusieron que, en lugar de operar bajo plataformas extranjeras que \u00abvenden humo\u00bb y solo benefician a sus due\u00f1os en el exterior, los interesados se acerquen al municipio para tramitar licencias de taxi disponibles.<\/p>\n<p>\u00abSi quieren trabajar, que lo hagan como taxi; hay licencias para otorgarles y hasta se puede charlar el precio\u00bb, afirmaron, enfatizando que el mantenimiento de un veh\u00edculo hoy no es sustentable con las tarifas que imponen las aplicaciones en momentos de baja demanda.<\/p>\n<p><strong>Pr\u00f3ximos pasos legislativos<\/strong><br \/>\nLa resoluci\u00f3n del conflicto se trasladar\u00e1 al Concejo Deliberante, donde se espera que el tema sea tratado en las primeras sesiones del a\u00f1o.<\/p>\n<p>Los taxistas destacaron la \u00abbuena predisposici\u00f3n\u00bb de las autoridades municipales para trabajar en una modificaci\u00f3n que priorice la seguridad de los vecinos y el ordenamiento del transporte p\u00fablico local.<\/p>\n","protected":false},"excerpt":{"rendered":"<p>\u25a0 Los trabajadores del sector denunciaron que conductores de Uber operan sin los requisitos legales exigidos a taxis y remises. Revelaron un grave episodio de seguridad ocurrido en diciembre y reclaman igualdad de condiciones fiscales.<\/p>\n","protected":false},"author":16,"featured_media":180452,"comment_status":"closed","ping_status":"closed","sticky":false,"template":"","format":"standard","meta":{"footnotes":""},"categories":[3,20734],"tags":[6286,21703,4051,6539],"class_list":["post-180451","post","type-post","status-publish","format-standard","has-post-thumbnail","hentry","category-sociedad","category-ultimo-momento","tag-remises","tag-taxi-ya","tag-taxis","tag-uber"],"yoast_head":"<!-- This site is optimized with the Yoast SEO plugin v27.5 - https:\/\/yoast.com\/product\/yoast-seo-wordpress\/ -->\n<title>Taxistas locales insisten con prohibir por ordenanza aplicaciones de movilidad<\/title>\n<meta name=\"description\" content=\"\u25a0 Los trabajadores del sector denunciaron que conductores de Uber operan sin los requisitos legales exigidos a taxis y remises. Revelaron un grave episodio de seguridad ocurrido en diciembre y reclaman igualdad de condiciones fiscales.\" \/>\n<meta name=\"robots\" content=\"index, follow, max-snippet:-1, max-image-preview:large, max-video-preview:-1\" \/>\n<link rel=\"canonical\" href=\"https:\/\/noticiasmercedinas.com\/site\/2026\/02\/23\/taxistas-locales-insisten-con-prohibir-por-ordenanza-aplicaciones-de-movilidad\/\" \/>\n<meta property=\"og:locale\" content=\"es_ES\" \/>\n<meta property=\"og:type\" content=\"article\" \/>\n<meta property=\"og:title\" content=\"Taxistas locales insisten con prohibir por ordenanza aplicaciones de movilidad\" \/>\n<meta property=\"og:description\" content=\"\u25a0 Los trabajadores del sector denunciaron que conductores de Uber operan sin los requisitos legales exigidos a taxis y remises. Revelaron un grave episodio de seguridad ocurrido en diciembre y reclaman igualdad de condiciones fiscales.\" \/>\n<meta property=\"og:url\" content=\"https:\/\/noticiasmercedinas.com\/site\/2026\/02\/23\/taxistas-locales-insisten-con-prohibir-por-ordenanza-aplicaciones-de-movilidad\/\" \/>\n<meta property=\"og:site_name\" content=\"NOTICIASMERCEDINAS.COM\" \/>\n<meta property=\"article:publisher\" content=\"https:\/\/www.facebook.com\/noticiasmercedinas\/\" \/>\n<meta property=\"article:published_time\" content=\"2026-02-23T18:32:08+00:00\" \/>\n<meta property=\"article:modified_time\" content=\"2026-02-23T18:41:03+00:00\" \/>\n<meta property=\"og:image\" content=\"https:\/\/noticiasmercedinas.com\/site\/wp-content\/uploads\/2026\/02\/taxis.jpg\" \/>\n\t<meta property=\"og:image:width\" content=\"640\" \/>\n\t<meta property=\"og:image:height\" content=\"400\" \/>\n\t<meta property=\"og:image:type\" content=\"image\/jpeg\" \/>\n<meta name=\"author\" content=\"NOTICIASMERCEDINAS.COM\" \/>\n<meta name=\"twitter:card\" content=\"summary_large_image\" \/>\n<meta name=\"twitter:creator\" content=\"@notmercedinas\" \/>\n<meta name=\"twitter:site\" content=\"@notmercedinas\" \/>\n<meta name=\"twitter:label1\" content=\"Escrito por\" \/>\n\t<meta name=\"twitter:data1\" content=\"NOTICIASMERCEDINAS.COM\" \/>\n\t<meta name=\"twitter:label2\" content=\"Tiempo de lectura\" \/>\n\t<meta name=\"twitter:data2\" content=\"3 minutos\" \/>\n<script type=\"application\/ld+json\" class=\"yoast-schema-graph\">{\"@context\":\"https:\\\/\\\/schema.org\",\"@graph\":[{\"@type\":\"Article\",\"@id\":\"https:\\\/\\\/noticiasmercedinas.com\\\/site\\\/2026\\\/02\\\/23\\\/taxistas-locales-insisten-con-prohibir-por-ordenanza-aplicaciones-de-movilidad\\\/#article\",\"isPartOf\":{\"@id\":\"https:\\\/\\\/noticiasmercedinas.com\\\/site\\\/2026\\\/02\\\/23\\\/taxistas-locales-insisten-con-prohibir-por-ordenanza-aplicaciones-de-movilidad\\\/\"},\"author\":{\"name\":\"NOTICIASMERCEDINAS.COM\",\"@id\":\"https:\\\/\\\/noticiasmercedinas.com\\\/site\\\/#\\\/schema\\\/person\\\/84b59c099c28ff2e8b77d4ceec5d8063\"},\"headline\":\"Taxistas locales insisten con prohibir por ordenanza aplicaciones de movilidad\",\"datePublished\":\"2026-02-23T18:32:08+00:00\",\"dateModified\":\"2026-02-23T18:41:03+00:00\",\"mainEntityOfPage\":{\"@id\":\"https:\\\/\\\/noticiasmercedinas.com\\\/site\\\/2026\\\/02\\\/23\\\/taxistas-locales-insisten-con-prohibir-por-ordenanza-aplicaciones-de-movilidad\\\/\"},\"wordCount\":494,\"publisher\":{\"@id\":\"https:\\\/\\\/noticiasmercedinas.com\\\/site\\\/#organization\"},\"image\":{\"@id\":\"https:\\\/\\\/noticiasmercedinas.com\\\/site\\\/2026\\\/02\\\/23\\\/taxistas-locales-insisten-con-prohibir-por-ordenanza-aplicaciones-de-movilidad\\\/#primaryimage\"},\"thumbnailUrl\":\"https:\\\/\\\/noticiasmercedinas.com\\\/site\\\/wp-content\\\/uploads\\\/2026\\\/02\\\/taxis.jpg\",\"keywords\":[\"Remises\",\"taxi ya\",\"taxis\",\"uber\"],\"articleSection\":[\"Sociedad\",\"Ultimo momento\"],\"inLanguage\":\"es\"},{\"@type\":\"WebPage\",\"@id\":\"https:\\\/\\\/noticiasmercedinas.com\\\/site\\\/2026\\\/02\\\/23\\\/taxistas-locales-insisten-con-prohibir-por-ordenanza-aplicaciones-de-movilidad\\\/\",\"url\":\"https:\\\/\\\/noticiasmercedinas.com\\\/site\\\/2026\\\/02\\\/23\\\/taxistas-locales-insisten-con-prohibir-por-ordenanza-aplicaciones-de-movilidad\\\/\",\"name\":\"Taxistas locales insisten con prohibir por ordenanza aplicaciones de movilidad\",\"isPartOf\":{\"@id\":\"https:\\\/\\\/noticiasmercedinas.com\\\/site\\\/#website\"},\"primaryImageOfPage\":{\"@id\":\"https:\\\/\\\/noticiasmercedinas.com\\\/site\\\/2026\\\/02\\\/23\\\/taxistas-locales-insisten-con-prohibir-por-ordenanza-aplicaciones-de-movilidad\\\/#primaryimage\"},\"image\":{\"@id\":\"https:\\\/\\\/noticiasmercedinas.com\\\/site\\\/2026\\\/02\\\/23\\\/taxistas-locales-insisten-con-prohibir-por-ordenanza-aplicaciones-de-movilidad\\\/#primaryimage\"},\"thumbnailUrl\":\"https:\\\/\\\/noticiasmercedinas.com\\\/site\\\/wp-content\\\/uploads\\\/2026\\\/02\\\/taxis.jpg\",\"datePublished\":\"2026-02-23T18:32:08+00:00\",\"dateModified\":\"2026-02-23T18:41:03+00:00\",\"description\":\"\u25a0 Los trabajadores del sector denunciaron que conductores de Uber operan sin los requisitos legales exigidos a taxis y remises. Revelaron un grave episodio de seguridad ocurrido en diciembre y reclaman igualdad de condiciones fiscales.\",\"breadcrumb\":{\"@id\":\"https:\\\/\\\/noticiasmercedinas.com\\\/site\\\/2026\\\/02\\\/23\\\/taxistas-locales-insisten-con-prohibir-por-ordenanza-aplicaciones-de-movilidad\\\/#breadcrumb\"},\"inLanguage\":\"es\",\"potentialAction\":[{\"@type\":\"ReadAction\",\"target\":[\"https:\\\/\\\/noticiasmercedinas.com\\\/site\\\/2026\\\/02\\\/23\\\/taxistas-locales-insisten-con-prohibir-por-ordenanza-aplicaciones-de-movilidad\\\/\"]}]},{\"@type\":\"ImageObject\",\"inLanguage\":\"es\",\"@id\":\"https:\\\/\\\/noticiasmercedinas.com\\\/site\\\/2026\\\/02\\\/23\\\/taxistas-locales-insisten-con-prohibir-por-ordenanza-aplicaciones-de-movilidad\\\/#primaryimage\",\"url\":\"https:\\\/\\\/noticiasmercedinas.com\\\/site\\\/wp-content\\\/uploads\\\/2026\\\/02\\\/taxis.jpg\",\"contentUrl\":\"https:\\\/\\\/noticiasmercedinas.com\\\/site\\\/wp-content\\\/uploads\\\/2026\\\/02\\\/taxis.jpg\",\"width\":640,\"height\":400},{\"@type\":\"BreadcrumbList\",\"@id\":\"https:\\\/\\\/noticiasmercedinas.com\\\/site\\\/2026\\\/02\\\/23\\\/taxistas-locales-insisten-con-prohibir-por-ordenanza-aplicaciones-de-movilidad\\\/#breadcrumb\",\"itemListElement\":[{\"@type\":\"ListItem\",\"position\":1,\"name\":\"Portada\",\"item\":\"https:\\\/\\\/noticiasmercedinas.com\\\/site\\\/\"},{\"@type\":\"ListItem\",\"position\":2,\"name\":\"Taxistas locales insisten con prohibir por ordenanza aplicaciones de movilidad\"}]},{\"@type\":\"WebSite\",\"@id\":\"https:\\\/\\\/noticiasmercedinas.com\\\/site\\\/#website\",\"url\":\"https:\\\/\\\/noticiasmercedinas.com\\\/site\\\/\",\"name\":\"NOTICIASMERCEDINAS.COM\",\"description\":\"Mercedes, Buenos Aires, Argentina\",\"publisher\":{\"@id\":\"https:\\\/\\\/noticiasmercedinas.com\\\/site\\\/#organization\"},\"potentialAction\":[{\"@type\":\"SearchAction\",\"target\":{\"@type\":\"EntryPoint\",\"urlTemplate\":\"https:\\\/\\\/noticiasmercedinas.com\\\/site\\\/?s={search_term_string}\"},\"query-input\":{\"@type\":\"PropertyValueSpecification\",\"valueRequired\":true,\"valueName\":\"search_term_string\"}}],\"inLanguage\":\"es\"},{\"@type\":\"Organization\",\"@id\":\"https:\\\/\\\/noticiasmercedinas.com\\\/site\\\/#organization\",\"name\":\"NOTICIASMERCEDINAS.COM\",\"url\":\"https:\\\/\\\/noticiasmercedinas.com\\\/site\\\/\",\"logo\":{\"@type\":\"ImageObject\",\"inLanguage\":\"es\",\"@id\":\"https:\\\/\\\/noticiasmercedinas.com\\\/site\\\/#\\\/schema\\\/logo\\\/image\\\/\",\"url\":\"https:\\\/\\\/noticiasmercedinas.com\\\/site\\\/wp-content\\\/uploads\\\/2020\\\/06\\\/LOGO-512.jpg\",\"contentUrl\":\"https:\\\/\\\/noticiasmercedinas.com\\\/site\\\/wp-content\\\/uploads\\\/2020\\\/06\\\/LOGO-512.jpg\",\"width\":512,\"height\":512,\"caption\":\"NOTICIASMERCEDINAS.COM\"},\"image\":{\"@id\":\"https:\\\/\\\/noticiasmercedinas.com\\\/site\\\/#\\\/schema\\\/logo\\\/image\\\/\"},\"sameAs\":[\"https:\\\/\\\/www.facebook.com\\\/noticiasmercedinas\\\/\",\"https:\\\/\\\/x.com\\\/notmercedinas\",\"https:\\\/\\\/www.instagram.com\\\/noticiasmercedinas\\\/\"]},{\"@type\":\"Person\",\"@id\":\"https:\\\/\\\/noticiasmercedinas.com\\\/site\\\/#\\\/schema\\\/person\\\/84b59c099c28ff2e8b77d4ceec5d8063\",\"name\":\"NOTICIASMERCEDINAS.COM\",\"image\":{\"@type\":\"ImageObject\",\"inLanguage\":\"es\",\"@id\":\"https:\\\/\\\/secure.gravatar.com\\\/avatar\\\/4dfbf16b4d17945bfb6341b2d19043457132fcf478a5ee04f42e959fd8f5df0a?s=96&d=mm&r=g\",\"url\":\"https:\\\/\\\/secure.gravatar.com\\\/avatar\\\/4dfbf16b4d17945bfb6341b2d19043457132fcf478a5ee04f42e959fd8f5df0a?s=96&d=mm&r=g\",\"contentUrl\":\"https:\\\/\\\/secure.gravatar.com\\\/avatar\\\/4dfbf16b4d17945bfb6341b2d19043457132fcf478a5ee04f42e959fd8f5df0a?s=96&d=mm&r=g\",\"caption\":\"NOTICIASMERCEDINAS.COM\"},\"url\":\"https:\\\/\\\/noticiasmercedinas.com\\\/site\\\/author\\\/anonimo\\\/\"}]}<\/script>\n<!-- \/ Yoast SEO plugin. -->","yoast_head_json":{"title":"Taxistas locales insisten con prohibir por ordenanza aplicaciones de movilidad","description":"\u25a0 Los trabajadores del sector denunciaron que conductores de Uber operan sin los requisitos legales exigidos a taxis y remises. Revelaron un grave episodio de seguridad ocurrido en diciembre y reclaman igualdad de condiciones fiscales.","robots":{"index":"index","follow":"follow","max-snippet":"max-snippet:-1","max-image-preview":"max-image-preview:large","max-video-preview":"max-video-preview:-1"},"canonical":"https:\/\/noticiasmercedinas.com\/site\/2026\/02\/23\/taxistas-locales-insisten-con-prohibir-por-ordenanza-aplicaciones-de-movilidad\/","og_locale":"es_ES","og_type":"article","og_title":"Taxistas locales insisten con prohibir por ordenanza aplicaciones de movilidad","og_description":"\u25a0 Los trabajadores del sector denunciaron que conductores de Uber operan sin los requisitos legales exigidos a taxis y remises. Revelaron un grave episodio de seguridad ocurrido en diciembre y reclaman igualdad de condiciones fiscales.","og_url":"https:\/\/noticiasmercedinas.com\/site\/2026\/02\/23\/taxistas-locales-insisten-con-prohibir-por-ordenanza-aplicaciones-de-movilidad\/","og_site_name":"NOTICIASMERCEDINAS.COM","article_publisher":"https:\/\/www.facebook.com\/noticiasmercedinas\/","article_published_time":"2026-02-23T18:32:08+00:00","article_modified_time":"2026-02-23T18:41:03+00:00","og_image":[{"width":640,"height":400,"url":"https:\/\/noticiasmercedinas.com\/site\/wp-content\/uploads\/2026\/02\/taxis.jpg","type":"image\/jpeg"}],"author":"NOTICIASMERCEDINAS.COM","twitter_card":"summary_large_image","twitter_creator":"@notmercedinas","twitter_site":"@notmercedinas","twitter_misc":{"Escrito por":"NOTICIASMERCEDINAS.COM","Tiempo de lectura":"3 minutos"},"schema":{"@context":"https:\/\/schema.org","@graph":[{"@type":"Article","@id":"https:\/\/noticiasmercedinas.com\/site\/2026\/02\/23\/taxistas-locales-insisten-con-prohibir-por-ordenanza-aplicaciones-de-movilidad\/#article","isPartOf":{"@id":"https:\/\/noticiasmercedinas.com\/site\/2026\/02\/23\/taxistas-locales-insisten-con-prohibir-por-ordenanza-aplicaciones-de-movilidad\/"},"author":{"name":"NOTICIASMERCEDINAS.COM","@id":"https:\/\/noticiasmercedinas.com\/site\/#\/schema\/person\/84b59c099c28ff2e8b77d4ceec5d8063"},"headline":"Taxistas locales insisten con prohibir por ordenanza aplicaciones de movilidad","datePublished":"2026-02-23T18:32:08+00:00","dateModified":"2026-02-23T18:41:03+00:00","mainEntityOfPage":{"@id":"https:\/\/noticiasmercedinas.com\/site\/2026\/02\/23\/taxistas-locales-insisten-con-prohibir-por-ordenanza-aplicaciones-de-movilidad\/"},"wordCount":494,"publisher":{"@id":"https:\/\/noticiasmercedinas.com\/site\/#organization"},"image":{"@id":"https:\/\/noticiasmercedinas.com\/site\/2026\/02\/23\/taxistas-locales-insisten-con-prohibir-por-ordenanza-aplicaciones-de-movilidad\/#primaryimage"},"thumbnailUrl":"https:\/\/noticiasmercedinas.com\/site\/wp-content\/uploads\/2026\/02\/taxis.jpg","keywords":["Remises","taxi ya","taxis","uber"],"articleSection":["Sociedad","Ultimo momento"],"inLanguage":"es"},{"@type":"WebPage","@id":"https:\/\/noticiasmercedinas.com\/site\/2026\/02\/23\/taxistas-locales-insisten-con-prohibir-por-ordenanza-aplicaciones-de-movilidad\/","url":"https:\/\/noticiasmercedinas.com\/site\/2026\/02\/23\/taxistas-locales-insisten-con-prohibir-por-ordenanza-aplicaciones-de-movilidad\/","name":"Taxistas locales insisten con prohibir por ordenanza aplicaciones de movilidad","isPartOf":{"@id":"https:\/\/noticiasmercedinas.com\/site\/#website"},"primaryImageOfPage":{"@id":"https:\/\/noticiasmercedinas.com\/site\/2026\/02\/23\/taxistas-locales-insisten-con-prohibir-por-ordenanza-aplicaciones-de-movilidad\/#primaryimage"},"image":{"@id":"https:\/\/noticiasmercedinas.com\/site\/2026\/02\/23\/taxistas-locales-insisten-con-prohibir-por-ordenanza-aplicaciones-de-movilidad\/#primaryimage"},"thumbnailUrl":"https:\/\/noticiasmercedinas.com\/site\/wp-content\/uploads\/2026\/02\/taxis.jpg","datePublished":"2026-02-23T18:32:08+00:00","dateModified":"2026-02-23T18:41:03+00:00","description":"\u25a0 Los trabajadores del sector denunciaron que conductores de Uber operan sin los requisitos legales exigidos a taxis y remises. Revelaron un grave episodio de seguridad ocurrido en diciembre y reclaman igualdad de condiciones fiscales.","breadcrumb":{"@id":"https:\/\/noticiasmercedinas.com\/site\/2026\/02\/23\/taxistas-locales-insisten-con-prohibir-por-ordenanza-aplicaciones-de-movilidad\/#breadcrumb"},"inLanguage":"es","potentialAction":[{"@type":"ReadAction","target":["https:\/\/noticiasmercedinas.com\/site\/2026\/02\/23\/taxistas-locales-insisten-con-prohibir-por-ordenanza-aplicaciones-de-movilidad\/"]}]},{"@type":"ImageObject","inLanguage":"es","@id":"https:\/\/noticiasmercedinas.com\/site\/2026\/02\/23\/taxistas-locales-insisten-con-prohibir-por-ordenanza-aplicaciones-de-movilidad\/#primaryimage","url":"https:\/\/noticiasmercedinas.com\/site\/wp-content\/uploads\/2026\/02\/taxis.jpg","contentUrl":"https:\/\/noticiasmercedinas.com\/site\/wp-content\/uploads\/2026\/02\/taxis.jpg","width":640,"height":400},{"@type":"BreadcrumbList","@id":"https:\/\/noticiasmercedinas.com\/site\/2026\/02\/23\/taxistas-locales-insisten-con-prohibir-por-ordenanza-aplicaciones-de-movilidad\/#breadcrumb","itemListElement":[{"@type":"ListItem","position":1,"name":"Portada","item":"https:\/\/noticiasmercedinas.com\/site\/"},{"@type":"ListItem","position":2,"name":"Taxistas locales insisten con prohibir por ordenanza aplicaciones de movilidad"}]},{"@type":"WebSite","@id":"https:\/\/noticiasmercedinas.com\/site\/#website","url":"https:\/\/noticiasmercedinas.com\/site\/","name":"NOTICIASMERCEDINAS.COM","description":"Mercedes, Buenos Aires, Argentina","publisher":{"@id":"https:\/\/noticiasmercedinas.com\/site\/#organization"},"potentialAction":[{"@type":"SearchAction","target":{"@type":"EntryPoint","urlTemplate":"https:\/\/noticiasmercedinas.com\/site\/?s={search_term_string}"},"query-input":{"@type":"PropertyValueSpecification","valueRequired":true,"valueName":"search_term_string"}}],"inLanguage":"es"},{"@type":"Organization","@id":"https:\/\/noticiasmercedinas.com\/site\/#organization","name":"NOTICIASMERCEDINAS.COM","url":"https:\/\/noticiasmercedinas.com\/site\/","logo":{"@type":"ImageObject","inLanguage":"es","@id":"https:\/\/noticiasmercedinas.com\/site\/#\/schema\/logo\/image\/","url":"https:\/\/noticiasmercedinas.com\/site\/wp-content\/uploads\/2020\/06\/LOGO-512.jpg","contentUrl":"https:\/\/noticiasmercedinas.com\/site\/wp-content\/uploads\/2020\/06\/LOGO-512.jpg","width":512,"height":512,"caption":"NOTICIASMERCEDINAS.COM"},"image":{"@id":"https:\/\/noticiasmercedinas.com\/site\/#\/schema\/logo\/image\/"},"sameAs":["https:\/\/www.facebook.com\/noticiasmercedinas\/","https:\/\/x.com\/notmercedinas","https:\/\/www.instagram.com\/noticiasmercedinas\/"]},{"@type":"Person","@id":"https:\/\/noticiasmercedinas.com\/site\/#\/schema\/person\/84b59c099c28ff2e8b77d4ceec5d8063","name":"NOTICIASMERCEDINAS.COM","image":{"@type":"ImageObject","inLanguage":"es","@id":"https:\/\/secure.gravatar.com\/avatar\/4dfbf16b4d17945bfb6341b2d19043457132fcf478a5ee04f42e959fd8f5df0a?s=96&d=mm&r=g","url":"https:\/\/secure.gravatar.com\/avatar\/4dfbf16b4d17945bfb6341b2d19043457132fcf478a5ee04f42e959fd8f5df0a?s=96&d=mm&r=g","contentUrl":"https:\/\/secure.gravatar.com\/avatar\/4dfbf16b4d17945bfb6341b2d19043457132fcf478a5ee04f42e959fd8f5df0a?s=96&d=mm&r=g","caption":"NOTICIASMERCEDINAS.COM"},"url":"https:\/\/noticiasmercedinas.com\/site\/author\/anonimo\/"}]}},"amp_enabled":true,"_links":{"self":[{"href":"https:\/\/noticiasmercedinas.com\/site\/wp-json\/wp\/v2\/posts\/180451","targetHints":{"allow":["GET"]}}],"collection":[{"href":"https:\/\/noticiasmercedinas.com\/site\/wp-json\/wp\/v2\/posts"}],"about":[{"href":"https:\/\/noticiasmercedinas.com\/site\/wp-json\/wp\/v2\/types\/post"}],"author":[{"embeddable":true,"href":"https:\/\/noticiasmercedinas.com\/site\/wp-json\/wp\/v2\/users\/16"}],"replies":[{"embeddable":true,"href":"https:\/\/noticiasmercedinas.com\/site\/wp-json\/wp\/v2\/comments?post=180451"}],"version-history":[{"count":1,"href":"https:\/\/noticiasmercedinas.com\/site\/wp-json\/wp\/v2\/posts\/180451\/revisions"}],"predecessor-version":[{"id":180453,"href":"https:\/\/noticiasmercedinas.com\/site\/wp-json\/wp\/v2\/posts\/180451\/revisions\/180453"}],"wp:featuredmedia":[{"embeddable":true,"href":"https:\/\/noticiasmercedinas.com\/site\/wp-json\/wp\/v2\/media\/180452"}],"wp:attachment":[{"href":"https:\/\/noticiasmercedinas.com\/site\/wp-json\/wp\/v2\/media?parent=180451"}],"wp:term":[{"taxonomy":"category","embeddable":true,"href":"https:\/\/noticiasmercedinas.com\/site\/wp-json\/wp\/v2\/categories?post=180451"},{"taxonomy":"post_tag","embeddable":true,"href":"https:\/\/noticiasmercedinas.com\/site\/wp-json\/wp\/v2\/tags?post=180451"}],"curies":[{"name":"wp","href":"https:\/\/api.w.org\/{rel}","templated":true}]}}