{"id":180519,"date":"2026-02-24T17:43:32","date_gmt":"2026-02-24T20:43:32","guid":{"rendered":"https:\/\/noticiasmercedinas.com\/site\/?p=180519"},"modified":"2026-02-24T18:45:14","modified_gmt":"2026-02-24T21:45:14","slug":"15-familias-mercedinas-recibieron-certificaciones-para-pequenas-unidades-productivas","status":"publish","type":"post","link":"https:\/\/noticiasmercedinas.com\/site\/2026\/02\/24\/15-familias-mercedinas-recibieron-certificaciones-para-pequenas-unidades-productivas\/","title":{"rendered":"15 familias mercedinas recibieron certificaciones para peque\u00f1as unidades productivas"},"content":{"rendered":"<p><img loading=\"lazy\" decoding=\"async\" class=\"alignnone size-full wp-image-180520\" src=\"https:\/\/noticiasmercedinas.com\/site\/wp-content\/uploads\/2026\/02\/Produccion.jpg\" alt=\"\" width=\"1319\" height=\"879\" srcset=\"https:\/\/noticiasmercedinas.com\/site\/wp-content\/uploads\/2026\/02\/Produccion.jpg 1319w, https:\/\/noticiasmercedinas.com\/site\/wp-content\/uploads\/2026\/02\/Produccion-300x200.jpg 300w, https:\/\/noticiasmercedinas.com\/site\/wp-content\/uploads\/2026\/02\/Produccion-1024x682.jpg 1024w, https:\/\/noticiasmercedinas.com\/site\/wp-content\/uploads\/2026\/02\/Produccion-768x512.jpg 768w, https:\/\/noticiasmercedinas.com\/site\/wp-content\/uploads\/2026\/02\/Produccion-640x427.jpg 640w, https:\/\/noticiasmercedinas.com\/site\/wp-content\/uploads\/2026\/02\/Produccion-1280x853.jpg 1280w, https:\/\/noticiasmercedinas.com\/site\/wp-content\/uploads\/2026\/02\/Produccion-681x454.jpg 681w\" sizes=\"auto, (max-width: 1319px) 100vw, 1319px\" \/><\/p>\n<p>En un acto celebrado en la Estaci\u00f3n Experimental Mercedes, 15 emprendedores locales alcanzaron un hito fundamental para la formalizaci\u00f3n de sus proyectos.<\/p>\n<p>Acompa\u00f1ado por autoridades del Ministerio de Desarrollo Agrario de la Provincia de Buenos Aires, el intendente municipal, Juan Ignacio Ustarroz, hizo entrega de las certificaciones que habilitan a estas Peque\u00f1as Unidades Productivas de Alimentos Artesanales (PUPAAs) para expandir su comercializaci\u00f3n en el territorio bonaerense.<\/p>\n<p>La obtenci\u00f3n de estas credenciales no solo regulariza la actividad de los productores de rubros como cerveza artesanal, panificados y conservas, sino que abre las puertas al programa \u00abMercado Bonaerense\u00bb. Este acceso facilita la inserci\u00f3n de productos locales en g\u00f3ndolas y negocios de cercan\u00eda, potenciando la escala de ventas de las familias mercedinas.<\/p>\n<p>Durante el encuentro, el jefe comunal subray\u00f3:\u00a0\u00abRatificamos el trabajo dedicado, comprometido y serio que vienen efectuando. Este es un merecido reconocimiento para los productores que ya han conseguido este paso tan importante\u00bb.<\/p>\n<p><strong>Respaldo provincial en un contexto complejo<\/strong><br \/>\nLa jornada cont\u00f3 con la participaci\u00f3n de Javier Cernadas, director provincial de Alimentos y Mercados Agroalimentarios, quien junto a Ezequiel Wainer (Agricultura Familiar) y Emiliano Cucciufo (Innovaci\u00f3n Tecnol\u00f3gica), formaliz\u00f3 la firma de nuevos cr\u00e9ditos del Fondo Agrario.<\/p>\n<p>Cernadas enfatiz\u00f3 que, desde la gesti\u00f3n del gobernador Axel Kicillof, se busca acompa\u00f1ar a los peque\u00f1os productores en la coyuntura actual: \u00abSeguimos con la convicci\u00f3n de que otro camino es posible, entregando habilitaciones y lanzando convocatorias para que m\u00e1s PUPAAs se sumen a las ferias provinciales\u00bb.<\/p>\n<p><strong>Articulaci\u00f3n local y t\u00e9cnica<\/strong><br \/>\nEl director de Producci\u00f3n local, Mart\u00edn Boragno, destac\u00f3 la naturaleza solidaria del proceso, se\u00f1alando que los mismos productores colaboran para integrar nuevas unidades al programa. El acto administrativo tambi\u00e9n cont\u00f3 con el respaldo del secretario de Econom\u00eda, Dr. David Valerga, y la directora de Industrias y Productos Alimenticios, Valeria Ontiveros.<\/p>\n<p>Esta entrega de certificados se traduce en un fortalecimiento directo del tejido productivo de Mercedes, brindando herramientas financieras y legales para que los emprendimientos familiares dejen de ser informales y se conviertan en actores competitivos de la econom\u00eda regional.<\/p>\n","protected":false},"excerpt":{"rendered":"<p>\u25a0 El intendente Juan Ignacio Ustarroz encabez\u00f3 la entrega de habilitaciones PUPAAs y cr\u00e9ditos del Fondo Agrario. Los beneficios permitir\u00e1n a los emprendedores acceder a cadenas comerciales y participar en las ferias de Mercados Bonaerenses.<\/p>\n","protected":false},"author":16,"featured_media":180520,"comment_status":"closed","ping_status":"closed","sticky":false,"template":"","format":"standard","meta":{"footnotes":""},"categories":[3],"tags":[21711,32,19840],"class_list":["post-180519","post","type-post","status-publish","format-standard","has-post-thumbnail","hentry","category-sociedad","tag-estacion-experimental-mercedes","tag-produccion","tag-pupaas"],"yoast_head":"<!-- This site is optimized with the Yoast SEO plugin v27.5 - https:\/\/yoast.com\/product\/yoast-seo-wordpress\/ -->\n<title>15 familias mercedinas recibieron certificaciones para peque\u00f1as unidades productivas<\/title>\n<meta name=\"description\" content=\"El intendente Juan Ignacio Ustarroz encabez\u00f3 la entrega de habilitaciones PUPAAs y cr\u00e9ditos del Fondo Agrario. Los beneficios permitir\u00e1n a los emprendedores acceder a cadenas comerciales y participar en las ferias de Mercados Bonaerenses.\" \/>\n<meta name=\"robots\" content=\"index, follow, max-snippet:-1, max-image-preview:large, max-video-preview:-1\" \/>\n<link rel=\"canonical\" href=\"https:\/\/noticiasmercedinas.com\/site\/2026\/02\/24\/15-familias-mercedinas-recibieron-certificaciones-para-pequenas-unidades-productivas\/\" \/>\n<meta property=\"og:locale\" content=\"es_ES\" \/>\n<meta property=\"og:type\" content=\"article\" \/>\n<meta property=\"og:title\" content=\"15 familias mercedinas recibieron certificaciones para peque\u00f1as unidades productivas\" \/>\n<meta property=\"og:description\" content=\"El intendente Juan Ignacio Ustarroz encabez\u00f3 la entrega de habilitaciones PUPAAs y cr\u00e9ditos del Fondo Agrario. Los beneficios permitir\u00e1n a los emprendedores acceder a cadenas comerciales y participar en las ferias de Mercados Bonaerenses.\" \/>\n<meta property=\"og:url\" content=\"https:\/\/noticiasmercedinas.com\/site\/2026\/02\/24\/15-familias-mercedinas-recibieron-certificaciones-para-pequenas-unidades-productivas\/\" \/>\n<meta property=\"og:site_name\" content=\"NOTICIASMERCEDINAS.COM\" \/>\n<meta property=\"article:publisher\" content=\"https:\/\/www.facebook.com\/noticiasmercedinas\/\" \/>\n<meta property=\"article:published_time\" content=\"2026-02-24T20:43:32+00:00\" \/>\n<meta property=\"article:modified_time\" content=\"2026-02-24T21:45:14+00:00\" \/>\n<meta property=\"og:image\" content=\"https:\/\/noticiasmercedinas.com\/site\/wp-content\/uploads\/2026\/02\/Produccion.jpg\" \/>\n\t<meta property=\"og:image:width\" content=\"1319\" \/>\n\t<meta property=\"og:image:height\" content=\"879\" \/>\n\t<meta property=\"og:image:type\" content=\"image\/jpeg\" \/>\n<meta name=\"author\" content=\"NOTICIASMERCEDINAS.COM\" \/>\n<meta name=\"twitter:card\" content=\"summary_large_image\" \/>\n<meta name=\"twitter:creator\" content=\"@notmercedinas\" \/>\n<meta name=\"twitter:site\" content=\"@notmercedinas\" \/>\n<meta name=\"twitter:label1\" content=\"Escrito por\" \/>\n\t<meta name=\"twitter:data1\" content=\"NOTICIASMERCEDINAS.COM\" \/>\n\t<meta name=\"twitter:label2\" content=\"Tiempo de lectura\" \/>\n\t<meta name=\"twitter:data2\" content=\"2 minutos\" \/>\n<script type=\"application\/ld+json\" class=\"yoast-schema-graph\">{\"@context\":\"https:\\\/\\\/schema.org\",\"@graph\":[{\"@type\":\"Article\",\"@id\":\"https:\\\/\\\/noticiasmercedinas.com\\\/site\\\/2026\\\/02\\\/24\\\/15-familias-mercedinas-recibieron-certificaciones-para-pequenas-unidades-productivas\\\/#article\",\"isPartOf\":{\"@id\":\"https:\\\/\\\/noticiasmercedinas.com\\\/site\\\/2026\\\/02\\\/24\\\/15-familias-mercedinas-recibieron-certificaciones-para-pequenas-unidades-productivas\\\/\"},\"author\":{\"name\":\"NOTICIASMERCEDINAS.COM\",\"@id\":\"https:\\\/\\\/noticiasmercedinas.com\\\/site\\\/#\\\/schema\\\/person\\\/84b59c099c28ff2e8b77d4ceec5d8063\"},\"headline\":\"15 familias mercedinas recibieron certificaciones para peque\u00f1as unidades productivas\",\"datePublished\":\"2026-02-24T20:43:32+00:00\",\"dateModified\":\"2026-02-24T21:45:14+00:00\",\"mainEntityOfPage\":{\"@id\":\"https:\\\/\\\/noticiasmercedinas.com\\\/site\\\/2026\\\/02\\\/24\\\/15-familias-mercedinas-recibieron-certificaciones-para-pequenas-unidades-productivas\\\/\"},\"wordCount\":368,\"publisher\":{\"@id\":\"https:\\\/\\\/noticiasmercedinas.com\\\/site\\\/#organization\"},\"image\":{\"@id\":\"https:\\\/\\\/noticiasmercedinas.com\\\/site\\\/2026\\\/02\\\/24\\\/15-familias-mercedinas-recibieron-certificaciones-para-pequenas-unidades-productivas\\\/#primaryimage\"},\"thumbnailUrl\":\"https:\\\/\\\/noticiasmercedinas.com\\\/site\\\/wp-content\\\/uploads\\\/2026\\\/02\\\/Produccion.jpg\",\"keywords\":[\"Estaci\u00f3n Experimental Mercedes\",\"produccion\",\"pupaas\"],\"articleSection\":[\"Sociedad\"],\"inLanguage\":\"es\"},{\"@type\":\"WebPage\",\"@id\":\"https:\\\/\\\/noticiasmercedinas.com\\\/site\\\/2026\\\/02\\\/24\\\/15-familias-mercedinas-recibieron-certificaciones-para-pequenas-unidades-productivas\\\/\",\"url\":\"https:\\\/\\\/noticiasmercedinas.com\\\/site\\\/2026\\\/02\\\/24\\\/15-familias-mercedinas-recibieron-certificaciones-para-pequenas-unidades-productivas\\\/\",\"name\":\"15 familias mercedinas recibieron certificaciones para peque\u00f1as unidades productivas\",\"isPartOf\":{\"@id\":\"https:\\\/\\\/noticiasmercedinas.com\\\/site\\\/#website\"},\"primaryImageOfPage\":{\"@id\":\"https:\\\/\\\/noticiasmercedinas.com\\\/site\\\/2026\\\/02\\\/24\\\/15-familias-mercedinas-recibieron-certificaciones-para-pequenas-unidades-productivas\\\/#primaryimage\"},\"image\":{\"@id\":\"https:\\\/\\\/noticiasmercedinas.com\\\/site\\\/2026\\\/02\\\/24\\\/15-familias-mercedinas-recibieron-certificaciones-para-pequenas-unidades-productivas\\\/#primaryimage\"},\"thumbnailUrl\":\"https:\\\/\\\/noticiasmercedinas.com\\\/site\\\/wp-content\\\/uploads\\\/2026\\\/02\\\/Produccion.jpg\",\"datePublished\":\"2026-02-24T20:43:32+00:00\",\"dateModified\":\"2026-02-24T21:45:14+00:00\",\"description\":\"El intendente Juan Ignacio Ustarroz encabez\u00f3 la entrega de habilitaciones PUPAAs y cr\u00e9ditos del Fondo Agrario. Los beneficios permitir\u00e1n a los emprendedores acceder a cadenas comerciales y participar en las ferias de Mercados Bonaerenses.\",\"breadcrumb\":{\"@id\":\"https:\\\/\\\/noticiasmercedinas.com\\\/site\\\/2026\\\/02\\\/24\\\/15-familias-mercedinas-recibieron-certificaciones-para-pequenas-unidades-productivas\\\/#breadcrumb\"},\"inLanguage\":\"es\",\"potentialAction\":[{\"@type\":\"ReadAction\",\"target\":[\"https:\\\/\\\/noticiasmercedinas.com\\\/site\\\/2026\\\/02\\\/24\\\/15-familias-mercedinas-recibieron-certificaciones-para-pequenas-unidades-productivas\\\/\"]}]},{\"@type\":\"ImageObject\",\"inLanguage\":\"es\",\"@id\":\"https:\\\/\\\/noticiasmercedinas.com\\\/site\\\/2026\\\/02\\\/24\\\/15-familias-mercedinas-recibieron-certificaciones-para-pequenas-unidades-productivas\\\/#primaryimage\",\"url\":\"https:\\\/\\\/noticiasmercedinas.com\\\/site\\\/wp-content\\\/uploads\\\/2026\\\/02\\\/Produccion.jpg\",\"contentUrl\":\"https:\\\/\\\/noticiasmercedinas.com\\\/site\\\/wp-content\\\/uploads\\\/2026\\\/02\\\/Produccion.jpg\",\"width\":1319,\"height\":879},{\"@type\":\"BreadcrumbList\",\"@id\":\"https:\\\/\\\/noticiasmercedinas.com\\\/site\\\/2026\\\/02\\\/24\\\/15-familias-mercedinas-recibieron-certificaciones-para-pequenas-unidades-productivas\\\/#breadcrumb\",\"itemListElement\":[{\"@type\":\"ListItem\",\"position\":1,\"name\":\"Portada\",\"item\":\"https:\\\/\\\/noticiasmercedinas.com\\\/site\\\/\"},{\"@type\":\"ListItem\",\"position\":2,\"name\":\"15 familias mercedinas recibieron certificaciones para peque\u00f1as unidades productivas\"}]},{\"@type\":\"WebSite\",\"@id\":\"https:\\\/\\\/noticiasmercedinas.com\\\/site\\\/#website\",\"url\":\"https:\\\/\\\/noticiasmercedinas.com\\\/site\\\/\",\"name\":\"NOTICIASMERCEDINAS.COM\",\"description\":\"Mercedes, Buenos Aires, Argentina\",\"publisher\":{\"@id\":\"https:\\\/\\\/noticiasmercedinas.com\\\/site\\\/#organization\"},\"potentialAction\":[{\"@type\":\"SearchAction\",\"target\":{\"@type\":\"EntryPoint\",\"urlTemplate\":\"https:\\\/\\\/noticiasmercedinas.com\\\/site\\\/?s={search_term_string}\"},\"query-input\":{\"@type\":\"PropertyValueSpecification\",\"valueRequired\":true,\"valueName\":\"search_term_string\"}}],\"inLanguage\":\"es\"},{\"@type\":\"Organization\",\"@id\":\"https:\\\/\\\/noticiasmercedinas.com\\\/site\\\/#organization\",\"name\":\"NOTICIASMERCEDINAS.COM\",\"url\":\"https:\\\/\\\/noticiasmercedinas.com\\\/site\\\/\",\"logo\":{\"@type\":\"ImageObject\",\"inLanguage\":\"es\",\"@id\":\"https:\\\/\\\/noticiasmercedinas.com\\\/site\\\/#\\\/schema\\\/logo\\\/image\\\/\",\"url\":\"https:\\\/\\\/noticiasmercedinas.com\\\/site\\\/wp-content\\\/uploads\\\/2020\\\/06\\\/LOGO-512.jpg\",\"contentUrl\":\"https:\\\/\\\/noticiasmercedinas.com\\\/site\\\/wp-content\\\/uploads\\\/2020\\\/06\\\/LOGO-512.jpg\",\"width\":512,\"height\":512,\"caption\":\"NOTICIASMERCEDINAS.COM\"},\"image\":{\"@id\":\"https:\\\/\\\/noticiasmercedinas.com\\\/site\\\/#\\\/schema\\\/logo\\\/image\\\/\"},\"sameAs\":[\"https:\\\/\\\/www.facebook.com\\\/noticiasmercedinas\\\/\",\"https:\\\/\\\/x.com\\\/notmercedinas\",\"https:\\\/\\\/www.instagram.com\\\/noticiasmercedinas\\\/\"]},{\"@type\":\"Person\",\"@id\":\"https:\\\/\\\/noticiasmercedinas.com\\\/site\\\/#\\\/schema\\\/person\\\/84b59c099c28ff2e8b77d4ceec5d8063\",\"name\":\"NOTICIASMERCEDINAS.COM\",\"image\":{\"@type\":\"ImageObject\",\"inLanguage\":\"es\",\"@id\":\"https:\\\/\\\/secure.gravatar.com\\\/avatar\\\/4dfbf16b4d17945bfb6341b2d19043457132fcf478a5ee04f42e959fd8f5df0a?s=96&d=mm&r=g\",\"url\":\"https:\\\/\\\/secure.gravatar.com\\\/avatar\\\/4dfbf16b4d17945bfb6341b2d19043457132fcf478a5ee04f42e959fd8f5df0a?s=96&d=mm&r=g\",\"contentUrl\":\"https:\\\/\\\/secure.gravatar.com\\\/avatar\\\/4dfbf16b4d17945bfb6341b2d19043457132fcf478a5ee04f42e959fd8f5df0a?s=96&d=mm&r=g\",\"caption\":\"NOTICIASMERCEDINAS.COM\"},\"url\":\"https:\\\/\\\/noticiasmercedinas.com\\\/site\\\/author\\\/anonimo\\\/\"}]}<\/script>\n<!-- \/ Yoast SEO plugin. -->","yoast_head_json":{"title":"15 familias mercedinas recibieron certificaciones para peque\u00f1as unidades productivas","description":"El intendente Juan Ignacio Ustarroz encabez\u00f3 la entrega de habilitaciones PUPAAs y cr\u00e9ditos del Fondo Agrario. Los beneficios permitir\u00e1n a los emprendedores acceder a cadenas comerciales y participar en las ferias de Mercados Bonaerenses.","robots":{"index":"index","follow":"follow","max-snippet":"max-snippet:-1","max-image-preview":"max-image-preview:large","max-video-preview":"max-video-preview:-1"},"canonical":"https:\/\/noticiasmercedinas.com\/site\/2026\/02\/24\/15-familias-mercedinas-recibieron-certificaciones-para-pequenas-unidades-productivas\/","og_locale":"es_ES","og_type":"article","og_title":"15 familias mercedinas recibieron certificaciones para peque\u00f1as unidades productivas","og_description":"El intendente Juan Ignacio Ustarroz encabez\u00f3 la entrega de habilitaciones PUPAAs y cr\u00e9ditos del Fondo Agrario. Los beneficios permitir\u00e1n a los emprendedores acceder a cadenas comerciales y participar en las ferias de Mercados Bonaerenses.","og_url":"https:\/\/noticiasmercedinas.com\/site\/2026\/02\/24\/15-familias-mercedinas-recibieron-certificaciones-para-pequenas-unidades-productivas\/","og_site_name":"NOTICIASMERCEDINAS.COM","article_publisher":"https:\/\/www.facebook.com\/noticiasmercedinas\/","article_published_time":"2026-02-24T20:43:32+00:00","article_modified_time":"2026-02-24T21:45:14+00:00","og_image":[{"width":1319,"height":879,"url":"https:\/\/noticiasmercedinas.com\/site\/wp-content\/uploads\/2026\/02\/Produccion.jpg","type":"image\/jpeg"}],"author":"NOTICIASMERCEDINAS.COM","twitter_card":"summary_large_image","twitter_creator":"@notmercedinas","twitter_site":"@notmercedinas","twitter_misc":{"Escrito por":"NOTICIASMERCEDINAS.COM","Tiempo de lectura":"2 minutos"},"schema":{"@context":"https:\/\/schema.org","@graph":[{"@type":"Article","@id":"https:\/\/noticiasmercedinas.com\/site\/2026\/02\/24\/15-familias-mercedinas-recibieron-certificaciones-para-pequenas-unidades-productivas\/#article","isPartOf":{"@id":"https:\/\/noticiasmercedinas.com\/site\/2026\/02\/24\/15-familias-mercedinas-recibieron-certificaciones-para-pequenas-unidades-productivas\/"},"author":{"name":"NOTICIASMERCEDINAS.COM","@id":"https:\/\/noticiasmercedinas.com\/site\/#\/schema\/person\/84b59c099c28ff2e8b77d4ceec5d8063"},"headline":"15 familias mercedinas recibieron certificaciones para peque\u00f1as unidades productivas","datePublished":"2026-02-24T20:43:32+00:00","dateModified":"2026-02-24T21:45:14+00:00","mainEntityOfPage":{"@id":"https:\/\/noticiasmercedinas.com\/site\/2026\/02\/24\/15-familias-mercedinas-recibieron-certificaciones-para-pequenas-unidades-productivas\/"},"wordCount":368,"publisher":{"@id":"https:\/\/noticiasmercedinas.com\/site\/#organization"},"image":{"@id":"https:\/\/noticiasmercedinas.com\/site\/2026\/02\/24\/15-familias-mercedinas-recibieron-certificaciones-para-pequenas-unidades-productivas\/#primaryimage"},"thumbnailUrl":"https:\/\/noticiasmercedinas.com\/site\/wp-content\/uploads\/2026\/02\/Produccion.jpg","keywords":["Estaci\u00f3n Experimental Mercedes","produccion","pupaas"],"articleSection":["Sociedad"],"inLanguage":"es"},{"@type":"WebPage","@id":"https:\/\/noticiasmercedinas.com\/site\/2026\/02\/24\/15-familias-mercedinas-recibieron-certificaciones-para-pequenas-unidades-productivas\/","url":"https:\/\/noticiasmercedinas.com\/site\/2026\/02\/24\/15-familias-mercedinas-recibieron-certificaciones-para-pequenas-unidades-productivas\/","name":"15 familias mercedinas recibieron certificaciones para peque\u00f1as unidades productivas","isPartOf":{"@id":"https:\/\/noticiasmercedinas.com\/site\/#website"},"primaryImageOfPage":{"@id":"https:\/\/noticiasmercedinas.com\/site\/2026\/02\/24\/15-familias-mercedinas-recibieron-certificaciones-para-pequenas-unidades-productivas\/#primaryimage"},"image":{"@id":"https:\/\/noticiasmercedinas.com\/site\/2026\/02\/24\/15-familias-mercedinas-recibieron-certificaciones-para-pequenas-unidades-productivas\/#primaryimage"},"thumbnailUrl":"https:\/\/noticiasmercedinas.com\/site\/wp-content\/uploads\/2026\/02\/Produccion.jpg","datePublished":"2026-02-24T20:43:32+00:00","dateModified":"2026-02-24T21:45:14+00:00","description":"El intendente Juan Ignacio Ustarroz encabez\u00f3 la entrega de habilitaciones PUPAAs y cr\u00e9ditos del Fondo Agrario. Los beneficios permitir\u00e1n a los emprendedores acceder a cadenas comerciales y participar en las ferias de Mercados Bonaerenses.","breadcrumb":{"@id":"https:\/\/noticiasmercedinas.com\/site\/2026\/02\/24\/15-familias-mercedinas-recibieron-certificaciones-para-pequenas-unidades-productivas\/#breadcrumb"},"inLanguage":"es","potentialAction":[{"@type":"ReadAction","target":["https:\/\/noticiasmercedinas.com\/site\/2026\/02\/24\/15-familias-mercedinas-recibieron-certificaciones-para-pequenas-unidades-productivas\/"]}]},{"@type":"ImageObject","inLanguage":"es","@id":"https:\/\/noticiasmercedinas.com\/site\/2026\/02\/24\/15-familias-mercedinas-recibieron-certificaciones-para-pequenas-unidades-productivas\/#primaryimage","url":"https:\/\/noticiasmercedinas.com\/site\/wp-content\/uploads\/2026\/02\/Produccion.jpg","contentUrl":"https:\/\/noticiasmercedinas.com\/site\/wp-content\/uploads\/2026\/02\/Produccion.jpg","width":1319,"height":879},{"@type":"BreadcrumbList","@id":"https:\/\/noticiasmercedinas.com\/site\/2026\/02\/24\/15-familias-mercedinas-recibieron-certificaciones-para-pequenas-unidades-productivas\/#breadcrumb","itemListElement":[{"@type":"ListItem","position":1,"name":"Portada","item":"https:\/\/noticiasmercedinas.com\/site\/"},{"@type":"ListItem","position":2,"name":"15 familias mercedinas recibieron certificaciones para peque\u00f1as unidades productivas"}]},{"@type":"WebSite","@id":"https:\/\/noticiasmercedinas.com\/site\/#website","url":"https:\/\/noticiasmercedinas.com\/site\/","name":"NOTICIASMERCEDINAS.COM","description":"Mercedes, Buenos Aires, Argentina","publisher":{"@id":"https:\/\/noticiasmercedinas.com\/site\/#organization"},"potentialAction":[{"@type":"SearchAction","target":{"@type":"EntryPoint","urlTemplate":"https:\/\/noticiasmercedinas.com\/site\/?s={search_term_string}"},"query-input":{"@type":"PropertyValueSpecification","valueRequired":true,"valueName":"search_term_string"}}],"inLanguage":"es"},{"@type":"Organization","@id":"https:\/\/noticiasmercedinas.com\/site\/#organization","name":"NOTICIASMERCEDINAS.COM","url":"https:\/\/noticiasmercedinas.com\/site\/","logo":{"@type":"ImageObject","inLanguage":"es","@id":"https:\/\/noticiasmercedinas.com\/site\/#\/schema\/logo\/image\/","url":"https:\/\/noticiasmercedinas.com\/site\/wp-content\/uploads\/2020\/06\/LOGO-512.jpg","contentUrl":"https:\/\/noticiasmercedinas.com\/site\/wp-content\/uploads\/2020\/06\/LOGO-512.jpg","width":512,"height":512,"caption":"NOTICIASMERCEDINAS.COM"},"image":{"@id":"https:\/\/noticiasmercedinas.com\/site\/#\/schema\/logo\/image\/"},"sameAs":["https:\/\/www.facebook.com\/noticiasmercedinas\/","https:\/\/x.com\/notmercedinas","https:\/\/www.instagram.com\/noticiasmercedinas\/"]},{"@type":"Person","@id":"https:\/\/noticiasmercedinas.com\/site\/#\/schema\/person\/84b59c099c28ff2e8b77d4ceec5d8063","name":"NOTICIASMERCEDINAS.COM","image":{"@type":"ImageObject","inLanguage":"es","@id":"https:\/\/secure.gravatar.com\/avatar\/4dfbf16b4d17945bfb6341b2d19043457132fcf478a5ee04f42e959fd8f5df0a?s=96&d=mm&r=g","url":"https:\/\/secure.gravatar.com\/avatar\/4dfbf16b4d17945bfb6341b2d19043457132fcf478a5ee04f42e959fd8f5df0a?s=96&d=mm&r=g","contentUrl":"https:\/\/secure.gravatar.com\/avatar\/4dfbf16b4d17945bfb6341b2d19043457132fcf478a5ee04f42e959fd8f5df0a?s=96&d=mm&r=g","caption":"NOTICIASMERCEDINAS.COM"},"url":"https:\/\/noticiasmercedinas.com\/site\/author\/anonimo\/"}]}},"amp_enabled":true,"_links":{"self":[{"href":"https:\/\/noticiasmercedinas.com\/site\/wp-json\/wp\/v2\/posts\/180519","targetHints":{"allow":["GET"]}}],"collection":[{"href":"https:\/\/noticiasmercedinas.com\/site\/wp-json\/wp\/v2\/posts"}],"about":[{"href":"https:\/\/noticiasmercedinas.com\/site\/wp-json\/wp\/v2\/types\/post"}],"author":[{"embeddable":true,"href":"https:\/\/noticiasmercedinas.com\/site\/wp-json\/wp\/v2\/users\/16"}],"replies":[{"embeddable":true,"href":"https:\/\/noticiasmercedinas.com\/site\/wp-json\/wp\/v2\/comments?post=180519"}],"version-history":[{"count":1,"href":"https:\/\/noticiasmercedinas.com\/site\/wp-json\/wp\/v2\/posts\/180519\/revisions"}],"predecessor-version":[{"id":180521,"href":"https:\/\/noticiasmercedinas.com\/site\/wp-json\/wp\/v2\/posts\/180519\/revisions\/180521"}],"wp:featuredmedia":[{"embeddable":true,"href":"https:\/\/noticiasmercedinas.com\/site\/wp-json\/wp\/v2\/media\/180520"}],"wp:attachment":[{"href":"https:\/\/noticiasmercedinas.com\/site\/wp-json\/wp\/v2\/media?parent=180519"}],"wp:term":[{"taxonomy":"category","embeddable":true,"href":"https:\/\/noticiasmercedinas.com\/site\/wp-json\/wp\/v2\/categories?post=180519"},{"taxonomy":"post_tag","embeddable":true,"href":"https:\/\/noticiasmercedinas.com\/site\/wp-json\/wp\/v2\/tags?post=180519"}],"curies":[{"name":"wp","href":"https:\/\/api.w.org\/{rel}","templated":true}]}}