{"id":180553,"date":"2026-02-25T14:29:08","date_gmt":"2026-02-25T17:29:08","guid":{"rendered":"https:\/\/noticiasmercedinas.com\/site\/?p=180553"},"modified":"2026-02-25T14:33:49","modified_gmt":"2026-02-25T17:33:49","slug":"el-intendente-ustarroz-inaugurara-el-periodo-de-sesiones-ordinarias-con-un-fuerte-llamado-a-la-unidad-comunitaria","status":"publish","type":"post","link":"https:\/\/noticiasmercedinas.com\/site\/2026\/02\/25\/el-intendente-ustarroz-inaugurara-el-periodo-de-sesiones-ordinarias-con-un-fuerte-llamado-a-la-unidad-comunitaria\/","title":{"rendered":"El intendente Ustarroz inaugurar\u00e1 el per\u00edodo de sesiones ordinarias con un fuerte llamado a la unidad comunitaria"},"content":{"rendered":"<p><img loading=\"lazy\" decoding=\"async\" class=\"alignnone size-full wp-image-92042\" src=\"https:\/\/noticiasmercedinas.com\/site\/wp-content\/uploads\/2022\/05\/GAIMG_3227juaniUstarroz.jpg\" alt=\"\" width=\"640\" height=\"427\" srcset=\"https:\/\/noticiasmercedinas.com\/site\/wp-content\/uploads\/2022\/05\/GAIMG_3227juaniUstarroz.jpg 640w, https:\/\/noticiasmercedinas.com\/site\/wp-content\/uploads\/2022\/05\/GAIMG_3227juaniUstarroz-300x200.jpg 300w\" sizes=\"auto, (max-width: 640px) 100vw, 640px\" \/><\/p>\n<p>El escenario pol\u00edtico local se prepara para el inicio formal del a\u00f1o legislativo. En este sentido la presidenta del Honorable Concejo Deliberante (HCD), Mariana San Mart\u00edn, anunci\u00f3 oficialmente que el mi\u00e9rcoles 4 de marzo a las 19:00 horas el intendente Juan Ignacio Ustarroz brindar\u00e1 su discurso anual en el marco de la apertura de sesiones ordinarias.<\/p>\n<p>El evento, que tendr\u00e1 lugar en el Teatro Argentino, contar\u00e1 con la presencia del cuerpo de concejales, autoridades e instituciones, y se hizo extensiva la invitaci\u00f3n a toda la comunidad mercedina.<\/p>\n<p>Seg\u00fan dijo a este medio San Mart\u00edn, tras este inicio formal, la primera sesi\u00f3n ordinaria del a\u00f1o se llevar\u00e1 a cabo el 9 de marzo a las 19:00 horas en el recinto del HCD.<\/p>\n<p><strong>Un balance con enfoque colectivo<\/strong><br \/>\nM\u00e1s all\u00e1 del repaso t\u00e9cnico de la gesti\u00f3n y el adelanto de nuevos proyectos de ordenanza, San Mart\u00edn puso especial \u00e9nfasis en la filosof\u00eda que gu\u00eda el discurso del Ejecutivo.<\/p>\n<p>Al respecto, la funcionaria record\u00f3 una premisa fundamental que el intendente expres\u00f3 al asumir su mandato y que, seg\u00fan ella, marcar\u00e1 el tono del mi\u00e9rcoles venidero: \u00abLos logros no son de un gobierno, sino de un pueblo que se une y que trabaja\u00bb.<\/p>\n<p>Para la presidenta del cuerpo deliberativo, esta visi\u00f3n de construcci\u00f3n colectiva es la que permite que el trabajo sea \u00abcontinuo y planificado\u00bb.<\/p>\n<p>\u00abMe qued\u00f3 muy presente esa frase que ha repetido en anteriores oportunidades el intendente. Seguramente la propuesta una vez m\u00e1s va a ser esa: convocar a toda la comunidad\u00bb, reflexion\u00f3 San Mart\u00edn al ser consultada en relaci\u00f3n a las expectativas del discurso anual.<\/p>\n<p><strong>El cronograma legislativo 2026<\/strong><br \/>\nLa apertura en el teatro funciona como el puntapi\u00e9 inicial para la actividad parlamentaria del a\u00f1o.<\/p>\n<p>El calendario institucional ha quedado configurado de la siguiente manera:<\/p>\n<p>* Apertura de Sesiones y Discurso Anual: Mi\u00e9rcoles 4 de marzo, 19:00 hs (Teatro Argentino). Balance de Gesti\u00f3n: Repaso de lo hecho en el a\u00f1o anterior y anuncios de nuevos proyectos.<\/p>\n<p>* Primera Sesi\u00f3n Ordinaria: Lunes 9 de marzo, 19:00 hs (Recinto del HCD).<\/p>\n<p>La convocatoria busca no solo cumplir con la formalidad administrativa, sino tambi\u00e9n ratificar el v\u00ednculo entre el Estado municipal y los vecinos.<\/p>\n<p>Por \u00faltimo San Mart\u00edn destac\u00f3 que el inicio de sesiones es la oportunidad para escuchar la hoja de ruta del Ejecutivo, la cual suele estar ligada a la participaci\u00f3n activa de los sectores sociales de Mercedes.<\/p>\n","protected":false},"excerpt":{"rendered":"<p>\u25a0 La presidenta del HCD, Mariana San Mart\u00edn, confirm\u00f3 que el acto ser\u00e1 este mi\u00e9rcoles a las 19:00 en el Teatro Argentino. Destac\u00f3 que el eje de la gesti\u00f3n no reside solo en el gobierno, sino en los logros de un \u00abpueblo que trabaja unido\u00bb.<\/p>\n","protected":false},"author":16,"featured_media":92042,"comment_status":"closed","ping_status":"closed","sticky":false,"template":"","format":"standard","meta":{"footnotes":""},"categories":[16],"tags":[3787,243,3766,266,156],"class_list":["post-180553","post","type-post","status-publish","format-standard","has-post-thumbnail","hentry","category-politica","tag-apertura-de-sesiones","tag-concejo-deliberante","tag-discurso-anual","tag-juan-ignacio-ustarroz","tag-mariana-san-martin"],"yoast_head":"<!-- This site is optimized with the Yoast SEO plugin v27.5 - https:\/\/yoast.com\/product\/yoast-seo-wordpress\/ -->\n<title>El intendente Ustarroz inaugurar\u00e1 el per\u00edodo de sesiones ordinarias con un fuerte llamado a la unidad comunitaria<\/title>\n<meta name=\"description\" content=\"La presidenta del HCD, Mariana San Mart\u00edn, confirm\u00f3 que el acto ser\u00e1 este mi\u00e9rcoles a las 19:00 en el Teatro Argentino. Destac\u00f3 que el eje de la gesti\u00f3n no reside solo en el gobierno, sino en los logros de un &quot;pueblo que trabaja unido&quot;.\" \/>\n<meta name=\"robots\" content=\"index, follow, max-snippet:-1, max-image-preview:large, max-video-preview:-1\" \/>\n<link rel=\"canonical\" href=\"https:\/\/noticiasmercedinas.com\/site\/2026\/02\/25\/el-intendente-ustarroz-inaugurara-el-periodo-de-sesiones-ordinarias-con-un-fuerte-llamado-a-la-unidad-comunitaria\/\" \/>\n<meta property=\"og:locale\" content=\"es_ES\" \/>\n<meta property=\"og:type\" content=\"article\" \/>\n<meta property=\"og:title\" content=\"El intendente Ustarroz inaugurar\u00e1 el per\u00edodo de sesiones ordinarias con un fuerte llamado a la unidad comunitaria\" \/>\n<meta property=\"og:description\" content=\"La presidenta del HCD, Mariana San Mart\u00edn, confirm\u00f3 que el acto ser\u00e1 este mi\u00e9rcoles a las 19:00 en el Teatro Argentino. Destac\u00f3 que el eje de la gesti\u00f3n no reside solo en el gobierno, sino en los logros de un &quot;pueblo que trabaja unido&quot;.\" \/>\n<meta property=\"og:url\" content=\"https:\/\/noticiasmercedinas.com\/site\/2026\/02\/25\/el-intendente-ustarroz-inaugurara-el-periodo-de-sesiones-ordinarias-con-un-fuerte-llamado-a-la-unidad-comunitaria\/\" \/>\n<meta property=\"og:site_name\" content=\"NOTICIASMERCEDINAS.COM\" \/>\n<meta property=\"article:publisher\" content=\"https:\/\/www.facebook.com\/noticiasmercedinas\/\" \/>\n<meta property=\"article:published_time\" content=\"2026-02-25T17:29:08+00:00\" \/>\n<meta property=\"article:modified_time\" content=\"2026-02-25T17:33:49+00:00\" \/>\n<meta property=\"og:image\" content=\"https:\/\/noticiasmercedinas.com\/site\/wp-content\/uploads\/2022\/05\/GAIMG_3227juaniUstarroz.jpg\" \/>\n\t<meta property=\"og:image:width\" content=\"640\" \/>\n\t<meta property=\"og:image:height\" content=\"427\" \/>\n\t<meta property=\"og:image:type\" content=\"image\/jpeg\" \/>\n<meta name=\"author\" content=\"NOTICIASMERCEDINAS.COM\" \/>\n<meta name=\"twitter:card\" content=\"summary_large_image\" \/>\n<meta name=\"twitter:creator\" content=\"@notmercedinas\" \/>\n<meta name=\"twitter:site\" content=\"@notmercedinas\" \/>\n<meta name=\"twitter:label1\" content=\"Escrito por\" \/>\n\t<meta name=\"twitter:data1\" content=\"NOTICIASMERCEDINAS.COM\" \/>\n\t<meta name=\"twitter:label2\" content=\"Tiempo de lectura\" \/>\n\t<meta name=\"twitter:data2\" content=\"3 minutos\" \/>\n<script type=\"application\/ld+json\" class=\"yoast-schema-graph\">{\"@context\":\"https:\\\/\\\/schema.org\",\"@graph\":[{\"@type\":\"Article\",\"@id\":\"https:\\\/\\\/noticiasmercedinas.com\\\/site\\\/2026\\\/02\\\/25\\\/el-intendente-ustarroz-inaugurara-el-periodo-de-sesiones-ordinarias-con-un-fuerte-llamado-a-la-unidad-comunitaria\\\/#article\",\"isPartOf\":{\"@id\":\"https:\\\/\\\/noticiasmercedinas.com\\\/site\\\/2026\\\/02\\\/25\\\/el-intendente-ustarroz-inaugurara-el-periodo-de-sesiones-ordinarias-con-un-fuerte-llamado-a-la-unidad-comunitaria\\\/\"},\"author\":{\"name\":\"NOTICIASMERCEDINAS.COM\",\"@id\":\"https:\\\/\\\/noticiasmercedinas.com\\\/site\\\/#\\\/schema\\\/person\\\/84b59c099c28ff2e8b77d4ceec5d8063\"},\"headline\":\"El intendente Ustarroz inaugurar\u00e1 el per\u00edodo de sesiones ordinarias con un fuerte llamado a la unidad comunitaria\",\"datePublished\":\"2026-02-25T17:29:08+00:00\",\"dateModified\":\"2026-02-25T17:33:49+00:00\",\"mainEntityOfPage\":{\"@id\":\"https:\\\/\\\/noticiasmercedinas.com\\\/site\\\/2026\\\/02\\\/25\\\/el-intendente-ustarroz-inaugurara-el-periodo-de-sesiones-ordinarias-con-un-fuerte-llamado-a-la-unidad-comunitaria\\\/\"},\"wordCount\":434,\"publisher\":{\"@id\":\"https:\\\/\\\/noticiasmercedinas.com\\\/site\\\/#organization\"},\"image\":{\"@id\":\"https:\\\/\\\/noticiasmercedinas.com\\\/site\\\/2026\\\/02\\\/25\\\/el-intendente-ustarroz-inaugurara-el-periodo-de-sesiones-ordinarias-con-un-fuerte-llamado-a-la-unidad-comunitaria\\\/#primaryimage\"},\"thumbnailUrl\":\"https:\\\/\\\/noticiasmercedinas.com\\\/site\\\/wp-content\\\/uploads\\\/2022\\\/05\\\/GAIMG_3227juaniUstarroz.jpg\",\"keywords\":[\"apertura de sesiones\",\"concejo deliberante\",\"discurso anual\",\"juan ignacio ustarroz\",\"mariana san martin\"],\"articleSection\":[\"Politica\"],\"inLanguage\":\"es\"},{\"@type\":\"WebPage\",\"@id\":\"https:\\\/\\\/noticiasmercedinas.com\\\/site\\\/2026\\\/02\\\/25\\\/el-intendente-ustarroz-inaugurara-el-periodo-de-sesiones-ordinarias-con-un-fuerte-llamado-a-la-unidad-comunitaria\\\/\",\"url\":\"https:\\\/\\\/noticiasmercedinas.com\\\/site\\\/2026\\\/02\\\/25\\\/el-intendente-ustarroz-inaugurara-el-periodo-de-sesiones-ordinarias-con-un-fuerte-llamado-a-la-unidad-comunitaria\\\/\",\"name\":\"El intendente Ustarroz inaugurar\u00e1 el per\u00edodo de sesiones ordinarias con un fuerte llamado a la unidad comunitaria\",\"isPartOf\":{\"@id\":\"https:\\\/\\\/noticiasmercedinas.com\\\/site\\\/#website\"},\"primaryImageOfPage\":{\"@id\":\"https:\\\/\\\/noticiasmercedinas.com\\\/site\\\/2026\\\/02\\\/25\\\/el-intendente-ustarroz-inaugurara-el-periodo-de-sesiones-ordinarias-con-un-fuerte-llamado-a-la-unidad-comunitaria\\\/#primaryimage\"},\"image\":{\"@id\":\"https:\\\/\\\/noticiasmercedinas.com\\\/site\\\/2026\\\/02\\\/25\\\/el-intendente-ustarroz-inaugurara-el-periodo-de-sesiones-ordinarias-con-un-fuerte-llamado-a-la-unidad-comunitaria\\\/#primaryimage\"},\"thumbnailUrl\":\"https:\\\/\\\/noticiasmercedinas.com\\\/site\\\/wp-content\\\/uploads\\\/2022\\\/05\\\/GAIMG_3227juaniUstarroz.jpg\",\"datePublished\":\"2026-02-25T17:29:08+00:00\",\"dateModified\":\"2026-02-25T17:33:49+00:00\",\"description\":\"La presidenta del HCD, Mariana San Mart\u00edn, confirm\u00f3 que el acto ser\u00e1 este mi\u00e9rcoles a las 19:00 en el Teatro Argentino. Destac\u00f3 que el eje de la gesti\u00f3n no reside solo en el gobierno, sino en los logros de un \\\"pueblo que trabaja unido\\\".\",\"breadcrumb\":{\"@id\":\"https:\\\/\\\/noticiasmercedinas.com\\\/site\\\/2026\\\/02\\\/25\\\/el-intendente-ustarroz-inaugurara-el-periodo-de-sesiones-ordinarias-con-un-fuerte-llamado-a-la-unidad-comunitaria\\\/#breadcrumb\"},\"inLanguage\":\"es\",\"potentialAction\":[{\"@type\":\"ReadAction\",\"target\":[\"https:\\\/\\\/noticiasmercedinas.com\\\/site\\\/2026\\\/02\\\/25\\\/el-intendente-ustarroz-inaugurara-el-periodo-de-sesiones-ordinarias-con-un-fuerte-llamado-a-la-unidad-comunitaria\\\/\"]}]},{\"@type\":\"ImageObject\",\"inLanguage\":\"es\",\"@id\":\"https:\\\/\\\/noticiasmercedinas.com\\\/site\\\/2026\\\/02\\\/25\\\/el-intendente-ustarroz-inaugurara-el-periodo-de-sesiones-ordinarias-con-un-fuerte-llamado-a-la-unidad-comunitaria\\\/#primaryimage\",\"url\":\"https:\\\/\\\/noticiasmercedinas.com\\\/site\\\/wp-content\\\/uploads\\\/2022\\\/05\\\/GAIMG_3227juaniUstarroz.jpg\",\"contentUrl\":\"https:\\\/\\\/noticiasmercedinas.com\\\/site\\\/wp-content\\\/uploads\\\/2022\\\/05\\\/GAIMG_3227juaniUstarroz.jpg\",\"width\":640,\"height\":427},{\"@type\":\"BreadcrumbList\",\"@id\":\"https:\\\/\\\/noticiasmercedinas.com\\\/site\\\/2026\\\/02\\\/25\\\/el-intendente-ustarroz-inaugurara-el-periodo-de-sesiones-ordinarias-con-un-fuerte-llamado-a-la-unidad-comunitaria\\\/#breadcrumb\",\"itemListElement\":[{\"@type\":\"ListItem\",\"position\":1,\"name\":\"Portada\",\"item\":\"https:\\\/\\\/noticiasmercedinas.com\\\/site\\\/\"},{\"@type\":\"ListItem\",\"position\":2,\"name\":\"El intendente Ustarroz inaugurar\u00e1 el per\u00edodo de sesiones ordinarias con un fuerte llamado a la unidad comunitaria\"}]},{\"@type\":\"WebSite\",\"@id\":\"https:\\\/\\\/noticiasmercedinas.com\\\/site\\\/#website\",\"url\":\"https:\\\/\\\/noticiasmercedinas.com\\\/site\\\/\",\"name\":\"NOTICIASMERCEDINAS.COM\",\"description\":\"Mercedes, Buenos Aires, Argentina\",\"publisher\":{\"@id\":\"https:\\\/\\\/noticiasmercedinas.com\\\/site\\\/#organization\"},\"potentialAction\":[{\"@type\":\"SearchAction\",\"target\":{\"@type\":\"EntryPoint\",\"urlTemplate\":\"https:\\\/\\\/noticiasmercedinas.com\\\/site\\\/?s={search_term_string}\"},\"query-input\":{\"@type\":\"PropertyValueSpecification\",\"valueRequired\":true,\"valueName\":\"search_term_string\"}}],\"inLanguage\":\"es\"},{\"@type\":\"Organization\",\"@id\":\"https:\\\/\\\/noticiasmercedinas.com\\\/site\\\/#organization\",\"name\":\"NOTICIASMERCEDINAS.COM\",\"url\":\"https:\\\/\\\/noticiasmercedinas.com\\\/site\\\/\",\"logo\":{\"@type\":\"ImageObject\",\"inLanguage\":\"es\",\"@id\":\"https:\\\/\\\/noticiasmercedinas.com\\\/site\\\/#\\\/schema\\\/logo\\\/image\\\/\",\"url\":\"https:\\\/\\\/noticiasmercedinas.com\\\/site\\\/wp-content\\\/uploads\\\/2020\\\/06\\\/LOGO-512.jpg\",\"contentUrl\":\"https:\\\/\\\/noticiasmercedinas.com\\\/site\\\/wp-content\\\/uploads\\\/2020\\\/06\\\/LOGO-512.jpg\",\"width\":512,\"height\":512,\"caption\":\"NOTICIASMERCEDINAS.COM\"},\"image\":{\"@id\":\"https:\\\/\\\/noticiasmercedinas.com\\\/site\\\/#\\\/schema\\\/logo\\\/image\\\/\"},\"sameAs\":[\"https:\\\/\\\/www.facebook.com\\\/noticiasmercedinas\\\/\",\"https:\\\/\\\/x.com\\\/notmercedinas\",\"https:\\\/\\\/www.instagram.com\\\/noticiasmercedinas\\\/\"]},{\"@type\":\"Person\",\"@id\":\"https:\\\/\\\/noticiasmercedinas.com\\\/site\\\/#\\\/schema\\\/person\\\/84b59c099c28ff2e8b77d4ceec5d8063\",\"name\":\"NOTICIASMERCEDINAS.COM\",\"image\":{\"@type\":\"ImageObject\",\"inLanguage\":\"es\",\"@id\":\"https:\\\/\\\/secure.gravatar.com\\\/avatar\\\/4dfbf16b4d17945bfb6341b2d19043457132fcf478a5ee04f42e959fd8f5df0a?s=96&d=mm&r=g\",\"url\":\"https:\\\/\\\/secure.gravatar.com\\\/avatar\\\/4dfbf16b4d17945bfb6341b2d19043457132fcf478a5ee04f42e959fd8f5df0a?s=96&d=mm&r=g\",\"contentUrl\":\"https:\\\/\\\/secure.gravatar.com\\\/avatar\\\/4dfbf16b4d17945bfb6341b2d19043457132fcf478a5ee04f42e959fd8f5df0a?s=96&d=mm&r=g\",\"caption\":\"NOTICIASMERCEDINAS.COM\"},\"url\":\"https:\\\/\\\/noticiasmercedinas.com\\\/site\\\/author\\\/anonimo\\\/\"}]}<\/script>\n<!-- \/ Yoast SEO plugin. -->","yoast_head_json":{"title":"El intendente Ustarroz inaugurar\u00e1 el per\u00edodo de sesiones ordinarias con un fuerte llamado a la unidad comunitaria","description":"La presidenta del HCD, Mariana San Mart\u00edn, confirm\u00f3 que el acto ser\u00e1 este mi\u00e9rcoles a las 19:00 en el Teatro Argentino. Destac\u00f3 que el eje de la gesti\u00f3n no reside solo en el gobierno, sino en los logros de un \"pueblo que trabaja unido\".","robots":{"index":"index","follow":"follow","max-snippet":"max-snippet:-1","max-image-preview":"max-image-preview:large","max-video-preview":"max-video-preview:-1"},"canonical":"https:\/\/noticiasmercedinas.com\/site\/2026\/02\/25\/el-intendente-ustarroz-inaugurara-el-periodo-de-sesiones-ordinarias-con-un-fuerte-llamado-a-la-unidad-comunitaria\/","og_locale":"es_ES","og_type":"article","og_title":"El intendente Ustarroz inaugurar\u00e1 el per\u00edodo de sesiones ordinarias con un fuerte llamado a la unidad comunitaria","og_description":"La presidenta del HCD, Mariana San Mart\u00edn, confirm\u00f3 que el acto ser\u00e1 este mi\u00e9rcoles a las 19:00 en el Teatro Argentino. Destac\u00f3 que el eje de la gesti\u00f3n no reside solo en el gobierno, sino en los logros de un \"pueblo que trabaja unido\".","og_url":"https:\/\/noticiasmercedinas.com\/site\/2026\/02\/25\/el-intendente-ustarroz-inaugurara-el-periodo-de-sesiones-ordinarias-con-un-fuerte-llamado-a-la-unidad-comunitaria\/","og_site_name":"NOTICIASMERCEDINAS.COM","article_publisher":"https:\/\/www.facebook.com\/noticiasmercedinas\/","article_published_time":"2026-02-25T17:29:08+00:00","article_modified_time":"2026-02-25T17:33:49+00:00","og_image":[{"width":640,"height":427,"url":"https:\/\/noticiasmercedinas.com\/site\/wp-content\/uploads\/2022\/05\/GAIMG_3227juaniUstarroz.jpg","type":"image\/jpeg"}],"author":"NOTICIASMERCEDINAS.COM","twitter_card":"summary_large_image","twitter_creator":"@notmercedinas","twitter_site":"@notmercedinas","twitter_misc":{"Escrito por":"NOTICIASMERCEDINAS.COM","Tiempo de lectura":"3 minutos"},"schema":{"@context":"https:\/\/schema.org","@graph":[{"@type":"Article","@id":"https:\/\/noticiasmercedinas.com\/site\/2026\/02\/25\/el-intendente-ustarroz-inaugurara-el-periodo-de-sesiones-ordinarias-con-un-fuerte-llamado-a-la-unidad-comunitaria\/#article","isPartOf":{"@id":"https:\/\/noticiasmercedinas.com\/site\/2026\/02\/25\/el-intendente-ustarroz-inaugurara-el-periodo-de-sesiones-ordinarias-con-un-fuerte-llamado-a-la-unidad-comunitaria\/"},"author":{"name":"NOTICIASMERCEDINAS.COM","@id":"https:\/\/noticiasmercedinas.com\/site\/#\/schema\/person\/84b59c099c28ff2e8b77d4ceec5d8063"},"headline":"El intendente Ustarroz inaugurar\u00e1 el per\u00edodo de sesiones ordinarias con un fuerte llamado a la unidad comunitaria","datePublished":"2026-02-25T17:29:08+00:00","dateModified":"2026-02-25T17:33:49+00:00","mainEntityOfPage":{"@id":"https:\/\/noticiasmercedinas.com\/site\/2026\/02\/25\/el-intendente-ustarroz-inaugurara-el-periodo-de-sesiones-ordinarias-con-un-fuerte-llamado-a-la-unidad-comunitaria\/"},"wordCount":434,"publisher":{"@id":"https:\/\/noticiasmercedinas.com\/site\/#organization"},"image":{"@id":"https:\/\/noticiasmercedinas.com\/site\/2026\/02\/25\/el-intendente-ustarroz-inaugurara-el-periodo-de-sesiones-ordinarias-con-un-fuerte-llamado-a-la-unidad-comunitaria\/#primaryimage"},"thumbnailUrl":"https:\/\/noticiasmercedinas.com\/site\/wp-content\/uploads\/2022\/05\/GAIMG_3227juaniUstarroz.jpg","keywords":["apertura de sesiones","concejo deliberante","discurso anual","juan ignacio ustarroz","mariana san martin"],"articleSection":["Politica"],"inLanguage":"es"},{"@type":"WebPage","@id":"https:\/\/noticiasmercedinas.com\/site\/2026\/02\/25\/el-intendente-ustarroz-inaugurara-el-periodo-de-sesiones-ordinarias-con-un-fuerte-llamado-a-la-unidad-comunitaria\/","url":"https:\/\/noticiasmercedinas.com\/site\/2026\/02\/25\/el-intendente-ustarroz-inaugurara-el-periodo-de-sesiones-ordinarias-con-un-fuerte-llamado-a-la-unidad-comunitaria\/","name":"El intendente Ustarroz inaugurar\u00e1 el per\u00edodo de sesiones ordinarias con un fuerte llamado a la unidad comunitaria","isPartOf":{"@id":"https:\/\/noticiasmercedinas.com\/site\/#website"},"primaryImageOfPage":{"@id":"https:\/\/noticiasmercedinas.com\/site\/2026\/02\/25\/el-intendente-ustarroz-inaugurara-el-periodo-de-sesiones-ordinarias-con-un-fuerte-llamado-a-la-unidad-comunitaria\/#primaryimage"},"image":{"@id":"https:\/\/noticiasmercedinas.com\/site\/2026\/02\/25\/el-intendente-ustarroz-inaugurara-el-periodo-de-sesiones-ordinarias-con-un-fuerte-llamado-a-la-unidad-comunitaria\/#primaryimage"},"thumbnailUrl":"https:\/\/noticiasmercedinas.com\/site\/wp-content\/uploads\/2022\/05\/GAIMG_3227juaniUstarroz.jpg","datePublished":"2026-02-25T17:29:08+00:00","dateModified":"2026-02-25T17:33:49+00:00","description":"La presidenta del HCD, Mariana San Mart\u00edn, confirm\u00f3 que el acto ser\u00e1 este mi\u00e9rcoles a las 19:00 en el Teatro Argentino. Destac\u00f3 que el eje de la gesti\u00f3n no reside solo en el gobierno, sino en los logros de un \"pueblo que trabaja unido\".","breadcrumb":{"@id":"https:\/\/noticiasmercedinas.com\/site\/2026\/02\/25\/el-intendente-ustarroz-inaugurara-el-periodo-de-sesiones-ordinarias-con-un-fuerte-llamado-a-la-unidad-comunitaria\/#breadcrumb"},"inLanguage":"es","potentialAction":[{"@type":"ReadAction","target":["https:\/\/noticiasmercedinas.com\/site\/2026\/02\/25\/el-intendente-ustarroz-inaugurara-el-periodo-de-sesiones-ordinarias-con-un-fuerte-llamado-a-la-unidad-comunitaria\/"]}]},{"@type":"ImageObject","inLanguage":"es","@id":"https:\/\/noticiasmercedinas.com\/site\/2026\/02\/25\/el-intendente-ustarroz-inaugurara-el-periodo-de-sesiones-ordinarias-con-un-fuerte-llamado-a-la-unidad-comunitaria\/#primaryimage","url":"https:\/\/noticiasmercedinas.com\/site\/wp-content\/uploads\/2022\/05\/GAIMG_3227juaniUstarroz.jpg","contentUrl":"https:\/\/noticiasmercedinas.com\/site\/wp-content\/uploads\/2022\/05\/GAIMG_3227juaniUstarroz.jpg","width":640,"height":427},{"@type":"BreadcrumbList","@id":"https:\/\/noticiasmercedinas.com\/site\/2026\/02\/25\/el-intendente-ustarroz-inaugurara-el-periodo-de-sesiones-ordinarias-con-un-fuerte-llamado-a-la-unidad-comunitaria\/#breadcrumb","itemListElement":[{"@type":"ListItem","position":1,"name":"Portada","item":"https:\/\/noticiasmercedinas.com\/site\/"},{"@type":"ListItem","position":2,"name":"El intendente Ustarroz inaugurar\u00e1 el per\u00edodo de sesiones ordinarias con un fuerte llamado a la unidad comunitaria"}]},{"@type":"WebSite","@id":"https:\/\/noticiasmercedinas.com\/site\/#website","url":"https:\/\/noticiasmercedinas.com\/site\/","name":"NOTICIASMERCEDINAS.COM","description":"Mercedes, Buenos Aires, Argentina","publisher":{"@id":"https:\/\/noticiasmercedinas.com\/site\/#organization"},"potentialAction":[{"@type":"SearchAction","target":{"@type":"EntryPoint","urlTemplate":"https:\/\/noticiasmercedinas.com\/site\/?s={search_term_string}"},"query-input":{"@type":"PropertyValueSpecification","valueRequired":true,"valueName":"search_term_string"}}],"inLanguage":"es"},{"@type":"Organization","@id":"https:\/\/noticiasmercedinas.com\/site\/#organization","name":"NOTICIASMERCEDINAS.COM","url":"https:\/\/noticiasmercedinas.com\/site\/","logo":{"@type":"ImageObject","inLanguage":"es","@id":"https:\/\/noticiasmercedinas.com\/site\/#\/schema\/logo\/image\/","url":"https:\/\/noticiasmercedinas.com\/site\/wp-content\/uploads\/2020\/06\/LOGO-512.jpg","contentUrl":"https:\/\/noticiasmercedinas.com\/site\/wp-content\/uploads\/2020\/06\/LOGO-512.jpg","width":512,"height":512,"caption":"NOTICIASMERCEDINAS.COM"},"image":{"@id":"https:\/\/noticiasmercedinas.com\/site\/#\/schema\/logo\/image\/"},"sameAs":["https:\/\/www.facebook.com\/noticiasmercedinas\/","https:\/\/x.com\/notmercedinas","https:\/\/www.instagram.com\/noticiasmercedinas\/"]},{"@type":"Person","@id":"https:\/\/noticiasmercedinas.com\/site\/#\/schema\/person\/84b59c099c28ff2e8b77d4ceec5d8063","name":"NOTICIASMERCEDINAS.COM","image":{"@type":"ImageObject","inLanguage":"es","@id":"https:\/\/secure.gravatar.com\/avatar\/4dfbf16b4d17945bfb6341b2d19043457132fcf478a5ee04f42e959fd8f5df0a?s=96&d=mm&r=g","url":"https:\/\/secure.gravatar.com\/avatar\/4dfbf16b4d17945bfb6341b2d19043457132fcf478a5ee04f42e959fd8f5df0a?s=96&d=mm&r=g","contentUrl":"https:\/\/secure.gravatar.com\/avatar\/4dfbf16b4d17945bfb6341b2d19043457132fcf478a5ee04f42e959fd8f5df0a?s=96&d=mm&r=g","caption":"NOTICIASMERCEDINAS.COM"},"url":"https:\/\/noticiasmercedinas.com\/site\/author\/anonimo\/"}]}},"amp_enabled":true,"_links":{"self":[{"href":"https:\/\/noticiasmercedinas.com\/site\/wp-json\/wp\/v2\/posts\/180553","targetHints":{"allow":["GET"]}}],"collection":[{"href":"https:\/\/noticiasmercedinas.com\/site\/wp-json\/wp\/v2\/posts"}],"about":[{"href":"https:\/\/noticiasmercedinas.com\/site\/wp-json\/wp\/v2\/types\/post"}],"author":[{"embeddable":true,"href":"https:\/\/noticiasmercedinas.com\/site\/wp-json\/wp\/v2\/users\/16"}],"replies":[{"embeddable":true,"href":"https:\/\/noticiasmercedinas.com\/site\/wp-json\/wp\/v2\/comments?post=180553"}],"version-history":[{"count":5,"href":"https:\/\/noticiasmercedinas.com\/site\/wp-json\/wp\/v2\/posts\/180553\/revisions"}],"predecessor-version":[{"id":180565,"href":"https:\/\/noticiasmercedinas.com\/site\/wp-json\/wp\/v2\/posts\/180553\/revisions\/180565"}],"wp:featuredmedia":[{"embeddable":true,"href":"https:\/\/noticiasmercedinas.com\/site\/wp-json\/wp\/v2\/media\/92042"}],"wp:attachment":[{"href":"https:\/\/noticiasmercedinas.com\/site\/wp-json\/wp\/v2\/media?parent=180553"}],"wp:term":[{"taxonomy":"category","embeddable":true,"href":"https:\/\/noticiasmercedinas.com\/site\/wp-json\/wp\/v2\/categories?post=180553"},{"taxonomy":"post_tag","embeddable":true,"href":"https:\/\/noticiasmercedinas.com\/site\/wp-json\/wp\/v2\/tags?post=180553"}],"curies":[{"name":"wp","href":"https:\/\/api.w.org\/{rel}","templated":true}]}}