{"id":180591,"date":"2026-02-26T09:21:00","date_gmt":"2026-02-26T12:21:00","guid":{"rendered":"https:\/\/noticiasmercedinas.com\/site\/?p=180591"},"modified":"2026-02-26T09:21:50","modified_gmt":"2026-02-26T12:21:50","slug":"todos-pudieron-terminar-el-enduro-del-verano-mision-cumplida-para-los-mercedinos","status":"publish","type":"post","link":"https:\/\/noticiasmercedinas.com\/site\/2026\/02\/26\/todos-pudieron-terminar-el-enduro-del-verano-mision-cumplida-para-los-mercedinos\/","title":{"rendered":"Todos pudieron terminar el Enduro del Verano: misi\u00f3n cumplida para los mercedinos"},"content":{"rendered":"<p><img loading=\"lazy\" decoding=\"async\" class=\"alignnone size-full wp-image-180592\" src=\"https:\/\/noticiasmercedinas.com\/site\/wp-content\/uploads\/2026\/02\/WhatsApp-Image-2026-02-26-at-8.58.52-AM.jpeg\" alt=\"\" width=\"1280\" height=\"960\" srcset=\"https:\/\/noticiasmercedinas.com\/site\/wp-content\/uploads\/2026\/02\/WhatsApp-Image-2026-02-26-at-8.58.52-AM.jpeg 1280w, https:\/\/noticiasmercedinas.com\/site\/wp-content\/uploads\/2026\/02\/WhatsApp-Image-2026-02-26-at-8.58.52-AM-300x225.jpeg 300w, https:\/\/noticiasmercedinas.com\/site\/wp-content\/uploads\/2026\/02\/WhatsApp-Image-2026-02-26-at-8.58.52-AM-1024x768.jpeg 1024w, https:\/\/noticiasmercedinas.com\/site\/wp-content\/uploads\/2026\/02\/WhatsApp-Image-2026-02-26-at-8.58.52-AM-768x576.jpeg 768w, https:\/\/noticiasmercedinas.com\/site\/wp-content\/uploads\/2026\/02\/WhatsApp-Image-2026-02-26-at-8.58.52-AM-80x60.jpeg 80w, https:\/\/noticiasmercedinas.com\/site\/wp-content\/uploads\/2026\/02\/WhatsApp-Image-2026-02-26-at-8.58.52-AM-160x120.jpeg 160w, https:\/\/noticiasmercedinas.com\/site\/wp-content\/uploads\/2026\/02\/WhatsApp-Image-2026-02-26-at-8.58.52-AM-100x75.jpeg 100w, https:\/\/noticiasmercedinas.com\/site\/wp-content\/uploads\/2026\/02\/WhatsApp-Image-2026-02-26-at-8.58.52-AM-200x150.jpeg 200w, https:\/\/noticiasmercedinas.com\/site\/wp-content\/uploads\/2026\/02\/WhatsApp-Image-2026-02-26-at-8.58.52-AM-180x135.jpeg 180w, https:\/\/noticiasmercedinas.com\/site\/wp-content\/uploads\/2026\/02\/WhatsApp-Image-2026-02-26-at-8.58.52-AM-360x270.jpeg 360w, https:\/\/noticiasmercedinas.com\/site\/wp-content\/uploads\/2026\/02\/WhatsApp-Image-2026-02-26-at-8.58.52-AM-238x178.jpeg 238w, https:\/\/noticiasmercedinas.com\/site\/wp-content\/uploads\/2026\/02\/WhatsApp-Image-2026-02-26-at-8.58.52-AM-476x356.jpeg 476w, https:\/\/noticiasmercedinas.com\/site\/wp-content\/uploads\/2026\/02\/WhatsApp-Image-2026-02-26-at-8.58.52-AM-640x480.jpeg 640w, https:\/\/noticiasmercedinas.com\/site\/wp-content\/uploads\/2026\/02\/WhatsApp-Image-2026-02-26-at-8.58.52-AM-681x511.jpeg 681w\" sizes=\"auto, (max-width: 1280px) 100vw, 1280px\" \/><\/p>\n<p>Una nueva y exitosa edici\u00f3n del Enduro del Verano se concret\u00f3 el pasado fin de semana en la costa atl\u00e1ntica argentina. Fue la n\u00famero 31, con m\u00e1s de 750 motos inscriptas para el main event, es decir la carrera mayor del d\u00eda domingo.<\/p>\n<p>La actividad suele comenzar el viernes con la carrera de Supercross y continuar el s\u00e1bado con el Super ATV de los cuatriciclos, para quedar listos y camino a esa tremenda largada simult\u00e1nea donde se ubican los m\u00e1s destacados del mundo y aquellos que van a intentar ganar en sus categor\u00edas o simplemente llegar.<\/p>\n<p>En el clasificador general de las dos ruedas hubo una carrera que por momentos fue electrizante y que qued\u00f3 en manos del belga Ciryl Genot, al mando de una Honda, quien logra inscribir su nombre por primera vez en la lista de ganadores.<\/p>\n<p>El argentino Joaqu\u00edn Poli con Kawasaki fue quien ocup\u00f3 el segundo escal\u00f3n del podio, y la Fantic del neerland\u00e9s Lars Van Berkel se qued\u00f3 con el tercer puesto.<\/p>\n<p>Por supuesto y tal cual se hab\u00eda anticipado estuvieron presentes los pilotos locales, que consiguieron todos terminar la competencia, lo que se presenta como un hecho muy auspicioso.<\/p>\n<p>Adem\u00e1s, alguno de ellos pudo ser parte del podio de su categor\u00eda y el joven Mateo Larrondo, que sigue mostrando su progreso, fue el mejor ubicado en la general.<\/p>\n<p>Si bien Mateo no pudo estar entre los 10 mejores de los Amateurs, concluy\u00f3 en el puesto 13, termin\u00f3 la carrera en la posici\u00f3n 104 de la general entre alrededor de 750 participantes y con muchos de ellos del circuito profesional.<\/p>\n<p>En tanto Carlitos Scasso se alz\u00f3 con el puesto n\u00famero 7 de la Master E lo que le vali\u00f3 la entrega de un trofeo a la hora de las coronaciones. Muy cerca de acceder a ese momento estuvo Juan Ignacio Boragno quien arrib\u00f3 und\u00e9cimo en la Master C.<\/p>\n<p>Completaron las llegadas Juani Montenegro (Master C), Juan Larrondo (Master D), quien sufri\u00f3 una ca\u00edda en el comienzo de la competencia y tuvo que buscar remontar posiciones, y Segundo Rubiero quien fue parte de la Amateur Limitada.<\/p>\n<p>En resumen ha sido otro balance positivo de una nueva participaci\u00f3n de los pilotos mercedinos que acostumbran a ser parte de este impresionante acontecimiento que se registra cada a\u00f1o en el predio Luis Pighetti de Villa Gesell sobre un trazado de alrededor de 12 kil\u00f3metros.<\/p>\n","protected":false},"excerpt":{"rendered":"<p>\u25a0 Adem\u00e1s, alguno de ellos pudo ser parte del podio de su categor\u00eda y el joven Mateo Larrondo, que sigue mostrando su progreso, fue el mejor ubicado en la general. En tanto Carlitos Scasso se alz\u00f3 con el puesto n\u00famero 7 de la Master E<\/p>\n","protected":false},"author":28,"featured_media":180592,"comment_status":"closed","ping_status":"closed","sticky":false,"template":"","format":"standard","meta":{"footnotes":""},"categories":[5,20734],"tags":[21716,2166,84],"class_list":["post-180591","post","type-post","status-publish","format-standard","has-post-thumbnail","hentry","category-deportes","category-ultimo-momento","tag-enduro-del-verano","tag-moto","tag-motocross"],"yoast_head":"<!-- This site is optimized with the Yoast SEO plugin v27.5 - https:\/\/yoast.com\/product\/yoast-seo-wordpress\/ -->\n<title>Todos pudieron terminar el Enduro del Verano: misi\u00f3n cumplida para los mercedinos<\/title>\n<meta name=\"description\" content=\"Adem\u00e1s, alguno de ellos pudo ser parte del podio de su categor\u00eda y el joven Mateo Larrondo, que sigue mostrando su progreso, fue el mejor ubicado en la general. En tanto Carlitos Scasso se alz\u00f3 con el puesto n\u00famero 7 de la Master E\" \/>\n<meta name=\"robots\" content=\"index, follow, max-snippet:-1, max-image-preview:large, max-video-preview:-1\" \/>\n<link rel=\"canonical\" href=\"https:\/\/noticiasmercedinas.com\/site\/2026\/02\/26\/todos-pudieron-terminar-el-enduro-del-verano-mision-cumplida-para-los-mercedinos\/\" \/>\n<meta property=\"og:locale\" content=\"es_ES\" \/>\n<meta property=\"og:type\" content=\"article\" \/>\n<meta property=\"og:title\" content=\"Todos pudieron terminar el Enduro del Verano: misi\u00f3n cumplida para los mercedinos\" \/>\n<meta property=\"og:description\" content=\"Adem\u00e1s, alguno de ellos pudo ser parte del podio de su categor\u00eda y el joven Mateo Larrondo, que sigue mostrando su progreso, fue el mejor ubicado en la general. En tanto Carlitos Scasso se alz\u00f3 con el puesto n\u00famero 7 de la Master E\" \/>\n<meta property=\"og:url\" content=\"https:\/\/noticiasmercedinas.com\/site\/2026\/02\/26\/todos-pudieron-terminar-el-enduro-del-verano-mision-cumplida-para-los-mercedinos\/\" \/>\n<meta property=\"og:site_name\" content=\"NOTICIASMERCEDINAS.COM\" \/>\n<meta property=\"article:publisher\" content=\"https:\/\/www.facebook.com\/noticiasmercedinas\/\" \/>\n<meta property=\"article:published_time\" content=\"2026-02-26T12:21:00+00:00\" \/>\n<meta property=\"article:modified_time\" content=\"2026-02-26T12:21:50+00:00\" \/>\n<meta property=\"og:image\" content=\"https:\/\/noticiasmercedinas.com\/site\/wp-content\/uploads\/2026\/02\/WhatsApp-Image-2026-02-26-at-8.58.52-AM.jpeg\" \/>\n\t<meta property=\"og:image:width\" content=\"1280\" \/>\n\t<meta property=\"og:image:height\" content=\"960\" \/>\n\t<meta property=\"og:image:type\" content=\"image\/jpeg\" \/>\n<meta name=\"author\" content=\"Walter Anido\" \/>\n<meta name=\"twitter:card\" content=\"summary_large_image\" \/>\n<meta name=\"twitter:creator\" content=\"@notmercedinas\" \/>\n<meta name=\"twitter:site\" content=\"@notmercedinas\" \/>\n<meta name=\"twitter:label1\" content=\"Escrito por\" \/>\n\t<meta name=\"twitter:data1\" content=\"Walter Anido\" \/>\n\t<meta name=\"twitter:label2\" content=\"Tiempo de lectura\" \/>\n\t<meta name=\"twitter:data2\" content=\"3 minutos\" \/>\n<script type=\"application\/ld+json\" class=\"yoast-schema-graph\">{\"@context\":\"https:\\\/\\\/schema.org\",\"@graph\":[{\"@type\":\"Article\",\"@id\":\"https:\\\/\\\/noticiasmercedinas.com\\\/site\\\/2026\\\/02\\\/26\\\/todos-pudieron-terminar-el-enduro-del-verano-mision-cumplida-para-los-mercedinos\\\/#article\",\"isPartOf\":{\"@id\":\"https:\\\/\\\/noticiasmercedinas.com\\\/site\\\/2026\\\/02\\\/26\\\/todos-pudieron-terminar-el-enduro-del-verano-mision-cumplida-para-los-mercedinos\\\/\"},\"author\":{\"name\":\"Walter Anido\",\"@id\":\"https:\\\/\\\/noticiasmercedinas.com\\\/site\\\/#\\\/schema\\\/person\\\/5c7331f6c70391fc472384ac79cfdf04\"},\"headline\":\"Todos pudieron terminar el Enduro del Verano: misi\u00f3n cumplida para los mercedinos\",\"datePublished\":\"2026-02-26T12:21:00+00:00\",\"dateModified\":\"2026-02-26T12:21:50+00:00\",\"mainEntityOfPage\":{\"@id\":\"https:\\\/\\\/noticiasmercedinas.com\\\/site\\\/2026\\\/02\\\/26\\\/todos-pudieron-terminar-el-enduro-del-verano-mision-cumplida-para-los-mercedinos\\\/\"},\"wordCount\":422,\"publisher\":{\"@id\":\"https:\\\/\\\/noticiasmercedinas.com\\\/site\\\/#organization\"},\"image\":{\"@id\":\"https:\\\/\\\/noticiasmercedinas.com\\\/site\\\/2026\\\/02\\\/26\\\/todos-pudieron-terminar-el-enduro-del-verano-mision-cumplida-para-los-mercedinos\\\/#primaryimage\"},\"thumbnailUrl\":\"https:\\\/\\\/noticiasmercedinas.com\\\/site\\\/wp-content\\\/uploads\\\/2026\\\/02\\\/WhatsApp-Image-2026-02-26-at-8.58.52-AM.jpeg\",\"keywords\":[\"enduro del verano\",\"moto\",\"motocross\"],\"articleSection\":[\"Deportes\",\"Ultimo momento\"],\"inLanguage\":\"es\"},{\"@type\":\"WebPage\",\"@id\":\"https:\\\/\\\/noticiasmercedinas.com\\\/site\\\/2026\\\/02\\\/26\\\/todos-pudieron-terminar-el-enduro-del-verano-mision-cumplida-para-los-mercedinos\\\/\",\"url\":\"https:\\\/\\\/noticiasmercedinas.com\\\/site\\\/2026\\\/02\\\/26\\\/todos-pudieron-terminar-el-enduro-del-verano-mision-cumplida-para-los-mercedinos\\\/\",\"name\":\"Todos pudieron terminar el Enduro del Verano: misi\u00f3n cumplida para los mercedinos\",\"isPartOf\":{\"@id\":\"https:\\\/\\\/noticiasmercedinas.com\\\/site\\\/#website\"},\"primaryImageOfPage\":{\"@id\":\"https:\\\/\\\/noticiasmercedinas.com\\\/site\\\/2026\\\/02\\\/26\\\/todos-pudieron-terminar-el-enduro-del-verano-mision-cumplida-para-los-mercedinos\\\/#primaryimage\"},\"image\":{\"@id\":\"https:\\\/\\\/noticiasmercedinas.com\\\/site\\\/2026\\\/02\\\/26\\\/todos-pudieron-terminar-el-enduro-del-verano-mision-cumplida-para-los-mercedinos\\\/#primaryimage\"},\"thumbnailUrl\":\"https:\\\/\\\/noticiasmercedinas.com\\\/site\\\/wp-content\\\/uploads\\\/2026\\\/02\\\/WhatsApp-Image-2026-02-26-at-8.58.52-AM.jpeg\",\"datePublished\":\"2026-02-26T12:21:00+00:00\",\"dateModified\":\"2026-02-26T12:21:50+00:00\",\"description\":\"Adem\u00e1s, alguno de ellos pudo ser parte del podio de su categor\u00eda y el joven Mateo Larrondo, que sigue mostrando su progreso, fue el mejor ubicado en la general. En tanto Carlitos Scasso se alz\u00f3 con el puesto n\u00famero 7 de la Master E\",\"breadcrumb\":{\"@id\":\"https:\\\/\\\/noticiasmercedinas.com\\\/site\\\/2026\\\/02\\\/26\\\/todos-pudieron-terminar-el-enduro-del-verano-mision-cumplida-para-los-mercedinos\\\/#breadcrumb\"},\"inLanguage\":\"es\",\"potentialAction\":[{\"@type\":\"ReadAction\",\"target\":[\"https:\\\/\\\/noticiasmercedinas.com\\\/site\\\/2026\\\/02\\\/26\\\/todos-pudieron-terminar-el-enduro-del-verano-mision-cumplida-para-los-mercedinos\\\/\"]}]},{\"@type\":\"ImageObject\",\"inLanguage\":\"es\",\"@id\":\"https:\\\/\\\/noticiasmercedinas.com\\\/site\\\/2026\\\/02\\\/26\\\/todos-pudieron-terminar-el-enduro-del-verano-mision-cumplida-para-los-mercedinos\\\/#primaryimage\",\"url\":\"https:\\\/\\\/noticiasmercedinas.com\\\/site\\\/wp-content\\\/uploads\\\/2026\\\/02\\\/WhatsApp-Image-2026-02-26-at-8.58.52-AM.jpeg\",\"contentUrl\":\"https:\\\/\\\/noticiasmercedinas.com\\\/site\\\/wp-content\\\/uploads\\\/2026\\\/02\\\/WhatsApp-Image-2026-02-26-at-8.58.52-AM.jpeg\",\"width\":1280,\"height\":960},{\"@type\":\"BreadcrumbList\",\"@id\":\"https:\\\/\\\/noticiasmercedinas.com\\\/site\\\/2026\\\/02\\\/26\\\/todos-pudieron-terminar-el-enduro-del-verano-mision-cumplida-para-los-mercedinos\\\/#breadcrumb\",\"itemListElement\":[{\"@type\":\"ListItem\",\"position\":1,\"name\":\"Portada\",\"item\":\"https:\\\/\\\/noticiasmercedinas.com\\\/site\\\/\"},{\"@type\":\"ListItem\",\"position\":2,\"name\":\"Todos pudieron terminar el Enduro del Verano: misi\u00f3n cumplida para los mercedinos\"}]},{\"@type\":\"WebSite\",\"@id\":\"https:\\\/\\\/noticiasmercedinas.com\\\/site\\\/#website\",\"url\":\"https:\\\/\\\/noticiasmercedinas.com\\\/site\\\/\",\"name\":\"NOTICIASMERCEDINAS.COM\",\"description\":\"Mercedes, Buenos Aires, Argentina\",\"publisher\":{\"@id\":\"https:\\\/\\\/noticiasmercedinas.com\\\/site\\\/#organization\"},\"potentialAction\":[{\"@type\":\"SearchAction\",\"target\":{\"@type\":\"EntryPoint\",\"urlTemplate\":\"https:\\\/\\\/noticiasmercedinas.com\\\/site\\\/?s={search_term_string}\"},\"query-input\":{\"@type\":\"PropertyValueSpecification\",\"valueRequired\":true,\"valueName\":\"search_term_string\"}}],\"inLanguage\":\"es\"},{\"@type\":\"Organization\",\"@id\":\"https:\\\/\\\/noticiasmercedinas.com\\\/site\\\/#organization\",\"name\":\"NOTICIASMERCEDINAS.COM\",\"url\":\"https:\\\/\\\/noticiasmercedinas.com\\\/site\\\/\",\"logo\":{\"@type\":\"ImageObject\",\"inLanguage\":\"es\",\"@id\":\"https:\\\/\\\/noticiasmercedinas.com\\\/site\\\/#\\\/schema\\\/logo\\\/image\\\/\",\"url\":\"https:\\\/\\\/noticiasmercedinas.com\\\/site\\\/wp-content\\\/uploads\\\/2020\\\/06\\\/LOGO-512.jpg\",\"contentUrl\":\"https:\\\/\\\/noticiasmercedinas.com\\\/site\\\/wp-content\\\/uploads\\\/2020\\\/06\\\/LOGO-512.jpg\",\"width\":512,\"height\":512,\"caption\":\"NOTICIASMERCEDINAS.COM\"},\"image\":{\"@id\":\"https:\\\/\\\/noticiasmercedinas.com\\\/site\\\/#\\\/schema\\\/logo\\\/image\\\/\"},\"sameAs\":[\"https:\\\/\\\/www.facebook.com\\\/noticiasmercedinas\\\/\",\"https:\\\/\\\/x.com\\\/notmercedinas\",\"https:\\\/\\\/www.instagram.com\\\/noticiasmercedinas\\\/\"]},{\"@type\":\"Person\",\"@id\":\"https:\\\/\\\/noticiasmercedinas.com\\\/site\\\/#\\\/schema\\\/person\\\/5c7331f6c70391fc472384ac79cfdf04\",\"name\":\"Walter Anido\",\"image\":{\"@type\":\"ImageObject\",\"inLanguage\":\"es\",\"@id\":\"https:\\\/\\\/secure.gravatar.com\\\/avatar\\\/ea7f63008c5bc7f21f1f6021cbedbe7b70ceee6c9a9612ec2d890c4a3b25cfdc?s=96&d=mm&r=g\",\"url\":\"https:\\\/\\\/secure.gravatar.com\\\/avatar\\\/ea7f63008c5bc7f21f1f6021cbedbe7b70ceee6c9a9612ec2d890c4a3b25cfdc?s=96&d=mm&r=g\",\"contentUrl\":\"https:\\\/\\\/secure.gravatar.com\\\/avatar\\\/ea7f63008c5bc7f21f1f6021cbedbe7b70ceee6c9a9612ec2d890c4a3b25cfdc?s=96&d=mm&r=g\",\"caption\":\"Walter Anido\"},\"url\":\"https:\\\/\\\/noticiasmercedinas.com\\\/site\\\/author\\\/walter-anido\\\/\"}]}<\/script>\n<!-- \/ Yoast SEO plugin. -->","yoast_head_json":{"title":"Todos pudieron terminar el Enduro del Verano: misi\u00f3n cumplida para los mercedinos","description":"Adem\u00e1s, alguno de ellos pudo ser parte del podio de su categor\u00eda y el joven Mateo Larrondo, que sigue mostrando su progreso, fue el mejor ubicado en la general. En tanto Carlitos Scasso se alz\u00f3 con el puesto n\u00famero 7 de la Master E","robots":{"index":"index","follow":"follow","max-snippet":"max-snippet:-1","max-image-preview":"max-image-preview:large","max-video-preview":"max-video-preview:-1"},"canonical":"https:\/\/noticiasmercedinas.com\/site\/2026\/02\/26\/todos-pudieron-terminar-el-enduro-del-verano-mision-cumplida-para-los-mercedinos\/","og_locale":"es_ES","og_type":"article","og_title":"Todos pudieron terminar el Enduro del Verano: misi\u00f3n cumplida para los mercedinos","og_description":"Adem\u00e1s, alguno de ellos pudo ser parte del podio de su categor\u00eda y el joven Mateo Larrondo, que sigue mostrando su progreso, fue el mejor ubicado en la general. En tanto Carlitos Scasso se alz\u00f3 con el puesto n\u00famero 7 de la Master E","og_url":"https:\/\/noticiasmercedinas.com\/site\/2026\/02\/26\/todos-pudieron-terminar-el-enduro-del-verano-mision-cumplida-para-los-mercedinos\/","og_site_name":"NOTICIASMERCEDINAS.COM","article_publisher":"https:\/\/www.facebook.com\/noticiasmercedinas\/","article_published_time":"2026-02-26T12:21:00+00:00","article_modified_time":"2026-02-26T12:21:50+00:00","og_image":[{"width":1280,"height":960,"url":"https:\/\/noticiasmercedinas.com\/site\/wp-content\/uploads\/2026\/02\/WhatsApp-Image-2026-02-26-at-8.58.52-AM.jpeg","type":"image\/jpeg"}],"author":"Walter Anido","twitter_card":"summary_large_image","twitter_creator":"@notmercedinas","twitter_site":"@notmercedinas","twitter_misc":{"Escrito por":"Walter Anido","Tiempo de lectura":"3 minutos"},"schema":{"@context":"https:\/\/schema.org","@graph":[{"@type":"Article","@id":"https:\/\/noticiasmercedinas.com\/site\/2026\/02\/26\/todos-pudieron-terminar-el-enduro-del-verano-mision-cumplida-para-los-mercedinos\/#article","isPartOf":{"@id":"https:\/\/noticiasmercedinas.com\/site\/2026\/02\/26\/todos-pudieron-terminar-el-enduro-del-verano-mision-cumplida-para-los-mercedinos\/"},"author":{"name":"Walter Anido","@id":"https:\/\/noticiasmercedinas.com\/site\/#\/schema\/person\/5c7331f6c70391fc472384ac79cfdf04"},"headline":"Todos pudieron terminar el Enduro del Verano: misi\u00f3n cumplida para los mercedinos","datePublished":"2026-02-26T12:21:00+00:00","dateModified":"2026-02-26T12:21:50+00:00","mainEntityOfPage":{"@id":"https:\/\/noticiasmercedinas.com\/site\/2026\/02\/26\/todos-pudieron-terminar-el-enduro-del-verano-mision-cumplida-para-los-mercedinos\/"},"wordCount":422,"publisher":{"@id":"https:\/\/noticiasmercedinas.com\/site\/#organization"},"image":{"@id":"https:\/\/noticiasmercedinas.com\/site\/2026\/02\/26\/todos-pudieron-terminar-el-enduro-del-verano-mision-cumplida-para-los-mercedinos\/#primaryimage"},"thumbnailUrl":"https:\/\/noticiasmercedinas.com\/site\/wp-content\/uploads\/2026\/02\/WhatsApp-Image-2026-02-26-at-8.58.52-AM.jpeg","keywords":["enduro del verano","moto","motocross"],"articleSection":["Deportes","Ultimo momento"],"inLanguage":"es"},{"@type":"WebPage","@id":"https:\/\/noticiasmercedinas.com\/site\/2026\/02\/26\/todos-pudieron-terminar-el-enduro-del-verano-mision-cumplida-para-los-mercedinos\/","url":"https:\/\/noticiasmercedinas.com\/site\/2026\/02\/26\/todos-pudieron-terminar-el-enduro-del-verano-mision-cumplida-para-los-mercedinos\/","name":"Todos pudieron terminar el Enduro del Verano: misi\u00f3n cumplida para los mercedinos","isPartOf":{"@id":"https:\/\/noticiasmercedinas.com\/site\/#website"},"primaryImageOfPage":{"@id":"https:\/\/noticiasmercedinas.com\/site\/2026\/02\/26\/todos-pudieron-terminar-el-enduro-del-verano-mision-cumplida-para-los-mercedinos\/#primaryimage"},"image":{"@id":"https:\/\/noticiasmercedinas.com\/site\/2026\/02\/26\/todos-pudieron-terminar-el-enduro-del-verano-mision-cumplida-para-los-mercedinos\/#primaryimage"},"thumbnailUrl":"https:\/\/noticiasmercedinas.com\/site\/wp-content\/uploads\/2026\/02\/WhatsApp-Image-2026-02-26-at-8.58.52-AM.jpeg","datePublished":"2026-02-26T12:21:00+00:00","dateModified":"2026-02-26T12:21:50+00:00","description":"Adem\u00e1s, alguno de ellos pudo ser parte del podio de su categor\u00eda y el joven Mateo Larrondo, que sigue mostrando su progreso, fue el mejor ubicado en la general. En tanto Carlitos Scasso se alz\u00f3 con el puesto n\u00famero 7 de la Master E","breadcrumb":{"@id":"https:\/\/noticiasmercedinas.com\/site\/2026\/02\/26\/todos-pudieron-terminar-el-enduro-del-verano-mision-cumplida-para-los-mercedinos\/#breadcrumb"},"inLanguage":"es","potentialAction":[{"@type":"ReadAction","target":["https:\/\/noticiasmercedinas.com\/site\/2026\/02\/26\/todos-pudieron-terminar-el-enduro-del-verano-mision-cumplida-para-los-mercedinos\/"]}]},{"@type":"ImageObject","inLanguage":"es","@id":"https:\/\/noticiasmercedinas.com\/site\/2026\/02\/26\/todos-pudieron-terminar-el-enduro-del-verano-mision-cumplida-para-los-mercedinos\/#primaryimage","url":"https:\/\/noticiasmercedinas.com\/site\/wp-content\/uploads\/2026\/02\/WhatsApp-Image-2026-02-26-at-8.58.52-AM.jpeg","contentUrl":"https:\/\/noticiasmercedinas.com\/site\/wp-content\/uploads\/2026\/02\/WhatsApp-Image-2026-02-26-at-8.58.52-AM.jpeg","width":1280,"height":960},{"@type":"BreadcrumbList","@id":"https:\/\/noticiasmercedinas.com\/site\/2026\/02\/26\/todos-pudieron-terminar-el-enduro-del-verano-mision-cumplida-para-los-mercedinos\/#breadcrumb","itemListElement":[{"@type":"ListItem","position":1,"name":"Portada","item":"https:\/\/noticiasmercedinas.com\/site\/"},{"@type":"ListItem","position":2,"name":"Todos pudieron terminar el Enduro del Verano: misi\u00f3n cumplida para los mercedinos"}]},{"@type":"WebSite","@id":"https:\/\/noticiasmercedinas.com\/site\/#website","url":"https:\/\/noticiasmercedinas.com\/site\/","name":"NOTICIASMERCEDINAS.COM","description":"Mercedes, Buenos Aires, Argentina","publisher":{"@id":"https:\/\/noticiasmercedinas.com\/site\/#organization"},"potentialAction":[{"@type":"SearchAction","target":{"@type":"EntryPoint","urlTemplate":"https:\/\/noticiasmercedinas.com\/site\/?s={search_term_string}"},"query-input":{"@type":"PropertyValueSpecification","valueRequired":true,"valueName":"search_term_string"}}],"inLanguage":"es"},{"@type":"Organization","@id":"https:\/\/noticiasmercedinas.com\/site\/#organization","name":"NOTICIASMERCEDINAS.COM","url":"https:\/\/noticiasmercedinas.com\/site\/","logo":{"@type":"ImageObject","inLanguage":"es","@id":"https:\/\/noticiasmercedinas.com\/site\/#\/schema\/logo\/image\/","url":"https:\/\/noticiasmercedinas.com\/site\/wp-content\/uploads\/2020\/06\/LOGO-512.jpg","contentUrl":"https:\/\/noticiasmercedinas.com\/site\/wp-content\/uploads\/2020\/06\/LOGO-512.jpg","width":512,"height":512,"caption":"NOTICIASMERCEDINAS.COM"},"image":{"@id":"https:\/\/noticiasmercedinas.com\/site\/#\/schema\/logo\/image\/"},"sameAs":["https:\/\/www.facebook.com\/noticiasmercedinas\/","https:\/\/x.com\/notmercedinas","https:\/\/www.instagram.com\/noticiasmercedinas\/"]},{"@type":"Person","@id":"https:\/\/noticiasmercedinas.com\/site\/#\/schema\/person\/5c7331f6c70391fc472384ac79cfdf04","name":"Walter Anido","image":{"@type":"ImageObject","inLanguage":"es","@id":"https:\/\/secure.gravatar.com\/avatar\/ea7f63008c5bc7f21f1f6021cbedbe7b70ceee6c9a9612ec2d890c4a3b25cfdc?s=96&d=mm&r=g","url":"https:\/\/secure.gravatar.com\/avatar\/ea7f63008c5bc7f21f1f6021cbedbe7b70ceee6c9a9612ec2d890c4a3b25cfdc?s=96&d=mm&r=g","contentUrl":"https:\/\/secure.gravatar.com\/avatar\/ea7f63008c5bc7f21f1f6021cbedbe7b70ceee6c9a9612ec2d890c4a3b25cfdc?s=96&d=mm&r=g","caption":"Walter Anido"},"url":"https:\/\/noticiasmercedinas.com\/site\/author\/walter-anido\/"}]}},"amp_enabled":true,"_links":{"self":[{"href":"https:\/\/noticiasmercedinas.com\/site\/wp-json\/wp\/v2\/posts\/180591","targetHints":{"allow":["GET"]}}],"collection":[{"href":"https:\/\/noticiasmercedinas.com\/site\/wp-json\/wp\/v2\/posts"}],"about":[{"href":"https:\/\/noticiasmercedinas.com\/site\/wp-json\/wp\/v2\/types\/post"}],"author":[{"embeddable":true,"href":"https:\/\/noticiasmercedinas.com\/site\/wp-json\/wp\/v2\/users\/28"}],"replies":[{"embeddable":true,"href":"https:\/\/noticiasmercedinas.com\/site\/wp-json\/wp\/v2\/comments?post=180591"}],"version-history":[{"count":1,"href":"https:\/\/noticiasmercedinas.com\/site\/wp-json\/wp\/v2\/posts\/180591\/revisions"}],"predecessor-version":[{"id":180593,"href":"https:\/\/noticiasmercedinas.com\/site\/wp-json\/wp\/v2\/posts\/180591\/revisions\/180593"}],"wp:featuredmedia":[{"embeddable":true,"href":"https:\/\/noticiasmercedinas.com\/site\/wp-json\/wp\/v2\/media\/180592"}],"wp:attachment":[{"href":"https:\/\/noticiasmercedinas.com\/site\/wp-json\/wp\/v2\/media?parent=180591"}],"wp:term":[{"taxonomy":"category","embeddable":true,"href":"https:\/\/noticiasmercedinas.com\/site\/wp-json\/wp\/v2\/categories?post=180591"},{"taxonomy":"post_tag","embeddable":true,"href":"https:\/\/noticiasmercedinas.com\/site\/wp-json\/wp\/v2\/tags?post=180591"}],"curies":[{"name":"wp","href":"https:\/\/api.w.org\/{rel}","templated":true}]}}