{"id":180601,"date":"2026-02-26T10:25:06","date_gmt":"2026-02-26T13:25:06","guid":{"rendered":"https:\/\/noticiasmercedinas.com\/site\/?p=180601"},"modified":"2026-02-26T10:25:06","modified_gmt":"2026-02-26T13:25:06","slug":"fabrica-de-arte-nueva-corinema-sera-epicentro-de-la-cultura-y-la-creatividad-regional","status":"publish","type":"post","link":"https:\/\/noticiasmercedinas.com\/site\/2026\/02\/26\/fabrica-de-arte-nueva-corinema-sera-epicentro-de-la-cultura-y-la-creatividad-regional\/","title":{"rendered":"F\u00e1brica de Arte: Nueva Corinema ser\u00e1 epicentro de la cultura y la creatividad regional"},"content":{"rendered":"<p data-path-to-node=\"5\"><span data-path-to-node=\"5,1\"><span class=\"citation-51\"><img loading=\"lazy\" decoding=\"async\" class=\"alignnone size-full wp-image-180607\" src=\"https:\/\/noticiasmercedinas.com\/site\/wp-content\/uploads\/2026\/02\/FARTE.jpg\" alt=\"\" width=\"641\" height=\"400\" srcset=\"https:\/\/noticiasmercedinas.com\/site\/wp-content\/uploads\/2026\/02\/FARTE.jpg 641w, https:\/\/noticiasmercedinas.com\/site\/wp-content\/uploads\/2026\/02\/FARTE-300x187.jpg 300w\" sizes=\"auto, (max-width: 641px) 100vw, 641px\" \/><\/span><\/span><\/p>\n<p data-path-to-node=\"5\"><span data-path-to-node=\"5,1\"><span class=\"citation-51\">La hist\u00f3rica locaci\u00f3n de <\/span><b data-path-to-node=\"5,1\" data-index-in-node=\"25\"><span class=\"citation-51\">Nueva Corinema<\/span><\/b><span class=\"citation-51\"> reafirma su compromiso con el desarrollo cultural de la regi\u00f3n al anunciar una nueva edici\u00f3n de su <\/span><b data-path-to-node=\"5,1\" data-index-in-node=\"139\"><span class=\"citation-51\">Jornada de Talleres &amp; Muestra Abierta<\/span><\/b><\/span><span data-path-to-node=\"5,3\">. <\/span><span data-path-to-node=\"5,5\"><span class=\"citation-50\">El encuentro, que tendr\u00e1 lugar el <\/span><b data-path-to-node=\"5,5\" data-index-in-node=\"34\"><span class=\"citation-50\">s\u00e1bado 7 de marzo de 10:00 a 18:00 horas<\/span><\/b><span class=\"citation-50\">, en el predio donde funcionara la f\u00e1brica de cer\u00e1mica en Altamira, busca potenciar el v\u00ednculo entre el territorio y la expresi\u00f3n art\u00edstica, brindando un espacio privilegiado para que artistas locales desarrollen sus propuestas y compartan sus saberes con la comunidad<\/span><\/span><span data-path-to-node=\"5,7\">.<\/span><\/p>\n<p data-path-to-node=\"6\"><span data-path-to-node=\"6,1\"><span class=\"citation-49\">Bajo la premisa de ser un lugar \u00abdonde la tierra se volvi\u00f3 ladrillo, la uva se vuelve vino y la experiencia se vuelve obra\u00bb, Nueva Corinema con su recuperado impulso dedicado a la cultura, el turismo y el trabajo vitivin\u00edcola, ofrece en este caso una jornada de aprendizaje y dispersi\u00f3n que trasciende &#8211;por mucho&#8211; el formato de un curso tradicional<\/span><\/span><span data-path-to-node=\"6,3\">.<\/span><\/p>\n<p data-path-to-node=\"6\"><img loading=\"lazy\" decoding=\"async\" class=\"alignnone size-full wp-image-180602\" src=\"https:\/\/noticiasmercedinas.com\/site\/wp-content\/uploads\/2026\/02\/WhatsApp-Image-2026-02-26-at-9.36.52-AM-2.jpeg\" alt=\"\" width=\"960\" height=\"1280\" srcset=\"https:\/\/noticiasmercedinas.com\/site\/wp-content\/uploads\/2026\/02\/WhatsApp-Image-2026-02-26-at-9.36.52-AM-2.jpeg 960w, https:\/\/noticiasmercedinas.com\/site\/wp-content\/uploads\/2026\/02\/WhatsApp-Image-2026-02-26-at-9.36.52-AM-2-225x300.jpeg 225w, https:\/\/noticiasmercedinas.com\/site\/wp-content\/uploads\/2026\/02\/WhatsApp-Image-2026-02-26-at-9.36.52-AM-2-768x1024.jpeg 768w, https:\/\/noticiasmercedinas.com\/site\/wp-content\/uploads\/2026\/02\/WhatsApp-Image-2026-02-26-at-9.36.52-AM-2-640x853.jpeg 640w, https:\/\/noticiasmercedinas.com\/site\/wp-content\/uploads\/2026\/02\/WhatsApp-Image-2026-02-26-at-9.36.52-AM-2-681x908.jpeg 681w\" sizes=\"auto, (max-width: 960px) 100vw, 960px\" \/><\/p>\n<p data-path-to-node=\"6\"><span data-path-to-node=\"6,5\"><span class=\"citation-48\">La propuesta invita a los participantes a habitar el entorno de la ex f\u00e1brica y el vi\u00f1edo, utiliz\u00e1ndolos como fuente de inspiraci\u00f3n directa para sus creaciones<\/span><\/span><span data-path-to-node=\"6,7\">.<\/span><\/p>\n<p data-path-to-node=\"6\"><strong>Una experiencia integral y multisensorial<\/strong><\/p>\n<p data-path-to-node=\"8\"><span data-path-to-node=\"8,1\"><span class=\"citation-47\">El evento ha sido dise\u00f1ado como una vivencia completa que comienza con un desayuno de bienvenida y una visita guiada por las instalaciones<\/span><\/span><span data-path-to-node=\"8,3\">. <\/span><\/p>\n<p data-path-to-node=\"8\"><span data-path-to-node=\"8,5\"><span class=\"citation-46\">La jornada se divide en dos momentos de trabajo intenso en el taller elegido, interrumpidos por un almuerzo de camarader\u00eda que incluye opciones gastron\u00f3micas regionales y degustaci\u00f3n de vinos locales<\/span><\/span><span data-path-to-node=\"8,7\">.<\/span><\/p>\n<p data-path-to-node=\"9\">La oferta acad\u00e9mica destaca por su diversidad, abarcando m\u00faltiples disciplinas bajo la gu\u00eda de reconocidos profesores:<\/p>\n<ul>\n<li data-path-to-node=\"9\"><span data-path-to-node=\"10,0,1,0\"><b data-path-to-node=\"10,0,1,0\" data-index-in-node=\"0\"><span class=\"citation-45\">Artes Visuales:<\/span><\/b><span class=\"citation-45\"> Bioescultura (Anabella Coluccio), Cer\u00e1mica (In\u00e9s Deluca), Dibujo (Anabell Pi\u00f1eiro), Grabado (Pablo Russo) y Pintura <\/span><i data-path-to-node=\"10,0,1,0\" data-index-in-node=\"132\"><span class=\"citation-45\">plein air<\/span><\/i><span class=\"citation-45\"> (Paula Tabossi)<\/span><\/span><span data-path-to-node=\"10,0,1,2\">.<\/span><\/li>\n<li data-path-to-node=\"9\"><b data-path-to-node=\"10,1,1,0\" data-index-in-node=\"0\"><span class=\"citation-44\">Artes Esc\u00e9nicas y M\u00fasica:<\/span><\/b><span class=\"citation-44\"> Danza Contempor\u00e1nea (Marina Cabral), M\u00fasica (Genaro Cobuccio) y Teatro (Cristina Lamothe)<\/span><span data-path-to-node=\"10,1,1,2\">.<\/span><\/li>\n<li data-path-to-node=\"9\"><b data-path-to-node=\"10,2,1,0\" data-index-in-node=\"0\"><span class=\"citation-43\">Imagen, Oficio y Letras:<\/span><\/b><span class=\"citation-43\"> Fotograf\u00eda (Geraldine Jacobs), Ingenier\u00eda en Papel (Ismael Moyano) y Literatura (Ver\u00f3nica Mateo y Luc\u00eda Lascano)<\/span><span data-path-to-node=\"10,2,1,2\">.<\/span><\/li>\n<\/ul>\n<p data-path-to-node=\"11\"><img loading=\"lazy\" decoding=\"async\" class=\"alignnone size-full wp-image-180605\" src=\"https:\/\/noticiasmercedinas.com\/site\/wp-content\/uploads\/2026\/02\/WhatsApp-Image-2026-02-26-at-9.36.51-AM-1.jpeg\" alt=\"\" width=\"960\" height=\"1280\" srcset=\"https:\/\/noticiasmercedinas.com\/site\/wp-content\/uploads\/2026\/02\/WhatsApp-Image-2026-02-26-at-9.36.51-AM-1.jpeg 960w, https:\/\/noticiasmercedinas.com\/site\/wp-content\/uploads\/2026\/02\/WhatsApp-Image-2026-02-26-at-9.36.51-AM-1-225x300.jpeg 225w, https:\/\/noticiasmercedinas.com\/site\/wp-content\/uploads\/2026\/02\/WhatsApp-Image-2026-02-26-at-9.36.51-AM-1-768x1024.jpeg 768w, https:\/\/noticiasmercedinas.com\/site\/wp-content\/uploads\/2026\/02\/WhatsApp-Image-2026-02-26-at-9.36.51-AM-1-640x853.jpeg 640w, https:\/\/noticiasmercedinas.com\/site\/wp-content\/uploads\/2026\/02\/WhatsApp-Image-2026-02-26-at-9.36.51-AM-1-681x908.jpeg 681w\" sizes=\"auto, (max-width: 960px) 100vw, 960px\" \/><\/p>\n<p data-path-to-node=\"11\"><strong>Cierre con apertura a la comunidad<\/strong><\/p>\n<p data-path-to-node=\"12\"><span data-path-to-node=\"12,1\"><span class=\"citation-42\">A partir de las <\/span><b data-path-to-node=\"12,1\" data-index-in-node=\"16\"><span class=\"citation-42\">18:00 horas<\/span><\/b><span class=\"citation-42\">, la jornada culminar\u00e1 con una <\/span><b data-path-to-node=\"12,1\" data-index-in-node=\"58\"><span class=\"citation-42\">muestra abierta al p\u00fablico general<\/span><\/b><\/span><span data-path-to-node=\"12,3\">. <\/span><\/p>\n<p data-path-to-node=\"12\"><span data-path-to-node=\"12,5\"><span class=\"citation-41\">En este espacio, los alumnos exhibir\u00e1n las obras e instalaciones producidas durante el d\u00eda, permitiendo que la comunidad sea testigo del proceso creativo<\/span><\/span><span data-path-to-node=\"12,7\">. <\/span><span data-path-to-node=\"12,9\"><span class=\"citation-40\">La velada contar\u00e1 adem\u00e1s con una barra gastron\u00f3mica para los asistentes, completando una experiencia que celebra el arte en todas sus formas<\/span><\/span><span data-path-to-node=\"12,11\">.<\/span><\/p>\n<p data-path-to-node=\"12\"><strong>Inscripciones y consultas<\/strong><\/p>\n<p id=\"p-rc_befce1d80e8ecc67-25\" data-path-to-node=\"14\"><span data-path-to-node=\"14,1\"><span class=\"citation-39\">Dado que los cupos para cada taller son limitados para garantizar una ense\u00f1anza personalizada, se requiere <\/span><b data-path-to-node=\"14,1\" data-index-in-node=\"107\"><span class=\"citation-39\">inscripci\u00f3n previa<\/span><\/b><\/span><span data-path-to-node=\"14,3\">. Los interesados en recibir m\u00e1s informaci\u00f3n sobre el programa detallado de cada disciplina o el valor del encuentro pueden comunicarse directamente v\u00eda <b data-path-to-node=\"14,3\" data-index-in-node=\"153\">WhatsApp al 2324 550378<\/b><\/span><\/p>\n<div id='gallery-1' class='gallery galleryid-180601 gallery-columns-3 gallery-size-thumbnail'><figure class='gallery-item'>\n\t\t\t<div class='gallery-icon portrait'>\n\t\t\t\t<a href='https:\/\/noticiasmercedinas.com\/site\/2026\/02\/26\/fabrica-de-arte-nueva-corinema-sera-epicentro-de-la-cultura-y-la-creatividad-regional\/whatsapp-image-2026-02-26-at-9-36-52-am-2\/'><img loading=\"lazy\" decoding=\"async\" width=\"150\" height=\"150\" src=\"https:\/\/noticiasmercedinas.com\/site\/wp-content\/uploads\/2026\/02\/WhatsApp-Image-2026-02-26-at-9.36.52-AM-2-150x150.jpeg\" class=\"attachment-thumbnail size-thumbnail\" alt=\"\" \/><\/a>\n\t\t\t<\/div><\/figure><figure class='gallery-item'>\n\t\t\t<div class='gallery-icon portrait'>\n\t\t\t\t<a href='https:\/\/noticiasmercedinas.com\/site\/2026\/02\/26\/fabrica-de-arte-nueva-corinema-sera-epicentro-de-la-cultura-y-la-creatividad-regional\/whatsapp-image-2026-02-26-at-9-36-52-am-1\/'><img loading=\"lazy\" decoding=\"async\" width=\"150\" height=\"150\" src=\"https:\/\/noticiasmercedinas.com\/site\/wp-content\/uploads\/2026\/02\/WhatsApp-Image-2026-02-26-at-9.36.52-AM-1-150x150.jpeg\" class=\"attachment-thumbnail size-thumbnail\" alt=\"\" \/><\/a>\n\t\t\t<\/div><\/figure><figure class='gallery-item'>\n\t\t\t<div class='gallery-icon portrait'>\n\t\t\t\t<a href='https:\/\/noticiasmercedinas.com\/site\/2026\/02\/26\/fabrica-de-arte-nueva-corinema-sera-epicentro-de-la-cultura-y-la-creatividad-regional\/whatsapp-image-2026-02-26-at-9-36-52-am\/'><img loading=\"lazy\" decoding=\"async\" width=\"150\" height=\"150\" src=\"https:\/\/noticiasmercedinas.com\/site\/wp-content\/uploads\/2026\/02\/WhatsApp-Image-2026-02-26-at-9.36.52-AM-150x150.jpeg\" class=\"attachment-thumbnail size-thumbnail\" alt=\"\" \/><\/a>\n\t\t\t<\/div><\/figure><figure class='gallery-item'>\n\t\t\t<div class='gallery-icon portrait'>\n\t\t\t\t<a href='https:\/\/noticiasmercedinas.com\/site\/2026\/02\/26\/fabrica-de-arte-nueva-corinema-sera-epicentro-de-la-cultura-y-la-creatividad-regional\/whatsapp-image-2026-02-26-at-9-36-51-am-1\/'><img loading=\"lazy\" decoding=\"async\" width=\"150\" height=\"150\" src=\"https:\/\/noticiasmercedinas.com\/site\/wp-content\/uploads\/2026\/02\/WhatsApp-Image-2026-02-26-at-9.36.51-AM-1-150x150.jpeg\" class=\"attachment-thumbnail size-thumbnail\" alt=\"\" \/><\/a>\n\t\t\t<\/div><\/figure><figure class='gallery-item'>\n\t\t\t<div class='gallery-icon portrait'>\n\t\t\t\t<a href='https:\/\/noticiasmercedinas.com\/site\/2026\/02\/26\/fabrica-de-arte-nueva-corinema-sera-epicentro-de-la-cultura-y-la-creatividad-regional\/whatsapp-image-2026-02-26-at-9-36-51-am\/'><img loading=\"lazy\" decoding=\"async\" width=\"150\" height=\"150\" src=\"https:\/\/noticiasmercedinas.com\/site\/wp-content\/uploads\/2026\/02\/WhatsApp-Image-2026-02-26-at-9.36.51-AM-150x150.jpeg\" class=\"attachment-thumbnail size-thumbnail\" alt=\"\" \/><\/a>\n\t\t\t<\/div><\/figure>\n\t\t<\/div>\n\n<p data-path-to-node=\"14\">\n","protected":false},"excerpt":{"rendered":"<p>\u25a0\u00a0El pr\u00f3ximo 7 de marzo, el hist\u00f3rico predio transformar\u00e1 su paisaje de vi\u00f1edos y ladrillos en un espacio de formaci\u00f3n art\u00edstica integral. Con una variada oferta de talleres dictados por referentes locales, la jornada propone una inmersi\u00f3n donde la experiencia se convierte en obra. Inscripciones abiertas para quienes quieran sumarse. Habr\u00e1 expo abierta al p\u00fablico.<\/p>\n","protected":false},"author":16,"featured_media":180607,"comment_status":"closed","ping_status":"closed","sticky":false,"template":"","format":"standard","meta":{"footnotes":""},"categories":[4,20734],"tags":[125,510,10265,18657,33,11737],"class_list":["post-180601","post","type-post","status-publish","format-standard","has-post-thumbnail","hentry","category-cultura","category-ultimo-momento","tag-ate","tag-cultura","tag-eventos","tag-nueva-corinema","tag-turismo","tag-vinos"],"yoast_head":"<!-- This site is optimized with the Yoast SEO plugin v27.4 - https:\/\/yoast.com\/product\/yoast-seo-wordpress\/ -->\n<title>F\u00e1brica de Arte: Nueva Corinema ser\u00e1 epicentro de la cultura y la creatividad regional<\/title>\n<meta name=\"description\" content=\"\u25a0\u00a0El pr\u00f3ximo 7 de marzo, el hist\u00f3rico predio transformar\u00e1 su paisaje de vi\u00f1edos y ladrillos en un espacio de formaci\u00f3n art\u00edstica integral. Con una variada oferta de talleres dictados por referentes locales, la jornada propone una inmersi\u00f3n donde la experiencia se convierte en obra. Inscripciones abiertas para quienes quieran sumarse. Habr\u00e1 expo abierta al p\u00fablico.\" \/>\n<meta name=\"robots\" content=\"index, follow, max-snippet:-1, max-image-preview:large, max-video-preview:-1\" \/>\n<link rel=\"canonical\" href=\"https:\/\/noticiasmercedinas.com\/site\/2026\/02\/26\/fabrica-de-arte-nueva-corinema-sera-epicentro-de-la-cultura-y-la-creatividad-regional\/\" \/>\n<meta property=\"og:locale\" content=\"es_ES\" \/>\n<meta property=\"og:type\" content=\"article\" \/>\n<meta property=\"og:title\" content=\"F\u00e1brica de Arte: Nueva Corinema ser\u00e1 epicentro de la cultura y la creatividad regional\" \/>\n<meta property=\"og:description\" content=\"\u25a0\u00a0El pr\u00f3ximo 7 de marzo, el hist\u00f3rico predio transformar\u00e1 su paisaje de vi\u00f1edos y ladrillos en un espacio de formaci\u00f3n art\u00edstica integral. Con una variada oferta de talleres dictados por referentes locales, la jornada propone una inmersi\u00f3n donde la experiencia se convierte en obra. Inscripciones abiertas para quienes quieran sumarse. Habr\u00e1 expo abierta al p\u00fablico.\" \/>\n<meta property=\"og:url\" content=\"https:\/\/noticiasmercedinas.com\/site\/2026\/02\/26\/fabrica-de-arte-nueva-corinema-sera-epicentro-de-la-cultura-y-la-creatividad-regional\/\" \/>\n<meta property=\"og:site_name\" content=\"NOTICIASMERCEDINAS.COM\" \/>\n<meta property=\"article:publisher\" content=\"https:\/\/www.facebook.com\/noticiasmercedinas\/\" \/>\n<meta property=\"article:published_time\" content=\"2026-02-26T13:25:06+00:00\" \/>\n<meta property=\"og:image\" content=\"https:\/\/noticiasmercedinas.com\/site\/wp-content\/uploads\/2026\/02\/FARTE.jpg\" \/>\n\t<meta property=\"og:image:width\" content=\"641\" \/>\n\t<meta property=\"og:image:height\" content=\"400\" \/>\n\t<meta property=\"og:image:type\" content=\"image\/jpeg\" \/>\n<meta name=\"author\" content=\"NOTICIASMERCEDINAS.COM\" \/>\n<meta name=\"twitter:card\" content=\"summary_large_image\" \/>\n<meta name=\"twitter:creator\" content=\"@notmercedinas\" \/>\n<meta name=\"twitter:site\" content=\"@notmercedinas\" \/>\n<meta name=\"twitter:label1\" content=\"Escrito por\" \/>\n\t<meta name=\"twitter:data1\" content=\"NOTICIASMERCEDINAS.COM\" \/>\n\t<meta name=\"twitter:label2\" content=\"Tiempo de lectura\" \/>\n\t<meta name=\"twitter:data2\" content=\"3 minutos\" \/>\n<script type=\"application\/ld+json\" class=\"yoast-schema-graph\">{\"@context\":\"https:\\\/\\\/schema.org\",\"@graph\":[{\"@type\":\"Article\",\"@id\":\"https:\\\/\\\/noticiasmercedinas.com\\\/site\\\/2026\\\/02\\\/26\\\/fabrica-de-arte-nueva-corinema-sera-epicentro-de-la-cultura-y-la-creatividad-regional\\\/#article\",\"isPartOf\":{\"@id\":\"https:\\\/\\\/noticiasmercedinas.com\\\/site\\\/2026\\\/02\\\/26\\\/fabrica-de-arte-nueva-corinema-sera-epicentro-de-la-cultura-y-la-creatividad-regional\\\/\"},\"author\":{\"name\":\"NOTICIASMERCEDINAS.COM\",\"@id\":\"https:\\\/\\\/noticiasmercedinas.com\\\/site\\\/#\\\/schema\\\/person\\\/84b59c099c28ff2e8b77d4ceec5d8063\"},\"headline\":\"F\u00e1brica de Arte: Nueva Corinema ser\u00e1 epicentro de la cultura y la creatividad regional\",\"datePublished\":\"2026-02-26T13:25:06+00:00\",\"mainEntityOfPage\":{\"@id\":\"https:\\\/\\\/noticiasmercedinas.com\\\/site\\\/2026\\\/02\\\/26\\\/fabrica-de-arte-nueva-corinema-sera-epicentro-de-la-cultura-y-la-creatividad-regional\\\/\"},\"wordCount\":467,\"publisher\":{\"@id\":\"https:\\\/\\\/noticiasmercedinas.com\\\/site\\\/#organization\"},\"image\":{\"@id\":\"https:\\\/\\\/noticiasmercedinas.com\\\/site\\\/2026\\\/02\\\/26\\\/fabrica-de-arte-nueva-corinema-sera-epicentro-de-la-cultura-y-la-creatividad-regional\\\/#primaryimage\"},\"thumbnailUrl\":\"https:\\\/\\\/noticiasmercedinas.com\\\/site\\\/wp-content\\\/uploads\\\/2026\\\/02\\\/FARTE.jpg\",\"keywords\":[\"ate\",\"cultura\",\"eventos\",\"nueva corinema\",\"turismo\",\"vinos\"],\"articleSection\":[\"Cultura\",\"Ultimo momento\"],\"inLanguage\":\"es\"},{\"@type\":\"WebPage\",\"@id\":\"https:\\\/\\\/noticiasmercedinas.com\\\/site\\\/2026\\\/02\\\/26\\\/fabrica-de-arte-nueva-corinema-sera-epicentro-de-la-cultura-y-la-creatividad-regional\\\/\",\"url\":\"https:\\\/\\\/noticiasmercedinas.com\\\/site\\\/2026\\\/02\\\/26\\\/fabrica-de-arte-nueva-corinema-sera-epicentro-de-la-cultura-y-la-creatividad-regional\\\/\",\"name\":\"F\u00e1brica de Arte: Nueva Corinema ser\u00e1 epicentro de la cultura y la creatividad regional\",\"isPartOf\":{\"@id\":\"https:\\\/\\\/noticiasmercedinas.com\\\/site\\\/#website\"},\"primaryImageOfPage\":{\"@id\":\"https:\\\/\\\/noticiasmercedinas.com\\\/site\\\/2026\\\/02\\\/26\\\/fabrica-de-arte-nueva-corinema-sera-epicentro-de-la-cultura-y-la-creatividad-regional\\\/#primaryimage\"},\"image\":{\"@id\":\"https:\\\/\\\/noticiasmercedinas.com\\\/site\\\/2026\\\/02\\\/26\\\/fabrica-de-arte-nueva-corinema-sera-epicentro-de-la-cultura-y-la-creatividad-regional\\\/#primaryimage\"},\"thumbnailUrl\":\"https:\\\/\\\/noticiasmercedinas.com\\\/site\\\/wp-content\\\/uploads\\\/2026\\\/02\\\/FARTE.jpg\",\"datePublished\":\"2026-02-26T13:25:06+00:00\",\"description\":\"\u25a0\u00a0El pr\u00f3ximo 7 de marzo, el hist\u00f3rico predio transformar\u00e1 su paisaje de vi\u00f1edos y ladrillos en un espacio de formaci\u00f3n art\u00edstica integral. Con una variada oferta de talleres dictados por referentes locales, la jornada propone una inmersi\u00f3n donde la experiencia se convierte en obra. Inscripciones abiertas para quienes quieran sumarse. Habr\u00e1 expo abierta al p\u00fablico.\",\"breadcrumb\":{\"@id\":\"https:\\\/\\\/noticiasmercedinas.com\\\/site\\\/2026\\\/02\\\/26\\\/fabrica-de-arte-nueva-corinema-sera-epicentro-de-la-cultura-y-la-creatividad-regional\\\/#breadcrumb\"},\"inLanguage\":\"es\",\"potentialAction\":[{\"@type\":\"ReadAction\",\"target\":[\"https:\\\/\\\/noticiasmercedinas.com\\\/site\\\/2026\\\/02\\\/26\\\/fabrica-de-arte-nueva-corinema-sera-epicentro-de-la-cultura-y-la-creatividad-regional\\\/\"]}]},{\"@type\":\"ImageObject\",\"inLanguage\":\"es\",\"@id\":\"https:\\\/\\\/noticiasmercedinas.com\\\/site\\\/2026\\\/02\\\/26\\\/fabrica-de-arte-nueva-corinema-sera-epicentro-de-la-cultura-y-la-creatividad-regional\\\/#primaryimage\",\"url\":\"https:\\\/\\\/noticiasmercedinas.com\\\/site\\\/wp-content\\\/uploads\\\/2026\\\/02\\\/FARTE.jpg\",\"contentUrl\":\"https:\\\/\\\/noticiasmercedinas.com\\\/site\\\/wp-content\\\/uploads\\\/2026\\\/02\\\/FARTE.jpg\",\"width\":641,\"height\":400},{\"@type\":\"BreadcrumbList\",\"@id\":\"https:\\\/\\\/noticiasmercedinas.com\\\/site\\\/2026\\\/02\\\/26\\\/fabrica-de-arte-nueva-corinema-sera-epicentro-de-la-cultura-y-la-creatividad-regional\\\/#breadcrumb\",\"itemListElement\":[{\"@type\":\"ListItem\",\"position\":1,\"name\":\"Portada\",\"item\":\"https:\\\/\\\/noticiasmercedinas.com\\\/site\\\/\"},{\"@type\":\"ListItem\",\"position\":2,\"name\":\"F\u00e1brica de Arte: Nueva Corinema ser\u00e1 epicentro de la cultura y la creatividad regional\"}]},{\"@type\":\"WebSite\",\"@id\":\"https:\\\/\\\/noticiasmercedinas.com\\\/site\\\/#website\",\"url\":\"https:\\\/\\\/noticiasmercedinas.com\\\/site\\\/\",\"name\":\"NOTICIASMERCEDINAS.COM\",\"description\":\"Mercedes, Buenos Aires, Argentina\",\"publisher\":{\"@id\":\"https:\\\/\\\/noticiasmercedinas.com\\\/site\\\/#organization\"},\"potentialAction\":[{\"@type\":\"SearchAction\",\"target\":{\"@type\":\"EntryPoint\",\"urlTemplate\":\"https:\\\/\\\/noticiasmercedinas.com\\\/site\\\/?s={search_term_string}\"},\"query-input\":{\"@type\":\"PropertyValueSpecification\",\"valueRequired\":true,\"valueName\":\"search_term_string\"}}],\"inLanguage\":\"es\"},{\"@type\":\"Organization\",\"@id\":\"https:\\\/\\\/noticiasmercedinas.com\\\/site\\\/#organization\",\"name\":\"NOTICIASMERCEDINAS.COM\",\"url\":\"https:\\\/\\\/noticiasmercedinas.com\\\/site\\\/\",\"logo\":{\"@type\":\"ImageObject\",\"inLanguage\":\"es\",\"@id\":\"https:\\\/\\\/noticiasmercedinas.com\\\/site\\\/#\\\/schema\\\/logo\\\/image\\\/\",\"url\":\"https:\\\/\\\/noticiasmercedinas.com\\\/site\\\/wp-content\\\/uploads\\\/2020\\\/06\\\/LOGO-512.jpg\",\"contentUrl\":\"https:\\\/\\\/noticiasmercedinas.com\\\/site\\\/wp-content\\\/uploads\\\/2020\\\/06\\\/LOGO-512.jpg\",\"width\":512,\"height\":512,\"caption\":\"NOTICIASMERCEDINAS.COM\"},\"image\":{\"@id\":\"https:\\\/\\\/noticiasmercedinas.com\\\/site\\\/#\\\/schema\\\/logo\\\/image\\\/\"},\"sameAs\":[\"https:\\\/\\\/www.facebook.com\\\/noticiasmercedinas\\\/\",\"https:\\\/\\\/x.com\\\/notmercedinas\",\"https:\\\/\\\/www.instagram.com\\\/noticiasmercedinas\\\/\"]},{\"@type\":\"Person\",\"@id\":\"https:\\\/\\\/noticiasmercedinas.com\\\/site\\\/#\\\/schema\\\/person\\\/84b59c099c28ff2e8b77d4ceec5d8063\",\"name\":\"NOTICIASMERCEDINAS.COM\",\"image\":{\"@type\":\"ImageObject\",\"inLanguage\":\"es\",\"@id\":\"https:\\\/\\\/secure.gravatar.com\\\/avatar\\\/4dfbf16b4d17945bfb6341b2d19043457132fcf478a5ee04f42e959fd8f5df0a?s=96&d=mm&r=g\",\"url\":\"https:\\\/\\\/secure.gravatar.com\\\/avatar\\\/4dfbf16b4d17945bfb6341b2d19043457132fcf478a5ee04f42e959fd8f5df0a?s=96&d=mm&r=g\",\"contentUrl\":\"https:\\\/\\\/secure.gravatar.com\\\/avatar\\\/4dfbf16b4d17945bfb6341b2d19043457132fcf478a5ee04f42e959fd8f5df0a?s=96&d=mm&r=g\",\"caption\":\"NOTICIASMERCEDINAS.COM\"},\"url\":\"https:\\\/\\\/noticiasmercedinas.com\\\/site\\\/author\\\/anonimo\\\/\"}]}<\/script>\n<!-- \/ Yoast SEO plugin. -->","yoast_head_json":{"title":"F\u00e1brica de Arte: Nueva Corinema ser\u00e1 epicentro de la cultura y la creatividad regional","description":"\u25a0\u00a0El pr\u00f3ximo 7 de marzo, el hist\u00f3rico predio transformar\u00e1 su paisaje de vi\u00f1edos y ladrillos en un espacio de formaci\u00f3n art\u00edstica integral. Con una variada oferta de talleres dictados por referentes locales, la jornada propone una inmersi\u00f3n donde la experiencia se convierte en obra. Inscripciones abiertas para quienes quieran sumarse. Habr\u00e1 expo abierta al p\u00fablico.","robots":{"index":"index","follow":"follow","max-snippet":"max-snippet:-1","max-image-preview":"max-image-preview:large","max-video-preview":"max-video-preview:-1"},"canonical":"https:\/\/noticiasmercedinas.com\/site\/2026\/02\/26\/fabrica-de-arte-nueva-corinema-sera-epicentro-de-la-cultura-y-la-creatividad-regional\/","og_locale":"es_ES","og_type":"article","og_title":"F\u00e1brica de Arte: Nueva Corinema ser\u00e1 epicentro de la cultura y la creatividad regional","og_description":"\u25a0\u00a0El pr\u00f3ximo 7 de marzo, el hist\u00f3rico predio transformar\u00e1 su paisaje de vi\u00f1edos y ladrillos en un espacio de formaci\u00f3n art\u00edstica integral. Con una variada oferta de talleres dictados por referentes locales, la jornada propone una inmersi\u00f3n donde la experiencia se convierte en obra. Inscripciones abiertas para quienes quieran sumarse. Habr\u00e1 expo abierta al p\u00fablico.","og_url":"https:\/\/noticiasmercedinas.com\/site\/2026\/02\/26\/fabrica-de-arte-nueva-corinema-sera-epicentro-de-la-cultura-y-la-creatividad-regional\/","og_site_name":"NOTICIASMERCEDINAS.COM","article_publisher":"https:\/\/www.facebook.com\/noticiasmercedinas\/","article_published_time":"2026-02-26T13:25:06+00:00","og_image":[{"width":641,"height":400,"url":"https:\/\/noticiasmercedinas.com\/site\/wp-content\/uploads\/2026\/02\/FARTE.jpg","type":"image\/jpeg"}],"author":"NOTICIASMERCEDINAS.COM","twitter_card":"summary_large_image","twitter_creator":"@notmercedinas","twitter_site":"@notmercedinas","twitter_misc":{"Escrito por":"NOTICIASMERCEDINAS.COM","Tiempo de lectura":"3 minutos"},"schema":{"@context":"https:\/\/schema.org","@graph":[{"@type":"Article","@id":"https:\/\/noticiasmercedinas.com\/site\/2026\/02\/26\/fabrica-de-arte-nueva-corinema-sera-epicentro-de-la-cultura-y-la-creatividad-regional\/#article","isPartOf":{"@id":"https:\/\/noticiasmercedinas.com\/site\/2026\/02\/26\/fabrica-de-arte-nueva-corinema-sera-epicentro-de-la-cultura-y-la-creatividad-regional\/"},"author":{"name":"NOTICIASMERCEDINAS.COM","@id":"https:\/\/noticiasmercedinas.com\/site\/#\/schema\/person\/84b59c099c28ff2e8b77d4ceec5d8063"},"headline":"F\u00e1brica de Arte: Nueva Corinema ser\u00e1 epicentro de la cultura y la creatividad regional","datePublished":"2026-02-26T13:25:06+00:00","mainEntityOfPage":{"@id":"https:\/\/noticiasmercedinas.com\/site\/2026\/02\/26\/fabrica-de-arte-nueva-corinema-sera-epicentro-de-la-cultura-y-la-creatividad-regional\/"},"wordCount":467,"publisher":{"@id":"https:\/\/noticiasmercedinas.com\/site\/#organization"},"image":{"@id":"https:\/\/noticiasmercedinas.com\/site\/2026\/02\/26\/fabrica-de-arte-nueva-corinema-sera-epicentro-de-la-cultura-y-la-creatividad-regional\/#primaryimage"},"thumbnailUrl":"https:\/\/noticiasmercedinas.com\/site\/wp-content\/uploads\/2026\/02\/FARTE.jpg","keywords":["ate","cultura","eventos","nueva corinema","turismo","vinos"],"articleSection":["Cultura","Ultimo momento"],"inLanguage":"es"},{"@type":"WebPage","@id":"https:\/\/noticiasmercedinas.com\/site\/2026\/02\/26\/fabrica-de-arte-nueva-corinema-sera-epicentro-de-la-cultura-y-la-creatividad-regional\/","url":"https:\/\/noticiasmercedinas.com\/site\/2026\/02\/26\/fabrica-de-arte-nueva-corinema-sera-epicentro-de-la-cultura-y-la-creatividad-regional\/","name":"F\u00e1brica de Arte: Nueva Corinema ser\u00e1 epicentro de la cultura y la creatividad regional","isPartOf":{"@id":"https:\/\/noticiasmercedinas.com\/site\/#website"},"primaryImageOfPage":{"@id":"https:\/\/noticiasmercedinas.com\/site\/2026\/02\/26\/fabrica-de-arte-nueva-corinema-sera-epicentro-de-la-cultura-y-la-creatividad-regional\/#primaryimage"},"image":{"@id":"https:\/\/noticiasmercedinas.com\/site\/2026\/02\/26\/fabrica-de-arte-nueva-corinema-sera-epicentro-de-la-cultura-y-la-creatividad-regional\/#primaryimage"},"thumbnailUrl":"https:\/\/noticiasmercedinas.com\/site\/wp-content\/uploads\/2026\/02\/FARTE.jpg","datePublished":"2026-02-26T13:25:06+00:00","description":"\u25a0\u00a0El pr\u00f3ximo 7 de marzo, el hist\u00f3rico predio transformar\u00e1 su paisaje de vi\u00f1edos y ladrillos en un espacio de formaci\u00f3n art\u00edstica integral. Con una variada oferta de talleres dictados por referentes locales, la jornada propone una inmersi\u00f3n donde la experiencia se convierte en obra. Inscripciones abiertas para quienes quieran sumarse. Habr\u00e1 expo abierta al p\u00fablico.","breadcrumb":{"@id":"https:\/\/noticiasmercedinas.com\/site\/2026\/02\/26\/fabrica-de-arte-nueva-corinema-sera-epicentro-de-la-cultura-y-la-creatividad-regional\/#breadcrumb"},"inLanguage":"es","potentialAction":[{"@type":"ReadAction","target":["https:\/\/noticiasmercedinas.com\/site\/2026\/02\/26\/fabrica-de-arte-nueva-corinema-sera-epicentro-de-la-cultura-y-la-creatividad-regional\/"]}]},{"@type":"ImageObject","inLanguage":"es","@id":"https:\/\/noticiasmercedinas.com\/site\/2026\/02\/26\/fabrica-de-arte-nueva-corinema-sera-epicentro-de-la-cultura-y-la-creatividad-regional\/#primaryimage","url":"https:\/\/noticiasmercedinas.com\/site\/wp-content\/uploads\/2026\/02\/FARTE.jpg","contentUrl":"https:\/\/noticiasmercedinas.com\/site\/wp-content\/uploads\/2026\/02\/FARTE.jpg","width":641,"height":400},{"@type":"BreadcrumbList","@id":"https:\/\/noticiasmercedinas.com\/site\/2026\/02\/26\/fabrica-de-arte-nueva-corinema-sera-epicentro-de-la-cultura-y-la-creatividad-regional\/#breadcrumb","itemListElement":[{"@type":"ListItem","position":1,"name":"Portada","item":"https:\/\/noticiasmercedinas.com\/site\/"},{"@type":"ListItem","position":2,"name":"F\u00e1brica de Arte: Nueva Corinema ser\u00e1 epicentro de la cultura y la creatividad regional"}]},{"@type":"WebSite","@id":"https:\/\/noticiasmercedinas.com\/site\/#website","url":"https:\/\/noticiasmercedinas.com\/site\/","name":"NOTICIASMERCEDINAS.COM","description":"Mercedes, Buenos Aires, Argentina","publisher":{"@id":"https:\/\/noticiasmercedinas.com\/site\/#organization"},"potentialAction":[{"@type":"SearchAction","target":{"@type":"EntryPoint","urlTemplate":"https:\/\/noticiasmercedinas.com\/site\/?s={search_term_string}"},"query-input":{"@type":"PropertyValueSpecification","valueRequired":true,"valueName":"search_term_string"}}],"inLanguage":"es"},{"@type":"Organization","@id":"https:\/\/noticiasmercedinas.com\/site\/#organization","name":"NOTICIASMERCEDINAS.COM","url":"https:\/\/noticiasmercedinas.com\/site\/","logo":{"@type":"ImageObject","inLanguage":"es","@id":"https:\/\/noticiasmercedinas.com\/site\/#\/schema\/logo\/image\/","url":"https:\/\/noticiasmercedinas.com\/site\/wp-content\/uploads\/2020\/06\/LOGO-512.jpg","contentUrl":"https:\/\/noticiasmercedinas.com\/site\/wp-content\/uploads\/2020\/06\/LOGO-512.jpg","width":512,"height":512,"caption":"NOTICIASMERCEDINAS.COM"},"image":{"@id":"https:\/\/noticiasmercedinas.com\/site\/#\/schema\/logo\/image\/"},"sameAs":["https:\/\/www.facebook.com\/noticiasmercedinas\/","https:\/\/x.com\/notmercedinas","https:\/\/www.instagram.com\/noticiasmercedinas\/"]},{"@type":"Person","@id":"https:\/\/noticiasmercedinas.com\/site\/#\/schema\/person\/84b59c099c28ff2e8b77d4ceec5d8063","name":"NOTICIASMERCEDINAS.COM","image":{"@type":"ImageObject","inLanguage":"es","@id":"https:\/\/secure.gravatar.com\/avatar\/4dfbf16b4d17945bfb6341b2d19043457132fcf478a5ee04f42e959fd8f5df0a?s=96&d=mm&r=g","url":"https:\/\/secure.gravatar.com\/avatar\/4dfbf16b4d17945bfb6341b2d19043457132fcf478a5ee04f42e959fd8f5df0a?s=96&d=mm&r=g","contentUrl":"https:\/\/secure.gravatar.com\/avatar\/4dfbf16b4d17945bfb6341b2d19043457132fcf478a5ee04f42e959fd8f5df0a?s=96&d=mm&r=g","caption":"NOTICIASMERCEDINAS.COM"},"url":"https:\/\/noticiasmercedinas.com\/site\/author\/anonimo\/"}]}},"amp_enabled":true,"_links":{"self":[{"href":"https:\/\/noticiasmercedinas.com\/site\/wp-json\/wp\/v2\/posts\/180601","targetHints":{"allow":["GET"]}}],"collection":[{"href":"https:\/\/noticiasmercedinas.com\/site\/wp-json\/wp\/v2\/posts"}],"about":[{"href":"https:\/\/noticiasmercedinas.com\/site\/wp-json\/wp\/v2\/types\/post"}],"author":[{"embeddable":true,"href":"https:\/\/noticiasmercedinas.com\/site\/wp-json\/wp\/v2\/users\/16"}],"replies":[{"embeddable":true,"href":"https:\/\/noticiasmercedinas.com\/site\/wp-json\/wp\/v2\/comments?post=180601"}],"version-history":[{"count":1,"href":"https:\/\/noticiasmercedinas.com\/site\/wp-json\/wp\/v2\/posts\/180601\/revisions"}],"predecessor-version":[{"id":180608,"href":"https:\/\/noticiasmercedinas.com\/site\/wp-json\/wp\/v2\/posts\/180601\/revisions\/180608"}],"wp:featuredmedia":[{"embeddable":true,"href":"https:\/\/noticiasmercedinas.com\/site\/wp-json\/wp\/v2\/media\/180607"}],"wp:attachment":[{"href":"https:\/\/noticiasmercedinas.com\/site\/wp-json\/wp\/v2\/media?parent=180601"}],"wp:term":[{"taxonomy":"category","embeddable":true,"href":"https:\/\/noticiasmercedinas.com\/site\/wp-json\/wp\/v2\/categories?post=180601"},{"taxonomy":"post_tag","embeddable":true,"href":"https:\/\/noticiasmercedinas.com\/site\/wp-json\/wp\/v2\/tags?post=180601"}],"curies":[{"name":"wp","href":"https:\/\/api.w.org\/{rel}","templated":true}]}}