{"id":180731,"date":"2026-02-28T10:53:13","date_gmt":"2026-02-28T13:53:13","guid":{"rendered":"https:\/\/noticiasmercedinas.com\/site\/?p=180731"},"modified":"2026-02-28T10:55:29","modified_gmt":"2026-02-28T13:55:29","slug":"nueva-edicion-de-la-noche-de-los-museos-con-una-fuerte-impronta-historica-y-carnavalera","status":"publish","type":"post","link":"https:\/\/noticiasmercedinas.com\/site\/2026\/02\/28\/nueva-edicion-de-la-noche-de-los-museos-con-una-fuerte-impronta-historica-y-carnavalera\/","title":{"rendered":"Nueva edici\u00f3n de \u00abLa Noche de los Museos\u00bb con una fuerte impronta hist\u00f3rica y carnavalera"},"content":{"rendered":"<p><img loading=\"lazy\" decoding=\"async\" class=\"alignnone size-full wp-image-180733\" src=\"https:\/\/noticiasmercedinas.com\/site\/wp-content\/uploads\/2026\/02\/WhatsApp-Image-2026-02-28-at-10.46.25-AM.jpeg\" alt=\"\" width=\"1204\" height=\"1600\" srcset=\"https:\/\/noticiasmercedinas.com\/site\/wp-content\/uploads\/2026\/02\/WhatsApp-Image-2026-02-28-at-10.46.25-AM.jpeg 1204w, https:\/\/noticiasmercedinas.com\/site\/wp-content\/uploads\/2026\/02\/WhatsApp-Image-2026-02-28-at-10.46.25-AM-226x300.jpeg 226w, https:\/\/noticiasmercedinas.com\/site\/wp-content\/uploads\/2026\/02\/WhatsApp-Image-2026-02-28-at-10.46.25-AM-771x1024.jpeg 771w, https:\/\/noticiasmercedinas.com\/site\/wp-content\/uploads\/2026\/02\/WhatsApp-Image-2026-02-28-at-10.46.25-AM-768x1021.jpeg 768w, https:\/\/noticiasmercedinas.com\/site\/wp-content\/uploads\/2026\/02\/WhatsApp-Image-2026-02-28-at-10.46.25-AM-1156x1536.jpeg 1156w, https:\/\/noticiasmercedinas.com\/site\/wp-content\/uploads\/2026\/02\/WhatsApp-Image-2026-02-28-at-10.46.25-AM-640x850.jpeg 640w, https:\/\/noticiasmercedinas.com\/site\/wp-content\/uploads\/2026\/02\/WhatsApp-Image-2026-02-28-at-10.46.25-AM-681x905.jpeg 681w\" sizes=\"auto, (max-width: 1204px) 100vw, 1204px\" \/><\/p>\n<p>La ciudad reafirma su compromiso con la cultura y el acceso al conocimiento este fin de semana. Tras el \u00e9xito de la convocatoria del fin de semana anterior, la Direcci\u00f3n de Cultura municipal anunci\u00f3 la continuidad de \u00abLa Noche de los Museos\u00bb, una iniciativa que permite a vecinos y turistas recorrer los tres museos principales de Mercedes de manera libre y gratuita durante las noches de este viernes, s\u00e1bado y domingo.<\/p>\n<p>El MAMM (Museo de Arte Municipal Mercedes), el Museo de Ciencias Naturales \u00abCarlos Ameghino\u00bb y el Museo Hist\u00f3rico \u00abDr. V\u00edctor Miguez\u00bb reciben a los visitantes en el horario de 18:00 a 22:00. La oferta incluye recorridas libres y visitas guiadas dise\u00f1adas para toda la familia, integrando el acervo hist\u00f3rico, art\u00edstico y cient\u00edfico de la regi\u00f3n.<\/p>\n<p><strong>Tesoros hist\u00f3ricos y colecciones \u00fanicas<\/strong><br \/>\nEn el Museo V\u00edctor Miguez (calle 12 n\u00b0 542), por caso, el p\u00fablico podr\u00e1 sumergirse en la historia local a trav\u00e9s de piezas de incalculable valor que pertenecieron a la familia donante de la casona. Destacan sus colecciones bibliogr\u00e1ficas y joyas del periodismo argentino, como la edici\u00f3n completa de La Gazeta de Buenos Ayres, el primer peri\u00f3dico patrio. Adem\u00e1s, el museo exhibe tecnolog\u00eda del siglo XX, objetos de uso cotidiano como juguetes y enseres de otras \u00e9pocas, y un sector dedicado exclusivamente a la evoluci\u00f3n del Carnaval Mercedino, tem\u00e1tica que atraviesa transversalmente a todos los espacios culturales este verano.<\/p>\n<p>Por su parte, el Museo de Arte (MAMM) y el \u00abCarlos Ameghino\u00bb complementan la propuesta con sus patrimonios espec\u00edficos, ofreciendo desde expresiones art\u00edsticas contempor\u00e1neas hasta hallazgos paleontol\u00f3gicos y naturales que caracterizan a la zona.<\/p>\n<p><strong>Cultura para todos<\/strong><br \/>\nDesde la organizaci\u00f3n resaltaron que la propuesta busca generar un espacio de aprendizaje y disfrute bajo la premisa de \u00abVerano de Encuentro\u00bb. Al ser una actividad con entrada liberada, se consolida como el plan ideal para una salida nocturna que combina educaci\u00f3n y esparcimiento.<\/p>\n<p><strong>D\u00f3nde:<\/strong><\/p>\n<p><strong>MAMM: Calle 23 n\u00b0 383<\/strong><\/p>\n<p><strong>Carlos Ameghino: Calle 26 n\u00b0 512<\/strong><\/p>\n<p><strong>Dr. V\u00edctor Miguez: Calle 12 n\u00b0 542<\/strong><\/p>\n<p><img loading=\"lazy\" decoding=\"async\" class=\"alignnone size-full wp-image-180737\" src=\"https:\/\/noticiasmercedinas.com\/site\/wp-content\/uploads\/2026\/02\/640.jpg\" alt=\"\" width=\"640\" height=\"654\" srcset=\"https:\/\/noticiasmercedinas.com\/site\/wp-content\/uploads\/2026\/02\/640.jpg 640w, https:\/\/noticiasmercedinas.com\/site\/wp-content\/uploads\/2026\/02\/640-294x300.jpg 294w\" sizes=\"auto, (max-width: 640px) 100vw, 640px\" \/><\/p>\n","protected":false},"excerpt":{"rendered":"<p>\u25a0 Los principales espacios culturales de la ciudad abren sus puertas de forma gratuita este 27, 28 de febrero y 1 de marzo. Con visitas guiadas de 18 a 22 hs, la propuesta invita a recorrer el patrimonio local bajo la tem\u00e1tica \u00abVerano de Encuentro\u00bb.<\/p>\n","protected":false},"author":16,"featured_media":180733,"comment_status":"closed","ping_status":"closed","sticky":false,"template":"","format":"standard","meta":{"footnotes":""},"categories":[4],"tags":[192,21623,1008,2189],"class_list":["post-180731","post","type-post","status-publish","format-standard","has-post-thumbnail","hentry","category-cultura","tag-mamm","tag-museo-carlos-ameghino","tag-museo-historico-victor-miguez","tag-noche-de-los-museos"],"yoast_head":"<!-- This site is optimized with the Yoast SEO plugin v27.5 - https:\/\/yoast.com\/product\/yoast-seo-wordpress\/ -->\n<title>Nueva edici\u00f3n de &quot;La Noche de los Museos&quot; con una fuerte impronta hist\u00f3rica y carnavalera<\/title>\n<meta name=\"description\" content=\"Los principales espacios culturales de la ciudad abren sus puertas de forma gratuita este 27, 28 de febrero y 1 de marzo. Con visitas guiadas de 18 a 22 hs, la propuesta invita a recorrer el patrimonio local bajo la tem\u00e1tica &quot;Verano de Encuentro&quot;.\" \/>\n<meta name=\"robots\" content=\"index, follow, max-snippet:-1, max-image-preview:large, max-video-preview:-1\" \/>\n<link rel=\"canonical\" href=\"https:\/\/noticiasmercedinas.com\/site\/2026\/02\/28\/nueva-edicion-de-la-noche-de-los-museos-con-una-fuerte-impronta-historica-y-carnavalera\/\" \/>\n<meta property=\"og:locale\" content=\"es_ES\" \/>\n<meta property=\"og:type\" content=\"article\" \/>\n<meta property=\"og:title\" content=\"Nueva edici\u00f3n de &quot;La Noche de los Museos&quot; con una fuerte impronta hist\u00f3rica y carnavalera\" \/>\n<meta property=\"og:description\" content=\"Los principales espacios culturales de la ciudad abren sus puertas de forma gratuita este 27, 28 de febrero y 1 de marzo. Con visitas guiadas de 18 a 22 hs, la propuesta invita a recorrer el patrimonio local bajo la tem\u00e1tica &quot;Verano de Encuentro&quot;.\" \/>\n<meta property=\"og:url\" content=\"https:\/\/noticiasmercedinas.com\/site\/2026\/02\/28\/nueva-edicion-de-la-noche-de-los-museos-con-una-fuerte-impronta-historica-y-carnavalera\/\" \/>\n<meta property=\"og:site_name\" content=\"NOTICIASMERCEDINAS.COM\" \/>\n<meta property=\"article:publisher\" content=\"https:\/\/www.facebook.com\/noticiasmercedinas\/\" \/>\n<meta property=\"article:published_time\" content=\"2026-02-28T13:53:13+00:00\" \/>\n<meta property=\"article:modified_time\" content=\"2026-02-28T13:55:29+00:00\" \/>\n<meta property=\"og:image\" content=\"https:\/\/noticiasmercedinas.com\/site\/wp-content\/uploads\/2026\/02\/WhatsApp-Image-2026-02-28-at-10.46.25-AM.jpeg\" \/>\n\t<meta property=\"og:image:width\" content=\"1204\" \/>\n\t<meta property=\"og:image:height\" content=\"1600\" \/>\n\t<meta property=\"og:image:type\" content=\"image\/jpeg\" \/>\n<meta name=\"author\" content=\"NOTICIASMERCEDINAS.COM\" \/>\n<meta name=\"twitter:card\" content=\"summary_large_image\" \/>\n<meta name=\"twitter:creator\" content=\"@notmercedinas\" \/>\n<meta name=\"twitter:site\" content=\"@notmercedinas\" \/>\n<meta name=\"twitter:label1\" content=\"Escrito por\" \/>\n\t<meta name=\"twitter:data1\" content=\"NOTICIASMERCEDINAS.COM\" \/>\n\t<meta name=\"twitter:label2\" content=\"Tiempo de lectura\" \/>\n\t<meta name=\"twitter:data2\" content=\"3 minutos\" \/>\n<script type=\"application\/ld+json\" class=\"yoast-schema-graph\">{\"@context\":\"https:\\\/\\\/schema.org\",\"@graph\":[{\"@type\":\"Article\",\"@id\":\"https:\\\/\\\/noticiasmercedinas.com\\\/site\\\/2026\\\/02\\\/28\\\/nueva-edicion-de-la-noche-de-los-museos-con-una-fuerte-impronta-historica-y-carnavalera\\\/#article\",\"isPartOf\":{\"@id\":\"https:\\\/\\\/noticiasmercedinas.com\\\/site\\\/2026\\\/02\\\/28\\\/nueva-edicion-de-la-noche-de-los-museos-con-una-fuerte-impronta-historica-y-carnavalera\\\/\"},\"author\":{\"name\":\"NOTICIASMERCEDINAS.COM\",\"@id\":\"https:\\\/\\\/noticiasmercedinas.com\\\/site\\\/#\\\/schema\\\/person\\\/84b59c099c28ff2e8b77d4ceec5d8063\"},\"headline\":\"Nueva edici\u00f3n de \u00abLa Noche de los Museos\u00bb con una fuerte impronta hist\u00f3rica y carnavalera\",\"datePublished\":\"2026-02-28T13:53:13+00:00\",\"dateModified\":\"2026-02-28T13:55:29+00:00\",\"mainEntityOfPage\":{\"@id\":\"https:\\\/\\\/noticiasmercedinas.com\\\/site\\\/2026\\\/02\\\/28\\\/nueva-edicion-de-la-noche-de-los-museos-con-una-fuerte-impronta-historica-y-carnavalera\\\/\"},\"wordCount\":365,\"publisher\":{\"@id\":\"https:\\\/\\\/noticiasmercedinas.com\\\/site\\\/#organization\"},\"image\":{\"@id\":\"https:\\\/\\\/noticiasmercedinas.com\\\/site\\\/2026\\\/02\\\/28\\\/nueva-edicion-de-la-noche-de-los-museos-con-una-fuerte-impronta-historica-y-carnavalera\\\/#primaryimage\"},\"thumbnailUrl\":\"https:\\\/\\\/noticiasmercedinas.com\\\/site\\\/wp-content\\\/uploads\\\/2026\\\/02\\\/WhatsApp-Image-2026-02-28-at-10.46.25-AM.jpeg\",\"keywords\":[\"mamm\",\"museo carlos ameghino\",\"Museo Hist\u00f3rico Victor Miguez\",\"noche de los museos\"],\"articleSection\":[\"Cultura\"],\"inLanguage\":\"es\"},{\"@type\":\"WebPage\",\"@id\":\"https:\\\/\\\/noticiasmercedinas.com\\\/site\\\/2026\\\/02\\\/28\\\/nueva-edicion-de-la-noche-de-los-museos-con-una-fuerte-impronta-historica-y-carnavalera\\\/\",\"url\":\"https:\\\/\\\/noticiasmercedinas.com\\\/site\\\/2026\\\/02\\\/28\\\/nueva-edicion-de-la-noche-de-los-museos-con-una-fuerte-impronta-historica-y-carnavalera\\\/\",\"name\":\"Nueva edici\u00f3n de \\\"La Noche de los Museos\\\" con una fuerte impronta hist\u00f3rica y carnavalera\",\"isPartOf\":{\"@id\":\"https:\\\/\\\/noticiasmercedinas.com\\\/site\\\/#website\"},\"primaryImageOfPage\":{\"@id\":\"https:\\\/\\\/noticiasmercedinas.com\\\/site\\\/2026\\\/02\\\/28\\\/nueva-edicion-de-la-noche-de-los-museos-con-una-fuerte-impronta-historica-y-carnavalera\\\/#primaryimage\"},\"image\":{\"@id\":\"https:\\\/\\\/noticiasmercedinas.com\\\/site\\\/2026\\\/02\\\/28\\\/nueva-edicion-de-la-noche-de-los-museos-con-una-fuerte-impronta-historica-y-carnavalera\\\/#primaryimage\"},\"thumbnailUrl\":\"https:\\\/\\\/noticiasmercedinas.com\\\/site\\\/wp-content\\\/uploads\\\/2026\\\/02\\\/WhatsApp-Image-2026-02-28-at-10.46.25-AM.jpeg\",\"datePublished\":\"2026-02-28T13:53:13+00:00\",\"dateModified\":\"2026-02-28T13:55:29+00:00\",\"description\":\"Los principales espacios culturales de la ciudad abren sus puertas de forma gratuita este 27, 28 de febrero y 1 de marzo. Con visitas guiadas de 18 a 22 hs, la propuesta invita a recorrer el patrimonio local bajo la tem\u00e1tica \\\"Verano de Encuentro\\\".\",\"breadcrumb\":{\"@id\":\"https:\\\/\\\/noticiasmercedinas.com\\\/site\\\/2026\\\/02\\\/28\\\/nueva-edicion-de-la-noche-de-los-museos-con-una-fuerte-impronta-historica-y-carnavalera\\\/#breadcrumb\"},\"inLanguage\":\"es\",\"potentialAction\":[{\"@type\":\"ReadAction\",\"target\":[\"https:\\\/\\\/noticiasmercedinas.com\\\/site\\\/2026\\\/02\\\/28\\\/nueva-edicion-de-la-noche-de-los-museos-con-una-fuerte-impronta-historica-y-carnavalera\\\/\"]}]},{\"@type\":\"ImageObject\",\"inLanguage\":\"es\",\"@id\":\"https:\\\/\\\/noticiasmercedinas.com\\\/site\\\/2026\\\/02\\\/28\\\/nueva-edicion-de-la-noche-de-los-museos-con-una-fuerte-impronta-historica-y-carnavalera\\\/#primaryimage\",\"url\":\"https:\\\/\\\/noticiasmercedinas.com\\\/site\\\/wp-content\\\/uploads\\\/2026\\\/02\\\/WhatsApp-Image-2026-02-28-at-10.46.25-AM.jpeg\",\"contentUrl\":\"https:\\\/\\\/noticiasmercedinas.com\\\/site\\\/wp-content\\\/uploads\\\/2026\\\/02\\\/WhatsApp-Image-2026-02-28-at-10.46.25-AM.jpeg\",\"width\":1204,\"height\":1600},{\"@type\":\"BreadcrumbList\",\"@id\":\"https:\\\/\\\/noticiasmercedinas.com\\\/site\\\/2026\\\/02\\\/28\\\/nueva-edicion-de-la-noche-de-los-museos-con-una-fuerte-impronta-historica-y-carnavalera\\\/#breadcrumb\",\"itemListElement\":[{\"@type\":\"ListItem\",\"position\":1,\"name\":\"Portada\",\"item\":\"https:\\\/\\\/noticiasmercedinas.com\\\/site\\\/\"},{\"@type\":\"ListItem\",\"position\":2,\"name\":\"Nueva edici\u00f3n de \u00abLa Noche de los Museos\u00bb con una fuerte impronta hist\u00f3rica y carnavalera\"}]},{\"@type\":\"WebSite\",\"@id\":\"https:\\\/\\\/noticiasmercedinas.com\\\/site\\\/#website\",\"url\":\"https:\\\/\\\/noticiasmercedinas.com\\\/site\\\/\",\"name\":\"NOTICIASMERCEDINAS.COM\",\"description\":\"Mercedes, Buenos Aires, Argentina\",\"publisher\":{\"@id\":\"https:\\\/\\\/noticiasmercedinas.com\\\/site\\\/#organization\"},\"potentialAction\":[{\"@type\":\"SearchAction\",\"target\":{\"@type\":\"EntryPoint\",\"urlTemplate\":\"https:\\\/\\\/noticiasmercedinas.com\\\/site\\\/?s={search_term_string}\"},\"query-input\":{\"@type\":\"PropertyValueSpecification\",\"valueRequired\":true,\"valueName\":\"search_term_string\"}}],\"inLanguage\":\"es\"},{\"@type\":\"Organization\",\"@id\":\"https:\\\/\\\/noticiasmercedinas.com\\\/site\\\/#organization\",\"name\":\"NOTICIASMERCEDINAS.COM\",\"url\":\"https:\\\/\\\/noticiasmercedinas.com\\\/site\\\/\",\"logo\":{\"@type\":\"ImageObject\",\"inLanguage\":\"es\",\"@id\":\"https:\\\/\\\/noticiasmercedinas.com\\\/site\\\/#\\\/schema\\\/logo\\\/image\\\/\",\"url\":\"https:\\\/\\\/noticiasmercedinas.com\\\/site\\\/wp-content\\\/uploads\\\/2020\\\/06\\\/LOGO-512.jpg\",\"contentUrl\":\"https:\\\/\\\/noticiasmercedinas.com\\\/site\\\/wp-content\\\/uploads\\\/2020\\\/06\\\/LOGO-512.jpg\",\"width\":512,\"height\":512,\"caption\":\"NOTICIASMERCEDINAS.COM\"},\"image\":{\"@id\":\"https:\\\/\\\/noticiasmercedinas.com\\\/site\\\/#\\\/schema\\\/logo\\\/image\\\/\"},\"sameAs\":[\"https:\\\/\\\/www.facebook.com\\\/noticiasmercedinas\\\/\",\"https:\\\/\\\/x.com\\\/notmercedinas\",\"https:\\\/\\\/www.instagram.com\\\/noticiasmercedinas\\\/\"]},{\"@type\":\"Person\",\"@id\":\"https:\\\/\\\/noticiasmercedinas.com\\\/site\\\/#\\\/schema\\\/person\\\/84b59c099c28ff2e8b77d4ceec5d8063\",\"name\":\"NOTICIASMERCEDINAS.COM\",\"image\":{\"@type\":\"ImageObject\",\"inLanguage\":\"es\",\"@id\":\"https:\\\/\\\/secure.gravatar.com\\\/avatar\\\/4dfbf16b4d17945bfb6341b2d19043457132fcf478a5ee04f42e959fd8f5df0a?s=96&d=mm&r=g\",\"url\":\"https:\\\/\\\/secure.gravatar.com\\\/avatar\\\/4dfbf16b4d17945bfb6341b2d19043457132fcf478a5ee04f42e959fd8f5df0a?s=96&d=mm&r=g\",\"contentUrl\":\"https:\\\/\\\/secure.gravatar.com\\\/avatar\\\/4dfbf16b4d17945bfb6341b2d19043457132fcf478a5ee04f42e959fd8f5df0a?s=96&d=mm&r=g\",\"caption\":\"NOTICIASMERCEDINAS.COM\"},\"url\":\"https:\\\/\\\/noticiasmercedinas.com\\\/site\\\/author\\\/anonimo\\\/\"}]}<\/script>\n<!-- \/ Yoast SEO plugin. -->","yoast_head_json":{"title":"Nueva edici\u00f3n de \"La Noche de los Museos\" con una fuerte impronta hist\u00f3rica y carnavalera","description":"Los principales espacios culturales de la ciudad abren sus puertas de forma gratuita este 27, 28 de febrero y 1 de marzo. Con visitas guiadas de 18 a 22 hs, la propuesta invita a recorrer el patrimonio local bajo la tem\u00e1tica \"Verano de Encuentro\".","robots":{"index":"index","follow":"follow","max-snippet":"max-snippet:-1","max-image-preview":"max-image-preview:large","max-video-preview":"max-video-preview:-1"},"canonical":"https:\/\/noticiasmercedinas.com\/site\/2026\/02\/28\/nueva-edicion-de-la-noche-de-los-museos-con-una-fuerte-impronta-historica-y-carnavalera\/","og_locale":"es_ES","og_type":"article","og_title":"Nueva edici\u00f3n de \"La Noche de los Museos\" con una fuerte impronta hist\u00f3rica y carnavalera","og_description":"Los principales espacios culturales de la ciudad abren sus puertas de forma gratuita este 27, 28 de febrero y 1 de marzo. Con visitas guiadas de 18 a 22 hs, la propuesta invita a recorrer el patrimonio local bajo la tem\u00e1tica \"Verano de Encuentro\".","og_url":"https:\/\/noticiasmercedinas.com\/site\/2026\/02\/28\/nueva-edicion-de-la-noche-de-los-museos-con-una-fuerte-impronta-historica-y-carnavalera\/","og_site_name":"NOTICIASMERCEDINAS.COM","article_publisher":"https:\/\/www.facebook.com\/noticiasmercedinas\/","article_published_time":"2026-02-28T13:53:13+00:00","article_modified_time":"2026-02-28T13:55:29+00:00","og_image":[{"width":1204,"height":1600,"url":"https:\/\/noticiasmercedinas.com\/site\/wp-content\/uploads\/2026\/02\/WhatsApp-Image-2026-02-28-at-10.46.25-AM.jpeg","type":"image\/jpeg"}],"author":"NOTICIASMERCEDINAS.COM","twitter_card":"summary_large_image","twitter_creator":"@notmercedinas","twitter_site":"@notmercedinas","twitter_misc":{"Escrito por":"NOTICIASMERCEDINAS.COM","Tiempo de lectura":"3 minutos"},"schema":{"@context":"https:\/\/schema.org","@graph":[{"@type":"Article","@id":"https:\/\/noticiasmercedinas.com\/site\/2026\/02\/28\/nueva-edicion-de-la-noche-de-los-museos-con-una-fuerte-impronta-historica-y-carnavalera\/#article","isPartOf":{"@id":"https:\/\/noticiasmercedinas.com\/site\/2026\/02\/28\/nueva-edicion-de-la-noche-de-los-museos-con-una-fuerte-impronta-historica-y-carnavalera\/"},"author":{"name":"NOTICIASMERCEDINAS.COM","@id":"https:\/\/noticiasmercedinas.com\/site\/#\/schema\/person\/84b59c099c28ff2e8b77d4ceec5d8063"},"headline":"Nueva edici\u00f3n de \u00abLa Noche de los Museos\u00bb con una fuerte impronta hist\u00f3rica y carnavalera","datePublished":"2026-02-28T13:53:13+00:00","dateModified":"2026-02-28T13:55:29+00:00","mainEntityOfPage":{"@id":"https:\/\/noticiasmercedinas.com\/site\/2026\/02\/28\/nueva-edicion-de-la-noche-de-los-museos-con-una-fuerte-impronta-historica-y-carnavalera\/"},"wordCount":365,"publisher":{"@id":"https:\/\/noticiasmercedinas.com\/site\/#organization"},"image":{"@id":"https:\/\/noticiasmercedinas.com\/site\/2026\/02\/28\/nueva-edicion-de-la-noche-de-los-museos-con-una-fuerte-impronta-historica-y-carnavalera\/#primaryimage"},"thumbnailUrl":"https:\/\/noticiasmercedinas.com\/site\/wp-content\/uploads\/2026\/02\/WhatsApp-Image-2026-02-28-at-10.46.25-AM.jpeg","keywords":["mamm","museo carlos ameghino","Museo Hist\u00f3rico Victor Miguez","noche de los museos"],"articleSection":["Cultura"],"inLanguage":"es"},{"@type":"WebPage","@id":"https:\/\/noticiasmercedinas.com\/site\/2026\/02\/28\/nueva-edicion-de-la-noche-de-los-museos-con-una-fuerte-impronta-historica-y-carnavalera\/","url":"https:\/\/noticiasmercedinas.com\/site\/2026\/02\/28\/nueva-edicion-de-la-noche-de-los-museos-con-una-fuerte-impronta-historica-y-carnavalera\/","name":"Nueva edici\u00f3n de \"La Noche de los Museos\" con una fuerte impronta hist\u00f3rica y carnavalera","isPartOf":{"@id":"https:\/\/noticiasmercedinas.com\/site\/#website"},"primaryImageOfPage":{"@id":"https:\/\/noticiasmercedinas.com\/site\/2026\/02\/28\/nueva-edicion-de-la-noche-de-los-museos-con-una-fuerte-impronta-historica-y-carnavalera\/#primaryimage"},"image":{"@id":"https:\/\/noticiasmercedinas.com\/site\/2026\/02\/28\/nueva-edicion-de-la-noche-de-los-museos-con-una-fuerte-impronta-historica-y-carnavalera\/#primaryimage"},"thumbnailUrl":"https:\/\/noticiasmercedinas.com\/site\/wp-content\/uploads\/2026\/02\/WhatsApp-Image-2026-02-28-at-10.46.25-AM.jpeg","datePublished":"2026-02-28T13:53:13+00:00","dateModified":"2026-02-28T13:55:29+00:00","description":"Los principales espacios culturales de la ciudad abren sus puertas de forma gratuita este 27, 28 de febrero y 1 de marzo. Con visitas guiadas de 18 a 22 hs, la propuesta invita a recorrer el patrimonio local bajo la tem\u00e1tica \"Verano de Encuentro\".","breadcrumb":{"@id":"https:\/\/noticiasmercedinas.com\/site\/2026\/02\/28\/nueva-edicion-de-la-noche-de-los-museos-con-una-fuerte-impronta-historica-y-carnavalera\/#breadcrumb"},"inLanguage":"es","potentialAction":[{"@type":"ReadAction","target":["https:\/\/noticiasmercedinas.com\/site\/2026\/02\/28\/nueva-edicion-de-la-noche-de-los-museos-con-una-fuerte-impronta-historica-y-carnavalera\/"]}]},{"@type":"ImageObject","inLanguage":"es","@id":"https:\/\/noticiasmercedinas.com\/site\/2026\/02\/28\/nueva-edicion-de-la-noche-de-los-museos-con-una-fuerte-impronta-historica-y-carnavalera\/#primaryimage","url":"https:\/\/noticiasmercedinas.com\/site\/wp-content\/uploads\/2026\/02\/WhatsApp-Image-2026-02-28-at-10.46.25-AM.jpeg","contentUrl":"https:\/\/noticiasmercedinas.com\/site\/wp-content\/uploads\/2026\/02\/WhatsApp-Image-2026-02-28-at-10.46.25-AM.jpeg","width":1204,"height":1600},{"@type":"BreadcrumbList","@id":"https:\/\/noticiasmercedinas.com\/site\/2026\/02\/28\/nueva-edicion-de-la-noche-de-los-museos-con-una-fuerte-impronta-historica-y-carnavalera\/#breadcrumb","itemListElement":[{"@type":"ListItem","position":1,"name":"Portada","item":"https:\/\/noticiasmercedinas.com\/site\/"},{"@type":"ListItem","position":2,"name":"Nueva edici\u00f3n de \u00abLa Noche de los Museos\u00bb con una fuerte impronta hist\u00f3rica y carnavalera"}]},{"@type":"WebSite","@id":"https:\/\/noticiasmercedinas.com\/site\/#website","url":"https:\/\/noticiasmercedinas.com\/site\/","name":"NOTICIASMERCEDINAS.COM","description":"Mercedes, Buenos Aires, Argentina","publisher":{"@id":"https:\/\/noticiasmercedinas.com\/site\/#organization"},"potentialAction":[{"@type":"SearchAction","target":{"@type":"EntryPoint","urlTemplate":"https:\/\/noticiasmercedinas.com\/site\/?s={search_term_string}"},"query-input":{"@type":"PropertyValueSpecification","valueRequired":true,"valueName":"search_term_string"}}],"inLanguage":"es"},{"@type":"Organization","@id":"https:\/\/noticiasmercedinas.com\/site\/#organization","name":"NOTICIASMERCEDINAS.COM","url":"https:\/\/noticiasmercedinas.com\/site\/","logo":{"@type":"ImageObject","inLanguage":"es","@id":"https:\/\/noticiasmercedinas.com\/site\/#\/schema\/logo\/image\/","url":"https:\/\/noticiasmercedinas.com\/site\/wp-content\/uploads\/2020\/06\/LOGO-512.jpg","contentUrl":"https:\/\/noticiasmercedinas.com\/site\/wp-content\/uploads\/2020\/06\/LOGO-512.jpg","width":512,"height":512,"caption":"NOTICIASMERCEDINAS.COM"},"image":{"@id":"https:\/\/noticiasmercedinas.com\/site\/#\/schema\/logo\/image\/"},"sameAs":["https:\/\/www.facebook.com\/noticiasmercedinas\/","https:\/\/x.com\/notmercedinas","https:\/\/www.instagram.com\/noticiasmercedinas\/"]},{"@type":"Person","@id":"https:\/\/noticiasmercedinas.com\/site\/#\/schema\/person\/84b59c099c28ff2e8b77d4ceec5d8063","name":"NOTICIASMERCEDINAS.COM","image":{"@type":"ImageObject","inLanguage":"es","@id":"https:\/\/secure.gravatar.com\/avatar\/4dfbf16b4d17945bfb6341b2d19043457132fcf478a5ee04f42e959fd8f5df0a?s=96&d=mm&r=g","url":"https:\/\/secure.gravatar.com\/avatar\/4dfbf16b4d17945bfb6341b2d19043457132fcf478a5ee04f42e959fd8f5df0a?s=96&d=mm&r=g","contentUrl":"https:\/\/secure.gravatar.com\/avatar\/4dfbf16b4d17945bfb6341b2d19043457132fcf478a5ee04f42e959fd8f5df0a?s=96&d=mm&r=g","caption":"NOTICIASMERCEDINAS.COM"},"url":"https:\/\/noticiasmercedinas.com\/site\/author\/anonimo\/"}]}},"amp_enabled":true,"_links":{"self":[{"href":"https:\/\/noticiasmercedinas.com\/site\/wp-json\/wp\/v2\/posts\/180731","targetHints":{"allow":["GET"]}}],"collection":[{"href":"https:\/\/noticiasmercedinas.com\/site\/wp-json\/wp\/v2\/posts"}],"about":[{"href":"https:\/\/noticiasmercedinas.com\/site\/wp-json\/wp\/v2\/types\/post"}],"author":[{"embeddable":true,"href":"https:\/\/noticiasmercedinas.com\/site\/wp-json\/wp\/v2\/users\/16"}],"replies":[{"embeddable":true,"href":"https:\/\/noticiasmercedinas.com\/site\/wp-json\/wp\/v2\/comments?post=180731"}],"version-history":[{"count":3,"href":"https:\/\/noticiasmercedinas.com\/site\/wp-json\/wp\/v2\/posts\/180731\/revisions"}],"predecessor-version":[{"id":180738,"href":"https:\/\/noticiasmercedinas.com\/site\/wp-json\/wp\/v2\/posts\/180731\/revisions\/180738"}],"wp:featuredmedia":[{"embeddable":true,"href":"https:\/\/noticiasmercedinas.com\/site\/wp-json\/wp\/v2\/media\/180733"}],"wp:attachment":[{"href":"https:\/\/noticiasmercedinas.com\/site\/wp-json\/wp\/v2\/media?parent=180731"}],"wp:term":[{"taxonomy":"category","embeddable":true,"href":"https:\/\/noticiasmercedinas.com\/site\/wp-json\/wp\/v2\/categories?post=180731"},{"taxonomy":"post_tag","embeddable":true,"href":"https:\/\/noticiasmercedinas.com\/site\/wp-json\/wp\/v2\/tags?post=180731"}],"curies":[{"name":"wp","href":"https:\/\/api.w.org\/{rel}","templated":true}]}}