{"id":180739,"date":"2026-02-28T11:03:38","date_gmt":"2026-02-28T14:03:38","guid":{"rendered":"https:\/\/noticiasmercedinas.com\/site\/?p=180739"},"modified":"2026-02-28T11:03:38","modified_gmt":"2026-02-28T14:03:38","slug":"el-consejo-escolar-reconocio-la-labor-del-personal-de-las-escuelas-abiertas-de-verano","status":"publish","type":"post","link":"https:\/\/noticiasmercedinas.com\/site\/2026\/02\/28\/el-consejo-escolar-reconocio-la-labor-del-personal-de-las-escuelas-abiertas-de-verano\/","title":{"rendered":"El Consejo Escolar reconoci\u00f3 la labor del personal de las Escuelas Abiertas de Verano"},"content":{"rendered":"<p><img loading=\"lazy\" decoding=\"async\" class=\"alignnone wp-image-180745 size-full\" src=\"https:\/\/noticiasmercedinas.com\/site\/wp-content\/uploads\/2026\/02\/644331376_1390374809798898_2985633987652894608_n-e1772287328959.jpg\" alt=\"\" width=\"1280\" height=\"772\" srcset=\"https:\/\/noticiasmercedinas.com\/site\/wp-content\/uploads\/2026\/02\/644331376_1390374809798898_2985633987652894608_n-e1772287328959.jpg 1280w, https:\/\/noticiasmercedinas.com\/site\/wp-content\/uploads\/2026\/02\/644331376_1390374809798898_2985633987652894608_n-e1772287328959-300x181.jpg 300w, https:\/\/noticiasmercedinas.com\/site\/wp-content\/uploads\/2026\/02\/644331376_1390374809798898_2985633987652894608_n-e1772287328959-1024x618.jpg 1024w, https:\/\/noticiasmercedinas.com\/site\/wp-content\/uploads\/2026\/02\/644331376_1390374809798898_2985633987652894608_n-e1772287328959-768x463.jpg 768w, https:\/\/noticiasmercedinas.com\/site\/wp-content\/uploads\/2026\/02\/644331376_1390374809798898_2985633987652894608_n-e1772287328959-640x386.jpg 640w, https:\/\/noticiasmercedinas.com\/site\/wp-content\/uploads\/2026\/02\/644331376_1390374809798898_2985633987652894608_n-e1772287328959-681x411.jpg 681w\" sizes=\"auto, (max-width: 1280px) 100vw, 1280px\" \/><\/p>\n<p>El Consejo Escolar de Mercedes llev\u00f3 adelante este viernes 27 de febrero un acto de valoraci\u00f3n y reconocimiento dirigido al personal que form\u00f3 parte del programa Escuelas Abiertas de Verano (EAV) 2026.<\/p>\n<p>La jornada, que tuvo lugar en la sede del organismo desde las 10:00 hs, sirvi\u00f3 para homenajear el compromiso de quienes sostuvieron el funcionamiento de los comedores y el mantenimiento de los establecimientos durante el receso estival.<\/p>\n<p>La actividad fue encabezada por la presidenta del Consejo Escolar, Maguy Oliva, quien estuvo acompa\u00f1ada por varios de sus colegas consejeros. Durante el encuentro, se realiz\u00f3 la entrega formal de diplomas y reconocimientos a las cocineras, porteros y cooperativistas que integraron los equipos de trabajo en las distintas sedes del distrito.<\/p>\n<p><strong>\u00abCocinando en Familia\u00bb y el Recetario Bonaerense<\/strong><br \/>\nUno de los puntos centrales del reconocimiento fue el desempe\u00f1o del personal en la ejecuci\u00f3n del proyecto \u201cCocinando en Familia\u201d.<\/p>\n<p><img loading=\"lazy\" decoding=\"async\" class=\"alignnone size-full wp-image-180744\" src=\"https:\/\/noticiasmercedinas.com\/site\/wp-content\/uploads\/2026\/02\/644370760_1390379899798389_4741730318454408784_n-e1772287357945.jpg\" alt=\"\" width=\"1280\" height=\"868\" srcset=\"https:\/\/noticiasmercedinas.com\/site\/wp-content\/uploads\/2026\/02\/644370760_1390379899798389_4741730318454408784_n-e1772287357945.jpg 1280w, https:\/\/noticiasmercedinas.com\/site\/wp-content\/uploads\/2026\/02\/644370760_1390379899798389_4741730318454408784_n-e1772287357945-300x203.jpg 300w, https:\/\/noticiasmercedinas.com\/site\/wp-content\/uploads\/2026\/02\/644370760_1390379899798389_4741730318454408784_n-e1772287357945-1024x694.jpg 1024w, https:\/\/noticiasmercedinas.com\/site\/wp-content\/uploads\/2026\/02\/644370760_1390379899798389_4741730318454408784_n-e1772287357945-768x521.jpg 768w, https:\/\/noticiasmercedinas.com\/site\/wp-content\/uploads\/2026\/02\/644370760_1390379899798389_4741730318454408784_n-e1772287357945-640x434.jpg 640w, https:\/\/noticiasmercedinas.com\/site\/wp-content\/uploads\/2026\/02\/644370760_1390379899798389_4741730318454408784_n-e1772287357945-681x462.jpg 681w\" sizes=\"auto, (max-width: 1280px) 100vw, 1280px\" \/><\/p>\n<p>Esta iniciativa permiti\u00f3 poner en pr\u00e1ctica el Recetario Bonaerense en cada sede de la Escuela Abierta de Verano, garantizando no solo la alimentaci\u00f3n de los alumnos, sino tambi\u00e9n la calidad nutricional y la identidad cultural en los platos servidos.<\/p>\n<p>Desde la instituci\u00f3n destacaron que el \u00e9xito de la propuesta fue posible gracias a la \u00abdedicaci\u00f3n y el trabajo cotidiano\u00bb de los agentes auxiliares y cooperativistas.<\/p>\n<p>El programa EAV, impulsado por la Direcci\u00f3n General de Cultura y Educaci\u00f3n del Gobierno de la Provincia de Buenos Aires, cerr\u00f3 as\u00ed un ciclo de fuerte articulaci\u00f3n local entre educaci\u00f3n, nutrici\u00f3n y comunidad.<\/p>\n<p>El acto represent\u00f3 un cierre institucional para las actividades de verano, poniendo en valor el rol esencial del personal no docente. \u00abAgradecemos profundamente a cada uno y cada una que integr\u00f3 este gran equipo de trabajo\u00bb, se\u00f1alaron desde el Consejo, subrayando que su labor es el pilar que permite llevar adelante proyectos de inclusi\u00f3n educativa en la ciudad.<\/p>\n<p><img loading=\"lazy\" decoding=\"async\" class=\"alignnone size-full wp-image-180743\" src=\"https:\/\/noticiasmercedinas.com\/site\/wp-content\/uploads\/2026\/02\/643404237_1390374986465547_2289330656001263540_n-e1772287380896.jpg\" alt=\"\" width=\"1280\" height=\"720\" srcset=\"https:\/\/noticiasmercedinas.com\/site\/wp-content\/uploads\/2026\/02\/643404237_1390374986465547_2289330656001263540_n-e1772287380896.jpg 1280w, https:\/\/noticiasmercedinas.com\/site\/wp-content\/uploads\/2026\/02\/643404237_1390374986465547_2289330656001263540_n-e1772287380896-300x169.jpg 300w, https:\/\/noticiasmercedinas.com\/site\/wp-content\/uploads\/2026\/02\/643404237_1390374986465547_2289330656001263540_n-e1772287380896-1024x576.jpg 1024w, https:\/\/noticiasmercedinas.com\/site\/wp-content\/uploads\/2026\/02\/643404237_1390374986465547_2289330656001263540_n-e1772287380896-768x432.jpg 768w, https:\/\/noticiasmercedinas.com\/site\/wp-content\/uploads\/2026\/02\/643404237_1390374986465547_2289330656001263540_n-e1772287380896-640x360.jpg 640w, https:\/\/noticiasmercedinas.com\/site\/wp-content\/uploads\/2026\/02\/643404237_1390374986465547_2289330656001263540_n-e1772287380896-681x383.jpg 681w\" sizes=\"auto, (max-width: 1280px) 100vw, 1280px\" \/><\/p>\n<p>&nbsp;<\/p>\n","protected":false},"excerpt":{"rendered":"<p>\u25a0 En un emotivo acto encabezado por su presidenta, Maguy Oliva, se entregaron diplomas y distinciones a cocineras, porteros y cooperativistas. Se destac\u00f3 la implementaci\u00f3n del proyecto \u00abCocinando en Familia\u00bb durante la temporada 2026.<\/p>\n","protected":false},"author":16,"featured_media":180745,"comment_status":"closed","ping_status":"closed","sticky":false,"template":"","format":"standard","meta":{"footnotes":""},"categories":[3,20734],"tags":[267,3360,18541],"class_list":["post-180739","post","type-post","status-publish","format-standard","has-post-thumbnail","hentry","category-sociedad","category-ultimo-momento","tag-consejo-escolar","tag-escuelas-abiertas-de-verano","tag-maguy-oliva"],"yoast_head":"<!-- This site is optimized with the Yoast SEO plugin v27.5 - https:\/\/yoast.com\/product\/yoast-seo-wordpress\/ -->\n<title>El Consejo Escolar reconoci\u00f3 la labor del personal de las Escuelas Abiertas de Verano<\/title>\n<meta name=\"description\" content=\"\u25a0 En un emotivo acto encabezado por su presidenta, Maguy Oliva, se entregaron diplomas y distinciones a cocineras, porteros y cooperativistas. Se destac\u00f3 la implementaci\u00f3n del proyecto &quot;Cocinando en Familia&quot; durante la temporada 2026.\" \/>\n<meta name=\"robots\" content=\"index, follow, max-snippet:-1, max-image-preview:large, max-video-preview:-1\" \/>\n<link rel=\"canonical\" href=\"https:\/\/noticiasmercedinas.com\/site\/2026\/02\/28\/el-consejo-escolar-reconocio-la-labor-del-personal-de-las-escuelas-abiertas-de-verano\/\" \/>\n<meta property=\"og:locale\" content=\"es_ES\" \/>\n<meta property=\"og:type\" content=\"article\" \/>\n<meta property=\"og:title\" content=\"El Consejo Escolar reconoci\u00f3 la labor del personal de las Escuelas Abiertas de Verano\" \/>\n<meta property=\"og:description\" content=\"\u25a0 En un emotivo acto encabezado por su presidenta, Maguy Oliva, se entregaron diplomas y distinciones a cocineras, porteros y cooperativistas. Se destac\u00f3 la implementaci\u00f3n del proyecto &quot;Cocinando en Familia&quot; durante la temporada 2026.\" \/>\n<meta property=\"og:url\" content=\"https:\/\/noticiasmercedinas.com\/site\/2026\/02\/28\/el-consejo-escolar-reconocio-la-labor-del-personal-de-las-escuelas-abiertas-de-verano\/\" \/>\n<meta property=\"og:site_name\" content=\"NOTICIASMERCEDINAS.COM\" \/>\n<meta property=\"article:publisher\" content=\"https:\/\/www.facebook.com\/noticiasmercedinas\/\" \/>\n<meta property=\"article:published_time\" content=\"2026-02-28T14:03:38+00:00\" \/>\n<meta property=\"og:image\" content=\"https:\/\/noticiasmercedinas.com\/site\/wp-content\/uploads\/2026\/02\/644331376_1390374809798898_2985633987652894608_n-e1772287328959.jpg\" \/>\n\t<meta property=\"og:image:width\" content=\"1280\" \/>\n\t<meta property=\"og:image:height\" content=\"772\" \/>\n\t<meta property=\"og:image:type\" content=\"image\/jpeg\" \/>\n<meta name=\"author\" content=\"NOTICIASMERCEDINAS.COM\" \/>\n<meta name=\"twitter:card\" content=\"summary_large_image\" \/>\n<meta name=\"twitter:creator\" content=\"@notmercedinas\" \/>\n<meta name=\"twitter:site\" content=\"@notmercedinas\" \/>\n<meta name=\"twitter:label1\" content=\"Escrito por\" \/>\n\t<meta name=\"twitter:data1\" content=\"NOTICIASMERCEDINAS.COM\" \/>\n\t<meta name=\"twitter:label2\" content=\"Tiempo de lectura\" \/>\n\t<meta name=\"twitter:data2\" content=\"3 minutos\" \/>\n<script type=\"application\/ld+json\" class=\"yoast-schema-graph\">{\"@context\":\"https:\\\/\\\/schema.org\",\"@graph\":[{\"@type\":\"Article\",\"@id\":\"https:\\\/\\\/noticiasmercedinas.com\\\/site\\\/2026\\\/02\\\/28\\\/el-consejo-escolar-reconocio-la-labor-del-personal-de-las-escuelas-abiertas-de-verano\\\/#article\",\"isPartOf\":{\"@id\":\"https:\\\/\\\/noticiasmercedinas.com\\\/site\\\/2026\\\/02\\\/28\\\/el-consejo-escolar-reconocio-la-labor-del-personal-de-las-escuelas-abiertas-de-verano\\\/\"},\"author\":{\"name\":\"NOTICIASMERCEDINAS.COM\",\"@id\":\"https:\\\/\\\/noticiasmercedinas.com\\\/site\\\/#\\\/schema\\\/person\\\/84b59c099c28ff2e8b77d4ceec5d8063\"},\"headline\":\"El Consejo Escolar reconoci\u00f3 la labor del personal de las Escuelas Abiertas de Verano\",\"datePublished\":\"2026-02-28T14:03:38+00:00\",\"mainEntityOfPage\":{\"@id\":\"https:\\\/\\\/noticiasmercedinas.com\\\/site\\\/2026\\\/02\\\/28\\\/el-consejo-escolar-reconocio-la-labor-del-personal-de-las-escuelas-abiertas-de-verano\\\/\"},\"wordCount\":331,\"publisher\":{\"@id\":\"https:\\\/\\\/noticiasmercedinas.com\\\/site\\\/#organization\"},\"image\":{\"@id\":\"https:\\\/\\\/noticiasmercedinas.com\\\/site\\\/2026\\\/02\\\/28\\\/el-consejo-escolar-reconocio-la-labor-del-personal-de-las-escuelas-abiertas-de-verano\\\/#primaryimage\"},\"thumbnailUrl\":\"https:\\\/\\\/noticiasmercedinas.com\\\/site\\\/wp-content\\\/uploads\\\/2026\\\/02\\\/644331376_1390374809798898_2985633987652894608_n-e1772287328959.jpg\",\"keywords\":[\"consejo escolar\",\"escuelas abiertas de verano\",\"maguy oliva\"],\"articleSection\":[\"Sociedad\",\"Ultimo momento\"],\"inLanguage\":\"es\"},{\"@type\":\"WebPage\",\"@id\":\"https:\\\/\\\/noticiasmercedinas.com\\\/site\\\/2026\\\/02\\\/28\\\/el-consejo-escolar-reconocio-la-labor-del-personal-de-las-escuelas-abiertas-de-verano\\\/\",\"url\":\"https:\\\/\\\/noticiasmercedinas.com\\\/site\\\/2026\\\/02\\\/28\\\/el-consejo-escolar-reconocio-la-labor-del-personal-de-las-escuelas-abiertas-de-verano\\\/\",\"name\":\"El Consejo Escolar reconoci\u00f3 la labor del personal de las Escuelas Abiertas de Verano\",\"isPartOf\":{\"@id\":\"https:\\\/\\\/noticiasmercedinas.com\\\/site\\\/#website\"},\"primaryImageOfPage\":{\"@id\":\"https:\\\/\\\/noticiasmercedinas.com\\\/site\\\/2026\\\/02\\\/28\\\/el-consejo-escolar-reconocio-la-labor-del-personal-de-las-escuelas-abiertas-de-verano\\\/#primaryimage\"},\"image\":{\"@id\":\"https:\\\/\\\/noticiasmercedinas.com\\\/site\\\/2026\\\/02\\\/28\\\/el-consejo-escolar-reconocio-la-labor-del-personal-de-las-escuelas-abiertas-de-verano\\\/#primaryimage\"},\"thumbnailUrl\":\"https:\\\/\\\/noticiasmercedinas.com\\\/site\\\/wp-content\\\/uploads\\\/2026\\\/02\\\/644331376_1390374809798898_2985633987652894608_n-e1772287328959.jpg\",\"datePublished\":\"2026-02-28T14:03:38+00:00\",\"description\":\"\u25a0 En un emotivo acto encabezado por su presidenta, Maguy Oliva, se entregaron diplomas y distinciones a cocineras, porteros y cooperativistas. Se destac\u00f3 la implementaci\u00f3n del proyecto \\\"Cocinando en Familia\\\" durante la temporada 2026.\",\"breadcrumb\":{\"@id\":\"https:\\\/\\\/noticiasmercedinas.com\\\/site\\\/2026\\\/02\\\/28\\\/el-consejo-escolar-reconocio-la-labor-del-personal-de-las-escuelas-abiertas-de-verano\\\/#breadcrumb\"},\"inLanguage\":\"es\",\"potentialAction\":[{\"@type\":\"ReadAction\",\"target\":[\"https:\\\/\\\/noticiasmercedinas.com\\\/site\\\/2026\\\/02\\\/28\\\/el-consejo-escolar-reconocio-la-labor-del-personal-de-las-escuelas-abiertas-de-verano\\\/\"]}]},{\"@type\":\"ImageObject\",\"inLanguage\":\"es\",\"@id\":\"https:\\\/\\\/noticiasmercedinas.com\\\/site\\\/2026\\\/02\\\/28\\\/el-consejo-escolar-reconocio-la-labor-del-personal-de-las-escuelas-abiertas-de-verano\\\/#primaryimage\",\"url\":\"https:\\\/\\\/noticiasmercedinas.com\\\/site\\\/wp-content\\\/uploads\\\/2026\\\/02\\\/644331376_1390374809798898_2985633987652894608_n-e1772287328959.jpg\",\"contentUrl\":\"https:\\\/\\\/noticiasmercedinas.com\\\/site\\\/wp-content\\\/uploads\\\/2026\\\/02\\\/644331376_1390374809798898_2985633987652894608_n-e1772287328959.jpg\",\"width\":1280,\"height\":772},{\"@type\":\"BreadcrumbList\",\"@id\":\"https:\\\/\\\/noticiasmercedinas.com\\\/site\\\/2026\\\/02\\\/28\\\/el-consejo-escolar-reconocio-la-labor-del-personal-de-las-escuelas-abiertas-de-verano\\\/#breadcrumb\",\"itemListElement\":[{\"@type\":\"ListItem\",\"position\":1,\"name\":\"Portada\",\"item\":\"https:\\\/\\\/noticiasmercedinas.com\\\/site\\\/\"},{\"@type\":\"ListItem\",\"position\":2,\"name\":\"El Consejo Escolar reconoci\u00f3 la labor del personal de las Escuelas Abiertas de Verano\"}]},{\"@type\":\"WebSite\",\"@id\":\"https:\\\/\\\/noticiasmercedinas.com\\\/site\\\/#website\",\"url\":\"https:\\\/\\\/noticiasmercedinas.com\\\/site\\\/\",\"name\":\"NOTICIASMERCEDINAS.COM\",\"description\":\"Mercedes, Buenos Aires, Argentina\",\"publisher\":{\"@id\":\"https:\\\/\\\/noticiasmercedinas.com\\\/site\\\/#organization\"},\"potentialAction\":[{\"@type\":\"SearchAction\",\"target\":{\"@type\":\"EntryPoint\",\"urlTemplate\":\"https:\\\/\\\/noticiasmercedinas.com\\\/site\\\/?s={search_term_string}\"},\"query-input\":{\"@type\":\"PropertyValueSpecification\",\"valueRequired\":true,\"valueName\":\"search_term_string\"}}],\"inLanguage\":\"es\"},{\"@type\":\"Organization\",\"@id\":\"https:\\\/\\\/noticiasmercedinas.com\\\/site\\\/#organization\",\"name\":\"NOTICIASMERCEDINAS.COM\",\"url\":\"https:\\\/\\\/noticiasmercedinas.com\\\/site\\\/\",\"logo\":{\"@type\":\"ImageObject\",\"inLanguage\":\"es\",\"@id\":\"https:\\\/\\\/noticiasmercedinas.com\\\/site\\\/#\\\/schema\\\/logo\\\/image\\\/\",\"url\":\"https:\\\/\\\/noticiasmercedinas.com\\\/site\\\/wp-content\\\/uploads\\\/2020\\\/06\\\/LOGO-512.jpg\",\"contentUrl\":\"https:\\\/\\\/noticiasmercedinas.com\\\/site\\\/wp-content\\\/uploads\\\/2020\\\/06\\\/LOGO-512.jpg\",\"width\":512,\"height\":512,\"caption\":\"NOTICIASMERCEDINAS.COM\"},\"image\":{\"@id\":\"https:\\\/\\\/noticiasmercedinas.com\\\/site\\\/#\\\/schema\\\/logo\\\/image\\\/\"},\"sameAs\":[\"https:\\\/\\\/www.facebook.com\\\/noticiasmercedinas\\\/\",\"https:\\\/\\\/x.com\\\/notmercedinas\",\"https:\\\/\\\/www.instagram.com\\\/noticiasmercedinas\\\/\"]},{\"@type\":\"Person\",\"@id\":\"https:\\\/\\\/noticiasmercedinas.com\\\/site\\\/#\\\/schema\\\/person\\\/84b59c099c28ff2e8b77d4ceec5d8063\",\"name\":\"NOTICIASMERCEDINAS.COM\",\"image\":{\"@type\":\"ImageObject\",\"inLanguage\":\"es\",\"@id\":\"https:\\\/\\\/secure.gravatar.com\\\/avatar\\\/4dfbf16b4d17945bfb6341b2d19043457132fcf478a5ee04f42e959fd8f5df0a?s=96&d=mm&r=g\",\"url\":\"https:\\\/\\\/secure.gravatar.com\\\/avatar\\\/4dfbf16b4d17945bfb6341b2d19043457132fcf478a5ee04f42e959fd8f5df0a?s=96&d=mm&r=g\",\"contentUrl\":\"https:\\\/\\\/secure.gravatar.com\\\/avatar\\\/4dfbf16b4d17945bfb6341b2d19043457132fcf478a5ee04f42e959fd8f5df0a?s=96&d=mm&r=g\",\"caption\":\"NOTICIASMERCEDINAS.COM\"},\"url\":\"https:\\\/\\\/noticiasmercedinas.com\\\/site\\\/author\\\/anonimo\\\/\"}]}<\/script>\n<!-- \/ Yoast SEO plugin. -->","yoast_head_json":{"title":"El Consejo Escolar reconoci\u00f3 la labor del personal de las Escuelas Abiertas de Verano","description":"\u25a0 En un emotivo acto encabezado por su presidenta, Maguy Oliva, se entregaron diplomas y distinciones a cocineras, porteros y cooperativistas. Se destac\u00f3 la implementaci\u00f3n del proyecto \"Cocinando en Familia\" durante la temporada 2026.","robots":{"index":"index","follow":"follow","max-snippet":"max-snippet:-1","max-image-preview":"max-image-preview:large","max-video-preview":"max-video-preview:-1"},"canonical":"https:\/\/noticiasmercedinas.com\/site\/2026\/02\/28\/el-consejo-escolar-reconocio-la-labor-del-personal-de-las-escuelas-abiertas-de-verano\/","og_locale":"es_ES","og_type":"article","og_title":"El Consejo Escolar reconoci\u00f3 la labor del personal de las Escuelas Abiertas de Verano","og_description":"\u25a0 En un emotivo acto encabezado por su presidenta, Maguy Oliva, se entregaron diplomas y distinciones a cocineras, porteros y cooperativistas. Se destac\u00f3 la implementaci\u00f3n del proyecto \"Cocinando en Familia\" durante la temporada 2026.","og_url":"https:\/\/noticiasmercedinas.com\/site\/2026\/02\/28\/el-consejo-escolar-reconocio-la-labor-del-personal-de-las-escuelas-abiertas-de-verano\/","og_site_name":"NOTICIASMERCEDINAS.COM","article_publisher":"https:\/\/www.facebook.com\/noticiasmercedinas\/","article_published_time":"2026-02-28T14:03:38+00:00","og_image":[{"width":1280,"height":772,"url":"https:\/\/noticiasmercedinas.com\/site\/wp-content\/uploads\/2026\/02\/644331376_1390374809798898_2985633987652894608_n-e1772287328959.jpg","type":"image\/jpeg"}],"author":"NOTICIASMERCEDINAS.COM","twitter_card":"summary_large_image","twitter_creator":"@notmercedinas","twitter_site":"@notmercedinas","twitter_misc":{"Escrito por":"NOTICIASMERCEDINAS.COM","Tiempo de lectura":"3 minutos"},"schema":{"@context":"https:\/\/schema.org","@graph":[{"@type":"Article","@id":"https:\/\/noticiasmercedinas.com\/site\/2026\/02\/28\/el-consejo-escolar-reconocio-la-labor-del-personal-de-las-escuelas-abiertas-de-verano\/#article","isPartOf":{"@id":"https:\/\/noticiasmercedinas.com\/site\/2026\/02\/28\/el-consejo-escolar-reconocio-la-labor-del-personal-de-las-escuelas-abiertas-de-verano\/"},"author":{"name":"NOTICIASMERCEDINAS.COM","@id":"https:\/\/noticiasmercedinas.com\/site\/#\/schema\/person\/84b59c099c28ff2e8b77d4ceec5d8063"},"headline":"El Consejo Escolar reconoci\u00f3 la labor del personal de las Escuelas Abiertas de Verano","datePublished":"2026-02-28T14:03:38+00:00","mainEntityOfPage":{"@id":"https:\/\/noticiasmercedinas.com\/site\/2026\/02\/28\/el-consejo-escolar-reconocio-la-labor-del-personal-de-las-escuelas-abiertas-de-verano\/"},"wordCount":331,"publisher":{"@id":"https:\/\/noticiasmercedinas.com\/site\/#organization"},"image":{"@id":"https:\/\/noticiasmercedinas.com\/site\/2026\/02\/28\/el-consejo-escolar-reconocio-la-labor-del-personal-de-las-escuelas-abiertas-de-verano\/#primaryimage"},"thumbnailUrl":"https:\/\/noticiasmercedinas.com\/site\/wp-content\/uploads\/2026\/02\/644331376_1390374809798898_2985633987652894608_n-e1772287328959.jpg","keywords":["consejo escolar","escuelas abiertas de verano","maguy oliva"],"articleSection":["Sociedad","Ultimo momento"],"inLanguage":"es"},{"@type":"WebPage","@id":"https:\/\/noticiasmercedinas.com\/site\/2026\/02\/28\/el-consejo-escolar-reconocio-la-labor-del-personal-de-las-escuelas-abiertas-de-verano\/","url":"https:\/\/noticiasmercedinas.com\/site\/2026\/02\/28\/el-consejo-escolar-reconocio-la-labor-del-personal-de-las-escuelas-abiertas-de-verano\/","name":"El Consejo Escolar reconoci\u00f3 la labor del personal de las Escuelas Abiertas de Verano","isPartOf":{"@id":"https:\/\/noticiasmercedinas.com\/site\/#website"},"primaryImageOfPage":{"@id":"https:\/\/noticiasmercedinas.com\/site\/2026\/02\/28\/el-consejo-escolar-reconocio-la-labor-del-personal-de-las-escuelas-abiertas-de-verano\/#primaryimage"},"image":{"@id":"https:\/\/noticiasmercedinas.com\/site\/2026\/02\/28\/el-consejo-escolar-reconocio-la-labor-del-personal-de-las-escuelas-abiertas-de-verano\/#primaryimage"},"thumbnailUrl":"https:\/\/noticiasmercedinas.com\/site\/wp-content\/uploads\/2026\/02\/644331376_1390374809798898_2985633987652894608_n-e1772287328959.jpg","datePublished":"2026-02-28T14:03:38+00:00","description":"\u25a0 En un emotivo acto encabezado por su presidenta, Maguy Oliva, se entregaron diplomas y distinciones a cocineras, porteros y cooperativistas. Se destac\u00f3 la implementaci\u00f3n del proyecto \"Cocinando en Familia\" durante la temporada 2026.","breadcrumb":{"@id":"https:\/\/noticiasmercedinas.com\/site\/2026\/02\/28\/el-consejo-escolar-reconocio-la-labor-del-personal-de-las-escuelas-abiertas-de-verano\/#breadcrumb"},"inLanguage":"es","potentialAction":[{"@type":"ReadAction","target":["https:\/\/noticiasmercedinas.com\/site\/2026\/02\/28\/el-consejo-escolar-reconocio-la-labor-del-personal-de-las-escuelas-abiertas-de-verano\/"]}]},{"@type":"ImageObject","inLanguage":"es","@id":"https:\/\/noticiasmercedinas.com\/site\/2026\/02\/28\/el-consejo-escolar-reconocio-la-labor-del-personal-de-las-escuelas-abiertas-de-verano\/#primaryimage","url":"https:\/\/noticiasmercedinas.com\/site\/wp-content\/uploads\/2026\/02\/644331376_1390374809798898_2985633987652894608_n-e1772287328959.jpg","contentUrl":"https:\/\/noticiasmercedinas.com\/site\/wp-content\/uploads\/2026\/02\/644331376_1390374809798898_2985633987652894608_n-e1772287328959.jpg","width":1280,"height":772},{"@type":"BreadcrumbList","@id":"https:\/\/noticiasmercedinas.com\/site\/2026\/02\/28\/el-consejo-escolar-reconocio-la-labor-del-personal-de-las-escuelas-abiertas-de-verano\/#breadcrumb","itemListElement":[{"@type":"ListItem","position":1,"name":"Portada","item":"https:\/\/noticiasmercedinas.com\/site\/"},{"@type":"ListItem","position":2,"name":"El Consejo Escolar reconoci\u00f3 la labor del personal de las Escuelas Abiertas de Verano"}]},{"@type":"WebSite","@id":"https:\/\/noticiasmercedinas.com\/site\/#website","url":"https:\/\/noticiasmercedinas.com\/site\/","name":"NOTICIASMERCEDINAS.COM","description":"Mercedes, Buenos Aires, Argentina","publisher":{"@id":"https:\/\/noticiasmercedinas.com\/site\/#organization"},"potentialAction":[{"@type":"SearchAction","target":{"@type":"EntryPoint","urlTemplate":"https:\/\/noticiasmercedinas.com\/site\/?s={search_term_string}"},"query-input":{"@type":"PropertyValueSpecification","valueRequired":true,"valueName":"search_term_string"}}],"inLanguage":"es"},{"@type":"Organization","@id":"https:\/\/noticiasmercedinas.com\/site\/#organization","name":"NOTICIASMERCEDINAS.COM","url":"https:\/\/noticiasmercedinas.com\/site\/","logo":{"@type":"ImageObject","inLanguage":"es","@id":"https:\/\/noticiasmercedinas.com\/site\/#\/schema\/logo\/image\/","url":"https:\/\/noticiasmercedinas.com\/site\/wp-content\/uploads\/2020\/06\/LOGO-512.jpg","contentUrl":"https:\/\/noticiasmercedinas.com\/site\/wp-content\/uploads\/2020\/06\/LOGO-512.jpg","width":512,"height":512,"caption":"NOTICIASMERCEDINAS.COM"},"image":{"@id":"https:\/\/noticiasmercedinas.com\/site\/#\/schema\/logo\/image\/"},"sameAs":["https:\/\/www.facebook.com\/noticiasmercedinas\/","https:\/\/x.com\/notmercedinas","https:\/\/www.instagram.com\/noticiasmercedinas\/"]},{"@type":"Person","@id":"https:\/\/noticiasmercedinas.com\/site\/#\/schema\/person\/84b59c099c28ff2e8b77d4ceec5d8063","name":"NOTICIASMERCEDINAS.COM","image":{"@type":"ImageObject","inLanguage":"es","@id":"https:\/\/secure.gravatar.com\/avatar\/4dfbf16b4d17945bfb6341b2d19043457132fcf478a5ee04f42e959fd8f5df0a?s=96&d=mm&r=g","url":"https:\/\/secure.gravatar.com\/avatar\/4dfbf16b4d17945bfb6341b2d19043457132fcf478a5ee04f42e959fd8f5df0a?s=96&d=mm&r=g","contentUrl":"https:\/\/secure.gravatar.com\/avatar\/4dfbf16b4d17945bfb6341b2d19043457132fcf478a5ee04f42e959fd8f5df0a?s=96&d=mm&r=g","caption":"NOTICIASMERCEDINAS.COM"},"url":"https:\/\/noticiasmercedinas.com\/site\/author\/anonimo\/"}]}},"amp_enabled":true,"_links":{"self":[{"href":"https:\/\/noticiasmercedinas.com\/site\/wp-json\/wp\/v2\/posts\/180739","targetHints":{"allow":["GET"]}}],"collection":[{"href":"https:\/\/noticiasmercedinas.com\/site\/wp-json\/wp\/v2\/posts"}],"about":[{"href":"https:\/\/noticiasmercedinas.com\/site\/wp-json\/wp\/v2\/types\/post"}],"author":[{"embeddable":true,"href":"https:\/\/noticiasmercedinas.com\/site\/wp-json\/wp\/v2\/users\/16"}],"replies":[{"embeddable":true,"href":"https:\/\/noticiasmercedinas.com\/site\/wp-json\/wp\/v2\/comments?post=180739"}],"version-history":[{"count":1,"href":"https:\/\/noticiasmercedinas.com\/site\/wp-json\/wp\/v2\/posts\/180739\/revisions"}],"predecessor-version":[{"id":180746,"href":"https:\/\/noticiasmercedinas.com\/site\/wp-json\/wp\/v2\/posts\/180739\/revisions\/180746"}],"wp:featuredmedia":[{"embeddable":true,"href":"https:\/\/noticiasmercedinas.com\/site\/wp-json\/wp\/v2\/media\/180745"}],"wp:attachment":[{"href":"https:\/\/noticiasmercedinas.com\/site\/wp-json\/wp\/v2\/media?parent=180739"}],"wp:term":[{"taxonomy":"category","embeddable":true,"href":"https:\/\/noticiasmercedinas.com\/site\/wp-json\/wp\/v2\/categories?post=180739"},{"taxonomy":"post_tag","embeddable":true,"href":"https:\/\/noticiasmercedinas.com\/site\/wp-json\/wp\/v2\/tags?post=180739"}],"curies":[{"name":"wp","href":"https:\/\/api.w.org\/{rel}","templated":true}]}}