{"id":180747,"date":"2026-02-28T11:11:39","date_gmt":"2026-02-28T14:11:39","guid":{"rendered":"https:\/\/noticiasmercedinas.com\/site\/?p=180747"},"modified":"2026-02-28T11:11:39","modified_gmt":"2026-02-28T14:11:39","slug":"monitoreo-de-cianobacterias-en-el-arroyo-balta-para-proteger-la-salud-y-el-ecosistema","status":"publish","type":"post","link":"https:\/\/noticiasmercedinas.com\/site\/2026\/02\/28\/monitoreo-de-cianobacterias-en-el-arroyo-balta-para-proteger-la-salud-y-el-ecosistema\/","title":{"rendered":"Monitoreo de cianobacterias en el Arroyo Balta para proteger la salud y el ecosistema"},"content":{"rendered":"<p><img loading=\"lazy\" decoding=\"async\" class=\"alignnone size-full wp-image-180748\" src=\"https:\/\/noticiasmercedinas.com\/site\/wp-content\/uploads\/2026\/02\/balta00.jpg\" alt=\"\" width=\"640\" height=\"420\" srcset=\"https:\/\/noticiasmercedinas.com\/site\/wp-content\/uploads\/2026\/02\/balta00.jpg 640w, https:\/\/noticiasmercedinas.com\/site\/wp-content\/uploads\/2026\/02\/balta00-300x197.jpg 300w\" sizes=\"auto, (max-width: 640px) 100vw, 640px\" \/><\/p>\n<p>La preservaci\u00f3n de los recursos h\u00eddricos locales ha sumado una nueva instancia de control preventivo. En el marco del Programa de Gesti\u00f3n Integral de Cianobacterias de la provincia de Buenos Aires, personal de la Reserva Natural Arroyo Balta, en articulaci\u00f3n directa con Protecci\u00f3n Civil Mercedes, lleva adelante un monitoreo permanente sobre los cursos y espejos de agua del distrito.<\/p>\n<p>La iniciativa surge como respuesta a las condiciones ambientales que pueden favorecer la proliferaci\u00f3n de estos microorganismos, cuya presencia en exceso representa un riesgo tanto para la biodiversidad local como para la salud de la comunidad.<\/p>\n<p>El trabajo se basa en la planificaci\u00f3n cient\u00edfica y la coordinaci\u00f3n de acciones preventivas ante la emisi\u00f3n de alertas.<\/p>\n<p>El esquema de trabajo actual contempla diversas etapas fundamentales para la gesti\u00f3n ambiental de la reserva:<\/p>\n<ul>\n<li>Toma de muestras: Se realizan extracciones peri\u00f3dicas de agua en distintos puntos estrat\u00e9gicos.<\/li>\n<li>An\u00e1lisis de calidad: Se eval\u00faan par\u00e1metros f\u00edsico-qu\u00edmicos para determinar el estado del recurso.<\/li>\n<li>Seguimiento de floraciones: Se monitorea de cerca el crecimiento de algas para detectar tempranamente anomal\u00edas.<\/li>\n<li>Evaluaci\u00f3n de riesgos: Se analizan los posibles impactos en la salud p\u00fablica y el entorno natural.<\/li>\n<\/ul>\n<p>Desde los organismos intervinientes destacaron que el monitoreo temprano es la herramienta principal para resguardar la salud de los vecinos que frecuentan los espacios naturales. \u00abCon informaci\u00f3n cient\u00edfica y trabajo articulado, fortalecemos la gesti\u00f3n ambiental y promovemos el uso responsable de nuestros espacios\u00bb, se\u00f1alaron fuentes vinculadas al proyecto.<\/p>\n<p>Asimismo, las autoridades recordaron que el cuidado del agua es una \u00abtarea compartida\u00bb e instaron a la poblaci\u00f3n a mantenerse informada a trav\u00e9s de los canales oficiales y el Cianosem\u00e1foro de la provincia, disponible en el sitio web gubernamental.<\/p>\n<p><img loading=\"lazy\" decoding=\"async\" class=\"alignnone size-full wp-image-180749\" src=\"https:\/\/noticiasmercedinas.com\/site\/wp-content\/uploads\/2026\/02\/balta01.jpg\" alt=\"\" width=\"778\" height=\"591\" srcset=\"https:\/\/noticiasmercedinas.com\/site\/wp-content\/uploads\/2026\/02\/balta01.jpg 778w, https:\/\/noticiasmercedinas.com\/site\/wp-content\/uploads\/2026\/02\/balta01-300x228.jpg 300w, https:\/\/noticiasmercedinas.com\/site\/wp-content\/uploads\/2026\/02\/balta01-768x583.jpg 768w, https:\/\/noticiasmercedinas.com\/site\/wp-content\/uploads\/2026\/02\/balta01-80x60.jpg 80w, https:\/\/noticiasmercedinas.com\/site\/wp-content\/uploads\/2026\/02\/balta01-100x75.jpg 100w, https:\/\/noticiasmercedinas.com\/site\/wp-content\/uploads\/2026\/02\/balta01-640x486.jpg 640w, https:\/\/noticiasmercedinas.com\/site\/wp-content\/uploads\/2026\/02\/balta01-681x517.jpg 681w\" sizes=\"auto, (max-width: 778px) 100vw, 778px\" \/><\/p>\n","protected":false},"excerpt":{"rendered":"<p>\u25a0 En un trabajo conjunto entre la Reserva Natural y Protecci\u00f3n Civil Mercedes, se realizan an\u00e1lisis peri\u00f3dicos del agua bajo el Programa de Gesti\u00f3n Integral provincial. Buscan prevenir riesgos ante posibles floraciones algales.<\/p>\n","protected":false},"author":16,"featured_media":180748,"comment_status":"closed","ping_status":"closed","sticky":false,"template":"","format":"standard","meta":{"footnotes":""},"categories":[5754],"tags":[4469,17770,938,590],"class_list":["post-180747","post","type-post","status-publish","format-standard","has-post-thumbnail","hentry","category-medio-ambiente","tag-arroyo-balta","tag-cianobacterias","tag-proteccion-civil","tag-reserva-arroyo-balta"],"yoast_head":"<!-- This site is optimized with the Yoast SEO plugin v27.5 - https:\/\/yoast.com\/product\/yoast-seo-wordpress\/ -->\n<title>Monitoreo de cianobacterias en el Arroyo Balta para proteger la salud y el ecosistema<\/title>\n<meta name=\"description\" content=\"\u25a0 En un trabajo conjunto entre la Reserva Natural y Protecci\u00f3n Civil Mercedes, se realizan an\u00e1lisis peri\u00f3dicos del agua bajo el Programa de Gesti\u00f3n Integral provincial. Buscan prevenir riesgos ante posibles floraciones algales.\" \/>\n<meta name=\"robots\" content=\"index, follow, max-snippet:-1, max-image-preview:large, max-video-preview:-1\" \/>\n<link rel=\"canonical\" href=\"https:\/\/noticiasmercedinas.com\/site\/2026\/02\/28\/monitoreo-de-cianobacterias-en-el-arroyo-balta-para-proteger-la-salud-y-el-ecosistema\/\" \/>\n<meta property=\"og:locale\" content=\"es_ES\" \/>\n<meta property=\"og:type\" content=\"article\" \/>\n<meta property=\"og:title\" content=\"Monitoreo de cianobacterias en el Arroyo Balta para proteger la salud y el ecosistema\" \/>\n<meta property=\"og:description\" content=\"\u25a0 En un trabajo conjunto entre la Reserva Natural y Protecci\u00f3n Civil Mercedes, se realizan an\u00e1lisis peri\u00f3dicos del agua bajo el Programa de Gesti\u00f3n Integral provincial. Buscan prevenir riesgos ante posibles floraciones algales.\" \/>\n<meta property=\"og:url\" content=\"https:\/\/noticiasmercedinas.com\/site\/2026\/02\/28\/monitoreo-de-cianobacterias-en-el-arroyo-balta-para-proteger-la-salud-y-el-ecosistema\/\" \/>\n<meta property=\"og:site_name\" content=\"NOTICIASMERCEDINAS.COM\" \/>\n<meta property=\"article:publisher\" content=\"https:\/\/www.facebook.com\/noticiasmercedinas\/\" \/>\n<meta property=\"article:published_time\" content=\"2026-02-28T14:11:39+00:00\" \/>\n<meta property=\"og:image\" content=\"https:\/\/noticiasmercedinas.com\/site\/wp-content\/uploads\/2026\/02\/balta00.jpg\" \/>\n\t<meta property=\"og:image:width\" content=\"640\" \/>\n\t<meta property=\"og:image:height\" content=\"420\" \/>\n\t<meta property=\"og:image:type\" content=\"image\/jpeg\" \/>\n<meta name=\"author\" content=\"NOTICIASMERCEDINAS.COM\" \/>\n<meta name=\"twitter:card\" content=\"summary_large_image\" \/>\n<meta name=\"twitter:creator\" content=\"@notmercedinas\" \/>\n<meta name=\"twitter:site\" content=\"@notmercedinas\" \/>\n<meta name=\"twitter:label1\" content=\"Escrito por\" \/>\n\t<meta name=\"twitter:data1\" content=\"NOTICIASMERCEDINAS.COM\" \/>\n\t<meta name=\"twitter:label2\" content=\"Tiempo de lectura\" \/>\n\t<meta name=\"twitter:data2\" content=\"2 minutos\" \/>\n<script type=\"application\/ld+json\" class=\"yoast-schema-graph\">{\"@context\":\"https:\\\/\\\/schema.org\",\"@graph\":[{\"@type\":\"Article\",\"@id\":\"https:\\\/\\\/noticiasmercedinas.com\\\/site\\\/2026\\\/02\\\/28\\\/monitoreo-de-cianobacterias-en-el-arroyo-balta-para-proteger-la-salud-y-el-ecosistema\\\/#article\",\"isPartOf\":{\"@id\":\"https:\\\/\\\/noticiasmercedinas.com\\\/site\\\/2026\\\/02\\\/28\\\/monitoreo-de-cianobacterias-en-el-arroyo-balta-para-proteger-la-salud-y-el-ecosistema\\\/\"},\"author\":{\"name\":\"NOTICIASMERCEDINAS.COM\",\"@id\":\"https:\\\/\\\/noticiasmercedinas.com\\\/site\\\/#\\\/schema\\\/person\\\/84b59c099c28ff2e8b77d4ceec5d8063\"},\"headline\":\"Monitoreo de cianobacterias en el Arroyo Balta para proteger la salud y el ecosistema\",\"datePublished\":\"2026-02-28T14:11:39+00:00\",\"mainEntityOfPage\":{\"@id\":\"https:\\\/\\\/noticiasmercedinas.com\\\/site\\\/2026\\\/02\\\/28\\\/monitoreo-de-cianobacterias-en-el-arroyo-balta-para-proteger-la-salud-y-el-ecosistema\\\/\"},\"wordCount\":316,\"publisher\":{\"@id\":\"https:\\\/\\\/noticiasmercedinas.com\\\/site\\\/#organization\"},\"image\":{\"@id\":\"https:\\\/\\\/noticiasmercedinas.com\\\/site\\\/2026\\\/02\\\/28\\\/monitoreo-de-cianobacterias-en-el-arroyo-balta-para-proteger-la-salud-y-el-ecosistema\\\/#primaryimage\"},\"thumbnailUrl\":\"https:\\\/\\\/noticiasmercedinas.com\\\/site\\\/wp-content\\\/uploads\\\/2026\\\/02\\\/balta00.jpg\",\"keywords\":[\"arroyo balta\",\"cianobacterias\",\"protecci\u00f3n civil\",\"reserva arroyo balta\"],\"articleSection\":[\"Ambiente\"],\"inLanguage\":\"es\"},{\"@type\":\"WebPage\",\"@id\":\"https:\\\/\\\/noticiasmercedinas.com\\\/site\\\/2026\\\/02\\\/28\\\/monitoreo-de-cianobacterias-en-el-arroyo-balta-para-proteger-la-salud-y-el-ecosistema\\\/\",\"url\":\"https:\\\/\\\/noticiasmercedinas.com\\\/site\\\/2026\\\/02\\\/28\\\/monitoreo-de-cianobacterias-en-el-arroyo-balta-para-proteger-la-salud-y-el-ecosistema\\\/\",\"name\":\"Monitoreo de cianobacterias en el Arroyo Balta para proteger la salud y el ecosistema\",\"isPartOf\":{\"@id\":\"https:\\\/\\\/noticiasmercedinas.com\\\/site\\\/#website\"},\"primaryImageOfPage\":{\"@id\":\"https:\\\/\\\/noticiasmercedinas.com\\\/site\\\/2026\\\/02\\\/28\\\/monitoreo-de-cianobacterias-en-el-arroyo-balta-para-proteger-la-salud-y-el-ecosistema\\\/#primaryimage\"},\"image\":{\"@id\":\"https:\\\/\\\/noticiasmercedinas.com\\\/site\\\/2026\\\/02\\\/28\\\/monitoreo-de-cianobacterias-en-el-arroyo-balta-para-proteger-la-salud-y-el-ecosistema\\\/#primaryimage\"},\"thumbnailUrl\":\"https:\\\/\\\/noticiasmercedinas.com\\\/site\\\/wp-content\\\/uploads\\\/2026\\\/02\\\/balta00.jpg\",\"datePublished\":\"2026-02-28T14:11:39+00:00\",\"description\":\"\u25a0 En un trabajo conjunto entre la Reserva Natural y Protecci\u00f3n Civil Mercedes, se realizan an\u00e1lisis peri\u00f3dicos del agua bajo el Programa de Gesti\u00f3n Integral provincial. Buscan prevenir riesgos ante posibles floraciones algales.\",\"breadcrumb\":{\"@id\":\"https:\\\/\\\/noticiasmercedinas.com\\\/site\\\/2026\\\/02\\\/28\\\/monitoreo-de-cianobacterias-en-el-arroyo-balta-para-proteger-la-salud-y-el-ecosistema\\\/#breadcrumb\"},\"inLanguage\":\"es\",\"potentialAction\":[{\"@type\":\"ReadAction\",\"target\":[\"https:\\\/\\\/noticiasmercedinas.com\\\/site\\\/2026\\\/02\\\/28\\\/monitoreo-de-cianobacterias-en-el-arroyo-balta-para-proteger-la-salud-y-el-ecosistema\\\/\"]}]},{\"@type\":\"ImageObject\",\"inLanguage\":\"es\",\"@id\":\"https:\\\/\\\/noticiasmercedinas.com\\\/site\\\/2026\\\/02\\\/28\\\/monitoreo-de-cianobacterias-en-el-arroyo-balta-para-proteger-la-salud-y-el-ecosistema\\\/#primaryimage\",\"url\":\"https:\\\/\\\/noticiasmercedinas.com\\\/site\\\/wp-content\\\/uploads\\\/2026\\\/02\\\/balta00.jpg\",\"contentUrl\":\"https:\\\/\\\/noticiasmercedinas.com\\\/site\\\/wp-content\\\/uploads\\\/2026\\\/02\\\/balta00.jpg\",\"width\":640,\"height\":420},{\"@type\":\"BreadcrumbList\",\"@id\":\"https:\\\/\\\/noticiasmercedinas.com\\\/site\\\/2026\\\/02\\\/28\\\/monitoreo-de-cianobacterias-en-el-arroyo-balta-para-proteger-la-salud-y-el-ecosistema\\\/#breadcrumb\",\"itemListElement\":[{\"@type\":\"ListItem\",\"position\":1,\"name\":\"Portada\",\"item\":\"https:\\\/\\\/noticiasmercedinas.com\\\/site\\\/\"},{\"@type\":\"ListItem\",\"position\":2,\"name\":\"Monitoreo de cianobacterias en el Arroyo Balta para proteger la salud y el ecosistema\"}]},{\"@type\":\"WebSite\",\"@id\":\"https:\\\/\\\/noticiasmercedinas.com\\\/site\\\/#website\",\"url\":\"https:\\\/\\\/noticiasmercedinas.com\\\/site\\\/\",\"name\":\"NOTICIASMERCEDINAS.COM\",\"description\":\"Mercedes, Buenos Aires, Argentina\",\"publisher\":{\"@id\":\"https:\\\/\\\/noticiasmercedinas.com\\\/site\\\/#organization\"},\"potentialAction\":[{\"@type\":\"SearchAction\",\"target\":{\"@type\":\"EntryPoint\",\"urlTemplate\":\"https:\\\/\\\/noticiasmercedinas.com\\\/site\\\/?s={search_term_string}\"},\"query-input\":{\"@type\":\"PropertyValueSpecification\",\"valueRequired\":true,\"valueName\":\"search_term_string\"}}],\"inLanguage\":\"es\"},{\"@type\":\"Organization\",\"@id\":\"https:\\\/\\\/noticiasmercedinas.com\\\/site\\\/#organization\",\"name\":\"NOTICIASMERCEDINAS.COM\",\"url\":\"https:\\\/\\\/noticiasmercedinas.com\\\/site\\\/\",\"logo\":{\"@type\":\"ImageObject\",\"inLanguage\":\"es\",\"@id\":\"https:\\\/\\\/noticiasmercedinas.com\\\/site\\\/#\\\/schema\\\/logo\\\/image\\\/\",\"url\":\"https:\\\/\\\/noticiasmercedinas.com\\\/site\\\/wp-content\\\/uploads\\\/2020\\\/06\\\/LOGO-512.jpg\",\"contentUrl\":\"https:\\\/\\\/noticiasmercedinas.com\\\/site\\\/wp-content\\\/uploads\\\/2020\\\/06\\\/LOGO-512.jpg\",\"width\":512,\"height\":512,\"caption\":\"NOTICIASMERCEDINAS.COM\"},\"image\":{\"@id\":\"https:\\\/\\\/noticiasmercedinas.com\\\/site\\\/#\\\/schema\\\/logo\\\/image\\\/\"},\"sameAs\":[\"https:\\\/\\\/www.facebook.com\\\/noticiasmercedinas\\\/\",\"https:\\\/\\\/x.com\\\/notmercedinas\",\"https:\\\/\\\/www.instagram.com\\\/noticiasmercedinas\\\/\"]},{\"@type\":\"Person\",\"@id\":\"https:\\\/\\\/noticiasmercedinas.com\\\/site\\\/#\\\/schema\\\/person\\\/84b59c099c28ff2e8b77d4ceec5d8063\",\"name\":\"NOTICIASMERCEDINAS.COM\",\"image\":{\"@type\":\"ImageObject\",\"inLanguage\":\"es\",\"@id\":\"https:\\\/\\\/secure.gravatar.com\\\/avatar\\\/4dfbf16b4d17945bfb6341b2d19043457132fcf478a5ee04f42e959fd8f5df0a?s=96&d=mm&r=g\",\"url\":\"https:\\\/\\\/secure.gravatar.com\\\/avatar\\\/4dfbf16b4d17945bfb6341b2d19043457132fcf478a5ee04f42e959fd8f5df0a?s=96&d=mm&r=g\",\"contentUrl\":\"https:\\\/\\\/secure.gravatar.com\\\/avatar\\\/4dfbf16b4d17945bfb6341b2d19043457132fcf478a5ee04f42e959fd8f5df0a?s=96&d=mm&r=g\",\"caption\":\"NOTICIASMERCEDINAS.COM\"},\"url\":\"https:\\\/\\\/noticiasmercedinas.com\\\/site\\\/author\\\/anonimo\\\/\"}]}<\/script>\n<!-- \/ Yoast SEO plugin. -->","yoast_head_json":{"title":"Monitoreo de cianobacterias en el Arroyo Balta para proteger la salud y el ecosistema","description":"\u25a0 En un trabajo conjunto entre la Reserva Natural y Protecci\u00f3n Civil Mercedes, se realizan an\u00e1lisis peri\u00f3dicos del agua bajo el Programa de Gesti\u00f3n Integral provincial. Buscan prevenir riesgos ante posibles floraciones algales.","robots":{"index":"index","follow":"follow","max-snippet":"max-snippet:-1","max-image-preview":"max-image-preview:large","max-video-preview":"max-video-preview:-1"},"canonical":"https:\/\/noticiasmercedinas.com\/site\/2026\/02\/28\/monitoreo-de-cianobacterias-en-el-arroyo-balta-para-proteger-la-salud-y-el-ecosistema\/","og_locale":"es_ES","og_type":"article","og_title":"Monitoreo de cianobacterias en el Arroyo Balta para proteger la salud y el ecosistema","og_description":"\u25a0 En un trabajo conjunto entre la Reserva Natural y Protecci\u00f3n Civil Mercedes, se realizan an\u00e1lisis peri\u00f3dicos del agua bajo el Programa de Gesti\u00f3n Integral provincial. Buscan prevenir riesgos ante posibles floraciones algales.","og_url":"https:\/\/noticiasmercedinas.com\/site\/2026\/02\/28\/monitoreo-de-cianobacterias-en-el-arroyo-balta-para-proteger-la-salud-y-el-ecosistema\/","og_site_name":"NOTICIASMERCEDINAS.COM","article_publisher":"https:\/\/www.facebook.com\/noticiasmercedinas\/","article_published_time":"2026-02-28T14:11:39+00:00","og_image":[{"width":640,"height":420,"url":"https:\/\/noticiasmercedinas.com\/site\/wp-content\/uploads\/2026\/02\/balta00.jpg","type":"image\/jpeg"}],"author":"NOTICIASMERCEDINAS.COM","twitter_card":"summary_large_image","twitter_creator":"@notmercedinas","twitter_site":"@notmercedinas","twitter_misc":{"Escrito por":"NOTICIASMERCEDINAS.COM","Tiempo de lectura":"2 minutos"},"schema":{"@context":"https:\/\/schema.org","@graph":[{"@type":"Article","@id":"https:\/\/noticiasmercedinas.com\/site\/2026\/02\/28\/monitoreo-de-cianobacterias-en-el-arroyo-balta-para-proteger-la-salud-y-el-ecosistema\/#article","isPartOf":{"@id":"https:\/\/noticiasmercedinas.com\/site\/2026\/02\/28\/monitoreo-de-cianobacterias-en-el-arroyo-balta-para-proteger-la-salud-y-el-ecosistema\/"},"author":{"name":"NOTICIASMERCEDINAS.COM","@id":"https:\/\/noticiasmercedinas.com\/site\/#\/schema\/person\/84b59c099c28ff2e8b77d4ceec5d8063"},"headline":"Monitoreo de cianobacterias en el Arroyo Balta para proteger la salud y el ecosistema","datePublished":"2026-02-28T14:11:39+00:00","mainEntityOfPage":{"@id":"https:\/\/noticiasmercedinas.com\/site\/2026\/02\/28\/monitoreo-de-cianobacterias-en-el-arroyo-balta-para-proteger-la-salud-y-el-ecosistema\/"},"wordCount":316,"publisher":{"@id":"https:\/\/noticiasmercedinas.com\/site\/#organization"},"image":{"@id":"https:\/\/noticiasmercedinas.com\/site\/2026\/02\/28\/monitoreo-de-cianobacterias-en-el-arroyo-balta-para-proteger-la-salud-y-el-ecosistema\/#primaryimage"},"thumbnailUrl":"https:\/\/noticiasmercedinas.com\/site\/wp-content\/uploads\/2026\/02\/balta00.jpg","keywords":["arroyo balta","cianobacterias","protecci\u00f3n civil","reserva arroyo balta"],"articleSection":["Ambiente"],"inLanguage":"es"},{"@type":"WebPage","@id":"https:\/\/noticiasmercedinas.com\/site\/2026\/02\/28\/monitoreo-de-cianobacterias-en-el-arroyo-balta-para-proteger-la-salud-y-el-ecosistema\/","url":"https:\/\/noticiasmercedinas.com\/site\/2026\/02\/28\/monitoreo-de-cianobacterias-en-el-arroyo-balta-para-proteger-la-salud-y-el-ecosistema\/","name":"Monitoreo de cianobacterias en el Arroyo Balta para proteger la salud y el ecosistema","isPartOf":{"@id":"https:\/\/noticiasmercedinas.com\/site\/#website"},"primaryImageOfPage":{"@id":"https:\/\/noticiasmercedinas.com\/site\/2026\/02\/28\/monitoreo-de-cianobacterias-en-el-arroyo-balta-para-proteger-la-salud-y-el-ecosistema\/#primaryimage"},"image":{"@id":"https:\/\/noticiasmercedinas.com\/site\/2026\/02\/28\/monitoreo-de-cianobacterias-en-el-arroyo-balta-para-proteger-la-salud-y-el-ecosistema\/#primaryimage"},"thumbnailUrl":"https:\/\/noticiasmercedinas.com\/site\/wp-content\/uploads\/2026\/02\/balta00.jpg","datePublished":"2026-02-28T14:11:39+00:00","description":"\u25a0 En un trabajo conjunto entre la Reserva Natural y Protecci\u00f3n Civil Mercedes, se realizan an\u00e1lisis peri\u00f3dicos del agua bajo el Programa de Gesti\u00f3n Integral provincial. Buscan prevenir riesgos ante posibles floraciones algales.","breadcrumb":{"@id":"https:\/\/noticiasmercedinas.com\/site\/2026\/02\/28\/monitoreo-de-cianobacterias-en-el-arroyo-balta-para-proteger-la-salud-y-el-ecosistema\/#breadcrumb"},"inLanguage":"es","potentialAction":[{"@type":"ReadAction","target":["https:\/\/noticiasmercedinas.com\/site\/2026\/02\/28\/monitoreo-de-cianobacterias-en-el-arroyo-balta-para-proteger-la-salud-y-el-ecosistema\/"]}]},{"@type":"ImageObject","inLanguage":"es","@id":"https:\/\/noticiasmercedinas.com\/site\/2026\/02\/28\/monitoreo-de-cianobacterias-en-el-arroyo-balta-para-proteger-la-salud-y-el-ecosistema\/#primaryimage","url":"https:\/\/noticiasmercedinas.com\/site\/wp-content\/uploads\/2026\/02\/balta00.jpg","contentUrl":"https:\/\/noticiasmercedinas.com\/site\/wp-content\/uploads\/2026\/02\/balta00.jpg","width":640,"height":420},{"@type":"BreadcrumbList","@id":"https:\/\/noticiasmercedinas.com\/site\/2026\/02\/28\/monitoreo-de-cianobacterias-en-el-arroyo-balta-para-proteger-la-salud-y-el-ecosistema\/#breadcrumb","itemListElement":[{"@type":"ListItem","position":1,"name":"Portada","item":"https:\/\/noticiasmercedinas.com\/site\/"},{"@type":"ListItem","position":2,"name":"Monitoreo de cianobacterias en el Arroyo Balta para proteger la salud y el ecosistema"}]},{"@type":"WebSite","@id":"https:\/\/noticiasmercedinas.com\/site\/#website","url":"https:\/\/noticiasmercedinas.com\/site\/","name":"NOTICIASMERCEDINAS.COM","description":"Mercedes, Buenos Aires, Argentina","publisher":{"@id":"https:\/\/noticiasmercedinas.com\/site\/#organization"},"potentialAction":[{"@type":"SearchAction","target":{"@type":"EntryPoint","urlTemplate":"https:\/\/noticiasmercedinas.com\/site\/?s={search_term_string}"},"query-input":{"@type":"PropertyValueSpecification","valueRequired":true,"valueName":"search_term_string"}}],"inLanguage":"es"},{"@type":"Organization","@id":"https:\/\/noticiasmercedinas.com\/site\/#organization","name":"NOTICIASMERCEDINAS.COM","url":"https:\/\/noticiasmercedinas.com\/site\/","logo":{"@type":"ImageObject","inLanguage":"es","@id":"https:\/\/noticiasmercedinas.com\/site\/#\/schema\/logo\/image\/","url":"https:\/\/noticiasmercedinas.com\/site\/wp-content\/uploads\/2020\/06\/LOGO-512.jpg","contentUrl":"https:\/\/noticiasmercedinas.com\/site\/wp-content\/uploads\/2020\/06\/LOGO-512.jpg","width":512,"height":512,"caption":"NOTICIASMERCEDINAS.COM"},"image":{"@id":"https:\/\/noticiasmercedinas.com\/site\/#\/schema\/logo\/image\/"},"sameAs":["https:\/\/www.facebook.com\/noticiasmercedinas\/","https:\/\/x.com\/notmercedinas","https:\/\/www.instagram.com\/noticiasmercedinas\/"]},{"@type":"Person","@id":"https:\/\/noticiasmercedinas.com\/site\/#\/schema\/person\/84b59c099c28ff2e8b77d4ceec5d8063","name":"NOTICIASMERCEDINAS.COM","image":{"@type":"ImageObject","inLanguage":"es","@id":"https:\/\/secure.gravatar.com\/avatar\/4dfbf16b4d17945bfb6341b2d19043457132fcf478a5ee04f42e959fd8f5df0a?s=96&d=mm&r=g","url":"https:\/\/secure.gravatar.com\/avatar\/4dfbf16b4d17945bfb6341b2d19043457132fcf478a5ee04f42e959fd8f5df0a?s=96&d=mm&r=g","contentUrl":"https:\/\/secure.gravatar.com\/avatar\/4dfbf16b4d17945bfb6341b2d19043457132fcf478a5ee04f42e959fd8f5df0a?s=96&d=mm&r=g","caption":"NOTICIASMERCEDINAS.COM"},"url":"https:\/\/noticiasmercedinas.com\/site\/author\/anonimo\/"}]}},"amp_enabled":true,"_links":{"self":[{"href":"https:\/\/noticiasmercedinas.com\/site\/wp-json\/wp\/v2\/posts\/180747","targetHints":{"allow":["GET"]}}],"collection":[{"href":"https:\/\/noticiasmercedinas.com\/site\/wp-json\/wp\/v2\/posts"}],"about":[{"href":"https:\/\/noticiasmercedinas.com\/site\/wp-json\/wp\/v2\/types\/post"}],"author":[{"embeddable":true,"href":"https:\/\/noticiasmercedinas.com\/site\/wp-json\/wp\/v2\/users\/16"}],"replies":[{"embeddable":true,"href":"https:\/\/noticiasmercedinas.com\/site\/wp-json\/wp\/v2\/comments?post=180747"}],"version-history":[{"count":1,"href":"https:\/\/noticiasmercedinas.com\/site\/wp-json\/wp\/v2\/posts\/180747\/revisions"}],"predecessor-version":[{"id":180750,"href":"https:\/\/noticiasmercedinas.com\/site\/wp-json\/wp\/v2\/posts\/180747\/revisions\/180750"}],"wp:featuredmedia":[{"embeddable":true,"href":"https:\/\/noticiasmercedinas.com\/site\/wp-json\/wp\/v2\/media\/180748"}],"wp:attachment":[{"href":"https:\/\/noticiasmercedinas.com\/site\/wp-json\/wp\/v2\/media?parent=180747"}],"wp:term":[{"taxonomy":"category","embeddable":true,"href":"https:\/\/noticiasmercedinas.com\/site\/wp-json\/wp\/v2\/categories?post=180747"},{"taxonomy":"post_tag","embeddable":true,"href":"https:\/\/noticiasmercedinas.com\/site\/wp-json\/wp\/v2\/tags?post=180747"}],"curies":[{"name":"wp","href":"https:\/\/api.w.org\/{rel}","templated":true}]}}