{"id":180759,"date":"2026-02-28T11:35:40","date_gmt":"2026-02-28T14:35:40","guid":{"rendered":"https:\/\/noticiasmercedinas.com\/site\/?p=180759"},"modified":"2026-02-28T11:35:40","modified_gmt":"2026-02-28T14:35:40","slug":"camino-de-los-bodegones-recorre-mercedes-con-una-propuesta-de-sabores-y-tradicion","status":"publish","type":"post","link":"https:\/\/noticiasmercedinas.com\/site\/2026\/02\/28\/camino-de-los-bodegones-recorre-mercedes-con-una-propuesta-de-sabores-y-tradicion\/","title":{"rendered":"\u00abCamino de los Bodegones\u00bb recorre Mercedes con una propuesta de sabores y tradici\u00f3n"},"content":{"rendered":"<p><img loading=\"lazy\" decoding=\"async\" class=\"alignnone wp-image-180761 size-full\" src=\"https:\/\/noticiasmercedinas.com\/site\/wp-content\/uploads\/2026\/02\/CA1-e1772289237747.jpg\" alt=\"\" width=\"1066\" height=\"714\" srcset=\"https:\/\/noticiasmercedinas.com\/site\/wp-content\/uploads\/2026\/02\/CA1-e1772289237747.jpg 1066w, https:\/\/noticiasmercedinas.com\/site\/wp-content\/uploads\/2026\/02\/CA1-e1772289237747-300x201.jpg 300w, https:\/\/noticiasmercedinas.com\/site\/wp-content\/uploads\/2026\/02\/CA1-e1772289237747-1024x686.jpg 1024w, https:\/\/noticiasmercedinas.com\/site\/wp-content\/uploads\/2026\/02\/CA1-e1772289237747-768x514.jpg 768w, https:\/\/noticiasmercedinas.com\/site\/wp-content\/uploads\/2026\/02\/CA1-e1772289237747-537x360.jpg 537w, https:\/\/noticiasmercedinas.com\/site\/wp-content\/uploads\/2026\/02\/CA1-e1772289237747-640x429.jpg 640w, https:\/\/noticiasmercedinas.com\/site\/wp-content\/uploads\/2026\/02\/CA1-e1772289237747-681x456.jpg 681w\" sizes=\"auto, (max-width: 1066px) 100vw, 1066px\" \/><\/p>\n<p>La Municipalidad de Mercedes contin\u00faa con el desarrollo del ciclo \u00abCamino de los Bodegones\u00bb, una propuesta que se ha consolidado como un pilar fundamental de la agenda cultural y tur\u00edstica de la regi\u00f3n.<\/p>\n<p>El programa funciona como una herramienta clave de apoyo al comercio local y el arte, fomentando el encuentro de familias y amigos a trav\u00e9s de una labor estrat\u00e9gica entre el Estado municipal y los prestadores privados.<\/p>\n<p>El cronograma de este \u00faltimo fin de semana de febrero se divide en dos escenarios emblem\u00e1ticos para redescubrir los sabores t\u00edpicos de la zona en un marco de celebraci\u00f3n.<\/p>\n<p>La actividad comenz\u00f3 el viernes 27 en la localidad de Tom\u00e1s Jofr\u00e9. La jornada tuvo lugar en el hist\u00f3rico Restaurante Silvano a partir de las 21:00 hs, donde el p\u00fablico disfrut\u00f3 del talento del reconocido artista folcl\u00f3rico Franco Ram\u00edrez. El cierre de la noche estuvo a cargo del grupo 3 de Copas, en una velada que resalt\u00f3 las ra\u00edces criollas de la regi\u00f3n.<\/p>\n<p><img loading=\"lazy\" decoding=\"async\" class=\"alignnone size-full wp-image-180762\" src=\"https:\/\/noticiasmercedinas.com\/site\/wp-content\/uploads\/2026\/02\/CA2.jpg\" alt=\"\" width=\"1066\" height=\"1066\" srcset=\"https:\/\/noticiasmercedinas.com\/site\/wp-content\/uploads\/2026\/02\/CA2.jpg 1066w, https:\/\/noticiasmercedinas.com\/site\/wp-content\/uploads\/2026\/02\/CA2-300x300.jpg 300w, https:\/\/noticiasmercedinas.com\/site\/wp-content\/uploads\/2026\/02\/CA2-1024x1024.jpg 1024w, https:\/\/noticiasmercedinas.com\/site\/wp-content\/uploads\/2026\/02\/CA2-150x150.jpg 150w, https:\/\/noticiasmercedinas.com\/site\/wp-content\/uploads\/2026\/02\/CA2-768x768.jpg 768w, https:\/\/noticiasmercedinas.com\/site\/wp-content\/uploads\/2026\/02\/CA2-640x640.jpg 640w, https:\/\/noticiasmercedinas.com\/site\/wp-content\/uploads\/2026\/02\/CA2-681x681.jpg 681w\" sizes=\"auto, (max-width: 1066px) 100vw, 1066px\" \/><\/p>\n<p><strong>Cierre de fin de semana en el casco urbano<\/strong><br \/>\nPara este s\u00e1bado 28, la propuesta se traslada a la esquina de calle 26 y 41, en el casco urbano de la ciudad. La cita es en Bistr\u00f3 Rest\u00f3 Bar a partir de las 21:00 hs.<\/p>\n<p>La cartelera musical para esta noche incluye:<\/p>\n<ul>\n<li>La presentaci\u00f3n del Tr\u00edo Canali Bastida Delk.<\/li>\n<li>Un cierre especial a cargo de Sebasti\u00e1n Giovanetone y amigos.<\/li>\n<\/ul>\n<p>Desde la organizaci\u00f3n destacan que este ciclo no solo ofrece una opci\u00f3n de esparcimiento para los vecinos, sino que fortalece la identidad mercedina al poner en valor sus espacios gastron\u00f3micos m\u00e1s representativos.<\/p>\n<p><img loading=\"lazy\" decoding=\"async\" class=\"alignnone size-full wp-image-180760\" src=\"https:\/\/noticiasmercedinas.com\/site\/wp-content\/uploads\/2026\/02\/CA3.jpg\" alt=\"\" width=\"1066\" height=\"1066\" srcset=\"https:\/\/noticiasmercedinas.com\/site\/wp-content\/uploads\/2026\/02\/CA3.jpg 1066w, https:\/\/noticiasmercedinas.com\/site\/wp-content\/uploads\/2026\/02\/CA3-300x300.jpg 300w, https:\/\/noticiasmercedinas.com\/site\/wp-content\/uploads\/2026\/02\/CA3-1024x1024.jpg 1024w, https:\/\/noticiasmercedinas.com\/site\/wp-content\/uploads\/2026\/02\/CA3-150x150.jpg 150w, https:\/\/noticiasmercedinas.com\/site\/wp-content\/uploads\/2026\/02\/CA3-768x768.jpg 768w, https:\/\/noticiasmercedinas.com\/site\/wp-content\/uploads\/2026\/02\/CA3-640x640.jpg 640w, https:\/\/noticiasmercedinas.com\/site\/wp-content\/uploads\/2026\/02\/CA3-681x681.jpg 681w\" sizes=\"auto, (max-width: 1066px) 100vw, 1066px\" \/><\/p>\n","protected":false},"excerpt":{"rendered":"<p>\u25a0 Tras una exitosa apertura en Tom\u00e1s Jofr\u00e9, el ciclo gastron\u00f3mico-cultural se traslada este s\u00e1bado al casco urbano. La iniciativa busca dinamizar la econom\u00eda local mediante la articulaci\u00f3n entre el municipio y el sector privado.<\/p>\n","protected":false},"author":16,"featured_media":180761,"comment_status":"closed","ping_status":"closed","sticky":false,"template":"","format":"standard","meta":{"footnotes":""},"categories":[4],"tags":[2221,1857,18591],"class_list":["post-180759","post","type-post","status-publish","format-standard","has-post-thumbnail","hentry","category-cultura","tag-bistro","tag-camino-de-los-bodegones","tag-silvano"],"yoast_head":"<!-- This site is optimized with the Yoast SEO plugin v27.5 - https:\/\/yoast.com\/product\/yoast-seo-wordpress\/ -->\n<title>&quot;Camino de los Bodegones&quot; recorre Mercedes con una propuesta de sabores y tradici\u00f3n<\/title>\n<meta name=\"description\" content=\"\u25a0 Tras una exitosa apertura en Tom\u00e1s Jofr\u00e9, el ciclo gastron\u00f3mico-cultural se traslada este s\u00e1bado al casco urbano. La iniciativa busca dinamizar la econom\u00eda local mediante la articulaci\u00f3n entre el municipio y el sector privado.\" \/>\n<meta name=\"robots\" content=\"index, follow, max-snippet:-1, max-image-preview:large, max-video-preview:-1\" \/>\n<link rel=\"canonical\" href=\"https:\/\/noticiasmercedinas.com\/site\/2026\/02\/28\/camino-de-los-bodegones-recorre-mercedes-con-una-propuesta-de-sabores-y-tradicion\/\" \/>\n<meta property=\"og:locale\" content=\"es_ES\" \/>\n<meta property=\"og:type\" content=\"article\" \/>\n<meta property=\"og:title\" content=\"&quot;Camino de los Bodegones&quot; recorre Mercedes con una propuesta de sabores y tradici\u00f3n\" \/>\n<meta property=\"og:description\" content=\"\u25a0 Tras una exitosa apertura en Tom\u00e1s Jofr\u00e9, el ciclo gastron\u00f3mico-cultural se traslada este s\u00e1bado al casco urbano. La iniciativa busca dinamizar la econom\u00eda local mediante la articulaci\u00f3n entre el municipio y el sector privado.\" \/>\n<meta property=\"og:url\" content=\"https:\/\/noticiasmercedinas.com\/site\/2026\/02\/28\/camino-de-los-bodegones-recorre-mercedes-con-una-propuesta-de-sabores-y-tradicion\/\" \/>\n<meta property=\"og:site_name\" content=\"NOTICIASMERCEDINAS.COM\" \/>\n<meta property=\"article:publisher\" content=\"https:\/\/www.facebook.com\/noticiasmercedinas\/\" \/>\n<meta property=\"article:published_time\" content=\"2026-02-28T14:35:40+00:00\" \/>\n<meta property=\"og:image\" content=\"https:\/\/noticiasmercedinas.com\/site\/wp-content\/uploads\/2026\/02\/CA1-e1772289237747.jpg\" \/>\n\t<meta property=\"og:image:width\" content=\"1066\" \/>\n\t<meta property=\"og:image:height\" content=\"714\" \/>\n\t<meta property=\"og:image:type\" content=\"image\/jpeg\" \/>\n<meta name=\"author\" content=\"NOTICIASMERCEDINAS.COM\" \/>\n<meta name=\"twitter:card\" content=\"summary_large_image\" \/>\n<meta name=\"twitter:creator\" content=\"@notmercedinas\" \/>\n<meta name=\"twitter:site\" content=\"@notmercedinas\" \/>\n<meta name=\"twitter:label1\" content=\"Escrito por\" \/>\n\t<meta name=\"twitter:data1\" content=\"NOTICIASMERCEDINAS.COM\" \/>\n\t<meta name=\"twitter:label2\" content=\"Tiempo de lectura\" \/>\n\t<meta name=\"twitter:data2\" content=\"3 minutos\" \/>\n<script type=\"application\/ld+json\" class=\"yoast-schema-graph\">{\"@context\":\"https:\\\/\\\/schema.org\",\"@graph\":[{\"@type\":\"Article\",\"@id\":\"https:\\\/\\\/noticiasmercedinas.com\\\/site\\\/2026\\\/02\\\/28\\\/camino-de-los-bodegones-recorre-mercedes-con-una-propuesta-de-sabores-y-tradicion\\\/#article\",\"isPartOf\":{\"@id\":\"https:\\\/\\\/noticiasmercedinas.com\\\/site\\\/2026\\\/02\\\/28\\\/camino-de-los-bodegones-recorre-mercedes-con-una-propuesta-de-sabores-y-tradicion\\\/\"},\"author\":{\"name\":\"NOTICIASMERCEDINAS.COM\",\"@id\":\"https:\\\/\\\/noticiasmercedinas.com\\\/site\\\/#\\\/schema\\\/person\\\/84b59c099c28ff2e8b77d4ceec5d8063\"},\"headline\":\"\u00abCamino de los Bodegones\u00bb recorre Mercedes con una propuesta de sabores y tradici\u00f3n\",\"datePublished\":\"2026-02-28T14:35:40+00:00\",\"mainEntityOfPage\":{\"@id\":\"https:\\\/\\\/noticiasmercedinas.com\\\/site\\\/2026\\\/02\\\/28\\\/camino-de-los-bodegones-recorre-mercedes-con-una-propuesta-de-sabores-y-tradicion\\\/\"},\"wordCount\":292,\"publisher\":{\"@id\":\"https:\\\/\\\/noticiasmercedinas.com\\\/site\\\/#organization\"},\"image\":{\"@id\":\"https:\\\/\\\/noticiasmercedinas.com\\\/site\\\/2026\\\/02\\\/28\\\/camino-de-los-bodegones-recorre-mercedes-con-una-propuesta-de-sabores-y-tradicion\\\/#primaryimage\"},\"thumbnailUrl\":\"https:\\\/\\\/noticiasmercedinas.com\\\/site\\\/wp-content\\\/uploads\\\/2026\\\/02\\\/CA1-e1772289237747.jpg\",\"keywords\":[\"Bistr\u00f3\",\"camino de los bodegones\",\"Silvano\"],\"articleSection\":[\"Cultura\"],\"inLanguage\":\"es\"},{\"@type\":\"WebPage\",\"@id\":\"https:\\\/\\\/noticiasmercedinas.com\\\/site\\\/2026\\\/02\\\/28\\\/camino-de-los-bodegones-recorre-mercedes-con-una-propuesta-de-sabores-y-tradicion\\\/\",\"url\":\"https:\\\/\\\/noticiasmercedinas.com\\\/site\\\/2026\\\/02\\\/28\\\/camino-de-los-bodegones-recorre-mercedes-con-una-propuesta-de-sabores-y-tradicion\\\/\",\"name\":\"\\\"Camino de los Bodegones\\\" recorre Mercedes con una propuesta de sabores y tradici\u00f3n\",\"isPartOf\":{\"@id\":\"https:\\\/\\\/noticiasmercedinas.com\\\/site\\\/#website\"},\"primaryImageOfPage\":{\"@id\":\"https:\\\/\\\/noticiasmercedinas.com\\\/site\\\/2026\\\/02\\\/28\\\/camino-de-los-bodegones-recorre-mercedes-con-una-propuesta-de-sabores-y-tradicion\\\/#primaryimage\"},\"image\":{\"@id\":\"https:\\\/\\\/noticiasmercedinas.com\\\/site\\\/2026\\\/02\\\/28\\\/camino-de-los-bodegones-recorre-mercedes-con-una-propuesta-de-sabores-y-tradicion\\\/#primaryimage\"},\"thumbnailUrl\":\"https:\\\/\\\/noticiasmercedinas.com\\\/site\\\/wp-content\\\/uploads\\\/2026\\\/02\\\/CA1-e1772289237747.jpg\",\"datePublished\":\"2026-02-28T14:35:40+00:00\",\"description\":\"\u25a0 Tras una exitosa apertura en Tom\u00e1s Jofr\u00e9, el ciclo gastron\u00f3mico-cultural se traslada este s\u00e1bado al casco urbano. La iniciativa busca dinamizar la econom\u00eda local mediante la articulaci\u00f3n entre el municipio y el sector privado.\",\"breadcrumb\":{\"@id\":\"https:\\\/\\\/noticiasmercedinas.com\\\/site\\\/2026\\\/02\\\/28\\\/camino-de-los-bodegones-recorre-mercedes-con-una-propuesta-de-sabores-y-tradicion\\\/#breadcrumb\"},\"inLanguage\":\"es\",\"potentialAction\":[{\"@type\":\"ReadAction\",\"target\":[\"https:\\\/\\\/noticiasmercedinas.com\\\/site\\\/2026\\\/02\\\/28\\\/camino-de-los-bodegones-recorre-mercedes-con-una-propuesta-de-sabores-y-tradicion\\\/\"]}]},{\"@type\":\"ImageObject\",\"inLanguage\":\"es\",\"@id\":\"https:\\\/\\\/noticiasmercedinas.com\\\/site\\\/2026\\\/02\\\/28\\\/camino-de-los-bodegones-recorre-mercedes-con-una-propuesta-de-sabores-y-tradicion\\\/#primaryimage\",\"url\":\"https:\\\/\\\/noticiasmercedinas.com\\\/site\\\/wp-content\\\/uploads\\\/2026\\\/02\\\/CA1-e1772289237747.jpg\",\"contentUrl\":\"https:\\\/\\\/noticiasmercedinas.com\\\/site\\\/wp-content\\\/uploads\\\/2026\\\/02\\\/CA1-e1772289237747.jpg\",\"width\":1066,\"height\":714},{\"@type\":\"BreadcrumbList\",\"@id\":\"https:\\\/\\\/noticiasmercedinas.com\\\/site\\\/2026\\\/02\\\/28\\\/camino-de-los-bodegones-recorre-mercedes-con-una-propuesta-de-sabores-y-tradicion\\\/#breadcrumb\",\"itemListElement\":[{\"@type\":\"ListItem\",\"position\":1,\"name\":\"Portada\",\"item\":\"https:\\\/\\\/noticiasmercedinas.com\\\/site\\\/\"},{\"@type\":\"ListItem\",\"position\":2,\"name\":\"\u00abCamino de los Bodegones\u00bb recorre Mercedes con una propuesta de sabores y tradici\u00f3n\"}]},{\"@type\":\"WebSite\",\"@id\":\"https:\\\/\\\/noticiasmercedinas.com\\\/site\\\/#website\",\"url\":\"https:\\\/\\\/noticiasmercedinas.com\\\/site\\\/\",\"name\":\"NOTICIASMERCEDINAS.COM\",\"description\":\"Mercedes, Buenos Aires, Argentina\",\"publisher\":{\"@id\":\"https:\\\/\\\/noticiasmercedinas.com\\\/site\\\/#organization\"},\"potentialAction\":[{\"@type\":\"SearchAction\",\"target\":{\"@type\":\"EntryPoint\",\"urlTemplate\":\"https:\\\/\\\/noticiasmercedinas.com\\\/site\\\/?s={search_term_string}\"},\"query-input\":{\"@type\":\"PropertyValueSpecification\",\"valueRequired\":true,\"valueName\":\"search_term_string\"}}],\"inLanguage\":\"es\"},{\"@type\":\"Organization\",\"@id\":\"https:\\\/\\\/noticiasmercedinas.com\\\/site\\\/#organization\",\"name\":\"NOTICIASMERCEDINAS.COM\",\"url\":\"https:\\\/\\\/noticiasmercedinas.com\\\/site\\\/\",\"logo\":{\"@type\":\"ImageObject\",\"inLanguage\":\"es\",\"@id\":\"https:\\\/\\\/noticiasmercedinas.com\\\/site\\\/#\\\/schema\\\/logo\\\/image\\\/\",\"url\":\"https:\\\/\\\/noticiasmercedinas.com\\\/site\\\/wp-content\\\/uploads\\\/2020\\\/06\\\/LOGO-512.jpg\",\"contentUrl\":\"https:\\\/\\\/noticiasmercedinas.com\\\/site\\\/wp-content\\\/uploads\\\/2020\\\/06\\\/LOGO-512.jpg\",\"width\":512,\"height\":512,\"caption\":\"NOTICIASMERCEDINAS.COM\"},\"image\":{\"@id\":\"https:\\\/\\\/noticiasmercedinas.com\\\/site\\\/#\\\/schema\\\/logo\\\/image\\\/\"},\"sameAs\":[\"https:\\\/\\\/www.facebook.com\\\/noticiasmercedinas\\\/\",\"https:\\\/\\\/x.com\\\/notmercedinas\",\"https:\\\/\\\/www.instagram.com\\\/noticiasmercedinas\\\/\"]},{\"@type\":\"Person\",\"@id\":\"https:\\\/\\\/noticiasmercedinas.com\\\/site\\\/#\\\/schema\\\/person\\\/84b59c099c28ff2e8b77d4ceec5d8063\",\"name\":\"NOTICIASMERCEDINAS.COM\",\"image\":{\"@type\":\"ImageObject\",\"inLanguage\":\"es\",\"@id\":\"https:\\\/\\\/secure.gravatar.com\\\/avatar\\\/4dfbf16b4d17945bfb6341b2d19043457132fcf478a5ee04f42e959fd8f5df0a?s=96&d=mm&r=g\",\"url\":\"https:\\\/\\\/secure.gravatar.com\\\/avatar\\\/4dfbf16b4d17945bfb6341b2d19043457132fcf478a5ee04f42e959fd8f5df0a?s=96&d=mm&r=g\",\"contentUrl\":\"https:\\\/\\\/secure.gravatar.com\\\/avatar\\\/4dfbf16b4d17945bfb6341b2d19043457132fcf478a5ee04f42e959fd8f5df0a?s=96&d=mm&r=g\",\"caption\":\"NOTICIASMERCEDINAS.COM\"},\"url\":\"https:\\\/\\\/noticiasmercedinas.com\\\/site\\\/author\\\/anonimo\\\/\"}]}<\/script>\n<!-- \/ Yoast SEO plugin. -->","yoast_head_json":{"title":"\"Camino de los Bodegones\" recorre Mercedes con una propuesta de sabores y tradici\u00f3n","description":"\u25a0 Tras una exitosa apertura en Tom\u00e1s Jofr\u00e9, el ciclo gastron\u00f3mico-cultural se traslada este s\u00e1bado al casco urbano. La iniciativa busca dinamizar la econom\u00eda local mediante la articulaci\u00f3n entre el municipio y el sector privado.","robots":{"index":"index","follow":"follow","max-snippet":"max-snippet:-1","max-image-preview":"max-image-preview:large","max-video-preview":"max-video-preview:-1"},"canonical":"https:\/\/noticiasmercedinas.com\/site\/2026\/02\/28\/camino-de-los-bodegones-recorre-mercedes-con-una-propuesta-de-sabores-y-tradicion\/","og_locale":"es_ES","og_type":"article","og_title":"\"Camino de los Bodegones\" recorre Mercedes con una propuesta de sabores y tradici\u00f3n","og_description":"\u25a0 Tras una exitosa apertura en Tom\u00e1s Jofr\u00e9, el ciclo gastron\u00f3mico-cultural se traslada este s\u00e1bado al casco urbano. La iniciativa busca dinamizar la econom\u00eda local mediante la articulaci\u00f3n entre el municipio y el sector privado.","og_url":"https:\/\/noticiasmercedinas.com\/site\/2026\/02\/28\/camino-de-los-bodegones-recorre-mercedes-con-una-propuesta-de-sabores-y-tradicion\/","og_site_name":"NOTICIASMERCEDINAS.COM","article_publisher":"https:\/\/www.facebook.com\/noticiasmercedinas\/","article_published_time":"2026-02-28T14:35:40+00:00","og_image":[{"width":1066,"height":714,"url":"https:\/\/noticiasmercedinas.com\/site\/wp-content\/uploads\/2026\/02\/CA1-e1772289237747.jpg","type":"image\/jpeg"}],"author":"NOTICIASMERCEDINAS.COM","twitter_card":"summary_large_image","twitter_creator":"@notmercedinas","twitter_site":"@notmercedinas","twitter_misc":{"Escrito por":"NOTICIASMERCEDINAS.COM","Tiempo de lectura":"3 minutos"},"schema":{"@context":"https:\/\/schema.org","@graph":[{"@type":"Article","@id":"https:\/\/noticiasmercedinas.com\/site\/2026\/02\/28\/camino-de-los-bodegones-recorre-mercedes-con-una-propuesta-de-sabores-y-tradicion\/#article","isPartOf":{"@id":"https:\/\/noticiasmercedinas.com\/site\/2026\/02\/28\/camino-de-los-bodegones-recorre-mercedes-con-una-propuesta-de-sabores-y-tradicion\/"},"author":{"name":"NOTICIASMERCEDINAS.COM","@id":"https:\/\/noticiasmercedinas.com\/site\/#\/schema\/person\/84b59c099c28ff2e8b77d4ceec5d8063"},"headline":"\u00abCamino de los Bodegones\u00bb recorre Mercedes con una propuesta de sabores y tradici\u00f3n","datePublished":"2026-02-28T14:35:40+00:00","mainEntityOfPage":{"@id":"https:\/\/noticiasmercedinas.com\/site\/2026\/02\/28\/camino-de-los-bodegones-recorre-mercedes-con-una-propuesta-de-sabores-y-tradicion\/"},"wordCount":292,"publisher":{"@id":"https:\/\/noticiasmercedinas.com\/site\/#organization"},"image":{"@id":"https:\/\/noticiasmercedinas.com\/site\/2026\/02\/28\/camino-de-los-bodegones-recorre-mercedes-con-una-propuesta-de-sabores-y-tradicion\/#primaryimage"},"thumbnailUrl":"https:\/\/noticiasmercedinas.com\/site\/wp-content\/uploads\/2026\/02\/CA1-e1772289237747.jpg","keywords":["Bistr\u00f3","camino de los bodegones","Silvano"],"articleSection":["Cultura"],"inLanguage":"es"},{"@type":"WebPage","@id":"https:\/\/noticiasmercedinas.com\/site\/2026\/02\/28\/camino-de-los-bodegones-recorre-mercedes-con-una-propuesta-de-sabores-y-tradicion\/","url":"https:\/\/noticiasmercedinas.com\/site\/2026\/02\/28\/camino-de-los-bodegones-recorre-mercedes-con-una-propuesta-de-sabores-y-tradicion\/","name":"\"Camino de los Bodegones\" recorre Mercedes con una propuesta de sabores y tradici\u00f3n","isPartOf":{"@id":"https:\/\/noticiasmercedinas.com\/site\/#website"},"primaryImageOfPage":{"@id":"https:\/\/noticiasmercedinas.com\/site\/2026\/02\/28\/camino-de-los-bodegones-recorre-mercedes-con-una-propuesta-de-sabores-y-tradicion\/#primaryimage"},"image":{"@id":"https:\/\/noticiasmercedinas.com\/site\/2026\/02\/28\/camino-de-los-bodegones-recorre-mercedes-con-una-propuesta-de-sabores-y-tradicion\/#primaryimage"},"thumbnailUrl":"https:\/\/noticiasmercedinas.com\/site\/wp-content\/uploads\/2026\/02\/CA1-e1772289237747.jpg","datePublished":"2026-02-28T14:35:40+00:00","description":"\u25a0 Tras una exitosa apertura en Tom\u00e1s Jofr\u00e9, el ciclo gastron\u00f3mico-cultural se traslada este s\u00e1bado al casco urbano. La iniciativa busca dinamizar la econom\u00eda local mediante la articulaci\u00f3n entre el municipio y el sector privado.","breadcrumb":{"@id":"https:\/\/noticiasmercedinas.com\/site\/2026\/02\/28\/camino-de-los-bodegones-recorre-mercedes-con-una-propuesta-de-sabores-y-tradicion\/#breadcrumb"},"inLanguage":"es","potentialAction":[{"@type":"ReadAction","target":["https:\/\/noticiasmercedinas.com\/site\/2026\/02\/28\/camino-de-los-bodegones-recorre-mercedes-con-una-propuesta-de-sabores-y-tradicion\/"]}]},{"@type":"ImageObject","inLanguage":"es","@id":"https:\/\/noticiasmercedinas.com\/site\/2026\/02\/28\/camino-de-los-bodegones-recorre-mercedes-con-una-propuesta-de-sabores-y-tradicion\/#primaryimage","url":"https:\/\/noticiasmercedinas.com\/site\/wp-content\/uploads\/2026\/02\/CA1-e1772289237747.jpg","contentUrl":"https:\/\/noticiasmercedinas.com\/site\/wp-content\/uploads\/2026\/02\/CA1-e1772289237747.jpg","width":1066,"height":714},{"@type":"BreadcrumbList","@id":"https:\/\/noticiasmercedinas.com\/site\/2026\/02\/28\/camino-de-los-bodegones-recorre-mercedes-con-una-propuesta-de-sabores-y-tradicion\/#breadcrumb","itemListElement":[{"@type":"ListItem","position":1,"name":"Portada","item":"https:\/\/noticiasmercedinas.com\/site\/"},{"@type":"ListItem","position":2,"name":"\u00abCamino de los Bodegones\u00bb recorre Mercedes con una propuesta de sabores y tradici\u00f3n"}]},{"@type":"WebSite","@id":"https:\/\/noticiasmercedinas.com\/site\/#website","url":"https:\/\/noticiasmercedinas.com\/site\/","name":"NOTICIASMERCEDINAS.COM","description":"Mercedes, Buenos Aires, Argentina","publisher":{"@id":"https:\/\/noticiasmercedinas.com\/site\/#organization"},"potentialAction":[{"@type":"SearchAction","target":{"@type":"EntryPoint","urlTemplate":"https:\/\/noticiasmercedinas.com\/site\/?s={search_term_string}"},"query-input":{"@type":"PropertyValueSpecification","valueRequired":true,"valueName":"search_term_string"}}],"inLanguage":"es"},{"@type":"Organization","@id":"https:\/\/noticiasmercedinas.com\/site\/#organization","name":"NOTICIASMERCEDINAS.COM","url":"https:\/\/noticiasmercedinas.com\/site\/","logo":{"@type":"ImageObject","inLanguage":"es","@id":"https:\/\/noticiasmercedinas.com\/site\/#\/schema\/logo\/image\/","url":"https:\/\/noticiasmercedinas.com\/site\/wp-content\/uploads\/2020\/06\/LOGO-512.jpg","contentUrl":"https:\/\/noticiasmercedinas.com\/site\/wp-content\/uploads\/2020\/06\/LOGO-512.jpg","width":512,"height":512,"caption":"NOTICIASMERCEDINAS.COM"},"image":{"@id":"https:\/\/noticiasmercedinas.com\/site\/#\/schema\/logo\/image\/"},"sameAs":["https:\/\/www.facebook.com\/noticiasmercedinas\/","https:\/\/x.com\/notmercedinas","https:\/\/www.instagram.com\/noticiasmercedinas\/"]},{"@type":"Person","@id":"https:\/\/noticiasmercedinas.com\/site\/#\/schema\/person\/84b59c099c28ff2e8b77d4ceec5d8063","name":"NOTICIASMERCEDINAS.COM","image":{"@type":"ImageObject","inLanguage":"es","@id":"https:\/\/secure.gravatar.com\/avatar\/4dfbf16b4d17945bfb6341b2d19043457132fcf478a5ee04f42e959fd8f5df0a?s=96&d=mm&r=g","url":"https:\/\/secure.gravatar.com\/avatar\/4dfbf16b4d17945bfb6341b2d19043457132fcf478a5ee04f42e959fd8f5df0a?s=96&d=mm&r=g","contentUrl":"https:\/\/secure.gravatar.com\/avatar\/4dfbf16b4d17945bfb6341b2d19043457132fcf478a5ee04f42e959fd8f5df0a?s=96&d=mm&r=g","caption":"NOTICIASMERCEDINAS.COM"},"url":"https:\/\/noticiasmercedinas.com\/site\/author\/anonimo\/"}]}},"amp_enabled":true,"_links":{"self":[{"href":"https:\/\/noticiasmercedinas.com\/site\/wp-json\/wp\/v2\/posts\/180759","targetHints":{"allow":["GET"]}}],"collection":[{"href":"https:\/\/noticiasmercedinas.com\/site\/wp-json\/wp\/v2\/posts"}],"about":[{"href":"https:\/\/noticiasmercedinas.com\/site\/wp-json\/wp\/v2\/types\/post"}],"author":[{"embeddable":true,"href":"https:\/\/noticiasmercedinas.com\/site\/wp-json\/wp\/v2\/users\/16"}],"replies":[{"embeddable":true,"href":"https:\/\/noticiasmercedinas.com\/site\/wp-json\/wp\/v2\/comments?post=180759"}],"version-history":[{"count":1,"href":"https:\/\/noticiasmercedinas.com\/site\/wp-json\/wp\/v2\/posts\/180759\/revisions"}],"predecessor-version":[{"id":180763,"href":"https:\/\/noticiasmercedinas.com\/site\/wp-json\/wp\/v2\/posts\/180759\/revisions\/180763"}],"wp:featuredmedia":[{"embeddable":true,"href":"https:\/\/noticiasmercedinas.com\/site\/wp-json\/wp\/v2\/media\/180761"}],"wp:attachment":[{"href":"https:\/\/noticiasmercedinas.com\/site\/wp-json\/wp\/v2\/media?parent=180759"}],"wp:term":[{"taxonomy":"category","embeddable":true,"href":"https:\/\/noticiasmercedinas.com\/site\/wp-json\/wp\/v2\/categories?post=180759"},{"taxonomy":"post_tag","embeddable":true,"href":"https:\/\/noticiasmercedinas.com\/site\/wp-json\/wp\/v2\/tags?post=180759"}],"curies":[{"name":"wp","href":"https:\/\/api.w.org\/{rel}","templated":true}]}}